{"id":855,"date":"2014-10-07T00:00:00","date_gmt":"2014-10-07T00:00:00","guid":{"rendered":"https:\/\/ecodef-ihedn.fr\/economic-vs-strategic-constraints-the-asymmetric-behaviour-of-defense-spending-in-france\/"},"modified":"2020-04-09T13:43:51","modified_gmt":"2020-04-09T13:43:51","slug":"economic-vs-strategic-constraints-the-asymmetric-behaviour-of-defense-spending-in-france","status":"publish","type":"post","link":"https:\/\/ecodef-ihedn.fr\/en\/economic-vs-strategic-constraints-the-asymmetric-behaviour-of-defense-spending-in-france\/","title":{"rendered":"\u00abEconomic vs strategic constraints: the asymmetric behaviour of defence spending in France\u00bb.\u00bb"},"content":{"rendered":"<p style=\"text-align: left;\">Presentation by Julien Malizard at the Association Fran\u00e7aise de Science Economique (AFSE) conference held in Lyon from Monday 16 to Wednesday 18 June.<\/p>\n<p style=\"text-align: left;\"><em>\u00abThis article examines the main drivers of French defence expenditure between 1960 and 2010. France has to balance with two contradictory issues: strategic constraint and budgetary process. We assume that nonlinear approach is suitable to evaluate the demand function. Our results support latter assumption and we use time trend as transition function. Economic factors play a major role and considering the nonlinear pattern, we show that, before 1983, economic growth is inversely related to defence expenditure whereas the opposite occurs after this threshold. Strategic considerations exert a little impact.\u00bb<\/em><\/p>\n<p style=\"text-align: left;\"><a href=\"http:\/\/www.touteconomie.org\/afse2014\/index.php\/meeting2014\/lyon\/paper\/viewFile\/38\/19\" target=\"_blank\" rel=\"noopener noreferrer\">PDF of the speech<\/a><\/p>","protected":false},"excerpt":{"rendered":"<p>Pr\u00e9sentation de Julien Malizard, \u00e0 l&rsquo;occasion de la conf\u00e9rence de l&rsquo;Association Fran\u00e7aise de Science Economique (AFSE) qui s&rsquo;est d\u00e9roul\u00e9e \u00e0 Lyon, du lundi 16 au mercredi 18 juin. \u00ab\u00a0This article examines the main drivers of French defense expenditure between 1960 and 2010. France has to balance with two contradictory issues: strategic constraint and budgetary process. [&hellip;]<\/p>\n","protected":false},"author":1,"featured_media":564,"comment_status":"open","ping_status":"open","sticky":false,"template":"","format":"standard","meta":{"footnotes":""},"categories":[356],"tags":[],"class_list":{"0":"post-855","1":"post","2":"type-post","3":"status-publish","4":"format-standard","5":"has-post-thumbnail","7":"category-activites-participation-de-la-chaire-a-un-evenement"},"yoast_head":"<!-- This site is optimized with the Yoast SEO plugin v27.4 - https:\/\/yoast.com\/product\/yoast-seo-wordpress\/ -->\n<title>&quot;Economic vs strategic constraints : the Asymmetric behaviour of defense spending in France&quot; - Chaire \u00c9conomie de d\u00e9fense - IHEDN<\/title>\n<meta name=\"robots\" content=\"index, follow, max-snippet:-1, max-image-preview:large, max-video-preview:-1\" \/>\n<link rel=\"canonical\" href=\"https:\/\/ecodef-ihedn.fr\/en\/economic-vs-strategic-constraints-the-asymmetric-behaviour-of-defense-spending-in-france\/\" \/>\n<meta property=\"og:locale\" content=\"en_GB\" \/>\n<meta property=\"og:type\" content=\"article\" \/>\n<meta property=\"og:title\" content=\"&quot;Economic vs strategic constraints : the Asymmetric behaviour of defense spending in France&quot; - Chaire \u00c9conomie de d\u00e9fense - IHEDN\" \/>\n<meta property=\"og:description\" content=\"Pr\u00e9sentation de Julien Malizard, \u00e0 l&rsquo;occasion de la conf\u00e9rence de l&rsquo;Association Fran\u00e7aise de Science Economique (AFSE) qui s&rsquo;est d\u00e9roul\u00e9e \u00e0 Lyon, du lundi 16 au mercredi 18 juin. \u00ab\u00a0This article examines the main drivers of French defense expenditure between 1960 and 2010. France has to balance with two contradictory issues: strategic constraint and budgetary process. [&hellip;]\" \/>\n<meta property=\"og:url\" content=\"https:\/\/ecodef-ihedn.fr\/en\/economic-vs-strategic-constraints-the-asymmetric-behaviour-of-defense-spending-in-france\/\" \/>\n<meta property=\"og:site_name\" content=\"Chaire \u00c9conomie de d\u00e9fense - IHEDN\" \/>\n<meta property=\"article:published_time\" content=\"2014-10-07T00:00:00+00:00\" \/>\n<meta property=\"article:modified_time\" content=\"2020-04-09T13:43:51+00:00\" \/>\n<meta property=\"og:image\" content=\"https:\/\/ecodef-ihedn.fr\/wp-content\/uploads\/2020\/02\/ecole-militaire-paris-1.jpg\" \/>\n\t<meta property=\"og:image:width\" content=\"755\" \/>\n\t<meta property=\"og:image:height\" content=\"414\" \/>\n\t<meta property=\"og:image:type\" content=\"image\/jpeg\" \/>\n<meta name=\"author\" content=\"dev\" \/>\n<meta name=\"twitter:card\" content=\"summary_large_image\" \/>\n<meta name=\"twitter:creator\" content=\"@Chaire_Ecodef\" \/>\n<meta name=\"twitter:site\" content=\"@Chaire_Ecodef\" \/>\n<meta name=\"twitter:label1\" content=\"Written by\" \/>\n\t<meta name=\"twitter:data1\" content=\"dev\" \/>\n\t<meta name=\"twitter:label2\" content=\"Estimated reading time\" \/>\n\t<meta name=\"twitter:data2\" content=\"1 minute\" \/>\n<script type=\"application\/ld+json\" class=\"yoast-schema-graph\">{\"@context\":\"https:\\\/\\\/schema.org\",\"@graph\":[{\"@type\":\"Article\",\"@id\":\"https:\\\/\\\/ecodef-ihedn.fr\\\/economic-vs-strategic-constraints-the-asymmetric-behaviour-of-defense-spending-in-france\\\/#article\",\"isPartOf\":{\"@id\":\"https:\\\/\\\/ecodef-ihedn.fr\\\/economic-vs-strategic-constraints-the-asymmetric-behaviour-of-defense-spending-in-france\\\/\"},\"author\":{\"name\":\"dev\",\"@id\":\"https:\\\/\\\/ecodef-ihedn.fr\\\/#\\\/schema\\\/person\\\/7b3f1a2d8fd336e0be2f9ff63ff0ebbc\"},\"headline\":\"\u00ab\u00a0Economic vs strategic constraints : the Asymmetric behaviour of defense spending in France\u00a0\u00bb\",\"datePublished\":\"2014-10-07T00:00:00+00:00\",\"dateModified\":\"2020-04-09T13:43:51+00:00\",\"mainEntityOfPage\":{\"@id\":\"https:\\\/\\\/ecodef-ihedn.fr\\\/economic-vs-strategic-constraints-the-asymmetric-behaviour-of-defense-spending-in-france\\\/\"},\"wordCount\":134,\"commentCount\":0,\"publisher\":{\"@id\":\"https:\\\/\\\/ecodef-ihedn.fr\\\/#organization\"},\"image\":{\"@id\":\"https:\\\/\\\/ecodef-ihedn.fr\\\/economic-vs-strategic-constraints-the-asymmetric-behaviour-of-defense-spending-in-france\\\/#primaryimage\"},\"thumbnailUrl\":\"https:\\\/\\\/ecodef-ihedn.fr\\\/wp-content\\\/uploads\\\/2020\\\/02\\\/ecole-militaire-paris-1.jpg\",\"articleSection\":[\"Activit\u00e9s : participation de la Chaire \u00e0 un \u00e9v\u00e9nement\"],\"inLanguage\":\"en-GB\",\"potentialAction\":[{\"@type\":\"CommentAction\",\"name\":\"Comment\",\"target\":[\"https:\\\/\\\/ecodef-ihedn.fr\\\/economic-vs-strategic-constraints-the-asymmetric-behaviour-of-defense-spending-in-france\\\/#respond\"]}]},{\"@type\":\"WebPage\",\"@id\":\"https:\\\/\\\/ecodef-ihedn.fr\\\/economic-vs-strategic-constraints-the-asymmetric-behaviour-of-defense-spending-in-france\\\/\",\"url\":\"https:\\\/\\\/ecodef-ihedn.fr\\\/economic-vs-strategic-constraints-the-asymmetric-behaviour-of-defense-spending-in-france\\\/\",\"name\":\"\\\"Economic vs strategic constraints : the Asymmetric behaviour of defense spending in France\\\" - Chaire \u00c9conomie de d\u00e9fense - IHEDN\",\"isPartOf\":{\"@id\":\"https:\\\/\\\/ecodef-ihedn.fr\\\/#website\"},\"primaryImageOfPage\":{\"@id\":\"https:\\\/\\\/ecodef-ihedn.fr\\\/economic-vs-strategic-constraints-the-asymmetric-behaviour-of-defense-spending-in-france\\\/#primaryimage\"},\"image\":{\"@id\":\"https:\\\/\\\/ecodef-ihedn.fr\\\/economic-vs-strategic-constraints-the-asymmetric-behaviour-of-defense-spending-in-france\\\/#primaryimage\"},\"thumbnailUrl\":\"https:\\\/\\\/ecodef-ihedn.fr\\\/wp-content\\\/uploads\\\/2020\\\/02\\\/ecole-militaire-paris-1.jpg\",\"datePublished\":\"2014-10-07T00:00:00+00:00\",\"dateModified\":\"2020-04-09T13:43:51+00:00\",\"breadcrumb\":{\"@id\":\"https:\\\/\\\/ecodef-ihedn.fr\\\/economic-vs-strategic-constraints-the-asymmetric-behaviour-of-defense-spending-in-france\\\/#breadcrumb\"},\"inLanguage\":\"en-GB\",\"potentialAction\":[{\"@type\":\"ReadAction\",\"target\":[\"https:\\\/\\\/ecodef-ihedn.fr\\\/economic-vs-strategic-constraints-the-asymmetric-behaviour-of-defense-spending-in-france\\\/\"]}]},{\"@type\":\"ImageObject\",\"inLanguage\":\"en-GB\",\"@id\":\"https:\\\/\\\/ecodef-ihedn.fr\\\/economic-vs-strategic-constraints-the-asymmetric-behaviour-of-defense-spending-in-france\\\/#primaryimage\",\"url\":\"https:\\\/\\\/ecodef-ihedn.fr\\\/wp-content\\\/uploads\\\/2020\\\/02\\\/ecole-militaire-paris-1.jpg\",\"contentUrl\":\"https:\\\/\\\/ecodef-ihedn.fr\\\/wp-content\\\/uploads\\\/2020\\\/02\\\/ecole-militaire-paris-1.jpg\",\"width\":755,\"height\":414},{\"@type\":\"BreadcrumbList\",\"@id\":\"https:\\\/\\\/ecodef-ihedn.fr\\\/economic-vs-strategic-constraints-the-asymmetric-behaviour-of-defense-spending-in-france\\\/#breadcrumb\",\"itemListElement\":[{\"@type\":\"ListItem\",\"position\":1,\"name\":\"Accueil\",\"item\":\"https:\\\/\\\/ecodef-ihedn.fr\\\/\"},{\"@type\":\"ListItem\",\"position\":2,\"name\":\"&#8220;Economic vs strategic constraints : the Asymmetric behaviour of defense spending in France&#8221;\"}]},{\"@type\":\"WebSite\",\"@id\":\"https:\\\/\\\/ecodef-ihedn.fr\\\/#website\",\"url\":\"https:\\\/\\\/ecodef-ihedn.fr\\\/\",\"name\":\"Chaire \u00c9conomie de D\u00e9fense - IHEDN\",\"description\":\"Produire &amp; soutenir, f\u00e9d\u00e9rer &amp; diffuser, \u00eatre une interface\",\"publisher\":{\"@id\":\"https:\\\/\\\/ecodef-ihedn.fr\\\/#organization\"},\"potentialAction\":[{\"@type\":\"SearchAction\",\"target\":{\"@type\":\"EntryPoint\",\"urlTemplate\":\"https:\\\/\\\/ecodef-ihedn.fr\\\/?s={search_term_string}\"},\"query-input\":{\"@type\":\"PropertyValueSpecification\",\"valueRequired\":true,\"valueName\":\"search_term_string\"}}],\"inLanguage\":\"en-GB\"},{\"@type\":\"Organization\",\"@id\":\"https:\\\/\\\/ecodef-ihedn.fr\\\/#organization\",\"name\":\"Chaire \u00c9conomie de d\u00e9fense - IHEDN\",\"url\":\"https:\\\/\\\/ecodef-ihedn.fr\\\/\",\"logo\":{\"@type\":\"ImageObject\",\"inLanguage\":\"en-GB\",\"@id\":\"https:\\\/\\\/ecodef-ihedn.fr\\\/#\\\/schema\\\/logo\\\/image\\\/\",\"url\":\"https:\\\/\\\/ecodef-ihedn.fr\\\/wp-content\\\/uploads\\\/2020\\\/04\\\/logoEcodef9.jpg\",\"contentUrl\":\"https:\\\/\\\/ecodef-ihedn.fr\\\/wp-content\\\/uploads\\\/2020\\\/04\\\/logoEcodef9.jpg\",\"width\":410,\"height\":212,\"caption\":\"Chaire \u00c9conomie de d\u00e9fense - IHEDN\"},\"image\":{\"@id\":\"https:\\\/\\\/ecodef-ihedn.fr\\\/#\\\/schema\\\/logo\\\/image\\\/\"},\"sameAs\":[\"https:\\\/\\\/x.com\\\/Chaire_Ecodef\",\"https:\\\/\\\/www.linkedin.com\\\/company\\\/chaire-ecodef-ihedn\\\/\"]},{\"@type\":\"Person\",\"@id\":\"https:\\\/\\\/ecodef-ihedn.fr\\\/#\\\/schema\\\/person\\\/7b3f1a2d8fd336e0be2f9ff63ff0ebbc\",\"name\":\"dev\",\"image\":{\"@type\":\"ImageObject\",\"inLanguage\":\"en-GB\",\"@id\":\"https:\\\/\\\/secure.gravatar.com\\\/avatar\\\/f1ffcac9ca2fa95ad3ec33e9be3ade82f752acb0cabe541e56c5889225afa88a?s=96&d=mm&r=g\",\"url\":\"https:\\\/\\\/secure.gravatar.com\\\/avatar\\\/f1ffcac9ca2fa95ad3ec33e9be3ade82f752acb0cabe541e56c5889225afa88a?s=96&d=mm&r=g\",\"contentUrl\":\"https:\\\/\\\/secure.gravatar.com\\\/avatar\\\/f1ffcac9ca2fa95ad3ec33e9be3ade82f752acb0cabe541e56c5889225afa88a?s=96&d=mm&r=g\",\"caption\":\"dev\"},\"url\":\"https:\\\/\\\/ecodef-ihedn.fr\\\/en\\\/author\\\/dev\\\/\"}]}<\/script>\n<!-- \/ Yoast SEO plugin. -->","yoast_head_json":{"title":"\"Economic vs strategic constraints : the Asymmetric behaviour of defense spending in France\" - Chaire \u00c9conomie de d\u00e9fense - IHEDN","robots":{"index":"index","follow":"follow","max-snippet":"max-snippet:-1","max-image-preview":"max-image-preview:large","max-video-preview":"max-video-preview:-1"},"canonical":"https:\/\/ecodef-ihedn.fr\/en\/economic-vs-strategic-constraints-the-asymmetric-behaviour-of-defense-spending-in-france\/","og_locale":"en_GB","og_type":"article","og_title":"\"Economic vs strategic constraints : the Asymmetric behaviour of defense spending in France\" - Chaire \u00c9conomie de d\u00e9fense - IHEDN","og_description":"Pr\u00e9sentation de Julien Malizard, \u00e0 l&rsquo;occasion de la conf\u00e9rence de l&rsquo;Association Fran\u00e7aise de Science Economique (AFSE) qui s&rsquo;est d\u00e9roul\u00e9e \u00e0 Lyon, du lundi 16 au mercredi 18 juin. \u00ab\u00a0This article examines the main drivers of French defense expenditure between 1960 and 2010. France has to balance with two contradictory issues: strategic constraint and budgetary process. [&hellip;]","og_url":"https:\/\/ecodef-ihedn.fr\/en\/economic-vs-strategic-constraints-the-asymmetric-behaviour-of-defense-spending-in-france\/","og_site_name":"Chaire \u00c9conomie de d\u00e9fense - IHEDN","article_published_time":"2014-10-07T00:00:00+00:00","article_modified_time":"2020-04-09T13:43:51+00:00","og_image":[{"width":755,"height":414,"url":"https:\/\/ecodef-ihedn.fr\/wp-content\/uploads\/2020\/02\/ecole-militaire-paris-1.jpg","type":"image\/jpeg"}],"author":"dev","twitter_card":"summary_large_image","twitter_creator":"@Chaire_Ecodef","twitter_site":"@Chaire_Ecodef","twitter_misc":{"Written by":"dev","Estimated reading time":"1 minute"},"schema":{"@context":"https:\/\/schema.org","@graph":[{"@type":"Article","@id":"https:\/\/ecodef-ihedn.fr\/economic-vs-strategic-constraints-the-asymmetric-behaviour-of-defense-spending-in-france\/#article","isPartOf":{"@id":"https:\/\/ecodef-ihedn.fr\/economic-vs-strategic-constraints-the-asymmetric-behaviour-of-defense-spending-in-france\/"},"author":{"name":"dev","@id":"https:\/\/ecodef-ihedn.fr\/#\/schema\/person\/7b3f1a2d8fd336e0be2f9ff63ff0ebbc"},"headline":"\u00ab\u00a0Economic vs strategic constraints : the Asymmetric behaviour of defense spending in France\u00a0\u00bb","datePublished":"2014-10-07T00:00:00+00:00","dateModified":"2020-04-09T13:43:51+00:00","mainEntityOfPage":{"@id":"https:\/\/ecodef-ihedn.fr\/economic-vs-strategic-constraints-the-asymmetric-behaviour-of-defense-spending-in-france\/"},"wordCount":134,"commentCount":0,"publisher":{"@id":"https:\/\/ecodef-ihedn.fr\/#organization"},"image":{"@id":"https:\/\/ecodef-ihedn.fr\/economic-vs-strategic-constraints-the-asymmetric-behaviour-of-defense-spending-in-france\/#primaryimage"},"thumbnailUrl":"https:\/\/ecodef-ihedn.fr\/wp-content\/uploads\/2020\/02\/ecole-militaire-paris-1.jpg","articleSection":["Activit\u00e9s : participation de la Chaire \u00e0 un \u00e9v\u00e9nement"],"inLanguage":"en-GB","potentialAction":[{"@type":"CommentAction","name":"Comment","target":["https:\/\/ecodef-ihedn.fr\/economic-vs-strategic-constraints-the-asymmetric-behaviour-of-defense-spending-in-france\/#respond"]}]},{"@type":"WebPage","@id":"https:\/\/ecodef-ihedn.fr\/economic-vs-strategic-constraints-the-asymmetric-behaviour-of-defense-spending-in-france\/","url":"https:\/\/ecodef-ihedn.fr\/economic-vs-strategic-constraints-the-asymmetric-behaviour-of-defense-spending-in-france\/","name":"\"Economic vs strategic constraints : the Asymmetric behaviour of defense spending in France\" - Chaire \u00c9conomie de d\u00e9fense - IHEDN","isPartOf":{"@id":"https:\/\/ecodef-ihedn.fr\/#website"},"primaryImageOfPage":{"@id":"https:\/\/ecodef-ihedn.fr\/economic-vs-strategic-constraints-the-asymmetric-behaviour-of-defense-spending-in-france\/#primaryimage"},"image":{"@id":"https:\/\/ecodef-ihedn.fr\/economic-vs-strategic-constraints-the-asymmetric-behaviour-of-defense-spending-in-france\/#primaryimage"},"thumbnailUrl":"https:\/\/ecodef-ihedn.fr\/wp-content\/uploads\/2020\/02\/ecole-militaire-paris-1.jpg","datePublished":"2014-10-07T00:00:00+00:00","dateModified":"2020-04-09T13:43:51+00:00","breadcrumb":{"@id":"https:\/\/ecodef-ihedn.fr\/economic-vs-strategic-constraints-the-asymmetric-behaviour-of-defense-spending-in-france\/#breadcrumb"},"inLanguage":"en-GB","potentialAction":[{"@type":"ReadAction","target":["https:\/\/ecodef-ihedn.fr\/economic-vs-strategic-constraints-the-asymmetric-behaviour-of-defense-spending-in-france\/"]}]},{"@type":"ImageObject","inLanguage":"en-GB","@id":"https:\/\/ecodef-ihedn.fr\/economic-vs-strategic-constraints-the-asymmetric-behaviour-of-defense-spending-in-france\/#primaryimage","url":"https:\/\/ecodef-ihedn.fr\/wp-content\/uploads\/2020\/02\/ecole-militaire-paris-1.jpg","contentUrl":"https:\/\/ecodef-ihedn.fr\/wp-content\/uploads\/2020\/02\/ecole-militaire-paris-1.jpg","width":755,"height":414},{"@type":"BreadcrumbList","@id":"https:\/\/ecodef-ihedn.fr\/economic-vs-strategic-constraints-the-asymmetric-behaviour-of-defense-spending-in-france\/#breadcrumb","itemListElement":[{"@type":"ListItem","position":1,"name":"Accueil","item":"https:\/\/ecodef-ihedn.fr\/"},{"@type":"ListItem","position":2,"name":"&#8220;Economic vs strategic constraints : the Asymmetric behaviour of defense spending in France&#8221;"}]},{"@type":"WebSite","@id":"https:\/\/ecodef-ihedn.fr\/#website","url":"https:\/\/ecodef-ihedn.fr\/","name":"Chair in Defence Economics - IHEDN","description":"Produce &amp; support, federate &amp; disseminate, act as an interface","publisher":{"@id":"https:\/\/ecodef-ihedn.fr\/#organization"},"potentialAction":[{"@type":"SearchAction","target":{"@type":"EntryPoint","urlTemplate":"https:\/\/ecodef-ihedn.fr\/?s={search_term_string}"},"query-input":{"@type":"PropertyValueSpecification","valueRequired":true,"valueName":"search_term_string"}}],"inLanguage":"en-GB"},{"@type":"Organization","@id":"https:\/\/ecodef-ihedn.fr\/#organization","name":"Chair in Defence Economics - IHEDN","url":"https:\/\/ecodef-ihedn.fr\/","logo":{"@type":"ImageObject","inLanguage":"en-GB","@id":"https:\/\/ecodef-ihedn.fr\/#\/schema\/logo\/image\/","url":"https:\/\/ecodef-ihedn.fr\/wp-content\/uploads\/2020\/04\/logoEcodef9.jpg","contentUrl":"https:\/\/ecodef-ihedn.fr\/wp-content\/uploads\/2020\/04\/logoEcodef9.jpg","width":410,"height":212,"caption":"Chaire \u00c9conomie de d\u00e9fense - IHEDN"},"image":{"@id":"https:\/\/ecodef-ihedn.fr\/#\/schema\/logo\/image\/"},"sameAs":["https:\/\/x.com\/Chaire_Ecodef","https:\/\/www.linkedin.com\/company\/chaire-ecodef-ihedn\/"]},{"@type":"Person","@id":"https:\/\/ecodef-ihedn.fr\/#\/schema\/person\/7b3f1a2d8fd336e0be2f9ff63ff0ebbc","name":"dev","image":{"@type":"ImageObject","inLanguage":"en-GB","@id":"https:\/\/secure.gravatar.com\/avatar\/f1ffcac9ca2fa95ad3ec33e9be3ade82f752acb0cabe541e56c5889225afa88a?s=96&d=mm&r=g","url":"https:\/\/secure.gravatar.com\/avatar\/f1ffcac9ca2fa95ad3ec33e9be3ade82f752acb0cabe541e56c5889225afa88a?s=96&d=mm&r=g","contentUrl":"https:\/\/secure.gravatar.com\/avatar\/f1ffcac9ca2fa95ad3ec33e9be3ade82f752acb0cabe541e56c5889225afa88a?s=96&d=mm&r=g","caption":"dev"},"url":"https:\/\/ecodef-ihedn.fr\/en\/author\/dev\/"}]}},"_links":{"self":[{"href":"https:\/\/ecodef-ihedn.fr\/en\/wp-json\/wp\/v2\/posts\/855","targetHints":{"allow":["GET"]}}],"collection":[{"href":"https:\/\/ecodef-ihedn.fr\/en\/wp-json\/wp\/v2\/posts"}],"about":[{"href":"https:\/\/ecodef-ihedn.fr\/en\/wp-json\/wp\/v2\/types\/post"}],"author":[{"embeddable":true,"href":"https:\/\/ecodef-ihedn.fr\/en\/wp-json\/wp\/v2\/users\/1"}],"replies":[{"embeddable":true,"href":"https:\/\/ecodef-ihedn.fr\/en\/wp-json\/wp\/v2\/comments?post=855"}],"version-history":[{"count":1,"href":"https:\/\/ecodef-ihedn.fr\/en\/wp-json\/wp\/v2\/posts\/855\/revisions"}],"predecessor-version":[{"id":1226,"href":"https:\/\/ecodef-ihedn.fr\/en\/wp-json\/wp\/v2\/posts\/855\/revisions\/1226"}],"wp:featuredmedia":[{"embeddable":true,"href":"https:\/\/ecodef-ihedn.fr\/en\/wp-json\/wp\/v2\/media\/564"}],"wp:attachment":[{"href":"https:\/\/ecodef-ihedn.fr\/en\/wp-json\/wp\/v2\/media?parent=855"}],"wp:term":[{"taxonomy":"category","embeddable":true,"href":"https:\/\/ecodef-ihedn.fr\/en\/wp-json\/wp\/v2\/categories?post=855"},{"taxonomy":"post_tag","embeddable":true,"href":"https:\/\/ecodef-ihedn.fr\/en\/wp-json\/wp\/v2\/tags?post=855"}],"curies":[{"name":"wp","href":"https:\/\/api.w.org\/{rel}","templated":true}]}}