{"id":867,"date":"2014-11-18T00:00:00","date_gmt":"2014-11-18T00:00:00","guid":{"rendered":"https:\/\/ecodef-ihedn.fr\/lindustrie-francaise-de-defense-claude-serfati\/"},"modified":"2020-04-30T10:54:42","modified_gmt":"2020-04-30T10:54:42","slug":"lindustrie-francaise-de-defense-claude-serfati","status":"publish","type":"post","link":"https:\/\/ecodef-ihedn.fr\/en\/lindustrie-francaise-de-defense-claude-serfati\/","title":{"rendered":"The French defence industry - Claude Serfati"},"content":{"rendered":"<p>Published by La Documentation fran\u00e7aise, October 2014.<\/p>\n<p><img loading=\"lazy\" decoding=\"async\" id=\"il_fi\" src=\"https:\/\/ecodef-ihedn.fr\/wp-content\/uploads\/2020\/04\/images.jpeg\" alt=\"\" width=\"128\" height=\"192\" \/><\/p>\n<p style=\"text-align: justify;\"><span style=\"text-decoration: underline;\">Back cover<\/span> :<\/p>\n<p style=\"text-align: justify;\">Little is known about the French defence industry. Yet it occupies an important place in the production system, and the major defence industrial groups have played a major role in the technology policy pursued since the late 1950s. It remains one of France's flagships on international markets, at a time when the worrying decline in its manufacturing industry is becoming a topic of debate in public policy.<\/p>\n<p style=\"text-align: justify;\">In the geo-economic context that has prevailed since the early 2000s, the challenges of national security open up major prospects for defence groups, which can find a \u00abgrowth relay\u00bb.<\/p>\n<p style=\"text-align: justify;\">The prospects and limits of international cooperation, as well as the volume of arms exports and the specific conditions under which they are implemented, are also analysed.<\/p>\n<p style=\"text-align: justify;\">This book is intended to contribute to the necessary reflection on the place of the defence industry in the French economy.<\/p>\n<p style=\"text-align: justify;\">","protected":false},"excerpt":{"rendered":"<p>Ouvrage \u00e9dit\u00e9 par La Documentation fran\u00e7aise, en octobre 2014. Quatri\u00e8me de couverture : L&rsquo;industrie fran\u00e7aise de d\u00e9fense est peu connue. Or, elle occupe une place importante dans le syst\u00e8me productif et les grands groupes industriels de d\u00e9fense sont tr\u00e8s pr\u00e9sents dans la politique technologique conduite depuis la fin des ann\u00e9es 1950. Elle demeure un des [&hellip;]<\/p>\n","protected":false},"author":1,"featured_media":868,"comment_status":"open","ping_status":"open","sticky":false,"template":"","format":"standard","meta":{"footnotes":""},"categories":[360],"tags":[],"class_list":{"0":"post-867","1":"post","2":"type-post","3":"status-publish","4":"format-standard","5":"has-post-thumbnail","7":"category-actualites-du-reseau"},"yoast_head":"<!-- This site is optimized with the Yoast SEO plugin v27.4 - https:\/\/yoast.com\/product\/yoast-seo-wordpress\/ -->\n<title>L&#039;industrie fran\u00e7aise de d\u00e9fense - Claude Serfati - Chaire \u00c9conomie de d\u00e9fense - IHEDN<\/title>\n<meta name=\"robots\" content=\"index, follow, max-snippet:-1, max-image-preview:large, max-video-preview:-1\" \/>\n<link rel=\"canonical\" href=\"https:\/\/ecodef-ihedn.fr\/en\/lindustrie-francaise-de-defense-claude-serfati\/\" \/>\n<meta property=\"og:locale\" content=\"en_GB\" \/>\n<meta property=\"og:type\" content=\"article\" \/>\n<meta property=\"og:title\" content=\"L&#039;industrie fran\u00e7aise de d\u00e9fense - Claude Serfati - Chaire \u00c9conomie de d\u00e9fense - IHEDN\" \/>\n<meta property=\"og:description\" content=\"Ouvrage \u00e9dit\u00e9 par La Documentation fran\u00e7aise, en octobre 2014. Quatri\u00e8me de couverture : L&rsquo;industrie fran\u00e7aise de d\u00e9fense est peu connue. Or, elle occupe une place importante dans le syst\u00e8me productif et les grands groupes industriels de d\u00e9fense sont tr\u00e8s pr\u00e9sents dans la politique technologique conduite depuis la fin des ann\u00e9es 1950. Elle demeure un des [&hellip;]\" \/>\n<meta property=\"og:url\" content=\"https:\/\/ecodef-ihedn.fr\/en\/lindustrie-francaise-de-defense-claude-serfati\/\" \/>\n<meta property=\"og:site_name\" content=\"Chaire \u00c9conomie de d\u00e9fense - IHEDN\" \/>\n<meta property=\"article:published_time\" content=\"2014-11-18T00:00:00+00:00\" \/>\n<meta property=\"article:modified_time\" content=\"2020-04-30T10:54:42+00:00\" \/>\n<meta property=\"og:image\" content=\"https:\/\/ecodef-ihedn.fr\/wp-content\/uploads\/2020\/04\/images.jpeg\" \/>\n\t<meta property=\"og:image:width\" content=\"161\" \/>\n\t<meta property=\"og:image:height\" content=\"240\" \/>\n\t<meta property=\"og:image:type\" content=\"image\/jpeg\" \/>\n<meta name=\"author\" content=\"dev\" \/>\n<meta name=\"twitter:card\" content=\"summary_large_image\" \/>\n<meta name=\"twitter:creator\" content=\"@Chaire_Ecodef\" \/>\n<meta name=\"twitter:site\" content=\"@Chaire_Ecodef\" \/>\n<meta name=\"twitter:label1\" content=\"Written by\" \/>\n\t<meta name=\"twitter:data1\" content=\"dev\" \/>\n\t<meta name=\"twitter:label2\" content=\"Estimated reading time\" \/>\n\t<meta name=\"twitter:data2\" content=\"1 minute\" \/>\n<script type=\"application\/ld+json\" class=\"yoast-schema-graph\">{\"@context\":\"https:\\\/\\\/schema.org\",\"@graph\":[{\"@type\":\"Article\",\"@id\":\"https:\\\/\\\/ecodef-ihedn.fr\\\/lindustrie-francaise-de-defense-claude-serfati\\\/#article\",\"isPartOf\":{\"@id\":\"https:\\\/\\\/ecodef-ihedn.fr\\\/lindustrie-francaise-de-defense-claude-serfati\\\/\"},\"author\":{\"name\":\"dev\",\"@id\":\"https:\\\/\\\/ecodef-ihedn.fr\\\/#\\\/schema\\\/person\\\/7b3f1a2d8fd336e0be2f9ff63ff0ebbc\"},\"headline\":\"L&rsquo;industrie fran\u00e7aise de d\u00e9fense &#8211; Claude Serfati\",\"datePublished\":\"2014-11-18T00:00:00+00:00\",\"dateModified\":\"2020-04-30T10:54:42+00:00\",\"mainEntityOfPage\":{\"@id\":\"https:\\\/\\\/ecodef-ihedn.fr\\\/lindustrie-francaise-de-defense-claude-serfati\\\/\"},\"wordCount\":236,\"commentCount\":0,\"publisher\":{\"@id\":\"https:\\\/\\\/ecodef-ihedn.fr\\\/#organization\"},\"image\":{\"@id\":\"https:\\\/\\\/ecodef-ihedn.fr\\\/lindustrie-francaise-de-defense-claude-serfati\\\/#primaryimage\"},\"thumbnailUrl\":\"https:\\\/\\\/ecodef-ihedn.fr\\\/wp-content\\\/uploads\\\/2020\\\/04\\\/images.jpeg\",\"articleSection\":[\"Actualit\u00e9s du r\u00e9seau\"],\"inLanguage\":\"en-GB\",\"potentialAction\":[{\"@type\":\"CommentAction\",\"name\":\"Comment\",\"target\":[\"https:\\\/\\\/ecodef-ihedn.fr\\\/lindustrie-francaise-de-defense-claude-serfati\\\/#respond\"]}]},{\"@type\":\"WebPage\",\"@id\":\"https:\\\/\\\/ecodef-ihedn.fr\\\/lindustrie-francaise-de-defense-claude-serfati\\\/\",\"url\":\"https:\\\/\\\/ecodef-ihedn.fr\\\/lindustrie-francaise-de-defense-claude-serfati\\\/\",\"name\":\"L'industrie fran\u00e7aise de d\u00e9fense - Claude Serfati - Chaire \u00c9conomie de d\u00e9fense - IHEDN\",\"isPartOf\":{\"@id\":\"https:\\\/\\\/ecodef-ihedn.fr\\\/#website\"},\"primaryImageOfPage\":{\"@id\":\"https:\\\/\\\/ecodef-ihedn.fr\\\/lindustrie-francaise-de-defense-claude-serfati\\\/#primaryimage\"},\"image\":{\"@id\":\"https:\\\/\\\/ecodef-ihedn.fr\\\/lindustrie-francaise-de-defense-claude-serfati\\\/#primaryimage\"},\"thumbnailUrl\":\"https:\\\/\\\/ecodef-ihedn.fr\\\/wp-content\\\/uploads\\\/2020\\\/04\\\/images.jpeg\",\"datePublished\":\"2014-11-18T00:00:00+00:00\",\"dateModified\":\"2020-04-30T10:54:42+00:00\",\"breadcrumb\":{\"@id\":\"https:\\\/\\\/ecodef-ihedn.fr\\\/lindustrie-francaise-de-defense-claude-serfati\\\/#breadcrumb\"},\"inLanguage\":\"en-GB\",\"potentialAction\":[{\"@type\":\"ReadAction\",\"target\":[\"https:\\\/\\\/ecodef-ihedn.fr\\\/lindustrie-francaise-de-defense-claude-serfati\\\/\"]}]},{\"@type\":\"ImageObject\",\"inLanguage\":\"en-GB\",\"@id\":\"https:\\\/\\\/ecodef-ihedn.fr\\\/lindustrie-francaise-de-defense-claude-serfati\\\/#primaryimage\",\"url\":\"https:\\\/\\\/ecodef-ihedn.fr\\\/wp-content\\\/uploads\\\/2020\\\/04\\\/images.jpeg\",\"contentUrl\":\"https:\\\/\\\/ecodef-ihedn.fr\\\/wp-content\\\/uploads\\\/2020\\\/04\\\/images.jpeg\",\"width\":161,\"height\":240},{\"@type\":\"BreadcrumbList\",\"@id\":\"https:\\\/\\\/ecodef-ihedn.fr\\\/lindustrie-francaise-de-defense-claude-serfati\\\/#breadcrumb\",\"itemListElement\":[{\"@type\":\"ListItem\",\"position\":1,\"name\":\"Accueil\",\"item\":\"https:\\\/\\\/ecodef-ihedn.fr\\\/\"},{\"@type\":\"ListItem\",\"position\":2,\"name\":\"L&#8217;industrie fran\u00e7aise de d\u00e9fense &#8211; Claude Serfati\"}]},{\"@type\":\"WebSite\",\"@id\":\"https:\\\/\\\/ecodef-ihedn.fr\\\/#website\",\"url\":\"https:\\\/\\\/ecodef-ihedn.fr\\\/\",\"name\":\"Chaire \u00c9conomie de D\u00e9fense - IHEDN\",\"description\":\"Produire &amp; soutenir, f\u00e9d\u00e9rer &amp; diffuser, \u00eatre une interface\",\"publisher\":{\"@id\":\"https:\\\/\\\/ecodef-ihedn.fr\\\/#organization\"},\"potentialAction\":[{\"@type\":\"SearchAction\",\"target\":{\"@type\":\"EntryPoint\",\"urlTemplate\":\"https:\\\/\\\/ecodef-ihedn.fr\\\/?s={search_term_string}\"},\"query-input\":{\"@type\":\"PropertyValueSpecification\",\"valueRequired\":true,\"valueName\":\"search_term_string\"}}],\"inLanguage\":\"en-GB\"},{\"@type\":\"Organization\",\"@id\":\"https:\\\/\\\/ecodef-ihedn.fr\\\/#organization\",\"name\":\"Chaire \u00c9conomie de d\u00e9fense - IHEDN\",\"url\":\"https:\\\/\\\/ecodef-ihedn.fr\\\/\",\"logo\":{\"@type\":\"ImageObject\",\"inLanguage\":\"en-GB\",\"@id\":\"https:\\\/\\\/ecodef-ihedn.fr\\\/#\\\/schema\\\/logo\\\/image\\\/\",\"url\":\"https:\\\/\\\/ecodef-ihedn.fr\\\/wp-content\\\/uploads\\\/2020\\\/04\\\/logoEcodef9.jpg\",\"contentUrl\":\"https:\\\/\\\/ecodef-ihedn.fr\\\/wp-content\\\/uploads\\\/2020\\\/04\\\/logoEcodef9.jpg\",\"width\":410,\"height\":212,\"caption\":\"Chaire \u00c9conomie de d\u00e9fense - IHEDN\"},\"image\":{\"@id\":\"https:\\\/\\\/ecodef-ihedn.fr\\\/#\\\/schema\\\/logo\\\/image\\\/\"},\"sameAs\":[\"https:\\\/\\\/x.com\\\/Chaire_Ecodef\",\"https:\\\/\\\/www.linkedin.com\\\/company\\\/chaire-ecodef-ihedn\\\/\"]},{\"@type\":\"Person\",\"@id\":\"https:\\\/\\\/ecodef-ihedn.fr\\\/#\\\/schema\\\/person\\\/7b3f1a2d8fd336e0be2f9ff63ff0ebbc\",\"name\":\"dev\",\"image\":{\"@type\":\"ImageObject\",\"inLanguage\":\"en-GB\",\"@id\":\"https:\\\/\\\/secure.gravatar.com\\\/avatar\\\/f1ffcac9ca2fa95ad3ec33e9be3ade82f752acb0cabe541e56c5889225afa88a?s=96&d=mm&r=g\",\"url\":\"https:\\\/\\\/secure.gravatar.com\\\/avatar\\\/f1ffcac9ca2fa95ad3ec33e9be3ade82f752acb0cabe541e56c5889225afa88a?s=96&d=mm&r=g\",\"contentUrl\":\"https:\\\/\\\/secure.gravatar.com\\\/avatar\\\/f1ffcac9ca2fa95ad3ec33e9be3ade82f752acb0cabe541e56c5889225afa88a?s=96&d=mm&r=g\",\"caption\":\"dev\"},\"url\":\"https:\\\/\\\/ecodef-ihedn.fr\\\/en\\\/author\\\/dev\\\/\"}]}<\/script>\n<!-- \/ Yoast SEO plugin. -->","yoast_head_json":{"title":"L'industrie fran\u00e7aise de d\u00e9fense - Claude Serfati - Chaire \u00c9conomie de d\u00e9fense - IHEDN","robots":{"index":"index","follow":"follow","max-snippet":"max-snippet:-1","max-image-preview":"max-image-preview:large","max-video-preview":"max-video-preview:-1"},"canonical":"https:\/\/ecodef-ihedn.fr\/en\/lindustrie-francaise-de-defense-claude-serfati\/","og_locale":"en_GB","og_type":"article","og_title":"L'industrie fran\u00e7aise de d\u00e9fense - Claude Serfati - Chaire \u00c9conomie de d\u00e9fense - IHEDN","og_description":"Ouvrage \u00e9dit\u00e9 par La Documentation fran\u00e7aise, en octobre 2014. Quatri\u00e8me de couverture : L&rsquo;industrie fran\u00e7aise de d\u00e9fense est peu connue. Or, elle occupe une place importante dans le syst\u00e8me productif et les grands groupes industriels de d\u00e9fense sont tr\u00e8s pr\u00e9sents dans la politique technologique conduite depuis la fin des ann\u00e9es 1950. Elle demeure un des [&hellip;]","og_url":"https:\/\/ecodef-ihedn.fr\/en\/lindustrie-francaise-de-defense-claude-serfati\/","og_site_name":"Chaire \u00c9conomie de d\u00e9fense - IHEDN","article_published_time":"2014-11-18T00:00:00+00:00","article_modified_time":"2020-04-30T10:54:42+00:00","og_image":[{"width":161,"height":240,"url":"https:\/\/ecodef-ihedn.fr\/wp-content\/uploads\/2020\/04\/images.jpeg","type":"image\/jpeg"}],"author":"dev","twitter_card":"summary_large_image","twitter_creator":"@Chaire_Ecodef","twitter_site":"@Chaire_Ecodef","twitter_misc":{"Written by":"dev","Estimated reading time":"1 minute"},"schema":{"@context":"https:\/\/schema.org","@graph":[{"@type":"Article","@id":"https:\/\/ecodef-ihedn.fr\/lindustrie-francaise-de-defense-claude-serfati\/#article","isPartOf":{"@id":"https:\/\/ecodef-ihedn.fr\/lindustrie-francaise-de-defense-claude-serfati\/"},"author":{"name":"dev","@id":"https:\/\/ecodef-ihedn.fr\/#\/schema\/person\/7b3f1a2d8fd336e0be2f9ff63ff0ebbc"},"headline":"L&rsquo;industrie fran\u00e7aise de d\u00e9fense &#8211; Claude Serfati","datePublished":"2014-11-18T00:00:00+00:00","dateModified":"2020-04-30T10:54:42+00:00","mainEntityOfPage":{"@id":"https:\/\/ecodef-ihedn.fr\/lindustrie-francaise-de-defense-claude-serfati\/"},"wordCount":236,"commentCount":0,"publisher":{"@id":"https:\/\/ecodef-ihedn.fr\/#organization"},"image":{"@id":"https:\/\/ecodef-ihedn.fr\/lindustrie-francaise-de-defense-claude-serfati\/#primaryimage"},"thumbnailUrl":"https:\/\/ecodef-ihedn.fr\/wp-content\/uploads\/2020\/04\/images.jpeg","articleSection":["Actualit\u00e9s du r\u00e9seau"],"inLanguage":"en-GB","potentialAction":[{"@type":"CommentAction","name":"Comment","target":["https:\/\/ecodef-ihedn.fr\/lindustrie-francaise-de-defense-claude-serfati\/#respond"]}]},{"@type":"WebPage","@id":"https:\/\/ecodef-ihedn.fr\/lindustrie-francaise-de-defense-claude-serfati\/","url":"https:\/\/ecodef-ihedn.fr\/lindustrie-francaise-de-defense-claude-serfati\/","name":"L'industrie fran\u00e7aise de d\u00e9fense - Claude Serfati - Chaire \u00c9conomie de d\u00e9fense - IHEDN","isPartOf":{"@id":"https:\/\/ecodef-ihedn.fr\/#website"},"primaryImageOfPage":{"@id":"https:\/\/ecodef-ihedn.fr\/lindustrie-francaise-de-defense-claude-serfati\/#primaryimage"},"image":{"@id":"https:\/\/ecodef-ihedn.fr\/lindustrie-francaise-de-defense-claude-serfati\/#primaryimage"},"thumbnailUrl":"https:\/\/ecodef-ihedn.fr\/wp-content\/uploads\/2020\/04\/images.jpeg","datePublished":"2014-11-18T00:00:00+00:00","dateModified":"2020-04-30T10:54:42+00:00","breadcrumb":{"@id":"https:\/\/ecodef-ihedn.fr\/lindustrie-francaise-de-defense-claude-serfati\/#breadcrumb"},"inLanguage":"en-GB","potentialAction":[{"@type":"ReadAction","target":["https:\/\/ecodef-ihedn.fr\/lindustrie-francaise-de-defense-claude-serfati\/"]}]},{"@type":"ImageObject","inLanguage":"en-GB","@id":"https:\/\/ecodef-ihedn.fr\/lindustrie-francaise-de-defense-claude-serfati\/#primaryimage","url":"https:\/\/ecodef-ihedn.fr\/wp-content\/uploads\/2020\/04\/images.jpeg","contentUrl":"https:\/\/ecodef-ihedn.fr\/wp-content\/uploads\/2020\/04\/images.jpeg","width":161,"height":240},{"@type":"BreadcrumbList","@id":"https:\/\/ecodef-ihedn.fr\/lindustrie-francaise-de-defense-claude-serfati\/#breadcrumb","itemListElement":[{"@type":"ListItem","position":1,"name":"Accueil","item":"https:\/\/ecodef-ihedn.fr\/"},{"@type":"ListItem","position":2,"name":"L&#8217;industrie fran\u00e7aise de d\u00e9fense &#8211; Claude Serfati"}]},{"@type":"WebSite","@id":"https:\/\/ecodef-ihedn.fr\/#website","url":"https:\/\/ecodef-ihedn.fr\/","name":"Chair in Defence Economics - IHEDN","description":"Produce &amp; support, federate &amp; disseminate, act as an interface","publisher":{"@id":"https:\/\/ecodef-ihedn.fr\/#organization"},"potentialAction":[{"@type":"SearchAction","target":{"@type":"EntryPoint","urlTemplate":"https:\/\/ecodef-ihedn.fr\/?s={search_term_string}"},"query-input":{"@type":"PropertyValueSpecification","valueRequired":true,"valueName":"search_term_string"}}],"inLanguage":"en-GB"},{"@type":"Organization","@id":"https:\/\/ecodef-ihedn.fr\/#organization","name":"Chair in Defence Economics - IHEDN","url":"https:\/\/ecodef-ihedn.fr\/","logo":{"@type":"ImageObject","inLanguage":"en-GB","@id":"https:\/\/ecodef-ihedn.fr\/#\/schema\/logo\/image\/","url":"https:\/\/ecodef-ihedn.fr\/wp-content\/uploads\/2020\/04\/logoEcodef9.jpg","contentUrl":"https:\/\/ecodef-ihedn.fr\/wp-content\/uploads\/2020\/04\/logoEcodef9.jpg","width":410,"height":212,"caption":"Chaire \u00c9conomie de d\u00e9fense - IHEDN"},"image":{"@id":"https:\/\/ecodef-ihedn.fr\/#\/schema\/logo\/image\/"},"sameAs":["https:\/\/x.com\/Chaire_Ecodef","https:\/\/www.linkedin.com\/company\/chaire-ecodef-ihedn\/"]},{"@type":"Person","@id":"https:\/\/ecodef-ihedn.fr\/#\/schema\/person\/7b3f1a2d8fd336e0be2f9ff63ff0ebbc","name":"dev","image":{"@type":"ImageObject","inLanguage":"en-GB","@id":"https:\/\/secure.gravatar.com\/avatar\/f1ffcac9ca2fa95ad3ec33e9be3ade82f752acb0cabe541e56c5889225afa88a?s=96&d=mm&r=g","url":"https:\/\/secure.gravatar.com\/avatar\/f1ffcac9ca2fa95ad3ec33e9be3ade82f752acb0cabe541e56c5889225afa88a?s=96&d=mm&r=g","contentUrl":"https:\/\/secure.gravatar.com\/avatar\/f1ffcac9ca2fa95ad3ec33e9be3ade82f752acb0cabe541e56c5889225afa88a?s=96&d=mm&r=g","caption":"dev"},"url":"https:\/\/ecodef-ihedn.fr\/en\/author\/dev\/"}]}},"_links":{"self":[{"href":"https:\/\/ecodef-ihedn.fr\/en\/wp-json\/wp\/v2\/posts\/867","targetHints":{"allow":["GET"]}}],"collection":[{"href":"https:\/\/ecodef-ihedn.fr\/en\/wp-json\/wp\/v2\/posts"}],"about":[{"href":"https:\/\/ecodef-ihedn.fr\/en\/wp-json\/wp\/v2\/types\/post"}],"author":[{"embeddable":true,"href":"https:\/\/ecodef-ihedn.fr\/en\/wp-json\/wp\/v2\/users\/1"}],"replies":[{"embeddable":true,"href":"https:\/\/ecodef-ihedn.fr\/en\/wp-json\/wp\/v2\/comments?post=867"}],"version-history":[{"count":2,"href":"https:\/\/ecodef-ihedn.fr\/en\/wp-json\/wp\/v2\/posts\/867\/revisions"}],"predecessor-version":[{"id":1599,"href":"https:\/\/ecodef-ihedn.fr\/en\/wp-json\/wp\/v2\/posts\/867\/revisions\/1599"}],"wp:featuredmedia":[{"embeddable":true,"href":"https:\/\/ecodef-ihedn.fr\/en\/wp-json\/wp\/v2\/media\/868"}],"wp:attachment":[{"href":"https:\/\/ecodef-ihedn.fr\/en\/wp-json\/wp\/v2\/media?parent=867"}],"wp:term":[{"taxonomy":"category","embeddable":true,"href":"https:\/\/ecodef-ihedn.fr\/en\/wp-json\/wp\/v2\/categories?post=867"},{"taxonomy":"post_tag","embeddable":true,"href":"https:\/\/ecodef-ihedn.fr\/en\/wp-json\/wp\/v2\/tags?post=867"}],"curies":[{"name":"wp","href":"https:\/\/api.w.org\/{rel}","templated":true}]}}