{"id":869,"date":"2014-11-18T00:00:00","date_gmt":"2014-11-18T00:00:00","guid":{"rendered":"https:\/\/ecodef-ihedn.fr\/conference-du-ministre-de-la-defense-jean-yves-le-drian-sciences-po\/"},"modified":"2020-04-30T10:52:29","modified_gmt":"2020-04-30T10:52:29","slug":"conference-du-ministre-de-la-defense-jean-yves-le-drian-sciences-po","status":"publish","type":"post","link":"https:\/\/ecodef-ihedn.fr\/en\/conference-du-ministre-de-la-defense-jean-yves-le-drian-sciences-po\/","title":{"rendered":"Conference by Defence Minister Jean-Yves Le Drian - Sciences Po"},"content":{"rendered":"<p style=\"text-align: center;\">Sciences Po's School of International Affairs hosts a debate with Defence Minister Jean-Yves Le Drian.<\/p>\n<p style=\"text-align: center;\">\u00abWhat defence choices should be made in a tight budgetary environment?\u00bb<\/p>\n<p style=\"text-align: center;\"><strong>Wednesday 19 November 2014, 6.00 pm to 8.15 pm<\/strong><\/p>\n<p style=\"text-align: center;\">Sciences Po, Amphith\u00e9\u00e2tre Boutmy, 27 rue Saint-Guillaume, 75007 Paris.<\/p>\n<p style=\"text-align: center;\">More information <a href=\"http:\/\/www.sciencespo.fr\/psia\/content\/quels-choix-de-defense-dans-un-environnement-budgetaire-contraint\" target=\"_blank\" rel=\"noopener noreferrer\">here<\/a>.<\/p>","protected":false},"excerpt":{"rendered":"<p>L\u2019\u00c9cole des Affaires internationales de Sciences Po accueille un d\u00e9bat avec le ministre de la D\u00e9fense, Jean-Yves Le Drian. \u00ab\u00a0Quels choix de d\u00e9fense dans un environnement budg\u00e9taire contraint ?\u00a0\u00bb Le mercredi 19 novembre 2014, de 18h00 \u00e0 20h15 Sciences Po, Amphith\u00e9\u00e2tre Boutmy, 27 rue Saint-Guillaume, 75007 Paris. Plus d&rsquo;informations ici.<\/p>","protected":false},"author":1,"featured_media":564,"comment_status":"open","ping_status":"open","sticky":false,"template":"","format":"standard","meta":{"footnotes":""},"categories":[360],"tags":[],"class_list":{"0":"post-869","1":"post","2":"type-post","3":"status-publish","4":"format-standard","5":"has-post-thumbnail","7":"category-actualites-du-reseau"},"yoast_head":"<!-- This site is optimized with the Yoast SEO plugin v27.4 - https:\/\/yoast.com\/product\/yoast-seo-wordpress\/ -->\n<title>Conf\u00e9rence du ministre de la D\u00e9fense Jean-Yves Le Drian - Sciences Po - Chaire \u00c9conomie de d\u00e9fense - IHEDN<\/title>\n<meta name=\"robots\" content=\"index, follow, max-snippet:-1, max-image-preview:large, max-video-preview:-1\" \/>\n<link rel=\"canonical\" href=\"https:\/\/ecodef-ihedn.fr\/en\/conference-du-ministre-de-la-defense-jean-yves-le-drian-sciences-po\/\" \/>\n<meta property=\"og:locale\" content=\"en_GB\" \/>\n<meta property=\"og:type\" content=\"article\" \/>\n<meta property=\"og:title\" content=\"Conf\u00e9rence du ministre de la D\u00e9fense Jean-Yves Le Drian - Sciences Po - Chaire \u00c9conomie de d\u00e9fense - IHEDN\" \/>\n<meta property=\"og:description\" content=\"L\u2019\u00c9cole des Affaires internationales de Sciences Po accueille un d\u00e9bat avec le ministre de la D\u00e9fense, Jean-Yves Le Drian. \u00ab\u00a0Quels choix de d\u00e9fense dans un environnement budg\u00e9taire contraint ?\u00a0\u00bb Le mercredi 19 novembre 2014, de 18h00 \u00e0 20h15 Sciences Po, Amphith\u00e9\u00e2tre Boutmy, 27 rue Saint-Guillaume, 75007 Paris. Plus d&rsquo;informations ici.\" \/>\n<meta property=\"og:url\" content=\"https:\/\/ecodef-ihedn.fr\/en\/conference-du-ministre-de-la-defense-jean-yves-le-drian-sciences-po\/\" \/>\n<meta property=\"og:site_name\" content=\"Chaire \u00c9conomie de d\u00e9fense - IHEDN\" \/>\n<meta property=\"article:published_time\" content=\"2014-11-18T00:00:00+00:00\" \/>\n<meta property=\"article:modified_time\" content=\"2020-04-30T10:52:29+00:00\" \/>\n<meta property=\"og:image\" content=\"https:\/\/ecodef-ihedn.fr\/wp-content\/uploads\/2020\/02\/ecole-militaire-paris-1.jpg\" \/>\n\t<meta property=\"og:image:width\" content=\"755\" \/>\n\t<meta property=\"og:image:height\" content=\"414\" \/>\n\t<meta property=\"og:image:type\" content=\"image\/jpeg\" \/>\n<meta name=\"author\" content=\"dev\" \/>\n<meta name=\"twitter:card\" content=\"summary_large_image\" \/>\n<meta name=\"twitter:creator\" content=\"@Chaire_Ecodef\" \/>\n<meta name=\"twitter:site\" content=\"@Chaire_Ecodef\" \/>\n<meta name=\"twitter:label1\" content=\"Written by\" \/>\n\t<meta name=\"twitter:data1\" content=\"dev\" \/>\n<script type=\"application\/ld+json\" class=\"yoast-schema-graph\">{\"@context\":\"https:\\\/\\\/schema.org\",\"@graph\":[{\"@type\":\"Article\",\"@id\":\"https:\\\/\\\/ecodef-ihedn.fr\\\/conference-du-ministre-de-la-defense-jean-yves-le-drian-sciences-po\\\/#article\",\"isPartOf\":{\"@id\":\"https:\\\/\\\/ecodef-ihedn.fr\\\/conference-du-ministre-de-la-defense-jean-yves-le-drian-sciences-po\\\/\"},\"author\":{\"name\":\"dev\",\"@id\":\"https:\\\/\\\/ecodef-ihedn.fr\\\/#\\\/schema\\\/person\\\/7b3f1a2d8fd336e0be2f9ff63ff0ebbc\"},\"headline\":\"Conf\u00e9rence du ministre de la D\u00e9fense Jean-Yves Le Drian &#8211; Sciences Po\",\"datePublished\":\"2014-11-18T00:00:00+00:00\",\"dateModified\":\"2020-04-30T10:52:29+00:00\",\"mainEntityOfPage\":{\"@id\":\"https:\\\/\\\/ecodef-ihedn.fr\\\/conference-du-ministre-de-la-defense-jean-yves-le-drian-sciences-po\\\/\"},\"wordCount\":65,\"commentCount\":0,\"publisher\":{\"@id\":\"https:\\\/\\\/ecodef-ihedn.fr\\\/#organization\"},\"image\":{\"@id\":\"https:\\\/\\\/ecodef-ihedn.fr\\\/conference-du-ministre-de-la-defense-jean-yves-le-drian-sciences-po\\\/#primaryimage\"},\"thumbnailUrl\":\"https:\\\/\\\/ecodef-ihedn.fr\\\/wp-content\\\/uploads\\\/2020\\\/02\\\/ecole-militaire-paris-1.jpg\",\"articleSection\":[\"Actualit\u00e9s du r\u00e9seau\"],\"inLanguage\":\"en-GB\",\"potentialAction\":[{\"@type\":\"CommentAction\",\"name\":\"Comment\",\"target\":[\"https:\\\/\\\/ecodef-ihedn.fr\\\/conference-du-ministre-de-la-defense-jean-yves-le-drian-sciences-po\\\/#respond\"]}]},{\"@type\":\"WebPage\",\"@id\":\"https:\\\/\\\/ecodef-ihedn.fr\\\/conference-du-ministre-de-la-defense-jean-yves-le-drian-sciences-po\\\/\",\"url\":\"https:\\\/\\\/ecodef-ihedn.fr\\\/conference-du-ministre-de-la-defense-jean-yves-le-drian-sciences-po\\\/\",\"name\":\"Conf\u00e9rence du ministre de la D\u00e9fense Jean-Yves Le Drian - Sciences Po - Chaire \u00c9conomie de d\u00e9fense - IHEDN\",\"isPartOf\":{\"@id\":\"https:\\\/\\\/ecodef-ihedn.fr\\\/#website\"},\"primaryImageOfPage\":{\"@id\":\"https:\\\/\\\/ecodef-ihedn.fr\\\/conference-du-ministre-de-la-defense-jean-yves-le-drian-sciences-po\\\/#primaryimage\"},\"image\":{\"@id\":\"https:\\\/\\\/ecodef-ihedn.fr\\\/conference-du-ministre-de-la-defense-jean-yves-le-drian-sciences-po\\\/#primaryimage\"},\"thumbnailUrl\":\"https:\\\/\\\/ecodef-ihedn.fr\\\/wp-content\\\/uploads\\\/2020\\\/02\\\/ecole-militaire-paris-1.jpg\",\"datePublished\":\"2014-11-18T00:00:00+00:00\",\"dateModified\":\"2020-04-30T10:52:29+00:00\",\"breadcrumb\":{\"@id\":\"https:\\\/\\\/ecodef-ihedn.fr\\\/conference-du-ministre-de-la-defense-jean-yves-le-drian-sciences-po\\\/#breadcrumb\"},\"inLanguage\":\"en-GB\",\"potentialAction\":[{\"@type\":\"ReadAction\",\"target\":[\"https:\\\/\\\/ecodef-ihedn.fr\\\/conference-du-ministre-de-la-defense-jean-yves-le-drian-sciences-po\\\/\"]}]},{\"@type\":\"ImageObject\",\"inLanguage\":\"en-GB\",\"@id\":\"https:\\\/\\\/ecodef-ihedn.fr\\\/conference-du-ministre-de-la-defense-jean-yves-le-drian-sciences-po\\\/#primaryimage\",\"url\":\"https:\\\/\\\/ecodef-ihedn.fr\\\/wp-content\\\/uploads\\\/2020\\\/02\\\/ecole-militaire-paris-1.jpg\",\"contentUrl\":\"https:\\\/\\\/ecodef-ihedn.fr\\\/wp-content\\\/uploads\\\/2020\\\/02\\\/ecole-militaire-paris-1.jpg\",\"width\":755,\"height\":414},{\"@type\":\"BreadcrumbList\",\"@id\":\"https:\\\/\\\/ecodef-ihedn.fr\\\/conference-du-ministre-de-la-defense-jean-yves-le-drian-sciences-po\\\/#breadcrumb\",\"itemListElement\":[{\"@type\":\"ListItem\",\"position\":1,\"name\":\"Accueil\",\"item\":\"https:\\\/\\\/ecodef-ihedn.fr\\\/\"},{\"@type\":\"ListItem\",\"position\":2,\"name\":\"Conf\u00e9rence du ministre de la D\u00e9fense Jean-Yves Le Drian &#8211; Sciences Po\"}]},{\"@type\":\"WebSite\",\"@id\":\"https:\\\/\\\/ecodef-ihedn.fr\\\/#website\",\"url\":\"https:\\\/\\\/ecodef-ihedn.fr\\\/\",\"name\":\"Chaire \u00c9conomie de D\u00e9fense - IHEDN\",\"description\":\"Produire &amp; soutenir, f\u00e9d\u00e9rer &amp; diffuser, \u00eatre une interface\",\"publisher\":{\"@id\":\"https:\\\/\\\/ecodef-ihedn.fr\\\/#organization\"},\"potentialAction\":[{\"@type\":\"SearchAction\",\"target\":{\"@type\":\"EntryPoint\",\"urlTemplate\":\"https:\\\/\\\/ecodef-ihedn.fr\\\/?s={search_term_string}\"},\"query-input\":{\"@type\":\"PropertyValueSpecification\",\"valueRequired\":true,\"valueName\":\"search_term_string\"}}],\"inLanguage\":\"en-GB\"},{\"@type\":\"Organization\",\"@id\":\"https:\\\/\\\/ecodef-ihedn.fr\\\/#organization\",\"name\":\"Chaire \u00c9conomie de d\u00e9fense - IHEDN\",\"url\":\"https:\\\/\\\/ecodef-ihedn.fr\\\/\",\"logo\":{\"@type\":\"ImageObject\",\"inLanguage\":\"en-GB\",\"@id\":\"https:\\\/\\\/ecodef-ihedn.fr\\\/#\\\/schema\\\/logo\\\/image\\\/\",\"url\":\"https:\\\/\\\/ecodef-ihedn.fr\\\/wp-content\\\/uploads\\\/2020\\\/04\\\/logoEcodef9.jpg\",\"contentUrl\":\"https:\\\/\\\/ecodef-ihedn.fr\\\/wp-content\\\/uploads\\\/2020\\\/04\\\/logoEcodef9.jpg\",\"width\":410,\"height\":212,\"caption\":\"Chaire \u00c9conomie de d\u00e9fense - IHEDN\"},\"image\":{\"@id\":\"https:\\\/\\\/ecodef-ihedn.fr\\\/#\\\/schema\\\/logo\\\/image\\\/\"},\"sameAs\":[\"https:\\\/\\\/x.com\\\/Chaire_Ecodef\",\"https:\\\/\\\/www.linkedin.com\\\/company\\\/chaire-ecodef-ihedn\\\/\"]},{\"@type\":\"Person\",\"@id\":\"https:\\\/\\\/ecodef-ihedn.fr\\\/#\\\/schema\\\/person\\\/7b3f1a2d8fd336e0be2f9ff63ff0ebbc\",\"name\":\"dev\",\"image\":{\"@type\":\"ImageObject\",\"inLanguage\":\"en-GB\",\"@id\":\"https:\\\/\\\/secure.gravatar.com\\\/avatar\\\/f1ffcac9ca2fa95ad3ec33e9be3ade82f752acb0cabe541e56c5889225afa88a?s=96&d=mm&r=g\",\"url\":\"https:\\\/\\\/secure.gravatar.com\\\/avatar\\\/f1ffcac9ca2fa95ad3ec33e9be3ade82f752acb0cabe541e56c5889225afa88a?s=96&d=mm&r=g\",\"contentUrl\":\"https:\\\/\\\/secure.gravatar.com\\\/avatar\\\/f1ffcac9ca2fa95ad3ec33e9be3ade82f752acb0cabe541e56c5889225afa88a?s=96&d=mm&r=g\",\"caption\":\"dev\"},\"url\":\"https:\\\/\\\/ecodef-ihedn.fr\\\/en\\\/author\\\/dev\\\/\"}]}<\/script>\n<!-- \/ Yoast SEO plugin. -->","yoast_head_json":{"title":"Conf\u00e9rence du ministre de la D\u00e9fense Jean-Yves Le Drian - Sciences Po - Chaire \u00c9conomie de d\u00e9fense - IHEDN","robots":{"index":"index","follow":"follow","max-snippet":"max-snippet:-1","max-image-preview":"max-image-preview:large","max-video-preview":"max-video-preview:-1"},"canonical":"https:\/\/ecodef-ihedn.fr\/en\/conference-du-ministre-de-la-defense-jean-yves-le-drian-sciences-po\/","og_locale":"en_GB","og_type":"article","og_title":"Conf\u00e9rence du ministre de la D\u00e9fense Jean-Yves Le Drian - Sciences Po - Chaire \u00c9conomie de d\u00e9fense - IHEDN","og_description":"L\u2019\u00c9cole des Affaires internationales de Sciences Po accueille un d\u00e9bat avec le ministre de la D\u00e9fense, Jean-Yves Le Drian. \u00ab\u00a0Quels choix de d\u00e9fense dans un environnement budg\u00e9taire contraint ?\u00a0\u00bb Le mercredi 19 novembre 2014, de 18h00 \u00e0 20h15 Sciences Po, Amphith\u00e9\u00e2tre Boutmy, 27 rue Saint-Guillaume, 75007 Paris. Plus d&rsquo;informations ici.","og_url":"https:\/\/ecodef-ihedn.fr\/en\/conference-du-ministre-de-la-defense-jean-yves-le-drian-sciences-po\/","og_site_name":"Chaire \u00c9conomie de d\u00e9fense - IHEDN","article_published_time":"2014-11-18T00:00:00+00:00","article_modified_time":"2020-04-30T10:52:29+00:00","og_image":[{"width":755,"height":414,"url":"https:\/\/ecodef-ihedn.fr\/wp-content\/uploads\/2020\/02\/ecole-militaire-paris-1.jpg","type":"image\/jpeg"}],"author":"dev","twitter_card":"summary_large_image","twitter_creator":"@Chaire_Ecodef","twitter_site":"@Chaire_Ecodef","twitter_misc":{"Written by":"dev"},"schema":{"@context":"https:\/\/schema.org","@graph":[{"@type":"Article","@id":"https:\/\/ecodef-ihedn.fr\/conference-du-ministre-de-la-defense-jean-yves-le-drian-sciences-po\/#article","isPartOf":{"@id":"https:\/\/ecodef-ihedn.fr\/conference-du-ministre-de-la-defense-jean-yves-le-drian-sciences-po\/"},"author":{"name":"dev","@id":"https:\/\/ecodef-ihedn.fr\/#\/schema\/person\/7b3f1a2d8fd336e0be2f9ff63ff0ebbc"},"headline":"Conf\u00e9rence du ministre de la D\u00e9fense Jean-Yves Le Drian &#8211; Sciences Po","datePublished":"2014-11-18T00:00:00+00:00","dateModified":"2020-04-30T10:52:29+00:00","mainEntityOfPage":{"@id":"https:\/\/ecodef-ihedn.fr\/conference-du-ministre-de-la-defense-jean-yves-le-drian-sciences-po\/"},"wordCount":65,"commentCount":0,"publisher":{"@id":"https:\/\/ecodef-ihedn.fr\/#organization"},"image":{"@id":"https:\/\/ecodef-ihedn.fr\/conference-du-ministre-de-la-defense-jean-yves-le-drian-sciences-po\/#primaryimage"},"thumbnailUrl":"https:\/\/ecodef-ihedn.fr\/wp-content\/uploads\/2020\/02\/ecole-militaire-paris-1.jpg","articleSection":["Actualit\u00e9s du r\u00e9seau"],"inLanguage":"en-GB","potentialAction":[{"@type":"CommentAction","name":"Comment","target":["https:\/\/ecodef-ihedn.fr\/conference-du-ministre-de-la-defense-jean-yves-le-drian-sciences-po\/#respond"]}]},{"@type":"WebPage","@id":"https:\/\/ecodef-ihedn.fr\/conference-du-ministre-de-la-defense-jean-yves-le-drian-sciences-po\/","url":"https:\/\/ecodef-ihedn.fr\/conference-du-ministre-de-la-defense-jean-yves-le-drian-sciences-po\/","name":"Conf\u00e9rence du ministre de la D\u00e9fense Jean-Yves Le Drian - Sciences Po - Chaire \u00c9conomie de d\u00e9fense - IHEDN","isPartOf":{"@id":"https:\/\/ecodef-ihedn.fr\/#website"},"primaryImageOfPage":{"@id":"https:\/\/ecodef-ihedn.fr\/conference-du-ministre-de-la-defense-jean-yves-le-drian-sciences-po\/#primaryimage"},"image":{"@id":"https:\/\/ecodef-ihedn.fr\/conference-du-ministre-de-la-defense-jean-yves-le-drian-sciences-po\/#primaryimage"},"thumbnailUrl":"https:\/\/ecodef-ihedn.fr\/wp-content\/uploads\/2020\/02\/ecole-militaire-paris-1.jpg","datePublished":"2014-11-18T00:00:00+00:00","dateModified":"2020-04-30T10:52:29+00:00","breadcrumb":{"@id":"https:\/\/ecodef-ihedn.fr\/conference-du-ministre-de-la-defense-jean-yves-le-drian-sciences-po\/#breadcrumb"},"inLanguage":"en-GB","potentialAction":[{"@type":"ReadAction","target":["https:\/\/ecodef-ihedn.fr\/conference-du-ministre-de-la-defense-jean-yves-le-drian-sciences-po\/"]}]},{"@type":"ImageObject","inLanguage":"en-GB","@id":"https:\/\/ecodef-ihedn.fr\/conference-du-ministre-de-la-defense-jean-yves-le-drian-sciences-po\/#primaryimage","url":"https:\/\/ecodef-ihedn.fr\/wp-content\/uploads\/2020\/02\/ecole-militaire-paris-1.jpg","contentUrl":"https:\/\/ecodef-ihedn.fr\/wp-content\/uploads\/2020\/02\/ecole-militaire-paris-1.jpg","width":755,"height":414},{"@type":"BreadcrumbList","@id":"https:\/\/ecodef-ihedn.fr\/conference-du-ministre-de-la-defense-jean-yves-le-drian-sciences-po\/#breadcrumb","itemListElement":[{"@type":"ListItem","position":1,"name":"Accueil","item":"https:\/\/ecodef-ihedn.fr\/"},{"@type":"ListItem","position":2,"name":"Conf\u00e9rence du ministre de la D\u00e9fense Jean-Yves Le Drian &#8211; Sciences Po"}]},{"@type":"WebSite","@id":"https:\/\/ecodef-ihedn.fr\/#website","url":"https:\/\/ecodef-ihedn.fr\/","name":"Chair in Defence Economics - IHEDN","description":"Produce &amp; support, federate &amp; disseminate, act as an interface","publisher":{"@id":"https:\/\/ecodef-ihedn.fr\/#organization"},"potentialAction":[{"@type":"SearchAction","target":{"@type":"EntryPoint","urlTemplate":"https:\/\/ecodef-ihedn.fr\/?s={search_term_string}"},"query-input":{"@type":"PropertyValueSpecification","valueRequired":true,"valueName":"search_term_string"}}],"inLanguage":"en-GB"},{"@type":"Organization","@id":"https:\/\/ecodef-ihedn.fr\/#organization","name":"Chair in Defence Economics - IHEDN","url":"https:\/\/ecodef-ihedn.fr\/","logo":{"@type":"ImageObject","inLanguage":"en-GB","@id":"https:\/\/ecodef-ihedn.fr\/#\/schema\/logo\/image\/","url":"https:\/\/ecodef-ihedn.fr\/wp-content\/uploads\/2020\/04\/logoEcodef9.jpg","contentUrl":"https:\/\/ecodef-ihedn.fr\/wp-content\/uploads\/2020\/04\/logoEcodef9.jpg","width":410,"height":212,"caption":"Chaire \u00c9conomie de d\u00e9fense - IHEDN"},"image":{"@id":"https:\/\/ecodef-ihedn.fr\/#\/schema\/logo\/image\/"},"sameAs":["https:\/\/x.com\/Chaire_Ecodef","https:\/\/www.linkedin.com\/company\/chaire-ecodef-ihedn\/"]},{"@type":"Person","@id":"https:\/\/ecodef-ihedn.fr\/#\/schema\/person\/7b3f1a2d8fd336e0be2f9ff63ff0ebbc","name":"dev","image":{"@type":"ImageObject","inLanguage":"en-GB","@id":"https:\/\/secure.gravatar.com\/avatar\/f1ffcac9ca2fa95ad3ec33e9be3ade82f752acb0cabe541e56c5889225afa88a?s=96&d=mm&r=g","url":"https:\/\/secure.gravatar.com\/avatar\/f1ffcac9ca2fa95ad3ec33e9be3ade82f752acb0cabe541e56c5889225afa88a?s=96&d=mm&r=g","contentUrl":"https:\/\/secure.gravatar.com\/avatar\/f1ffcac9ca2fa95ad3ec33e9be3ade82f752acb0cabe541e56c5889225afa88a?s=96&d=mm&r=g","caption":"dev"},"url":"https:\/\/ecodef-ihedn.fr\/en\/author\/dev\/"}]}},"_links":{"self":[{"href":"https:\/\/ecodef-ihedn.fr\/en\/wp-json\/wp\/v2\/posts\/869","targetHints":{"allow":["GET"]}}],"collection":[{"href":"https:\/\/ecodef-ihedn.fr\/en\/wp-json\/wp\/v2\/posts"}],"about":[{"href":"https:\/\/ecodef-ihedn.fr\/en\/wp-json\/wp\/v2\/types\/post"}],"author":[{"embeddable":true,"href":"https:\/\/ecodef-ihedn.fr\/en\/wp-json\/wp\/v2\/users\/1"}],"replies":[{"embeddable":true,"href":"https:\/\/ecodef-ihedn.fr\/en\/wp-json\/wp\/v2\/comments?post=869"}],"version-history":[{"count":1,"href":"https:\/\/ecodef-ihedn.fr\/en\/wp-json\/wp\/v2\/posts\/869\/revisions"}],"predecessor-version":[{"id":1239,"href":"https:\/\/ecodef-ihedn.fr\/en\/wp-json\/wp\/v2\/posts\/869\/revisions\/1239"}],"wp:featuredmedia":[{"embeddable":true,"href":"https:\/\/ecodef-ihedn.fr\/en\/wp-json\/wp\/v2\/media\/564"}],"wp:attachment":[{"href":"https:\/\/ecodef-ihedn.fr\/en\/wp-json\/wp\/v2\/media?parent=869"}],"wp:term":[{"taxonomy":"category","embeddable":true,"href":"https:\/\/ecodef-ihedn.fr\/en\/wp-json\/wp\/v2\/categories?post=869"},{"taxonomy":"post_tag","embeddable":true,"href":"https:\/\/ecodef-ihedn.fr\/en\/wp-json\/wp\/v2\/tags?post=869"}],"curies":[{"name":"wp","href":"https:\/\/api.w.org\/{rel}","templated":true}]}}