{"id":8706,"date":"2024-10-29T19:08:25","date_gmt":"2024-10-29T19:08:25","guid":{"rendered":"https:\/\/ecodef-ihedn.fr\/industrie-de-larmement-une-performance-sous-perfusion-julien-malizard-sur-france-culture-copy\/"},"modified":"2025-01-21T16:19:52","modified_gmt":"2025-01-21T16:19:52","slug":"industrie-militaire-a-bergerac-on-reinvente-la-poudre-julien-malizard-sur-france-culture","status":"publish","type":"post","link":"https:\/\/ecodef-ihedn.fr\/en\/industrie-militaire-a-bergerac-on-reinvente-la-poudre-julien-malizard-sur-france-culture\/","title":{"rendered":"\u00abMilitary industry: Bergerac reinvents gunpowder\u00bb Julien Malizard on France Culture"},"content":{"rendered":"<h3>Julien Malizard, Chairholder, was one of Tiphaine de Rocquigny's guests on \u00abEntendez-vous l'\u00e9co?\u00bb on France Culture on Tuesday 29 October.<\/h3>\n<p><a href=\"https:\/\/ecodef-ihedn.fr\/wp-content\/uploads\/2024\/10\/France-culture-entendez-vous-leco-2024.png\" target=\"_blank\" rel=\"noopener\"><img loading=\"lazy\" decoding=\"async\" class=\"aligncenter wp-image-8710 size-full\" src=\"https:\/\/ecodef-ihedn.fr\/wp-content\/uploads\/2024\/10\/France-culture-entendez-vous-leco-2024.png\" alt=\"\" width=\"400\" height=\"400\" srcset=\"https:\/\/ecodef-ihedn.fr\/wp-content\/uploads\/2024\/10\/France-culture-entendez-vous-leco-2024.png 400w, https:\/\/ecodef-ihedn.fr\/wp-content\/uploads\/2024\/10\/France-culture-entendez-vous-leco-2024-300x300.png 300w, https:\/\/ecodef-ihedn.fr\/wp-content\/uploads\/2024\/10\/France-culture-entendez-vous-leco-2024-150x150.png 150w\" sizes=\"auto, (max-width: 400px) 100vw, 400px\" \/><\/a><\/p>\n<p class=\"PopSlotParagraph qg-tx2 qg-xtra-lh svelte-1xznlfb\">Julien Malizard appeared on France Culture's \u00abEntendez-vous l'\u00e9co\u00bb programme on Tuesday 29 October.<\/p>\n<p class=\"PopSlotParagraph qg-tx2 qg-xtra-lh svelte-1xznlfb\">Hosted by Aliette Hovine, the programme focused on the Bergerac powder plant.<\/p>\n<p class=\"PopSlotParagraph qg-tx2 qg-xtra-lh svelte-1xznlfb\">Ground systems expert Marc Chassillan was also present.<\/p>\n<p class=\"PopSlotParagraph qg-tx2 qg-xtra-lh svelte-1xznlfb\">This historic gunpowder production site has been undergoing refurbishment for several months, with the aim of relocating production activities from Sweden. The war in Ukraine, donations of shells and the desire to reduce external dependency are the catalysts for this decision.<\/p>\n<p class=\"PopSlotParagraph qg-tx2 qg-xtra-lh svelte-1xznlfb\">Julien Malizard focused on the strategic choices made since the end of the Cold War in terms of industry, with a particular emphasis on major weapons systems, and on the effects on the Bergerac region.<\/p>\n<p style=\"text-align: center;\"><a href=\"https:\/\/www.radiofrance.fr\/franceculture\/podcasts\/entendez-vous-l-eco\/industrie-miliaire-a-bergerac-on-reinvente-la-poudre-3178673\" target=\"_blank\" rel=\"noopener\"><span class=\"td_btn td_btn_md td_default_btn\">listen to the show<\/span><\/a><\/p>","protected":false},"excerpt":{"rendered":"<p>Julien Malizard, Titulaire de la Chaire, a fait partie des invit\u00e9s de Tiphaine de Rocquigny dans \u00ab\u00a0Entendez-vous l&rsquo;\u00e9co ?\u00a0\u00bb sur France Culture, mardi 29 octobre. Julien Malizard est intervenu lors de l\u2019\u00e9mission \u00ab Entendez-vous l&rsquo;\u00e9co ? \u00bb du mardi 29 octobre, sur France Culture. Anim\u00e9e par Aliette Hovine, l&rsquo;\u00e9mission a \u00e9t\u00e9 consacr\u00e9e \u00e0 l\u2019usine de [&hellip;]<\/p>\n","protected":false},"author":2,"featured_media":8709,"comment_status":"open","ping_status":"open","sticky":false,"template":"","format":"standard","meta":{"footnotes":""},"categories":[358],"tags":[761,57,409,763,534,476,469,403,86,762,764,765,314,536],"class_list":{"0":"post-8706","1":"post","2":"type-post","3":"status-publish","4":"format-standard","5":"has-post-thumbnail","7":"category-medias","8":"tag-aliette-hovine","9":"tag-armement","10":"tag-autonomie-strategique","11":"tag-bergerac","12":"tag-entendez-vous-leco","13":"tag-exportations","14":"tag-france-culture","15":"tag-interview","16":"tag-julien-malizard","17":"tag-marc-chassillan","18":"tag-poudre","19":"tag-relocalisation","20":"tag-souverainete","21":"tag-ukraine"},"yoast_head":"<!-- This site is optimized with the Yoast SEO plugin v27.4 - https:\/\/yoast.com\/product\/yoast-seo-wordpress\/ -->\n<title>&quot;Industrie militaire : \u00e0 Bergerac, on r\u00e9invente la poudre&quot; Julien Malizard sur France Culture - Chaire \u00c9conomie de d\u00e9fense - IHEDN<\/title>\n<meta name=\"robots\" content=\"index, follow, max-snippet:-1, max-image-preview:large, max-video-preview:-1\" \/>\n<link rel=\"canonical\" href=\"https:\/\/ecodef-ihedn.fr\/en\/industrie-militaire-a-bergerac-on-reinvente-la-poudre-julien-malizard-sur-france-culture\/\" \/>\n<meta property=\"og:locale\" content=\"en_GB\" \/>\n<meta property=\"og:type\" content=\"article\" \/>\n<meta property=\"og:title\" content=\"&quot;Industrie militaire : \u00e0 Bergerac, on r\u00e9invente la poudre&quot; Julien Malizard sur France Culture - Chaire \u00c9conomie de d\u00e9fense - IHEDN\" \/>\n<meta property=\"og:description\" content=\"Julien Malizard, Titulaire de la Chaire, a fait partie des invit\u00e9s de Tiphaine de Rocquigny dans \u00ab\u00a0Entendez-vous l&rsquo;\u00e9co ?\u00a0\u00bb sur France Culture, mardi 29 octobre. Julien Malizard est intervenu lors de l\u2019\u00e9mission \u00ab Entendez-vous l&rsquo;\u00e9co ? \u00bb du mardi 29 octobre, sur France Culture. Anim\u00e9e par Aliette Hovine, l&rsquo;\u00e9mission a \u00e9t\u00e9 consacr\u00e9e \u00e0 l\u2019usine de [&hellip;]\" \/>\n<meta property=\"og:url\" content=\"https:\/\/ecodef-ihedn.fr\/en\/industrie-militaire-a-bergerac-on-reinvente-la-poudre-julien-malizard-sur-france-culture\/\" \/>\n<meta property=\"og:site_name\" content=\"Chaire \u00c9conomie de d\u00e9fense - IHEDN\" \/>\n<meta property=\"article:published_time\" content=\"2024-10-29T19:08:25+00:00\" \/>\n<meta property=\"article:modified_time\" content=\"2025-01-21T16:19:52+00:00\" \/>\n<meta property=\"og:image\" content=\"https:\/\/ecodef-ihedn.fr\/wp-content\/uploads\/2024\/10\/France-culture-entendez-vous-leco-2024-7-5.png\" \/>\n\t<meta property=\"og:image:width\" content=\"560\" \/>\n\t<meta property=\"og:image:height\" content=\"400\" \/>\n\t<meta property=\"og:image:type\" content=\"image\/png\" \/>\n<meta name=\"author\" content=\"Bertrand Demandre\" \/>\n<meta name=\"twitter:card\" content=\"summary_large_image\" \/>\n<meta name=\"twitter:creator\" content=\"@Chaire_Ecodef\" \/>\n<meta name=\"twitter:site\" content=\"@Chaire_Ecodef\" \/>\n<meta name=\"twitter:label1\" content=\"Written by\" \/>\n\t<meta name=\"twitter:data1\" content=\"Bertrand Demandre\" \/>\n\t<meta name=\"twitter:label2\" content=\"Estimated reading time\" \/>\n\t<meta name=\"twitter:data2\" content=\"2 minutes\" \/>\n<script type=\"application\/ld+json\" class=\"yoast-schema-graph\">{\"@context\":\"https:\\\/\\\/schema.org\",\"@graph\":[{\"@type\":\"Article\",\"@id\":\"https:\\\/\\\/ecodef-ihedn.fr\\\/industrie-militaire-a-bergerac-on-reinvente-la-poudre-julien-malizard-sur-france-culture\\\/#article\",\"isPartOf\":{\"@id\":\"https:\\\/\\\/ecodef-ihedn.fr\\\/industrie-militaire-a-bergerac-on-reinvente-la-poudre-julien-malizard-sur-france-culture\\\/\"},\"author\":{\"name\":\"Bertrand Demandre\",\"@id\":\"https:\\\/\\\/ecodef-ihedn.fr\\\/#\\\/schema\\\/person\\\/1cdf22d028cebe278126a6e07a884d30\"},\"headline\":\"\u00ab\u00a0Industrie militaire : \u00e0 Bergerac, on r\u00e9invente la poudre\u00a0\u00bb Julien Malizard sur France Culture\",\"datePublished\":\"2024-10-29T19:08:25+00:00\",\"dateModified\":\"2025-01-21T16:19:52+00:00\",\"mainEntityOfPage\":{\"@id\":\"https:\\\/\\\/ecodef-ihedn.fr\\\/industrie-militaire-a-bergerac-on-reinvente-la-poudre-julien-malizard-sur-france-culture\\\/\"},\"wordCount\":193,\"commentCount\":0,\"publisher\":{\"@id\":\"https:\\\/\\\/ecodef-ihedn.fr\\\/#organization\"},\"image\":{\"@id\":\"https:\\\/\\\/ecodef-ihedn.fr\\\/industrie-militaire-a-bergerac-on-reinvente-la-poudre-julien-malizard-sur-france-culture\\\/#primaryimage\"},\"thumbnailUrl\":\"https:\\\/\\\/ecodef-ihedn.fr\\\/wp-content\\\/uploads\\\/2024\\\/10\\\/France-culture-entendez-vous-leco-2024-7-5.png\",\"keywords\":[\"Aliette Hovine\",\"armement\",\"autonomie strat\u00e9gique\",\"Bergerac\",\"Entendez-vous l&#039;\u00e9co\",\"exportations\",\"france culture\",\"interview\",\"Julien Malizard\",\"Marc Chassillan\",\"poudre\",\"relocalisation\",\"souverainet\u00e9\",\"Ukraine\"],\"articleSection\":[\"M\u00e9dias\"],\"inLanguage\":\"en-GB\",\"potentialAction\":[{\"@type\":\"CommentAction\",\"name\":\"Comment\",\"target\":[\"https:\\\/\\\/ecodef-ihedn.fr\\\/industrie-militaire-a-bergerac-on-reinvente-la-poudre-julien-malizard-sur-france-culture\\\/#respond\"]}]},{\"@type\":\"WebPage\",\"@id\":\"https:\\\/\\\/ecodef-ihedn.fr\\\/industrie-militaire-a-bergerac-on-reinvente-la-poudre-julien-malizard-sur-france-culture\\\/\",\"url\":\"https:\\\/\\\/ecodef-ihedn.fr\\\/industrie-militaire-a-bergerac-on-reinvente-la-poudre-julien-malizard-sur-france-culture\\\/\",\"name\":\"\\\"Industrie militaire : \u00e0 Bergerac, on r\u00e9invente la poudre\\\" Julien Malizard sur France Culture - Chaire \u00c9conomie de d\u00e9fense - IHEDN\",\"isPartOf\":{\"@id\":\"https:\\\/\\\/ecodef-ihedn.fr\\\/#website\"},\"primaryImageOfPage\":{\"@id\":\"https:\\\/\\\/ecodef-ihedn.fr\\\/industrie-militaire-a-bergerac-on-reinvente-la-poudre-julien-malizard-sur-france-culture\\\/#primaryimage\"},\"image\":{\"@id\":\"https:\\\/\\\/ecodef-ihedn.fr\\\/industrie-militaire-a-bergerac-on-reinvente-la-poudre-julien-malizard-sur-france-culture\\\/#primaryimage\"},\"thumbnailUrl\":\"https:\\\/\\\/ecodef-ihedn.fr\\\/wp-content\\\/uploads\\\/2024\\\/10\\\/France-culture-entendez-vous-leco-2024-7-5.png\",\"datePublished\":\"2024-10-29T19:08:25+00:00\",\"dateModified\":\"2025-01-21T16:19:52+00:00\",\"breadcrumb\":{\"@id\":\"https:\\\/\\\/ecodef-ihedn.fr\\\/industrie-militaire-a-bergerac-on-reinvente-la-poudre-julien-malizard-sur-france-culture\\\/#breadcrumb\"},\"inLanguage\":\"en-GB\",\"potentialAction\":[{\"@type\":\"ReadAction\",\"target\":[\"https:\\\/\\\/ecodef-ihedn.fr\\\/industrie-militaire-a-bergerac-on-reinvente-la-poudre-julien-malizard-sur-france-culture\\\/\"]}]},{\"@type\":\"ImageObject\",\"inLanguage\":\"en-GB\",\"@id\":\"https:\\\/\\\/ecodef-ihedn.fr\\\/industrie-militaire-a-bergerac-on-reinvente-la-poudre-julien-malizard-sur-france-culture\\\/#primaryimage\",\"url\":\"https:\\\/\\\/ecodef-ihedn.fr\\\/wp-content\\\/uploads\\\/2024\\\/10\\\/France-culture-entendez-vous-leco-2024-7-5.png\",\"contentUrl\":\"https:\\\/\\\/ecodef-ihedn.fr\\\/wp-content\\\/uploads\\\/2024\\\/10\\\/France-culture-entendez-vous-leco-2024-7-5.png\",\"width\":560,\"height\":400},{\"@type\":\"BreadcrumbList\",\"@id\":\"https:\\\/\\\/ecodef-ihedn.fr\\\/industrie-militaire-a-bergerac-on-reinvente-la-poudre-julien-malizard-sur-france-culture\\\/#breadcrumb\",\"itemListElement\":[{\"@type\":\"ListItem\",\"position\":1,\"name\":\"Accueil\",\"item\":\"https:\\\/\\\/ecodef-ihedn.fr\\\/\"},{\"@type\":\"ListItem\",\"position\":2,\"name\":\"&#8220;Industrie militaire : \u00e0 Bergerac, on r\u00e9invente la poudre&#8221; Julien Malizard sur France Culture\"}]},{\"@type\":\"WebSite\",\"@id\":\"https:\\\/\\\/ecodef-ihedn.fr\\\/#website\",\"url\":\"https:\\\/\\\/ecodef-ihedn.fr\\\/\",\"name\":\"Chaire \u00c9conomie de D\u00e9fense - IHEDN\",\"description\":\"Produire &amp; soutenir, f\u00e9d\u00e9rer &amp; diffuser, \u00eatre une interface\",\"publisher\":{\"@id\":\"https:\\\/\\\/ecodef-ihedn.fr\\\/#organization\"},\"potentialAction\":[{\"@type\":\"SearchAction\",\"target\":{\"@type\":\"EntryPoint\",\"urlTemplate\":\"https:\\\/\\\/ecodef-ihedn.fr\\\/?s={search_term_string}\"},\"query-input\":{\"@type\":\"PropertyValueSpecification\",\"valueRequired\":true,\"valueName\":\"search_term_string\"}}],\"inLanguage\":\"en-GB\"},{\"@type\":\"Organization\",\"@id\":\"https:\\\/\\\/ecodef-ihedn.fr\\\/#organization\",\"name\":\"Chaire \u00c9conomie de d\u00e9fense - IHEDN\",\"url\":\"https:\\\/\\\/ecodef-ihedn.fr\\\/\",\"logo\":{\"@type\":\"ImageObject\",\"inLanguage\":\"en-GB\",\"@id\":\"https:\\\/\\\/ecodef-ihedn.fr\\\/#\\\/schema\\\/logo\\\/image\\\/\",\"url\":\"https:\\\/\\\/ecodef-ihedn.fr\\\/wp-content\\\/uploads\\\/2020\\\/04\\\/logoEcodef9.jpg\",\"contentUrl\":\"https:\\\/\\\/ecodef-ihedn.fr\\\/wp-content\\\/uploads\\\/2020\\\/04\\\/logoEcodef9.jpg\",\"width\":410,\"height\":212,\"caption\":\"Chaire \u00c9conomie de d\u00e9fense - IHEDN\"},\"image\":{\"@id\":\"https:\\\/\\\/ecodef-ihedn.fr\\\/#\\\/schema\\\/logo\\\/image\\\/\"},\"sameAs\":[\"https:\\\/\\\/x.com\\\/Chaire_Ecodef\",\"https:\\\/\\\/www.linkedin.com\\\/company\\\/chaire-ecodef-ihedn\\\/\"]},{\"@type\":\"Person\",\"@id\":\"https:\\\/\\\/ecodef-ihedn.fr\\\/#\\\/schema\\\/person\\\/1cdf22d028cebe278126a6e07a884d30\",\"name\":\"Bertrand Demandre\",\"image\":{\"@type\":\"ImageObject\",\"inLanguage\":\"en-GB\",\"@id\":\"https:\\\/\\\/secure.gravatar.com\\\/avatar\\\/d9c9746d6c900ab5b9c0f9b1fa3932e369da923da247d624b8f7ab4ba8a3c093?s=96&d=mm&r=g\",\"url\":\"https:\\\/\\\/secure.gravatar.com\\\/avatar\\\/d9c9746d6c900ab5b9c0f9b1fa3932e369da923da247d624b8f7ab4ba8a3c093?s=96&d=mm&r=g\",\"contentUrl\":\"https:\\\/\\\/secure.gravatar.com\\\/avatar\\\/d9c9746d6c900ab5b9c0f9b1fa3932e369da923da247d624b8f7ab4ba8a3c093?s=96&d=mm&r=g\",\"caption\":\"Bertrand Demandre\"},\"url\":\"https:\\\/\\\/ecodef-ihedn.fr\\\/en\\\/author\\\/bertrand\\\/\"}]}<\/script>\n<!-- \/ Yoast SEO plugin. -->","yoast_head_json":{"title":"\"Industrie militaire : \u00e0 Bergerac, on r\u00e9invente la poudre\" Julien Malizard sur France Culture - Chaire \u00c9conomie de d\u00e9fense - IHEDN","robots":{"index":"index","follow":"follow","max-snippet":"max-snippet:-1","max-image-preview":"max-image-preview:large","max-video-preview":"max-video-preview:-1"},"canonical":"https:\/\/ecodef-ihedn.fr\/en\/industrie-militaire-a-bergerac-on-reinvente-la-poudre-julien-malizard-sur-france-culture\/","og_locale":"en_GB","og_type":"article","og_title":"\"Industrie militaire : \u00e0 Bergerac, on r\u00e9invente la poudre\" Julien Malizard sur France Culture - Chaire \u00c9conomie de d\u00e9fense - IHEDN","og_description":"Julien Malizard, Titulaire de la Chaire, a fait partie des invit\u00e9s de Tiphaine de Rocquigny dans \u00ab\u00a0Entendez-vous l&rsquo;\u00e9co ?\u00a0\u00bb sur France Culture, mardi 29 octobre. Julien Malizard est intervenu lors de l\u2019\u00e9mission \u00ab Entendez-vous l&rsquo;\u00e9co ? \u00bb du mardi 29 octobre, sur France Culture. Anim\u00e9e par Aliette Hovine, l&rsquo;\u00e9mission a \u00e9t\u00e9 consacr\u00e9e \u00e0 l\u2019usine de [&hellip;]","og_url":"https:\/\/ecodef-ihedn.fr\/en\/industrie-militaire-a-bergerac-on-reinvente-la-poudre-julien-malizard-sur-france-culture\/","og_site_name":"Chaire \u00c9conomie de d\u00e9fense - IHEDN","article_published_time":"2024-10-29T19:08:25+00:00","article_modified_time":"2025-01-21T16:19:52+00:00","og_image":[{"width":560,"height":400,"url":"https:\/\/ecodef-ihedn.fr\/wp-content\/uploads\/2024\/10\/France-culture-entendez-vous-leco-2024-7-5.png","type":"image\/png"}],"author":"Bertrand Demandre","twitter_card":"summary_large_image","twitter_creator":"@Chaire_Ecodef","twitter_site":"@Chaire_Ecodef","twitter_misc":{"Written by":"Bertrand Demandre","Estimated reading time":"2 minutes"},"schema":{"@context":"https:\/\/schema.org","@graph":[{"@type":"Article","@id":"https:\/\/ecodef-ihedn.fr\/industrie-militaire-a-bergerac-on-reinvente-la-poudre-julien-malizard-sur-france-culture\/#article","isPartOf":{"@id":"https:\/\/ecodef-ihedn.fr\/industrie-militaire-a-bergerac-on-reinvente-la-poudre-julien-malizard-sur-france-culture\/"},"author":{"name":"Bertrand Demandre","@id":"https:\/\/ecodef-ihedn.fr\/#\/schema\/person\/1cdf22d028cebe278126a6e07a884d30"},"headline":"\u00ab\u00a0Industrie militaire : \u00e0 Bergerac, on r\u00e9invente la poudre\u00a0\u00bb Julien Malizard sur France Culture","datePublished":"2024-10-29T19:08:25+00:00","dateModified":"2025-01-21T16:19:52+00:00","mainEntityOfPage":{"@id":"https:\/\/ecodef-ihedn.fr\/industrie-militaire-a-bergerac-on-reinvente-la-poudre-julien-malizard-sur-france-culture\/"},"wordCount":193,"commentCount":0,"publisher":{"@id":"https:\/\/ecodef-ihedn.fr\/#organization"},"image":{"@id":"https:\/\/ecodef-ihedn.fr\/industrie-militaire-a-bergerac-on-reinvente-la-poudre-julien-malizard-sur-france-culture\/#primaryimage"},"thumbnailUrl":"https:\/\/ecodef-ihedn.fr\/wp-content\/uploads\/2024\/10\/France-culture-entendez-vous-leco-2024-7-5.png","keywords":["Aliette Hovine","armement","autonomie strat\u00e9gique","Bergerac","Entendez-vous l&#039;\u00e9co","exportations","france culture","interview","Julien Malizard","Marc Chassillan","poudre","relocalisation","souverainet\u00e9","Ukraine"],"articleSection":["M\u00e9dias"],"inLanguage":"en-GB","potentialAction":[{"@type":"CommentAction","name":"Comment","target":["https:\/\/ecodef-ihedn.fr\/industrie-militaire-a-bergerac-on-reinvente-la-poudre-julien-malizard-sur-france-culture\/#respond"]}]},{"@type":"WebPage","@id":"https:\/\/ecodef-ihedn.fr\/industrie-militaire-a-bergerac-on-reinvente-la-poudre-julien-malizard-sur-france-culture\/","url":"https:\/\/ecodef-ihedn.fr\/industrie-militaire-a-bergerac-on-reinvente-la-poudre-julien-malizard-sur-france-culture\/","name":"\"Industrie militaire : \u00e0 Bergerac, on r\u00e9invente la poudre\" Julien Malizard sur France Culture - Chaire \u00c9conomie de d\u00e9fense - IHEDN","isPartOf":{"@id":"https:\/\/ecodef-ihedn.fr\/#website"},"primaryImageOfPage":{"@id":"https:\/\/ecodef-ihedn.fr\/industrie-militaire-a-bergerac-on-reinvente-la-poudre-julien-malizard-sur-france-culture\/#primaryimage"},"image":{"@id":"https:\/\/ecodef-ihedn.fr\/industrie-militaire-a-bergerac-on-reinvente-la-poudre-julien-malizard-sur-france-culture\/#primaryimage"},"thumbnailUrl":"https:\/\/ecodef-ihedn.fr\/wp-content\/uploads\/2024\/10\/France-culture-entendez-vous-leco-2024-7-5.png","datePublished":"2024-10-29T19:08:25+00:00","dateModified":"2025-01-21T16:19:52+00:00","breadcrumb":{"@id":"https:\/\/ecodef-ihedn.fr\/industrie-militaire-a-bergerac-on-reinvente-la-poudre-julien-malizard-sur-france-culture\/#breadcrumb"},"inLanguage":"en-GB","potentialAction":[{"@type":"ReadAction","target":["https:\/\/ecodef-ihedn.fr\/industrie-militaire-a-bergerac-on-reinvente-la-poudre-julien-malizard-sur-france-culture\/"]}]},{"@type":"ImageObject","inLanguage":"en-GB","@id":"https:\/\/ecodef-ihedn.fr\/industrie-militaire-a-bergerac-on-reinvente-la-poudre-julien-malizard-sur-france-culture\/#primaryimage","url":"https:\/\/ecodef-ihedn.fr\/wp-content\/uploads\/2024\/10\/France-culture-entendez-vous-leco-2024-7-5.png","contentUrl":"https:\/\/ecodef-ihedn.fr\/wp-content\/uploads\/2024\/10\/France-culture-entendez-vous-leco-2024-7-5.png","width":560,"height":400},{"@type":"BreadcrumbList","@id":"https:\/\/ecodef-ihedn.fr\/industrie-militaire-a-bergerac-on-reinvente-la-poudre-julien-malizard-sur-france-culture\/#breadcrumb","itemListElement":[{"@type":"ListItem","position":1,"name":"Accueil","item":"https:\/\/ecodef-ihedn.fr\/"},{"@type":"ListItem","position":2,"name":"&#8220;Industrie militaire : \u00e0 Bergerac, on r\u00e9invente la poudre&#8221; Julien Malizard sur France Culture"}]},{"@type":"WebSite","@id":"https:\/\/ecodef-ihedn.fr\/#website","url":"https:\/\/ecodef-ihedn.fr\/","name":"Chair in Defence Economics - IHEDN","description":"Produce &amp; support, federate &amp; disseminate, act as an interface","publisher":{"@id":"https:\/\/ecodef-ihedn.fr\/#organization"},"potentialAction":[{"@type":"SearchAction","target":{"@type":"EntryPoint","urlTemplate":"https:\/\/ecodef-ihedn.fr\/?s={search_term_string}"},"query-input":{"@type":"PropertyValueSpecification","valueRequired":true,"valueName":"search_term_string"}}],"inLanguage":"en-GB"},{"@type":"Organization","@id":"https:\/\/ecodef-ihedn.fr\/#organization","name":"Chair in Defence Economics - IHEDN","url":"https:\/\/ecodef-ihedn.fr\/","logo":{"@type":"ImageObject","inLanguage":"en-GB","@id":"https:\/\/ecodef-ihedn.fr\/#\/schema\/logo\/image\/","url":"https:\/\/ecodef-ihedn.fr\/wp-content\/uploads\/2020\/04\/logoEcodef9.jpg","contentUrl":"https:\/\/ecodef-ihedn.fr\/wp-content\/uploads\/2020\/04\/logoEcodef9.jpg","width":410,"height":212,"caption":"Chaire \u00c9conomie de d\u00e9fense - IHEDN"},"image":{"@id":"https:\/\/ecodef-ihedn.fr\/#\/schema\/logo\/image\/"},"sameAs":["https:\/\/x.com\/Chaire_Ecodef","https:\/\/www.linkedin.com\/company\/chaire-ecodef-ihedn\/"]},{"@type":"Person","@id":"https:\/\/ecodef-ihedn.fr\/#\/schema\/person\/1cdf22d028cebe278126a6e07a884d30","name":"Bertrand Demandre","image":{"@type":"ImageObject","inLanguage":"en-GB","@id":"https:\/\/secure.gravatar.com\/avatar\/d9c9746d6c900ab5b9c0f9b1fa3932e369da923da247d624b8f7ab4ba8a3c093?s=96&d=mm&r=g","url":"https:\/\/secure.gravatar.com\/avatar\/d9c9746d6c900ab5b9c0f9b1fa3932e369da923da247d624b8f7ab4ba8a3c093?s=96&d=mm&r=g","contentUrl":"https:\/\/secure.gravatar.com\/avatar\/d9c9746d6c900ab5b9c0f9b1fa3932e369da923da247d624b8f7ab4ba8a3c093?s=96&d=mm&r=g","caption":"Bertrand Demandre"},"url":"https:\/\/ecodef-ihedn.fr\/en\/author\/bertrand\/"}]}},"_links":{"self":[{"href":"https:\/\/ecodef-ihedn.fr\/en\/wp-json\/wp\/v2\/posts\/8706","targetHints":{"allow":["GET"]}}],"collection":[{"href":"https:\/\/ecodef-ihedn.fr\/en\/wp-json\/wp\/v2\/posts"}],"about":[{"href":"https:\/\/ecodef-ihedn.fr\/en\/wp-json\/wp\/v2\/types\/post"}],"author":[{"embeddable":true,"href":"https:\/\/ecodef-ihedn.fr\/en\/wp-json\/wp\/v2\/users\/2"}],"replies":[{"embeddable":true,"href":"https:\/\/ecodef-ihedn.fr\/en\/wp-json\/wp\/v2\/comments?post=8706"}],"version-history":[{"count":3,"href":"https:\/\/ecodef-ihedn.fr\/en\/wp-json\/wp\/v2\/posts\/8706\/revisions"}],"predecessor-version":[{"id":8711,"href":"https:\/\/ecodef-ihedn.fr\/en\/wp-json\/wp\/v2\/posts\/8706\/revisions\/8711"}],"wp:featuredmedia":[{"embeddable":true,"href":"https:\/\/ecodef-ihedn.fr\/en\/wp-json\/wp\/v2\/media\/8709"}],"wp:attachment":[{"href":"https:\/\/ecodef-ihedn.fr\/en\/wp-json\/wp\/v2\/media?parent=8706"}],"wp:term":[{"taxonomy":"category","embeddable":true,"href":"https:\/\/ecodef-ihedn.fr\/en\/wp-json\/wp\/v2\/categories?post=8706"},{"taxonomy":"post_tag","embeddable":true,"href":"https:\/\/ecodef-ihedn.fr\/en\/wp-json\/wp\/v2\/tags?post=8706"}],"curies":[{"name":"wp","href":"https:\/\/api.w.org\/{rel}","templated":true}]}}