{"id":8745,"date":"2025-02-14T12:12:33","date_gmt":"2025-02-14T12:12:33","guid":{"rendered":"https:\/\/ecodef-ihedn.fr\/?p=8745"},"modified":"2025-02-25T13:16:45","modified_gmt":"2025-02-25T13:16:45","slug":"video-conference-lpm-2024-2030-quel-impact-economique-et-social-assemblee-nationale-5-fevrier-2025","status":"publish","type":"post","link":"https:\/\/ecodef-ihedn.fr\/en\/video-conference-lpm-2024-2030-quel-impact-economique-et-social-assemblee-nationale-5-fevrier-2025\/","title":{"rendered":"[VIDEO] conf\u00e9rence \u00ab\u00a0LPM 2024-2030 : quel impact \u00e9conomique et social ?\u00a0\u00bb (Assembl\u00e9e nationale \/ 5 f\u00e9vrier 2025)"},"content":{"rendered":"<p class=\"wp-block-gallery-1 is-layout-flex wp-block-gallery-is-layout-flex\">&nbsp;<\/p>\r\n<figure id=\"attachment_8347\" aria-describedby=\"caption-attachment-8347\" style=\"width: 914px\" class=\"wp-caption aligncenter\"><a href=\"https:\/\/ecodef-ihedn.fr\/wp-content\/uploads\/2024\/05\/LPM-Montage.jpg\"><img loading=\"lazy\" decoding=\"async\" class=\"wp-image-8347 size-full\" src=\"https:\/\/ecodef-ihedn.fr\/wp-content\/uploads\/2024\/05\/LPM-Montage.jpg\" alt=\"\" width=\"914\" height=\"514\" srcset=\"https:\/\/ecodef-ihedn.fr\/wp-content\/uploads\/2024\/05\/LPM-Montage.jpg 914w, https:\/\/ecodef-ihedn.fr\/wp-content\/uploads\/2024\/05\/LPM-Montage-300x169.jpg 300w, https:\/\/ecodef-ihedn.fr\/wp-content\/uploads\/2024\/05\/LPM-Montage-768x432.jpg 768w, https:\/\/ecodef-ihedn.fr\/wp-content\/uploads\/2024\/05\/LPM-Montage-747x420.jpg 747w, https:\/\/ecodef-ihedn.fr\/wp-content\/uploads\/2024\/05\/LPM-Montage-696x391.jpg 696w\" sizes=\"auto, (max-width: 914px) 100vw, 914px\" \/><\/a><figcaption id=\"caption-attachment-8347\" class=\"wp-caption-text\">Ministry of Defence<\/figcaption><\/figure>\r\n<h2 style=\"text-align: center;\"><strong>LPM 2024-2030: what i<\/strong><strong>Economic and social impact?<\/strong><\/h2>\r\n<div class=\"wp-block-buttons\">\r\n<div class=\"wp-block-button aligncenter is-style-round\">\r\n<h3 style=\"text-align: center;\">The video of the conference \u00abLPM 2024-2030: what economic and social impact? organised by the Chair on Wednesday 5 February 2025 at the French National Assembly is available on the Chair's YouTube channel.<\/h3>\r\n<br \/><a href=\"https:\/\/www.youtube.com\/playlist?list=PLzMFMsSJpwt_usprn2DK4A6XOXGti-bLP\" target=\"_blank\" rel=\"noopener\"><span class=\"td_btn td_btn_md td_default_btn\">SEE OR RE-WATCH THE CONFERENCE<\/span><\/a><\/div>\r\n<\/div>\r\n<!-- \/wp:post-content -->\r\n\r\n<!-- wp:paragraph {\"align\":\"center\"} \/-->\r\n\r\n<!-- wp:paragraph {\"align\":\"center\"} \/-->\r\n\r\n<!-- wp:paragraph -->\r\n<p><br \/>La <strong>military programming law 2024-2030<\/strong> (LPM) was overwhelmingly adopted by Parliament in the summer of 2023.<br \/><br \/>In a <strong>an increasingly complex general context<\/strong> (return to the assertion of power, technological breakthroughs, etc.), this LPM is notably characterised by a <strong>major budgetary effort<\/strong> consented by the Nation.<br \/><br \/>In addition to improving the capabilities of our armed forces, it will have the following benefits <strong>significant economic and social impacts<\/strong>.<br \/><br \/>This conference presented the prospects for its impact <strong>at national and regional level<\/strong>, The event featured two round tables with high-level speakers, including representatives from the Ministry of Defence, the defence industry and the world of research.<\/p>\r\n<h3 style=\"text-align: center;\"><strong>Programme<\/strong><\/h3>\r\n<p>A word of welcome<br \/><strong>Guillaume GISCARD d'ESTAING<\/strong><br \/>Chairman of the Steering Committee of the ECODEF Chair - IHEDN<\/p>\r\n<p>Opening<br \/>Lieutenant General <strong>Herv\u00e9 de COURR\u00c8GES<br \/><\/strong>Director of IHEDN and EMS, Chairman of ACADEM<\/p>\r\n<p>Introductory lecture<br \/>General Armaments Engineer <strong>Thierry CARLIER<br \/><\/strong>Deputy Director General of the French Armaments Procurement Agency (DGA)<\/p>\r\n<p>Round table: <strong>What is the national impact?<\/strong><\/p>\r\n<ul>\r\n<li>Moderator: <strong>Julien MALIZARD<\/strong> (Chairholder, ECODEF - IHEDN)<\/li>\r\n<li>Speakers:\r\n<ul>\r\n<li><strong>Philippe DUHAMEL<\/strong> (Executive Vice President, Defence Mission Systems, Thales)<\/li>\r\n<li><strong>Jean-Brice DUMONT<\/strong> (Managing Director, Air Power, Airbus Defence and Space)<\/li>\r\n<li><span class=\"TextRun SCXW178216980 BCX0\" lang=\"FR-FR\" xml:lang=\"FR-FR\" data-contrast=\"auto\"><span class=\"NormalTextRun SCXW178216980 BCX0\"><strong>Sylvie MATELLY<\/strong> (Director, Institut Jacques Delors)<\/span><\/span><\/li>\r\n<li><strong>Jean BELIN<\/strong> (Senior Lecturer, University of Bordeaux)<\/li>\r\n<\/ul>\r\n<\/li>\r\n<\/ul>\r\n<p>Round table: <strong>What are the challenges for the regions?<\/strong><\/p>\r\n<ul>\r\n<li>Moderator: <strong>Josselin DROFF<\/strong> (Researcher, ECODEF Chair - IHEDN)<\/li>\r\n<li>Speakers:\r\n<ul>\r\n<li><strong>Lo\u00efg CHESNAIS-GIRARD<\/strong> (Chairman of the Regional Council of Brittany)<\/li>\r\n<li>General Armaments Engineer <strong>Alexandre LAHOUSSE<\/strong> (Defence Industry Director, DGA)<\/li>\r\n<li><strong>Jean-Ren\u00e9 GOURION<\/strong> (Chief Operating Officer, MBDA France)<\/li>\r\n<li><strong>Guillaume ROCHARD<\/strong> (Director of Strategy, Partnerships and Mergers &amp; Acquisitions, Naval Group)<\/li>\r\n<\/ul>\r\n<\/li>\r\n<\/ul>\r\n<p>Conclusion<br \/><strong>Jean-Michel JACQUES<\/strong><br \/>Chairman of the National Assembly's Committee on National Defence and Armed Forces<\/p>\r\n<!-- \/wp:paragraph -->\r\n\r\n<!-- wp:paragraph -->\r\n<p>On the <a href=\"https:\/\/www.youtube.com\/@chaire_Ecodef_IHEDN\/featured\" target=\"_blank\" rel=\"noopener\"><strong>YouTube channel of the Chair<\/strong><\/a> previously organised conferences and webinars.<\/p>\r\n<p><!-- \/wp:paragraph --><\/p>\r\n<p><!-- wp:paragraph --><\/p>\r\n<p><!-- \/wp:paragraph --><\/p>","protected":false},"excerpt":{"rendered":"<p>La loi de programmation militaire 2024-2030 (LPM) a \u00e9t\u00e9 adopt\u00e9e tr\u00e8s largement par le Parlement \u00e0 l\u2019\u00e9t\u00e9 2023. Dans un contexte g\u00e9n\u00e9ral toujours plus complexe (retour de l\u2019affirmation de puissance, ruptures technologiques, etc.), cette LPM se caract\u00e9rise notamment par un effort budg\u00e9taire majeur consenti par la Nation. Outre l\u2019am\u00e9lioration des capacit\u00e9s de nos forces arm\u00e9es, [&hellip;]<\/p>\n","protected":false},"author":2,"featured_media":8660,"comment_status":"open","ping_status":"open","sticky":false,"template":"","format":"standard","meta":{"footnotes":""},"categories":[34,355],"tags":[615,726,769,244,716,163,438,37,47,758,767,774,38,335,720,437,379,287,772,760,768,86,637,770,636,773,771,560],"class_list":{"0":"post-8745","1":"post","2":"type-post","3":"status-publish","4":"format-standard","5":"has-post-thumbnail","7":"category-activites","8":"category-activites-evenements-portes-par-la-chaire","9":"tag-academ","10":"tag-academie-de-defense-de-lecole-militaire","11":"tag-alexandre-lahousse","12":"tag-assemblee-nationale","13":"tag-competences","14":"tag-conference-annuelle","15":"tag-ecodef","16":"tag-economie","17":"tag-economie-de-defense","18":"tag-guillaume-giscard-destaing","19":"tag-guillaume-rochard","20":"tag-herve-de-courreges","21":"tag-ihedn","22":"tag-impact-economique","23":"tag-impact-social","24":"tag-investissements-de-defense","25":"tag-investissements-strategiques","26":"tag-jean-belin","27":"tag-jean-brice-dumont","28":"tag-jean-michel-jacques","29":"tag-jean-rene-gourion","30":"tag-julien-malizard","31":"tag-loi-de-programmation-militaire","32":"tag-loig-chesnais-girard","33":"tag-lpm","34":"tag-philippe-duhamel","35":"tag-sylvie-matelly","36":"tag-thierry-carlier"},"yoast_head":"<!-- This site is optimized with the Yoast SEO plugin v27.4 - https:\/\/yoast.com\/product\/yoast-seo-wordpress\/ -->\n<title>[VIDEO] conf\u00e9rence &quot;LPM 2024-2030 : quel impact \u00e9conomique et social ?&quot; (Assembl\u00e9e nationale \/ 5 f\u00e9vrier 2025) - Chaire \u00c9conomie de d\u00e9fense - IHEDN<\/title>\n<meta name=\"robots\" content=\"index, follow, max-snippet:-1, max-image-preview:large, max-video-preview:-1\" \/>\n<link rel=\"canonical\" href=\"https:\/\/ecodef-ihedn.fr\/en\/video-conference-lpm-2024-2030-quel-impact-economique-et-social-assemblee-nationale-5-fevrier-2025\/\" \/>\n<meta property=\"og:locale\" content=\"en_GB\" \/>\n<meta property=\"og:type\" content=\"article\" \/>\n<meta property=\"og:title\" content=\"[VIDEO] conf\u00e9rence &quot;LPM 2024-2030 : quel impact \u00e9conomique et social ?&quot; (Assembl\u00e9e nationale \/ 5 f\u00e9vrier 2025) - Chaire \u00c9conomie de d\u00e9fense - IHEDN\" \/>\n<meta property=\"og:description\" content=\"La loi de programmation militaire 2024-2030 (LPM) a \u00e9t\u00e9 adopt\u00e9e tr\u00e8s largement par le Parlement \u00e0 l\u2019\u00e9t\u00e9 2023. Dans un contexte g\u00e9n\u00e9ral toujours plus complexe (retour de l\u2019affirmation de puissance, ruptures technologiques, etc.), cette LPM se caract\u00e9rise notamment par un effort budg\u00e9taire majeur consenti par la Nation. Outre l\u2019am\u00e9lioration des capacit\u00e9s de nos forces arm\u00e9es, [&hellip;]\" \/>\n<meta property=\"og:url\" content=\"https:\/\/ecodef-ihedn.fr\/en\/video-conference-lpm-2024-2030-quel-impact-economique-et-social-assemblee-nationale-5-fevrier-2025\/\" \/>\n<meta property=\"og:site_name\" content=\"Chaire \u00c9conomie de d\u00e9fense - IHEDN\" \/>\n<meta property=\"article:published_time\" content=\"2025-02-14T12:12:33+00:00\" \/>\n<meta property=\"article:modified_time\" content=\"2025-02-25T13:16:45+00:00\" \/>\n<meta property=\"og:image\" content=\"https:\/\/ecodef-ihedn.fr\/wp-content\/uploads\/2024\/05\/Chaire-ECODEF-IHEDN-conference-LPM-visuel-1.png\" \/>\n\t<meta property=\"og:image:width\" content=\"1439\" \/>\n\t<meta property=\"og:image:height\" content=\"1080\" \/>\n\t<meta property=\"og:image:type\" content=\"image\/png\" \/>\n<meta name=\"author\" content=\"Bertrand Demandre\" \/>\n<meta name=\"twitter:card\" content=\"summary_large_image\" \/>\n<meta name=\"twitter:creator\" content=\"@Chaire_Ecodef\" \/>\n<meta name=\"twitter:site\" content=\"@Chaire_Ecodef\" \/>\n<meta name=\"twitter:label1\" content=\"Written by\" \/>\n\t<meta name=\"twitter:data1\" content=\"Bertrand Demandre\" \/>\n\t<meta name=\"twitter:label2\" content=\"Estimated reading time\" \/>\n\t<meta name=\"twitter:data2\" content=\"3 minutes\" \/>\n<script type=\"application\/ld+json\" class=\"yoast-schema-graph\">{\"@context\":\"https:\\\/\\\/schema.org\",\"@graph\":[{\"@type\":\"Article\",\"@id\":\"https:\\\/\\\/ecodef-ihedn.fr\\\/video-conference-lpm-2024-2030-quel-impact-economique-et-social-assemblee-nationale-5-fevrier-2025\\\/#article\",\"isPartOf\":{\"@id\":\"https:\\\/\\\/ecodef-ihedn.fr\\\/video-conference-lpm-2024-2030-quel-impact-economique-et-social-assemblee-nationale-5-fevrier-2025\\\/\"},\"author\":{\"name\":\"Bertrand Demandre\",\"@id\":\"https:\\\/\\\/ecodef-ihedn.fr\\\/#\\\/schema\\\/person\\\/1cdf22d028cebe278126a6e07a884d30\"},\"headline\":\"[VIDEO] conf\u00e9rence \u00ab\u00a0LPM 2024-2030 : quel impact \u00e9conomique et social ?\u00a0\u00bb (Assembl\u00e9e nationale \\\/ 5 f\u00e9vrier 2025)\",\"datePublished\":\"2025-02-14T12:12:33+00:00\",\"dateModified\":\"2025-02-25T13:16:45+00:00\",\"mainEntityOfPage\":{\"@id\":\"https:\\\/\\\/ecodef-ihedn.fr\\\/video-conference-lpm-2024-2030-quel-impact-economique-et-social-assemblee-nationale-5-fevrier-2025\\\/\"},\"wordCount\":436,\"commentCount\":0,\"publisher\":{\"@id\":\"https:\\\/\\\/ecodef-ihedn.fr\\\/#organization\"},\"image\":{\"@id\":\"https:\\\/\\\/ecodef-ihedn.fr\\\/video-conference-lpm-2024-2030-quel-impact-economique-et-social-assemblee-nationale-5-fevrier-2025\\\/#primaryimage\"},\"thumbnailUrl\":\"https:\\\/\\\/ecodef-ihedn.fr\\\/wp-content\\\/uploads\\\/2024\\\/05\\\/Chaire-ECODEF-IHEDN-conference-LPM-visuel-1.png\",\"keywords\":[\"ACADEM\",\"Acad\u00e9mie de d\u00e9fense de l'\u00c9cole militaire\",\"Alexandre LAHOUSSE\",\"assembl\u00e9e nationale\",\"comp\u00e9tences\",\"conf\u00e9rence annuelle\",\"ecodef\",\"\u00e9conomie\",\"\u00e9conomie de d\u00e9fense\",\"Guillaume Giscard d'Estaing\",\"Guillaume ROCHARD\",\"Herv\u00e9 de COURR\u00c8GES\",\"IHEDN\",\"Impact \u00e9conomique\",\"impact social\",\"investissements de d\u00e9fense\",\"investissements strat\u00e9giques\",\"Jean Belin\",\"Jean-Brice DUMONT\",\"Jean-Michel Jacques\",\"Jean-Ren\u00e9 GOURION\",\"Julien Malizard\",\"loi de programmation militaire\",\"Lo\u00efg CHESNAIS-GIRARD\",\"LPM\",\"Philippe DUHAMEL\",\"Sylvie MATELLY\",\"Thierry Carlier\"],\"articleSection\":[\"Activit\u00e9s\",\"Activit\u00e9s : \u00e9v\u00e9nements port\u00e9s par la Chaire\"],\"inLanguage\":\"en-GB\",\"potentialAction\":[{\"@type\":\"CommentAction\",\"name\":\"Comment\",\"target\":[\"https:\\\/\\\/ecodef-ihedn.fr\\\/video-conference-lpm-2024-2030-quel-impact-economique-et-social-assemblee-nationale-5-fevrier-2025\\\/#respond\"]}]},{\"@type\":\"WebPage\",\"@id\":\"https:\\\/\\\/ecodef-ihedn.fr\\\/video-conference-lpm-2024-2030-quel-impact-economique-et-social-assemblee-nationale-5-fevrier-2025\\\/\",\"url\":\"https:\\\/\\\/ecodef-ihedn.fr\\\/video-conference-lpm-2024-2030-quel-impact-economique-et-social-assemblee-nationale-5-fevrier-2025\\\/\",\"name\":\"[VIDEO] conf\u00e9rence \\\"LPM 2024-2030 : quel impact \u00e9conomique et social ?\\\" (Assembl\u00e9e nationale \\\/ 5 f\u00e9vrier 2025) - Chaire \u00c9conomie de d\u00e9fense - IHEDN\",\"isPartOf\":{\"@id\":\"https:\\\/\\\/ecodef-ihedn.fr\\\/#website\"},\"primaryImageOfPage\":{\"@id\":\"https:\\\/\\\/ecodef-ihedn.fr\\\/video-conference-lpm-2024-2030-quel-impact-economique-et-social-assemblee-nationale-5-fevrier-2025\\\/#primaryimage\"},\"image\":{\"@id\":\"https:\\\/\\\/ecodef-ihedn.fr\\\/video-conference-lpm-2024-2030-quel-impact-economique-et-social-assemblee-nationale-5-fevrier-2025\\\/#primaryimage\"},\"thumbnailUrl\":\"https:\\\/\\\/ecodef-ihedn.fr\\\/wp-content\\\/uploads\\\/2024\\\/05\\\/Chaire-ECODEF-IHEDN-conference-LPM-visuel-1.png\",\"datePublished\":\"2025-02-14T12:12:33+00:00\",\"dateModified\":\"2025-02-25T13:16:45+00:00\",\"breadcrumb\":{\"@id\":\"https:\\\/\\\/ecodef-ihedn.fr\\\/video-conference-lpm-2024-2030-quel-impact-economique-et-social-assemblee-nationale-5-fevrier-2025\\\/#breadcrumb\"},\"inLanguage\":\"en-GB\",\"potentialAction\":[{\"@type\":\"ReadAction\",\"target\":[\"https:\\\/\\\/ecodef-ihedn.fr\\\/video-conference-lpm-2024-2030-quel-impact-economique-et-social-assemblee-nationale-5-fevrier-2025\\\/\"]}]},{\"@type\":\"ImageObject\",\"inLanguage\":\"en-GB\",\"@id\":\"https:\\\/\\\/ecodef-ihedn.fr\\\/video-conference-lpm-2024-2030-quel-impact-economique-et-social-assemblee-nationale-5-fevrier-2025\\\/#primaryimage\",\"url\":\"https:\\\/\\\/ecodef-ihedn.fr\\\/wp-content\\\/uploads\\\/2024\\\/05\\\/Chaire-ECODEF-IHEDN-conference-LPM-visuel-1.png\",\"contentUrl\":\"https:\\\/\\\/ecodef-ihedn.fr\\\/wp-content\\\/uploads\\\/2024\\\/05\\\/Chaire-ECODEF-IHEDN-conference-LPM-visuel-1.png\",\"width\":1439,\"height\":1080},{\"@type\":\"BreadcrumbList\",\"@id\":\"https:\\\/\\\/ecodef-ihedn.fr\\\/video-conference-lpm-2024-2030-quel-impact-economique-et-social-assemblee-nationale-5-fevrier-2025\\\/#breadcrumb\",\"itemListElement\":[{\"@type\":\"ListItem\",\"position\":1,\"name\":\"Accueil\",\"item\":\"https:\\\/\\\/ecodef-ihedn.fr\\\/\"},{\"@type\":\"ListItem\",\"position\":2,\"name\":\"[VIDEO] conf\u00e9rence &#8220;LPM 2024-2030 : quel impact \u00e9conomique et social ?&#8221; (Assembl\u00e9e nationale \\\/ 5 f\u00e9vrier 2025)\"}]},{\"@type\":\"WebSite\",\"@id\":\"https:\\\/\\\/ecodef-ihedn.fr\\\/#website\",\"url\":\"https:\\\/\\\/ecodef-ihedn.fr\\\/\",\"name\":\"Chaire \u00c9conomie de D\u00e9fense - IHEDN\",\"description\":\"Produire &amp; soutenir, f\u00e9d\u00e9rer &amp; diffuser, \u00eatre une interface\",\"publisher\":{\"@id\":\"https:\\\/\\\/ecodef-ihedn.fr\\\/#organization\"},\"potentialAction\":[{\"@type\":\"SearchAction\",\"target\":{\"@type\":\"EntryPoint\",\"urlTemplate\":\"https:\\\/\\\/ecodef-ihedn.fr\\\/?s={search_term_string}\"},\"query-input\":{\"@type\":\"PropertyValueSpecification\",\"valueRequired\":true,\"valueName\":\"search_term_string\"}}],\"inLanguage\":\"en-GB\"},{\"@type\":\"Organization\",\"@id\":\"https:\\\/\\\/ecodef-ihedn.fr\\\/#organization\",\"name\":\"Chaire \u00c9conomie de d\u00e9fense - IHEDN\",\"url\":\"https:\\\/\\\/ecodef-ihedn.fr\\\/\",\"logo\":{\"@type\":\"ImageObject\",\"inLanguage\":\"en-GB\",\"@id\":\"https:\\\/\\\/ecodef-ihedn.fr\\\/#\\\/schema\\\/logo\\\/image\\\/\",\"url\":\"https:\\\/\\\/ecodef-ihedn.fr\\\/wp-content\\\/uploads\\\/2020\\\/04\\\/logoEcodef9.jpg\",\"contentUrl\":\"https:\\\/\\\/ecodef-ihedn.fr\\\/wp-content\\\/uploads\\\/2020\\\/04\\\/logoEcodef9.jpg\",\"width\":410,\"height\":212,\"caption\":\"Chaire \u00c9conomie de d\u00e9fense - IHEDN\"},\"image\":{\"@id\":\"https:\\\/\\\/ecodef-ihedn.fr\\\/#\\\/schema\\\/logo\\\/image\\\/\"},\"sameAs\":[\"https:\\\/\\\/x.com\\\/Chaire_Ecodef\",\"https:\\\/\\\/www.linkedin.com\\\/company\\\/chaire-ecodef-ihedn\\\/\"]},{\"@type\":\"Person\",\"@id\":\"https:\\\/\\\/ecodef-ihedn.fr\\\/#\\\/schema\\\/person\\\/1cdf22d028cebe278126a6e07a884d30\",\"name\":\"Bertrand Demandre\",\"image\":{\"@type\":\"ImageObject\",\"inLanguage\":\"en-GB\",\"@id\":\"https:\\\/\\\/secure.gravatar.com\\\/avatar\\\/d9c9746d6c900ab5b9c0f9b1fa3932e369da923da247d624b8f7ab4ba8a3c093?s=96&d=mm&r=g\",\"url\":\"https:\\\/\\\/secure.gravatar.com\\\/avatar\\\/d9c9746d6c900ab5b9c0f9b1fa3932e369da923da247d624b8f7ab4ba8a3c093?s=96&d=mm&r=g\",\"contentUrl\":\"https:\\\/\\\/secure.gravatar.com\\\/avatar\\\/d9c9746d6c900ab5b9c0f9b1fa3932e369da923da247d624b8f7ab4ba8a3c093?s=96&d=mm&r=g\",\"caption\":\"Bertrand Demandre\"},\"url\":\"https:\\\/\\\/ecodef-ihedn.fr\\\/en\\\/author\\\/bertrand\\\/\"}]}<\/script>\n<!-- \/ Yoast SEO plugin. -->","yoast_head_json":{"title":"[VIDEO] conf\u00e9rence \"LPM 2024-2030 : quel impact \u00e9conomique et social ?\" (Assembl\u00e9e nationale \/ 5 f\u00e9vrier 2025) - Chaire \u00c9conomie de d\u00e9fense - IHEDN","robots":{"index":"index","follow":"follow","max-snippet":"max-snippet:-1","max-image-preview":"max-image-preview:large","max-video-preview":"max-video-preview:-1"},"canonical":"https:\/\/ecodef-ihedn.fr\/en\/video-conference-lpm-2024-2030-quel-impact-economique-et-social-assemblee-nationale-5-fevrier-2025\/","og_locale":"en_GB","og_type":"article","og_title":"[VIDEO] conf\u00e9rence \"LPM 2024-2030 : quel impact \u00e9conomique et social ?\" (Assembl\u00e9e nationale \/ 5 f\u00e9vrier 2025) - Chaire \u00c9conomie de d\u00e9fense - IHEDN","og_description":"La loi de programmation militaire 2024-2030 (LPM) a \u00e9t\u00e9 adopt\u00e9e tr\u00e8s largement par le Parlement \u00e0 l\u2019\u00e9t\u00e9 2023. Dans un contexte g\u00e9n\u00e9ral toujours plus complexe (retour de l\u2019affirmation de puissance, ruptures technologiques, etc.), cette LPM se caract\u00e9rise notamment par un effort budg\u00e9taire majeur consenti par la Nation. Outre l\u2019am\u00e9lioration des capacit\u00e9s de nos forces arm\u00e9es, [&hellip;]","og_url":"https:\/\/ecodef-ihedn.fr\/en\/video-conference-lpm-2024-2030-quel-impact-economique-et-social-assemblee-nationale-5-fevrier-2025\/","og_site_name":"Chaire \u00c9conomie de d\u00e9fense - IHEDN","article_published_time":"2025-02-14T12:12:33+00:00","article_modified_time":"2025-02-25T13:16:45+00:00","og_image":[{"width":1439,"height":1080,"url":"https:\/\/ecodef-ihedn.fr\/wp-content\/uploads\/2024\/05\/Chaire-ECODEF-IHEDN-conference-LPM-visuel-1.png","type":"image\/png"}],"author":"Bertrand Demandre","twitter_card":"summary_large_image","twitter_creator":"@Chaire_Ecodef","twitter_site":"@Chaire_Ecodef","twitter_misc":{"Written by":"Bertrand Demandre","Estimated reading time":"3 minutes"},"schema":{"@context":"https:\/\/schema.org","@graph":[{"@type":"Article","@id":"https:\/\/ecodef-ihedn.fr\/video-conference-lpm-2024-2030-quel-impact-economique-et-social-assemblee-nationale-5-fevrier-2025\/#article","isPartOf":{"@id":"https:\/\/ecodef-ihedn.fr\/video-conference-lpm-2024-2030-quel-impact-economique-et-social-assemblee-nationale-5-fevrier-2025\/"},"author":{"name":"Bertrand Demandre","@id":"https:\/\/ecodef-ihedn.fr\/#\/schema\/person\/1cdf22d028cebe278126a6e07a884d30"},"headline":"[VIDEO] conf\u00e9rence \u00ab\u00a0LPM 2024-2030 : quel impact \u00e9conomique et social ?\u00a0\u00bb (Assembl\u00e9e nationale \/ 5 f\u00e9vrier 2025)","datePublished":"2025-02-14T12:12:33+00:00","dateModified":"2025-02-25T13:16:45+00:00","mainEntityOfPage":{"@id":"https:\/\/ecodef-ihedn.fr\/video-conference-lpm-2024-2030-quel-impact-economique-et-social-assemblee-nationale-5-fevrier-2025\/"},"wordCount":436,"commentCount":0,"publisher":{"@id":"https:\/\/ecodef-ihedn.fr\/#organization"},"image":{"@id":"https:\/\/ecodef-ihedn.fr\/video-conference-lpm-2024-2030-quel-impact-economique-et-social-assemblee-nationale-5-fevrier-2025\/#primaryimage"},"thumbnailUrl":"https:\/\/ecodef-ihedn.fr\/wp-content\/uploads\/2024\/05\/Chaire-ECODEF-IHEDN-conference-LPM-visuel-1.png","keywords":["ACADEM","Acad\u00e9mie de d\u00e9fense de l'\u00c9cole militaire","Alexandre LAHOUSSE","assembl\u00e9e nationale","comp\u00e9tences","conf\u00e9rence annuelle","ecodef","\u00e9conomie","\u00e9conomie de d\u00e9fense","Guillaume Giscard d'Estaing","Guillaume ROCHARD","Herv\u00e9 de COURR\u00c8GES","IHEDN","Impact \u00e9conomique","impact social","investissements de d\u00e9fense","investissements strat\u00e9giques","Jean Belin","Jean-Brice DUMONT","Jean-Michel Jacques","Jean-Ren\u00e9 GOURION","Julien Malizard","loi de programmation militaire","Lo\u00efg CHESNAIS-GIRARD","LPM","Philippe DUHAMEL","Sylvie MATELLY","Thierry Carlier"],"articleSection":["Activit\u00e9s","Activit\u00e9s : \u00e9v\u00e9nements port\u00e9s par la Chaire"],"inLanguage":"en-GB","potentialAction":[{"@type":"CommentAction","name":"Comment","target":["https:\/\/ecodef-ihedn.fr\/video-conference-lpm-2024-2030-quel-impact-economique-et-social-assemblee-nationale-5-fevrier-2025\/#respond"]}]},{"@type":"WebPage","@id":"https:\/\/ecodef-ihedn.fr\/video-conference-lpm-2024-2030-quel-impact-economique-et-social-assemblee-nationale-5-fevrier-2025\/","url":"https:\/\/ecodef-ihedn.fr\/video-conference-lpm-2024-2030-quel-impact-economique-et-social-assemblee-nationale-5-fevrier-2025\/","name":"[VIDEO] conf\u00e9rence \"LPM 2024-2030 : quel impact \u00e9conomique et social ?\" (Assembl\u00e9e nationale \/ 5 f\u00e9vrier 2025) - Chaire \u00c9conomie de d\u00e9fense - IHEDN","isPartOf":{"@id":"https:\/\/ecodef-ihedn.fr\/#website"},"primaryImageOfPage":{"@id":"https:\/\/ecodef-ihedn.fr\/video-conference-lpm-2024-2030-quel-impact-economique-et-social-assemblee-nationale-5-fevrier-2025\/#primaryimage"},"image":{"@id":"https:\/\/ecodef-ihedn.fr\/video-conference-lpm-2024-2030-quel-impact-economique-et-social-assemblee-nationale-5-fevrier-2025\/#primaryimage"},"thumbnailUrl":"https:\/\/ecodef-ihedn.fr\/wp-content\/uploads\/2024\/05\/Chaire-ECODEF-IHEDN-conference-LPM-visuel-1.png","datePublished":"2025-02-14T12:12:33+00:00","dateModified":"2025-02-25T13:16:45+00:00","breadcrumb":{"@id":"https:\/\/ecodef-ihedn.fr\/video-conference-lpm-2024-2030-quel-impact-economique-et-social-assemblee-nationale-5-fevrier-2025\/#breadcrumb"},"inLanguage":"en-GB","potentialAction":[{"@type":"ReadAction","target":["https:\/\/ecodef-ihedn.fr\/video-conference-lpm-2024-2030-quel-impact-economique-et-social-assemblee-nationale-5-fevrier-2025\/"]}]},{"@type":"ImageObject","inLanguage":"en-GB","@id":"https:\/\/ecodef-ihedn.fr\/video-conference-lpm-2024-2030-quel-impact-economique-et-social-assemblee-nationale-5-fevrier-2025\/#primaryimage","url":"https:\/\/ecodef-ihedn.fr\/wp-content\/uploads\/2024\/05\/Chaire-ECODEF-IHEDN-conference-LPM-visuel-1.png","contentUrl":"https:\/\/ecodef-ihedn.fr\/wp-content\/uploads\/2024\/05\/Chaire-ECODEF-IHEDN-conference-LPM-visuel-1.png","width":1439,"height":1080},{"@type":"BreadcrumbList","@id":"https:\/\/ecodef-ihedn.fr\/video-conference-lpm-2024-2030-quel-impact-economique-et-social-assemblee-nationale-5-fevrier-2025\/#breadcrumb","itemListElement":[{"@type":"ListItem","position":1,"name":"Accueil","item":"https:\/\/ecodef-ihedn.fr\/"},{"@type":"ListItem","position":2,"name":"[VIDEO] conf\u00e9rence &#8220;LPM 2024-2030 : quel impact \u00e9conomique et social ?&#8221; (Assembl\u00e9e nationale \/ 5 f\u00e9vrier 2025)"}]},{"@type":"WebSite","@id":"https:\/\/ecodef-ihedn.fr\/#website","url":"https:\/\/ecodef-ihedn.fr\/","name":"Chair in Defence Economics - IHEDN","description":"Produce &amp; support, federate &amp; disseminate, act as an interface","publisher":{"@id":"https:\/\/ecodef-ihedn.fr\/#organization"},"potentialAction":[{"@type":"SearchAction","target":{"@type":"EntryPoint","urlTemplate":"https:\/\/ecodef-ihedn.fr\/?s={search_term_string}"},"query-input":{"@type":"PropertyValueSpecification","valueRequired":true,"valueName":"search_term_string"}}],"inLanguage":"en-GB"},{"@type":"Organization","@id":"https:\/\/ecodef-ihedn.fr\/#organization","name":"Chair in Defence Economics - IHEDN","url":"https:\/\/ecodef-ihedn.fr\/","logo":{"@type":"ImageObject","inLanguage":"en-GB","@id":"https:\/\/ecodef-ihedn.fr\/#\/schema\/logo\/image\/","url":"https:\/\/ecodef-ihedn.fr\/wp-content\/uploads\/2020\/04\/logoEcodef9.jpg","contentUrl":"https:\/\/ecodef-ihedn.fr\/wp-content\/uploads\/2020\/04\/logoEcodef9.jpg","width":410,"height":212,"caption":"Chaire \u00c9conomie de d\u00e9fense - IHEDN"},"image":{"@id":"https:\/\/ecodef-ihedn.fr\/#\/schema\/logo\/image\/"},"sameAs":["https:\/\/x.com\/Chaire_Ecodef","https:\/\/www.linkedin.com\/company\/chaire-ecodef-ihedn\/"]},{"@type":"Person","@id":"https:\/\/ecodef-ihedn.fr\/#\/schema\/person\/1cdf22d028cebe278126a6e07a884d30","name":"Bertrand Demandre","image":{"@type":"ImageObject","inLanguage":"en-GB","@id":"https:\/\/secure.gravatar.com\/avatar\/d9c9746d6c900ab5b9c0f9b1fa3932e369da923da247d624b8f7ab4ba8a3c093?s=96&d=mm&r=g","url":"https:\/\/secure.gravatar.com\/avatar\/d9c9746d6c900ab5b9c0f9b1fa3932e369da923da247d624b8f7ab4ba8a3c093?s=96&d=mm&r=g","contentUrl":"https:\/\/secure.gravatar.com\/avatar\/d9c9746d6c900ab5b9c0f9b1fa3932e369da923da247d624b8f7ab4ba8a3c093?s=96&d=mm&r=g","caption":"Bertrand Demandre"},"url":"https:\/\/ecodef-ihedn.fr\/en\/author\/bertrand\/"}]}},"_links":{"self":[{"href":"https:\/\/ecodef-ihedn.fr\/en\/wp-json\/wp\/v2\/posts\/8745","targetHints":{"allow":["GET"]}}],"collection":[{"href":"https:\/\/ecodef-ihedn.fr\/en\/wp-json\/wp\/v2\/posts"}],"about":[{"href":"https:\/\/ecodef-ihedn.fr\/en\/wp-json\/wp\/v2\/types\/post"}],"author":[{"embeddable":true,"href":"https:\/\/ecodef-ihedn.fr\/en\/wp-json\/wp\/v2\/users\/2"}],"replies":[{"embeddable":true,"href":"https:\/\/ecodef-ihedn.fr\/en\/wp-json\/wp\/v2\/comments?post=8745"}],"version-history":[{"count":6,"href":"https:\/\/ecodef-ihedn.fr\/en\/wp-json\/wp\/v2\/posts\/8745\/revisions"}],"predecessor-version":[{"id":8766,"href":"https:\/\/ecodef-ihedn.fr\/en\/wp-json\/wp\/v2\/posts\/8745\/revisions\/8766"}],"wp:featuredmedia":[{"embeddable":true,"href":"https:\/\/ecodef-ihedn.fr\/en\/wp-json\/wp\/v2\/media\/8660"}],"wp:attachment":[{"href":"https:\/\/ecodef-ihedn.fr\/en\/wp-json\/wp\/v2\/media?parent=8745"}],"wp:term":[{"taxonomy":"category","embeddable":true,"href":"https:\/\/ecodef-ihedn.fr\/en\/wp-json\/wp\/v2\/categories?post=8745"},{"taxonomy":"post_tag","embeddable":true,"href":"https:\/\/ecodef-ihedn.fr\/en\/wp-json\/wp\/v2\/tags?post=8745"}],"curies":[{"name":"wp","href":"https:\/\/api.w.org\/{rel}","templated":true}]}}