{"id":8763,"date":"2024-12-12T17:03:10","date_gmt":"2024-12-12T17:03:10","guid":{"rendered":"https:\/\/ecodef-ihedn.fr\/?p=8763"},"modified":"2025-02-25T13:10:27","modified_gmt":"2025-02-25T13:10:27","slug":"video-webinaire-acquisition-de-defense-en-europe-quels-enjeux-economiques-les-entretiens-de-lecodef-9-5-decembre-2024","status":"publish","type":"post","link":"https:\/\/ecodef-ihedn.fr\/en\/video-webinaire-acquisition-de-defense-en-europe-quels-enjeux-economiques-les-entretiens-de-lecodef-9-5-decembre-2024\/","title":{"rendered":"[VID\u00c9O] webinaire \u00ab\u00a0Acquisition de d\u00e9fense en Europe : quels enjeux \u00e9conomiques ?\u00a0\u00bb (Les entretiens de l\u2019ECODEF #9 \/ 5 d\u00e9cembre 2024)"},"content":{"rendered":"<p class=\"wp-block-gallery-1 is-layout-flex wp-block-gallery-is-layout-flex\">&nbsp;<\/p>\r\n<p><a href=\"https:\/\/ecodef-ihedn.fr\/wp-content\/uploads\/2024\/10\/Webinaire_9.2.png\"><img loading=\"lazy\" decoding=\"async\" class=\"aligncenter wp-image-8632 size-full\" src=\"https:\/\/ecodef-ihedn.fr\/wp-content\/uploads\/2024\/10\/Webinaire_9.2.png\" alt=\"\" width=\"1786\" height=\"894\" srcset=\"https:\/\/ecodef-ihedn.fr\/wp-content\/uploads\/2024\/10\/Webinaire_9.2.png 1786w, https:\/\/ecodef-ihedn.fr\/wp-content\/uploads\/2024\/10\/Webinaire_9.2-300x150.png 300w, https:\/\/ecodef-ihedn.fr\/wp-content\/uploads\/2024\/10\/Webinaire_9.2-1024x513.png 1024w, https:\/\/ecodef-ihedn.fr\/wp-content\/uploads\/2024\/10\/Webinaire_9.2-768x384.png 768w, https:\/\/ecodef-ihedn.fr\/wp-content\/uploads\/2024\/10\/Webinaire_9.2-1536x769.png 1536w, https:\/\/ecodef-ihedn.fr\/wp-content\/uploads\/2024\/10\/Webinaire_9.2-839x420.png 839w, https:\/\/ecodef-ihedn.fr\/wp-content\/uploads\/2024\/10\/Webinaire_9.2-1678x840.png 1678w, https:\/\/ecodef-ihedn.fr\/wp-content\/uploads\/2024\/10\/Webinaire_9.2-696x348.png 696w, https:\/\/ecodef-ihedn.fr\/wp-content\/uploads\/2024\/10\/Webinaire_9.2-1392x697.png 1392w, https:\/\/ecodef-ihedn.fr\/wp-content\/uploads\/2024\/10\/Webinaire_9.2-1068x535.png 1068w\" sizes=\"auto, (max-width: 1786px) 100vw, 1786px\" \/><\/a><\/p>\r\n<h4 id=\"exportations-d-armement-les-enjeux-de-leur-mesure\" class=\"has-text-align-center\" style=\"text-align: center;\"><b><i><strong><em>Defence procurement in Europe: what are the economic issues?<\/em><\/strong><\/i><\/b><\/h4>\r\n<p>The video of the ninth edition of the \u00abEntretiens de l'ECODEF\u00bb, which took place on Thursday 5 December at 12.30 pm at the \u00c9cole Militaire, is available on the Chair's YouTube channel.<\/p>\r\n<p>This series of webinars highlights the results of the Chair's work, presented in the form of interviews.<\/p>\r\n\r\n\r\n\r\n<p>This issue is devoted to the theme of <strong>European countries' defence procurement choices<\/strong>, taking into account the various <strong>strategic and economic issues<\/strong> that they have faced since the end of the Cold War.<\/p>\r\n<div class=\"wp-block-buttons\">\r\n<div class=\"wp-block-button aligncenter is-style-round\"><a href=\"https:\/\/www.youtube.com\/live\/iBmSPHn6N_Q?si=aflZR-y4D0BFGeQz\" target=\"_blank\" rel=\"noopener\"><span class=\"td_btn td_btn_md td_default_btn\">WATCH OR REPLAY THE WEBINAR<\/span><\/a><\/div>\r\n<\/div>\r\n<!-- \/wp:post-content -->\r\n\r\n<!-- wp:paragraph {\"align\":\"center\"} \/-->\r\n\r\n<!-- wp:paragraph {\"align\":\"center\"} \/-->\r\n\r\n<!-- wp:paragraph -->\r\n<p><strong><br \/>Guest :<\/strong><\/p>\r\n<!-- \/wp:paragraph -->\r\n\r\n<!-- wp:paragraph -->\r\n<p><a href=\"https:\/\/ecodef-ihedn.fr\/wp-content\/uploads\/2024\/10\/Lucie-Beraud-Sudreau.jpg\"><img loading=\"lazy\" decoding=\"async\" class=\"wp-image-8594 size-thumbnail alignleft\" src=\"https:\/\/ecodef-ihedn.fr\/wp-content\/uploads\/2024\/10\/Lucie-Beraud-Sudreau-150x150.jpg\" alt=\"\" width=\"150\" height=\"150\" srcset=\"https:\/\/ecodef-ihedn.fr\/wp-content\/uploads\/2024\/10\/Lucie-Beraud-Sudreau-150x150.jpg 150w, https:\/\/ecodef-ihedn.fr\/wp-content\/uploads\/2024\/10\/Lucie-Beraud-Sudreau-300x300.jpg 300w, https:\/\/ecodef-ihedn.fr\/wp-content\/uploads\/2024\/10\/Lucie-Beraud-Sudreau-420x420.jpg 420w, https:\/\/ecodef-ihedn.fr\/wp-content\/uploads\/2024\/10\/Lucie-Beraud-Sudreau-696x696.jpg 696w, https:\/\/ecodef-ihedn.fr\/wp-content\/uploads\/2024\/10\/Lucie-Beraud-Sudreau.jpg 698w\" sizes=\"auto, (max-width: 150px) 100vw, 150px\" \/><\/a><\/p>\r\n<p><strong>Lucie B\u00e9raud Sudreau<\/strong><br \/>Strategic Analysis Officer<br \/>European Defence Agency (EDA)<\/p>\r\n<!-- \/wp:paragraph -->\r\n<p>&nbsp;<\/p>\r\n<!-- wp:paragraph -->\r\n<p><strong><br \/>With :<\/strong><\/p>\r\n<!-- \/wp:paragraph -->\r\n\r\n<!-- wp:paragraph -->\r\n<p><a href=\"https:\/\/ecodef-ihedn.fr\/wp-content\/uploads\/2022\/12\/Julien-Malizard.png\"><img loading=\"lazy\" decoding=\"async\" class=\"wp-image-7213 size-thumbnail alignleft\" src=\"https:\/\/ecodef-ihedn.fr\/wp-content\/uploads\/2022\/12\/Julien-Malizard-150x150.png\" alt=\"\" width=\"150\" height=\"150\" srcset=\"https:\/\/ecodef-ihedn.fr\/wp-content\/uploads\/2022\/12\/Julien-Malizard-150x150.png 150w, https:\/\/ecodef-ihedn.fr\/wp-content\/uploads\/2022\/12\/Julien-Malizard-300x300.png 300w, https:\/\/ecodef-ihedn.fr\/wp-content\/uploads\/2022\/12\/Julien-Malizard.png 320w\" sizes=\"auto, (max-width: 150px) 100vw, 150px\" \/><\/a><\/p>\r\n<p><strong>Julien Malizard<\/strong><br \/>Owner<br \/>Chair in Defence Economics - IHEDN<br \/><br \/><\/p>\r\n<!-- \/wp:paragraph -->\r\n<p>&nbsp;<\/p>\r\n<!-- wp:paragraph -->\r\n<p><strong>Hosted by :<\/strong><\/p>\r\n<!-- \/wp:paragraph -->\r\n\r\n<!-- wp:paragraph -->\r\n<p><a href=\"https:\/\/ecodef-ihedn.fr\/wp-content\/uploads\/2024\/10\/082A8734_DxO-carre.jpg\"><img loading=\"lazy\" decoding=\"async\" class=\"alignleft wp-image-8595 size-thumbnail\" src=\"https:\/\/ecodef-ihedn.fr\/wp-content\/uploads\/2024\/10\/082A8734_DxO-carre-150x150.jpg\" alt=\"\" width=\"150\" height=\"150\" srcset=\"https:\/\/ecodef-ihedn.fr\/wp-content\/uploads\/2024\/10\/082A8734_DxO-carre-150x150.jpg 150w, https:\/\/ecodef-ihedn.fr\/wp-content\/uploads\/2024\/10\/082A8734_DxO-carre-300x300.jpg 300w, https:\/\/ecodef-ihedn.fr\/wp-content\/uploads\/2024\/10\/082A8734_DxO-carre-768x768.jpg 768w, https:\/\/ecodef-ihedn.fr\/wp-content\/uploads\/2024\/10\/082A8734_DxO-carre-420x420.jpg 420w, https:\/\/ecodef-ihedn.fr\/wp-content\/uploads\/2024\/10\/082A8734_DxO-carre-840x840.jpg 840w, https:\/\/ecodef-ihedn.fr\/wp-content\/uploads\/2024\/10\/082A8734_DxO-carre-696x696.jpg 696w, https:\/\/ecodef-ihedn.fr\/wp-content\/uploads\/2024\/10\/082A8734_DxO-carre.jpg 945w\" sizes=\"auto, (max-width: 150px) 100vw, 150px\" \/><\/a><strong>Guillaume Giscard d'Estaing<\/strong><br \/>Chairman of the Steering Committee<br \/>Chair in Defence Economics - IHEDN<\/p>\r\n<p>&nbsp;<\/p>\r\n<p><br \/>Subscribe to <a href=\"https:\/\/2z9yo.r.sp1-brevo.net\/mk\/cl\/f\/sh\/OycZvHuFo1wZ1W4k8GIj9jkH\/eR-1hDae5tqV\"><strong>the Chair's YouTube channel<\/strong><\/a>, Click here to find out about forthcoming videos, which will be added to those already available from previous conferences and webinars!<\/p>\r\n<p><!-- \/wp:paragraph --><\/p>\r\n<p><!-- wp:paragraph --><\/p>\r\n<p><!-- \/wp:paragraph --><\/p>","protected":false},"excerpt":{"rendered":"<p>Ce num\u00e9ro a \u00e9t\u00e9 consacr\u00e9 au th\u00e8me des choix op\u00e9r\u00e9s par les pays europ\u00e9ens en mati\u00e8re d\u2019acquisition d\u2019\u00e9quipements de d\u00e9fense, compte tenu des diff\u00e9rents enjeux strat\u00e9giques et \u00e9conomiques auxquels ils sont confront\u00e9s depuis la fin de la guerre froide. VOIR OU REVOIR LE WEBINAIRE Invit\u00e9e : Lucie B\u00e9raud SudreauCharg\u00e9e de mission Analyse strat\u00e9giqueAgence europ\u00e9enne de [&hellip;]<\/p>\n","protected":false},"author":2,"featured_media":8631,"comment_status":"open","ping_status":"open","sticky":false,"template":"","format":"standard","meta":{"footnotes":""},"categories":[34,355],"tags":[615,726,757,488,756,755,718,719,438,37,47,329,676,759,504,758,38,379,456,558,455],"class_list":{"0":"post-8763","1":"post","2":"type-post","3":"status-publish","4":"format-standard","5":"has-post-thumbnail","7":"category-activites","8":"category-activites-evenements-portes-par-la-chaire","9":"tag-academ","10":"tag-academie-de-defense-de-lecole-militaire","11":"tag-acquisition","12":"tag-acquisitions","13":"tag-aed","14":"tag-agence-europeenne-de-defense","15":"tag-bem","16":"tag-bibliotheque-de-lecole-militaire","17":"tag-ecodef","18":"tag-economie","19":"tag-economie-de-defense","20":"tag-enjeux-economiques","21":"tag-enjeux-industriels","22":"tag-enjeux-strategiques","23":"tag-entretiens-ecodef","24":"tag-guillaume-giscard-destaing","25":"tag-ihedn","26":"tag-investissements-strategiques","27":"tag-les-entretiens-de-lecodef","28":"tag-lucie-beraud-sudreau","29":"tag-webinaire"},"yoast_head":"<!-- This site is optimized with the Yoast SEO plugin v27.4 - https:\/\/yoast.com\/product\/yoast-seo-wordpress\/ -->\n<title>[VID\u00c9O] webinaire &quot;Acquisition de d\u00e9fense en Europe : quels enjeux \u00e9conomiques ?&quot; (Les entretiens de l\u2019ECODEF #9 \/ 5 d\u00e9cembre 2024) - Chaire \u00c9conomie de d\u00e9fense - IHEDN<\/title>\n<meta name=\"robots\" content=\"index, follow, max-snippet:-1, max-image-preview:large, max-video-preview:-1\" \/>\n<link rel=\"canonical\" href=\"https:\/\/ecodef-ihedn.fr\/en\/video-webinaire-acquisition-de-defense-en-europe-quels-enjeux-economiques-les-entretiens-de-lecodef-9-5-decembre-2024\/\" \/>\n<meta property=\"og:locale\" content=\"en_GB\" \/>\n<meta property=\"og:type\" content=\"article\" \/>\n<meta property=\"og:title\" content=\"[VID\u00c9O] webinaire &quot;Acquisition de d\u00e9fense en Europe : quels enjeux \u00e9conomiques ?&quot; (Les entretiens de l\u2019ECODEF #9 \/ 5 d\u00e9cembre 2024) - Chaire \u00c9conomie de d\u00e9fense - IHEDN\" \/>\n<meta property=\"og:description\" content=\"Ce num\u00e9ro a \u00e9t\u00e9 consacr\u00e9 au th\u00e8me des choix op\u00e9r\u00e9s par les pays europ\u00e9ens en mati\u00e8re d\u2019acquisition d\u2019\u00e9quipements de d\u00e9fense, compte tenu des diff\u00e9rents enjeux strat\u00e9giques et \u00e9conomiques auxquels ils sont confront\u00e9s depuis la fin de la guerre froide. VOIR OU REVOIR LE WEBINAIRE Invit\u00e9e : Lucie B\u00e9raud SudreauCharg\u00e9e de mission Analyse strat\u00e9giqueAgence europ\u00e9enne de [&hellip;]\" \/>\n<meta property=\"og:url\" content=\"https:\/\/ecodef-ihedn.fr\/en\/video-webinaire-acquisition-de-defense-en-europe-quels-enjeux-economiques-les-entretiens-de-lecodef-9-5-decembre-2024\/\" \/>\n<meta property=\"og:site_name\" content=\"Chaire \u00c9conomie de d\u00e9fense - IHEDN\" \/>\n<meta property=\"article:published_time\" content=\"2024-12-12T17:03:10+00:00\" \/>\n<meta property=\"article:modified_time\" content=\"2025-02-25T13:10:27+00:00\" \/>\n<meta property=\"og:image\" content=\"https:\/\/ecodef-ihedn.fr\/wp-content\/uploads\/2024\/10\/ECODEF-webinaire-9.2-format-7-5.png\" \/>\n\t<meta property=\"og:image:width\" content=\"1400\" \/>\n\t<meta property=\"og:image:height\" content=\"1000\" \/>\n\t<meta property=\"og:image:type\" content=\"image\/png\" \/>\n<meta name=\"author\" content=\"Bertrand Demandre\" \/>\n<meta name=\"twitter:card\" content=\"summary_large_image\" \/>\n<meta name=\"twitter:creator\" content=\"@Chaire_Ecodef\" \/>\n<meta name=\"twitter:site\" content=\"@Chaire_Ecodef\" \/>\n<meta name=\"twitter:label1\" content=\"Written by\" \/>\n\t<meta name=\"twitter:data1\" content=\"Bertrand Demandre\" \/>\n\t<meta name=\"twitter:label2\" content=\"Estimated reading time\" \/>\n\t<meta name=\"twitter:data2\" content=\"2 minutes\" \/>\n<script type=\"application\/ld+json\" class=\"yoast-schema-graph\">{\"@context\":\"https:\\\/\\\/schema.org\",\"@graph\":[{\"@type\":\"Article\",\"@id\":\"https:\\\/\\\/ecodef-ihedn.fr\\\/video-webinaire-acquisition-de-defense-en-europe-quels-enjeux-economiques-les-entretiens-de-lecodef-9-5-decembre-2024\\\/#article\",\"isPartOf\":{\"@id\":\"https:\\\/\\\/ecodef-ihedn.fr\\\/video-webinaire-acquisition-de-defense-en-europe-quels-enjeux-economiques-les-entretiens-de-lecodef-9-5-decembre-2024\\\/\"},\"author\":{\"name\":\"Bertrand Demandre\",\"@id\":\"https:\\\/\\\/ecodef-ihedn.fr\\\/#\\\/schema\\\/person\\\/1cdf22d028cebe278126a6e07a884d30\"},\"headline\":\"[VID\u00c9O] webinaire \u00ab\u00a0Acquisition de d\u00e9fense en Europe : quels enjeux \u00e9conomiques ?\u00a0\u00bb (Les entretiens de l\u2019ECODEF #9 \\\/ 5 d\u00e9cembre 2024)\",\"datePublished\":\"2024-12-12T17:03:10+00:00\",\"dateModified\":\"2025-02-25T13:10:27+00:00\",\"mainEntityOfPage\":{\"@id\":\"https:\\\/\\\/ecodef-ihedn.fr\\\/video-webinaire-acquisition-de-defense-en-europe-quels-enjeux-economiques-les-entretiens-de-lecodef-9-5-decembre-2024\\\/\"},\"wordCount\":230,\"commentCount\":0,\"publisher\":{\"@id\":\"https:\\\/\\\/ecodef-ihedn.fr\\\/#organization\"},\"image\":{\"@id\":\"https:\\\/\\\/ecodef-ihedn.fr\\\/video-webinaire-acquisition-de-defense-en-europe-quels-enjeux-economiques-les-entretiens-de-lecodef-9-5-decembre-2024\\\/#primaryimage\"},\"thumbnailUrl\":\"https:\\\/\\\/ecodef-ihedn.fr\\\/wp-content\\\/uploads\\\/2024\\\/10\\\/ECODEF-webinaire-9.2-format-7-5.png\",\"keywords\":[\"ACADEM\",\"Acad\u00e9mie de d\u00e9fense de l'\u00c9cole militaire\",\"acquisition\",\"acquisitions\",\"AED\",\"Agence europ\u00e9enne de d\u00e9fense\",\"BEM\",\"biblioth\u00e8que de l'\u00c9cole militaire\",\"ecodef\",\"\u00e9conomie\",\"\u00e9conomie de d\u00e9fense\",\"enjeux \u00e9conomiques\",\"enjeux industriels\",\"enjeux strat\u00e9giques\",\"entretiens ecodef\",\"Guillaume Giscard d'Estaing\",\"IHEDN\",\"investissements strat\u00e9giques\",\"les entretiens de l'ecodef\",\"Lucie B\u00e9raud-Sudreau\",\"webinaire\"],\"articleSection\":[\"Activit\u00e9s\",\"Activit\u00e9s : \u00e9v\u00e9nements port\u00e9s par la Chaire\"],\"inLanguage\":\"en-GB\",\"potentialAction\":[{\"@type\":\"CommentAction\",\"name\":\"Comment\",\"target\":[\"https:\\\/\\\/ecodef-ihedn.fr\\\/video-webinaire-acquisition-de-defense-en-europe-quels-enjeux-economiques-les-entretiens-de-lecodef-9-5-decembre-2024\\\/#respond\"]}]},{\"@type\":\"WebPage\",\"@id\":\"https:\\\/\\\/ecodef-ihedn.fr\\\/video-webinaire-acquisition-de-defense-en-europe-quels-enjeux-economiques-les-entretiens-de-lecodef-9-5-decembre-2024\\\/\",\"url\":\"https:\\\/\\\/ecodef-ihedn.fr\\\/video-webinaire-acquisition-de-defense-en-europe-quels-enjeux-economiques-les-entretiens-de-lecodef-9-5-decembre-2024\\\/\",\"name\":\"[VID\u00c9O] webinaire \\\"Acquisition de d\u00e9fense en Europe : quels enjeux \u00e9conomiques ?\\\" (Les entretiens de l\u2019ECODEF #9 \\\/ 5 d\u00e9cembre 2024) - Chaire \u00c9conomie de d\u00e9fense - IHEDN\",\"isPartOf\":{\"@id\":\"https:\\\/\\\/ecodef-ihedn.fr\\\/#website\"},\"primaryImageOfPage\":{\"@id\":\"https:\\\/\\\/ecodef-ihedn.fr\\\/video-webinaire-acquisition-de-defense-en-europe-quels-enjeux-economiques-les-entretiens-de-lecodef-9-5-decembre-2024\\\/#primaryimage\"},\"image\":{\"@id\":\"https:\\\/\\\/ecodef-ihedn.fr\\\/video-webinaire-acquisition-de-defense-en-europe-quels-enjeux-economiques-les-entretiens-de-lecodef-9-5-decembre-2024\\\/#primaryimage\"},\"thumbnailUrl\":\"https:\\\/\\\/ecodef-ihedn.fr\\\/wp-content\\\/uploads\\\/2024\\\/10\\\/ECODEF-webinaire-9.2-format-7-5.png\",\"datePublished\":\"2024-12-12T17:03:10+00:00\",\"dateModified\":\"2025-02-25T13:10:27+00:00\",\"breadcrumb\":{\"@id\":\"https:\\\/\\\/ecodef-ihedn.fr\\\/video-webinaire-acquisition-de-defense-en-europe-quels-enjeux-economiques-les-entretiens-de-lecodef-9-5-decembre-2024\\\/#breadcrumb\"},\"inLanguage\":\"en-GB\",\"potentialAction\":[{\"@type\":\"ReadAction\",\"target\":[\"https:\\\/\\\/ecodef-ihedn.fr\\\/video-webinaire-acquisition-de-defense-en-europe-quels-enjeux-economiques-les-entretiens-de-lecodef-9-5-decembre-2024\\\/\"]}]},{\"@type\":\"ImageObject\",\"inLanguage\":\"en-GB\",\"@id\":\"https:\\\/\\\/ecodef-ihedn.fr\\\/video-webinaire-acquisition-de-defense-en-europe-quels-enjeux-economiques-les-entretiens-de-lecodef-9-5-decembre-2024\\\/#primaryimage\",\"url\":\"https:\\\/\\\/ecodef-ihedn.fr\\\/wp-content\\\/uploads\\\/2024\\\/10\\\/ECODEF-webinaire-9.2-format-7-5.png\",\"contentUrl\":\"https:\\\/\\\/ecodef-ihedn.fr\\\/wp-content\\\/uploads\\\/2024\\\/10\\\/ECODEF-webinaire-9.2-format-7-5.png\",\"width\":1400,\"height\":1000},{\"@type\":\"BreadcrumbList\",\"@id\":\"https:\\\/\\\/ecodef-ihedn.fr\\\/video-webinaire-acquisition-de-defense-en-europe-quels-enjeux-economiques-les-entretiens-de-lecodef-9-5-decembre-2024\\\/#breadcrumb\",\"itemListElement\":[{\"@type\":\"ListItem\",\"position\":1,\"name\":\"Accueil\",\"item\":\"https:\\\/\\\/ecodef-ihedn.fr\\\/\"},{\"@type\":\"ListItem\",\"position\":2,\"name\":\"[VID\u00c9O] webinaire &#8220;Acquisition de d\u00e9fense en Europe : quels enjeux \u00e9conomiques ?&#8221; (Les entretiens de l\u2019ECODEF #9 \\\/ 5 d\u00e9cembre 2024)\"}]},{\"@type\":\"WebSite\",\"@id\":\"https:\\\/\\\/ecodef-ihedn.fr\\\/#website\",\"url\":\"https:\\\/\\\/ecodef-ihedn.fr\\\/\",\"name\":\"Chaire \u00c9conomie de D\u00e9fense - IHEDN\",\"description\":\"Produire &amp; soutenir, f\u00e9d\u00e9rer &amp; diffuser, \u00eatre une interface\",\"publisher\":{\"@id\":\"https:\\\/\\\/ecodef-ihedn.fr\\\/#organization\"},\"potentialAction\":[{\"@type\":\"SearchAction\",\"target\":{\"@type\":\"EntryPoint\",\"urlTemplate\":\"https:\\\/\\\/ecodef-ihedn.fr\\\/?s={search_term_string}\"},\"query-input\":{\"@type\":\"PropertyValueSpecification\",\"valueRequired\":true,\"valueName\":\"search_term_string\"}}],\"inLanguage\":\"en-GB\"},{\"@type\":\"Organization\",\"@id\":\"https:\\\/\\\/ecodef-ihedn.fr\\\/#organization\",\"name\":\"Chaire \u00c9conomie de d\u00e9fense - IHEDN\",\"url\":\"https:\\\/\\\/ecodef-ihedn.fr\\\/\",\"logo\":{\"@type\":\"ImageObject\",\"inLanguage\":\"en-GB\",\"@id\":\"https:\\\/\\\/ecodef-ihedn.fr\\\/#\\\/schema\\\/logo\\\/image\\\/\",\"url\":\"https:\\\/\\\/ecodef-ihedn.fr\\\/wp-content\\\/uploads\\\/2020\\\/04\\\/logoEcodef9.jpg\",\"contentUrl\":\"https:\\\/\\\/ecodef-ihedn.fr\\\/wp-content\\\/uploads\\\/2020\\\/04\\\/logoEcodef9.jpg\",\"width\":410,\"height\":212,\"caption\":\"Chaire \u00c9conomie de d\u00e9fense - IHEDN\"},\"image\":{\"@id\":\"https:\\\/\\\/ecodef-ihedn.fr\\\/#\\\/schema\\\/logo\\\/image\\\/\"},\"sameAs\":[\"https:\\\/\\\/x.com\\\/Chaire_Ecodef\",\"https:\\\/\\\/www.linkedin.com\\\/company\\\/chaire-ecodef-ihedn\\\/\"]},{\"@type\":\"Person\",\"@id\":\"https:\\\/\\\/ecodef-ihedn.fr\\\/#\\\/schema\\\/person\\\/1cdf22d028cebe278126a6e07a884d30\",\"name\":\"Bertrand Demandre\",\"image\":{\"@type\":\"ImageObject\",\"inLanguage\":\"en-GB\",\"@id\":\"https:\\\/\\\/secure.gravatar.com\\\/avatar\\\/d9c9746d6c900ab5b9c0f9b1fa3932e369da923da247d624b8f7ab4ba8a3c093?s=96&d=mm&r=g\",\"url\":\"https:\\\/\\\/secure.gravatar.com\\\/avatar\\\/d9c9746d6c900ab5b9c0f9b1fa3932e369da923da247d624b8f7ab4ba8a3c093?s=96&d=mm&r=g\",\"contentUrl\":\"https:\\\/\\\/secure.gravatar.com\\\/avatar\\\/d9c9746d6c900ab5b9c0f9b1fa3932e369da923da247d624b8f7ab4ba8a3c093?s=96&d=mm&r=g\",\"caption\":\"Bertrand Demandre\"},\"url\":\"https:\\\/\\\/ecodef-ihedn.fr\\\/en\\\/author\\\/bertrand\\\/\"}]}<\/script>\n<!-- \/ Yoast SEO plugin. -->","yoast_head_json":{"title":"[VID\u00c9O] webinaire \"Acquisition de d\u00e9fense en Europe : quels enjeux \u00e9conomiques ?\" (Les entretiens de l\u2019ECODEF #9 \/ 5 d\u00e9cembre 2024) - Chaire \u00c9conomie de d\u00e9fense - IHEDN","robots":{"index":"index","follow":"follow","max-snippet":"max-snippet:-1","max-image-preview":"max-image-preview:large","max-video-preview":"max-video-preview:-1"},"canonical":"https:\/\/ecodef-ihedn.fr\/en\/video-webinaire-acquisition-de-defense-en-europe-quels-enjeux-economiques-les-entretiens-de-lecodef-9-5-decembre-2024\/","og_locale":"en_GB","og_type":"article","og_title":"[VID\u00c9O] webinaire \"Acquisition de d\u00e9fense en Europe : quels enjeux \u00e9conomiques ?\" (Les entretiens de l\u2019ECODEF #9 \/ 5 d\u00e9cembre 2024) - Chaire \u00c9conomie de d\u00e9fense - IHEDN","og_description":"Ce num\u00e9ro a \u00e9t\u00e9 consacr\u00e9 au th\u00e8me des choix op\u00e9r\u00e9s par les pays europ\u00e9ens en mati\u00e8re d\u2019acquisition d\u2019\u00e9quipements de d\u00e9fense, compte tenu des diff\u00e9rents enjeux strat\u00e9giques et \u00e9conomiques auxquels ils sont confront\u00e9s depuis la fin de la guerre froide. VOIR OU REVOIR LE WEBINAIRE Invit\u00e9e : Lucie B\u00e9raud SudreauCharg\u00e9e de mission Analyse strat\u00e9giqueAgence europ\u00e9enne de [&hellip;]","og_url":"https:\/\/ecodef-ihedn.fr\/en\/video-webinaire-acquisition-de-defense-en-europe-quels-enjeux-economiques-les-entretiens-de-lecodef-9-5-decembre-2024\/","og_site_name":"Chaire \u00c9conomie de d\u00e9fense - IHEDN","article_published_time":"2024-12-12T17:03:10+00:00","article_modified_time":"2025-02-25T13:10:27+00:00","og_image":[{"width":1400,"height":1000,"url":"https:\/\/ecodef-ihedn.fr\/wp-content\/uploads\/2024\/10\/ECODEF-webinaire-9.2-format-7-5.png","type":"image\/png"}],"author":"Bertrand Demandre","twitter_card":"summary_large_image","twitter_creator":"@Chaire_Ecodef","twitter_site":"@Chaire_Ecodef","twitter_misc":{"Written by":"Bertrand Demandre","Estimated reading time":"2 minutes"},"schema":{"@context":"https:\/\/schema.org","@graph":[{"@type":"Article","@id":"https:\/\/ecodef-ihedn.fr\/video-webinaire-acquisition-de-defense-en-europe-quels-enjeux-economiques-les-entretiens-de-lecodef-9-5-decembre-2024\/#article","isPartOf":{"@id":"https:\/\/ecodef-ihedn.fr\/video-webinaire-acquisition-de-defense-en-europe-quels-enjeux-economiques-les-entretiens-de-lecodef-9-5-decembre-2024\/"},"author":{"name":"Bertrand Demandre","@id":"https:\/\/ecodef-ihedn.fr\/#\/schema\/person\/1cdf22d028cebe278126a6e07a884d30"},"headline":"[VID\u00c9O] webinaire \u00ab\u00a0Acquisition de d\u00e9fense en Europe : quels enjeux \u00e9conomiques ?\u00a0\u00bb (Les entretiens de l\u2019ECODEF #9 \/ 5 d\u00e9cembre 2024)","datePublished":"2024-12-12T17:03:10+00:00","dateModified":"2025-02-25T13:10:27+00:00","mainEntityOfPage":{"@id":"https:\/\/ecodef-ihedn.fr\/video-webinaire-acquisition-de-defense-en-europe-quels-enjeux-economiques-les-entretiens-de-lecodef-9-5-decembre-2024\/"},"wordCount":230,"commentCount":0,"publisher":{"@id":"https:\/\/ecodef-ihedn.fr\/#organization"},"image":{"@id":"https:\/\/ecodef-ihedn.fr\/video-webinaire-acquisition-de-defense-en-europe-quels-enjeux-economiques-les-entretiens-de-lecodef-9-5-decembre-2024\/#primaryimage"},"thumbnailUrl":"https:\/\/ecodef-ihedn.fr\/wp-content\/uploads\/2024\/10\/ECODEF-webinaire-9.2-format-7-5.png","keywords":["ACADEM","Acad\u00e9mie de d\u00e9fense de l'\u00c9cole militaire","acquisition","acquisitions","AED","Agence europ\u00e9enne de d\u00e9fense","BEM","biblioth\u00e8que de l'\u00c9cole militaire","ecodef","\u00e9conomie","\u00e9conomie de d\u00e9fense","enjeux \u00e9conomiques","enjeux industriels","enjeux strat\u00e9giques","entretiens ecodef","Guillaume Giscard d'Estaing","IHEDN","investissements strat\u00e9giques","les entretiens de l'ecodef","Lucie B\u00e9raud-Sudreau","webinaire"],"articleSection":["Activit\u00e9s","Activit\u00e9s : \u00e9v\u00e9nements port\u00e9s par la Chaire"],"inLanguage":"en-GB","potentialAction":[{"@type":"CommentAction","name":"Comment","target":["https:\/\/ecodef-ihedn.fr\/video-webinaire-acquisition-de-defense-en-europe-quels-enjeux-economiques-les-entretiens-de-lecodef-9-5-decembre-2024\/#respond"]}]},{"@type":"WebPage","@id":"https:\/\/ecodef-ihedn.fr\/video-webinaire-acquisition-de-defense-en-europe-quels-enjeux-economiques-les-entretiens-de-lecodef-9-5-decembre-2024\/","url":"https:\/\/ecodef-ihedn.fr\/video-webinaire-acquisition-de-defense-en-europe-quels-enjeux-economiques-les-entretiens-de-lecodef-9-5-decembre-2024\/","name":"[VID\u00c9O] webinaire \"Acquisition de d\u00e9fense en Europe : quels enjeux \u00e9conomiques ?\" (Les entretiens de l\u2019ECODEF #9 \/ 5 d\u00e9cembre 2024) - Chaire \u00c9conomie de d\u00e9fense - IHEDN","isPartOf":{"@id":"https:\/\/ecodef-ihedn.fr\/#website"},"primaryImageOfPage":{"@id":"https:\/\/ecodef-ihedn.fr\/video-webinaire-acquisition-de-defense-en-europe-quels-enjeux-economiques-les-entretiens-de-lecodef-9-5-decembre-2024\/#primaryimage"},"image":{"@id":"https:\/\/ecodef-ihedn.fr\/video-webinaire-acquisition-de-defense-en-europe-quels-enjeux-economiques-les-entretiens-de-lecodef-9-5-decembre-2024\/#primaryimage"},"thumbnailUrl":"https:\/\/ecodef-ihedn.fr\/wp-content\/uploads\/2024\/10\/ECODEF-webinaire-9.2-format-7-5.png","datePublished":"2024-12-12T17:03:10+00:00","dateModified":"2025-02-25T13:10:27+00:00","breadcrumb":{"@id":"https:\/\/ecodef-ihedn.fr\/video-webinaire-acquisition-de-defense-en-europe-quels-enjeux-economiques-les-entretiens-de-lecodef-9-5-decembre-2024\/#breadcrumb"},"inLanguage":"en-GB","potentialAction":[{"@type":"ReadAction","target":["https:\/\/ecodef-ihedn.fr\/video-webinaire-acquisition-de-defense-en-europe-quels-enjeux-economiques-les-entretiens-de-lecodef-9-5-decembre-2024\/"]}]},{"@type":"ImageObject","inLanguage":"en-GB","@id":"https:\/\/ecodef-ihedn.fr\/video-webinaire-acquisition-de-defense-en-europe-quels-enjeux-economiques-les-entretiens-de-lecodef-9-5-decembre-2024\/#primaryimage","url":"https:\/\/ecodef-ihedn.fr\/wp-content\/uploads\/2024\/10\/ECODEF-webinaire-9.2-format-7-5.png","contentUrl":"https:\/\/ecodef-ihedn.fr\/wp-content\/uploads\/2024\/10\/ECODEF-webinaire-9.2-format-7-5.png","width":1400,"height":1000},{"@type":"BreadcrumbList","@id":"https:\/\/ecodef-ihedn.fr\/video-webinaire-acquisition-de-defense-en-europe-quels-enjeux-economiques-les-entretiens-de-lecodef-9-5-decembre-2024\/#breadcrumb","itemListElement":[{"@type":"ListItem","position":1,"name":"Accueil","item":"https:\/\/ecodef-ihedn.fr\/"},{"@type":"ListItem","position":2,"name":"[VID\u00c9O] webinaire &#8220;Acquisition de d\u00e9fense en Europe : quels enjeux \u00e9conomiques ?&#8221; (Les entretiens de l\u2019ECODEF #9 \/ 5 d\u00e9cembre 2024)"}]},{"@type":"WebSite","@id":"https:\/\/ecodef-ihedn.fr\/#website","url":"https:\/\/ecodef-ihedn.fr\/","name":"Chair in Defence Economics - IHEDN","description":"Produce &amp; support, federate &amp; disseminate, act as an interface","publisher":{"@id":"https:\/\/ecodef-ihedn.fr\/#organization"},"potentialAction":[{"@type":"SearchAction","target":{"@type":"EntryPoint","urlTemplate":"https:\/\/ecodef-ihedn.fr\/?s={search_term_string}"},"query-input":{"@type":"PropertyValueSpecification","valueRequired":true,"valueName":"search_term_string"}}],"inLanguage":"en-GB"},{"@type":"Organization","@id":"https:\/\/ecodef-ihedn.fr\/#organization","name":"Chair in Defence Economics - IHEDN","url":"https:\/\/ecodef-ihedn.fr\/","logo":{"@type":"ImageObject","inLanguage":"en-GB","@id":"https:\/\/ecodef-ihedn.fr\/#\/schema\/logo\/image\/","url":"https:\/\/ecodef-ihedn.fr\/wp-content\/uploads\/2020\/04\/logoEcodef9.jpg","contentUrl":"https:\/\/ecodef-ihedn.fr\/wp-content\/uploads\/2020\/04\/logoEcodef9.jpg","width":410,"height":212,"caption":"Chaire \u00c9conomie de d\u00e9fense - IHEDN"},"image":{"@id":"https:\/\/ecodef-ihedn.fr\/#\/schema\/logo\/image\/"},"sameAs":["https:\/\/x.com\/Chaire_Ecodef","https:\/\/www.linkedin.com\/company\/chaire-ecodef-ihedn\/"]},{"@type":"Person","@id":"https:\/\/ecodef-ihedn.fr\/#\/schema\/person\/1cdf22d028cebe278126a6e07a884d30","name":"Bertrand Demandre","image":{"@type":"ImageObject","inLanguage":"en-GB","@id":"https:\/\/secure.gravatar.com\/avatar\/d9c9746d6c900ab5b9c0f9b1fa3932e369da923da247d624b8f7ab4ba8a3c093?s=96&d=mm&r=g","url":"https:\/\/secure.gravatar.com\/avatar\/d9c9746d6c900ab5b9c0f9b1fa3932e369da923da247d624b8f7ab4ba8a3c093?s=96&d=mm&r=g","contentUrl":"https:\/\/secure.gravatar.com\/avatar\/d9c9746d6c900ab5b9c0f9b1fa3932e369da923da247d624b8f7ab4ba8a3c093?s=96&d=mm&r=g","caption":"Bertrand Demandre"},"url":"https:\/\/ecodef-ihedn.fr\/en\/author\/bertrand\/"}]}},"_links":{"self":[{"href":"https:\/\/ecodef-ihedn.fr\/en\/wp-json\/wp\/v2\/posts\/8763","targetHints":{"allow":["GET"]}}],"collection":[{"href":"https:\/\/ecodef-ihedn.fr\/en\/wp-json\/wp\/v2\/posts"}],"about":[{"href":"https:\/\/ecodef-ihedn.fr\/en\/wp-json\/wp\/v2\/types\/post"}],"author":[{"embeddable":true,"href":"https:\/\/ecodef-ihedn.fr\/en\/wp-json\/wp\/v2\/users\/2"}],"replies":[{"embeddable":true,"href":"https:\/\/ecodef-ihedn.fr\/en\/wp-json\/wp\/v2\/comments?post=8763"}],"version-history":[{"count":1,"href":"https:\/\/ecodef-ihedn.fr\/en\/wp-json\/wp\/v2\/posts\/8763\/revisions"}],"predecessor-version":[{"id":8764,"href":"https:\/\/ecodef-ihedn.fr\/en\/wp-json\/wp\/v2\/posts\/8763\/revisions\/8764"}],"wp:featuredmedia":[{"embeddable":true,"href":"https:\/\/ecodef-ihedn.fr\/en\/wp-json\/wp\/v2\/media\/8631"}],"wp:attachment":[{"href":"https:\/\/ecodef-ihedn.fr\/en\/wp-json\/wp\/v2\/media?parent=8763"}],"wp:term":[{"taxonomy":"category","embeddable":true,"href":"https:\/\/ecodef-ihedn.fr\/en\/wp-json\/wp\/v2\/categories?post=8763"},{"taxonomy":"post_tag","embeddable":true,"href":"https:\/\/ecodef-ihedn.fr\/en\/wp-json\/wp\/v2\/tags?post=8763"}],"curies":[{"name":"wp","href":"https:\/\/api.w.org\/{rel}","templated":true}]}}