{"id":8767,"date":"2024-11-12T18:27:26","date_gmt":"2024-11-12T18:27:26","guid":{"rendered":"https:\/\/ecodef-ihedn.fr\/?p=8767"},"modified":"2025-02-25T13:45:39","modified_gmt":"2025-02-25T13:45:39","slug":"intervention-de-julien-malizard-aux-rencontres-strategiques-de-la-mediterranee-toulon-9-octobre-2024","status":"publish","type":"post","link":"https:\/\/ecodef-ihedn.fr\/en\/intervention-de-julien-malizard-aux-rencontres-strategiques-de-la-mediterranee-toulon-9-octobre-2024\/","title":{"rendered":"Speech by Julien Malizard at the \u00abRencontres strat\u00e9giques de la m\u00e9diterran\u00e9e\u00bb (Toulon, 9 October 2024)"},"content":{"rendered":"<p><a href=\"https:\/\/ecodef-ihedn.fr\/wp-content\/uploads\/2025\/02\/RSM-FMES-2024.jpg\"><img loading=\"lazy\" decoding=\"async\" class=\"aligncenter wp-image-8768 size-medium\" src=\"https:\/\/ecodef-ihedn.fr\/wp-content\/uploads\/2025\/02\/RSM-FMES-2024-300x200.jpg\" alt=\"\" width=\"300\" height=\"200\" srcset=\"https:\/\/ecodef-ihedn.fr\/wp-content\/uploads\/2025\/02\/RSM-FMES-2024-300x200.jpg 300w, https:\/\/ecodef-ihedn.fr\/wp-content\/uploads\/2025\/02\/RSM-FMES-2024-1024x683.jpg 1024w, https:\/\/ecodef-ihedn.fr\/wp-content\/uploads\/2025\/02\/RSM-FMES-2024-768x512.jpg 768w, https:\/\/ecodef-ihedn.fr\/wp-content\/uploads\/2025\/02\/RSM-FMES-2024-630x420.jpg 630w, https:\/\/ecodef-ihedn.fr\/wp-content\/uploads\/2025\/02\/RSM-FMES-2024-1260x840.jpg 1260w, https:\/\/ecodef-ihedn.fr\/wp-content\/uploads\/2025\/02\/RSM-FMES-2024-696x464.jpg 696w, https:\/\/ecodef-ihedn.fr\/wp-content\/uploads\/2025\/02\/RSM-FMES-2024-1068x712.jpg 1068w, https:\/\/ecodef-ihedn.fr\/wp-content\/uploads\/2025\/02\/RSM-FMES-2024.jpg 1386w\" sizes=\"auto, (max-width: 300px) 100vw, 300px\" \/><\/a><\/p>\r\n<p><strong>Julien Malizard<\/strong> took place on Wednesday 9 October 2024 during the <strong><a href=\"https:\/\/fmes-france.org\/rsmed-2024\/\" target=\"_blank\" rel=\"noopener\">3<sup>th<\/sup> edition of the Rencontres strat\u00e9giques de la m\u00e9diterran\u00e9e<\/a><\/strong>, organised in Toulon by the Mediterranean Foundation for Strategic Studies (FMES).<\/p>\r\n<p>He took part, along with Alexis d'Aboville (ArianeGroup) and Beno\u00eet Rademacher (IRSEM), in the round table discussion <strong>\u00abwar economy and reindustrialisation: what implications for the defence industry in the face of the return of high-intensity conflicts?\u00bb<\/strong>, hosted by Laura Kayali (journalist at Politico).<\/p>\r\n<p>Julien Malizard's presentation, in conjunction with <strong><a href=\"https:\/\/ecodef-ihedn.fr\/en\/pourquoi-nous-ne-sommes-pas-encore-en-economie-de-guerre-publication-dun-article-de-josselin-droff-et-julien-malizard-dans-the-conversation\/\" target=\"_blank\" rel=\"noopener\">recent work by the chair<\/a><\/strong>, It focused on three points:<\/p>\r\n<ol>\r\n<li>Unlike Ukraine, <strong>France is not in a \u00abwar economy\u00bb.\u00bb<\/strong>, This is defined as a concentration of defence resources in excess of 30 % of GDP, as has been observed historically; ;<\/li>\r\n<li>Insofar as there is no major crisis justifying such a defence effort, it is appropriate to <strong>know the sticking points<\/strong> of the French defence industry in the event of massive rearmament ;<\/li>\r\n<li>Mass deployment will probably involve civilian industry, as we have seen in the field of drones in Ukraine, <strong><a href=\"https:\/\/ecodef-ihedn.fr\/en\/evolution-des-conflits-et-reconfigurations-de-lindustrie-de-larmement-publication-dun-article-de-josselin-droff-et-julien-malizard-dans-defenseindustrie-revue-de-la-frs\/\" target=\"_blank\" rel=\"noopener\">the defence industry remains essential to the management of major weapons programmes<\/a><\/strong>.<\/li>\r\n<\/ol>\r\n<p>The proceedings of these meetings are <a href=\"https:\/\/fmes-france.org\/wp-content\/uploads\/2024\/10\/actes-des-rsmed_2024.pdf\" target=\"_blank\" rel=\"noopener\">available for download<\/a> on the WFES website<\/p>\r\n<p><em>The Rencontres Strat\u00e9giques de la M\u00e9diterran\u00e9e is the leading geopolitical event in France. Each year, the two-day event takes place in Toulon and features a rich programme of round tables and presentations.<\/em><\/p>\r\n<p><em>The discussions are led by a number of experts: researchers, senior managers and industrial representatives, civil and military authorities. The originality of these meetings lies in the FMES Institute's desire to bring together operational, academic and technological perspectives in order to decipher the major geopolitical challenges of the Mediterranean basin and the Middle East and their impact on the region, France and the European Union. More than 3,000 participants are expected to attend, including students, defence industry professionals, military personnel, diplomats, politicians, journalists and academics.<\/em><\/p>\r\n<p>&nbsp;<\/p>","protected":false},"excerpt":{"rendered":"<p>Julien Malizard est intervenu le mercredi 9 octobre 2024 lors de la 3\u00e8me \u00e9dition des Rencontres strat\u00e9giques de la m\u00e9diterran\u00e9e, organis\u00e9es \u00e0 Toulon par la Fondation m\u00e9diterran\u00e9enne d\u2019\u00e9tudes strat\u00e9giques (FMES). Il a particip\u00e9, avec Alexis d\u2019Aboville (ArianeGroup) et Beno\u00eet Rademacher (IRSEM), \u00e0 la table ronde \u00ab\u00a0\u00e9conomie de guerre et r\u00e9industrialisation : quelles implications pour l\u2019industrie [&hellip;]<\/p>\n","protected":false},"author":2,"featured_media":8768,"comment_status":"open","ping_status":"open","sticky":false,"template":"","format":"standard","meta":{"footnotes":""},"categories":[34,356],"tags":[782,635,784,162,587,36,438,47,405,74,779,780,602,38,196,86,781,637,636,783,785,778],"class_list":{"0":"post-8767","1":"post","2":"type-post","3":"status-publish","4":"format-standard","5":"has-post-thumbnail","7":"category-activites","8":"category-activites-participation-de-la-chaire-a-un-evenement","9":"tag-alexis-daboville","10":"tag-arianegroup","11":"tag-benoit-rademacher","12":"tag-chaire-economie-de-defense","13":"tag-conflit-de-haute-intensite","14":"tag-defense","15":"tag-ecodef","16":"tag-economie-de-defense","17":"tag-economie-de-guerre","18":"tag-financement","19":"tag-fmes","20":"tag-fondation-mediterraneenne-detudes-strategiques","21":"tag-haute-intensite","22":"tag-ihedn","23":"tag-irsem","24":"tag-julien-malizard","25":"tag-laura-kayali","26":"tag-loi-de-programmation-militaire","27":"tag-lpm","28":"tag-politico","29":"tag-reindustrialisation","30":"tag-rencontres-strategiques-de-la-mediterranee"},"yoast_head":"<!-- This site is optimized with the Yoast SEO plugin v27.4 - https:\/\/yoast.com\/product\/yoast-seo-wordpress\/ -->\n<title>Intervention de Julien Malizard aux &quot;Rencontres strat\u00e9giques de la m\u00e9diterran\u00e9e&quot; (Toulon, 9 octobre 2024) - Chaire \u00c9conomie de d\u00e9fense - IHEDN<\/title>\n<meta name=\"robots\" content=\"index, follow, max-snippet:-1, max-image-preview:large, max-video-preview:-1\" \/>\n<link rel=\"canonical\" href=\"https:\/\/ecodef-ihedn.fr\/en\/intervention-de-julien-malizard-aux-rencontres-strategiques-de-la-mediterranee-toulon-9-octobre-2024\/\" \/>\n<meta property=\"og:locale\" content=\"en_GB\" \/>\n<meta property=\"og:type\" content=\"article\" \/>\n<meta property=\"og:title\" content=\"Intervention de Julien Malizard aux &quot;Rencontres strat\u00e9giques de la m\u00e9diterran\u00e9e&quot; (Toulon, 9 octobre 2024) - Chaire \u00c9conomie de d\u00e9fense - IHEDN\" \/>\n<meta property=\"og:description\" content=\"Julien Malizard est intervenu le mercredi 9 octobre 2024 lors de la 3\u00e8me \u00e9dition des Rencontres strat\u00e9giques de la m\u00e9diterran\u00e9e, organis\u00e9es \u00e0 Toulon par la Fondation m\u00e9diterran\u00e9enne d\u2019\u00e9tudes strat\u00e9giques (FMES). Il a particip\u00e9, avec Alexis d\u2019Aboville (ArianeGroup) et Beno\u00eet Rademacher (IRSEM), \u00e0 la table ronde \u00ab\u00a0\u00e9conomie de guerre et r\u00e9industrialisation : quelles implications pour l\u2019industrie [&hellip;]\" \/>\n<meta property=\"og:url\" content=\"https:\/\/ecodef-ihedn.fr\/en\/intervention-de-julien-malizard-aux-rencontres-strategiques-de-la-mediterranee-toulon-9-octobre-2024\/\" \/>\n<meta property=\"og:site_name\" content=\"Chaire \u00c9conomie de d\u00e9fense - IHEDN\" \/>\n<meta property=\"article:published_time\" content=\"2024-11-12T18:27:26+00:00\" \/>\n<meta property=\"article:modified_time\" content=\"2025-02-25T13:45:39+00:00\" \/>\n<meta property=\"og:image\" content=\"https:\/\/ecodef-ihedn.fr\/wp-content\/uploads\/2025\/02\/RSM-FMES-2024.jpg\" \/>\n\t<meta property=\"og:image:width\" content=\"1386\" \/>\n\t<meta property=\"og:image:height\" content=\"924\" \/>\n\t<meta property=\"og:image:type\" content=\"image\/jpeg\" \/>\n<meta name=\"author\" content=\"Bertrand Demandre\" \/>\n<meta name=\"twitter:card\" content=\"summary_large_image\" \/>\n<meta name=\"twitter:creator\" content=\"@Chaire_Ecodef\" \/>\n<meta name=\"twitter:site\" content=\"@Chaire_Ecodef\" \/>\n<meta name=\"twitter:label1\" content=\"Written by\" \/>\n\t<meta name=\"twitter:data1\" content=\"Bertrand Demandre\" \/>\n\t<meta name=\"twitter:label2\" content=\"Estimated reading time\" \/>\n\t<meta name=\"twitter:data2\" content=\"3 minutes\" \/>\n<script type=\"application\/ld+json\" class=\"yoast-schema-graph\">{\"@context\":\"https:\\\/\\\/schema.org\",\"@graph\":[{\"@type\":\"Article\",\"@id\":\"https:\\\/\\\/ecodef-ihedn.fr\\\/intervention-de-julien-malizard-aux-rencontres-strategiques-de-la-mediterranee-toulon-9-octobre-2024\\\/#article\",\"isPartOf\":{\"@id\":\"https:\\\/\\\/ecodef-ihedn.fr\\\/intervention-de-julien-malizard-aux-rencontres-strategiques-de-la-mediterranee-toulon-9-octobre-2024\\\/\"},\"author\":{\"name\":\"Bertrand Demandre\",\"@id\":\"https:\\\/\\\/ecodef-ihedn.fr\\\/#\\\/schema\\\/person\\\/1cdf22d028cebe278126a6e07a884d30\"},\"headline\":\"Intervention de Julien Malizard aux \u00ab\u00a0Rencontres strat\u00e9giques de la m\u00e9diterran\u00e9e\u00a0\u00bb (Toulon, 9 octobre 2024)\",\"datePublished\":\"2024-11-12T18:27:26+00:00\",\"dateModified\":\"2025-02-25T13:45:39+00:00\",\"mainEntityOfPage\":{\"@id\":\"https:\\\/\\\/ecodef-ihedn.fr\\\/intervention-de-julien-malizard-aux-rencontres-strategiques-de-la-mediterranee-toulon-9-octobre-2024\\\/\"},\"wordCount\":396,\"commentCount\":0,\"publisher\":{\"@id\":\"https:\\\/\\\/ecodef-ihedn.fr\\\/#organization\"},\"image\":{\"@id\":\"https:\\\/\\\/ecodef-ihedn.fr\\\/intervention-de-julien-malizard-aux-rencontres-strategiques-de-la-mediterranee-toulon-9-octobre-2024\\\/#primaryimage\"},\"thumbnailUrl\":\"https:\\\/\\\/ecodef-ihedn.fr\\\/wp-content\\\/uploads\\\/2025\\\/02\\\/RSM-FMES-2024.jpg\",\"keywords\":[\"Alexis d\u2019Aboville\",\"ArianeGroup\",\"Beno\u00eet Rademacher\",\"chaire \u00e9conomie de d\u00e9fense\",\"conflit de haute intensit\u00e9\",\"D\u00e9fense\",\"ecodef\",\"\u00e9conomie de d\u00e9fense\",\"\u00e9conomie de guerre\",\"financement\",\"FMES\",\"Fondation m\u00e9diterran\u00e9enne d\u2019\u00e9tudes strat\u00e9giques\",\"haute intensit\u00e9\",\"IHEDN\",\"IRSEM\",\"Julien Malizard\",\"Laura Kayali\",\"loi de programmation militaire\",\"LPM\",\"Politico\",\"r\u00e9industrialisation\",\"rencontres strat\u00e9giques de la m\u00e9diterran\u00e9e\"],\"articleSection\":[\"Activit\u00e9s\",\"Activit\u00e9s : participation de la Chaire \u00e0 un \u00e9v\u00e9nement\"],\"inLanguage\":\"en-GB\",\"potentialAction\":[{\"@type\":\"CommentAction\",\"name\":\"Comment\",\"target\":[\"https:\\\/\\\/ecodef-ihedn.fr\\\/intervention-de-julien-malizard-aux-rencontres-strategiques-de-la-mediterranee-toulon-9-octobre-2024\\\/#respond\"]}]},{\"@type\":\"WebPage\",\"@id\":\"https:\\\/\\\/ecodef-ihedn.fr\\\/intervention-de-julien-malizard-aux-rencontres-strategiques-de-la-mediterranee-toulon-9-octobre-2024\\\/\",\"url\":\"https:\\\/\\\/ecodef-ihedn.fr\\\/intervention-de-julien-malizard-aux-rencontres-strategiques-de-la-mediterranee-toulon-9-octobre-2024\\\/\",\"name\":\"Intervention de Julien Malizard aux \\\"Rencontres strat\u00e9giques de la m\u00e9diterran\u00e9e\\\" (Toulon, 9 octobre 2024) - Chaire \u00c9conomie de d\u00e9fense - IHEDN\",\"isPartOf\":{\"@id\":\"https:\\\/\\\/ecodef-ihedn.fr\\\/#website\"},\"primaryImageOfPage\":{\"@id\":\"https:\\\/\\\/ecodef-ihedn.fr\\\/intervention-de-julien-malizard-aux-rencontres-strategiques-de-la-mediterranee-toulon-9-octobre-2024\\\/#primaryimage\"},\"image\":{\"@id\":\"https:\\\/\\\/ecodef-ihedn.fr\\\/intervention-de-julien-malizard-aux-rencontres-strategiques-de-la-mediterranee-toulon-9-octobre-2024\\\/#primaryimage\"},\"thumbnailUrl\":\"https:\\\/\\\/ecodef-ihedn.fr\\\/wp-content\\\/uploads\\\/2025\\\/02\\\/RSM-FMES-2024.jpg\",\"datePublished\":\"2024-11-12T18:27:26+00:00\",\"dateModified\":\"2025-02-25T13:45:39+00:00\",\"breadcrumb\":{\"@id\":\"https:\\\/\\\/ecodef-ihedn.fr\\\/intervention-de-julien-malizard-aux-rencontres-strategiques-de-la-mediterranee-toulon-9-octobre-2024\\\/#breadcrumb\"},\"inLanguage\":\"en-GB\",\"potentialAction\":[{\"@type\":\"ReadAction\",\"target\":[\"https:\\\/\\\/ecodef-ihedn.fr\\\/intervention-de-julien-malizard-aux-rencontres-strategiques-de-la-mediterranee-toulon-9-octobre-2024\\\/\"]}]},{\"@type\":\"ImageObject\",\"inLanguage\":\"en-GB\",\"@id\":\"https:\\\/\\\/ecodef-ihedn.fr\\\/intervention-de-julien-malizard-aux-rencontres-strategiques-de-la-mediterranee-toulon-9-octobre-2024\\\/#primaryimage\",\"url\":\"https:\\\/\\\/ecodef-ihedn.fr\\\/wp-content\\\/uploads\\\/2025\\\/02\\\/RSM-FMES-2024.jpg\",\"contentUrl\":\"https:\\\/\\\/ecodef-ihedn.fr\\\/wp-content\\\/uploads\\\/2025\\\/02\\\/RSM-FMES-2024.jpg\",\"width\":1386,\"height\":924},{\"@type\":\"BreadcrumbList\",\"@id\":\"https:\\\/\\\/ecodef-ihedn.fr\\\/intervention-de-julien-malizard-aux-rencontres-strategiques-de-la-mediterranee-toulon-9-octobre-2024\\\/#breadcrumb\",\"itemListElement\":[{\"@type\":\"ListItem\",\"position\":1,\"name\":\"Accueil\",\"item\":\"https:\\\/\\\/ecodef-ihedn.fr\\\/\"},{\"@type\":\"ListItem\",\"position\":2,\"name\":\"Intervention de Julien Malizard aux &#8220;Rencontres strat\u00e9giques de la m\u00e9diterran\u00e9e&#8221; (Toulon, 9 octobre 2024)\"}]},{\"@type\":\"WebSite\",\"@id\":\"https:\\\/\\\/ecodef-ihedn.fr\\\/#website\",\"url\":\"https:\\\/\\\/ecodef-ihedn.fr\\\/\",\"name\":\"Chaire \u00c9conomie de D\u00e9fense - IHEDN\",\"description\":\"Produire &amp; soutenir, f\u00e9d\u00e9rer &amp; diffuser, \u00eatre une interface\",\"publisher\":{\"@id\":\"https:\\\/\\\/ecodef-ihedn.fr\\\/#organization\"},\"potentialAction\":[{\"@type\":\"SearchAction\",\"target\":{\"@type\":\"EntryPoint\",\"urlTemplate\":\"https:\\\/\\\/ecodef-ihedn.fr\\\/?s={search_term_string}\"},\"query-input\":{\"@type\":\"PropertyValueSpecification\",\"valueRequired\":true,\"valueName\":\"search_term_string\"}}],\"inLanguage\":\"en-GB\"},{\"@type\":\"Organization\",\"@id\":\"https:\\\/\\\/ecodef-ihedn.fr\\\/#organization\",\"name\":\"Chaire \u00c9conomie de d\u00e9fense - IHEDN\",\"url\":\"https:\\\/\\\/ecodef-ihedn.fr\\\/\",\"logo\":{\"@type\":\"ImageObject\",\"inLanguage\":\"en-GB\",\"@id\":\"https:\\\/\\\/ecodef-ihedn.fr\\\/#\\\/schema\\\/logo\\\/image\\\/\",\"url\":\"https:\\\/\\\/ecodef-ihedn.fr\\\/wp-content\\\/uploads\\\/2020\\\/04\\\/logoEcodef9.jpg\",\"contentUrl\":\"https:\\\/\\\/ecodef-ihedn.fr\\\/wp-content\\\/uploads\\\/2020\\\/04\\\/logoEcodef9.jpg\",\"width\":410,\"height\":212,\"caption\":\"Chaire \u00c9conomie de d\u00e9fense - IHEDN\"},\"image\":{\"@id\":\"https:\\\/\\\/ecodef-ihedn.fr\\\/#\\\/schema\\\/logo\\\/image\\\/\"},\"sameAs\":[\"https:\\\/\\\/x.com\\\/Chaire_Ecodef\",\"https:\\\/\\\/www.linkedin.com\\\/company\\\/chaire-ecodef-ihedn\\\/\"]},{\"@type\":\"Person\",\"@id\":\"https:\\\/\\\/ecodef-ihedn.fr\\\/#\\\/schema\\\/person\\\/1cdf22d028cebe278126a6e07a884d30\",\"name\":\"Bertrand Demandre\",\"image\":{\"@type\":\"ImageObject\",\"inLanguage\":\"en-GB\",\"@id\":\"https:\\\/\\\/secure.gravatar.com\\\/avatar\\\/d9c9746d6c900ab5b9c0f9b1fa3932e369da923da247d624b8f7ab4ba8a3c093?s=96&d=mm&r=g\",\"url\":\"https:\\\/\\\/secure.gravatar.com\\\/avatar\\\/d9c9746d6c900ab5b9c0f9b1fa3932e369da923da247d624b8f7ab4ba8a3c093?s=96&d=mm&r=g\",\"contentUrl\":\"https:\\\/\\\/secure.gravatar.com\\\/avatar\\\/d9c9746d6c900ab5b9c0f9b1fa3932e369da923da247d624b8f7ab4ba8a3c093?s=96&d=mm&r=g\",\"caption\":\"Bertrand Demandre\"},\"url\":\"https:\\\/\\\/ecodef-ihedn.fr\\\/en\\\/author\\\/bertrand\\\/\"}]}<\/script>\n<!-- \/ Yoast SEO plugin. -->","yoast_head_json":{"title":"Intervention de Julien Malizard aux \"Rencontres strat\u00e9giques de la m\u00e9diterran\u00e9e\" (Toulon, 9 octobre 2024) - Chaire \u00c9conomie de d\u00e9fense - IHEDN","robots":{"index":"index","follow":"follow","max-snippet":"max-snippet:-1","max-image-preview":"max-image-preview:large","max-video-preview":"max-video-preview:-1"},"canonical":"https:\/\/ecodef-ihedn.fr\/en\/intervention-de-julien-malizard-aux-rencontres-strategiques-de-la-mediterranee-toulon-9-octobre-2024\/","og_locale":"en_GB","og_type":"article","og_title":"Intervention de Julien Malizard aux \"Rencontres strat\u00e9giques de la m\u00e9diterran\u00e9e\" (Toulon, 9 octobre 2024) - Chaire \u00c9conomie de d\u00e9fense - IHEDN","og_description":"Julien Malizard est intervenu le mercredi 9 octobre 2024 lors de la 3\u00e8me \u00e9dition des Rencontres strat\u00e9giques de la m\u00e9diterran\u00e9e, organis\u00e9es \u00e0 Toulon par la Fondation m\u00e9diterran\u00e9enne d\u2019\u00e9tudes strat\u00e9giques (FMES). Il a particip\u00e9, avec Alexis d\u2019Aboville (ArianeGroup) et Beno\u00eet Rademacher (IRSEM), \u00e0 la table ronde \u00ab\u00a0\u00e9conomie de guerre et r\u00e9industrialisation : quelles implications pour l\u2019industrie [&hellip;]","og_url":"https:\/\/ecodef-ihedn.fr\/en\/intervention-de-julien-malizard-aux-rencontres-strategiques-de-la-mediterranee-toulon-9-octobre-2024\/","og_site_name":"Chaire \u00c9conomie de d\u00e9fense - IHEDN","article_published_time":"2024-11-12T18:27:26+00:00","article_modified_time":"2025-02-25T13:45:39+00:00","og_image":[{"width":1386,"height":924,"url":"https:\/\/ecodef-ihedn.fr\/wp-content\/uploads\/2025\/02\/RSM-FMES-2024.jpg","type":"image\/jpeg"}],"author":"Bertrand Demandre","twitter_card":"summary_large_image","twitter_creator":"@Chaire_Ecodef","twitter_site":"@Chaire_Ecodef","twitter_misc":{"Written by":"Bertrand Demandre","Estimated reading time":"3 minutes"},"schema":{"@context":"https:\/\/schema.org","@graph":[{"@type":"Article","@id":"https:\/\/ecodef-ihedn.fr\/intervention-de-julien-malizard-aux-rencontres-strategiques-de-la-mediterranee-toulon-9-octobre-2024\/#article","isPartOf":{"@id":"https:\/\/ecodef-ihedn.fr\/intervention-de-julien-malizard-aux-rencontres-strategiques-de-la-mediterranee-toulon-9-octobre-2024\/"},"author":{"name":"Bertrand Demandre","@id":"https:\/\/ecodef-ihedn.fr\/#\/schema\/person\/1cdf22d028cebe278126a6e07a884d30"},"headline":"Intervention de Julien Malizard aux \u00ab\u00a0Rencontres strat\u00e9giques de la m\u00e9diterran\u00e9e\u00a0\u00bb (Toulon, 9 octobre 2024)","datePublished":"2024-11-12T18:27:26+00:00","dateModified":"2025-02-25T13:45:39+00:00","mainEntityOfPage":{"@id":"https:\/\/ecodef-ihedn.fr\/intervention-de-julien-malizard-aux-rencontres-strategiques-de-la-mediterranee-toulon-9-octobre-2024\/"},"wordCount":396,"commentCount":0,"publisher":{"@id":"https:\/\/ecodef-ihedn.fr\/#organization"},"image":{"@id":"https:\/\/ecodef-ihedn.fr\/intervention-de-julien-malizard-aux-rencontres-strategiques-de-la-mediterranee-toulon-9-octobre-2024\/#primaryimage"},"thumbnailUrl":"https:\/\/ecodef-ihedn.fr\/wp-content\/uploads\/2025\/02\/RSM-FMES-2024.jpg","keywords":["Alexis d\u2019Aboville","ArianeGroup","Beno\u00eet Rademacher","chaire \u00e9conomie de d\u00e9fense","conflit de haute intensit\u00e9","D\u00e9fense","ecodef","\u00e9conomie de d\u00e9fense","\u00e9conomie de guerre","financement","FMES","Fondation m\u00e9diterran\u00e9enne d\u2019\u00e9tudes strat\u00e9giques","haute intensit\u00e9","IHEDN","IRSEM","Julien Malizard","Laura Kayali","loi de programmation militaire","LPM","Politico","r\u00e9industrialisation","rencontres strat\u00e9giques de la m\u00e9diterran\u00e9e"],"articleSection":["Activit\u00e9s","Activit\u00e9s : participation de la Chaire \u00e0 un \u00e9v\u00e9nement"],"inLanguage":"en-GB","potentialAction":[{"@type":"CommentAction","name":"Comment","target":["https:\/\/ecodef-ihedn.fr\/intervention-de-julien-malizard-aux-rencontres-strategiques-de-la-mediterranee-toulon-9-octobre-2024\/#respond"]}]},{"@type":"WebPage","@id":"https:\/\/ecodef-ihedn.fr\/intervention-de-julien-malizard-aux-rencontres-strategiques-de-la-mediterranee-toulon-9-octobre-2024\/","url":"https:\/\/ecodef-ihedn.fr\/intervention-de-julien-malizard-aux-rencontres-strategiques-de-la-mediterranee-toulon-9-octobre-2024\/","name":"Intervention de Julien Malizard aux \"Rencontres strat\u00e9giques de la m\u00e9diterran\u00e9e\" (Toulon, 9 octobre 2024) - Chaire \u00c9conomie de d\u00e9fense - IHEDN","isPartOf":{"@id":"https:\/\/ecodef-ihedn.fr\/#website"},"primaryImageOfPage":{"@id":"https:\/\/ecodef-ihedn.fr\/intervention-de-julien-malizard-aux-rencontres-strategiques-de-la-mediterranee-toulon-9-octobre-2024\/#primaryimage"},"image":{"@id":"https:\/\/ecodef-ihedn.fr\/intervention-de-julien-malizard-aux-rencontres-strategiques-de-la-mediterranee-toulon-9-octobre-2024\/#primaryimage"},"thumbnailUrl":"https:\/\/ecodef-ihedn.fr\/wp-content\/uploads\/2025\/02\/RSM-FMES-2024.jpg","datePublished":"2024-11-12T18:27:26+00:00","dateModified":"2025-02-25T13:45:39+00:00","breadcrumb":{"@id":"https:\/\/ecodef-ihedn.fr\/intervention-de-julien-malizard-aux-rencontres-strategiques-de-la-mediterranee-toulon-9-octobre-2024\/#breadcrumb"},"inLanguage":"en-GB","potentialAction":[{"@type":"ReadAction","target":["https:\/\/ecodef-ihedn.fr\/intervention-de-julien-malizard-aux-rencontres-strategiques-de-la-mediterranee-toulon-9-octobre-2024\/"]}]},{"@type":"ImageObject","inLanguage":"en-GB","@id":"https:\/\/ecodef-ihedn.fr\/intervention-de-julien-malizard-aux-rencontres-strategiques-de-la-mediterranee-toulon-9-octobre-2024\/#primaryimage","url":"https:\/\/ecodef-ihedn.fr\/wp-content\/uploads\/2025\/02\/RSM-FMES-2024.jpg","contentUrl":"https:\/\/ecodef-ihedn.fr\/wp-content\/uploads\/2025\/02\/RSM-FMES-2024.jpg","width":1386,"height":924},{"@type":"BreadcrumbList","@id":"https:\/\/ecodef-ihedn.fr\/intervention-de-julien-malizard-aux-rencontres-strategiques-de-la-mediterranee-toulon-9-octobre-2024\/#breadcrumb","itemListElement":[{"@type":"ListItem","position":1,"name":"Accueil","item":"https:\/\/ecodef-ihedn.fr\/"},{"@type":"ListItem","position":2,"name":"Intervention de Julien Malizard aux &#8220;Rencontres strat\u00e9giques de la m\u00e9diterran\u00e9e&#8221; (Toulon, 9 octobre 2024)"}]},{"@type":"WebSite","@id":"https:\/\/ecodef-ihedn.fr\/#website","url":"https:\/\/ecodef-ihedn.fr\/","name":"Chair in Defence Economics - IHEDN","description":"Produce &amp; support, federate &amp; disseminate, act as an interface","publisher":{"@id":"https:\/\/ecodef-ihedn.fr\/#organization"},"potentialAction":[{"@type":"SearchAction","target":{"@type":"EntryPoint","urlTemplate":"https:\/\/ecodef-ihedn.fr\/?s={search_term_string}"},"query-input":{"@type":"PropertyValueSpecification","valueRequired":true,"valueName":"search_term_string"}}],"inLanguage":"en-GB"},{"@type":"Organization","@id":"https:\/\/ecodef-ihedn.fr\/#organization","name":"Chair in Defence Economics - IHEDN","url":"https:\/\/ecodef-ihedn.fr\/","logo":{"@type":"ImageObject","inLanguage":"en-GB","@id":"https:\/\/ecodef-ihedn.fr\/#\/schema\/logo\/image\/","url":"https:\/\/ecodef-ihedn.fr\/wp-content\/uploads\/2020\/04\/logoEcodef9.jpg","contentUrl":"https:\/\/ecodef-ihedn.fr\/wp-content\/uploads\/2020\/04\/logoEcodef9.jpg","width":410,"height":212,"caption":"Chaire \u00c9conomie de d\u00e9fense - IHEDN"},"image":{"@id":"https:\/\/ecodef-ihedn.fr\/#\/schema\/logo\/image\/"},"sameAs":["https:\/\/x.com\/Chaire_Ecodef","https:\/\/www.linkedin.com\/company\/chaire-ecodef-ihedn\/"]},{"@type":"Person","@id":"https:\/\/ecodef-ihedn.fr\/#\/schema\/person\/1cdf22d028cebe278126a6e07a884d30","name":"Bertrand Demandre","image":{"@type":"ImageObject","inLanguage":"en-GB","@id":"https:\/\/secure.gravatar.com\/avatar\/d9c9746d6c900ab5b9c0f9b1fa3932e369da923da247d624b8f7ab4ba8a3c093?s=96&d=mm&r=g","url":"https:\/\/secure.gravatar.com\/avatar\/d9c9746d6c900ab5b9c0f9b1fa3932e369da923da247d624b8f7ab4ba8a3c093?s=96&d=mm&r=g","contentUrl":"https:\/\/secure.gravatar.com\/avatar\/d9c9746d6c900ab5b9c0f9b1fa3932e369da923da247d624b8f7ab4ba8a3c093?s=96&d=mm&r=g","caption":"Bertrand Demandre"},"url":"https:\/\/ecodef-ihedn.fr\/en\/author\/bertrand\/"}]}},"_links":{"self":[{"href":"https:\/\/ecodef-ihedn.fr\/en\/wp-json\/wp\/v2\/posts\/8767","targetHints":{"allow":["GET"]}}],"collection":[{"href":"https:\/\/ecodef-ihedn.fr\/en\/wp-json\/wp\/v2\/posts"}],"about":[{"href":"https:\/\/ecodef-ihedn.fr\/en\/wp-json\/wp\/v2\/types\/post"}],"author":[{"embeddable":true,"href":"https:\/\/ecodef-ihedn.fr\/en\/wp-json\/wp\/v2\/users\/2"}],"replies":[{"embeddable":true,"href":"https:\/\/ecodef-ihedn.fr\/en\/wp-json\/wp\/v2\/comments?post=8767"}],"version-history":[{"count":1,"href":"https:\/\/ecodef-ihedn.fr\/en\/wp-json\/wp\/v2\/posts\/8767\/revisions"}],"predecessor-version":[{"id":8769,"href":"https:\/\/ecodef-ihedn.fr\/en\/wp-json\/wp\/v2\/posts\/8767\/revisions\/8769"}],"wp:featuredmedia":[{"embeddable":true,"href":"https:\/\/ecodef-ihedn.fr\/en\/wp-json\/wp\/v2\/media\/8768"}],"wp:attachment":[{"href":"https:\/\/ecodef-ihedn.fr\/en\/wp-json\/wp\/v2\/media?parent=8767"}],"wp:term":[{"taxonomy":"category","embeddable":true,"href":"https:\/\/ecodef-ihedn.fr\/en\/wp-json\/wp\/v2\/categories?post=8767"},{"taxonomy":"post_tag","embeddable":true,"href":"https:\/\/ecodef-ihedn.fr\/en\/wp-json\/wp\/v2\/tags?post=8767"}],"curies":[{"name":"wp","href":"https:\/\/api.w.org\/{rel}","templated":true}]}}