{"id":880,"date":"2015-05-07T00:00:00","date_gmt":"2015-05-07T00:00:00","guid":{"rendered":"https:\/\/ecodef-ihedn.fr\/conference-defense-rd-and-innovation-28-29-mai-a-bordeaux\/"},"modified":"2020-04-09T13:34:54","modified_gmt":"2020-04-09T13:34:54","slug":"conference-defense-rd-and-innovation-28-29-mai-a-bordeaux","status":"publish","type":"post","link":"https:\/\/ecodef-ihedn.fr\/en\/conference-defense-rd-and-innovation-28-29-mai-a-bordeaux\/","title":{"rendered":"Defense R&amp;D and Innovation\u00ab conference - 28 &amp; 29 May in Bordeaux"},"content":{"rendered":"<p style=\"text-align: center;\">On 28 and 29 May 2015, the Defence Economics Chair, in collaboration with the Innovation Chair (Gretha - Universit\u00e9 de Bordeaux), organised a conference on the theme of \u00abDefence R&amp;D and Innovation\u00bb.<\/p>\n<p style=\"text-align: center;\">This conference took place at the University of Bordeaux, on the premises of the Faculty of Law, Place Pey-Berland.<\/p>\n<p style=\"text-align: center;\">Several researchers spoke at the conference:<br \/>\n- Marianne Guille (Panth\u00e9on-Assas University)<br \/>\n- Keith Hartley (University of York, UK)<br \/>\n- Martin Kenney (University of California Davis, USA)<br \/>\n- Nathalie Lazaric (GREDEG, CNRS - University of Nice, France)<br \/>\n- Martin Lundmark (FOI, Swedish Defence Research Agency)<br \/>\n- Val\u00e9rie M\u00e9rindol (Paris School of Business)<br \/>\n- Knut Sogner (BI Norwegian Business School, Oslo, Norway)<br \/>\n- Jean Belin (Defence Economics Chair)<\/p>\n<p style=\"text-align: center;\">*<\/p>\n<p style=\"text-align: center;\">A round-table discussion bringing together researchers and public and private sector decision-makers took place on the morning of Friday 29th.<\/p>\n<p style=\"text-align: center;\">Topics covered during the morning session:<br \/>\n- The role of R&amp;D in the economy (Beno\u00eet Mulkay, U. Montpelier)<br \/>\n- The importance of R&amp;D in defence policy (General Laurent, Defence&amp;Aerospace Chair, U. Bordeaux )<br \/>\n- Specificities of defence R&amp;D (Keith Hartley, University of York, United Kingdom)<br \/>\n- The role of public policy in supporting defence R&amp;D (Beno\u00eet Mulkay, U. Montpelier - Christophe Carrincazeaux, Chair in Technological Intelligence, U. Bordeaux - Claude Carcenac, DGA)<br \/>\n- The place of R&amp;D in industrial strategy (Fabrice Laturelle, HERAKLES)<br \/>\n- Links between public and private research (Jean-Marc Grolleau, AETOS - Th\u00e9r\u00e8se Donath, ONERA - Martin Kenney, University of California Davis, USA)<br \/>\n- Links between the civil and military sectors (Fabrice Laturelle, HERAKLES - Th\u00e9r\u00e8se Donath, ONERA)<\/p>\n<p style=\"text-align: center;\">*<\/p>\n<p style=\"text-align: center;\">You can download the conference programme here:\u00a0<a href=\"https:\/\/economie-defense.fr\/wp-content\/uploads\/2015\/05\/Defense-and-Innovation.pdf\">in English<\/a> \/ <a href=\"https:\/\/economie-defense.fr\/wp-content\/uploads\/2015\/05\/D\u00e9fense-et-innovation.pdf\">in French<\/a><\/p>","protected":false},"excerpt":{"rendered":"<p>Le 28 et 29 mai 2015, la Chaire Economie de d\u00e9fense, en collaboration avec la Chaire Innovation (Gretha &#8211; Universit\u00e9 de Bordeaux), a organis\u00e9 une conf\u00e9rence sur le th\u00e8me \u00ab\u00a0Defense R&amp;D and Innovation\u00a0\u00bb. Cette conf\u00e9rence s&rsquo;est d\u00e9roul\u00e9e \u00e0 l&rsquo;Universit\u00e9 de Bordeaux, dans les locaux de la facult\u00e9 de droit, place Pey-Berland. Plusieurs chercheurs sont intervenus [&hellip;]<\/p>\n","protected":false},"author":1,"featured_media":564,"comment_status":"open","ping_status":"open","sticky":false,"template":"","format":"standard","meta":{"footnotes":""},"categories":[356],"tags":[],"class_list":{"0":"post-880","1":"post","2":"type-post","3":"status-publish","4":"format-standard","5":"has-post-thumbnail","7":"category-activites-participation-de-la-chaire-a-un-evenement"},"yoast_head":"<!-- This site is optimized with the Yoast SEO plugin v27.4 - https:\/\/yoast.com\/product\/yoast-seo-wordpress\/ -->\n<title>Conf\u00e9rence &quot;Defense R&amp;D and Innovation&quot; - 28 &amp; 29 mai \u00e0 Bordeaux - Chaire \u00c9conomie de d\u00e9fense - IHEDN<\/title>\n<meta name=\"robots\" content=\"index, follow, max-snippet:-1, max-image-preview:large, max-video-preview:-1\" \/>\n<link rel=\"canonical\" href=\"https:\/\/ecodef-ihedn.fr\/en\/conference-defense-rd-and-innovation-28-29-mai-a-bordeaux\/\" \/>\n<meta property=\"og:locale\" content=\"en_GB\" \/>\n<meta property=\"og:type\" content=\"article\" \/>\n<meta property=\"og:title\" content=\"Conf\u00e9rence &quot;Defense R&amp;D and Innovation&quot; - 28 &amp; 29 mai \u00e0 Bordeaux - Chaire \u00c9conomie de d\u00e9fense - IHEDN\" \/>\n<meta property=\"og:description\" content=\"Le 28 et 29 mai 2015, la Chaire Economie de d\u00e9fense, en collaboration avec la Chaire Innovation (Gretha &#8211; Universit\u00e9 de Bordeaux), a organis\u00e9 une conf\u00e9rence sur le th\u00e8me \u00ab\u00a0Defense R&amp;D and Innovation\u00a0\u00bb. Cette conf\u00e9rence s&rsquo;est d\u00e9roul\u00e9e \u00e0 l&rsquo;Universit\u00e9 de Bordeaux, dans les locaux de la facult\u00e9 de droit, place Pey-Berland. Plusieurs chercheurs sont intervenus [&hellip;]\" \/>\n<meta property=\"og:url\" content=\"https:\/\/ecodef-ihedn.fr\/en\/conference-defense-rd-and-innovation-28-29-mai-a-bordeaux\/\" \/>\n<meta property=\"og:site_name\" content=\"Chaire \u00c9conomie de d\u00e9fense - IHEDN\" \/>\n<meta property=\"article:published_time\" content=\"2015-05-07T00:00:00+00:00\" \/>\n<meta property=\"article:modified_time\" content=\"2020-04-09T13:34:54+00:00\" \/>\n<meta property=\"og:image\" content=\"https:\/\/ecodef-ihedn.fr\/wp-content\/uploads\/2020\/02\/ecole-militaire-paris-1.jpg\" \/>\n\t<meta property=\"og:image:width\" content=\"755\" \/>\n\t<meta property=\"og:image:height\" content=\"414\" \/>\n\t<meta property=\"og:image:type\" content=\"image\/jpeg\" \/>\n<meta name=\"author\" content=\"dev\" \/>\n<meta name=\"twitter:card\" content=\"summary_large_image\" \/>\n<meta name=\"twitter:creator\" content=\"@Chaire_Ecodef\" \/>\n<meta name=\"twitter:site\" content=\"@Chaire_Ecodef\" \/>\n<meta name=\"twitter:label1\" content=\"Written by\" \/>\n\t<meta name=\"twitter:data1\" content=\"dev\" \/>\n\t<meta name=\"twitter:label2\" content=\"Estimated reading time\" \/>\n\t<meta name=\"twitter:data2\" content=\"2 minutes\" \/>\n<script type=\"application\/ld+json\" class=\"yoast-schema-graph\">{\"@context\":\"https:\\\/\\\/schema.org\",\"@graph\":[{\"@type\":\"Article\",\"@id\":\"https:\\\/\\\/ecodef-ihedn.fr\\\/conference-defense-rd-and-innovation-28-29-mai-a-bordeaux\\\/#article\",\"isPartOf\":{\"@id\":\"https:\\\/\\\/ecodef-ihedn.fr\\\/conference-defense-rd-and-innovation-28-29-mai-a-bordeaux\\\/\"},\"author\":{\"name\":\"dev\",\"@id\":\"https:\\\/\\\/ecodef-ihedn.fr\\\/#\\\/schema\\\/person\\\/7b3f1a2d8fd336e0be2f9ff63ff0ebbc\"},\"headline\":\"Conf\u00e9rence \u00ab\u00a0Defense R&#038;D and Innovation\u00a0\u00bb &#8211; 28 &#038; 29 mai \u00e0 Bordeaux\",\"datePublished\":\"2015-05-07T00:00:00+00:00\",\"dateModified\":\"2020-04-09T13:34:54+00:00\",\"mainEntityOfPage\":{\"@id\":\"https:\\\/\\\/ecodef-ihedn.fr\\\/conference-defense-rd-and-innovation-28-29-mai-a-bordeaux\\\/\"},\"wordCount\":338,\"commentCount\":0,\"publisher\":{\"@id\":\"https:\\\/\\\/ecodef-ihedn.fr\\\/#organization\"},\"image\":{\"@id\":\"https:\\\/\\\/ecodef-ihedn.fr\\\/conference-defense-rd-and-innovation-28-29-mai-a-bordeaux\\\/#primaryimage\"},\"thumbnailUrl\":\"https:\\\/\\\/ecodef-ihedn.fr\\\/wp-content\\\/uploads\\\/2020\\\/02\\\/ecole-militaire-paris-1.jpg\",\"articleSection\":[\"Activit\u00e9s : participation de la Chaire \u00e0 un \u00e9v\u00e9nement\"],\"inLanguage\":\"en-GB\",\"potentialAction\":[{\"@type\":\"CommentAction\",\"name\":\"Comment\",\"target\":[\"https:\\\/\\\/ecodef-ihedn.fr\\\/conference-defense-rd-and-innovation-28-29-mai-a-bordeaux\\\/#respond\"]}]},{\"@type\":\"WebPage\",\"@id\":\"https:\\\/\\\/ecodef-ihedn.fr\\\/conference-defense-rd-and-innovation-28-29-mai-a-bordeaux\\\/\",\"url\":\"https:\\\/\\\/ecodef-ihedn.fr\\\/conference-defense-rd-and-innovation-28-29-mai-a-bordeaux\\\/\",\"name\":\"Conf\u00e9rence \\\"Defense R&D and Innovation\\\" - 28 & 29 mai \u00e0 Bordeaux - Chaire \u00c9conomie de d\u00e9fense - IHEDN\",\"isPartOf\":{\"@id\":\"https:\\\/\\\/ecodef-ihedn.fr\\\/#website\"},\"primaryImageOfPage\":{\"@id\":\"https:\\\/\\\/ecodef-ihedn.fr\\\/conference-defense-rd-and-innovation-28-29-mai-a-bordeaux\\\/#primaryimage\"},\"image\":{\"@id\":\"https:\\\/\\\/ecodef-ihedn.fr\\\/conference-defense-rd-and-innovation-28-29-mai-a-bordeaux\\\/#primaryimage\"},\"thumbnailUrl\":\"https:\\\/\\\/ecodef-ihedn.fr\\\/wp-content\\\/uploads\\\/2020\\\/02\\\/ecole-militaire-paris-1.jpg\",\"datePublished\":\"2015-05-07T00:00:00+00:00\",\"dateModified\":\"2020-04-09T13:34:54+00:00\",\"breadcrumb\":{\"@id\":\"https:\\\/\\\/ecodef-ihedn.fr\\\/conference-defense-rd-and-innovation-28-29-mai-a-bordeaux\\\/#breadcrumb\"},\"inLanguage\":\"en-GB\",\"potentialAction\":[{\"@type\":\"ReadAction\",\"target\":[\"https:\\\/\\\/ecodef-ihedn.fr\\\/conference-defense-rd-and-innovation-28-29-mai-a-bordeaux\\\/\"]}]},{\"@type\":\"ImageObject\",\"inLanguage\":\"en-GB\",\"@id\":\"https:\\\/\\\/ecodef-ihedn.fr\\\/conference-defense-rd-and-innovation-28-29-mai-a-bordeaux\\\/#primaryimage\",\"url\":\"https:\\\/\\\/ecodef-ihedn.fr\\\/wp-content\\\/uploads\\\/2020\\\/02\\\/ecole-militaire-paris-1.jpg\",\"contentUrl\":\"https:\\\/\\\/ecodef-ihedn.fr\\\/wp-content\\\/uploads\\\/2020\\\/02\\\/ecole-militaire-paris-1.jpg\",\"width\":755,\"height\":414},{\"@type\":\"BreadcrumbList\",\"@id\":\"https:\\\/\\\/ecodef-ihedn.fr\\\/conference-defense-rd-and-innovation-28-29-mai-a-bordeaux\\\/#breadcrumb\",\"itemListElement\":[{\"@type\":\"ListItem\",\"position\":1,\"name\":\"Accueil\",\"item\":\"https:\\\/\\\/ecodef-ihedn.fr\\\/\"},{\"@type\":\"ListItem\",\"position\":2,\"name\":\"Conf\u00e9rence &#8220;Defense R&#038;D and Innovation&#8221; &#8211; 28 &#038; 29 mai \u00e0 Bordeaux\"}]},{\"@type\":\"WebSite\",\"@id\":\"https:\\\/\\\/ecodef-ihedn.fr\\\/#website\",\"url\":\"https:\\\/\\\/ecodef-ihedn.fr\\\/\",\"name\":\"Chaire \u00c9conomie de D\u00e9fense - IHEDN\",\"description\":\"Produire &amp; soutenir, f\u00e9d\u00e9rer &amp; diffuser, \u00eatre une interface\",\"publisher\":{\"@id\":\"https:\\\/\\\/ecodef-ihedn.fr\\\/#organization\"},\"potentialAction\":[{\"@type\":\"SearchAction\",\"target\":{\"@type\":\"EntryPoint\",\"urlTemplate\":\"https:\\\/\\\/ecodef-ihedn.fr\\\/?s={search_term_string}\"},\"query-input\":{\"@type\":\"PropertyValueSpecification\",\"valueRequired\":true,\"valueName\":\"search_term_string\"}}],\"inLanguage\":\"en-GB\"},{\"@type\":\"Organization\",\"@id\":\"https:\\\/\\\/ecodef-ihedn.fr\\\/#organization\",\"name\":\"Chaire \u00c9conomie de d\u00e9fense - IHEDN\",\"url\":\"https:\\\/\\\/ecodef-ihedn.fr\\\/\",\"logo\":{\"@type\":\"ImageObject\",\"inLanguage\":\"en-GB\",\"@id\":\"https:\\\/\\\/ecodef-ihedn.fr\\\/#\\\/schema\\\/logo\\\/image\\\/\",\"url\":\"https:\\\/\\\/ecodef-ihedn.fr\\\/wp-content\\\/uploads\\\/2020\\\/04\\\/logoEcodef9.jpg\",\"contentUrl\":\"https:\\\/\\\/ecodef-ihedn.fr\\\/wp-content\\\/uploads\\\/2020\\\/04\\\/logoEcodef9.jpg\",\"width\":410,\"height\":212,\"caption\":\"Chaire \u00c9conomie de d\u00e9fense - IHEDN\"},\"image\":{\"@id\":\"https:\\\/\\\/ecodef-ihedn.fr\\\/#\\\/schema\\\/logo\\\/image\\\/\"},\"sameAs\":[\"https:\\\/\\\/x.com\\\/Chaire_Ecodef\",\"https:\\\/\\\/www.linkedin.com\\\/company\\\/chaire-ecodef-ihedn\\\/\"]},{\"@type\":\"Person\",\"@id\":\"https:\\\/\\\/ecodef-ihedn.fr\\\/#\\\/schema\\\/person\\\/7b3f1a2d8fd336e0be2f9ff63ff0ebbc\",\"name\":\"dev\",\"image\":{\"@type\":\"ImageObject\",\"inLanguage\":\"en-GB\",\"@id\":\"https:\\\/\\\/secure.gravatar.com\\\/avatar\\\/f1ffcac9ca2fa95ad3ec33e9be3ade82f752acb0cabe541e56c5889225afa88a?s=96&d=mm&r=g\",\"url\":\"https:\\\/\\\/secure.gravatar.com\\\/avatar\\\/f1ffcac9ca2fa95ad3ec33e9be3ade82f752acb0cabe541e56c5889225afa88a?s=96&d=mm&r=g\",\"contentUrl\":\"https:\\\/\\\/secure.gravatar.com\\\/avatar\\\/f1ffcac9ca2fa95ad3ec33e9be3ade82f752acb0cabe541e56c5889225afa88a?s=96&d=mm&r=g\",\"caption\":\"dev\"},\"url\":\"https:\\\/\\\/ecodef-ihedn.fr\\\/en\\\/author\\\/dev\\\/\"}]}<\/script>\n<!-- \/ Yoast SEO plugin. -->","yoast_head_json":{"title":"Conf\u00e9rence \"Defense R&D and Innovation\" - 28 & 29 mai \u00e0 Bordeaux - Chaire \u00c9conomie de d\u00e9fense - IHEDN","robots":{"index":"index","follow":"follow","max-snippet":"max-snippet:-1","max-image-preview":"max-image-preview:large","max-video-preview":"max-video-preview:-1"},"canonical":"https:\/\/ecodef-ihedn.fr\/en\/conference-defense-rd-and-innovation-28-29-mai-a-bordeaux\/","og_locale":"en_GB","og_type":"article","og_title":"Conf\u00e9rence \"Defense R&D and Innovation\" - 28 & 29 mai \u00e0 Bordeaux - Chaire \u00c9conomie de d\u00e9fense - IHEDN","og_description":"Le 28 et 29 mai 2015, la Chaire Economie de d\u00e9fense, en collaboration avec la Chaire Innovation (Gretha &#8211; Universit\u00e9 de Bordeaux), a organis\u00e9 une conf\u00e9rence sur le th\u00e8me \u00ab\u00a0Defense R&amp;D and Innovation\u00a0\u00bb. Cette conf\u00e9rence s&rsquo;est d\u00e9roul\u00e9e \u00e0 l&rsquo;Universit\u00e9 de Bordeaux, dans les locaux de la facult\u00e9 de droit, place Pey-Berland. Plusieurs chercheurs sont intervenus [&hellip;]","og_url":"https:\/\/ecodef-ihedn.fr\/en\/conference-defense-rd-and-innovation-28-29-mai-a-bordeaux\/","og_site_name":"Chaire \u00c9conomie de d\u00e9fense - IHEDN","article_published_time":"2015-05-07T00:00:00+00:00","article_modified_time":"2020-04-09T13:34:54+00:00","og_image":[{"width":755,"height":414,"url":"https:\/\/ecodef-ihedn.fr\/wp-content\/uploads\/2020\/02\/ecole-militaire-paris-1.jpg","type":"image\/jpeg"}],"author":"dev","twitter_card":"summary_large_image","twitter_creator":"@Chaire_Ecodef","twitter_site":"@Chaire_Ecodef","twitter_misc":{"Written by":"dev","Estimated reading time":"2 minutes"},"schema":{"@context":"https:\/\/schema.org","@graph":[{"@type":"Article","@id":"https:\/\/ecodef-ihedn.fr\/conference-defense-rd-and-innovation-28-29-mai-a-bordeaux\/#article","isPartOf":{"@id":"https:\/\/ecodef-ihedn.fr\/conference-defense-rd-and-innovation-28-29-mai-a-bordeaux\/"},"author":{"name":"dev","@id":"https:\/\/ecodef-ihedn.fr\/#\/schema\/person\/7b3f1a2d8fd336e0be2f9ff63ff0ebbc"},"headline":"Conf\u00e9rence \u00ab\u00a0Defense R&#038;D and Innovation\u00a0\u00bb &#8211; 28 &#038; 29 mai \u00e0 Bordeaux","datePublished":"2015-05-07T00:00:00+00:00","dateModified":"2020-04-09T13:34:54+00:00","mainEntityOfPage":{"@id":"https:\/\/ecodef-ihedn.fr\/conference-defense-rd-and-innovation-28-29-mai-a-bordeaux\/"},"wordCount":338,"commentCount":0,"publisher":{"@id":"https:\/\/ecodef-ihedn.fr\/#organization"},"image":{"@id":"https:\/\/ecodef-ihedn.fr\/conference-defense-rd-and-innovation-28-29-mai-a-bordeaux\/#primaryimage"},"thumbnailUrl":"https:\/\/ecodef-ihedn.fr\/wp-content\/uploads\/2020\/02\/ecole-militaire-paris-1.jpg","articleSection":["Activit\u00e9s : participation de la Chaire \u00e0 un \u00e9v\u00e9nement"],"inLanguage":"en-GB","potentialAction":[{"@type":"CommentAction","name":"Comment","target":["https:\/\/ecodef-ihedn.fr\/conference-defense-rd-and-innovation-28-29-mai-a-bordeaux\/#respond"]}]},{"@type":"WebPage","@id":"https:\/\/ecodef-ihedn.fr\/conference-defense-rd-and-innovation-28-29-mai-a-bordeaux\/","url":"https:\/\/ecodef-ihedn.fr\/conference-defense-rd-and-innovation-28-29-mai-a-bordeaux\/","name":"Conf\u00e9rence \"Defense R&D and Innovation\" - 28 & 29 mai \u00e0 Bordeaux - Chaire \u00c9conomie de d\u00e9fense - IHEDN","isPartOf":{"@id":"https:\/\/ecodef-ihedn.fr\/#website"},"primaryImageOfPage":{"@id":"https:\/\/ecodef-ihedn.fr\/conference-defense-rd-and-innovation-28-29-mai-a-bordeaux\/#primaryimage"},"image":{"@id":"https:\/\/ecodef-ihedn.fr\/conference-defense-rd-and-innovation-28-29-mai-a-bordeaux\/#primaryimage"},"thumbnailUrl":"https:\/\/ecodef-ihedn.fr\/wp-content\/uploads\/2020\/02\/ecole-militaire-paris-1.jpg","datePublished":"2015-05-07T00:00:00+00:00","dateModified":"2020-04-09T13:34:54+00:00","breadcrumb":{"@id":"https:\/\/ecodef-ihedn.fr\/conference-defense-rd-and-innovation-28-29-mai-a-bordeaux\/#breadcrumb"},"inLanguage":"en-GB","potentialAction":[{"@type":"ReadAction","target":["https:\/\/ecodef-ihedn.fr\/conference-defense-rd-and-innovation-28-29-mai-a-bordeaux\/"]}]},{"@type":"ImageObject","inLanguage":"en-GB","@id":"https:\/\/ecodef-ihedn.fr\/conference-defense-rd-and-innovation-28-29-mai-a-bordeaux\/#primaryimage","url":"https:\/\/ecodef-ihedn.fr\/wp-content\/uploads\/2020\/02\/ecole-militaire-paris-1.jpg","contentUrl":"https:\/\/ecodef-ihedn.fr\/wp-content\/uploads\/2020\/02\/ecole-militaire-paris-1.jpg","width":755,"height":414},{"@type":"BreadcrumbList","@id":"https:\/\/ecodef-ihedn.fr\/conference-defense-rd-and-innovation-28-29-mai-a-bordeaux\/#breadcrumb","itemListElement":[{"@type":"ListItem","position":1,"name":"Accueil","item":"https:\/\/ecodef-ihedn.fr\/"},{"@type":"ListItem","position":2,"name":"Conf\u00e9rence &#8220;Defense R&#038;D and Innovation&#8221; &#8211; 28 &#038; 29 mai \u00e0 Bordeaux"}]},{"@type":"WebSite","@id":"https:\/\/ecodef-ihedn.fr\/#website","url":"https:\/\/ecodef-ihedn.fr\/","name":"Chair in Defence Economics - IHEDN","description":"Produce &amp; support, federate &amp; disseminate, act as an interface","publisher":{"@id":"https:\/\/ecodef-ihedn.fr\/#organization"},"potentialAction":[{"@type":"SearchAction","target":{"@type":"EntryPoint","urlTemplate":"https:\/\/ecodef-ihedn.fr\/?s={search_term_string}"},"query-input":{"@type":"PropertyValueSpecification","valueRequired":true,"valueName":"search_term_string"}}],"inLanguage":"en-GB"},{"@type":"Organization","@id":"https:\/\/ecodef-ihedn.fr\/#organization","name":"Chair in Defence Economics - IHEDN","url":"https:\/\/ecodef-ihedn.fr\/","logo":{"@type":"ImageObject","inLanguage":"en-GB","@id":"https:\/\/ecodef-ihedn.fr\/#\/schema\/logo\/image\/","url":"https:\/\/ecodef-ihedn.fr\/wp-content\/uploads\/2020\/04\/logoEcodef9.jpg","contentUrl":"https:\/\/ecodef-ihedn.fr\/wp-content\/uploads\/2020\/04\/logoEcodef9.jpg","width":410,"height":212,"caption":"Chaire \u00c9conomie de d\u00e9fense - IHEDN"},"image":{"@id":"https:\/\/ecodef-ihedn.fr\/#\/schema\/logo\/image\/"},"sameAs":["https:\/\/x.com\/Chaire_Ecodef","https:\/\/www.linkedin.com\/company\/chaire-ecodef-ihedn\/"]},{"@type":"Person","@id":"https:\/\/ecodef-ihedn.fr\/#\/schema\/person\/7b3f1a2d8fd336e0be2f9ff63ff0ebbc","name":"dev","image":{"@type":"ImageObject","inLanguage":"en-GB","@id":"https:\/\/secure.gravatar.com\/avatar\/f1ffcac9ca2fa95ad3ec33e9be3ade82f752acb0cabe541e56c5889225afa88a?s=96&d=mm&r=g","url":"https:\/\/secure.gravatar.com\/avatar\/f1ffcac9ca2fa95ad3ec33e9be3ade82f752acb0cabe541e56c5889225afa88a?s=96&d=mm&r=g","contentUrl":"https:\/\/secure.gravatar.com\/avatar\/f1ffcac9ca2fa95ad3ec33e9be3ade82f752acb0cabe541e56c5889225afa88a?s=96&d=mm&r=g","caption":"dev"},"url":"https:\/\/ecodef-ihedn.fr\/en\/author\/dev\/"}]}},"_links":{"self":[{"href":"https:\/\/ecodef-ihedn.fr\/en\/wp-json\/wp\/v2\/posts\/880","targetHints":{"allow":["GET"]}}],"collection":[{"href":"https:\/\/ecodef-ihedn.fr\/en\/wp-json\/wp\/v2\/posts"}],"about":[{"href":"https:\/\/ecodef-ihedn.fr\/en\/wp-json\/wp\/v2\/types\/post"}],"author":[{"embeddable":true,"href":"https:\/\/ecodef-ihedn.fr\/en\/wp-json\/wp\/v2\/users\/1"}],"replies":[{"embeddable":true,"href":"https:\/\/ecodef-ihedn.fr\/en\/wp-json\/wp\/v2\/comments?post=880"}],"version-history":[{"count":1,"href":"https:\/\/ecodef-ihedn.fr\/en\/wp-json\/wp\/v2\/posts\/880\/revisions"}],"predecessor-version":[{"id":1249,"href":"https:\/\/ecodef-ihedn.fr\/en\/wp-json\/wp\/v2\/posts\/880\/revisions\/1249"}],"wp:featuredmedia":[{"embeddable":true,"href":"https:\/\/ecodef-ihedn.fr\/en\/wp-json\/wp\/v2\/media\/564"}],"wp:attachment":[{"href":"https:\/\/ecodef-ihedn.fr\/en\/wp-json\/wp\/v2\/media?parent=880"}],"wp:term":[{"taxonomy":"category","embeddable":true,"href":"https:\/\/ecodef-ihedn.fr\/en\/wp-json\/wp\/v2\/categories?post=880"},{"taxonomy":"post_tag","embeddable":true,"href":"https:\/\/ecodef-ihedn.fr\/en\/wp-json\/wp\/v2\/tags?post=880"}],"curies":[{"name":"wp","href":"https:\/\/api.w.org\/{rel}","templated":true}]}}