{"id":8805,"date":"2025-05-13T07:27:24","date_gmt":"2025-05-13T07:27:24","guid":{"rendered":"https:\/\/ecodef-ihedn.fr\/?p=8805"},"modified":"2025-11-07T09:02:11","modified_gmt":"2025-11-07T09:02:11","slug":"rearmement-europe-julien-malizard-podcast-academ","status":"publish","type":"post","link":"https:\/\/ecodef-ihedn.fr\/en\/rearmement-europe-julien-malizard-podcast-academ\/","title":{"rendered":"\u00abLe r\u00e9armement de l'Europe\u00bb Julien Malizard guest on ACADEM podcast"},"content":{"rendered":"<h3><span style=\"color: #000000;\">Julien Malizard, Chairholder, was the guest on the 15th episode of<em> <a style=\"color: #000000;\" title=\"Think strategic\" href=\"https:\/\/www.podcastics.com\/podcast\/pensez-strategique\/\" target=\"_blank\" rel=\"noopener\">Think strategic<\/a><\/em>, podcast, the\u2019<a style=\"color: #000000;\" href=\"https:\/\/www.defense.gouv.fr\/academ\" target=\"_blank\" rel=\"noopener\">Defence Academy of the \u00c9cole Militaire (ACADEM)<\/a>, Tuesday 9 May 2025.<\/span><\/h3>\n<p><a href=\"https:\/\/ecodef-ihedn.fr\/wp-content\/uploads\/2025\/05\/le-rearmement-de-leurope-pensez-strategique.jpg.546cc680123b6d5bbe2a421095fb8706.jpg\" target=\"_blank\" rel=\"noopener\"><img loading=\"lazy\" decoding=\"async\" class=\"aligncenter wp-image-8806 size-medium\" src=\"https:\/\/ecodef-ihedn.fr\/wp-content\/uploads\/2025\/05\/le-rearmement-de-leurope-pensez-strategique.jpg.546cc680123b6d5bbe2a421095fb8706-300x300.jpg\" alt=\"\" width=\"300\" height=\"300\" srcset=\"https:\/\/ecodef-ihedn.fr\/wp-content\/uploads\/2025\/05\/le-rearmement-de-leurope-pensez-strategique.jpg.546cc680123b6d5bbe2a421095fb8706-300x300.jpg 300w, https:\/\/ecodef-ihedn.fr\/wp-content\/uploads\/2025\/05\/le-rearmement-de-leurope-pensez-strategique.jpg.546cc680123b6d5bbe2a421095fb8706-1024x1024.jpg 1024w, https:\/\/ecodef-ihedn.fr\/wp-content\/uploads\/2025\/05\/le-rearmement-de-leurope-pensez-strategique.jpg.546cc680123b6d5bbe2a421095fb8706-150x150.jpg 150w, https:\/\/ecodef-ihedn.fr\/wp-content\/uploads\/2025\/05\/le-rearmement-de-leurope-pensez-strategique.jpg.546cc680123b6d5bbe2a421095fb8706-768x768.jpg 768w, https:\/\/ecodef-ihedn.fr\/wp-content\/uploads\/2025\/05\/le-rearmement-de-leurope-pensez-strategique.jpg.546cc680123b6d5bbe2a421095fb8706-420x420.jpg 420w, https:\/\/ecodef-ihedn.fr\/wp-content\/uploads\/2025\/05\/le-rearmement-de-leurope-pensez-strategique.jpg.546cc680123b6d5bbe2a421095fb8706-840x840.jpg 840w, https:\/\/ecodef-ihedn.fr\/wp-content\/uploads\/2025\/05\/le-rearmement-de-leurope-pensez-strategique.jpg.546cc680123b6d5bbe2a421095fb8706-696x696.jpg 696w, https:\/\/ecodef-ihedn.fr\/wp-content\/uploads\/2025\/05\/le-rearmement-de-leurope-pensez-strategique.jpg.546cc680123b6d5bbe2a421095fb8706-1392x1392.jpg 1392w, https:\/\/ecodef-ihedn.fr\/wp-content\/uploads\/2025\/05\/le-rearmement-de-leurope-pensez-strategique.jpg.546cc680123b6d5bbe2a421095fb8706-1068x1068.jpg 1068w, https:\/\/ecodef-ihedn.fr\/wp-content\/uploads\/2025\/05\/le-rearmement-de-leurope-pensez-strategique.jpg.546cc680123b6d5bbe2a421095fb8706.jpg 1400w\" sizes=\"auto, (max-width: 300px) 100vw, 300px\" \/><\/a>Hosted by Daniel Desesquelle, the programme focused on the rearmament of Europe and France's position in this fundamental trend.<\/p>\n<p>President Trump's desire to reduce the US military commitment in favour of the transatlantic alliance, while Russia continues its war against Ukraine, presents Europe with a twofold challenge:<\/p>\n<ul>\n<li>Strengthening its defence capabilities in the face of growing threats to its borders<\/li>\n<li>Ensure its strategic autonomy to reduce its dependence on American protection.<\/li>\n<\/ul>\n<p>Faced with the current geopolitical upheavals, how can Europe become a unified and autonomous military power?<\/p>\n<p class=\"PopSlotParagraph qg-tx2 qg-xtra-lh svelte-1xznlfb\">Julien Malizard and Nicole Gnesotto, Vice-President of the Institut Jacques Delors and former President of the IHEDN, discussed this issue.<\/p>\n<p class=\"PopSlotParagraph qg-tx2 qg-xtra-lh svelte-1xznlfb\">Julien Malizard focused in particular on the challenges facing Europe's budgetary and industrial dynamics: American dependence, fragmentation, cooperation, etc.<\/p>\n<p style=\"text-align: center;\"><a href=\"https:\/\/www.podcastics.com\/podcast\/episode\/le-rearmement-de-leurope-360401\/\" target=\"_blank\" rel=\"noopener\"><span class=\"td_btn td_btn_md td_default_btn\">listen to the show<\/span><\/a><\/p>","protected":false},"excerpt":{"rendered":"<p>Julien Malizard, Titulaire de la Chaire, a \u00e9t\u00e9 l&rsquo;invit\u00e9 du 15e \u00e9pisode de Pensez strat\u00e9gique, le podcast de l&rsquo;Acad\u00e9mie de d\u00e9fense de l&rsquo;\u00c9cole militaire (ACADEM), mardi 9 mai 2025. Anim\u00e9e par Daniel Desesquelle, l&rsquo;\u00e9mission a \u00e9t\u00e9 consacr\u00e9e au th\u00e8me du r\u00e9armement de l&rsquo;Europe et de la position de la France dans cette tendance de fond. [&hellip;]<\/p>\n","protected":false},"author":2,"featured_media":8809,"comment_status":"open","ping_status":"open","sticky":false,"template":"","format":"standard","meta":{"footnotes":""},"categories":[358],"tags":[615,726,57,409,747,68,786,476,403,86,680,746,361,314,536],"class_list":{"0":"post-8805","1":"post","2":"type-post","3":"status-publish","4":"format-standard","5":"has-post-thumbnail","7":"category-medias","8":"tag-academ","9":"tag-academie-de-defense-de-lecole-militaire","10":"tag-armement","11":"tag-autonomie-strategique","12":"tag-daniel-desesquelle","13":"tag-dissuasion","14":"tag-donald-trump","15":"tag-exportations","16":"tag-interview","17":"tag-julien-malizard","18":"tag-nicole-gnesotto","19":"tag-pensez-strategique","20":"tag-podcast","21":"tag-souverainete","22":"tag-ukraine"},"yoast_head":"<!-- This site is optimized with the Yoast SEO plugin v27.4 - https:\/\/yoast.com\/product\/yoast-seo-wordpress\/ -->\n<title>&quot;Le r\u00e9armement de l&#039;Europe&quot; Julien Malizard invit\u00e9 du podcast de l&#039;ACADEM - Chaire \u00c9conomie de d\u00e9fense - IHEDN<\/title>\n<meta name=\"robots\" content=\"index, follow, max-snippet:-1, max-image-preview:large, max-video-preview:-1\" \/>\n<link rel=\"canonical\" href=\"https:\/\/ecodef-ihedn.fr\/en\/rearmement-europe-julien-malizard-podcast-academ\/\" \/>\n<meta property=\"og:locale\" content=\"en_GB\" \/>\n<meta property=\"og:type\" content=\"article\" \/>\n<meta property=\"og:title\" content=\"&quot;Le r\u00e9armement de l&#039;Europe&quot; Julien Malizard invit\u00e9 du podcast de l&#039;ACADEM - Chaire \u00c9conomie de d\u00e9fense - IHEDN\" \/>\n<meta property=\"og:description\" content=\"Julien Malizard, Titulaire de la Chaire, a \u00e9t\u00e9 l&rsquo;invit\u00e9 du 15e \u00e9pisode de Pensez strat\u00e9gique, le podcast de l&rsquo;Acad\u00e9mie de d\u00e9fense de l&rsquo;\u00c9cole militaire (ACADEM), mardi 9 mai 2025. Anim\u00e9e par Daniel Desesquelle, l&rsquo;\u00e9mission a \u00e9t\u00e9 consacr\u00e9e au th\u00e8me du r\u00e9armement de l&rsquo;Europe et de la position de la France dans cette tendance de fond. [&hellip;]\" \/>\n<meta property=\"og:url\" content=\"https:\/\/ecodef-ihedn.fr\/en\/rearmement-europe-julien-malizard-podcast-academ\/\" \/>\n<meta property=\"og:site_name\" content=\"Chaire \u00c9conomie de d\u00e9fense - IHEDN\" \/>\n<meta property=\"article:published_time\" content=\"2025-05-13T07:27:24+00:00\" \/>\n<meta property=\"article:modified_time\" content=\"2025-11-07T09:02:11+00:00\" \/>\n<meta property=\"og:image\" content=\"https:\/\/ecodef-ihedn.fr\/wp-content\/uploads\/2025\/05\/le-rearmement-de-leurope-pensez-strategique.jpg.546cc680123b6d5bbe2a421095fb8706-7-5.jpg\" \/>\n\t<meta property=\"og:image:width\" content=\"1400\" \/>\n\t<meta property=\"og:image:height\" content=\"1000\" \/>\n\t<meta property=\"og:image:type\" content=\"image\/jpeg\" \/>\n<meta name=\"author\" content=\"Bertrand Demandre\" \/>\n<meta name=\"twitter:card\" content=\"summary_large_image\" \/>\n<meta name=\"twitter:creator\" content=\"@Chaire_Ecodef\" \/>\n<meta name=\"twitter:site\" content=\"@Chaire_Ecodef\" \/>\n<meta name=\"twitter:label1\" content=\"Written by\" \/>\n\t<meta name=\"twitter:data1\" content=\"Bertrand Demandre\" \/>\n\t<meta name=\"twitter:label2\" content=\"Estimated reading time\" \/>\n\t<meta name=\"twitter:data2\" content=\"2 minutes\" \/>\n<script type=\"application\/ld+json\" class=\"yoast-schema-graph\">{\"@context\":\"https:\\\/\\\/schema.org\",\"@graph\":[{\"@type\":\"Article\",\"@id\":\"https:\\\/\\\/ecodef-ihedn.fr\\\/rearmement-europe-julien-malizard-podcast-academ\\\/#article\",\"isPartOf\":{\"@id\":\"https:\\\/\\\/ecodef-ihedn.fr\\\/rearmement-europe-julien-malizard-podcast-academ\\\/\"},\"author\":{\"name\":\"Bertrand Demandre\",\"@id\":\"https:\\\/\\\/ecodef-ihedn.fr\\\/#\\\/schema\\\/person\\\/1cdf22d028cebe278126a6e07a884d30\"},\"headline\":\"\u00ab\u00a0Le r\u00e9armement de l&rsquo;Europe\u00a0\u00bb Julien Malizard invit\u00e9 du podcast de l&rsquo;ACADEM\",\"datePublished\":\"2025-05-13T07:27:24+00:00\",\"dateModified\":\"2025-11-07T09:02:11+00:00\",\"mainEntityOfPage\":{\"@id\":\"https:\\\/\\\/ecodef-ihedn.fr\\\/rearmement-europe-julien-malizard-podcast-academ\\\/\"},\"wordCount\":226,\"commentCount\":0,\"publisher\":{\"@id\":\"https:\\\/\\\/ecodef-ihedn.fr\\\/#organization\"},\"image\":{\"@id\":\"https:\\\/\\\/ecodef-ihedn.fr\\\/rearmement-europe-julien-malizard-podcast-academ\\\/#primaryimage\"},\"thumbnailUrl\":\"https:\\\/\\\/ecodef-ihedn.fr\\\/wp-content\\\/uploads\\\/2025\\\/05\\\/le-rearmement-de-leurope-pensez-strategique.jpg.546cc680123b6d5bbe2a421095fb8706-7-5.jpg\",\"keywords\":[\"ACADEM\",\"Acad\u00e9mie de d\u00e9fense de l'\u00c9cole militaire\",\"armement\",\"autonomie strat\u00e9gique\",\"Daniel Desesquelle\",\"dissuasion\",\"Donald Trump\",\"exportations\",\"interview\",\"Julien Malizard\",\"Nicole Gnesotto\",\"Pensez Strat\u00e9gique\",\"podcast\",\"souverainet\u00e9\",\"Ukraine\"],\"articleSection\":[\"M\u00e9dias\"],\"inLanguage\":\"en-GB\",\"potentialAction\":[{\"@type\":\"CommentAction\",\"name\":\"Comment\",\"target\":[\"https:\\\/\\\/ecodef-ihedn.fr\\\/rearmement-europe-julien-malizard-podcast-academ\\\/#respond\"]}]},{\"@type\":\"WebPage\",\"@id\":\"https:\\\/\\\/ecodef-ihedn.fr\\\/rearmement-europe-julien-malizard-podcast-academ\\\/\",\"url\":\"https:\\\/\\\/ecodef-ihedn.fr\\\/rearmement-europe-julien-malizard-podcast-academ\\\/\",\"name\":\"\\\"Le r\u00e9armement de l'Europe\\\" Julien Malizard invit\u00e9 du podcast de l'ACADEM - Chaire \u00c9conomie de d\u00e9fense - IHEDN\",\"isPartOf\":{\"@id\":\"https:\\\/\\\/ecodef-ihedn.fr\\\/#website\"},\"primaryImageOfPage\":{\"@id\":\"https:\\\/\\\/ecodef-ihedn.fr\\\/rearmement-europe-julien-malizard-podcast-academ\\\/#primaryimage\"},\"image\":{\"@id\":\"https:\\\/\\\/ecodef-ihedn.fr\\\/rearmement-europe-julien-malizard-podcast-academ\\\/#primaryimage\"},\"thumbnailUrl\":\"https:\\\/\\\/ecodef-ihedn.fr\\\/wp-content\\\/uploads\\\/2025\\\/05\\\/le-rearmement-de-leurope-pensez-strategique.jpg.546cc680123b6d5bbe2a421095fb8706-7-5.jpg\",\"datePublished\":\"2025-05-13T07:27:24+00:00\",\"dateModified\":\"2025-11-07T09:02:11+00:00\",\"breadcrumb\":{\"@id\":\"https:\\\/\\\/ecodef-ihedn.fr\\\/rearmement-europe-julien-malizard-podcast-academ\\\/#breadcrumb\"},\"inLanguage\":\"en-GB\",\"potentialAction\":[{\"@type\":\"ReadAction\",\"target\":[\"https:\\\/\\\/ecodef-ihedn.fr\\\/rearmement-europe-julien-malizard-podcast-academ\\\/\"]}]},{\"@type\":\"ImageObject\",\"inLanguage\":\"en-GB\",\"@id\":\"https:\\\/\\\/ecodef-ihedn.fr\\\/rearmement-europe-julien-malizard-podcast-academ\\\/#primaryimage\",\"url\":\"https:\\\/\\\/ecodef-ihedn.fr\\\/wp-content\\\/uploads\\\/2025\\\/05\\\/le-rearmement-de-leurope-pensez-strategique.jpg.546cc680123b6d5bbe2a421095fb8706-7-5.jpg\",\"contentUrl\":\"https:\\\/\\\/ecodef-ihedn.fr\\\/wp-content\\\/uploads\\\/2025\\\/05\\\/le-rearmement-de-leurope-pensez-strategique.jpg.546cc680123b6d5bbe2a421095fb8706-7-5.jpg\",\"width\":1400,\"height\":1000},{\"@type\":\"BreadcrumbList\",\"@id\":\"https:\\\/\\\/ecodef-ihedn.fr\\\/rearmement-europe-julien-malizard-podcast-academ\\\/#breadcrumb\",\"itemListElement\":[{\"@type\":\"ListItem\",\"position\":1,\"name\":\"Accueil\",\"item\":\"https:\\\/\\\/ecodef-ihedn.fr\\\/\"},{\"@type\":\"ListItem\",\"position\":2,\"name\":\"\u00ab\u00a0Le r\u00e9armement de l&rsquo;Europe\u00a0\u00bb Julien Malizard invit\u00e9 du podcast de l&rsquo;ACADEM\"}]},{\"@type\":\"WebSite\",\"@id\":\"https:\\\/\\\/ecodef-ihedn.fr\\\/#website\",\"url\":\"https:\\\/\\\/ecodef-ihedn.fr\\\/\",\"name\":\"Chaire \u00c9conomie de D\u00e9fense - IHEDN\",\"description\":\"Produire &amp; soutenir, f\u00e9d\u00e9rer &amp; diffuser, \u00eatre une interface\",\"publisher\":{\"@id\":\"https:\\\/\\\/ecodef-ihedn.fr\\\/#organization\"},\"potentialAction\":[{\"@type\":\"SearchAction\",\"target\":{\"@type\":\"EntryPoint\",\"urlTemplate\":\"https:\\\/\\\/ecodef-ihedn.fr\\\/?s={search_term_string}\"},\"query-input\":{\"@type\":\"PropertyValueSpecification\",\"valueRequired\":true,\"valueName\":\"search_term_string\"}}],\"inLanguage\":\"en-GB\"},{\"@type\":\"Organization\",\"@id\":\"https:\\\/\\\/ecodef-ihedn.fr\\\/#organization\",\"name\":\"Chaire \u00c9conomie de d\u00e9fense - IHEDN\",\"url\":\"https:\\\/\\\/ecodef-ihedn.fr\\\/\",\"logo\":{\"@type\":\"ImageObject\",\"inLanguage\":\"en-GB\",\"@id\":\"https:\\\/\\\/ecodef-ihedn.fr\\\/#\\\/schema\\\/logo\\\/image\\\/\",\"url\":\"https:\\\/\\\/ecodef-ihedn.fr\\\/wp-content\\\/uploads\\\/2020\\\/04\\\/logoEcodef9.jpg\",\"contentUrl\":\"https:\\\/\\\/ecodef-ihedn.fr\\\/wp-content\\\/uploads\\\/2020\\\/04\\\/logoEcodef9.jpg\",\"width\":410,\"height\":212,\"caption\":\"Chaire \u00c9conomie de d\u00e9fense - IHEDN\"},\"image\":{\"@id\":\"https:\\\/\\\/ecodef-ihedn.fr\\\/#\\\/schema\\\/logo\\\/image\\\/\"},\"sameAs\":[\"https:\\\/\\\/x.com\\\/Chaire_Ecodef\",\"https:\\\/\\\/www.linkedin.com\\\/company\\\/chaire-ecodef-ihedn\\\/\"]},{\"@type\":\"Person\",\"@id\":\"https:\\\/\\\/ecodef-ihedn.fr\\\/#\\\/schema\\\/person\\\/1cdf22d028cebe278126a6e07a884d30\",\"name\":\"Bertrand Demandre\",\"image\":{\"@type\":\"ImageObject\",\"inLanguage\":\"en-GB\",\"@id\":\"https:\\\/\\\/secure.gravatar.com\\\/avatar\\\/d9c9746d6c900ab5b9c0f9b1fa3932e369da923da247d624b8f7ab4ba8a3c093?s=96&d=mm&r=g\",\"url\":\"https:\\\/\\\/secure.gravatar.com\\\/avatar\\\/d9c9746d6c900ab5b9c0f9b1fa3932e369da923da247d624b8f7ab4ba8a3c093?s=96&d=mm&r=g\",\"contentUrl\":\"https:\\\/\\\/secure.gravatar.com\\\/avatar\\\/d9c9746d6c900ab5b9c0f9b1fa3932e369da923da247d624b8f7ab4ba8a3c093?s=96&d=mm&r=g\",\"caption\":\"Bertrand Demandre\"},\"url\":\"https:\\\/\\\/ecodef-ihedn.fr\\\/en\\\/author\\\/bertrand\\\/\"}]}<\/script>\n<!-- \/ Yoast SEO plugin. -->","yoast_head_json":{"title":"\"Le r\u00e9armement de l'Europe\" Julien Malizard invit\u00e9 du podcast de l'ACADEM - Chaire \u00c9conomie de d\u00e9fense - IHEDN","robots":{"index":"index","follow":"follow","max-snippet":"max-snippet:-1","max-image-preview":"max-image-preview:large","max-video-preview":"max-video-preview:-1"},"canonical":"https:\/\/ecodef-ihedn.fr\/en\/rearmement-europe-julien-malizard-podcast-academ\/","og_locale":"en_GB","og_type":"article","og_title":"\"Le r\u00e9armement de l'Europe\" Julien Malizard invit\u00e9 du podcast de l'ACADEM - Chaire \u00c9conomie de d\u00e9fense - IHEDN","og_description":"Julien Malizard, Titulaire de la Chaire, a \u00e9t\u00e9 l&rsquo;invit\u00e9 du 15e \u00e9pisode de Pensez strat\u00e9gique, le podcast de l&rsquo;Acad\u00e9mie de d\u00e9fense de l&rsquo;\u00c9cole militaire (ACADEM), mardi 9 mai 2025. Anim\u00e9e par Daniel Desesquelle, l&rsquo;\u00e9mission a \u00e9t\u00e9 consacr\u00e9e au th\u00e8me du r\u00e9armement de l&rsquo;Europe et de la position de la France dans cette tendance de fond. [&hellip;]","og_url":"https:\/\/ecodef-ihedn.fr\/en\/rearmement-europe-julien-malizard-podcast-academ\/","og_site_name":"Chaire \u00c9conomie de d\u00e9fense - IHEDN","article_published_time":"2025-05-13T07:27:24+00:00","article_modified_time":"2025-11-07T09:02:11+00:00","og_image":[{"width":1400,"height":1000,"url":"https:\/\/ecodef-ihedn.fr\/wp-content\/uploads\/2025\/05\/le-rearmement-de-leurope-pensez-strategique.jpg.546cc680123b6d5bbe2a421095fb8706-7-5.jpg","type":"image\/jpeg"}],"author":"Bertrand Demandre","twitter_card":"summary_large_image","twitter_creator":"@Chaire_Ecodef","twitter_site":"@Chaire_Ecodef","twitter_misc":{"Written by":"Bertrand Demandre","Estimated reading time":"2 minutes"},"schema":{"@context":"https:\/\/schema.org","@graph":[{"@type":"Article","@id":"https:\/\/ecodef-ihedn.fr\/rearmement-europe-julien-malizard-podcast-academ\/#article","isPartOf":{"@id":"https:\/\/ecodef-ihedn.fr\/rearmement-europe-julien-malizard-podcast-academ\/"},"author":{"name":"Bertrand Demandre","@id":"https:\/\/ecodef-ihedn.fr\/#\/schema\/person\/1cdf22d028cebe278126a6e07a884d30"},"headline":"\u00ab\u00a0Le r\u00e9armement de l&rsquo;Europe\u00a0\u00bb Julien Malizard invit\u00e9 du podcast de l&rsquo;ACADEM","datePublished":"2025-05-13T07:27:24+00:00","dateModified":"2025-11-07T09:02:11+00:00","mainEntityOfPage":{"@id":"https:\/\/ecodef-ihedn.fr\/rearmement-europe-julien-malizard-podcast-academ\/"},"wordCount":226,"commentCount":0,"publisher":{"@id":"https:\/\/ecodef-ihedn.fr\/#organization"},"image":{"@id":"https:\/\/ecodef-ihedn.fr\/rearmement-europe-julien-malizard-podcast-academ\/#primaryimage"},"thumbnailUrl":"https:\/\/ecodef-ihedn.fr\/wp-content\/uploads\/2025\/05\/le-rearmement-de-leurope-pensez-strategique.jpg.546cc680123b6d5bbe2a421095fb8706-7-5.jpg","keywords":["ACADEM","Acad\u00e9mie de d\u00e9fense de l'\u00c9cole militaire","armement","autonomie strat\u00e9gique","Daniel Desesquelle","dissuasion","Donald Trump","exportations","interview","Julien Malizard","Nicole Gnesotto","Pensez Strat\u00e9gique","podcast","souverainet\u00e9","Ukraine"],"articleSection":["M\u00e9dias"],"inLanguage":"en-GB","potentialAction":[{"@type":"CommentAction","name":"Comment","target":["https:\/\/ecodef-ihedn.fr\/rearmement-europe-julien-malizard-podcast-academ\/#respond"]}]},{"@type":"WebPage","@id":"https:\/\/ecodef-ihedn.fr\/rearmement-europe-julien-malizard-podcast-academ\/","url":"https:\/\/ecodef-ihedn.fr\/rearmement-europe-julien-malizard-podcast-academ\/","name":"\"Le r\u00e9armement de l'Europe\" Julien Malizard invit\u00e9 du podcast de l'ACADEM - Chaire \u00c9conomie de d\u00e9fense - IHEDN","isPartOf":{"@id":"https:\/\/ecodef-ihedn.fr\/#website"},"primaryImageOfPage":{"@id":"https:\/\/ecodef-ihedn.fr\/rearmement-europe-julien-malizard-podcast-academ\/#primaryimage"},"image":{"@id":"https:\/\/ecodef-ihedn.fr\/rearmement-europe-julien-malizard-podcast-academ\/#primaryimage"},"thumbnailUrl":"https:\/\/ecodef-ihedn.fr\/wp-content\/uploads\/2025\/05\/le-rearmement-de-leurope-pensez-strategique.jpg.546cc680123b6d5bbe2a421095fb8706-7-5.jpg","datePublished":"2025-05-13T07:27:24+00:00","dateModified":"2025-11-07T09:02:11+00:00","breadcrumb":{"@id":"https:\/\/ecodef-ihedn.fr\/rearmement-europe-julien-malizard-podcast-academ\/#breadcrumb"},"inLanguage":"en-GB","potentialAction":[{"@type":"ReadAction","target":["https:\/\/ecodef-ihedn.fr\/rearmement-europe-julien-malizard-podcast-academ\/"]}]},{"@type":"ImageObject","inLanguage":"en-GB","@id":"https:\/\/ecodef-ihedn.fr\/rearmement-europe-julien-malizard-podcast-academ\/#primaryimage","url":"https:\/\/ecodef-ihedn.fr\/wp-content\/uploads\/2025\/05\/le-rearmement-de-leurope-pensez-strategique.jpg.546cc680123b6d5bbe2a421095fb8706-7-5.jpg","contentUrl":"https:\/\/ecodef-ihedn.fr\/wp-content\/uploads\/2025\/05\/le-rearmement-de-leurope-pensez-strategique.jpg.546cc680123b6d5bbe2a421095fb8706-7-5.jpg","width":1400,"height":1000},{"@type":"BreadcrumbList","@id":"https:\/\/ecodef-ihedn.fr\/rearmement-europe-julien-malizard-podcast-academ\/#breadcrumb","itemListElement":[{"@type":"ListItem","position":1,"name":"Accueil","item":"https:\/\/ecodef-ihedn.fr\/"},{"@type":"ListItem","position":2,"name":"\u00ab\u00a0Le r\u00e9armement de l&rsquo;Europe\u00a0\u00bb Julien Malizard invit\u00e9 du podcast de l&rsquo;ACADEM"}]},{"@type":"WebSite","@id":"https:\/\/ecodef-ihedn.fr\/#website","url":"https:\/\/ecodef-ihedn.fr\/","name":"Chair in Defence Economics - IHEDN","description":"Produce &amp; support, federate &amp; disseminate, act as an interface","publisher":{"@id":"https:\/\/ecodef-ihedn.fr\/#organization"},"potentialAction":[{"@type":"SearchAction","target":{"@type":"EntryPoint","urlTemplate":"https:\/\/ecodef-ihedn.fr\/?s={search_term_string}"},"query-input":{"@type":"PropertyValueSpecification","valueRequired":true,"valueName":"search_term_string"}}],"inLanguage":"en-GB"},{"@type":"Organization","@id":"https:\/\/ecodef-ihedn.fr\/#organization","name":"Chair in Defence Economics - IHEDN","url":"https:\/\/ecodef-ihedn.fr\/","logo":{"@type":"ImageObject","inLanguage":"en-GB","@id":"https:\/\/ecodef-ihedn.fr\/#\/schema\/logo\/image\/","url":"https:\/\/ecodef-ihedn.fr\/wp-content\/uploads\/2020\/04\/logoEcodef9.jpg","contentUrl":"https:\/\/ecodef-ihedn.fr\/wp-content\/uploads\/2020\/04\/logoEcodef9.jpg","width":410,"height":212,"caption":"Chaire \u00c9conomie de d\u00e9fense - IHEDN"},"image":{"@id":"https:\/\/ecodef-ihedn.fr\/#\/schema\/logo\/image\/"},"sameAs":["https:\/\/x.com\/Chaire_Ecodef","https:\/\/www.linkedin.com\/company\/chaire-ecodef-ihedn\/"]},{"@type":"Person","@id":"https:\/\/ecodef-ihedn.fr\/#\/schema\/person\/1cdf22d028cebe278126a6e07a884d30","name":"Bertrand Demandre","image":{"@type":"ImageObject","inLanguage":"en-GB","@id":"https:\/\/secure.gravatar.com\/avatar\/d9c9746d6c900ab5b9c0f9b1fa3932e369da923da247d624b8f7ab4ba8a3c093?s=96&d=mm&r=g","url":"https:\/\/secure.gravatar.com\/avatar\/d9c9746d6c900ab5b9c0f9b1fa3932e369da923da247d624b8f7ab4ba8a3c093?s=96&d=mm&r=g","contentUrl":"https:\/\/secure.gravatar.com\/avatar\/d9c9746d6c900ab5b9c0f9b1fa3932e369da923da247d624b8f7ab4ba8a3c093?s=96&d=mm&r=g","caption":"Bertrand Demandre"},"url":"https:\/\/ecodef-ihedn.fr\/en\/author\/bertrand\/"}]}},"_links":{"self":[{"href":"https:\/\/ecodef-ihedn.fr\/en\/wp-json\/wp\/v2\/posts\/8805","targetHints":{"allow":["GET"]}}],"collection":[{"href":"https:\/\/ecodef-ihedn.fr\/en\/wp-json\/wp\/v2\/posts"}],"about":[{"href":"https:\/\/ecodef-ihedn.fr\/en\/wp-json\/wp\/v2\/types\/post"}],"author":[{"embeddable":true,"href":"https:\/\/ecodef-ihedn.fr\/en\/wp-json\/wp\/v2\/users\/2"}],"replies":[{"embeddable":true,"href":"https:\/\/ecodef-ihedn.fr\/en\/wp-json\/wp\/v2\/comments?post=8805"}],"version-history":[{"count":6,"href":"https:\/\/ecodef-ihedn.fr\/en\/wp-json\/wp\/v2\/posts\/8805\/revisions"}],"predecessor-version":[{"id":8969,"href":"https:\/\/ecodef-ihedn.fr\/en\/wp-json\/wp\/v2\/posts\/8805\/revisions\/8969"}],"wp:featuredmedia":[{"embeddable":true,"href":"https:\/\/ecodef-ihedn.fr\/en\/wp-json\/wp\/v2\/media\/8809"}],"wp:attachment":[{"href":"https:\/\/ecodef-ihedn.fr\/en\/wp-json\/wp\/v2\/media?parent=8805"}],"wp:term":[{"taxonomy":"category","embeddable":true,"href":"https:\/\/ecodef-ihedn.fr\/en\/wp-json\/wp\/v2\/categories?post=8805"},{"taxonomy":"post_tag","embeddable":true,"href":"https:\/\/ecodef-ihedn.fr\/en\/wp-json\/wp\/v2\/tags?post=8805"}],"curies":[{"name":"wp","href":"https:\/\/api.w.org\/{rel}","templated":true}]}}