{"id":881,"date":"2015-06-01T00:00:00","date_gmt":"2015-06-01T00:00:00","guid":{"rendered":"https:\/\/ecodef-ihedn.fr\/seminaire-economie-publique-institution-et-organisation-universite-paris-1\/"},"modified":"2020-04-09T13:34:10","modified_gmt":"2020-04-09T13:34:10","slug":"seminaire-economie-publique-institution-et-organisation-universite-paris-1","status":"publish","type":"post","link":"https:\/\/ecodef-ihedn.fr\/en\/seminaire-economie-publique-institution-et-organisation-universite-paris-1\/","title":{"rendered":"Public Economics, Institutions and Organisation seminar - Universit\u00e9 Paris 1"},"content":{"rendered":"<p style=\"text-align: left;\">The Public Economics, Institutions and Organisation seminar, organised by Universit\u00e9 Paris 1, took place on Tuesday 2 June at 5pm at the Maison des Sciences \u00c9conomiques (room 18). Renaud Bellais and Josselin Droff, members of the Chair's network of researchers, spoke at the seminar.<\/p>\n<p><em>Innovation, technology, and defence procurement:<\/em><br \/>\n<em>Reform or paradigmatic shift?<\/em><\/p>\n<p>Renaud Bellais, ENSTA Bretagne<br \/>\n(in collaboration with Josselin Droff, ENSTA Bretagne)<\/p>\n<p>Discussants : Dominique Foray, CEMI, Ecole Polytechnique F\u00e9d\u00e9rale de Lausanne, and Fran\u00e7ois-Xavier Meunier, UP1<\/p>\n<p><span style=\"text-decoration: underline;\">Abstract<\/span><br \/>\nIn the main arms-producing countries, Ministries of Defence are looking for alternative ways to acquire defence capabilities. Over the past two decades, several reform projects have been experimented to go beyond the model inherited from the Cold War, but they did not succeed in delivering expected results. One may wonder whether such defence acquisition systems correspond to their core mission: supplying boots on the ground with adequate capacities. The research agenda and reforms programmes are biased since they focus mainly on \u00abhow\u00bb to procure. While reforming existing mechanisms seems to fail or to deliver well below expectations, one may wonder in fact whether the true question should concern \u00abwhy\u00bb and \u00abwhat\u00bb to buy with regard to military needs but also the place that technology takes in conceiving defence capabilities.<\/p>","protected":false},"excerpt":{"rendered":"<p>Le S\u00e9minaire \u00c9conomie Publique, Institution et Organisation, organis\u00e9 par l&rsquo;Universit\u00e9 Paris 1, a eu lieu le mardi 2 juin \u00e0 17h \u00e0 la Maison des Sciences \u00c9conomiques (salle 18). Renaud Bellais et Josselin Droff, faisant partie du r\u00e9seau de chercheurs de la Chaire, sont intervenus durant ce s\u00e9minaire. Innovation, technology, and defence procurement\u200e: Reform or [&hellip;]<\/p>\n","protected":false},"author":1,"featured_media":564,"comment_status":"open","ping_status":"open","sticky":false,"template":"","format":"standard","meta":{"footnotes":""},"categories":[356],"tags":[],"class_list":{"0":"post-881","1":"post","2":"type-post","3":"status-publish","4":"format-standard","5":"has-post-thumbnail","7":"category-activites-participation-de-la-chaire-a-un-evenement"},"yoast_head":"<!-- This site is optimized with the Yoast SEO plugin v27.4 - https:\/\/yoast.com\/product\/yoast-seo-wordpress\/ -->\n<title>S\u00e9minaire Economie Publique, Institution et Organisation - Universit\u00e9 Paris 1 - Chaire \u00c9conomie de d\u00e9fense - IHEDN<\/title>\n<meta name=\"robots\" content=\"index, follow, max-snippet:-1, max-image-preview:large, max-video-preview:-1\" \/>\n<link rel=\"canonical\" href=\"https:\/\/ecodef-ihedn.fr\/en\/seminaire-economie-publique-institution-et-organisation-universite-paris-1\/\" \/>\n<meta property=\"og:locale\" content=\"en_GB\" \/>\n<meta property=\"og:type\" content=\"article\" \/>\n<meta property=\"og:title\" content=\"S\u00e9minaire Economie Publique, Institution et Organisation - Universit\u00e9 Paris 1 - Chaire \u00c9conomie de d\u00e9fense - IHEDN\" \/>\n<meta property=\"og:description\" content=\"Le S\u00e9minaire \u00c9conomie Publique, Institution et Organisation, organis\u00e9 par l&rsquo;Universit\u00e9 Paris 1, a eu lieu le mardi 2 juin \u00e0 17h \u00e0 la Maison des Sciences \u00c9conomiques (salle 18). Renaud Bellais et Josselin Droff, faisant partie du r\u00e9seau de chercheurs de la Chaire, sont intervenus durant ce s\u00e9minaire. Innovation, technology, and defence procurement\u200e: Reform or [&hellip;]\" \/>\n<meta property=\"og:url\" content=\"https:\/\/ecodef-ihedn.fr\/en\/seminaire-economie-publique-institution-et-organisation-universite-paris-1\/\" \/>\n<meta property=\"og:site_name\" content=\"Chaire \u00c9conomie de d\u00e9fense - IHEDN\" \/>\n<meta property=\"article:published_time\" content=\"2015-06-01T00:00:00+00:00\" \/>\n<meta property=\"article:modified_time\" content=\"2020-04-09T13:34:10+00:00\" \/>\n<meta property=\"og:image\" content=\"https:\/\/ecodef-ihedn.fr\/wp-content\/uploads\/2020\/02\/ecole-militaire-paris-1.jpg\" \/>\n\t<meta property=\"og:image:width\" content=\"755\" \/>\n\t<meta property=\"og:image:height\" content=\"414\" \/>\n\t<meta property=\"og:image:type\" content=\"image\/jpeg\" \/>\n<meta name=\"author\" content=\"dev\" \/>\n<meta name=\"twitter:card\" content=\"summary_large_image\" \/>\n<meta name=\"twitter:creator\" content=\"@Chaire_Ecodef\" \/>\n<meta name=\"twitter:site\" content=\"@Chaire_Ecodef\" \/>\n<meta name=\"twitter:label1\" content=\"Written by\" \/>\n\t<meta name=\"twitter:data1\" content=\"dev\" \/>\n\t<meta name=\"twitter:label2\" content=\"Estimated reading time\" \/>\n\t<meta name=\"twitter:data2\" content=\"1 minute\" \/>\n<script type=\"application\/ld+json\" class=\"yoast-schema-graph\">{\"@context\":\"https:\\\/\\\/schema.org\",\"@graph\":[{\"@type\":\"Article\",\"@id\":\"https:\\\/\\\/ecodef-ihedn.fr\\\/seminaire-economie-publique-institution-et-organisation-universite-paris-1\\\/#article\",\"isPartOf\":{\"@id\":\"https:\\\/\\\/ecodef-ihedn.fr\\\/seminaire-economie-publique-institution-et-organisation-universite-paris-1\\\/\"},\"author\":{\"name\":\"dev\",\"@id\":\"https:\\\/\\\/ecodef-ihedn.fr\\\/#\\\/schema\\\/person\\\/7b3f1a2d8fd336e0be2f9ff63ff0ebbc\"},\"headline\":\"S\u00e9minaire Economie Publique, Institution et Organisation &#8211; Universit\u00e9 Paris 1\",\"datePublished\":\"2015-06-01T00:00:00+00:00\",\"dateModified\":\"2020-04-09T13:34:10+00:00\",\"mainEntityOfPage\":{\"@id\":\"https:\\\/\\\/ecodef-ihedn.fr\\\/seminaire-economie-publique-institution-et-organisation-universite-paris-1\\\/\"},\"wordCount\":223,\"commentCount\":0,\"publisher\":{\"@id\":\"https:\\\/\\\/ecodef-ihedn.fr\\\/#organization\"},\"image\":{\"@id\":\"https:\\\/\\\/ecodef-ihedn.fr\\\/seminaire-economie-publique-institution-et-organisation-universite-paris-1\\\/#primaryimage\"},\"thumbnailUrl\":\"https:\\\/\\\/ecodef-ihedn.fr\\\/wp-content\\\/uploads\\\/2020\\\/02\\\/ecole-militaire-paris-1.jpg\",\"articleSection\":[\"Activit\u00e9s : participation de la Chaire \u00e0 un \u00e9v\u00e9nement\"],\"inLanguage\":\"en-GB\",\"potentialAction\":[{\"@type\":\"CommentAction\",\"name\":\"Comment\",\"target\":[\"https:\\\/\\\/ecodef-ihedn.fr\\\/seminaire-economie-publique-institution-et-organisation-universite-paris-1\\\/#respond\"]}]},{\"@type\":\"WebPage\",\"@id\":\"https:\\\/\\\/ecodef-ihedn.fr\\\/seminaire-economie-publique-institution-et-organisation-universite-paris-1\\\/\",\"url\":\"https:\\\/\\\/ecodef-ihedn.fr\\\/seminaire-economie-publique-institution-et-organisation-universite-paris-1\\\/\",\"name\":\"S\u00e9minaire Economie Publique, Institution et Organisation - Universit\u00e9 Paris 1 - Chaire \u00c9conomie de d\u00e9fense - IHEDN\",\"isPartOf\":{\"@id\":\"https:\\\/\\\/ecodef-ihedn.fr\\\/#website\"},\"primaryImageOfPage\":{\"@id\":\"https:\\\/\\\/ecodef-ihedn.fr\\\/seminaire-economie-publique-institution-et-organisation-universite-paris-1\\\/#primaryimage\"},\"image\":{\"@id\":\"https:\\\/\\\/ecodef-ihedn.fr\\\/seminaire-economie-publique-institution-et-organisation-universite-paris-1\\\/#primaryimage\"},\"thumbnailUrl\":\"https:\\\/\\\/ecodef-ihedn.fr\\\/wp-content\\\/uploads\\\/2020\\\/02\\\/ecole-militaire-paris-1.jpg\",\"datePublished\":\"2015-06-01T00:00:00+00:00\",\"dateModified\":\"2020-04-09T13:34:10+00:00\",\"breadcrumb\":{\"@id\":\"https:\\\/\\\/ecodef-ihedn.fr\\\/seminaire-economie-publique-institution-et-organisation-universite-paris-1\\\/#breadcrumb\"},\"inLanguage\":\"en-GB\",\"potentialAction\":[{\"@type\":\"ReadAction\",\"target\":[\"https:\\\/\\\/ecodef-ihedn.fr\\\/seminaire-economie-publique-institution-et-organisation-universite-paris-1\\\/\"]}]},{\"@type\":\"ImageObject\",\"inLanguage\":\"en-GB\",\"@id\":\"https:\\\/\\\/ecodef-ihedn.fr\\\/seminaire-economie-publique-institution-et-organisation-universite-paris-1\\\/#primaryimage\",\"url\":\"https:\\\/\\\/ecodef-ihedn.fr\\\/wp-content\\\/uploads\\\/2020\\\/02\\\/ecole-militaire-paris-1.jpg\",\"contentUrl\":\"https:\\\/\\\/ecodef-ihedn.fr\\\/wp-content\\\/uploads\\\/2020\\\/02\\\/ecole-militaire-paris-1.jpg\",\"width\":755,\"height\":414},{\"@type\":\"BreadcrumbList\",\"@id\":\"https:\\\/\\\/ecodef-ihedn.fr\\\/seminaire-economie-publique-institution-et-organisation-universite-paris-1\\\/#breadcrumb\",\"itemListElement\":[{\"@type\":\"ListItem\",\"position\":1,\"name\":\"Accueil\",\"item\":\"https:\\\/\\\/ecodef-ihedn.fr\\\/\"},{\"@type\":\"ListItem\",\"position\":2,\"name\":\"S\u00e9minaire Economie Publique, Institution et Organisation &#8211; Universit\u00e9 Paris 1\"}]},{\"@type\":\"WebSite\",\"@id\":\"https:\\\/\\\/ecodef-ihedn.fr\\\/#website\",\"url\":\"https:\\\/\\\/ecodef-ihedn.fr\\\/\",\"name\":\"Chaire \u00c9conomie de D\u00e9fense - IHEDN\",\"description\":\"Produire &amp; soutenir, f\u00e9d\u00e9rer &amp; diffuser, \u00eatre une interface\",\"publisher\":{\"@id\":\"https:\\\/\\\/ecodef-ihedn.fr\\\/#organization\"},\"potentialAction\":[{\"@type\":\"SearchAction\",\"target\":{\"@type\":\"EntryPoint\",\"urlTemplate\":\"https:\\\/\\\/ecodef-ihedn.fr\\\/?s={search_term_string}\"},\"query-input\":{\"@type\":\"PropertyValueSpecification\",\"valueRequired\":true,\"valueName\":\"search_term_string\"}}],\"inLanguage\":\"en-GB\"},{\"@type\":\"Organization\",\"@id\":\"https:\\\/\\\/ecodef-ihedn.fr\\\/#organization\",\"name\":\"Chaire \u00c9conomie de d\u00e9fense - IHEDN\",\"url\":\"https:\\\/\\\/ecodef-ihedn.fr\\\/\",\"logo\":{\"@type\":\"ImageObject\",\"inLanguage\":\"en-GB\",\"@id\":\"https:\\\/\\\/ecodef-ihedn.fr\\\/#\\\/schema\\\/logo\\\/image\\\/\",\"url\":\"https:\\\/\\\/ecodef-ihedn.fr\\\/wp-content\\\/uploads\\\/2020\\\/04\\\/logoEcodef9.jpg\",\"contentUrl\":\"https:\\\/\\\/ecodef-ihedn.fr\\\/wp-content\\\/uploads\\\/2020\\\/04\\\/logoEcodef9.jpg\",\"width\":410,\"height\":212,\"caption\":\"Chaire \u00c9conomie de d\u00e9fense - IHEDN\"},\"image\":{\"@id\":\"https:\\\/\\\/ecodef-ihedn.fr\\\/#\\\/schema\\\/logo\\\/image\\\/\"},\"sameAs\":[\"https:\\\/\\\/x.com\\\/Chaire_Ecodef\",\"https:\\\/\\\/www.linkedin.com\\\/company\\\/chaire-ecodef-ihedn\\\/\"]},{\"@type\":\"Person\",\"@id\":\"https:\\\/\\\/ecodef-ihedn.fr\\\/#\\\/schema\\\/person\\\/7b3f1a2d8fd336e0be2f9ff63ff0ebbc\",\"name\":\"dev\",\"image\":{\"@type\":\"ImageObject\",\"inLanguage\":\"en-GB\",\"@id\":\"https:\\\/\\\/secure.gravatar.com\\\/avatar\\\/f1ffcac9ca2fa95ad3ec33e9be3ade82f752acb0cabe541e56c5889225afa88a?s=96&d=mm&r=g\",\"url\":\"https:\\\/\\\/secure.gravatar.com\\\/avatar\\\/f1ffcac9ca2fa95ad3ec33e9be3ade82f752acb0cabe541e56c5889225afa88a?s=96&d=mm&r=g\",\"contentUrl\":\"https:\\\/\\\/secure.gravatar.com\\\/avatar\\\/f1ffcac9ca2fa95ad3ec33e9be3ade82f752acb0cabe541e56c5889225afa88a?s=96&d=mm&r=g\",\"caption\":\"dev\"},\"url\":\"https:\\\/\\\/ecodef-ihedn.fr\\\/en\\\/author\\\/dev\\\/\"}]}<\/script>\n<!-- \/ Yoast SEO plugin. -->","yoast_head_json":{"title":"S\u00e9minaire Economie Publique, Institution et Organisation - Universit\u00e9 Paris 1 - Chaire \u00c9conomie de d\u00e9fense - IHEDN","robots":{"index":"index","follow":"follow","max-snippet":"max-snippet:-1","max-image-preview":"max-image-preview:large","max-video-preview":"max-video-preview:-1"},"canonical":"https:\/\/ecodef-ihedn.fr\/en\/seminaire-economie-publique-institution-et-organisation-universite-paris-1\/","og_locale":"en_GB","og_type":"article","og_title":"S\u00e9minaire Economie Publique, Institution et Organisation - Universit\u00e9 Paris 1 - Chaire \u00c9conomie de d\u00e9fense - IHEDN","og_description":"Le S\u00e9minaire \u00c9conomie Publique, Institution et Organisation, organis\u00e9 par l&rsquo;Universit\u00e9 Paris 1, a eu lieu le mardi 2 juin \u00e0 17h \u00e0 la Maison des Sciences \u00c9conomiques (salle 18). Renaud Bellais et Josselin Droff, faisant partie du r\u00e9seau de chercheurs de la Chaire, sont intervenus durant ce s\u00e9minaire. Innovation, technology, and defence procurement\u200e: Reform or [&hellip;]","og_url":"https:\/\/ecodef-ihedn.fr\/en\/seminaire-economie-publique-institution-et-organisation-universite-paris-1\/","og_site_name":"Chaire \u00c9conomie de d\u00e9fense - IHEDN","article_published_time":"2015-06-01T00:00:00+00:00","article_modified_time":"2020-04-09T13:34:10+00:00","og_image":[{"width":755,"height":414,"url":"https:\/\/ecodef-ihedn.fr\/wp-content\/uploads\/2020\/02\/ecole-militaire-paris-1.jpg","type":"image\/jpeg"}],"author":"dev","twitter_card":"summary_large_image","twitter_creator":"@Chaire_Ecodef","twitter_site":"@Chaire_Ecodef","twitter_misc":{"Written by":"dev","Estimated reading time":"1 minute"},"schema":{"@context":"https:\/\/schema.org","@graph":[{"@type":"Article","@id":"https:\/\/ecodef-ihedn.fr\/seminaire-economie-publique-institution-et-organisation-universite-paris-1\/#article","isPartOf":{"@id":"https:\/\/ecodef-ihedn.fr\/seminaire-economie-publique-institution-et-organisation-universite-paris-1\/"},"author":{"name":"dev","@id":"https:\/\/ecodef-ihedn.fr\/#\/schema\/person\/7b3f1a2d8fd336e0be2f9ff63ff0ebbc"},"headline":"S\u00e9minaire Economie Publique, Institution et Organisation &#8211; Universit\u00e9 Paris 1","datePublished":"2015-06-01T00:00:00+00:00","dateModified":"2020-04-09T13:34:10+00:00","mainEntityOfPage":{"@id":"https:\/\/ecodef-ihedn.fr\/seminaire-economie-publique-institution-et-organisation-universite-paris-1\/"},"wordCount":223,"commentCount":0,"publisher":{"@id":"https:\/\/ecodef-ihedn.fr\/#organization"},"image":{"@id":"https:\/\/ecodef-ihedn.fr\/seminaire-economie-publique-institution-et-organisation-universite-paris-1\/#primaryimage"},"thumbnailUrl":"https:\/\/ecodef-ihedn.fr\/wp-content\/uploads\/2020\/02\/ecole-militaire-paris-1.jpg","articleSection":["Activit\u00e9s : participation de la Chaire \u00e0 un \u00e9v\u00e9nement"],"inLanguage":"en-GB","potentialAction":[{"@type":"CommentAction","name":"Comment","target":["https:\/\/ecodef-ihedn.fr\/seminaire-economie-publique-institution-et-organisation-universite-paris-1\/#respond"]}]},{"@type":"WebPage","@id":"https:\/\/ecodef-ihedn.fr\/seminaire-economie-publique-institution-et-organisation-universite-paris-1\/","url":"https:\/\/ecodef-ihedn.fr\/seminaire-economie-publique-institution-et-organisation-universite-paris-1\/","name":"S\u00e9minaire Economie Publique, Institution et Organisation - Universit\u00e9 Paris 1 - Chaire \u00c9conomie de d\u00e9fense - IHEDN","isPartOf":{"@id":"https:\/\/ecodef-ihedn.fr\/#website"},"primaryImageOfPage":{"@id":"https:\/\/ecodef-ihedn.fr\/seminaire-economie-publique-institution-et-organisation-universite-paris-1\/#primaryimage"},"image":{"@id":"https:\/\/ecodef-ihedn.fr\/seminaire-economie-publique-institution-et-organisation-universite-paris-1\/#primaryimage"},"thumbnailUrl":"https:\/\/ecodef-ihedn.fr\/wp-content\/uploads\/2020\/02\/ecole-militaire-paris-1.jpg","datePublished":"2015-06-01T00:00:00+00:00","dateModified":"2020-04-09T13:34:10+00:00","breadcrumb":{"@id":"https:\/\/ecodef-ihedn.fr\/seminaire-economie-publique-institution-et-organisation-universite-paris-1\/#breadcrumb"},"inLanguage":"en-GB","potentialAction":[{"@type":"ReadAction","target":["https:\/\/ecodef-ihedn.fr\/seminaire-economie-publique-institution-et-organisation-universite-paris-1\/"]}]},{"@type":"ImageObject","inLanguage":"en-GB","@id":"https:\/\/ecodef-ihedn.fr\/seminaire-economie-publique-institution-et-organisation-universite-paris-1\/#primaryimage","url":"https:\/\/ecodef-ihedn.fr\/wp-content\/uploads\/2020\/02\/ecole-militaire-paris-1.jpg","contentUrl":"https:\/\/ecodef-ihedn.fr\/wp-content\/uploads\/2020\/02\/ecole-militaire-paris-1.jpg","width":755,"height":414},{"@type":"BreadcrumbList","@id":"https:\/\/ecodef-ihedn.fr\/seminaire-economie-publique-institution-et-organisation-universite-paris-1\/#breadcrumb","itemListElement":[{"@type":"ListItem","position":1,"name":"Accueil","item":"https:\/\/ecodef-ihedn.fr\/"},{"@type":"ListItem","position":2,"name":"S\u00e9minaire Economie Publique, Institution et Organisation &#8211; Universit\u00e9 Paris 1"}]},{"@type":"WebSite","@id":"https:\/\/ecodef-ihedn.fr\/#website","url":"https:\/\/ecodef-ihedn.fr\/","name":"Chair in Defence Economics - IHEDN","description":"Produce &amp; support, federate &amp; disseminate, act as an interface","publisher":{"@id":"https:\/\/ecodef-ihedn.fr\/#organization"},"potentialAction":[{"@type":"SearchAction","target":{"@type":"EntryPoint","urlTemplate":"https:\/\/ecodef-ihedn.fr\/?s={search_term_string}"},"query-input":{"@type":"PropertyValueSpecification","valueRequired":true,"valueName":"search_term_string"}}],"inLanguage":"en-GB"},{"@type":"Organization","@id":"https:\/\/ecodef-ihedn.fr\/#organization","name":"Chair in Defence Economics - IHEDN","url":"https:\/\/ecodef-ihedn.fr\/","logo":{"@type":"ImageObject","inLanguage":"en-GB","@id":"https:\/\/ecodef-ihedn.fr\/#\/schema\/logo\/image\/","url":"https:\/\/ecodef-ihedn.fr\/wp-content\/uploads\/2020\/04\/logoEcodef9.jpg","contentUrl":"https:\/\/ecodef-ihedn.fr\/wp-content\/uploads\/2020\/04\/logoEcodef9.jpg","width":410,"height":212,"caption":"Chaire \u00c9conomie de d\u00e9fense - IHEDN"},"image":{"@id":"https:\/\/ecodef-ihedn.fr\/#\/schema\/logo\/image\/"},"sameAs":["https:\/\/x.com\/Chaire_Ecodef","https:\/\/www.linkedin.com\/company\/chaire-ecodef-ihedn\/"]},{"@type":"Person","@id":"https:\/\/ecodef-ihedn.fr\/#\/schema\/person\/7b3f1a2d8fd336e0be2f9ff63ff0ebbc","name":"dev","image":{"@type":"ImageObject","inLanguage":"en-GB","@id":"https:\/\/secure.gravatar.com\/avatar\/f1ffcac9ca2fa95ad3ec33e9be3ade82f752acb0cabe541e56c5889225afa88a?s=96&d=mm&r=g","url":"https:\/\/secure.gravatar.com\/avatar\/f1ffcac9ca2fa95ad3ec33e9be3ade82f752acb0cabe541e56c5889225afa88a?s=96&d=mm&r=g","contentUrl":"https:\/\/secure.gravatar.com\/avatar\/f1ffcac9ca2fa95ad3ec33e9be3ade82f752acb0cabe541e56c5889225afa88a?s=96&d=mm&r=g","caption":"dev"},"url":"https:\/\/ecodef-ihedn.fr\/en\/author\/dev\/"}]}},"_links":{"self":[{"href":"https:\/\/ecodef-ihedn.fr\/en\/wp-json\/wp\/v2\/posts\/881","targetHints":{"allow":["GET"]}}],"collection":[{"href":"https:\/\/ecodef-ihedn.fr\/en\/wp-json\/wp\/v2\/posts"}],"about":[{"href":"https:\/\/ecodef-ihedn.fr\/en\/wp-json\/wp\/v2\/types\/post"}],"author":[{"embeddable":true,"href":"https:\/\/ecodef-ihedn.fr\/en\/wp-json\/wp\/v2\/users\/1"}],"replies":[{"embeddable":true,"href":"https:\/\/ecodef-ihedn.fr\/en\/wp-json\/wp\/v2\/comments?post=881"}],"version-history":[{"count":1,"href":"https:\/\/ecodef-ihedn.fr\/en\/wp-json\/wp\/v2\/posts\/881\/revisions"}],"predecessor-version":[{"id":1250,"href":"https:\/\/ecodef-ihedn.fr\/en\/wp-json\/wp\/v2\/posts\/881\/revisions\/1250"}],"wp:featuredmedia":[{"embeddable":true,"href":"https:\/\/ecodef-ihedn.fr\/en\/wp-json\/wp\/v2\/media\/564"}],"wp:attachment":[{"href":"https:\/\/ecodef-ihedn.fr\/en\/wp-json\/wp\/v2\/media?parent=881"}],"wp:term":[{"taxonomy":"category","embeddable":true,"href":"https:\/\/ecodef-ihedn.fr\/en\/wp-json\/wp\/v2\/categories?post=881"},{"taxonomy":"post_tag","embeddable":true,"href":"https:\/\/ecodef-ihedn.fr\/en\/wp-json\/wp\/v2\/tags?post=881"}],"curies":[{"name":"wp","href":"https:\/\/api.w.org\/{rel}","templated":true}]}}