{"id":8861,"date":"2025-07-10T15:52:10","date_gmt":"2025-07-10T15:52:10","guid":{"rendered":"https:\/\/ecodef-ihedn.fr\/?p=8861"},"modified":"2025-07-17T09:29:30","modified_gmt":"2025-07-17T09:29:30","slug":"participation-de-la-chaire-a-lices-2025-belfast-irlande-du-nord","status":"publish","type":"post","link":"https:\/\/ecodef-ihedn.fr\/en\/participation-de-la-chaire-a-lices-2025-belfast-irlande-du-nord\/","title":{"rendered":"Participation of the Chair in ICES 2025 (Belfast, Northern Ireland)"},"content":{"rendered":"<h3><strong>Julien Malizard<\/strong>,\u00a0<strong>Josselin Droff<\/strong> and <strong>Eva Szego<\/strong>, researchers at the Chair, took part in the <strong><a href=\"https:\/\/www.ulster.ac.uk\/faculties\/ulster-university-business-school\/events\/annual-international-conference-on-economics-and-security\" target=\"_blank\" rel=\"noopener\"><em>28th International conference on economics and security (ICES 2025)<\/em><\/a><\/strong>, organised from 25 to 27 June 2025 in Belfast (Northern Ireland).<\/h3>\r\n<p><strong>For 30 years<\/strong>, this <strong>annual international conference<\/strong> provides an opportunity for economists, political scientists and researchers from other disciplines to present their work in the field of <strong>the economics of defence, security and peace<\/strong>.<\/p>\r\n<p>The researchers from the Economics of Defence - IHEDN Chair have been taking part in this not-to-be-missed event for the scientific community working on defence and security economic issues since 2014. In this way, they are consolidating the\u2019<strong>focusing part of their work on industrial change in Europe<\/strong><\/p>\r\n<p>The many high-quality exchanges this year brought together a <strong>fifty specialists<\/strong> from all over the world (United States, Canada, Ireland, France, Germany, United Kingdom, Italy, Greece, Belgium, Netherlands, Poland, Czech Republic, Qatar, etc.).<\/p>\r\n<p><a href=\"https:\/\/ecodef-ihedn.fr\/wp-content\/uploads\/2025\/07\/picture_group.jpg\"><img loading=\"lazy\" decoding=\"async\" class=\"aligncenter wp-image-8864 size-full\" src=\"https:\/\/ecodef-ihedn.fr\/wp-content\/uploads\/2025\/07\/picture_group.jpg\" alt=\"\" width=\"780\" height=\"320\" srcset=\"https:\/\/ecodef-ihedn.fr\/wp-content\/uploads\/2025\/07\/picture_group.jpg 780w, https:\/\/ecodef-ihedn.fr\/wp-content\/uploads\/2025\/07\/picture_group-300x123.jpg 300w, https:\/\/ecodef-ihedn.fr\/wp-content\/uploads\/2025\/07\/picture_group-768x315.jpg 768w, https:\/\/ecodef-ihedn.fr\/wp-content\/uploads\/2025\/07\/picture_group-696x286.jpg 696w\" sizes=\"auto, (max-width: 780px) 100vw, 780px\" \/><\/a><\/p>\r\n<p>This year's event highlighted key themes such as <strong>conflict costs<\/strong>, l\u2019<strong>changes in military spending<\/strong>, the <strong>the dynamics of defence cooperation<\/strong>, as well as <strong>industrial issues<\/strong>.<\/p>\r\n<p>On this occasion, Josselin Droff presented a work co-written with Lucie B\u00e9raud-Sudreau, Julien Malizard and Eva Szego, entitled <strong><em>\u00abNew Defence in Europe: A Preliminary Investigation of the Evolving Defence Industry Frontiers\u00bb.\u00bb<\/em><\/strong>.<\/p>\r\n<figure id=\"attachment_8863\" aria-describedby=\"caption-attachment-8863\" style=\"width: 696px\" class=\"wp-caption aligncenter\"><a href=\"https:\/\/ecodef-ihedn.fr\/wp-content\/uploads\/2025\/07\/picture_1.jpg\"><img loading=\"lazy\" decoding=\"async\" class=\"wp-image-8863 size-large\" src=\"https:\/\/ecodef-ihedn.fr\/wp-content\/uploads\/2025\/07\/picture_1-1024x683.jpg\" alt=\"\" width=\"696\" height=\"464\" srcset=\"https:\/\/ecodef-ihedn.fr\/wp-content\/uploads\/2025\/07\/picture_1-1024x683.jpg 1024w, https:\/\/ecodef-ihedn.fr\/wp-content\/uploads\/2025\/07\/picture_1-300x200.jpg 300w, https:\/\/ecodef-ihedn.fr\/wp-content\/uploads\/2025\/07\/picture_1-768x512.jpg 768w, https:\/\/ecodef-ihedn.fr\/wp-content\/uploads\/2025\/07\/picture_1-630x420.jpg 630w, https:\/\/ecodef-ihedn.fr\/wp-content\/uploads\/2025\/07\/picture_1-1260x840.jpg 1260w, https:\/\/ecodef-ihedn.fr\/wp-content\/uploads\/2025\/07\/picture_1-696x464.jpg 696w, https:\/\/ecodef-ihedn.fr\/wp-content\/uploads\/2025\/07\/picture_1-1392x928.jpg 1392w, https:\/\/ecodef-ihedn.fr\/wp-content\/uploads\/2025\/07\/picture_1-1068x712.jpg 1068w, https:\/\/ecodef-ihedn.fr\/wp-content\/uploads\/2025\/07\/picture_1.jpg 1500w\" sizes=\"auto, (max-width: 696px) 100vw, 696px\" \/><\/a><figcaption id=\"caption-attachment-8863\" class=\"wp-caption-text\">Josselin Droff at ICES 2025 (Belfast, Northern Ireland)<\/figcaption><\/figure>\r\n<p>This contribution focused on the emerging contours of the <em>\u00abNew Defence\u00bb<\/em>\u00a0in Europe, with a focus on competitive dynamics within markets linked to innovative defence technologies. Using original data on companies active in fast-growing technology segments (airborne, naval and land-based UAVs, mini-satellites), the presentation addressed several key questions:<\/p>\r\n<ul>\r\n<li>What is a \u00ab\u00a0<em>New Defence \u00bb<\/em> ?<\/li>\r\n<li>How can we identify and measure this emerging sector?<\/li>\r\n<li>How do these new players differ from traditional defence manufacturers?<\/li>\r\n<\/ul>\r\n<p>These considerations are particularly important in a European context where defence policies are gaining in importance, and major strategic decisions are being taken in terms of procurement and industrial structuring.<\/p>\r\n<p>This work illustrates the\u2019<strong>anchoring the Chair in major contemporary issues<\/strong> the sector, contributing to a better understanding of the changes underway.<\/p>\r\n<p>A big thank you to the organisers and the ICES community for the quality of the exchanges and the richness of the discussions!<\/p>","protected":false},"excerpt":{"rendered":"<p>Julien Malizard,\u00a0Josselin Droff et Eva Szego, chercheurs \u00e0 la Chaire, ont particip\u00e9 \u00e0 la 28th International conference on economics and security (ICES 2025), organis\u00e9e du 25 au 27 juin 2025 \u00e0 Belfast (Irlande du Nord) Depuis 30 ans, cette conf\u00e9rence annuelle internationale offre l\u2019opportunit\u00e9 aux \u00e9conomistes, chercheurs en science politique et chercheurs d\u2019autres disciplines de [&hellip;]<\/p>\n","protected":false},"author":2,"featured_media":8862,"comment_status":"open","ping_status":"open","sticky":false,"template":"","format":"standard","meta":{"footnotes":""},"categories":[34,356],"tags":[210,790,211,736,162,41,411,410,808,47,676,792,141,157,789,38,60,323,791,202,86,751,793,314],"class_list":{"0":"post-8861","1":"post","2":"type-post","3":"status-publish","4":"format-standard","5":"has-post-thumbnail","7":"category-activites","8":"category-activites-participation-de-la-chaire-a-un-evenement","9":"tag-base-industrielle-et-technologique-de-defense","10":"tag-belfast","11":"tag-bitd","12":"tag-bitde","13":"tag-chaire-economie-de-defense","14":"tag-conference","15":"tag-cooperation-de-defense","16":"tag-cooperation-europeenne","17":"tag-dynamiques-concurrentielles","18":"tag-economie-de-defense","19":"tag-enjeux-industriels","20":"tag-eva-szego","21":"tag-financement-de-la-defense","22":"tag-ices","23":"tag-ices-2025","24":"tag-ihedn","25":"tag-innovation","26":"tag-innovation-de-defense","27":"tag-irlande-du-nord","28":"tag-josselin-droff","29":"tag-julien-malizard","30":"tag-marche-de-larmement","31":"tag-new-defence","32":"tag-souverainete"},"yoast_head":"<!-- This site is optimized with the Yoast SEO plugin v27.4 - https:\/\/yoast.com\/product\/yoast-seo-wordpress\/ -->\n<title>Participation de la Chaire \u00e0 l&#039;ICES 2025 (Belfast, Irlande du Nord) - Chaire \u00c9conomie de d\u00e9fense - IHEDN<\/title>\n<meta name=\"robots\" content=\"index, follow, max-snippet:-1, max-image-preview:large, max-video-preview:-1\" \/>\n<link rel=\"canonical\" href=\"https:\/\/ecodef-ihedn.fr\/en\/participation-de-la-chaire-a-lices-2025-belfast-irlande-du-nord\/\" \/>\n<meta property=\"og:locale\" content=\"en_GB\" \/>\n<meta property=\"og:type\" content=\"article\" \/>\n<meta property=\"og:title\" content=\"Participation de la Chaire \u00e0 l&#039;ICES 2025 (Belfast, Irlande du Nord) - Chaire \u00c9conomie de d\u00e9fense - IHEDN\" \/>\n<meta property=\"og:description\" content=\"Julien Malizard,\u00a0Josselin Droff et Eva Szego, chercheurs \u00e0 la Chaire, ont particip\u00e9 \u00e0 la 28th International conference on economics and security (ICES 2025), organis\u00e9e du 25 au 27 juin 2025 \u00e0 Belfast (Irlande du Nord) Depuis 30 ans, cette conf\u00e9rence annuelle internationale offre l\u2019opportunit\u00e9 aux \u00e9conomistes, chercheurs en science politique et chercheurs d\u2019autres disciplines de [&hellip;]\" \/>\n<meta property=\"og:url\" content=\"https:\/\/ecodef-ihedn.fr\/en\/participation-de-la-chaire-a-lices-2025-belfast-irlande-du-nord\/\" \/>\n<meta property=\"og:site_name\" content=\"Chaire \u00c9conomie de d\u00e9fense - IHEDN\" \/>\n<meta property=\"article:published_time\" content=\"2025-07-10T15:52:10+00:00\" \/>\n<meta property=\"article:modified_time\" content=\"2025-07-17T09:29:30+00:00\" \/>\n<meta property=\"og:image\" content=\"https:\/\/ecodef-ihedn.fr\/wp-content\/uploads\/2025\/07\/picture_1-7-5.jpg\" \/>\n\t<meta property=\"og:image:width\" content=\"1400\" \/>\n\t<meta property=\"og:image:height\" content=\"1000\" \/>\n\t<meta property=\"og:image:type\" content=\"image\/jpeg\" \/>\n<meta name=\"author\" content=\"Bertrand Demandre\" \/>\n<meta name=\"twitter:card\" content=\"summary_large_image\" \/>\n<meta name=\"twitter:creator\" content=\"@Chaire_Ecodef\" \/>\n<meta name=\"twitter:site\" content=\"@Chaire_Ecodef\" \/>\n<meta name=\"twitter:label1\" content=\"Written by\" \/>\n\t<meta name=\"twitter:data1\" content=\"Bertrand Demandre\" \/>\n\t<meta name=\"twitter:label2\" content=\"Estimated reading time\" \/>\n\t<meta name=\"twitter:data2\" content=\"3 minutes\" \/>\n<script type=\"application\/ld+json\" class=\"yoast-schema-graph\">{\"@context\":\"https:\\\/\\\/schema.org\",\"@graph\":[{\"@type\":\"Article\",\"@id\":\"https:\\\/\\\/ecodef-ihedn.fr\\\/participation-de-la-chaire-a-lices-2025-belfast-irlande-du-nord\\\/#article\",\"isPartOf\":{\"@id\":\"https:\\\/\\\/ecodef-ihedn.fr\\\/participation-de-la-chaire-a-lices-2025-belfast-irlande-du-nord\\\/\"},\"author\":{\"name\":\"Bertrand Demandre\",\"@id\":\"https:\\\/\\\/ecodef-ihedn.fr\\\/#\\\/schema\\\/person\\\/1cdf22d028cebe278126a6e07a884d30\"},\"headline\":\"Participation de la Chaire \u00e0 l&rsquo;ICES 2025 (Belfast, Irlande du Nord)\",\"datePublished\":\"2025-07-10T15:52:10+00:00\",\"dateModified\":\"2025-07-17T09:29:30+00:00\",\"mainEntityOfPage\":{\"@id\":\"https:\\\/\\\/ecodef-ihedn.fr\\\/participation-de-la-chaire-a-lices-2025-belfast-irlande-du-nord\\\/\"},\"wordCount\":445,\"commentCount\":0,\"publisher\":{\"@id\":\"https:\\\/\\\/ecodef-ihedn.fr\\\/#organization\"},\"image\":{\"@id\":\"https:\\\/\\\/ecodef-ihedn.fr\\\/participation-de-la-chaire-a-lices-2025-belfast-irlande-du-nord\\\/#primaryimage\"},\"thumbnailUrl\":\"https:\\\/\\\/ecodef-ihedn.fr\\\/wp-content\\\/uploads\\\/2025\\\/07\\\/picture_1-7-5.jpg\",\"keywords\":[\"Base Industrielle et Technologique de D\u00e9fense\",\"Belfast\",\"BITD\",\"BITDE\",\"chaire \u00e9conomie de d\u00e9fense\",\"conf\u00e9rence\",\"coop\u00e9ration de d\u00e9fense\",\"coop\u00e9ration europ\u00e9enne\",\"dynamiques concurrentielles\",\"\u00e9conomie de d\u00e9fense\",\"enjeux industriels\",\"Eva Szego\",\"financement de la d\u00e9fense\",\"ICES\",\"ICES 2025\",\"IHEDN\",\"innovation\",\"Innovation de d\u00e9fense\",\"Irlande du Nord\",\"Josselin Droff\",\"Julien Malizard\",\"march\u00e9 de l'armement\",\"new defence\",\"souverainet\u00e9\"],\"articleSection\":[\"Activit\u00e9s\",\"Activit\u00e9s : participation de la Chaire \u00e0 un \u00e9v\u00e9nement\"],\"inLanguage\":\"en-GB\",\"potentialAction\":[{\"@type\":\"CommentAction\",\"name\":\"Comment\",\"target\":[\"https:\\\/\\\/ecodef-ihedn.fr\\\/participation-de-la-chaire-a-lices-2025-belfast-irlande-du-nord\\\/#respond\"]}]},{\"@type\":\"WebPage\",\"@id\":\"https:\\\/\\\/ecodef-ihedn.fr\\\/participation-de-la-chaire-a-lices-2025-belfast-irlande-du-nord\\\/\",\"url\":\"https:\\\/\\\/ecodef-ihedn.fr\\\/participation-de-la-chaire-a-lices-2025-belfast-irlande-du-nord\\\/\",\"name\":\"Participation de la Chaire \u00e0 l'ICES 2025 (Belfast, Irlande du Nord) - Chaire \u00c9conomie de d\u00e9fense - IHEDN\",\"isPartOf\":{\"@id\":\"https:\\\/\\\/ecodef-ihedn.fr\\\/#website\"},\"primaryImageOfPage\":{\"@id\":\"https:\\\/\\\/ecodef-ihedn.fr\\\/participation-de-la-chaire-a-lices-2025-belfast-irlande-du-nord\\\/#primaryimage\"},\"image\":{\"@id\":\"https:\\\/\\\/ecodef-ihedn.fr\\\/participation-de-la-chaire-a-lices-2025-belfast-irlande-du-nord\\\/#primaryimage\"},\"thumbnailUrl\":\"https:\\\/\\\/ecodef-ihedn.fr\\\/wp-content\\\/uploads\\\/2025\\\/07\\\/picture_1-7-5.jpg\",\"datePublished\":\"2025-07-10T15:52:10+00:00\",\"dateModified\":\"2025-07-17T09:29:30+00:00\",\"breadcrumb\":{\"@id\":\"https:\\\/\\\/ecodef-ihedn.fr\\\/participation-de-la-chaire-a-lices-2025-belfast-irlande-du-nord\\\/#breadcrumb\"},\"inLanguage\":\"en-GB\",\"potentialAction\":[{\"@type\":\"ReadAction\",\"target\":[\"https:\\\/\\\/ecodef-ihedn.fr\\\/participation-de-la-chaire-a-lices-2025-belfast-irlande-du-nord\\\/\"]}]},{\"@type\":\"ImageObject\",\"inLanguage\":\"en-GB\",\"@id\":\"https:\\\/\\\/ecodef-ihedn.fr\\\/participation-de-la-chaire-a-lices-2025-belfast-irlande-du-nord\\\/#primaryimage\",\"url\":\"https:\\\/\\\/ecodef-ihedn.fr\\\/wp-content\\\/uploads\\\/2025\\\/07\\\/picture_1-7-5.jpg\",\"contentUrl\":\"https:\\\/\\\/ecodef-ihedn.fr\\\/wp-content\\\/uploads\\\/2025\\\/07\\\/picture_1-7-5.jpg\",\"width\":1400,\"height\":1000},{\"@type\":\"BreadcrumbList\",\"@id\":\"https:\\\/\\\/ecodef-ihedn.fr\\\/participation-de-la-chaire-a-lices-2025-belfast-irlande-du-nord\\\/#breadcrumb\",\"itemListElement\":[{\"@type\":\"ListItem\",\"position\":1,\"name\":\"Accueil\",\"item\":\"https:\\\/\\\/ecodef-ihedn.fr\\\/\"},{\"@type\":\"ListItem\",\"position\":2,\"name\":\"Participation de la Chaire \u00e0 l&rsquo;ICES 2025 (Belfast, Irlande du Nord)\"}]},{\"@type\":\"WebSite\",\"@id\":\"https:\\\/\\\/ecodef-ihedn.fr\\\/#website\",\"url\":\"https:\\\/\\\/ecodef-ihedn.fr\\\/\",\"name\":\"Chaire \u00c9conomie de D\u00e9fense - IHEDN\",\"description\":\"Produire &amp; soutenir, f\u00e9d\u00e9rer &amp; diffuser, \u00eatre une interface\",\"publisher\":{\"@id\":\"https:\\\/\\\/ecodef-ihedn.fr\\\/#organization\"},\"potentialAction\":[{\"@type\":\"SearchAction\",\"target\":{\"@type\":\"EntryPoint\",\"urlTemplate\":\"https:\\\/\\\/ecodef-ihedn.fr\\\/?s={search_term_string}\"},\"query-input\":{\"@type\":\"PropertyValueSpecification\",\"valueRequired\":true,\"valueName\":\"search_term_string\"}}],\"inLanguage\":\"en-GB\"},{\"@type\":\"Organization\",\"@id\":\"https:\\\/\\\/ecodef-ihedn.fr\\\/#organization\",\"name\":\"Chaire \u00c9conomie de d\u00e9fense - IHEDN\",\"url\":\"https:\\\/\\\/ecodef-ihedn.fr\\\/\",\"logo\":{\"@type\":\"ImageObject\",\"inLanguage\":\"en-GB\",\"@id\":\"https:\\\/\\\/ecodef-ihedn.fr\\\/#\\\/schema\\\/logo\\\/image\\\/\",\"url\":\"https:\\\/\\\/ecodef-ihedn.fr\\\/wp-content\\\/uploads\\\/2020\\\/04\\\/logoEcodef9.jpg\",\"contentUrl\":\"https:\\\/\\\/ecodef-ihedn.fr\\\/wp-content\\\/uploads\\\/2020\\\/04\\\/logoEcodef9.jpg\",\"width\":410,\"height\":212,\"caption\":\"Chaire \u00c9conomie de d\u00e9fense - IHEDN\"},\"image\":{\"@id\":\"https:\\\/\\\/ecodef-ihedn.fr\\\/#\\\/schema\\\/logo\\\/image\\\/\"},\"sameAs\":[\"https:\\\/\\\/x.com\\\/Chaire_Ecodef\",\"https:\\\/\\\/www.linkedin.com\\\/company\\\/chaire-ecodef-ihedn\\\/\"]},{\"@type\":\"Person\",\"@id\":\"https:\\\/\\\/ecodef-ihedn.fr\\\/#\\\/schema\\\/person\\\/1cdf22d028cebe278126a6e07a884d30\",\"name\":\"Bertrand Demandre\",\"image\":{\"@type\":\"ImageObject\",\"inLanguage\":\"en-GB\",\"@id\":\"https:\\\/\\\/secure.gravatar.com\\\/avatar\\\/d9c9746d6c900ab5b9c0f9b1fa3932e369da923da247d624b8f7ab4ba8a3c093?s=96&d=mm&r=g\",\"url\":\"https:\\\/\\\/secure.gravatar.com\\\/avatar\\\/d9c9746d6c900ab5b9c0f9b1fa3932e369da923da247d624b8f7ab4ba8a3c093?s=96&d=mm&r=g\",\"contentUrl\":\"https:\\\/\\\/secure.gravatar.com\\\/avatar\\\/d9c9746d6c900ab5b9c0f9b1fa3932e369da923da247d624b8f7ab4ba8a3c093?s=96&d=mm&r=g\",\"caption\":\"Bertrand Demandre\"},\"url\":\"https:\\\/\\\/ecodef-ihedn.fr\\\/en\\\/author\\\/bertrand\\\/\"}]}<\/script>\n<!-- \/ Yoast SEO plugin. -->","yoast_head_json":{"title":"Participation de la Chaire \u00e0 l'ICES 2025 (Belfast, Irlande du Nord) - Chaire \u00c9conomie de d\u00e9fense - IHEDN","robots":{"index":"index","follow":"follow","max-snippet":"max-snippet:-1","max-image-preview":"max-image-preview:large","max-video-preview":"max-video-preview:-1"},"canonical":"https:\/\/ecodef-ihedn.fr\/en\/participation-de-la-chaire-a-lices-2025-belfast-irlande-du-nord\/","og_locale":"en_GB","og_type":"article","og_title":"Participation de la Chaire \u00e0 l'ICES 2025 (Belfast, Irlande du Nord) - Chaire \u00c9conomie de d\u00e9fense - IHEDN","og_description":"Julien Malizard,\u00a0Josselin Droff et Eva Szego, chercheurs \u00e0 la Chaire, ont particip\u00e9 \u00e0 la 28th International conference on economics and security (ICES 2025), organis\u00e9e du 25 au 27 juin 2025 \u00e0 Belfast (Irlande du Nord) Depuis 30 ans, cette conf\u00e9rence annuelle internationale offre l\u2019opportunit\u00e9 aux \u00e9conomistes, chercheurs en science politique et chercheurs d\u2019autres disciplines de [&hellip;]","og_url":"https:\/\/ecodef-ihedn.fr\/en\/participation-de-la-chaire-a-lices-2025-belfast-irlande-du-nord\/","og_site_name":"Chaire \u00c9conomie de d\u00e9fense - IHEDN","article_published_time":"2025-07-10T15:52:10+00:00","article_modified_time":"2025-07-17T09:29:30+00:00","og_image":[{"width":1400,"height":1000,"url":"https:\/\/ecodef-ihedn.fr\/wp-content\/uploads\/2025\/07\/picture_1-7-5.jpg","type":"image\/jpeg"}],"author":"Bertrand Demandre","twitter_card":"summary_large_image","twitter_creator":"@Chaire_Ecodef","twitter_site":"@Chaire_Ecodef","twitter_misc":{"Written by":"Bertrand Demandre","Estimated reading time":"3 minutes"},"schema":{"@context":"https:\/\/schema.org","@graph":[{"@type":"Article","@id":"https:\/\/ecodef-ihedn.fr\/participation-de-la-chaire-a-lices-2025-belfast-irlande-du-nord\/#article","isPartOf":{"@id":"https:\/\/ecodef-ihedn.fr\/participation-de-la-chaire-a-lices-2025-belfast-irlande-du-nord\/"},"author":{"name":"Bertrand Demandre","@id":"https:\/\/ecodef-ihedn.fr\/#\/schema\/person\/1cdf22d028cebe278126a6e07a884d30"},"headline":"Participation de la Chaire \u00e0 l&rsquo;ICES 2025 (Belfast, Irlande du Nord)","datePublished":"2025-07-10T15:52:10+00:00","dateModified":"2025-07-17T09:29:30+00:00","mainEntityOfPage":{"@id":"https:\/\/ecodef-ihedn.fr\/participation-de-la-chaire-a-lices-2025-belfast-irlande-du-nord\/"},"wordCount":445,"commentCount":0,"publisher":{"@id":"https:\/\/ecodef-ihedn.fr\/#organization"},"image":{"@id":"https:\/\/ecodef-ihedn.fr\/participation-de-la-chaire-a-lices-2025-belfast-irlande-du-nord\/#primaryimage"},"thumbnailUrl":"https:\/\/ecodef-ihedn.fr\/wp-content\/uploads\/2025\/07\/picture_1-7-5.jpg","keywords":["Base Industrielle et Technologique de D\u00e9fense","Belfast","BITD","BITDE","chaire \u00e9conomie de d\u00e9fense","conf\u00e9rence","coop\u00e9ration de d\u00e9fense","coop\u00e9ration europ\u00e9enne","dynamiques concurrentielles","\u00e9conomie de d\u00e9fense","enjeux industriels","Eva Szego","financement de la d\u00e9fense","ICES","ICES 2025","IHEDN","innovation","Innovation de d\u00e9fense","Irlande du Nord","Josselin Droff","Julien Malizard","march\u00e9 de l'armement","new defence","souverainet\u00e9"],"articleSection":["Activit\u00e9s","Activit\u00e9s : participation de la Chaire \u00e0 un \u00e9v\u00e9nement"],"inLanguage":"en-GB","potentialAction":[{"@type":"CommentAction","name":"Comment","target":["https:\/\/ecodef-ihedn.fr\/participation-de-la-chaire-a-lices-2025-belfast-irlande-du-nord\/#respond"]}]},{"@type":"WebPage","@id":"https:\/\/ecodef-ihedn.fr\/participation-de-la-chaire-a-lices-2025-belfast-irlande-du-nord\/","url":"https:\/\/ecodef-ihedn.fr\/participation-de-la-chaire-a-lices-2025-belfast-irlande-du-nord\/","name":"Participation de la Chaire \u00e0 l'ICES 2025 (Belfast, Irlande du Nord) - Chaire \u00c9conomie de d\u00e9fense - IHEDN","isPartOf":{"@id":"https:\/\/ecodef-ihedn.fr\/#website"},"primaryImageOfPage":{"@id":"https:\/\/ecodef-ihedn.fr\/participation-de-la-chaire-a-lices-2025-belfast-irlande-du-nord\/#primaryimage"},"image":{"@id":"https:\/\/ecodef-ihedn.fr\/participation-de-la-chaire-a-lices-2025-belfast-irlande-du-nord\/#primaryimage"},"thumbnailUrl":"https:\/\/ecodef-ihedn.fr\/wp-content\/uploads\/2025\/07\/picture_1-7-5.jpg","datePublished":"2025-07-10T15:52:10+00:00","dateModified":"2025-07-17T09:29:30+00:00","breadcrumb":{"@id":"https:\/\/ecodef-ihedn.fr\/participation-de-la-chaire-a-lices-2025-belfast-irlande-du-nord\/#breadcrumb"},"inLanguage":"en-GB","potentialAction":[{"@type":"ReadAction","target":["https:\/\/ecodef-ihedn.fr\/participation-de-la-chaire-a-lices-2025-belfast-irlande-du-nord\/"]}]},{"@type":"ImageObject","inLanguage":"en-GB","@id":"https:\/\/ecodef-ihedn.fr\/participation-de-la-chaire-a-lices-2025-belfast-irlande-du-nord\/#primaryimage","url":"https:\/\/ecodef-ihedn.fr\/wp-content\/uploads\/2025\/07\/picture_1-7-5.jpg","contentUrl":"https:\/\/ecodef-ihedn.fr\/wp-content\/uploads\/2025\/07\/picture_1-7-5.jpg","width":1400,"height":1000},{"@type":"BreadcrumbList","@id":"https:\/\/ecodef-ihedn.fr\/participation-de-la-chaire-a-lices-2025-belfast-irlande-du-nord\/#breadcrumb","itemListElement":[{"@type":"ListItem","position":1,"name":"Accueil","item":"https:\/\/ecodef-ihedn.fr\/"},{"@type":"ListItem","position":2,"name":"Participation de la Chaire \u00e0 l&rsquo;ICES 2025 (Belfast, Irlande du Nord)"}]},{"@type":"WebSite","@id":"https:\/\/ecodef-ihedn.fr\/#website","url":"https:\/\/ecodef-ihedn.fr\/","name":"Chair in Defence Economics - IHEDN","description":"Produce &amp; support, federate &amp; disseminate, act as an interface","publisher":{"@id":"https:\/\/ecodef-ihedn.fr\/#organization"},"potentialAction":[{"@type":"SearchAction","target":{"@type":"EntryPoint","urlTemplate":"https:\/\/ecodef-ihedn.fr\/?s={search_term_string}"},"query-input":{"@type":"PropertyValueSpecification","valueRequired":true,"valueName":"search_term_string"}}],"inLanguage":"en-GB"},{"@type":"Organization","@id":"https:\/\/ecodef-ihedn.fr\/#organization","name":"Chair in Defence Economics - IHEDN","url":"https:\/\/ecodef-ihedn.fr\/","logo":{"@type":"ImageObject","inLanguage":"en-GB","@id":"https:\/\/ecodef-ihedn.fr\/#\/schema\/logo\/image\/","url":"https:\/\/ecodef-ihedn.fr\/wp-content\/uploads\/2020\/04\/logoEcodef9.jpg","contentUrl":"https:\/\/ecodef-ihedn.fr\/wp-content\/uploads\/2020\/04\/logoEcodef9.jpg","width":410,"height":212,"caption":"Chaire \u00c9conomie de d\u00e9fense - IHEDN"},"image":{"@id":"https:\/\/ecodef-ihedn.fr\/#\/schema\/logo\/image\/"},"sameAs":["https:\/\/x.com\/Chaire_Ecodef","https:\/\/www.linkedin.com\/company\/chaire-ecodef-ihedn\/"]},{"@type":"Person","@id":"https:\/\/ecodef-ihedn.fr\/#\/schema\/person\/1cdf22d028cebe278126a6e07a884d30","name":"Bertrand Demandre","image":{"@type":"ImageObject","inLanguage":"en-GB","@id":"https:\/\/secure.gravatar.com\/avatar\/d9c9746d6c900ab5b9c0f9b1fa3932e369da923da247d624b8f7ab4ba8a3c093?s=96&d=mm&r=g","url":"https:\/\/secure.gravatar.com\/avatar\/d9c9746d6c900ab5b9c0f9b1fa3932e369da923da247d624b8f7ab4ba8a3c093?s=96&d=mm&r=g","contentUrl":"https:\/\/secure.gravatar.com\/avatar\/d9c9746d6c900ab5b9c0f9b1fa3932e369da923da247d624b8f7ab4ba8a3c093?s=96&d=mm&r=g","caption":"Bertrand Demandre"},"url":"https:\/\/ecodef-ihedn.fr\/en\/author\/bertrand\/"}]}},"_links":{"self":[{"href":"https:\/\/ecodef-ihedn.fr\/en\/wp-json\/wp\/v2\/posts\/8861","targetHints":{"allow":["GET"]}}],"collection":[{"href":"https:\/\/ecodef-ihedn.fr\/en\/wp-json\/wp\/v2\/posts"}],"about":[{"href":"https:\/\/ecodef-ihedn.fr\/en\/wp-json\/wp\/v2\/types\/post"}],"author":[{"embeddable":true,"href":"https:\/\/ecodef-ihedn.fr\/en\/wp-json\/wp\/v2\/users\/2"}],"replies":[{"embeddable":true,"href":"https:\/\/ecodef-ihedn.fr\/en\/wp-json\/wp\/v2\/comments?post=8861"}],"version-history":[{"count":14,"href":"https:\/\/ecodef-ihedn.fr\/en\/wp-json\/wp\/v2\/posts\/8861\/revisions"}],"predecessor-version":[{"id":8894,"href":"https:\/\/ecodef-ihedn.fr\/en\/wp-json\/wp\/v2\/posts\/8861\/revisions\/8894"}],"wp:featuredmedia":[{"embeddable":true,"href":"https:\/\/ecodef-ihedn.fr\/en\/wp-json\/wp\/v2\/media\/8862"}],"wp:attachment":[{"href":"https:\/\/ecodef-ihedn.fr\/en\/wp-json\/wp\/v2\/media?parent=8861"}],"wp:term":[{"taxonomy":"category","embeddable":true,"href":"https:\/\/ecodef-ihedn.fr\/en\/wp-json\/wp\/v2\/categories?post=8861"},{"taxonomy":"post_tag","embeddable":true,"href":"https:\/\/ecodef-ihedn.fr\/en\/wp-json\/wp\/v2\/tags?post=8861"}],"curies":[{"name":"wp","href":"https:\/\/api.w.org\/{rel}","templated":true}]}}