{"id":8884,"date":"2025-07-16T13:26:25","date_gmt":"2025-07-16T13:26:25","guid":{"rendered":"https:\/\/ecodef-ihedn.fr\/?p=8884"},"modified":"2025-07-16T15:50:27","modified_gmt":"2025-07-16T15:50:27","slug":"armees-la-france-assez-puissante-julien-malizard-sur-france-24","status":"publish","type":"post","link":"https:\/\/ecodef-ihedn.fr\/en\/armees-la-france-assez-puissante-julien-malizard-sur-france-24\/","title":{"rendered":"\u00abArmed forces: is France powerful enough? Julien Malizard on France 24"},"content":{"rendered":"<h3>Julien Malizard, holder of the Chair, was one of the guests on France 24\u00abs \u00bbLe D\u00e9bat\" programme on Monday 14 July 2025.<\/h3>\n<p><a href=\"https:\/\/ecodef-ihedn.fr\/wp-content\/uploads\/2025\/07\/Capture-decran-2025-07-16-154759.png\" target=\"_blank\" rel=\"noopener\"><img loading=\"lazy\" decoding=\"async\" class=\"aligncenter wp-image-8885 size-large\" src=\"https:\/\/ecodef-ihedn.fr\/wp-content\/uploads\/2025\/07\/Capture-decran-2025-07-16-154759-1024x573.png\" alt=\"\" width=\"696\" height=\"389\" srcset=\"https:\/\/ecodef-ihedn.fr\/wp-content\/uploads\/2025\/07\/Capture-decran-2025-07-16-154759-1024x573.png 1024w, https:\/\/ecodef-ihedn.fr\/wp-content\/uploads\/2025\/07\/Capture-decran-2025-07-16-154759-300x168.png 300w, https:\/\/ecodef-ihedn.fr\/wp-content\/uploads\/2025\/07\/Capture-decran-2025-07-16-154759-768x430.png 768w, https:\/\/ecodef-ihedn.fr\/wp-content\/uploads\/2025\/07\/Capture-decran-2025-07-16-154759-750x420.png 750w, https:\/\/ecodef-ihedn.fr\/wp-content\/uploads\/2025\/07\/Capture-decran-2025-07-16-154759-696x390.png 696w, https:\/\/ecodef-ihedn.fr\/wp-content\/uploads\/2025\/07\/Capture-decran-2025-07-16-154759-1068x598.png 1068w, https:\/\/ecodef-ihedn.fr\/wp-content\/uploads\/2025\/07\/Capture-decran-2025-07-16-154759.png 1250w\" sizes=\"auto, (max-width: 696px) 100vw, 696px\" \/><\/a><\/p>\n<p class=\"PopSlotParagraph qg-tx2 qg-xtra-lh svelte-1xznlfb\">The programme was devoted to the President's 13 July speech and the outlook for the future:<\/p>\n<ul class=\"o-aside-content__guest-list m-bullet-list\">\n<li class=\"m-bullet-list__item\"><span class=\"m-guest__name\">Patricia All\u00e9moni\u00e8re, <\/span><span class=\"m-guest__role\">A great reporter<\/span><\/li>\n<li class=\"m-bullet-list__item\">\n<div class=\"m-guest\"><span class=\"m-guest__name\">Jean-Louis Thi\u00e9riot, D<\/span><span class=\"m-guest__role\">MP (LR), former Minister Delegate for the Armed Forces<\/span><\/div>\n<\/li>\n<li class=\"m-bullet-list__item\">\n<div class=\"m-guest\"><span class=\"m-guest__name\">General Jean-Paul Palomeros, A<\/span><span class=\"m-guest__role\">former NATO Supreme Allied Commander Transformation<\/span><\/div>\n<\/li>\n<\/ul>\n<p style=\"text-align: center;\"><a href=\"https:\/\/www.france24.com\/fr\/%C3%A9missions\/le-d%C3%A9bat\/20250714-arm%C3%A9es-la-france-assez-puissante\" target=\"_blank\" rel=\"noopener\"><span class=\"td_btn td_btn_md td_default_btn\">see the show<\/span><\/a><\/p>","protected":false},"excerpt":{"rendered":"<p>Julien Malizard, titulaire de la Chaire, a fait partie des invit\u00e9s de l&rsquo;\u00e9mission \u00ab\u00a0Le D\u00e9bat\u00a0\u00bb sur France 24, lundi 14 juillet 2025 Consacr\u00e9e au bilan et aux perspectives du discours du 13 juillet du pr\u00e9sident de la R\u00e9publique, l&rsquo;\u00e9mission a \u00e9galement accueilli : Patricia All\u00e9moni\u00e8re, Grand reporter Jean-Louis Thi\u00e9riot, D\u00e9put\u00e9 (LR), ex-ministre d\u00e9l\u00e9gu\u00e9 aux Arm\u00e9es [&hellip;]<\/p>\n","protected":false},"author":2,"featured_media":8886,"comment_status":"open","ping_status":"open","sticky":false,"template":"","format":"standard","meta":{"footnotes":""},"categories":[358],"tags":[57,804,403,806,807,86,803,805],"class_list":{"0":"post-8884","1":"post","2":"type-post","3":"status-publish","4":"format-standard","5":"has-post-thumbnail","7":"category-medias","8":"tag-armement","9":"tag-france-24","10":"tag-interview","11":"tag-jean-louis-thieriot","12":"tag-jean-paul-palomero","13":"tag-julien-malizard","14":"tag-le-debat","15":"tag-patricia-allemoniere"},"yoast_head":"<!-- This site is optimized with the Yoast SEO plugin v27.4 - https:\/\/yoast.com\/product\/yoast-seo-wordpress\/ -->\n<title>&quot;Arm\u00e9es : la France assez puissante ?&quot; Julien Malizard sur France 24 - Chaire \u00c9conomie de d\u00e9fense - IHEDN<\/title>\n<meta name=\"robots\" content=\"index, follow, max-snippet:-1, max-image-preview:large, max-video-preview:-1\" \/>\n<link rel=\"canonical\" href=\"https:\/\/ecodef-ihedn.fr\/en\/armees-la-france-assez-puissante-julien-malizard-sur-france-24\/\" \/>\n<meta property=\"og:locale\" content=\"en_GB\" \/>\n<meta property=\"og:type\" content=\"article\" \/>\n<meta property=\"og:title\" content=\"&quot;Arm\u00e9es : la France assez puissante ?&quot; Julien Malizard sur France 24 - Chaire \u00c9conomie de d\u00e9fense - IHEDN\" \/>\n<meta property=\"og:description\" content=\"Julien Malizard, titulaire de la Chaire, a fait partie des invit\u00e9s de l&rsquo;\u00e9mission \u00ab\u00a0Le D\u00e9bat\u00a0\u00bb sur France 24, lundi 14 juillet 2025 Consacr\u00e9e au bilan et aux perspectives du discours du 13 juillet du pr\u00e9sident de la R\u00e9publique, l&rsquo;\u00e9mission a \u00e9galement accueilli : Patricia All\u00e9moni\u00e8re, Grand reporter Jean-Louis Thi\u00e9riot, D\u00e9put\u00e9 (LR), ex-ministre d\u00e9l\u00e9gu\u00e9 aux Arm\u00e9es [&hellip;]\" \/>\n<meta property=\"og:url\" content=\"https:\/\/ecodef-ihedn.fr\/en\/armees-la-france-assez-puissante-julien-malizard-sur-france-24\/\" \/>\n<meta property=\"og:site_name\" content=\"Chaire \u00c9conomie de d\u00e9fense - IHEDN\" \/>\n<meta property=\"article:published_time\" content=\"2025-07-16T13:26:25+00:00\" \/>\n<meta property=\"article:modified_time\" content=\"2025-07-16T15:50:27+00:00\" \/>\n<meta property=\"og:image\" content=\"https:\/\/ecodef-ihedn.fr\/wp-content\/uploads\/2025\/07\/Capture-decran-2025-07-16-154759-7-5.png\" \/>\n\t<meta property=\"og:image:width\" content=\"1400\" \/>\n\t<meta property=\"og:image:height\" content=\"1000\" \/>\n\t<meta property=\"og:image:type\" content=\"image\/png\" \/>\n<meta name=\"author\" content=\"Bertrand Demandre\" \/>\n<meta name=\"twitter:card\" content=\"summary_large_image\" \/>\n<meta name=\"twitter:creator\" content=\"@Chaire_Ecodef\" \/>\n<meta name=\"twitter:site\" content=\"@Chaire_Ecodef\" \/>\n<meta name=\"twitter:label1\" content=\"Written by\" \/>\n\t<meta name=\"twitter:data1\" content=\"Bertrand Demandre\" \/>\n\t<meta name=\"twitter:label2\" content=\"Estimated reading time\" \/>\n\t<meta name=\"twitter:data2\" content=\"1 minute\" \/>\n<script type=\"application\/ld+json\" class=\"yoast-schema-graph\">{\"@context\":\"https:\\\/\\\/schema.org\",\"@graph\":[{\"@type\":\"Article\",\"@id\":\"https:\\\/\\\/ecodef-ihedn.fr\\\/armees-la-france-assez-puissante-julien-malizard-sur-france-24\\\/#article\",\"isPartOf\":{\"@id\":\"https:\\\/\\\/ecodef-ihedn.fr\\\/armees-la-france-assez-puissante-julien-malizard-sur-france-24\\\/\"},\"author\":{\"name\":\"Bertrand Demandre\",\"@id\":\"https:\\\/\\\/ecodef-ihedn.fr\\\/#\\\/schema\\\/person\\\/1cdf22d028cebe278126a6e07a884d30\"},\"headline\":\"\u00ab\u00a0Arm\u00e9es : la France assez puissante ?\u00a0\u00bb Julien Malizard sur France 24\",\"datePublished\":\"2025-07-16T13:26:25+00:00\",\"dateModified\":\"2025-07-16T15:50:27+00:00\",\"mainEntityOfPage\":{\"@id\":\"https:\\\/\\\/ecodef-ihedn.fr\\\/armees-la-france-assez-puissante-julien-malizard-sur-france-24\\\/\"},\"wordCount\":94,\"commentCount\":0,\"publisher\":{\"@id\":\"https:\\\/\\\/ecodef-ihedn.fr\\\/#organization\"},\"image\":{\"@id\":\"https:\\\/\\\/ecodef-ihedn.fr\\\/armees-la-france-assez-puissante-julien-malizard-sur-france-24\\\/#primaryimage\"},\"thumbnailUrl\":\"https:\\\/\\\/ecodef-ihedn.fr\\\/wp-content\\\/uploads\\\/2025\\\/07\\\/Capture-decran-2025-07-16-154759-7-5.png\",\"keywords\":[\"armement\",\"France 24\",\"interview\",\"Jean-Louis Thi\u00e9riot\",\"Jean-Paul Palomero\",\"Julien Malizard\",\"Le D\u00e9bat\",\"Patricia All\u00e9moni\u00e8re\"],\"articleSection\":[\"M\u00e9dias\"],\"inLanguage\":\"en-GB\",\"potentialAction\":[{\"@type\":\"CommentAction\",\"name\":\"Comment\",\"target\":[\"https:\\\/\\\/ecodef-ihedn.fr\\\/armees-la-france-assez-puissante-julien-malizard-sur-france-24\\\/#respond\"]}]},{\"@type\":\"WebPage\",\"@id\":\"https:\\\/\\\/ecodef-ihedn.fr\\\/armees-la-france-assez-puissante-julien-malizard-sur-france-24\\\/\",\"url\":\"https:\\\/\\\/ecodef-ihedn.fr\\\/armees-la-france-assez-puissante-julien-malizard-sur-france-24\\\/\",\"name\":\"\\\"Arm\u00e9es : la France assez puissante ?\\\" Julien Malizard sur France 24 - Chaire \u00c9conomie de d\u00e9fense - IHEDN\",\"isPartOf\":{\"@id\":\"https:\\\/\\\/ecodef-ihedn.fr\\\/#website\"},\"primaryImageOfPage\":{\"@id\":\"https:\\\/\\\/ecodef-ihedn.fr\\\/armees-la-france-assez-puissante-julien-malizard-sur-france-24\\\/#primaryimage\"},\"image\":{\"@id\":\"https:\\\/\\\/ecodef-ihedn.fr\\\/armees-la-france-assez-puissante-julien-malizard-sur-france-24\\\/#primaryimage\"},\"thumbnailUrl\":\"https:\\\/\\\/ecodef-ihedn.fr\\\/wp-content\\\/uploads\\\/2025\\\/07\\\/Capture-decran-2025-07-16-154759-7-5.png\",\"datePublished\":\"2025-07-16T13:26:25+00:00\",\"dateModified\":\"2025-07-16T15:50:27+00:00\",\"breadcrumb\":{\"@id\":\"https:\\\/\\\/ecodef-ihedn.fr\\\/armees-la-france-assez-puissante-julien-malizard-sur-france-24\\\/#breadcrumb\"},\"inLanguage\":\"en-GB\",\"potentialAction\":[{\"@type\":\"ReadAction\",\"target\":[\"https:\\\/\\\/ecodef-ihedn.fr\\\/armees-la-france-assez-puissante-julien-malizard-sur-france-24\\\/\"]}]},{\"@type\":\"ImageObject\",\"inLanguage\":\"en-GB\",\"@id\":\"https:\\\/\\\/ecodef-ihedn.fr\\\/armees-la-france-assez-puissante-julien-malizard-sur-france-24\\\/#primaryimage\",\"url\":\"https:\\\/\\\/ecodef-ihedn.fr\\\/wp-content\\\/uploads\\\/2025\\\/07\\\/Capture-decran-2025-07-16-154759-7-5.png\",\"contentUrl\":\"https:\\\/\\\/ecodef-ihedn.fr\\\/wp-content\\\/uploads\\\/2025\\\/07\\\/Capture-decran-2025-07-16-154759-7-5.png\",\"width\":1400,\"height\":1000},{\"@type\":\"BreadcrumbList\",\"@id\":\"https:\\\/\\\/ecodef-ihedn.fr\\\/armees-la-france-assez-puissante-julien-malizard-sur-france-24\\\/#breadcrumb\",\"itemListElement\":[{\"@type\":\"ListItem\",\"position\":1,\"name\":\"Accueil\",\"item\":\"https:\\\/\\\/ecodef-ihedn.fr\\\/\"},{\"@type\":\"ListItem\",\"position\":2,\"name\":\"\u00ab\u00a0Arm\u00e9es : la France assez puissante ?\u00a0\u00bb Julien Malizard sur France 24\"}]},{\"@type\":\"WebSite\",\"@id\":\"https:\\\/\\\/ecodef-ihedn.fr\\\/#website\",\"url\":\"https:\\\/\\\/ecodef-ihedn.fr\\\/\",\"name\":\"Chaire \u00c9conomie de D\u00e9fense - IHEDN\",\"description\":\"Produire &amp; soutenir, f\u00e9d\u00e9rer &amp; diffuser, \u00eatre une interface\",\"publisher\":{\"@id\":\"https:\\\/\\\/ecodef-ihedn.fr\\\/#organization\"},\"potentialAction\":[{\"@type\":\"SearchAction\",\"target\":{\"@type\":\"EntryPoint\",\"urlTemplate\":\"https:\\\/\\\/ecodef-ihedn.fr\\\/?s={search_term_string}\"},\"query-input\":{\"@type\":\"PropertyValueSpecification\",\"valueRequired\":true,\"valueName\":\"search_term_string\"}}],\"inLanguage\":\"en-GB\"},{\"@type\":\"Organization\",\"@id\":\"https:\\\/\\\/ecodef-ihedn.fr\\\/#organization\",\"name\":\"Chaire \u00c9conomie de d\u00e9fense - IHEDN\",\"url\":\"https:\\\/\\\/ecodef-ihedn.fr\\\/\",\"logo\":{\"@type\":\"ImageObject\",\"inLanguage\":\"en-GB\",\"@id\":\"https:\\\/\\\/ecodef-ihedn.fr\\\/#\\\/schema\\\/logo\\\/image\\\/\",\"url\":\"https:\\\/\\\/ecodef-ihedn.fr\\\/wp-content\\\/uploads\\\/2020\\\/04\\\/logoEcodef9.jpg\",\"contentUrl\":\"https:\\\/\\\/ecodef-ihedn.fr\\\/wp-content\\\/uploads\\\/2020\\\/04\\\/logoEcodef9.jpg\",\"width\":410,\"height\":212,\"caption\":\"Chaire \u00c9conomie de d\u00e9fense - IHEDN\"},\"image\":{\"@id\":\"https:\\\/\\\/ecodef-ihedn.fr\\\/#\\\/schema\\\/logo\\\/image\\\/\"},\"sameAs\":[\"https:\\\/\\\/x.com\\\/Chaire_Ecodef\",\"https:\\\/\\\/www.linkedin.com\\\/company\\\/chaire-ecodef-ihedn\\\/\"]},{\"@type\":\"Person\",\"@id\":\"https:\\\/\\\/ecodef-ihedn.fr\\\/#\\\/schema\\\/person\\\/1cdf22d028cebe278126a6e07a884d30\",\"name\":\"Bertrand Demandre\",\"image\":{\"@type\":\"ImageObject\",\"inLanguage\":\"en-GB\",\"@id\":\"https:\\\/\\\/secure.gravatar.com\\\/avatar\\\/d9c9746d6c900ab5b9c0f9b1fa3932e369da923da247d624b8f7ab4ba8a3c093?s=96&d=mm&r=g\",\"url\":\"https:\\\/\\\/secure.gravatar.com\\\/avatar\\\/d9c9746d6c900ab5b9c0f9b1fa3932e369da923da247d624b8f7ab4ba8a3c093?s=96&d=mm&r=g\",\"contentUrl\":\"https:\\\/\\\/secure.gravatar.com\\\/avatar\\\/d9c9746d6c900ab5b9c0f9b1fa3932e369da923da247d624b8f7ab4ba8a3c093?s=96&d=mm&r=g\",\"caption\":\"Bertrand Demandre\"},\"url\":\"https:\\\/\\\/ecodef-ihedn.fr\\\/en\\\/author\\\/bertrand\\\/\"}]}<\/script>\n<!-- \/ Yoast SEO plugin. -->","yoast_head_json":{"title":"\"Arm\u00e9es : la France assez puissante ?\" Julien Malizard sur France 24 - Chaire \u00c9conomie de d\u00e9fense - IHEDN","robots":{"index":"index","follow":"follow","max-snippet":"max-snippet:-1","max-image-preview":"max-image-preview:large","max-video-preview":"max-video-preview:-1"},"canonical":"https:\/\/ecodef-ihedn.fr\/en\/armees-la-france-assez-puissante-julien-malizard-sur-france-24\/","og_locale":"en_GB","og_type":"article","og_title":"\"Arm\u00e9es : la France assez puissante ?\" Julien Malizard sur France 24 - Chaire \u00c9conomie de d\u00e9fense - IHEDN","og_description":"Julien Malizard, titulaire de la Chaire, a fait partie des invit\u00e9s de l&rsquo;\u00e9mission \u00ab\u00a0Le D\u00e9bat\u00a0\u00bb sur France 24, lundi 14 juillet 2025 Consacr\u00e9e au bilan et aux perspectives du discours du 13 juillet du pr\u00e9sident de la R\u00e9publique, l&rsquo;\u00e9mission a \u00e9galement accueilli : Patricia All\u00e9moni\u00e8re, Grand reporter Jean-Louis Thi\u00e9riot, D\u00e9put\u00e9 (LR), ex-ministre d\u00e9l\u00e9gu\u00e9 aux Arm\u00e9es [&hellip;]","og_url":"https:\/\/ecodef-ihedn.fr\/en\/armees-la-france-assez-puissante-julien-malizard-sur-france-24\/","og_site_name":"Chaire \u00c9conomie de d\u00e9fense - IHEDN","article_published_time":"2025-07-16T13:26:25+00:00","article_modified_time":"2025-07-16T15:50:27+00:00","og_image":[{"width":1400,"height":1000,"url":"https:\/\/ecodef-ihedn.fr\/wp-content\/uploads\/2025\/07\/Capture-decran-2025-07-16-154759-7-5.png","type":"image\/png"}],"author":"Bertrand Demandre","twitter_card":"summary_large_image","twitter_creator":"@Chaire_Ecodef","twitter_site":"@Chaire_Ecodef","twitter_misc":{"Written by":"Bertrand Demandre","Estimated reading time":"1 minute"},"schema":{"@context":"https:\/\/schema.org","@graph":[{"@type":"Article","@id":"https:\/\/ecodef-ihedn.fr\/armees-la-france-assez-puissante-julien-malizard-sur-france-24\/#article","isPartOf":{"@id":"https:\/\/ecodef-ihedn.fr\/armees-la-france-assez-puissante-julien-malizard-sur-france-24\/"},"author":{"name":"Bertrand Demandre","@id":"https:\/\/ecodef-ihedn.fr\/#\/schema\/person\/1cdf22d028cebe278126a6e07a884d30"},"headline":"\u00ab\u00a0Arm\u00e9es : la France assez puissante ?\u00a0\u00bb Julien Malizard sur France 24","datePublished":"2025-07-16T13:26:25+00:00","dateModified":"2025-07-16T15:50:27+00:00","mainEntityOfPage":{"@id":"https:\/\/ecodef-ihedn.fr\/armees-la-france-assez-puissante-julien-malizard-sur-france-24\/"},"wordCount":94,"commentCount":0,"publisher":{"@id":"https:\/\/ecodef-ihedn.fr\/#organization"},"image":{"@id":"https:\/\/ecodef-ihedn.fr\/armees-la-france-assez-puissante-julien-malizard-sur-france-24\/#primaryimage"},"thumbnailUrl":"https:\/\/ecodef-ihedn.fr\/wp-content\/uploads\/2025\/07\/Capture-decran-2025-07-16-154759-7-5.png","keywords":["armement","France 24","interview","Jean-Louis Thi\u00e9riot","Jean-Paul Palomero","Julien Malizard","Le D\u00e9bat","Patricia All\u00e9moni\u00e8re"],"articleSection":["M\u00e9dias"],"inLanguage":"en-GB","potentialAction":[{"@type":"CommentAction","name":"Comment","target":["https:\/\/ecodef-ihedn.fr\/armees-la-france-assez-puissante-julien-malizard-sur-france-24\/#respond"]}]},{"@type":"WebPage","@id":"https:\/\/ecodef-ihedn.fr\/armees-la-france-assez-puissante-julien-malizard-sur-france-24\/","url":"https:\/\/ecodef-ihedn.fr\/armees-la-france-assez-puissante-julien-malizard-sur-france-24\/","name":"\"Arm\u00e9es : la France assez puissante ?\" Julien Malizard sur France 24 - Chaire \u00c9conomie de d\u00e9fense - IHEDN","isPartOf":{"@id":"https:\/\/ecodef-ihedn.fr\/#website"},"primaryImageOfPage":{"@id":"https:\/\/ecodef-ihedn.fr\/armees-la-france-assez-puissante-julien-malizard-sur-france-24\/#primaryimage"},"image":{"@id":"https:\/\/ecodef-ihedn.fr\/armees-la-france-assez-puissante-julien-malizard-sur-france-24\/#primaryimage"},"thumbnailUrl":"https:\/\/ecodef-ihedn.fr\/wp-content\/uploads\/2025\/07\/Capture-decran-2025-07-16-154759-7-5.png","datePublished":"2025-07-16T13:26:25+00:00","dateModified":"2025-07-16T15:50:27+00:00","breadcrumb":{"@id":"https:\/\/ecodef-ihedn.fr\/armees-la-france-assez-puissante-julien-malizard-sur-france-24\/#breadcrumb"},"inLanguage":"en-GB","potentialAction":[{"@type":"ReadAction","target":["https:\/\/ecodef-ihedn.fr\/armees-la-france-assez-puissante-julien-malizard-sur-france-24\/"]}]},{"@type":"ImageObject","inLanguage":"en-GB","@id":"https:\/\/ecodef-ihedn.fr\/armees-la-france-assez-puissante-julien-malizard-sur-france-24\/#primaryimage","url":"https:\/\/ecodef-ihedn.fr\/wp-content\/uploads\/2025\/07\/Capture-decran-2025-07-16-154759-7-5.png","contentUrl":"https:\/\/ecodef-ihedn.fr\/wp-content\/uploads\/2025\/07\/Capture-decran-2025-07-16-154759-7-5.png","width":1400,"height":1000},{"@type":"BreadcrumbList","@id":"https:\/\/ecodef-ihedn.fr\/armees-la-france-assez-puissante-julien-malizard-sur-france-24\/#breadcrumb","itemListElement":[{"@type":"ListItem","position":1,"name":"Accueil","item":"https:\/\/ecodef-ihedn.fr\/"},{"@type":"ListItem","position":2,"name":"\u00ab\u00a0Arm\u00e9es : la France assez puissante ?\u00a0\u00bb Julien Malizard sur France 24"}]},{"@type":"WebSite","@id":"https:\/\/ecodef-ihedn.fr\/#website","url":"https:\/\/ecodef-ihedn.fr\/","name":"Chair in Defence Economics - IHEDN","description":"Produce &amp; support, federate &amp; disseminate, act as an interface","publisher":{"@id":"https:\/\/ecodef-ihedn.fr\/#organization"},"potentialAction":[{"@type":"SearchAction","target":{"@type":"EntryPoint","urlTemplate":"https:\/\/ecodef-ihedn.fr\/?s={search_term_string}"},"query-input":{"@type":"PropertyValueSpecification","valueRequired":true,"valueName":"search_term_string"}}],"inLanguage":"en-GB"},{"@type":"Organization","@id":"https:\/\/ecodef-ihedn.fr\/#organization","name":"Chair in Defence Economics - IHEDN","url":"https:\/\/ecodef-ihedn.fr\/","logo":{"@type":"ImageObject","inLanguage":"en-GB","@id":"https:\/\/ecodef-ihedn.fr\/#\/schema\/logo\/image\/","url":"https:\/\/ecodef-ihedn.fr\/wp-content\/uploads\/2020\/04\/logoEcodef9.jpg","contentUrl":"https:\/\/ecodef-ihedn.fr\/wp-content\/uploads\/2020\/04\/logoEcodef9.jpg","width":410,"height":212,"caption":"Chaire \u00c9conomie de d\u00e9fense - IHEDN"},"image":{"@id":"https:\/\/ecodef-ihedn.fr\/#\/schema\/logo\/image\/"},"sameAs":["https:\/\/x.com\/Chaire_Ecodef","https:\/\/www.linkedin.com\/company\/chaire-ecodef-ihedn\/"]},{"@type":"Person","@id":"https:\/\/ecodef-ihedn.fr\/#\/schema\/person\/1cdf22d028cebe278126a6e07a884d30","name":"Bertrand Demandre","image":{"@type":"ImageObject","inLanguage":"en-GB","@id":"https:\/\/secure.gravatar.com\/avatar\/d9c9746d6c900ab5b9c0f9b1fa3932e369da923da247d624b8f7ab4ba8a3c093?s=96&d=mm&r=g","url":"https:\/\/secure.gravatar.com\/avatar\/d9c9746d6c900ab5b9c0f9b1fa3932e369da923da247d624b8f7ab4ba8a3c093?s=96&d=mm&r=g","contentUrl":"https:\/\/secure.gravatar.com\/avatar\/d9c9746d6c900ab5b9c0f9b1fa3932e369da923da247d624b8f7ab4ba8a3c093?s=96&d=mm&r=g","caption":"Bertrand Demandre"},"url":"https:\/\/ecodef-ihedn.fr\/en\/author\/bertrand\/"}]}},"_links":{"self":[{"href":"https:\/\/ecodef-ihedn.fr\/en\/wp-json\/wp\/v2\/posts\/8884","targetHints":{"allow":["GET"]}}],"collection":[{"href":"https:\/\/ecodef-ihedn.fr\/en\/wp-json\/wp\/v2\/posts"}],"about":[{"href":"https:\/\/ecodef-ihedn.fr\/en\/wp-json\/wp\/v2\/types\/post"}],"author":[{"embeddable":true,"href":"https:\/\/ecodef-ihedn.fr\/en\/wp-json\/wp\/v2\/users\/2"}],"replies":[{"embeddable":true,"href":"https:\/\/ecodef-ihedn.fr\/en\/wp-json\/wp\/v2\/comments?post=8884"}],"version-history":[{"count":3,"href":"https:\/\/ecodef-ihedn.fr\/en\/wp-json\/wp\/v2\/posts\/8884\/revisions"}],"predecessor-version":[{"id":8889,"href":"https:\/\/ecodef-ihedn.fr\/en\/wp-json\/wp\/v2\/posts\/8884\/revisions\/8889"}],"wp:featuredmedia":[{"embeddable":true,"href":"https:\/\/ecodef-ihedn.fr\/en\/wp-json\/wp\/v2\/media\/8886"}],"wp:attachment":[{"href":"https:\/\/ecodef-ihedn.fr\/en\/wp-json\/wp\/v2\/media?parent=8884"}],"wp:term":[{"taxonomy":"category","embeddable":true,"href":"https:\/\/ecodef-ihedn.fr\/en\/wp-json\/wp\/v2\/categories?post=8884"},{"taxonomy":"post_tag","embeddable":true,"href":"https:\/\/ecodef-ihedn.fr\/en\/wp-json\/wp\/v2\/tags?post=8884"}],"curies":[{"name":"wp","href":"https:\/\/api.w.org\/{rel}","templated":true}]}}