{"id":889,"date":"2015-09-29T00:00:00","date_gmt":"2015-09-29T00:00:00","guid":{"rendered":"https:\/\/ecodef-ihedn.fr\/depenses-de-defense-et-de-securite-julien-malizard-j-f-guilhaudis\/"},"modified":"2020-04-23T14:18:47","modified_gmt":"2020-04-23T14:18:47","slug":"depenses-de-defense-et-de-securite-julien-malizard-j-f-guilhaudis","status":"publish","type":"post","link":"https:\/\/ecodef-ihedn.fr\/en\/depenses-de-defense-et-de-securite-julien-malizard-j-f-guilhaudis\/","title":{"rendered":"Defence and security spending - Julien Malizard \/ J-F. Guilhaudis"},"content":{"rendered":"<h2>Defence and security expenditure<\/h2>\n<p>The analysis of military expenditure is well established at the heart of security studies. It was the subject of much debate, especially during the Cold War. This was due to the lack of confidence that each side had in its adversary, to disagreements over what should be included in military expenditure and how it should be accounted for, and also to the fact that there were many questions about its economic effects. Were they positive or negative, and to what degree? Wouldn't it be better to devote available resources to other causes (health, education, etc.)? (V. Fontanel J, La globalisation en analyse, L'Harmattan, 2005). Little by little, these debates have died down. The subject has become much less sensitive and confrontational - no doubt due in large part to the moderation of Chinese spending - than it was until the late 1980s. The idea that a reduction in military spending is an absolute necessity has disappeared. The resumption of European spending is seen as inevitable, and is seen as self-evident given the extent to which the profile of this spending has diverged from that of other regions over the last decade, without raising any real questions. This contrasts sharply with the late 1980s, when the general feeling was that military spending was too high. As the Cold War drew to a close, there was a desire to reap the peace dividend and to see military spending fall. Twenty-five years later, after a fairly brief phase of decline, military spending has returned to and even exceeded the levels of the time.<\/p>\n<p>One wonders whether we are not in the process of breaking out of the cycle that has marked defence spending since the Second World War and entering a phase of long, moderate increases (Yves B\u00e9langer and Aude Fleurant, Les d\u00e9penses militaires : la fin des cycles, Revue Interventions \u00e9conomiques (en ligne), 42, 2010). This is happening at a time when the world is no longer in a situation of antagonism between the great powers, and the war on terrorism alone cannot explain this surge ....<\/p>\n<h4><a href=\"http:\/\/revel.unice.fr\/psei\/index.html?id=337\" target=\"_blank\" rel=\"noopener noreferrer\">.... Read the full article<\/a><\/h4>","protected":false},"excerpt":{"rendered":"<p>D\u00e9penses de d\u00e9fense et de s\u00e9curit\u00e9 L\u2019analyse des d\u00e9penses militaires est bien install\u00e9e au c\u0153ur des \u00e9tudes de s\u00e9curit\u00e9. Elles ont fait l\u2019objet de nombreux d\u00e9bats surtout \u00e0 l\u2019\u00e9poque de la guerre froide. Cela tenait au peu de confiance qu\u2019avait chaque camp dans son adversaire, \u00e0 des d\u00e9saccords sur ce qu\u2019il fallait inclure dans les [&hellip;]<\/p>\n","protected":false},"author":1,"featured_media":564,"comment_status":"open","ping_status":"open","sticky":false,"template":"","format":"standard","meta":{"footnotes":""},"categories":[350,352],"tags":[],"class_list":{"0":"post-889","1":"post","2":"type-post","3":"status-publish","4":"format-standard","5":"has-post-thumbnail","7":"category-publications","8":"category-thematique-2-determinants-et-impacts-de-la-depense-de-defense"},"yoast_head":"<!-- This site is optimized with the Yoast SEO plugin v27.4 - https:\/\/yoast.com\/product\/yoast-seo-wordpress\/ -->\n<title>D\u00e9penses de d\u00e9fense et de s\u00e9curit\u00e9 - Julien Malizard \/ J-F. Guilhaudis - Chaire \u00c9conomie de d\u00e9fense - IHEDN<\/title>\n<meta name=\"robots\" content=\"index, follow, max-snippet:-1, max-image-preview:large, max-video-preview:-1\" \/>\n<link rel=\"canonical\" href=\"https:\/\/ecodef-ihedn.fr\/en\/depenses-de-defense-et-de-securite-julien-malizard-j-f-guilhaudis\/\" \/>\n<meta property=\"og:locale\" content=\"en_GB\" \/>\n<meta property=\"og:type\" content=\"article\" \/>\n<meta property=\"og:title\" content=\"D\u00e9penses de d\u00e9fense et de s\u00e9curit\u00e9 - Julien Malizard \/ J-F. Guilhaudis - Chaire \u00c9conomie de d\u00e9fense - IHEDN\" \/>\n<meta property=\"og:description\" content=\"D\u00e9penses de d\u00e9fense et de s\u00e9curit\u00e9 L\u2019analyse des d\u00e9penses militaires est bien install\u00e9e au c\u0153ur des \u00e9tudes de s\u00e9curit\u00e9. Elles ont fait l\u2019objet de nombreux d\u00e9bats surtout \u00e0 l\u2019\u00e9poque de la guerre froide. Cela tenait au peu de confiance qu\u2019avait chaque camp dans son adversaire, \u00e0 des d\u00e9saccords sur ce qu\u2019il fallait inclure dans les [&hellip;]\" \/>\n<meta property=\"og:url\" content=\"https:\/\/ecodef-ihedn.fr\/en\/depenses-de-defense-et-de-securite-julien-malizard-j-f-guilhaudis\/\" \/>\n<meta property=\"og:site_name\" content=\"Chaire \u00c9conomie de d\u00e9fense - IHEDN\" \/>\n<meta property=\"article:published_time\" content=\"2015-09-29T00:00:00+00:00\" \/>\n<meta property=\"article:modified_time\" content=\"2020-04-23T14:18:47+00:00\" \/>\n<meta property=\"og:image\" content=\"https:\/\/ecodef-ihedn.fr\/wp-content\/uploads\/2020\/02\/ecole-militaire-paris-1.jpg\" \/>\n\t<meta property=\"og:image:width\" content=\"755\" \/>\n\t<meta property=\"og:image:height\" content=\"414\" \/>\n\t<meta property=\"og:image:type\" content=\"image\/jpeg\" \/>\n<meta name=\"author\" content=\"dev\" \/>\n<meta name=\"twitter:card\" content=\"summary_large_image\" \/>\n<meta name=\"twitter:creator\" content=\"@Chaire_Ecodef\" \/>\n<meta name=\"twitter:site\" content=\"@Chaire_Ecodef\" \/>\n<meta name=\"twitter:label1\" content=\"Written by\" \/>\n\t<meta name=\"twitter:data1\" content=\"dev\" \/>\n\t<meta name=\"twitter:label2\" content=\"Estimated reading time\" \/>\n\t<meta name=\"twitter:data2\" content=\"2 minutes\" \/>\n<script type=\"application\/ld+json\" class=\"yoast-schema-graph\">{\"@context\":\"https:\\\/\\\/schema.org\",\"@graph\":[{\"@type\":\"Article\",\"@id\":\"https:\\\/\\\/ecodef-ihedn.fr\\\/depenses-de-defense-et-de-securite-julien-malizard-j-f-guilhaudis\\\/#article\",\"isPartOf\":{\"@id\":\"https:\\\/\\\/ecodef-ihedn.fr\\\/depenses-de-defense-et-de-securite-julien-malizard-j-f-guilhaudis\\\/\"},\"author\":{\"name\":\"dev\",\"@id\":\"https:\\\/\\\/ecodef-ihedn.fr\\\/#\\\/schema\\\/person\\\/7b3f1a2d8fd336e0be2f9ff63ff0ebbc\"},\"headline\":\"D\u00e9penses de d\u00e9fense et de s\u00e9curit\u00e9 &#8211; Julien Malizard \\\/ J-F. Guilhaudis\",\"datePublished\":\"2015-09-29T00:00:00+00:00\",\"dateModified\":\"2020-04-23T14:18:47+00:00\",\"mainEntityOfPage\":{\"@id\":\"https:\\\/\\\/ecodef-ihedn.fr\\\/depenses-de-defense-et-de-securite-julien-malizard-j-f-guilhaudis\\\/\"},\"wordCount\":421,\"commentCount\":2,\"publisher\":{\"@id\":\"https:\\\/\\\/ecodef-ihedn.fr\\\/#organization\"},\"image\":{\"@id\":\"https:\\\/\\\/ecodef-ihedn.fr\\\/depenses-de-defense-et-de-securite-julien-malizard-j-f-guilhaudis\\\/#primaryimage\"},\"thumbnailUrl\":\"https:\\\/\\\/ecodef-ihedn.fr\\\/wp-content\\\/uploads\\\/2020\\\/02\\\/ecole-militaire-paris-1.jpg\",\"articleSection\":[\"Publications\",\"Th\u00e9matique 2 : d\u00e9terminants et impacts de la d\u00e9pense de d\u00e9fense\"],\"inLanguage\":\"en-GB\",\"potentialAction\":[{\"@type\":\"CommentAction\",\"name\":\"Comment\",\"target\":[\"https:\\\/\\\/ecodef-ihedn.fr\\\/depenses-de-defense-et-de-securite-julien-malizard-j-f-guilhaudis\\\/#respond\"]}]},{\"@type\":\"WebPage\",\"@id\":\"https:\\\/\\\/ecodef-ihedn.fr\\\/depenses-de-defense-et-de-securite-julien-malizard-j-f-guilhaudis\\\/\",\"url\":\"https:\\\/\\\/ecodef-ihedn.fr\\\/depenses-de-defense-et-de-securite-julien-malizard-j-f-guilhaudis\\\/\",\"name\":\"D\u00e9penses de d\u00e9fense et de s\u00e9curit\u00e9 - Julien Malizard \\\/ J-F. Guilhaudis - Chaire \u00c9conomie de d\u00e9fense - IHEDN\",\"isPartOf\":{\"@id\":\"https:\\\/\\\/ecodef-ihedn.fr\\\/#website\"},\"primaryImageOfPage\":{\"@id\":\"https:\\\/\\\/ecodef-ihedn.fr\\\/depenses-de-defense-et-de-securite-julien-malizard-j-f-guilhaudis\\\/#primaryimage\"},\"image\":{\"@id\":\"https:\\\/\\\/ecodef-ihedn.fr\\\/depenses-de-defense-et-de-securite-julien-malizard-j-f-guilhaudis\\\/#primaryimage\"},\"thumbnailUrl\":\"https:\\\/\\\/ecodef-ihedn.fr\\\/wp-content\\\/uploads\\\/2020\\\/02\\\/ecole-militaire-paris-1.jpg\",\"datePublished\":\"2015-09-29T00:00:00+00:00\",\"dateModified\":\"2020-04-23T14:18:47+00:00\",\"breadcrumb\":{\"@id\":\"https:\\\/\\\/ecodef-ihedn.fr\\\/depenses-de-defense-et-de-securite-julien-malizard-j-f-guilhaudis\\\/#breadcrumb\"},\"inLanguage\":\"en-GB\",\"potentialAction\":[{\"@type\":\"ReadAction\",\"target\":[\"https:\\\/\\\/ecodef-ihedn.fr\\\/depenses-de-defense-et-de-securite-julien-malizard-j-f-guilhaudis\\\/\"]}]},{\"@type\":\"ImageObject\",\"inLanguage\":\"en-GB\",\"@id\":\"https:\\\/\\\/ecodef-ihedn.fr\\\/depenses-de-defense-et-de-securite-julien-malizard-j-f-guilhaudis\\\/#primaryimage\",\"url\":\"https:\\\/\\\/ecodef-ihedn.fr\\\/wp-content\\\/uploads\\\/2020\\\/02\\\/ecole-militaire-paris-1.jpg\",\"contentUrl\":\"https:\\\/\\\/ecodef-ihedn.fr\\\/wp-content\\\/uploads\\\/2020\\\/02\\\/ecole-militaire-paris-1.jpg\",\"width\":755,\"height\":414},{\"@type\":\"BreadcrumbList\",\"@id\":\"https:\\\/\\\/ecodef-ihedn.fr\\\/depenses-de-defense-et-de-securite-julien-malizard-j-f-guilhaudis\\\/#breadcrumb\",\"itemListElement\":[{\"@type\":\"ListItem\",\"position\":1,\"name\":\"Accueil\",\"item\":\"https:\\\/\\\/ecodef-ihedn.fr\\\/\"},{\"@type\":\"ListItem\",\"position\":2,\"name\":\"D\u00e9penses de d\u00e9fense et de s\u00e9curit\u00e9 &#8211; Julien Malizard \\\/ J-F. Guilhaudis\"}]},{\"@type\":\"WebSite\",\"@id\":\"https:\\\/\\\/ecodef-ihedn.fr\\\/#website\",\"url\":\"https:\\\/\\\/ecodef-ihedn.fr\\\/\",\"name\":\"Chaire \u00c9conomie de D\u00e9fense - IHEDN\",\"description\":\"Produire &amp; soutenir, f\u00e9d\u00e9rer &amp; diffuser, \u00eatre une interface\",\"publisher\":{\"@id\":\"https:\\\/\\\/ecodef-ihedn.fr\\\/#organization\"},\"potentialAction\":[{\"@type\":\"SearchAction\",\"target\":{\"@type\":\"EntryPoint\",\"urlTemplate\":\"https:\\\/\\\/ecodef-ihedn.fr\\\/?s={search_term_string}\"},\"query-input\":{\"@type\":\"PropertyValueSpecification\",\"valueRequired\":true,\"valueName\":\"search_term_string\"}}],\"inLanguage\":\"en-GB\"},{\"@type\":\"Organization\",\"@id\":\"https:\\\/\\\/ecodef-ihedn.fr\\\/#organization\",\"name\":\"Chaire \u00c9conomie de d\u00e9fense - IHEDN\",\"url\":\"https:\\\/\\\/ecodef-ihedn.fr\\\/\",\"logo\":{\"@type\":\"ImageObject\",\"inLanguage\":\"en-GB\",\"@id\":\"https:\\\/\\\/ecodef-ihedn.fr\\\/#\\\/schema\\\/logo\\\/image\\\/\",\"url\":\"https:\\\/\\\/ecodef-ihedn.fr\\\/wp-content\\\/uploads\\\/2020\\\/04\\\/logoEcodef9.jpg\",\"contentUrl\":\"https:\\\/\\\/ecodef-ihedn.fr\\\/wp-content\\\/uploads\\\/2020\\\/04\\\/logoEcodef9.jpg\",\"width\":410,\"height\":212,\"caption\":\"Chaire \u00c9conomie de d\u00e9fense - IHEDN\"},\"image\":{\"@id\":\"https:\\\/\\\/ecodef-ihedn.fr\\\/#\\\/schema\\\/logo\\\/image\\\/\"},\"sameAs\":[\"https:\\\/\\\/x.com\\\/Chaire_Ecodef\",\"https:\\\/\\\/www.linkedin.com\\\/company\\\/chaire-ecodef-ihedn\\\/\"]},{\"@type\":\"Person\",\"@id\":\"https:\\\/\\\/ecodef-ihedn.fr\\\/#\\\/schema\\\/person\\\/7b3f1a2d8fd336e0be2f9ff63ff0ebbc\",\"name\":\"dev\",\"image\":{\"@type\":\"ImageObject\",\"inLanguage\":\"en-GB\",\"@id\":\"https:\\\/\\\/secure.gravatar.com\\\/avatar\\\/f1ffcac9ca2fa95ad3ec33e9be3ade82f752acb0cabe541e56c5889225afa88a?s=96&d=mm&r=g\",\"url\":\"https:\\\/\\\/secure.gravatar.com\\\/avatar\\\/f1ffcac9ca2fa95ad3ec33e9be3ade82f752acb0cabe541e56c5889225afa88a?s=96&d=mm&r=g\",\"contentUrl\":\"https:\\\/\\\/secure.gravatar.com\\\/avatar\\\/f1ffcac9ca2fa95ad3ec33e9be3ade82f752acb0cabe541e56c5889225afa88a?s=96&d=mm&r=g\",\"caption\":\"dev\"},\"url\":\"https:\\\/\\\/ecodef-ihedn.fr\\\/en\\\/author\\\/dev\\\/\"}]}<\/script>\n<!-- \/ Yoast SEO plugin. -->","yoast_head_json":{"title":"D\u00e9penses de d\u00e9fense et de s\u00e9curit\u00e9 - Julien Malizard \/ J-F. Guilhaudis - Chaire \u00c9conomie de d\u00e9fense - IHEDN","robots":{"index":"index","follow":"follow","max-snippet":"max-snippet:-1","max-image-preview":"max-image-preview:large","max-video-preview":"max-video-preview:-1"},"canonical":"https:\/\/ecodef-ihedn.fr\/en\/depenses-de-defense-et-de-securite-julien-malizard-j-f-guilhaudis\/","og_locale":"en_GB","og_type":"article","og_title":"D\u00e9penses de d\u00e9fense et de s\u00e9curit\u00e9 - Julien Malizard \/ J-F. Guilhaudis - Chaire \u00c9conomie de d\u00e9fense - IHEDN","og_description":"D\u00e9penses de d\u00e9fense et de s\u00e9curit\u00e9 L\u2019analyse des d\u00e9penses militaires est bien install\u00e9e au c\u0153ur des \u00e9tudes de s\u00e9curit\u00e9. Elles ont fait l\u2019objet de nombreux d\u00e9bats surtout \u00e0 l\u2019\u00e9poque de la guerre froide. Cela tenait au peu de confiance qu\u2019avait chaque camp dans son adversaire, \u00e0 des d\u00e9saccords sur ce qu\u2019il fallait inclure dans les [&hellip;]","og_url":"https:\/\/ecodef-ihedn.fr\/en\/depenses-de-defense-et-de-securite-julien-malizard-j-f-guilhaudis\/","og_site_name":"Chaire \u00c9conomie de d\u00e9fense - IHEDN","article_published_time":"2015-09-29T00:00:00+00:00","article_modified_time":"2020-04-23T14:18:47+00:00","og_image":[{"width":755,"height":414,"url":"https:\/\/ecodef-ihedn.fr\/wp-content\/uploads\/2020\/02\/ecole-militaire-paris-1.jpg","type":"image\/jpeg"}],"author":"dev","twitter_card":"summary_large_image","twitter_creator":"@Chaire_Ecodef","twitter_site":"@Chaire_Ecodef","twitter_misc":{"Written by":"dev","Estimated reading time":"2 minutes"},"schema":{"@context":"https:\/\/schema.org","@graph":[{"@type":"Article","@id":"https:\/\/ecodef-ihedn.fr\/depenses-de-defense-et-de-securite-julien-malizard-j-f-guilhaudis\/#article","isPartOf":{"@id":"https:\/\/ecodef-ihedn.fr\/depenses-de-defense-et-de-securite-julien-malizard-j-f-guilhaudis\/"},"author":{"name":"dev","@id":"https:\/\/ecodef-ihedn.fr\/#\/schema\/person\/7b3f1a2d8fd336e0be2f9ff63ff0ebbc"},"headline":"D\u00e9penses de d\u00e9fense et de s\u00e9curit\u00e9 &#8211; Julien Malizard \/ J-F. Guilhaudis","datePublished":"2015-09-29T00:00:00+00:00","dateModified":"2020-04-23T14:18:47+00:00","mainEntityOfPage":{"@id":"https:\/\/ecodef-ihedn.fr\/depenses-de-defense-et-de-securite-julien-malizard-j-f-guilhaudis\/"},"wordCount":421,"commentCount":2,"publisher":{"@id":"https:\/\/ecodef-ihedn.fr\/#organization"},"image":{"@id":"https:\/\/ecodef-ihedn.fr\/depenses-de-defense-et-de-securite-julien-malizard-j-f-guilhaudis\/#primaryimage"},"thumbnailUrl":"https:\/\/ecodef-ihedn.fr\/wp-content\/uploads\/2020\/02\/ecole-militaire-paris-1.jpg","articleSection":["Publications","Th\u00e9matique 2 : d\u00e9terminants et impacts de la d\u00e9pense de d\u00e9fense"],"inLanguage":"en-GB","potentialAction":[{"@type":"CommentAction","name":"Comment","target":["https:\/\/ecodef-ihedn.fr\/depenses-de-defense-et-de-securite-julien-malizard-j-f-guilhaudis\/#respond"]}]},{"@type":"WebPage","@id":"https:\/\/ecodef-ihedn.fr\/depenses-de-defense-et-de-securite-julien-malizard-j-f-guilhaudis\/","url":"https:\/\/ecodef-ihedn.fr\/depenses-de-defense-et-de-securite-julien-malizard-j-f-guilhaudis\/","name":"D\u00e9penses de d\u00e9fense et de s\u00e9curit\u00e9 - Julien Malizard \/ J-F. Guilhaudis - Chaire \u00c9conomie de d\u00e9fense - IHEDN","isPartOf":{"@id":"https:\/\/ecodef-ihedn.fr\/#website"},"primaryImageOfPage":{"@id":"https:\/\/ecodef-ihedn.fr\/depenses-de-defense-et-de-securite-julien-malizard-j-f-guilhaudis\/#primaryimage"},"image":{"@id":"https:\/\/ecodef-ihedn.fr\/depenses-de-defense-et-de-securite-julien-malizard-j-f-guilhaudis\/#primaryimage"},"thumbnailUrl":"https:\/\/ecodef-ihedn.fr\/wp-content\/uploads\/2020\/02\/ecole-militaire-paris-1.jpg","datePublished":"2015-09-29T00:00:00+00:00","dateModified":"2020-04-23T14:18:47+00:00","breadcrumb":{"@id":"https:\/\/ecodef-ihedn.fr\/depenses-de-defense-et-de-securite-julien-malizard-j-f-guilhaudis\/#breadcrumb"},"inLanguage":"en-GB","potentialAction":[{"@type":"ReadAction","target":["https:\/\/ecodef-ihedn.fr\/depenses-de-defense-et-de-securite-julien-malizard-j-f-guilhaudis\/"]}]},{"@type":"ImageObject","inLanguage":"en-GB","@id":"https:\/\/ecodef-ihedn.fr\/depenses-de-defense-et-de-securite-julien-malizard-j-f-guilhaudis\/#primaryimage","url":"https:\/\/ecodef-ihedn.fr\/wp-content\/uploads\/2020\/02\/ecole-militaire-paris-1.jpg","contentUrl":"https:\/\/ecodef-ihedn.fr\/wp-content\/uploads\/2020\/02\/ecole-militaire-paris-1.jpg","width":755,"height":414},{"@type":"BreadcrumbList","@id":"https:\/\/ecodef-ihedn.fr\/depenses-de-defense-et-de-securite-julien-malizard-j-f-guilhaudis\/#breadcrumb","itemListElement":[{"@type":"ListItem","position":1,"name":"Accueil","item":"https:\/\/ecodef-ihedn.fr\/"},{"@type":"ListItem","position":2,"name":"D\u00e9penses de d\u00e9fense et de s\u00e9curit\u00e9 &#8211; Julien Malizard \/ J-F. Guilhaudis"}]},{"@type":"WebSite","@id":"https:\/\/ecodef-ihedn.fr\/#website","url":"https:\/\/ecodef-ihedn.fr\/","name":"Chair in Defence Economics - IHEDN","description":"Produce &amp; support, federate &amp; disseminate, act as an interface","publisher":{"@id":"https:\/\/ecodef-ihedn.fr\/#organization"},"potentialAction":[{"@type":"SearchAction","target":{"@type":"EntryPoint","urlTemplate":"https:\/\/ecodef-ihedn.fr\/?s={search_term_string}"},"query-input":{"@type":"PropertyValueSpecification","valueRequired":true,"valueName":"search_term_string"}}],"inLanguage":"en-GB"},{"@type":"Organization","@id":"https:\/\/ecodef-ihedn.fr\/#organization","name":"Chair in Defence Economics - IHEDN","url":"https:\/\/ecodef-ihedn.fr\/","logo":{"@type":"ImageObject","inLanguage":"en-GB","@id":"https:\/\/ecodef-ihedn.fr\/#\/schema\/logo\/image\/","url":"https:\/\/ecodef-ihedn.fr\/wp-content\/uploads\/2020\/04\/logoEcodef9.jpg","contentUrl":"https:\/\/ecodef-ihedn.fr\/wp-content\/uploads\/2020\/04\/logoEcodef9.jpg","width":410,"height":212,"caption":"Chaire \u00c9conomie de d\u00e9fense - IHEDN"},"image":{"@id":"https:\/\/ecodef-ihedn.fr\/#\/schema\/logo\/image\/"},"sameAs":["https:\/\/x.com\/Chaire_Ecodef","https:\/\/www.linkedin.com\/company\/chaire-ecodef-ihedn\/"]},{"@type":"Person","@id":"https:\/\/ecodef-ihedn.fr\/#\/schema\/person\/7b3f1a2d8fd336e0be2f9ff63ff0ebbc","name":"dev","image":{"@type":"ImageObject","inLanguage":"en-GB","@id":"https:\/\/secure.gravatar.com\/avatar\/f1ffcac9ca2fa95ad3ec33e9be3ade82f752acb0cabe541e56c5889225afa88a?s=96&d=mm&r=g","url":"https:\/\/secure.gravatar.com\/avatar\/f1ffcac9ca2fa95ad3ec33e9be3ade82f752acb0cabe541e56c5889225afa88a?s=96&d=mm&r=g","contentUrl":"https:\/\/secure.gravatar.com\/avatar\/f1ffcac9ca2fa95ad3ec33e9be3ade82f752acb0cabe541e56c5889225afa88a?s=96&d=mm&r=g","caption":"dev"},"url":"https:\/\/ecodef-ihedn.fr\/en\/author\/dev\/"}]}},"_links":{"self":[{"href":"https:\/\/ecodef-ihedn.fr\/en\/wp-json\/wp\/v2\/posts\/889","targetHints":{"allow":["GET"]}}],"collection":[{"href":"https:\/\/ecodef-ihedn.fr\/en\/wp-json\/wp\/v2\/posts"}],"about":[{"href":"https:\/\/ecodef-ihedn.fr\/en\/wp-json\/wp\/v2\/types\/post"}],"author":[{"embeddable":true,"href":"https:\/\/ecodef-ihedn.fr\/en\/wp-json\/wp\/v2\/users\/1"}],"replies":[{"embeddable":true,"href":"https:\/\/ecodef-ihedn.fr\/en\/wp-json\/wp\/v2\/comments?post=889"}],"version-history":[{"count":1,"href":"https:\/\/ecodef-ihedn.fr\/en\/wp-json\/wp\/v2\/posts\/889\/revisions"}],"predecessor-version":[{"id":1256,"href":"https:\/\/ecodef-ihedn.fr\/en\/wp-json\/wp\/v2\/posts\/889\/revisions\/1256"}],"wp:featuredmedia":[{"embeddable":true,"href":"https:\/\/ecodef-ihedn.fr\/en\/wp-json\/wp\/v2\/media\/564"}],"wp:attachment":[{"href":"https:\/\/ecodef-ihedn.fr\/en\/wp-json\/wp\/v2\/media?parent=889"}],"wp:term":[{"taxonomy":"category","embeddable":true,"href":"https:\/\/ecodef-ihedn.fr\/en\/wp-json\/wp\/v2\/categories?post=889"},{"taxonomy":"post_tag","embeddable":true,"href":"https:\/\/ecodef-ihedn.fr\/en\/wp-json\/wp\/v2\/tags?post=889"}],"curies":[{"name":"wp","href":"https:\/\/api.w.org\/{rel}","templated":true}]}}