{"id":8892,"date":"2025-07-11T09:06:18","date_gmt":"2025-07-11T09:06:18","guid":{"rendered":"https:\/\/ecodef-ihedn.fr\/?p=8892"},"modified":"2025-07-17T09:31:33","modified_gmt":"2025-07-17T09:31:33","slug":"participation-deva-szego-a-la-journee-pme-eti-de-defense-de-souverainete-comment-financer-la-croissance-paris-ecole-militaire","status":"publish","type":"post","link":"https:\/\/ecodef-ihedn.fr\/en\/participation-deva-szego-a-la-journee-pme-eti-de-defense-de-souverainete-comment-financer-la-croissance-paris-ecole-militaire\/","title":{"rendered":"Eva Szego's participation in the \u00abDefence and sovereignty SMEs and SMBs - how to finance growth\u00bb day (Paris, \u00c9cole Militaire)"},"content":{"rendered":"<h3><strong>Eva Szego<\/strong>, The Chair's researcher took part in the \u00abDefence &amp; Sovereignty SMEs &amp; SMBs - how to finance growth\u00bb day, organised on 3 July 2025 at the \u00c9cole Militaire by <a href=\"https:\/\/www.linkedin.com\/company\/invest-securities\/?originalSubdomain=fr\" target=\"_blank\" rel=\"noopener\">Allinvest<\/a> and FONTAINE AVOCATS<\/h3>\r\n<p><a href=\"https:\/\/ecodef-ihedn.fr\/wp-content\/uploads\/2025\/07\/1750947113431.jpg\" target=\"_blank\" rel=\"noopener\"><img loading=\"lazy\" decoding=\"async\" class=\"aligncenter wp-image-8871 size-full\" src=\"https:\/\/ecodef-ihedn.fr\/wp-content\/uploads\/2025\/07\/1750947113431.jpg\" alt=\"\" width=\"1123\" height=\"794\" srcset=\"https:\/\/ecodef-ihedn.fr\/wp-content\/uploads\/2025\/07\/1750947113431.jpg 1123w, https:\/\/ecodef-ihedn.fr\/wp-content\/uploads\/2025\/07\/1750947113431-300x212.jpg 300w, https:\/\/ecodef-ihedn.fr\/wp-content\/uploads\/2025\/07\/1750947113431-1024x724.jpg 1024w, https:\/\/ecodef-ihedn.fr\/wp-content\/uploads\/2025\/07\/1750947113431-768x543.jpg 768w, https:\/\/ecodef-ihedn.fr\/wp-content\/uploads\/2025\/07\/1750947113431-594x420.jpg 594w, https:\/\/ecodef-ihedn.fr\/wp-content\/uploads\/2025\/07\/1750947113431-696x492.jpg 696w, https:\/\/ecodef-ihedn.fr\/wp-content\/uploads\/2025\/07\/1750947113431-1068x755.jpg 1068w, https:\/\/ecodef-ihedn.fr\/wp-content\/uploads\/2025\/07\/1750947113431-100x70.jpg 100w, https:\/\/ecodef-ihedn.fr\/wp-content\/uploads\/2025\/07\/1750947113431-200x140.jpg 200w\" sizes=\"auto, (max-width: 1123px) 100vw, 1123px\" \/><\/a><\/p>\r\n<p><strong>Eva Szego<\/strong> took part in the round table discussion <strong>\u00abIntroduction &amp; strategic perspective\u00bb<\/strong>, moderated by <strong>Anne Bauer<\/strong>, journalist in charge of space and defence issues at Les Echos.<\/p>\r\n<p>Focusing on the economic and financial implications of rearmament in France and Europe, the discussion gave Eva Szego the opportunity to exchange views with :<\/p>\r\n<ul>\r\n<li><strong>Jean-Marie Dumon<\/strong>, Deputy Managing Director, Groupement des Industries de Construction et Activit\u00e9s Navales (GICAN)<\/li>\r\n<li>Lieutenant General (2S) <strong>Jean-Marc Duquesne<\/strong>, General Delegate, Groupement des Industries de D\u00e9fense et de S\u00e9curit\u00e9 Terrestres et A\u00e9roterrestres (GICAT)<\/li>\r\n<li><strong>Thierry Quillet<\/strong>, Deputy Managing Director of the Groupement des Industries Fran\u00e7aises A\u00e9ronautiques et Spatiales (GIFAS)<\/li>\r\n<\/ul>\r\n<p><a href=\"https:\/\/ecodef-ihedn.fr\/wp-content\/uploads\/2025\/07\/P1180511-scaled.jpg\" target=\"_blank\" rel=\"noopener\"><img loading=\"lazy\" decoding=\"async\" class=\"aligncenter wp-image-8872 size-medium\" src=\"https:\/\/ecodef-ihedn.fr\/wp-content\/uploads\/2025\/07\/P1180511-225x300.jpg\" alt=\"\" width=\"225\" height=\"300\" srcset=\"https:\/\/ecodef-ihedn.fr\/wp-content\/uploads\/2025\/07\/P1180511-225x300.jpg 225w, https:\/\/ecodef-ihedn.fr\/wp-content\/uploads\/2025\/07\/P1180511-768x1024.jpg 768w, https:\/\/ecodef-ihedn.fr\/wp-content\/uploads\/2025\/07\/P1180511-1152x1536.jpg 1152w, https:\/\/ecodef-ihedn.fr\/wp-content\/uploads\/2025\/07\/P1180511-1536x2048.jpg 1536w, https:\/\/ecodef-ihedn.fr\/wp-content\/uploads\/2025\/07\/P1180511-315x420.jpg 315w, https:\/\/ecodef-ihedn.fr\/wp-content\/uploads\/2025\/07\/P1180511-630x840.jpg 630w, https:\/\/ecodef-ihedn.fr\/wp-content\/uploads\/2025\/07\/P1180511-696x928.jpg 696w, https:\/\/ecodef-ihedn.fr\/wp-content\/uploads\/2025\/07\/P1180511-1392x1856.jpg 1392w, https:\/\/ecodef-ihedn.fr\/wp-content\/uploads\/2025\/07\/P1180511-1068x1424.jpg 1068w, https:\/\/ecodef-ihedn.fr\/wp-content\/uploads\/2025\/07\/P1180511-scaled.jpg 1920w\" sizes=\"auto, (max-width: 225px) 100vw, 225px\" \/><\/a><br \/><a href=\"https:\/\/ecodef-ihedn.fr\/wp-content\/uploads\/2025\/07\/P1180670-scaled.jpg\" target=\"_blank\" rel=\"noopener\"><img loading=\"lazy\" decoding=\"async\" class=\"aligncenter wp-image-8873 size-medium\" src=\"https:\/\/ecodef-ihedn.fr\/wp-content\/uploads\/2025\/07\/P1180670-300x225.jpg\" alt=\"\" width=\"300\" height=\"225\" srcset=\"https:\/\/ecodef-ihedn.fr\/wp-content\/uploads\/2025\/07\/P1180670-300x225.jpg 300w, https:\/\/ecodef-ihedn.fr\/wp-content\/uploads\/2025\/07\/P1180670-1024x768.jpg 1024w, https:\/\/ecodef-ihedn.fr\/wp-content\/uploads\/2025\/07\/P1180670-768x576.jpg 768w, https:\/\/ecodef-ihedn.fr\/wp-content\/uploads\/2025\/07\/P1180670-1536x1152.jpg 1536w, https:\/\/ecodef-ihedn.fr\/wp-content\/uploads\/2025\/07\/P1180670-2048x1536.jpg 2048w, https:\/\/ecodef-ihedn.fr\/wp-content\/uploads\/2025\/07\/P1180670-560x420.jpg 560w, https:\/\/ecodef-ihedn.fr\/wp-content\/uploads\/2025\/07\/P1180670-1120x840.jpg 1120w, https:\/\/ecodef-ihedn.fr\/wp-content\/uploads\/2025\/07\/P1180670-80x60.jpg 80w, https:\/\/ecodef-ihedn.fr\/wp-content\/uploads\/2025\/07\/P1180670-160x120.jpg 160w, https:\/\/ecodef-ihedn.fr\/wp-content\/uploads\/2025\/07\/P1180670-696x522.jpg 696w, https:\/\/ecodef-ihedn.fr\/wp-content\/uploads\/2025\/07\/P1180670-1392x1044.jpg 1392w, https:\/\/ecodef-ihedn.fr\/wp-content\/uploads\/2025\/07\/P1180670-1068x801.jpg 1068w, https:\/\/ecodef-ihedn.fr\/wp-content\/uploads\/2025\/07\/P1180670-1920x1440.jpg 1920w, https:\/\/ecodef-ihedn.fr\/wp-content\/uploads\/2025\/07\/P1180670-265x198.jpg 265w, https:\/\/ecodef-ihedn.fr\/wp-content\/uploads\/2025\/07\/P1180670-530x396.jpg 530w\" sizes=\"auto, (max-width: 300px) 100vw, 300px\" \/><\/a><\/p>\r\n<p>Eva Szego addressed the issue of <strong>financing innovation in defence<\/strong>.<\/p>\r\n<p>She reminded the audience that financing innovation is a <strong>strategic leverage to preserve technological and industrial autonomy<\/strong> governments. While the State remains the main player in a market that has historically been governed by the State, the rise of dual technologies and the emergence of innovative start-ups and SMEs make it essential to mobilise private capital.<\/p>\r\n<p>However, companies in the sector are facing a number of challenges. <strong>numerous obstacles<\/strong> These include low profitability, complex public schemes, regulatory constraints, ESG exclusions and long procurement cycles. Despite a clear political will - with, in particular, an increase in the innovation budget in the Military Planning Law - the ecosystem is still too fragmented.<\/p>\r\n<p>From <strong>significant advances<\/strong> However, there have been some positive developments: the rise of European funds (the European Defence Fund, the European Defence Innovation Programme - EUDIS), French initiatives (DefInvest, RAPID, France 2030, etc.), the emergence of corporate ventures and the development of citizen investment. To go further, we need to structure and clarify the financing offer, encourage risk-taking in public procurement, remove regulatory and tax obstacles, and better coordinate existing schemes.<\/p>\r\n<p>Innovation involves\u2019<strong>uncertainty<\/strong> If you want disruptive technologies to emerge, you have to know how to gamble. With a <strong>a clear and ambitious strategy<\/strong>, France can strengthen its technological sovereignty in a rapidly changing world.<\/p>\r\n<p>Eva Szego's presentation was based on her article \u00ab\u00a0<strong>Supporting defence innovation is a matter of national sovereignty\u00bb.\u00bb<\/strong>, written for the magazine <em>Marine &amp; Oceans<\/em>.<\/p>\r\n<p style=\"text-align: center;\"><a href=\"https:\/\/marine-oceans.com\/geopolitique-defense\/soutenir-linnovation-de-defense-est-un-enjeu-de-souverainete-nationale-par-eva-szego\/\" target=\"_blank\" rel=\"noopener\"><span class=\"td_btn td_btn_md td_default_btn\">read the article<\/span><\/a><\/p>\r\n<p style=\"text-align: center;\"><a href=\"https:\/\/www.linkedin.com\/events\/conf-rence-financementdespme-et7345708810616909825\/theater\/\" target=\"_blank\" rel=\"noopener\"><span class=\"td_btn td_btn_md td_default_btn\">see the conference<\/span><\/a><\/p>","protected":false},"excerpt":{"rendered":"<p>Eva Szego, chercheuse \u00e0 la Chaire, a particip\u00e9 \u00e0 la journ\u00e9e \u00ab\u00a0PME &amp; ETI de d\u00e9fense &amp; de souverainet\u00e9 \u2013 comment financer la croissance ?\u00a0\u00bb, organis\u00e9e le 3 juillet 2025 \u00e0 l\u2019\u00c9cole militaire par Allinvest et le cabinet FONTAINE AVOCATS Eva Szego est intervenue dans le cadre de la table ronde \u00ab\u00a0Introduction &amp; perspective strat\u00e9gique\u00a0\u00bb, [&hellip;]<\/p>\n","protected":false},"author":2,"featured_media":8871,"comment_status":"open","ping_status":"open","sticky":false,"template":"","format":"standard","meta":{"footnotes":""},"categories":[34,356],"tags":[794,799,210,211,736,162,41,411,410,47,676,801,792,141,800,796,566,795,38,60,323,565,797,751,802,370,314,798],"class_list":{"0":"post-8892","1":"post","2":"type-post","3":"status-publish","4":"format-standard","5":"has-post-thumbnail","7":"category-activites","8":"category-activites-participation-de-la-chaire-a-un-evenement","9":"tag-allinvest","10":"tag-anne-bauer","11":"tag-base-industrielle-et-technologique-de-defense","12":"tag-bitd","13":"tag-bitde","14":"tag-chaire-economie-de-defense","15":"tag-conference","16":"tag-cooperation-de-defense","17":"tag-cooperation-europeenne","18":"tag-economie-de-defense","19":"tag-enjeux-industriels","20":"tag-eti","21":"tag-eva-szego","22":"tag-financement-de-la-defense","23":"tag-fontaine-avocats","24":"tag-gican","25":"tag-gicat","26":"tag-gifas","27":"tag-ihedn","28":"tag-innovation","29":"tag-innovation-de-defense","30":"tag-jean-marc-duquesne","31":"tag-jean-marie-dumon","32":"tag-marche-de-larmement","33":"tag-marine-oceans","34":"tag-pme","35":"tag-souverainete","36":"tag-thierry-quillet"},"yoast_head":"<!-- This site is optimized with the Yoast SEO plugin v27.4 - https:\/\/yoast.com\/product\/yoast-seo-wordpress\/ -->\n<title>Participation d&#039;Eva Szego \u00e0 la journ\u00e9e \u00ab PME &amp; ETI de d\u00e9fense &amp; de souverainet\u00e9 \u2013 comment financer la croissance ? \u00bb (Paris, \u00c9cole militaire) - Chaire \u00c9conomie de d\u00e9fense - IHEDN<\/title>\n<meta name=\"robots\" content=\"index, follow, max-snippet:-1, max-image-preview:large, max-video-preview:-1\" \/>\n<link rel=\"canonical\" href=\"https:\/\/ecodef-ihedn.fr\/en\/participation-deva-szego-a-la-journee-pme-eti-de-defense-de-souverainete-comment-financer-la-croissance-paris-ecole-militaire\/\" \/>\n<meta property=\"og:locale\" content=\"en_GB\" \/>\n<meta property=\"og:type\" content=\"article\" \/>\n<meta property=\"og:title\" content=\"Participation d&#039;Eva Szego \u00e0 la journ\u00e9e \u00ab PME &amp; ETI de d\u00e9fense &amp; de souverainet\u00e9 \u2013 comment financer la croissance ? \u00bb (Paris, \u00c9cole militaire) - Chaire \u00c9conomie de d\u00e9fense - IHEDN\" \/>\n<meta property=\"og:description\" content=\"Eva Szego, chercheuse \u00e0 la Chaire, a particip\u00e9 \u00e0 la journ\u00e9e \u00ab\u00a0PME &amp; ETI de d\u00e9fense &amp; de souverainet\u00e9 \u2013 comment financer la croissance ?\u00a0\u00bb, organis\u00e9e le 3 juillet 2025 \u00e0 l\u2019\u00c9cole militaire par Allinvest et le cabinet FONTAINE AVOCATS Eva Szego est intervenue dans le cadre de la table ronde \u00ab\u00a0Introduction &amp; perspective strat\u00e9gique\u00a0\u00bb, [&hellip;]\" \/>\n<meta property=\"og:url\" content=\"https:\/\/ecodef-ihedn.fr\/en\/participation-deva-szego-a-la-journee-pme-eti-de-defense-de-souverainete-comment-financer-la-croissance-paris-ecole-militaire\/\" \/>\n<meta property=\"og:site_name\" content=\"Chaire \u00c9conomie de d\u00e9fense - IHEDN\" \/>\n<meta property=\"article:published_time\" content=\"2025-07-11T09:06:18+00:00\" \/>\n<meta property=\"article:modified_time\" content=\"2025-07-17T09:31:33+00:00\" \/>\n<meta property=\"og:image\" content=\"https:\/\/ecodef-ihedn.fr\/wp-content\/uploads\/2025\/07\/1750947113431.jpg\" \/>\n\t<meta property=\"og:image:width\" content=\"1123\" \/>\n\t<meta property=\"og:image:height\" content=\"794\" \/>\n\t<meta property=\"og:image:type\" content=\"image\/jpeg\" \/>\n<meta name=\"author\" content=\"Bertrand Demandre\" \/>\n<meta name=\"twitter:card\" content=\"summary_large_image\" \/>\n<meta name=\"twitter:creator\" content=\"@Chaire_Ecodef\" \/>\n<meta name=\"twitter:site\" content=\"@Chaire_Ecodef\" \/>\n<meta name=\"twitter:label1\" content=\"Written by\" \/>\n\t<meta name=\"twitter:data1\" content=\"Bertrand Demandre\" \/>\n\t<meta name=\"twitter:label2\" content=\"Estimated reading time\" \/>\n\t<meta name=\"twitter:data2\" content=\"3 minutes\" \/>\n<script type=\"application\/ld+json\" class=\"yoast-schema-graph\">{\"@context\":\"https:\\\/\\\/schema.org\",\"@graph\":[{\"@type\":\"Article\",\"@id\":\"https:\\\/\\\/ecodef-ihedn.fr\\\/participation-deva-szego-a-la-journee-pme-eti-de-defense-de-souverainete-comment-financer-la-croissance-paris-ecole-militaire\\\/#article\",\"isPartOf\":{\"@id\":\"https:\\\/\\\/ecodef-ihedn.fr\\\/participation-deva-szego-a-la-journee-pme-eti-de-defense-de-souverainete-comment-financer-la-croissance-paris-ecole-militaire\\\/\"},\"author\":{\"name\":\"Bertrand Demandre\",\"@id\":\"https:\\\/\\\/ecodef-ihedn.fr\\\/#\\\/schema\\\/person\\\/1cdf22d028cebe278126a6e07a884d30\"},\"headline\":\"Participation d&rsquo;Eva Szego \u00e0 la journ\u00e9e \u00ab PME &#038; ETI de d\u00e9fense &#038; de souverainet\u00e9 \u2013 comment financer la croissance ? \u00bb (Paris, \u00c9cole militaire)\",\"datePublished\":\"2025-07-11T09:06:18+00:00\",\"dateModified\":\"2025-07-17T09:31:33+00:00\",\"mainEntityOfPage\":{\"@id\":\"https:\\\/\\\/ecodef-ihedn.fr\\\/participation-deva-szego-a-la-journee-pme-eti-de-defense-de-souverainete-comment-financer-la-croissance-paris-ecole-militaire\\\/\"},\"wordCount\":498,\"commentCount\":0,\"publisher\":{\"@id\":\"https:\\\/\\\/ecodef-ihedn.fr\\\/#organization\"},\"image\":{\"@id\":\"https:\\\/\\\/ecodef-ihedn.fr\\\/participation-deva-szego-a-la-journee-pme-eti-de-defense-de-souverainete-comment-financer-la-croissance-paris-ecole-militaire\\\/#primaryimage\"},\"thumbnailUrl\":\"https:\\\/\\\/ecodef-ihedn.fr\\\/wp-content\\\/uploads\\\/2025\\\/07\\\/1750947113431.jpg\",\"keywords\":[\"Allinvest\",\"Anne Bauer\",\"Base Industrielle et Technologique de D\u00e9fense\",\"BITD\",\"BITDE\",\"chaire \u00e9conomie de d\u00e9fense\",\"conf\u00e9rence\",\"coop\u00e9ration de d\u00e9fense\",\"coop\u00e9ration europ\u00e9enne\",\"\u00e9conomie de d\u00e9fense\",\"enjeux industriels\",\"ETI\",\"Eva Szego\",\"financement de la d\u00e9fense\",\"Fontaine Avocats\",\"GICAN\",\"GICAT\",\"GIFAS\",\"IHEDN\",\"innovation\",\"Innovation de d\u00e9fense\",\"Jean-Marc Duquesne\",\"Jean-Marie Dumon\",\"march\u00e9 de l'armement\",\"Marine &amp; Oc\u00e9ans\",\"PME\",\"souverainet\u00e9\",\"Thierry Quillet\"],\"articleSection\":[\"Activit\u00e9s\",\"Activit\u00e9s : participation de la Chaire \u00e0 un \u00e9v\u00e9nement\"],\"inLanguage\":\"en-GB\",\"potentialAction\":[{\"@type\":\"CommentAction\",\"name\":\"Comment\",\"target\":[\"https:\\\/\\\/ecodef-ihedn.fr\\\/participation-deva-szego-a-la-journee-pme-eti-de-defense-de-souverainete-comment-financer-la-croissance-paris-ecole-militaire\\\/#respond\"]}]},{\"@type\":\"WebPage\",\"@id\":\"https:\\\/\\\/ecodef-ihedn.fr\\\/participation-deva-szego-a-la-journee-pme-eti-de-defense-de-souverainete-comment-financer-la-croissance-paris-ecole-militaire\\\/\",\"url\":\"https:\\\/\\\/ecodef-ihedn.fr\\\/participation-deva-szego-a-la-journee-pme-eti-de-defense-de-souverainete-comment-financer-la-croissance-paris-ecole-militaire\\\/\",\"name\":\"Participation d'Eva Szego \u00e0 la journ\u00e9e \u00ab PME & ETI de d\u00e9fense & de souverainet\u00e9 \u2013 comment financer la croissance ? \u00bb (Paris, \u00c9cole militaire) - Chaire \u00c9conomie de d\u00e9fense - IHEDN\",\"isPartOf\":{\"@id\":\"https:\\\/\\\/ecodef-ihedn.fr\\\/#website\"},\"primaryImageOfPage\":{\"@id\":\"https:\\\/\\\/ecodef-ihedn.fr\\\/participation-deva-szego-a-la-journee-pme-eti-de-defense-de-souverainete-comment-financer-la-croissance-paris-ecole-militaire\\\/#primaryimage\"},\"image\":{\"@id\":\"https:\\\/\\\/ecodef-ihedn.fr\\\/participation-deva-szego-a-la-journee-pme-eti-de-defense-de-souverainete-comment-financer-la-croissance-paris-ecole-militaire\\\/#primaryimage\"},\"thumbnailUrl\":\"https:\\\/\\\/ecodef-ihedn.fr\\\/wp-content\\\/uploads\\\/2025\\\/07\\\/1750947113431.jpg\",\"datePublished\":\"2025-07-11T09:06:18+00:00\",\"dateModified\":\"2025-07-17T09:31:33+00:00\",\"breadcrumb\":{\"@id\":\"https:\\\/\\\/ecodef-ihedn.fr\\\/participation-deva-szego-a-la-journee-pme-eti-de-defense-de-souverainete-comment-financer-la-croissance-paris-ecole-militaire\\\/#breadcrumb\"},\"inLanguage\":\"en-GB\",\"potentialAction\":[{\"@type\":\"ReadAction\",\"target\":[\"https:\\\/\\\/ecodef-ihedn.fr\\\/participation-deva-szego-a-la-journee-pme-eti-de-defense-de-souverainete-comment-financer-la-croissance-paris-ecole-militaire\\\/\"]}]},{\"@type\":\"ImageObject\",\"inLanguage\":\"en-GB\",\"@id\":\"https:\\\/\\\/ecodef-ihedn.fr\\\/participation-deva-szego-a-la-journee-pme-eti-de-defense-de-souverainete-comment-financer-la-croissance-paris-ecole-militaire\\\/#primaryimage\",\"url\":\"https:\\\/\\\/ecodef-ihedn.fr\\\/wp-content\\\/uploads\\\/2025\\\/07\\\/1750947113431.jpg\",\"contentUrl\":\"https:\\\/\\\/ecodef-ihedn.fr\\\/wp-content\\\/uploads\\\/2025\\\/07\\\/1750947113431.jpg\",\"width\":1123,\"height\":794},{\"@type\":\"BreadcrumbList\",\"@id\":\"https:\\\/\\\/ecodef-ihedn.fr\\\/participation-deva-szego-a-la-journee-pme-eti-de-defense-de-souverainete-comment-financer-la-croissance-paris-ecole-militaire\\\/#breadcrumb\",\"itemListElement\":[{\"@type\":\"ListItem\",\"position\":1,\"name\":\"Accueil\",\"item\":\"https:\\\/\\\/ecodef-ihedn.fr\\\/\"},{\"@type\":\"ListItem\",\"position\":2,\"name\":\"Participation d&rsquo;Eva Szego \u00e0 la journ\u00e9e \u00ab PME &#038; ETI de d\u00e9fense &#038; de souverainet\u00e9 \u2013 comment financer la croissance ? \u00bb (Paris, \u00c9cole militaire)\"}]},{\"@type\":\"WebSite\",\"@id\":\"https:\\\/\\\/ecodef-ihedn.fr\\\/#website\",\"url\":\"https:\\\/\\\/ecodef-ihedn.fr\\\/\",\"name\":\"Chaire \u00c9conomie de D\u00e9fense - IHEDN\",\"description\":\"Produire &amp; soutenir, f\u00e9d\u00e9rer &amp; diffuser, \u00eatre une interface\",\"publisher\":{\"@id\":\"https:\\\/\\\/ecodef-ihedn.fr\\\/#organization\"},\"potentialAction\":[{\"@type\":\"SearchAction\",\"target\":{\"@type\":\"EntryPoint\",\"urlTemplate\":\"https:\\\/\\\/ecodef-ihedn.fr\\\/?s={search_term_string}\"},\"query-input\":{\"@type\":\"PropertyValueSpecification\",\"valueRequired\":true,\"valueName\":\"search_term_string\"}}],\"inLanguage\":\"en-GB\"},{\"@type\":\"Organization\",\"@id\":\"https:\\\/\\\/ecodef-ihedn.fr\\\/#organization\",\"name\":\"Chaire \u00c9conomie de d\u00e9fense - IHEDN\",\"url\":\"https:\\\/\\\/ecodef-ihedn.fr\\\/\",\"logo\":{\"@type\":\"ImageObject\",\"inLanguage\":\"en-GB\",\"@id\":\"https:\\\/\\\/ecodef-ihedn.fr\\\/#\\\/schema\\\/logo\\\/image\\\/\",\"url\":\"https:\\\/\\\/ecodef-ihedn.fr\\\/wp-content\\\/uploads\\\/2020\\\/04\\\/logoEcodef9.jpg\",\"contentUrl\":\"https:\\\/\\\/ecodef-ihedn.fr\\\/wp-content\\\/uploads\\\/2020\\\/04\\\/logoEcodef9.jpg\",\"width\":410,\"height\":212,\"caption\":\"Chaire \u00c9conomie de d\u00e9fense - IHEDN\"},\"image\":{\"@id\":\"https:\\\/\\\/ecodef-ihedn.fr\\\/#\\\/schema\\\/logo\\\/image\\\/\"},\"sameAs\":[\"https:\\\/\\\/x.com\\\/Chaire_Ecodef\",\"https:\\\/\\\/www.linkedin.com\\\/company\\\/chaire-ecodef-ihedn\\\/\"]},{\"@type\":\"Person\",\"@id\":\"https:\\\/\\\/ecodef-ihedn.fr\\\/#\\\/schema\\\/person\\\/1cdf22d028cebe278126a6e07a884d30\",\"name\":\"Bertrand Demandre\",\"image\":{\"@type\":\"ImageObject\",\"inLanguage\":\"en-GB\",\"@id\":\"https:\\\/\\\/secure.gravatar.com\\\/avatar\\\/d9c9746d6c900ab5b9c0f9b1fa3932e369da923da247d624b8f7ab4ba8a3c093?s=96&d=mm&r=g\",\"url\":\"https:\\\/\\\/secure.gravatar.com\\\/avatar\\\/d9c9746d6c900ab5b9c0f9b1fa3932e369da923da247d624b8f7ab4ba8a3c093?s=96&d=mm&r=g\",\"contentUrl\":\"https:\\\/\\\/secure.gravatar.com\\\/avatar\\\/d9c9746d6c900ab5b9c0f9b1fa3932e369da923da247d624b8f7ab4ba8a3c093?s=96&d=mm&r=g\",\"caption\":\"Bertrand Demandre\"},\"url\":\"https:\\\/\\\/ecodef-ihedn.fr\\\/en\\\/author\\\/bertrand\\\/\"}]}<\/script>\n<!-- \/ Yoast SEO plugin. -->","yoast_head_json":{"title":"Participation d'Eva Szego \u00e0 la journ\u00e9e \u00ab PME & ETI de d\u00e9fense & de souverainet\u00e9 \u2013 comment financer la croissance ? \u00bb (Paris, \u00c9cole militaire) - Chaire \u00c9conomie de d\u00e9fense - IHEDN","robots":{"index":"index","follow":"follow","max-snippet":"max-snippet:-1","max-image-preview":"max-image-preview:large","max-video-preview":"max-video-preview:-1"},"canonical":"https:\/\/ecodef-ihedn.fr\/en\/participation-deva-szego-a-la-journee-pme-eti-de-defense-de-souverainete-comment-financer-la-croissance-paris-ecole-militaire\/","og_locale":"en_GB","og_type":"article","og_title":"Participation d'Eva Szego \u00e0 la journ\u00e9e \u00ab PME & ETI de d\u00e9fense & de souverainet\u00e9 \u2013 comment financer la croissance ? \u00bb (Paris, \u00c9cole militaire) - Chaire \u00c9conomie de d\u00e9fense - IHEDN","og_description":"Eva Szego, chercheuse \u00e0 la Chaire, a particip\u00e9 \u00e0 la journ\u00e9e \u00ab\u00a0PME &amp; ETI de d\u00e9fense &amp; de souverainet\u00e9 \u2013 comment financer la croissance ?\u00a0\u00bb, organis\u00e9e le 3 juillet 2025 \u00e0 l\u2019\u00c9cole militaire par Allinvest et le cabinet FONTAINE AVOCATS Eva Szego est intervenue dans le cadre de la table ronde \u00ab\u00a0Introduction &amp; perspective strat\u00e9gique\u00a0\u00bb, [&hellip;]","og_url":"https:\/\/ecodef-ihedn.fr\/en\/participation-deva-szego-a-la-journee-pme-eti-de-defense-de-souverainete-comment-financer-la-croissance-paris-ecole-militaire\/","og_site_name":"Chaire \u00c9conomie de d\u00e9fense - IHEDN","article_published_time":"2025-07-11T09:06:18+00:00","article_modified_time":"2025-07-17T09:31:33+00:00","og_image":[{"width":1123,"height":794,"url":"https:\/\/ecodef-ihedn.fr\/wp-content\/uploads\/2025\/07\/1750947113431.jpg","type":"image\/jpeg"}],"author":"Bertrand Demandre","twitter_card":"summary_large_image","twitter_creator":"@Chaire_Ecodef","twitter_site":"@Chaire_Ecodef","twitter_misc":{"Written by":"Bertrand Demandre","Estimated reading time":"3 minutes"},"schema":{"@context":"https:\/\/schema.org","@graph":[{"@type":"Article","@id":"https:\/\/ecodef-ihedn.fr\/participation-deva-szego-a-la-journee-pme-eti-de-defense-de-souverainete-comment-financer-la-croissance-paris-ecole-militaire\/#article","isPartOf":{"@id":"https:\/\/ecodef-ihedn.fr\/participation-deva-szego-a-la-journee-pme-eti-de-defense-de-souverainete-comment-financer-la-croissance-paris-ecole-militaire\/"},"author":{"name":"Bertrand Demandre","@id":"https:\/\/ecodef-ihedn.fr\/#\/schema\/person\/1cdf22d028cebe278126a6e07a884d30"},"headline":"Participation d&rsquo;Eva Szego \u00e0 la journ\u00e9e \u00ab PME &#038; ETI de d\u00e9fense &#038; de souverainet\u00e9 \u2013 comment financer la croissance ? \u00bb (Paris, \u00c9cole militaire)","datePublished":"2025-07-11T09:06:18+00:00","dateModified":"2025-07-17T09:31:33+00:00","mainEntityOfPage":{"@id":"https:\/\/ecodef-ihedn.fr\/participation-deva-szego-a-la-journee-pme-eti-de-defense-de-souverainete-comment-financer-la-croissance-paris-ecole-militaire\/"},"wordCount":498,"commentCount":0,"publisher":{"@id":"https:\/\/ecodef-ihedn.fr\/#organization"},"image":{"@id":"https:\/\/ecodef-ihedn.fr\/participation-deva-szego-a-la-journee-pme-eti-de-defense-de-souverainete-comment-financer-la-croissance-paris-ecole-militaire\/#primaryimage"},"thumbnailUrl":"https:\/\/ecodef-ihedn.fr\/wp-content\/uploads\/2025\/07\/1750947113431.jpg","keywords":["Allinvest","Anne Bauer","Base Industrielle et Technologique de D\u00e9fense","BITD","BITDE","chaire \u00e9conomie de d\u00e9fense","conf\u00e9rence","coop\u00e9ration de d\u00e9fense","coop\u00e9ration europ\u00e9enne","\u00e9conomie de d\u00e9fense","enjeux industriels","ETI","Eva Szego","financement de la d\u00e9fense","Fontaine Avocats","GICAN","GICAT","GIFAS","IHEDN","innovation","Innovation de d\u00e9fense","Jean-Marc Duquesne","Jean-Marie Dumon","march\u00e9 de l'armement","Marine &amp; Oc\u00e9ans","PME","souverainet\u00e9","Thierry Quillet"],"articleSection":["Activit\u00e9s","Activit\u00e9s : participation de la Chaire \u00e0 un \u00e9v\u00e9nement"],"inLanguage":"en-GB","potentialAction":[{"@type":"CommentAction","name":"Comment","target":["https:\/\/ecodef-ihedn.fr\/participation-deva-szego-a-la-journee-pme-eti-de-defense-de-souverainete-comment-financer-la-croissance-paris-ecole-militaire\/#respond"]}]},{"@type":"WebPage","@id":"https:\/\/ecodef-ihedn.fr\/participation-deva-szego-a-la-journee-pme-eti-de-defense-de-souverainete-comment-financer-la-croissance-paris-ecole-militaire\/","url":"https:\/\/ecodef-ihedn.fr\/participation-deva-szego-a-la-journee-pme-eti-de-defense-de-souverainete-comment-financer-la-croissance-paris-ecole-militaire\/","name":"Participation d'Eva Szego \u00e0 la journ\u00e9e \u00ab PME & ETI de d\u00e9fense & de souverainet\u00e9 \u2013 comment financer la croissance ? \u00bb (Paris, \u00c9cole militaire) - Chaire \u00c9conomie de d\u00e9fense - IHEDN","isPartOf":{"@id":"https:\/\/ecodef-ihedn.fr\/#website"},"primaryImageOfPage":{"@id":"https:\/\/ecodef-ihedn.fr\/participation-deva-szego-a-la-journee-pme-eti-de-defense-de-souverainete-comment-financer-la-croissance-paris-ecole-militaire\/#primaryimage"},"image":{"@id":"https:\/\/ecodef-ihedn.fr\/participation-deva-szego-a-la-journee-pme-eti-de-defense-de-souverainete-comment-financer-la-croissance-paris-ecole-militaire\/#primaryimage"},"thumbnailUrl":"https:\/\/ecodef-ihedn.fr\/wp-content\/uploads\/2025\/07\/1750947113431.jpg","datePublished":"2025-07-11T09:06:18+00:00","dateModified":"2025-07-17T09:31:33+00:00","breadcrumb":{"@id":"https:\/\/ecodef-ihedn.fr\/participation-deva-szego-a-la-journee-pme-eti-de-defense-de-souverainete-comment-financer-la-croissance-paris-ecole-militaire\/#breadcrumb"},"inLanguage":"en-GB","potentialAction":[{"@type":"ReadAction","target":["https:\/\/ecodef-ihedn.fr\/participation-deva-szego-a-la-journee-pme-eti-de-defense-de-souverainete-comment-financer-la-croissance-paris-ecole-militaire\/"]}]},{"@type":"ImageObject","inLanguage":"en-GB","@id":"https:\/\/ecodef-ihedn.fr\/participation-deva-szego-a-la-journee-pme-eti-de-defense-de-souverainete-comment-financer-la-croissance-paris-ecole-militaire\/#primaryimage","url":"https:\/\/ecodef-ihedn.fr\/wp-content\/uploads\/2025\/07\/1750947113431.jpg","contentUrl":"https:\/\/ecodef-ihedn.fr\/wp-content\/uploads\/2025\/07\/1750947113431.jpg","width":1123,"height":794},{"@type":"BreadcrumbList","@id":"https:\/\/ecodef-ihedn.fr\/participation-deva-szego-a-la-journee-pme-eti-de-defense-de-souverainete-comment-financer-la-croissance-paris-ecole-militaire\/#breadcrumb","itemListElement":[{"@type":"ListItem","position":1,"name":"Accueil","item":"https:\/\/ecodef-ihedn.fr\/"},{"@type":"ListItem","position":2,"name":"Participation d&rsquo;Eva Szego \u00e0 la journ\u00e9e \u00ab PME &#038; ETI de d\u00e9fense &#038; de souverainet\u00e9 \u2013 comment financer la croissance ? \u00bb (Paris, \u00c9cole militaire)"}]},{"@type":"WebSite","@id":"https:\/\/ecodef-ihedn.fr\/#website","url":"https:\/\/ecodef-ihedn.fr\/","name":"Chair in Defence Economics - IHEDN","description":"Produce &amp; support, federate &amp; disseminate, act as an interface","publisher":{"@id":"https:\/\/ecodef-ihedn.fr\/#organization"},"potentialAction":[{"@type":"SearchAction","target":{"@type":"EntryPoint","urlTemplate":"https:\/\/ecodef-ihedn.fr\/?s={search_term_string}"},"query-input":{"@type":"PropertyValueSpecification","valueRequired":true,"valueName":"search_term_string"}}],"inLanguage":"en-GB"},{"@type":"Organization","@id":"https:\/\/ecodef-ihedn.fr\/#organization","name":"Chair in Defence Economics - IHEDN","url":"https:\/\/ecodef-ihedn.fr\/","logo":{"@type":"ImageObject","inLanguage":"en-GB","@id":"https:\/\/ecodef-ihedn.fr\/#\/schema\/logo\/image\/","url":"https:\/\/ecodef-ihedn.fr\/wp-content\/uploads\/2020\/04\/logoEcodef9.jpg","contentUrl":"https:\/\/ecodef-ihedn.fr\/wp-content\/uploads\/2020\/04\/logoEcodef9.jpg","width":410,"height":212,"caption":"Chaire \u00c9conomie de d\u00e9fense - IHEDN"},"image":{"@id":"https:\/\/ecodef-ihedn.fr\/#\/schema\/logo\/image\/"},"sameAs":["https:\/\/x.com\/Chaire_Ecodef","https:\/\/www.linkedin.com\/company\/chaire-ecodef-ihedn\/"]},{"@type":"Person","@id":"https:\/\/ecodef-ihedn.fr\/#\/schema\/person\/1cdf22d028cebe278126a6e07a884d30","name":"Bertrand Demandre","image":{"@type":"ImageObject","inLanguage":"en-GB","@id":"https:\/\/secure.gravatar.com\/avatar\/d9c9746d6c900ab5b9c0f9b1fa3932e369da923da247d624b8f7ab4ba8a3c093?s=96&d=mm&r=g","url":"https:\/\/secure.gravatar.com\/avatar\/d9c9746d6c900ab5b9c0f9b1fa3932e369da923da247d624b8f7ab4ba8a3c093?s=96&d=mm&r=g","contentUrl":"https:\/\/secure.gravatar.com\/avatar\/d9c9746d6c900ab5b9c0f9b1fa3932e369da923da247d624b8f7ab4ba8a3c093?s=96&d=mm&r=g","caption":"Bertrand Demandre"},"url":"https:\/\/ecodef-ihedn.fr\/en\/author\/bertrand\/"}]}},"_links":{"self":[{"href":"https:\/\/ecodef-ihedn.fr\/en\/wp-json\/wp\/v2\/posts\/8892","targetHints":{"allow":["GET"]}}],"collection":[{"href":"https:\/\/ecodef-ihedn.fr\/en\/wp-json\/wp\/v2\/posts"}],"about":[{"href":"https:\/\/ecodef-ihedn.fr\/en\/wp-json\/wp\/v2\/types\/post"}],"author":[{"embeddable":true,"href":"https:\/\/ecodef-ihedn.fr\/en\/wp-json\/wp\/v2\/users\/2"}],"replies":[{"embeddable":true,"href":"https:\/\/ecodef-ihedn.fr\/en\/wp-json\/wp\/v2\/comments?post=8892"}],"version-history":[{"count":1,"href":"https:\/\/ecodef-ihedn.fr\/en\/wp-json\/wp\/v2\/posts\/8892\/revisions"}],"predecessor-version":[{"id":8893,"href":"https:\/\/ecodef-ihedn.fr\/en\/wp-json\/wp\/v2\/posts\/8892\/revisions\/8893"}],"wp:featuredmedia":[{"embeddable":true,"href":"https:\/\/ecodef-ihedn.fr\/en\/wp-json\/wp\/v2\/media\/8871"}],"wp:attachment":[{"href":"https:\/\/ecodef-ihedn.fr\/en\/wp-json\/wp\/v2\/media?parent=8892"}],"wp:term":[{"taxonomy":"category","embeddable":true,"href":"https:\/\/ecodef-ihedn.fr\/en\/wp-json\/wp\/v2\/categories?post=8892"},{"taxonomy":"post_tag","embeddable":true,"href":"https:\/\/ecodef-ihedn.fr\/en\/wp-json\/wp\/v2\/tags?post=8892"}],"curies":[{"name":"wp","href":"https:\/\/api.w.org\/{rel}","templated":true}]}}