{"id":890,"date":"2015-11-05T00:00:00","date_gmt":"2015-11-05T00:00:00","guid":{"rendered":"https:\/\/ecodef-ihedn.fr\/la-chaire-economie-de-defense-sur-linkedin-et-twitter\/"},"modified":"2020-04-30T10:49:36","modified_gmt":"2020-04-30T10:49:36","slug":"la-chaire-economie-de-defense-sur-linkedin-et-twitter","status":"publish","type":"post","link":"https:\/\/ecodef-ihedn.fr\/en\/la-chaire-economie-de-defense-sur-linkedin-et-twitter\/","title":{"rendered":"The Chair in Defence Economics on Linkedin and Twitter"},"content":{"rendered":"<h4 style=\"text-align: left;\">\u00a0The Chair in Defence Economics is now on Twitter and Linkedin.<\/h4>\n<h4 style=\"text-align: left;\">Get in touch with the Chair and follow the latest news, publications and events relating to defence economics, as well as the publication of articles by Jean Belin, Julien Malizard and the Chair's network of researchers.<\/h4>\n<table style=\"height: 88px;\" width=\"217\">\n<tbody>\n<tr>\n<td><a href=\"https:\/\/twitter.com\/Chaire_Ecodef\"><img loading=\"lazy\" decoding=\"async\" class=\"alignnone  wp-image-5005 aligncenter\" src=\"https:\/\/ecodef-ihedn.fr\/wp-content\/uploads\/2020\/04\/twitter-150x150.png\" alt=\"twitter\" width=\"59\" height=\"58\" \/><\/a><\/td>\n<td style=\"text-align: center;\"><a href=\"https:\/\/www.linkedin.com\/profile\/view?id=AAMAABqpM7MBl1w59NPbIcr0iZaTjf5__VAXfGk&amp;trk=hp-identity-name\"><img loading=\"lazy\" decoding=\"async\" class=\"alignnone  wp-image-5006 aligncenter\" src=\"https:\/\/ecodef-ihedn.fr\/wp-content\/uploads\/2020\/04\/linkedin-logo-240x212-150x150-1.png\" alt=\"linkedin-logo-240x212\" width=\"65\" height=\"57\" \/><\/a><\/td>\n<\/tr>\n<\/tbody>\n<\/table>","protected":false},"excerpt":{"rendered":"<p>\u00a0La Chaire \u00c9conomie de D\u00e9fense est maintenant sur Twitter et Linkedin. Entrez en contact avec la Chaire et venez suivre les actualit\u00e9s, publications et \u00e9v\u00e9nements en rapport avec l&rsquo;\u00e9conomie de d\u00e9fense ainsi que les parutions des articles de Jean Belin, Julien Malizard et du r\u00e9seau de chercheurs de la Chaire.<\/p>","protected":false},"author":1,"featured_media":891,"comment_status":"open","ping_status":"open","sticky":false,"template":"","format":"standard","meta":{"footnotes":""},"categories":[360],"tags":[],"class_list":{"0":"post-890","1":"post","2":"type-post","3":"status-publish","4":"format-standard","5":"has-post-thumbnail","7":"category-actualites-du-reseau"},"yoast_head":"<!-- This site is optimized with the Yoast SEO plugin v27.4 - https:\/\/yoast.com\/product\/yoast-seo-wordpress\/ -->\n<title>La Chaire \u00c9conomie de D\u00e9fense sur Linkedin et Twitter - Chaire \u00c9conomie de d\u00e9fense - IHEDN<\/title>\n<meta name=\"robots\" content=\"index, follow, max-snippet:-1, max-image-preview:large, max-video-preview:-1\" \/>\n<link rel=\"canonical\" href=\"https:\/\/ecodef-ihedn.fr\/en\/la-chaire-economie-de-defense-sur-linkedin-et-twitter\/\" \/>\n<meta property=\"og:locale\" content=\"en_GB\" \/>\n<meta property=\"og:type\" content=\"article\" \/>\n<meta property=\"og:title\" content=\"La Chaire \u00c9conomie de D\u00e9fense sur Linkedin et Twitter - Chaire \u00c9conomie de d\u00e9fense - IHEDN\" \/>\n<meta property=\"og:description\" content=\"\u00a0La Chaire \u00c9conomie de D\u00e9fense est maintenant sur Twitter et Linkedin. Entrez en contact avec la Chaire et venez suivre les actualit\u00e9s, publications et \u00e9v\u00e9nements en rapport avec l&rsquo;\u00e9conomie de d\u00e9fense ainsi que les parutions des articles de Jean Belin, Julien Malizard et du r\u00e9seau de chercheurs de la Chaire.\" \/>\n<meta property=\"og:url\" content=\"https:\/\/ecodef-ihedn.fr\/en\/la-chaire-economie-de-defense-sur-linkedin-et-twitter\/\" \/>\n<meta property=\"og:site_name\" content=\"Chaire \u00c9conomie de d\u00e9fense - IHEDN\" \/>\n<meta property=\"article:published_time\" content=\"2015-11-05T00:00:00+00:00\" \/>\n<meta property=\"article:modified_time\" content=\"2020-04-30T10:49:36+00:00\" \/>\n<meta property=\"og:image\" content=\"https:\/\/ecodef-ihedn.fr\/wp-content\/uploads\/2020\/04\/twitter.png\" \/>\n\t<meta property=\"og:image:width\" content=\"640\" \/>\n\t<meta property=\"og:image:height\" content=\"640\" \/>\n\t<meta property=\"og:image:type\" content=\"image\/png\" \/>\n<meta name=\"author\" content=\"dev\" \/>\n<meta name=\"twitter:card\" content=\"summary_large_image\" \/>\n<meta name=\"twitter:creator\" content=\"@Chaire_Ecodef\" \/>\n<meta name=\"twitter:site\" content=\"@Chaire_Ecodef\" \/>\n<meta name=\"twitter:label1\" content=\"Written by\" \/>\n\t<meta name=\"twitter:data1\" content=\"dev\" \/>\n<script type=\"application\/ld+json\" class=\"yoast-schema-graph\">{\"@context\":\"https:\\\/\\\/schema.org\",\"@graph\":[{\"@type\":\"Article\",\"@id\":\"https:\\\/\\\/ecodef-ihedn.fr\\\/la-chaire-economie-de-defense-sur-linkedin-et-twitter\\\/#article\",\"isPartOf\":{\"@id\":\"https:\\\/\\\/ecodef-ihedn.fr\\\/la-chaire-economie-de-defense-sur-linkedin-et-twitter\\\/\"},\"author\":{\"name\":\"dev\",\"@id\":\"https:\\\/\\\/ecodef-ihedn.fr\\\/#\\\/schema\\\/person\\\/7b3f1a2d8fd336e0be2f9ff63ff0ebbc\"},\"headline\":\"La Chaire \u00c9conomie de D\u00e9fense sur Linkedin et Twitter\",\"datePublished\":\"2015-11-05T00:00:00+00:00\",\"dateModified\":\"2020-04-30T10:49:36+00:00\",\"mainEntityOfPage\":{\"@id\":\"https:\\\/\\\/ecodef-ihedn.fr\\\/la-chaire-economie-de-defense-sur-linkedin-et-twitter\\\/\"},\"wordCount\":66,\"commentCount\":0,\"publisher\":{\"@id\":\"https:\\\/\\\/ecodef-ihedn.fr\\\/#organization\"},\"image\":{\"@id\":\"https:\\\/\\\/ecodef-ihedn.fr\\\/la-chaire-economie-de-defense-sur-linkedin-et-twitter\\\/#primaryimage\"},\"thumbnailUrl\":\"https:\\\/\\\/ecodef-ihedn.fr\\\/wp-content\\\/uploads\\\/2020\\\/04\\\/twitter.png\",\"articleSection\":[\"Actualit\u00e9s du r\u00e9seau\"],\"inLanguage\":\"en-GB\",\"potentialAction\":[{\"@type\":\"CommentAction\",\"name\":\"Comment\",\"target\":[\"https:\\\/\\\/ecodef-ihedn.fr\\\/la-chaire-economie-de-defense-sur-linkedin-et-twitter\\\/#respond\"]}]},{\"@type\":\"WebPage\",\"@id\":\"https:\\\/\\\/ecodef-ihedn.fr\\\/la-chaire-economie-de-defense-sur-linkedin-et-twitter\\\/\",\"url\":\"https:\\\/\\\/ecodef-ihedn.fr\\\/la-chaire-economie-de-defense-sur-linkedin-et-twitter\\\/\",\"name\":\"La Chaire \u00c9conomie de D\u00e9fense sur Linkedin et Twitter - Chaire \u00c9conomie de d\u00e9fense - IHEDN\",\"isPartOf\":{\"@id\":\"https:\\\/\\\/ecodef-ihedn.fr\\\/#website\"},\"primaryImageOfPage\":{\"@id\":\"https:\\\/\\\/ecodef-ihedn.fr\\\/la-chaire-economie-de-defense-sur-linkedin-et-twitter\\\/#primaryimage\"},\"image\":{\"@id\":\"https:\\\/\\\/ecodef-ihedn.fr\\\/la-chaire-economie-de-defense-sur-linkedin-et-twitter\\\/#primaryimage\"},\"thumbnailUrl\":\"https:\\\/\\\/ecodef-ihedn.fr\\\/wp-content\\\/uploads\\\/2020\\\/04\\\/twitter.png\",\"datePublished\":\"2015-11-05T00:00:00+00:00\",\"dateModified\":\"2020-04-30T10:49:36+00:00\",\"breadcrumb\":{\"@id\":\"https:\\\/\\\/ecodef-ihedn.fr\\\/la-chaire-economie-de-defense-sur-linkedin-et-twitter\\\/#breadcrumb\"},\"inLanguage\":\"en-GB\",\"potentialAction\":[{\"@type\":\"ReadAction\",\"target\":[\"https:\\\/\\\/ecodef-ihedn.fr\\\/la-chaire-economie-de-defense-sur-linkedin-et-twitter\\\/\"]}]},{\"@type\":\"ImageObject\",\"inLanguage\":\"en-GB\",\"@id\":\"https:\\\/\\\/ecodef-ihedn.fr\\\/la-chaire-economie-de-defense-sur-linkedin-et-twitter\\\/#primaryimage\",\"url\":\"https:\\\/\\\/ecodef-ihedn.fr\\\/wp-content\\\/uploads\\\/2020\\\/04\\\/twitter.png\",\"contentUrl\":\"https:\\\/\\\/ecodef-ihedn.fr\\\/wp-content\\\/uploads\\\/2020\\\/04\\\/twitter.png\",\"width\":640,\"height\":640},{\"@type\":\"BreadcrumbList\",\"@id\":\"https:\\\/\\\/ecodef-ihedn.fr\\\/la-chaire-economie-de-defense-sur-linkedin-et-twitter\\\/#breadcrumb\",\"itemListElement\":[{\"@type\":\"ListItem\",\"position\":1,\"name\":\"Accueil\",\"item\":\"https:\\\/\\\/ecodef-ihedn.fr\\\/\"},{\"@type\":\"ListItem\",\"position\":2,\"name\":\"La Chaire \u00c9conomie de D\u00e9fense sur Linkedin et Twitter\"}]},{\"@type\":\"WebSite\",\"@id\":\"https:\\\/\\\/ecodef-ihedn.fr\\\/#website\",\"url\":\"https:\\\/\\\/ecodef-ihedn.fr\\\/\",\"name\":\"Chaire \u00c9conomie de D\u00e9fense - IHEDN\",\"description\":\"Produire &amp; soutenir, f\u00e9d\u00e9rer &amp; diffuser, \u00eatre une interface\",\"publisher\":{\"@id\":\"https:\\\/\\\/ecodef-ihedn.fr\\\/#organization\"},\"potentialAction\":[{\"@type\":\"SearchAction\",\"target\":{\"@type\":\"EntryPoint\",\"urlTemplate\":\"https:\\\/\\\/ecodef-ihedn.fr\\\/?s={search_term_string}\"},\"query-input\":{\"@type\":\"PropertyValueSpecification\",\"valueRequired\":true,\"valueName\":\"search_term_string\"}}],\"inLanguage\":\"en-GB\"},{\"@type\":\"Organization\",\"@id\":\"https:\\\/\\\/ecodef-ihedn.fr\\\/#organization\",\"name\":\"Chaire \u00c9conomie de d\u00e9fense - IHEDN\",\"url\":\"https:\\\/\\\/ecodef-ihedn.fr\\\/\",\"logo\":{\"@type\":\"ImageObject\",\"inLanguage\":\"en-GB\",\"@id\":\"https:\\\/\\\/ecodef-ihedn.fr\\\/#\\\/schema\\\/logo\\\/image\\\/\",\"url\":\"https:\\\/\\\/ecodef-ihedn.fr\\\/wp-content\\\/uploads\\\/2020\\\/04\\\/logoEcodef9.jpg\",\"contentUrl\":\"https:\\\/\\\/ecodef-ihedn.fr\\\/wp-content\\\/uploads\\\/2020\\\/04\\\/logoEcodef9.jpg\",\"width\":410,\"height\":212,\"caption\":\"Chaire \u00c9conomie de d\u00e9fense - IHEDN\"},\"image\":{\"@id\":\"https:\\\/\\\/ecodef-ihedn.fr\\\/#\\\/schema\\\/logo\\\/image\\\/\"},\"sameAs\":[\"https:\\\/\\\/x.com\\\/Chaire_Ecodef\",\"https:\\\/\\\/www.linkedin.com\\\/company\\\/chaire-ecodef-ihedn\\\/\"]},{\"@type\":\"Person\",\"@id\":\"https:\\\/\\\/ecodef-ihedn.fr\\\/#\\\/schema\\\/person\\\/7b3f1a2d8fd336e0be2f9ff63ff0ebbc\",\"name\":\"dev\",\"image\":{\"@type\":\"ImageObject\",\"inLanguage\":\"en-GB\",\"@id\":\"https:\\\/\\\/secure.gravatar.com\\\/avatar\\\/f1ffcac9ca2fa95ad3ec33e9be3ade82f752acb0cabe541e56c5889225afa88a?s=96&d=mm&r=g\",\"url\":\"https:\\\/\\\/secure.gravatar.com\\\/avatar\\\/f1ffcac9ca2fa95ad3ec33e9be3ade82f752acb0cabe541e56c5889225afa88a?s=96&d=mm&r=g\",\"contentUrl\":\"https:\\\/\\\/secure.gravatar.com\\\/avatar\\\/f1ffcac9ca2fa95ad3ec33e9be3ade82f752acb0cabe541e56c5889225afa88a?s=96&d=mm&r=g\",\"caption\":\"dev\"},\"url\":\"https:\\\/\\\/ecodef-ihedn.fr\\\/en\\\/author\\\/dev\\\/\"}]}<\/script>\n<!-- \/ Yoast SEO plugin. -->","yoast_head_json":{"title":"La Chaire \u00c9conomie de D\u00e9fense sur Linkedin et Twitter - Chaire \u00c9conomie de d\u00e9fense - IHEDN","robots":{"index":"index","follow":"follow","max-snippet":"max-snippet:-1","max-image-preview":"max-image-preview:large","max-video-preview":"max-video-preview:-1"},"canonical":"https:\/\/ecodef-ihedn.fr\/en\/la-chaire-economie-de-defense-sur-linkedin-et-twitter\/","og_locale":"en_GB","og_type":"article","og_title":"La Chaire \u00c9conomie de D\u00e9fense sur Linkedin et Twitter - Chaire \u00c9conomie de d\u00e9fense - IHEDN","og_description":"\u00a0La Chaire \u00c9conomie de D\u00e9fense est maintenant sur Twitter et Linkedin. Entrez en contact avec la Chaire et venez suivre les actualit\u00e9s, publications et \u00e9v\u00e9nements en rapport avec l&rsquo;\u00e9conomie de d\u00e9fense ainsi que les parutions des articles de Jean Belin, Julien Malizard et du r\u00e9seau de chercheurs de la Chaire.","og_url":"https:\/\/ecodef-ihedn.fr\/en\/la-chaire-economie-de-defense-sur-linkedin-et-twitter\/","og_site_name":"Chaire \u00c9conomie de d\u00e9fense - IHEDN","article_published_time":"2015-11-05T00:00:00+00:00","article_modified_time":"2020-04-30T10:49:36+00:00","og_image":[{"width":640,"height":640,"url":"https:\/\/ecodef-ihedn.fr\/wp-content\/uploads\/2020\/04\/twitter.png","type":"image\/png"}],"author":"dev","twitter_card":"summary_large_image","twitter_creator":"@Chaire_Ecodef","twitter_site":"@Chaire_Ecodef","twitter_misc":{"Written by":"dev"},"schema":{"@context":"https:\/\/schema.org","@graph":[{"@type":"Article","@id":"https:\/\/ecodef-ihedn.fr\/la-chaire-economie-de-defense-sur-linkedin-et-twitter\/#article","isPartOf":{"@id":"https:\/\/ecodef-ihedn.fr\/la-chaire-economie-de-defense-sur-linkedin-et-twitter\/"},"author":{"name":"dev","@id":"https:\/\/ecodef-ihedn.fr\/#\/schema\/person\/7b3f1a2d8fd336e0be2f9ff63ff0ebbc"},"headline":"La Chaire \u00c9conomie de D\u00e9fense sur Linkedin et Twitter","datePublished":"2015-11-05T00:00:00+00:00","dateModified":"2020-04-30T10:49:36+00:00","mainEntityOfPage":{"@id":"https:\/\/ecodef-ihedn.fr\/la-chaire-economie-de-defense-sur-linkedin-et-twitter\/"},"wordCount":66,"commentCount":0,"publisher":{"@id":"https:\/\/ecodef-ihedn.fr\/#organization"},"image":{"@id":"https:\/\/ecodef-ihedn.fr\/la-chaire-economie-de-defense-sur-linkedin-et-twitter\/#primaryimage"},"thumbnailUrl":"https:\/\/ecodef-ihedn.fr\/wp-content\/uploads\/2020\/04\/twitter.png","articleSection":["Actualit\u00e9s du r\u00e9seau"],"inLanguage":"en-GB","potentialAction":[{"@type":"CommentAction","name":"Comment","target":["https:\/\/ecodef-ihedn.fr\/la-chaire-economie-de-defense-sur-linkedin-et-twitter\/#respond"]}]},{"@type":"WebPage","@id":"https:\/\/ecodef-ihedn.fr\/la-chaire-economie-de-defense-sur-linkedin-et-twitter\/","url":"https:\/\/ecodef-ihedn.fr\/la-chaire-economie-de-defense-sur-linkedin-et-twitter\/","name":"La Chaire \u00c9conomie de D\u00e9fense sur Linkedin et Twitter - Chaire \u00c9conomie de d\u00e9fense - IHEDN","isPartOf":{"@id":"https:\/\/ecodef-ihedn.fr\/#website"},"primaryImageOfPage":{"@id":"https:\/\/ecodef-ihedn.fr\/la-chaire-economie-de-defense-sur-linkedin-et-twitter\/#primaryimage"},"image":{"@id":"https:\/\/ecodef-ihedn.fr\/la-chaire-economie-de-defense-sur-linkedin-et-twitter\/#primaryimage"},"thumbnailUrl":"https:\/\/ecodef-ihedn.fr\/wp-content\/uploads\/2020\/04\/twitter.png","datePublished":"2015-11-05T00:00:00+00:00","dateModified":"2020-04-30T10:49:36+00:00","breadcrumb":{"@id":"https:\/\/ecodef-ihedn.fr\/la-chaire-economie-de-defense-sur-linkedin-et-twitter\/#breadcrumb"},"inLanguage":"en-GB","potentialAction":[{"@type":"ReadAction","target":["https:\/\/ecodef-ihedn.fr\/la-chaire-economie-de-defense-sur-linkedin-et-twitter\/"]}]},{"@type":"ImageObject","inLanguage":"en-GB","@id":"https:\/\/ecodef-ihedn.fr\/la-chaire-economie-de-defense-sur-linkedin-et-twitter\/#primaryimage","url":"https:\/\/ecodef-ihedn.fr\/wp-content\/uploads\/2020\/04\/twitter.png","contentUrl":"https:\/\/ecodef-ihedn.fr\/wp-content\/uploads\/2020\/04\/twitter.png","width":640,"height":640},{"@type":"BreadcrumbList","@id":"https:\/\/ecodef-ihedn.fr\/la-chaire-economie-de-defense-sur-linkedin-et-twitter\/#breadcrumb","itemListElement":[{"@type":"ListItem","position":1,"name":"Accueil","item":"https:\/\/ecodef-ihedn.fr\/"},{"@type":"ListItem","position":2,"name":"La Chaire \u00c9conomie de D\u00e9fense sur Linkedin et Twitter"}]},{"@type":"WebSite","@id":"https:\/\/ecodef-ihedn.fr\/#website","url":"https:\/\/ecodef-ihedn.fr\/","name":"Chair in Defence Economics - IHEDN","description":"Produce &amp; support, federate &amp; disseminate, act as an interface","publisher":{"@id":"https:\/\/ecodef-ihedn.fr\/#organization"},"potentialAction":[{"@type":"SearchAction","target":{"@type":"EntryPoint","urlTemplate":"https:\/\/ecodef-ihedn.fr\/?s={search_term_string}"},"query-input":{"@type":"PropertyValueSpecification","valueRequired":true,"valueName":"search_term_string"}}],"inLanguage":"en-GB"},{"@type":"Organization","@id":"https:\/\/ecodef-ihedn.fr\/#organization","name":"Chair in Defence Economics - IHEDN","url":"https:\/\/ecodef-ihedn.fr\/","logo":{"@type":"ImageObject","inLanguage":"en-GB","@id":"https:\/\/ecodef-ihedn.fr\/#\/schema\/logo\/image\/","url":"https:\/\/ecodef-ihedn.fr\/wp-content\/uploads\/2020\/04\/logoEcodef9.jpg","contentUrl":"https:\/\/ecodef-ihedn.fr\/wp-content\/uploads\/2020\/04\/logoEcodef9.jpg","width":410,"height":212,"caption":"Chaire \u00c9conomie de d\u00e9fense - IHEDN"},"image":{"@id":"https:\/\/ecodef-ihedn.fr\/#\/schema\/logo\/image\/"},"sameAs":["https:\/\/x.com\/Chaire_Ecodef","https:\/\/www.linkedin.com\/company\/chaire-ecodef-ihedn\/"]},{"@type":"Person","@id":"https:\/\/ecodef-ihedn.fr\/#\/schema\/person\/7b3f1a2d8fd336e0be2f9ff63ff0ebbc","name":"dev","image":{"@type":"ImageObject","inLanguage":"en-GB","@id":"https:\/\/secure.gravatar.com\/avatar\/f1ffcac9ca2fa95ad3ec33e9be3ade82f752acb0cabe541e56c5889225afa88a?s=96&d=mm&r=g","url":"https:\/\/secure.gravatar.com\/avatar\/f1ffcac9ca2fa95ad3ec33e9be3ade82f752acb0cabe541e56c5889225afa88a?s=96&d=mm&r=g","contentUrl":"https:\/\/secure.gravatar.com\/avatar\/f1ffcac9ca2fa95ad3ec33e9be3ade82f752acb0cabe541e56c5889225afa88a?s=96&d=mm&r=g","caption":"dev"},"url":"https:\/\/ecodef-ihedn.fr\/en\/author\/dev\/"}]}},"_links":{"self":[{"href":"https:\/\/ecodef-ihedn.fr\/en\/wp-json\/wp\/v2\/posts\/890","targetHints":{"allow":["GET"]}}],"collection":[{"href":"https:\/\/ecodef-ihedn.fr\/en\/wp-json\/wp\/v2\/posts"}],"about":[{"href":"https:\/\/ecodef-ihedn.fr\/en\/wp-json\/wp\/v2\/types\/post"}],"author":[{"embeddable":true,"href":"https:\/\/ecodef-ihedn.fr\/en\/wp-json\/wp\/v2\/users\/1"}],"replies":[{"embeddable":true,"href":"https:\/\/ecodef-ihedn.fr\/en\/wp-json\/wp\/v2\/comments?post=890"}],"version-history":[{"count":2,"href":"https:\/\/ecodef-ihedn.fr\/en\/wp-json\/wp\/v2\/posts\/890\/revisions"}],"predecessor-version":[{"id":1595,"href":"https:\/\/ecodef-ihedn.fr\/en\/wp-json\/wp\/v2\/posts\/890\/revisions\/1595"}],"wp:featuredmedia":[{"embeddable":true,"href":"https:\/\/ecodef-ihedn.fr\/en\/wp-json\/wp\/v2\/media\/891"}],"wp:attachment":[{"href":"https:\/\/ecodef-ihedn.fr\/en\/wp-json\/wp\/v2\/media?parent=890"}],"wp:term":[{"taxonomy":"category","embeddable":true,"href":"https:\/\/ecodef-ihedn.fr\/en\/wp-json\/wp\/v2\/categories?post=890"},{"taxonomy":"post_tag","embeddable":true,"href":"https:\/\/ecodef-ihedn.fr\/en\/wp-json\/wp\/v2\/tags?post=890"}],"curies":[{"name":"wp","href":"https:\/\/api.w.org\/{rel}","templated":true}]}}