{"id":893,"date":"2016-01-21T00:00:00","date_gmt":"2016-01-21T00:00:00","guid":{"rendered":"https:\/\/ecodef-ihedn.fr\/conference-annuelle-de-la-chaire-les-industries-de-defense-face-aux-enjeux-internationaux\/"},"modified":"2020-04-09T13:29:46","modified_gmt":"2020-04-09T13:29:46","slug":"conference-annuelle-de-la-chaire-les-industries-de-defense-face-aux-enjeux-internationaux","status":"publish","type":"post","link":"https:\/\/ecodef-ihedn.fr\/en\/conference-annuelle-de-la-chaire-les-industries-de-defense-face-aux-enjeux-internationaux\/","title":{"rendered":"CHAIRE ANNUAL CONFERENCE - Defence industries and international issues"},"content":{"rendered":"<h3 style=\"text-align: center;\"><span style=\"color: #000000;\"><a style=\"color: #000000;\" href=\"http:\/\/prod1-mindef-dreamv.integra.fr\/index.php\/748452?lang=fr\" target=\"_blank\" rel=\"noopener noreferrer\"><strong>CONF\u00c9RENCE ANNUELLE DE LA CHAIRE : Les industries de d\u00e9fense face aux enjeux internationaux <\/strong><\/a><\/span><\/h3>\n<figure id=\"attachment_5070\" aria-describedby=\"caption-attachment-5070\" style=\"width: 966px\" class=\"wp-caption aligncenter\"><a href=\"https:\/\/ecodef-ihedn.fr\/wp-content\/uploads\/2020\/02\/Vue-CA-1.jpg\" rel=\"attachment wp-att-5070\"><img loading=\"lazy\" decoding=\"async\" class=\"wp-image-5070\" src=\"https:\/\/ecodef-ihedn.fr\/wp-content\/uploads\/2020\/02\/Vue-CA-1.jpg\" alt=\"Colloque sur &quot;Les industries de d\u00e9fense face aux enjeux internationaux&quot;, \u00e0 Paris 1 Panth\u00e9on-Sorbonne, le 16 d\u00e9cembre 2015, organis\u00e9 par la Chaire Economie de D\u00e9fense et le Minist\u00e8re de la d\u00e9fense\" width=\"966\" height=\"353\" \/><\/a><figcaption id=\"caption-attachment-5070\" class=\"wp-caption-text\">Colloque sur \u00ab\u00a0Les industries de d\u00e9fense face aux enjeux internationaux\u00a0\u00bb, \u00e0 Paris 1 Panth\u00e9on-Sorbonne, le 16 d\u00e9cembre 2015, organis\u00e9 par la Chaire Economie de D\u00e9fense et le Minist\u00e8re de la d\u00e9fense<\/figcaption><\/figure>\n<p style=\"text-align: center;\">La Chaire \u00c9conomie de D\u00e9fense en partenariat avec le Minist\u00e8re de la D\u00e9fense a organis\u00e9 un colloque \u00e0 l&rsquo;Universit\u00e9 Paris 1 &#8211; Panth\u00e9on Sorbonne, le mercredi 16 d\u00e9cembre 2015, de 14h \u00e0 18h, \u00e0 l&rsquo;amphith\u00e9\u00e2tre Richelieu<\/p>\n<p style=\"text-align: center;\">Programme d\u00e9taill\u00e9 du Colloque :<\/p>\n<p style=\"text-align: center;\">[gview file=\u00a0\u00bbhttps:\/\/economie-defense.fr\/wp-content\/uploads\/2016\/04\/Programme-de-la-Conf\u00e9rence-annuelle-Ecodef.pdf\u00a0\u00bb]<\/p>\n<h3 style=\"text-align: center;\">T\u00e9l\u00e9chargez les pr\u00e9sentations de la Conf\u00e9rence Annuelle :<\/h3>\n<p style=\"text-align: center;\">J<a href=\"https:\/\/economie-defense.fr\/wp-content\/uploads\/2016\/04\/Jean-Belin-d\u00e9terminants-\u00e9conomiques-des-exportations.pdf\">ean Belin &#8211; Croissance des exportations d\u2019armement : quelles origines \u00e9conomiques ?<\/a><\/p>\n<p style=\"text-align: center;\"><a href=\"https:\/\/economie-defense.fr\/wp-content\/uploads\/2016\/04\/Bruno-Cotte-Safran-quelles-strategies-dadaptation.pdf\">Bruno Cott\u00e9 &#8211; Quelle strat\u00e9gie d\u2019adaptation des industries de d\u00e9fense \u00e0 l\u2019international ?<\/a><\/p>\n<p style=\"text-align: center;\"><a href=\"https:\/\/economie-defense.fr\/wp-content\/uploads\/2016\/04\/SGDSN-Louis-Gautier-intervention-colloque-16-d\u00e9cembre-2015.pdf\">JM Oudot &#8211; Enjeux \u00e9conomiques et strat\u00e9giques des r\u00e9organisations internationales des groupes de d\u00e9fense<\/a><\/p>\n<p style=\"text-align: center;\"><a href=\"https:\/\/economie-defense.fr\/wp-content\/uploads\/2016\/04\/SGDSN-Louis-Gautier-intervention-colloque-16-d\u00e9cembre-2015.pdf\">Louis Gautier &#8211; Discours de cl\u00f4ture de la Conf\u00e9rence Annuelle<\/a><\/p>\n<p>&nbsp;<\/p>\n","protected":false},"excerpt":{"rendered":"<p>CONF\u00c9RENCE ANNUELLE DE LA CHAIRE : Les industries de d\u00e9fense face aux enjeux internationaux La Chaire \u00c9conomie de D\u00e9fense en partenariat avec le Minist\u00e8re de la D\u00e9fense a organis\u00e9 un colloque \u00e0 l&rsquo;Universit\u00e9 Paris 1 &#8211; Panth\u00e9on Sorbonne, le mercredi 16 d\u00e9cembre 2015, de 14h \u00e0 18h, \u00e0 l&rsquo;amphith\u00e9\u00e2tre Richelieu Programme d\u00e9taill\u00e9 du Colloque : [&hellip;]<\/p>\n","protected":false},"author":1,"featured_media":457,"comment_status":"open","ping_status":"open","sticky":false,"template":"","format":"standard","meta":{"footnotes":""},"categories":[355],"tags":[],"class_list":{"0":"post-893","1":"post","2":"type-post","3":"status-publish","4":"format-standard","5":"has-post-thumbnail","7":"category-activites-evenements-portes-par-la-chaire"},"yoast_head":"<!-- This site is optimized with the Yoast SEO plugin v27.4 - https:\/\/yoast.com\/product\/yoast-seo-wordpress\/ -->\n<title>CONF\u00c9RENCE ANNUELLE DE LA CHAIRE - Les industries de d\u00e9fense face aux enjeux internationaux - Chaire \u00c9conomie de d\u00e9fense - IHEDN<\/title>\n<meta name=\"robots\" content=\"index, follow, max-snippet:-1, max-image-preview:large, max-video-preview:-1\" \/>\n<link rel=\"canonical\" href=\"https:\/\/ecodef-ihedn.fr\/en\/conference-annuelle-de-la-chaire-les-industries-de-defense-face-aux-enjeux-internationaux\/\" \/>\n<meta property=\"og:locale\" content=\"en_GB\" \/>\n<meta property=\"og:type\" content=\"article\" \/>\n<meta property=\"og:title\" content=\"CONF\u00c9RENCE ANNUELLE DE LA CHAIRE - Les industries de d\u00e9fense face aux enjeux internationaux - Chaire \u00c9conomie de d\u00e9fense - IHEDN\" \/>\n<meta property=\"og:description\" content=\"CONF\u00c9RENCE ANNUELLE DE LA CHAIRE : Les industries de d\u00e9fense face aux enjeux internationaux La Chaire \u00c9conomie de D\u00e9fense en partenariat avec le Minist\u00e8re de la D\u00e9fense a organis\u00e9 un colloque \u00e0 l&rsquo;Universit\u00e9 Paris 1 &#8211; Panth\u00e9on Sorbonne, le mercredi 16 d\u00e9cembre 2015, de 14h \u00e0 18h, \u00e0 l&rsquo;amphith\u00e9\u00e2tre Richelieu Programme d\u00e9taill\u00e9 du Colloque : [&hellip;]\" \/>\n<meta property=\"og:url\" content=\"https:\/\/ecodef-ihedn.fr\/en\/conference-annuelle-de-la-chaire-les-industries-de-defense-face-aux-enjeux-internationaux\/\" \/>\n<meta property=\"og:site_name\" content=\"Chaire \u00c9conomie de d\u00e9fense - IHEDN\" \/>\n<meta property=\"article:published_time\" content=\"2016-01-21T00:00:00+00:00\" \/>\n<meta property=\"article:modified_time\" content=\"2020-04-09T13:29:46+00:00\" \/>\n<meta property=\"og:image\" content=\"https:\/\/ecodef-ihedn.fr\/wp-content\/uploads\/2020\/02\/Vue-CA-1.jpg\" \/>\n\t<meta property=\"og:image:width\" content=\"1000\" \/>\n\t<meta property=\"og:image:height\" content=\"365\" \/>\n\t<meta property=\"og:image:type\" content=\"image\/jpeg\" \/>\n<meta name=\"author\" content=\"dev\" \/>\n<meta name=\"twitter:card\" content=\"summary_large_image\" \/>\n<meta name=\"twitter:creator\" content=\"@Chaire_Ecodef\" \/>\n<meta name=\"twitter:site\" content=\"@Chaire_Ecodef\" \/>\n<meta name=\"twitter:label1\" content=\"Written by\" \/>\n\t<meta name=\"twitter:data1\" content=\"dev\" \/>\n\t<meta name=\"twitter:label2\" content=\"Estimated reading time\" \/>\n\t<meta name=\"twitter:data2\" content=\"1 minute\" \/>\n<script type=\"application\/ld+json\" class=\"yoast-schema-graph\">{\"@context\":\"https:\\\/\\\/schema.org\",\"@graph\":[{\"@type\":\"Article\",\"@id\":\"https:\\\/\\\/ecodef-ihedn.fr\\\/conference-annuelle-de-la-chaire-les-industries-de-defense-face-aux-enjeux-internationaux\\\/#article\",\"isPartOf\":{\"@id\":\"https:\\\/\\\/ecodef-ihedn.fr\\\/conference-annuelle-de-la-chaire-les-industries-de-defense-face-aux-enjeux-internationaux\\\/\"},\"author\":{\"name\":\"dev\",\"@id\":\"https:\\\/\\\/ecodef-ihedn.fr\\\/#\\\/schema\\\/person\\\/7b3f1a2d8fd336e0be2f9ff63ff0ebbc\"},\"headline\":\"CONF\u00c9RENCE ANNUELLE DE LA CHAIRE &#8211; Les industries de d\u00e9fense face aux enjeux internationaux\",\"datePublished\":\"2016-01-21T00:00:00+00:00\",\"dateModified\":\"2020-04-09T13:29:46+00:00\",\"mainEntityOfPage\":{\"@id\":\"https:\\\/\\\/ecodef-ihedn.fr\\\/conference-annuelle-de-la-chaire-les-industries-de-defense-face-aux-enjeux-internationaux\\\/\"},\"wordCount\":191,\"commentCount\":0,\"publisher\":{\"@id\":\"https:\\\/\\\/ecodef-ihedn.fr\\\/#organization\"},\"image\":{\"@id\":\"https:\\\/\\\/ecodef-ihedn.fr\\\/conference-annuelle-de-la-chaire-les-industries-de-defense-face-aux-enjeux-internationaux\\\/#primaryimage\"},\"thumbnailUrl\":\"https:\\\/\\\/ecodef-ihedn.fr\\\/wp-content\\\/uploads\\\/2020\\\/02\\\/Vue-CA-1.jpg\",\"articleSection\":[\"Activit\u00e9s : \u00e9v\u00e9nements port\u00e9s par la Chaire\"],\"inLanguage\":\"en-GB\",\"potentialAction\":[{\"@type\":\"CommentAction\",\"name\":\"Comment\",\"target\":[\"https:\\\/\\\/ecodef-ihedn.fr\\\/conference-annuelle-de-la-chaire-les-industries-de-defense-face-aux-enjeux-internationaux\\\/#respond\"]}]},{\"@type\":\"WebPage\",\"@id\":\"https:\\\/\\\/ecodef-ihedn.fr\\\/conference-annuelle-de-la-chaire-les-industries-de-defense-face-aux-enjeux-internationaux\\\/\",\"url\":\"https:\\\/\\\/ecodef-ihedn.fr\\\/conference-annuelle-de-la-chaire-les-industries-de-defense-face-aux-enjeux-internationaux\\\/\",\"name\":\"CONF\u00c9RENCE ANNUELLE DE LA CHAIRE - Les industries de d\u00e9fense face aux enjeux internationaux - Chaire \u00c9conomie de d\u00e9fense - IHEDN\",\"isPartOf\":{\"@id\":\"https:\\\/\\\/ecodef-ihedn.fr\\\/#website\"},\"primaryImageOfPage\":{\"@id\":\"https:\\\/\\\/ecodef-ihedn.fr\\\/conference-annuelle-de-la-chaire-les-industries-de-defense-face-aux-enjeux-internationaux\\\/#primaryimage\"},\"image\":{\"@id\":\"https:\\\/\\\/ecodef-ihedn.fr\\\/conference-annuelle-de-la-chaire-les-industries-de-defense-face-aux-enjeux-internationaux\\\/#primaryimage\"},\"thumbnailUrl\":\"https:\\\/\\\/ecodef-ihedn.fr\\\/wp-content\\\/uploads\\\/2020\\\/02\\\/Vue-CA-1.jpg\",\"datePublished\":\"2016-01-21T00:00:00+00:00\",\"dateModified\":\"2020-04-09T13:29:46+00:00\",\"breadcrumb\":{\"@id\":\"https:\\\/\\\/ecodef-ihedn.fr\\\/conference-annuelle-de-la-chaire-les-industries-de-defense-face-aux-enjeux-internationaux\\\/#breadcrumb\"},\"inLanguage\":\"en-GB\",\"potentialAction\":[{\"@type\":\"ReadAction\",\"target\":[\"https:\\\/\\\/ecodef-ihedn.fr\\\/conference-annuelle-de-la-chaire-les-industries-de-defense-face-aux-enjeux-internationaux\\\/\"]}]},{\"@type\":\"ImageObject\",\"inLanguage\":\"en-GB\",\"@id\":\"https:\\\/\\\/ecodef-ihedn.fr\\\/conference-annuelle-de-la-chaire-les-industries-de-defense-face-aux-enjeux-internationaux\\\/#primaryimage\",\"url\":\"https:\\\/\\\/ecodef-ihedn.fr\\\/wp-content\\\/uploads\\\/2020\\\/02\\\/Vue-CA-1.jpg\",\"contentUrl\":\"https:\\\/\\\/ecodef-ihedn.fr\\\/wp-content\\\/uploads\\\/2020\\\/02\\\/Vue-CA-1.jpg\",\"width\":1000,\"height\":365},{\"@type\":\"BreadcrumbList\",\"@id\":\"https:\\\/\\\/ecodef-ihedn.fr\\\/conference-annuelle-de-la-chaire-les-industries-de-defense-face-aux-enjeux-internationaux\\\/#breadcrumb\",\"itemListElement\":[{\"@type\":\"ListItem\",\"position\":1,\"name\":\"Accueil\",\"item\":\"https:\\\/\\\/ecodef-ihedn.fr\\\/\"},{\"@type\":\"ListItem\",\"position\":2,\"name\":\"CONF\u00c9RENCE ANNUELLE DE LA CHAIRE &#8211; Les industries de d\u00e9fense face aux enjeux internationaux\"}]},{\"@type\":\"WebSite\",\"@id\":\"https:\\\/\\\/ecodef-ihedn.fr\\\/#website\",\"url\":\"https:\\\/\\\/ecodef-ihedn.fr\\\/\",\"name\":\"Chaire \u00c9conomie de D\u00e9fense - IHEDN\",\"description\":\"Produire &amp; soutenir, f\u00e9d\u00e9rer &amp; diffuser, \u00eatre une interface\",\"publisher\":{\"@id\":\"https:\\\/\\\/ecodef-ihedn.fr\\\/#organization\"},\"potentialAction\":[{\"@type\":\"SearchAction\",\"target\":{\"@type\":\"EntryPoint\",\"urlTemplate\":\"https:\\\/\\\/ecodef-ihedn.fr\\\/?s={search_term_string}\"},\"query-input\":{\"@type\":\"PropertyValueSpecification\",\"valueRequired\":true,\"valueName\":\"search_term_string\"}}],\"inLanguage\":\"en-GB\"},{\"@type\":\"Organization\",\"@id\":\"https:\\\/\\\/ecodef-ihedn.fr\\\/#organization\",\"name\":\"Chaire \u00c9conomie de d\u00e9fense - IHEDN\",\"url\":\"https:\\\/\\\/ecodef-ihedn.fr\\\/\",\"logo\":{\"@type\":\"ImageObject\",\"inLanguage\":\"en-GB\",\"@id\":\"https:\\\/\\\/ecodef-ihedn.fr\\\/#\\\/schema\\\/logo\\\/image\\\/\",\"url\":\"https:\\\/\\\/ecodef-ihedn.fr\\\/wp-content\\\/uploads\\\/2020\\\/04\\\/logoEcodef9.jpg\",\"contentUrl\":\"https:\\\/\\\/ecodef-ihedn.fr\\\/wp-content\\\/uploads\\\/2020\\\/04\\\/logoEcodef9.jpg\",\"width\":410,\"height\":212,\"caption\":\"Chaire \u00c9conomie de d\u00e9fense - IHEDN\"},\"image\":{\"@id\":\"https:\\\/\\\/ecodef-ihedn.fr\\\/#\\\/schema\\\/logo\\\/image\\\/\"},\"sameAs\":[\"https:\\\/\\\/x.com\\\/Chaire_Ecodef\",\"https:\\\/\\\/www.linkedin.com\\\/company\\\/chaire-ecodef-ihedn\\\/\"]},{\"@type\":\"Person\",\"@id\":\"https:\\\/\\\/ecodef-ihedn.fr\\\/#\\\/schema\\\/person\\\/7b3f1a2d8fd336e0be2f9ff63ff0ebbc\",\"name\":\"dev\",\"image\":{\"@type\":\"ImageObject\",\"inLanguage\":\"en-GB\",\"@id\":\"https:\\\/\\\/secure.gravatar.com\\\/avatar\\\/f1ffcac9ca2fa95ad3ec33e9be3ade82f752acb0cabe541e56c5889225afa88a?s=96&d=mm&r=g\",\"url\":\"https:\\\/\\\/secure.gravatar.com\\\/avatar\\\/f1ffcac9ca2fa95ad3ec33e9be3ade82f752acb0cabe541e56c5889225afa88a?s=96&d=mm&r=g\",\"contentUrl\":\"https:\\\/\\\/secure.gravatar.com\\\/avatar\\\/f1ffcac9ca2fa95ad3ec33e9be3ade82f752acb0cabe541e56c5889225afa88a?s=96&d=mm&r=g\",\"caption\":\"dev\"},\"url\":\"https:\\\/\\\/ecodef-ihedn.fr\\\/en\\\/author\\\/dev\\\/\"}]}<\/script>\n<!-- \/ Yoast SEO plugin. -->","yoast_head_json":{"title":"CONF\u00c9RENCE ANNUELLE DE LA CHAIRE - Les industries de d\u00e9fense face aux enjeux internationaux - Chaire \u00c9conomie de d\u00e9fense - IHEDN","robots":{"index":"index","follow":"follow","max-snippet":"max-snippet:-1","max-image-preview":"max-image-preview:large","max-video-preview":"max-video-preview:-1"},"canonical":"https:\/\/ecodef-ihedn.fr\/en\/conference-annuelle-de-la-chaire-les-industries-de-defense-face-aux-enjeux-internationaux\/","og_locale":"en_GB","og_type":"article","og_title":"CONF\u00c9RENCE ANNUELLE DE LA CHAIRE - Les industries de d\u00e9fense face aux enjeux internationaux - Chaire \u00c9conomie de d\u00e9fense - IHEDN","og_description":"CONF\u00c9RENCE ANNUELLE DE LA CHAIRE : Les industries de d\u00e9fense face aux enjeux internationaux La Chaire \u00c9conomie de D\u00e9fense en partenariat avec le Minist\u00e8re de la D\u00e9fense a organis\u00e9 un colloque \u00e0 l&rsquo;Universit\u00e9 Paris 1 &#8211; Panth\u00e9on Sorbonne, le mercredi 16 d\u00e9cembre 2015, de 14h \u00e0 18h, \u00e0 l&rsquo;amphith\u00e9\u00e2tre Richelieu Programme d\u00e9taill\u00e9 du Colloque : [&hellip;]","og_url":"https:\/\/ecodef-ihedn.fr\/en\/conference-annuelle-de-la-chaire-les-industries-de-defense-face-aux-enjeux-internationaux\/","og_site_name":"Chaire \u00c9conomie de d\u00e9fense - IHEDN","article_published_time":"2016-01-21T00:00:00+00:00","article_modified_time":"2020-04-09T13:29:46+00:00","og_image":[{"width":1000,"height":365,"url":"https:\/\/ecodef-ihedn.fr\/wp-content\/uploads\/2020\/02\/Vue-CA-1.jpg","type":"image\/jpeg"}],"author":"dev","twitter_card":"summary_large_image","twitter_creator":"@Chaire_Ecodef","twitter_site":"@Chaire_Ecodef","twitter_misc":{"Written by":"dev","Estimated reading time":"1 minute"},"schema":{"@context":"https:\/\/schema.org","@graph":[{"@type":"Article","@id":"https:\/\/ecodef-ihedn.fr\/conference-annuelle-de-la-chaire-les-industries-de-defense-face-aux-enjeux-internationaux\/#article","isPartOf":{"@id":"https:\/\/ecodef-ihedn.fr\/conference-annuelle-de-la-chaire-les-industries-de-defense-face-aux-enjeux-internationaux\/"},"author":{"name":"dev","@id":"https:\/\/ecodef-ihedn.fr\/#\/schema\/person\/7b3f1a2d8fd336e0be2f9ff63ff0ebbc"},"headline":"CONF\u00c9RENCE ANNUELLE DE LA CHAIRE &#8211; Les industries de d\u00e9fense face aux enjeux internationaux","datePublished":"2016-01-21T00:00:00+00:00","dateModified":"2020-04-09T13:29:46+00:00","mainEntityOfPage":{"@id":"https:\/\/ecodef-ihedn.fr\/conference-annuelle-de-la-chaire-les-industries-de-defense-face-aux-enjeux-internationaux\/"},"wordCount":191,"commentCount":0,"publisher":{"@id":"https:\/\/ecodef-ihedn.fr\/#organization"},"image":{"@id":"https:\/\/ecodef-ihedn.fr\/conference-annuelle-de-la-chaire-les-industries-de-defense-face-aux-enjeux-internationaux\/#primaryimage"},"thumbnailUrl":"https:\/\/ecodef-ihedn.fr\/wp-content\/uploads\/2020\/02\/Vue-CA-1.jpg","articleSection":["Activit\u00e9s : \u00e9v\u00e9nements port\u00e9s par la Chaire"],"inLanguage":"en-GB","potentialAction":[{"@type":"CommentAction","name":"Comment","target":["https:\/\/ecodef-ihedn.fr\/conference-annuelle-de-la-chaire-les-industries-de-defense-face-aux-enjeux-internationaux\/#respond"]}]},{"@type":"WebPage","@id":"https:\/\/ecodef-ihedn.fr\/conference-annuelle-de-la-chaire-les-industries-de-defense-face-aux-enjeux-internationaux\/","url":"https:\/\/ecodef-ihedn.fr\/conference-annuelle-de-la-chaire-les-industries-de-defense-face-aux-enjeux-internationaux\/","name":"CONF\u00c9RENCE ANNUELLE DE LA CHAIRE - Les industries de d\u00e9fense face aux enjeux internationaux - Chaire \u00c9conomie de d\u00e9fense - IHEDN","isPartOf":{"@id":"https:\/\/ecodef-ihedn.fr\/#website"},"primaryImageOfPage":{"@id":"https:\/\/ecodef-ihedn.fr\/conference-annuelle-de-la-chaire-les-industries-de-defense-face-aux-enjeux-internationaux\/#primaryimage"},"image":{"@id":"https:\/\/ecodef-ihedn.fr\/conference-annuelle-de-la-chaire-les-industries-de-defense-face-aux-enjeux-internationaux\/#primaryimage"},"thumbnailUrl":"https:\/\/ecodef-ihedn.fr\/wp-content\/uploads\/2020\/02\/Vue-CA-1.jpg","datePublished":"2016-01-21T00:00:00+00:00","dateModified":"2020-04-09T13:29:46+00:00","breadcrumb":{"@id":"https:\/\/ecodef-ihedn.fr\/conference-annuelle-de-la-chaire-les-industries-de-defense-face-aux-enjeux-internationaux\/#breadcrumb"},"inLanguage":"en-GB","potentialAction":[{"@type":"ReadAction","target":["https:\/\/ecodef-ihedn.fr\/conference-annuelle-de-la-chaire-les-industries-de-defense-face-aux-enjeux-internationaux\/"]}]},{"@type":"ImageObject","inLanguage":"en-GB","@id":"https:\/\/ecodef-ihedn.fr\/conference-annuelle-de-la-chaire-les-industries-de-defense-face-aux-enjeux-internationaux\/#primaryimage","url":"https:\/\/ecodef-ihedn.fr\/wp-content\/uploads\/2020\/02\/Vue-CA-1.jpg","contentUrl":"https:\/\/ecodef-ihedn.fr\/wp-content\/uploads\/2020\/02\/Vue-CA-1.jpg","width":1000,"height":365},{"@type":"BreadcrumbList","@id":"https:\/\/ecodef-ihedn.fr\/conference-annuelle-de-la-chaire-les-industries-de-defense-face-aux-enjeux-internationaux\/#breadcrumb","itemListElement":[{"@type":"ListItem","position":1,"name":"Accueil","item":"https:\/\/ecodef-ihedn.fr\/"},{"@type":"ListItem","position":2,"name":"CONF\u00c9RENCE ANNUELLE DE LA CHAIRE &#8211; Les industries de d\u00e9fense face aux enjeux internationaux"}]},{"@type":"WebSite","@id":"https:\/\/ecodef-ihedn.fr\/#website","url":"https:\/\/ecodef-ihedn.fr\/","name":"Chair in Defence Economics - IHEDN","description":"Produce &amp; support, federate &amp; disseminate, act as an interface","publisher":{"@id":"https:\/\/ecodef-ihedn.fr\/#organization"},"potentialAction":[{"@type":"SearchAction","target":{"@type":"EntryPoint","urlTemplate":"https:\/\/ecodef-ihedn.fr\/?s={search_term_string}"},"query-input":{"@type":"PropertyValueSpecification","valueRequired":true,"valueName":"search_term_string"}}],"inLanguage":"en-GB"},{"@type":"Organization","@id":"https:\/\/ecodef-ihedn.fr\/#organization","name":"Chair in Defence Economics - IHEDN","url":"https:\/\/ecodef-ihedn.fr\/","logo":{"@type":"ImageObject","inLanguage":"en-GB","@id":"https:\/\/ecodef-ihedn.fr\/#\/schema\/logo\/image\/","url":"https:\/\/ecodef-ihedn.fr\/wp-content\/uploads\/2020\/04\/logoEcodef9.jpg","contentUrl":"https:\/\/ecodef-ihedn.fr\/wp-content\/uploads\/2020\/04\/logoEcodef9.jpg","width":410,"height":212,"caption":"Chaire \u00c9conomie de d\u00e9fense - IHEDN"},"image":{"@id":"https:\/\/ecodef-ihedn.fr\/#\/schema\/logo\/image\/"},"sameAs":["https:\/\/x.com\/Chaire_Ecodef","https:\/\/www.linkedin.com\/company\/chaire-ecodef-ihedn\/"]},{"@type":"Person","@id":"https:\/\/ecodef-ihedn.fr\/#\/schema\/person\/7b3f1a2d8fd336e0be2f9ff63ff0ebbc","name":"dev","image":{"@type":"ImageObject","inLanguage":"en-GB","@id":"https:\/\/secure.gravatar.com\/avatar\/f1ffcac9ca2fa95ad3ec33e9be3ade82f752acb0cabe541e56c5889225afa88a?s=96&d=mm&r=g","url":"https:\/\/secure.gravatar.com\/avatar\/f1ffcac9ca2fa95ad3ec33e9be3ade82f752acb0cabe541e56c5889225afa88a?s=96&d=mm&r=g","contentUrl":"https:\/\/secure.gravatar.com\/avatar\/f1ffcac9ca2fa95ad3ec33e9be3ade82f752acb0cabe541e56c5889225afa88a?s=96&d=mm&r=g","caption":"dev"},"url":"https:\/\/ecodef-ihedn.fr\/en\/author\/dev\/"}]}},"_links":{"self":[{"href":"https:\/\/ecodef-ihedn.fr\/en\/wp-json\/wp\/v2\/posts\/893","targetHints":{"allow":["GET"]}}],"collection":[{"href":"https:\/\/ecodef-ihedn.fr\/en\/wp-json\/wp\/v2\/posts"}],"about":[{"href":"https:\/\/ecodef-ihedn.fr\/en\/wp-json\/wp\/v2\/types\/post"}],"author":[{"embeddable":true,"href":"https:\/\/ecodef-ihedn.fr\/en\/wp-json\/wp\/v2\/users\/1"}],"replies":[{"embeddable":true,"href":"https:\/\/ecodef-ihedn.fr\/en\/wp-json\/wp\/v2\/comments?post=893"}],"version-history":[{"count":2,"href":"https:\/\/ecodef-ihedn.fr\/en\/wp-json\/wp\/v2\/posts\/893\/revisions"}],"predecessor-version":[{"id":1593,"href":"https:\/\/ecodef-ihedn.fr\/en\/wp-json\/wp\/v2\/posts\/893\/revisions\/1593"}],"wp:featuredmedia":[{"embeddable":true,"href":"https:\/\/ecodef-ihedn.fr\/en\/wp-json\/wp\/v2\/media\/457"}],"wp:attachment":[{"href":"https:\/\/ecodef-ihedn.fr\/en\/wp-json\/wp\/v2\/media?parent=893"}],"wp:term":[{"taxonomy":"category","embeddable":true,"href":"https:\/\/ecodef-ihedn.fr\/en\/wp-json\/wp\/v2\/categories?post=893"},{"taxonomy":"post_tag","embeddable":true,"href":"https:\/\/ecodef-ihedn.fr\/en\/wp-json\/wp\/v2\/tags?post=893"}],"curies":[{"name":"wp","href":"https:\/\/api.w.org\/{rel}","templated":true}]}}