{"id":894,"date":"2016-01-20T00:00:00","date_gmt":"2016-01-20T00:00:00","guid":{"rendered":"https:\/\/ecodef-ihedn.fr\/a-lire-ici-la-these-prix-deconomie-de-la-defense-2015-de-josselin-droff-chercheur-du-reseau-de-la-chaire\/"},"modified":"2020-04-09T13:30:53","modified_gmt":"2020-04-09T13:30:53","slug":"prix-deconomie-de-la-defense-2015-these-de-josselin-droff-chercheur-du-reseau-de-la-chaire","status":"publish","type":"post","link":"https:\/\/ecodef-ihedn.fr\/en\/prix-deconomie-de-la-defense-2015-these-de-josselin-droff-chercheur-du-reseau-de-la-chaire\/","title":{"rendered":"Defence Economics Prize 2015: thesis by Josselin Droff, researcher in the Chair's network"},"content":{"rendered":"<p>The 2015 Defence Economics Dissertation Prize was awarded during the annual conference organised by the Defence Economics Chair at the University of Paris 1 Panth\u00e9on-Sorbonne, in partnership with the Ministry of Defence's Financial Affairs Directorate. <a href=\"http:\/\/www.defense.gouv.fr\/sga\/le-sga-en-action\/economie-et-statistiques\/evenements\/colloque\" target=\"_self\" rel=\"noopener noreferrer\">\u00abDefence industries and international challenges\u00bb<\/a><a id=\"__mce_tmp\" href=\"http:\/\/www.defense.gouv.fr\/sga\/le-sga-en-action\/economie-et-statistiques\/evenements\/colloque\" target=\"_self\" rel=\"noopener noreferrer\">.<\/a><\/p>\n<h3 class=\"title\" style=\"text-align: center;\">Defence Economics Thesis Prize 2015: Le facteur spatial en \u00e9conomie de la d\u00e9fense : application \u00e0 l'organisation du Maintien en Condition Op\u00e9rationnelle (MCO) des mat\u00e9riels de d\u00e9fense, Josselin Droff.<\/h3>\n<p class=\"title\" style=\"text-align: center;\"><strong><a href=\"https:\/\/tel.archives-ouvertes.fr\/tel-01089240\" target=\"_blank\" rel=\"noopener noreferrer\">Download the thesis<\/a><\/strong><\/p>\n<figure id=\"attachment_5055\" aria-describedby=\"caption-attachment-5055\" style=\"width: 1000px\" class=\"wp-caption aligncenter\"><a href=\"https:\/\/ecodef-ihedn.fr\/wp-content\/uploads\/2020\/04\/prix-ecodef.jpg\" rel=\"attachment wp-att-5055\"><img loading=\"lazy\" decoding=\"async\" class=\"wp-image-5055 size-full\" src=\"https:\/\/ecodef-ihedn.fr\/wp-content\/uploads\/2020\/04\/prix-ecodef.jpg\" alt=\"Colloque sur &quot;Les industries de d\u00e9fense face aux enjeux internationaux&quot;, \u00e0 Paris 1 Panth\u00e9on-Sorbonne, le 16 d\u00e9cembre 2015, organis\u00e9 par la Chaire Economie de D\u00e9fense et le Minist\u00e8re de la d\u00e9fense\" width=\"1000\" height=\"595\" \/><\/a><figcaption id=\"caption-attachment-5055\" class=\"wp-caption-text\">Presentation of the thesis prize at the Colloquium on \u00abDefence industries and international issues\u00bb, at Paris 1 Panth\u00e9on-Sorbonne, on 16 December 2015, organised by the Chaire Economie de D\u00e9fense and the Ministry of Defence, in the presence of the jury.<\/figcaption><\/figure>\n<p>Josselin Droff's thesis demonstrates that understanding defence production choices (military mission accomplishment, equipment and personnel support) necessarily involves a strong spatial dimension. The thesis shows that understanding defence production choices The developments proposed by Josselin Droff provide a reference framework for anyone wishing to understand location choices in the defence sector. The proposed methodology can be applied not only to operational readiness but also to other dimensions of defence, for example in a bilateral or multinational context or within an alliance.<\/p>\n<p>&nbsp;<\/p>\n<h3 style=\"text-align: center;\">Summary of the thesis:<\/h3>\n<p>This thesis examines public policy choices relating to the spatial organisation of defence production as a public good. Our analytical framework makes it possible to integrate the spatial factor into the modelling of this production.<em>How can space be integrated into defence economics? How does space structure the organisation of defence production? And conversely, how does defence production structure space?<\/em><\/p>\n<p>Our work focuses on the case of France, and more specifically on the maintenance or Maintien en Condition Op\u00e9rationnelle (MCO) of defence equipment. In France, according to the Direction G\u00e9n\u00e9rale de l'Armement, MCO costs generally represent between 35 % and 50 % of the overall cost of owning equipment. In 2012, they represented around 15 % of the defence budget. Controlling these costs has been a major challenge since the 1990s. Over the period 2010-2014, these costs will increase by an average of 8.7 %. The aim of good MCO management is to maintain - or improve - the availability of defence equipment while reducing MCO costs. To this end, the spatial organisation of MCO is a key factor from both a static and a dynamic point of view, given the changes in both the format of armed forces and their equipment.<\/p>\n<p>The thesis is organised into four chapters:<\/p>\n<ol>\n<li>The first chapter reviews the literature on the relationship between defence activities and the territories in which they take place.<\/li>\n<li>The second chapter examines the contemporary transformations of French defence in terms of doctrine, budget and the size of the armed forces, in order to identify the geographical consequences of these transformations.<\/li>\n<li>The third chapter looks at the evolution of defence equipment MCO since the end of the Cold War. More specifically, we look at equipment availability, changes in MCO costs and the reforms introduced by public decision-makers to improve MCO.<\/li>\n<li>The fourth chapter looks at the optimal spatial organisation of the MCO.<\/li>\n<\/ol>\n<p>Our modelling shows that space can be an instrument for optimising defence equipment MCO costs. However, it remains a constraint that is difficult to overcome because of the existence of transport costs, but also and above all because of the very nature of defence activities. We therefore model a strategic constraint in the form of an operational social cost. This constraint takes into account the intrinsic specificities of military activities (e.g. availability of equipment, imposed strategic locations). It allows us to highlight and discuss the balance of forces that exists between agglomeration and dispersion in the production of MCO. The contribution of this thesis is to make it possible to integrate the spatial factor into the modelling of defence production. We defend the idea that the organisation of defence production cannot be understood by ignoring space. The optimisation of the defence effort is based on a spatial dimension inherent in the very concept of defence and the territory to be defended. Consequently, research into the optimality of the organisation of defence production can only be carried out within a framework of spatial analysis. This methodology can be applied to other dimensions of defence than MCO and in a multinational framework between two countries, several countries or within an alliance.<\/p>\n<p>&nbsp;<\/p>","protected":false},"excerpt":{"rendered":"<p>Le prix de th\u00e8se d&rsquo;\u00c9conomie de la d\u00e9fense 2015 a \u00e9t\u00e9 remis au cours de la Conf\u00e9rence annuelle organis\u00e9e par la Chaire \u00c9conomie de D\u00e9fense \u00e0 l\u2019Universit\u00e9 Paris 1 Panth\u00e9on-Sorbonne, en partenariat avec la Direction des affaires financi\u00e8res du minist\u00e8re de la D\u00e9fense, intitul\u00e9e \u00ab\u00a0Les industries de d\u00e9fense face aux enjeux internationaux\u00a0\u00bb. Prix de th\u00e8se [&hellip;]<\/p>\n","protected":false},"author":1,"featured_media":895,"comment_status":"open","ping_status":"open","sticky":false,"template":"","format":"standard","meta":{"footnotes":""},"categories":[350],"tags":[],"class_list":{"0":"post-894","1":"post","2":"type-post","3":"status-publish","4":"format-standard","5":"has-post-thumbnail","7":"category-publications"},"yoast_head":"<!-- This site is optimized with the Yoast SEO plugin v27.4 - https:\/\/yoast.com\/product\/yoast-seo-wordpress\/ -->\n<title>Prix d&#039;\u00c9conomie de la d\u00e9fense 2015 : th\u00e8se de Josselin Droff, chercheur du r\u00e9seau de la Chaire - Chaire \u00c9conomie de d\u00e9fense - IHEDN<\/title>\n<meta name=\"robots\" content=\"index, follow, max-snippet:-1, max-image-preview:large, max-video-preview:-1\" \/>\n<link rel=\"canonical\" href=\"https:\/\/ecodef-ihedn.fr\/en\/prix-deconomie-de-la-defense-2015-these-de-josselin-droff-chercheur-du-reseau-de-la-chaire\/\" \/>\n<meta property=\"og:locale\" content=\"en_GB\" \/>\n<meta property=\"og:type\" content=\"article\" \/>\n<meta property=\"og:title\" content=\"Prix d&#039;\u00c9conomie de la d\u00e9fense 2015 : th\u00e8se de Josselin Droff, chercheur du r\u00e9seau de la Chaire - Chaire \u00c9conomie de d\u00e9fense - IHEDN\" \/>\n<meta property=\"og:description\" content=\"Le prix de th\u00e8se d&rsquo;\u00c9conomie de la d\u00e9fense 2015 a \u00e9t\u00e9 remis au cours de la Conf\u00e9rence annuelle organis\u00e9e par la Chaire \u00c9conomie de D\u00e9fense \u00e0 l\u2019Universit\u00e9 Paris 1 Panth\u00e9on-Sorbonne, en partenariat avec la Direction des affaires financi\u00e8res du minist\u00e8re de la D\u00e9fense, intitul\u00e9e \u00ab\u00a0Les industries de d\u00e9fense face aux enjeux internationaux\u00a0\u00bb. Prix de th\u00e8se [&hellip;]\" \/>\n<meta property=\"og:url\" content=\"https:\/\/ecodef-ihedn.fr\/en\/prix-deconomie-de-la-defense-2015-these-de-josselin-droff-chercheur-du-reseau-de-la-chaire\/\" \/>\n<meta property=\"og:site_name\" content=\"Chaire \u00c9conomie de d\u00e9fense - IHEDN\" \/>\n<meta property=\"article:published_time\" content=\"2016-01-20T00:00:00+00:00\" \/>\n<meta property=\"article:modified_time\" content=\"2020-04-09T13:30:53+00:00\" \/>\n<meta property=\"og:image\" content=\"https:\/\/ecodef-ihedn.fr\/wp-content\/uploads\/2020\/04\/prix-ecodef.jpg\" \/>\n\t<meta property=\"og:image:width\" content=\"1000\" \/>\n\t<meta property=\"og:image:height\" content=\"595\" \/>\n\t<meta property=\"og:image:type\" content=\"image\/jpeg\" \/>\n<meta name=\"author\" content=\"dev\" \/>\n<meta name=\"twitter:card\" content=\"summary_large_image\" \/>\n<meta name=\"twitter:creator\" content=\"@Chaire_Ecodef\" \/>\n<meta name=\"twitter:site\" content=\"@Chaire_Ecodef\" \/>\n<meta name=\"twitter:label1\" content=\"Written by\" \/>\n\t<meta name=\"twitter:data1\" content=\"dev\" \/>\n\t<meta name=\"twitter:label2\" content=\"Estimated reading time\" \/>\n\t<meta name=\"twitter:data2\" content=\"5 minutes\" \/>\n<script type=\"application\/ld+json\" class=\"yoast-schema-graph\">{\"@context\":\"https:\\\/\\\/schema.org\",\"@graph\":[{\"@type\":\"Article\",\"@id\":\"https:\\\/\\\/ecodef-ihedn.fr\\\/prix-deconomie-de-la-defense-2015-these-de-josselin-droff-chercheur-du-reseau-de-la-chaire\\\/#article\",\"isPartOf\":{\"@id\":\"https:\\\/\\\/ecodef-ihedn.fr\\\/prix-deconomie-de-la-defense-2015-these-de-josselin-droff-chercheur-du-reseau-de-la-chaire\\\/\"},\"author\":{\"name\":\"dev\",\"@id\":\"https:\\\/\\\/ecodef-ihedn.fr\\\/#\\\/schema\\\/person\\\/7b3f1a2d8fd336e0be2f9ff63ff0ebbc\"},\"headline\":\"Prix d&rsquo;\u00c9conomie de la d\u00e9fense 2015 : th\u00e8se de Josselin Droff, chercheur du r\u00e9seau de la Chaire\",\"datePublished\":\"2016-01-20T00:00:00+00:00\",\"dateModified\":\"2020-04-09T13:30:53+00:00\",\"mainEntityOfPage\":{\"@id\":\"https:\\\/\\\/ecodef-ihedn.fr\\\/prix-deconomie-de-la-defense-2015-these-de-josselin-droff-chercheur-du-reseau-de-la-chaire\\\/\"},\"wordCount\":981,\"commentCount\":2,\"publisher\":{\"@id\":\"https:\\\/\\\/ecodef-ihedn.fr\\\/#organization\"},\"image\":{\"@id\":\"https:\\\/\\\/ecodef-ihedn.fr\\\/prix-deconomie-de-la-defense-2015-these-de-josselin-droff-chercheur-du-reseau-de-la-chaire\\\/#primaryimage\"},\"thumbnailUrl\":\"https:\\\/\\\/ecodef-ihedn.fr\\\/wp-content\\\/uploads\\\/2020\\\/04\\\/prix-ecodef.jpg\",\"articleSection\":[\"Publications\"],\"inLanguage\":\"en-GB\",\"potentialAction\":[{\"@type\":\"CommentAction\",\"name\":\"Comment\",\"target\":[\"https:\\\/\\\/ecodef-ihedn.fr\\\/prix-deconomie-de-la-defense-2015-these-de-josselin-droff-chercheur-du-reseau-de-la-chaire\\\/#respond\"]}]},{\"@type\":\"WebPage\",\"@id\":\"https:\\\/\\\/ecodef-ihedn.fr\\\/prix-deconomie-de-la-defense-2015-these-de-josselin-droff-chercheur-du-reseau-de-la-chaire\\\/\",\"url\":\"https:\\\/\\\/ecodef-ihedn.fr\\\/prix-deconomie-de-la-defense-2015-these-de-josselin-droff-chercheur-du-reseau-de-la-chaire\\\/\",\"name\":\"Prix d'\u00c9conomie de la d\u00e9fense 2015 : th\u00e8se de Josselin Droff, chercheur du r\u00e9seau de la Chaire - Chaire \u00c9conomie de d\u00e9fense - IHEDN\",\"isPartOf\":{\"@id\":\"https:\\\/\\\/ecodef-ihedn.fr\\\/#website\"},\"primaryImageOfPage\":{\"@id\":\"https:\\\/\\\/ecodef-ihedn.fr\\\/prix-deconomie-de-la-defense-2015-these-de-josselin-droff-chercheur-du-reseau-de-la-chaire\\\/#primaryimage\"},\"image\":{\"@id\":\"https:\\\/\\\/ecodef-ihedn.fr\\\/prix-deconomie-de-la-defense-2015-these-de-josselin-droff-chercheur-du-reseau-de-la-chaire\\\/#primaryimage\"},\"thumbnailUrl\":\"https:\\\/\\\/ecodef-ihedn.fr\\\/wp-content\\\/uploads\\\/2020\\\/04\\\/prix-ecodef.jpg\",\"datePublished\":\"2016-01-20T00:00:00+00:00\",\"dateModified\":\"2020-04-09T13:30:53+00:00\",\"breadcrumb\":{\"@id\":\"https:\\\/\\\/ecodef-ihedn.fr\\\/prix-deconomie-de-la-defense-2015-these-de-josselin-droff-chercheur-du-reseau-de-la-chaire\\\/#breadcrumb\"},\"inLanguage\":\"en-GB\",\"potentialAction\":[{\"@type\":\"ReadAction\",\"target\":[\"https:\\\/\\\/ecodef-ihedn.fr\\\/prix-deconomie-de-la-defense-2015-these-de-josselin-droff-chercheur-du-reseau-de-la-chaire\\\/\"]}]},{\"@type\":\"ImageObject\",\"inLanguage\":\"en-GB\",\"@id\":\"https:\\\/\\\/ecodef-ihedn.fr\\\/prix-deconomie-de-la-defense-2015-these-de-josselin-droff-chercheur-du-reseau-de-la-chaire\\\/#primaryimage\",\"url\":\"https:\\\/\\\/ecodef-ihedn.fr\\\/wp-content\\\/uploads\\\/2020\\\/04\\\/prix-ecodef.jpg\",\"contentUrl\":\"https:\\\/\\\/ecodef-ihedn.fr\\\/wp-content\\\/uploads\\\/2020\\\/04\\\/prix-ecodef.jpg\",\"width\":1000,\"height\":595},{\"@type\":\"BreadcrumbList\",\"@id\":\"https:\\\/\\\/ecodef-ihedn.fr\\\/prix-deconomie-de-la-defense-2015-these-de-josselin-droff-chercheur-du-reseau-de-la-chaire\\\/#breadcrumb\",\"itemListElement\":[{\"@type\":\"ListItem\",\"position\":1,\"name\":\"Accueil\",\"item\":\"https:\\\/\\\/ecodef-ihedn.fr\\\/\"},{\"@type\":\"ListItem\",\"position\":2,\"name\":\"Prix d&#8217;\u00c9conomie de la d\u00e9fense 2015 : th\u00e8se de Josselin Droff, chercheur du r\u00e9seau de la Chaire\"}]},{\"@type\":\"WebSite\",\"@id\":\"https:\\\/\\\/ecodef-ihedn.fr\\\/#website\",\"url\":\"https:\\\/\\\/ecodef-ihedn.fr\\\/\",\"name\":\"Chaire \u00c9conomie de D\u00e9fense - IHEDN\",\"description\":\"Produire &amp; soutenir, f\u00e9d\u00e9rer &amp; diffuser, \u00eatre une interface\",\"publisher\":{\"@id\":\"https:\\\/\\\/ecodef-ihedn.fr\\\/#organization\"},\"potentialAction\":[{\"@type\":\"SearchAction\",\"target\":{\"@type\":\"EntryPoint\",\"urlTemplate\":\"https:\\\/\\\/ecodef-ihedn.fr\\\/?s={search_term_string}\"},\"query-input\":{\"@type\":\"PropertyValueSpecification\",\"valueRequired\":true,\"valueName\":\"search_term_string\"}}],\"inLanguage\":\"en-GB\"},{\"@type\":\"Organization\",\"@id\":\"https:\\\/\\\/ecodef-ihedn.fr\\\/#organization\",\"name\":\"Chaire \u00c9conomie de d\u00e9fense - IHEDN\",\"url\":\"https:\\\/\\\/ecodef-ihedn.fr\\\/\",\"logo\":{\"@type\":\"ImageObject\",\"inLanguage\":\"en-GB\",\"@id\":\"https:\\\/\\\/ecodef-ihedn.fr\\\/#\\\/schema\\\/logo\\\/image\\\/\",\"url\":\"https:\\\/\\\/ecodef-ihedn.fr\\\/wp-content\\\/uploads\\\/2020\\\/04\\\/logoEcodef9.jpg\",\"contentUrl\":\"https:\\\/\\\/ecodef-ihedn.fr\\\/wp-content\\\/uploads\\\/2020\\\/04\\\/logoEcodef9.jpg\",\"width\":410,\"height\":212,\"caption\":\"Chaire \u00c9conomie de d\u00e9fense - IHEDN\"},\"image\":{\"@id\":\"https:\\\/\\\/ecodef-ihedn.fr\\\/#\\\/schema\\\/logo\\\/image\\\/\"},\"sameAs\":[\"https:\\\/\\\/x.com\\\/Chaire_Ecodef\",\"https:\\\/\\\/www.linkedin.com\\\/company\\\/chaire-ecodef-ihedn\\\/\"]},{\"@type\":\"Person\",\"@id\":\"https:\\\/\\\/ecodef-ihedn.fr\\\/#\\\/schema\\\/person\\\/7b3f1a2d8fd336e0be2f9ff63ff0ebbc\",\"name\":\"dev\",\"image\":{\"@type\":\"ImageObject\",\"inLanguage\":\"en-GB\",\"@id\":\"https:\\\/\\\/secure.gravatar.com\\\/avatar\\\/f1ffcac9ca2fa95ad3ec33e9be3ade82f752acb0cabe541e56c5889225afa88a?s=96&d=mm&r=g\",\"url\":\"https:\\\/\\\/secure.gravatar.com\\\/avatar\\\/f1ffcac9ca2fa95ad3ec33e9be3ade82f752acb0cabe541e56c5889225afa88a?s=96&d=mm&r=g\",\"contentUrl\":\"https:\\\/\\\/secure.gravatar.com\\\/avatar\\\/f1ffcac9ca2fa95ad3ec33e9be3ade82f752acb0cabe541e56c5889225afa88a?s=96&d=mm&r=g\",\"caption\":\"dev\"},\"url\":\"https:\\\/\\\/ecodef-ihedn.fr\\\/en\\\/author\\\/dev\\\/\"}]}<\/script>\n<!-- \/ Yoast SEO plugin. -->","yoast_head_json":{"title":"Prix d'\u00c9conomie de la d\u00e9fense 2015 : th\u00e8se de Josselin Droff, chercheur du r\u00e9seau de la Chaire - Chaire \u00c9conomie de d\u00e9fense - IHEDN","robots":{"index":"index","follow":"follow","max-snippet":"max-snippet:-1","max-image-preview":"max-image-preview:large","max-video-preview":"max-video-preview:-1"},"canonical":"https:\/\/ecodef-ihedn.fr\/en\/prix-deconomie-de-la-defense-2015-these-de-josselin-droff-chercheur-du-reseau-de-la-chaire\/","og_locale":"en_GB","og_type":"article","og_title":"Prix d'\u00c9conomie de la d\u00e9fense 2015 : th\u00e8se de Josselin Droff, chercheur du r\u00e9seau de la Chaire - Chaire \u00c9conomie de d\u00e9fense - IHEDN","og_description":"Le prix de th\u00e8se d&rsquo;\u00c9conomie de la d\u00e9fense 2015 a \u00e9t\u00e9 remis au cours de la Conf\u00e9rence annuelle organis\u00e9e par la Chaire \u00c9conomie de D\u00e9fense \u00e0 l\u2019Universit\u00e9 Paris 1 Panth\u00e9on-Sorbonne, en partenariat avec la Direction des affaires financi\u00e8res du minist\u00e8re de la D\u00e9fense, intitul\u00e9e \u00ab\u00a0Les industries de d\u00e9fense face aux enjeux internationaux\u00a0\u00bb. Prix de th\u00e8se [&hellip;]","og_url":"https:\/\/ecodef-ihedn.fr\/en\/prix-deconomie-de-la-defense-2015-these-de-josselin-droff-chercheur-du-reseau-de-la-chaire\/","og_site_name":"Chaire \u00c9conomie de d\u00e9fense - IHEDN","article_published_time":"2016-01-20T00:00:00+00:00","article_modified_time":"2020-04-09T13:30:53+00:00","og_image":[{"width":1000,"height":595,"url":"https:\/\/ecodef-ihedn.fr\/wp-content\/uploads\/2020\/04\/prix-ecodef.jpg","type":"image\/jpeg"}],"author":"dev","twitter_card":"summary_large_image","twitter_creator":"@Chaire_Ecodef","twitter_site":"@Chaire_Ecodef","twitter_misc":{"Written by":"dev","Estimated reading time":"5 minutes"},"schema":{"@context":"https:\/\/schema.org","@graph":[{"@type":"Article","@id":"https:\/\/ecodef-ihedn.fr\/prix-deconomie-de-la-defense-2015-these-de-josselin-droff-chercheur-du-reseau-de-la-chaire\/#article","isPartOf":{"@id":"https:\/\/ecodef-ihedn.fr\/prix-deconomie-de-la-defense-2015-these-de-josselin-droff-chercheur-du-reseau-de-la-chaire\/"},"author":{"name":"dev","@id":"https:\/\/ecodef-ihedn.fr\/#\/schema\/person\/7b3f1a2d8fd336e0be2f9ff63ff0ebbc"},"headline":"Prix d&rsquo;\u00c9conomie de la d\u00e9fense 2015 : th\u00e8se de Josselin Droff, chercheur du r\u00e9seau de la Chaire","datePublished":"2016-01-20T00:00:00+00:00","dateModified":"2020-04-09T13:30:53+00:00","mainEntityOfPage":{"@id":"https:\/\/ecodef-ihedn.fr\/prix-deconomie-de-la-defense-2015-these-de-josselin-droff-chercheur-du-reseau-de-la-chaire\/"},"wordCount":981,"commentCount":2,"publisher":{"@id":"https:\/\/ecodef-ihedn.fr\/#organization"},"image":{"@id":"https:\/\/ecodef-ihedn.fr\/prix-deconomie-de-la-defense-2015-these-de-josselin-droff-chercheur-du-reseau-de-la-chaire\/#primaryimage"},"thumbnailUrl":"https:\/\/ecodef-ihedn.fr\/wp-content\/uploads\/2020\/04\/prix-ecodef.jpg","articleSection":["Publications"],"inLanguage":"en-GB","potentialAction":[{"@type":"CommentAction","name":"Comment","target":["https:\/\/ecodef-ihedn.fr\/prix-deconomie-de-la-defense-2015-these-de-josselin-droff-chercheur-du-reseau-de-la-chaire\/#respond"]}]},{"@type":"WebPage","@id":"https:\/\/ecodef-ihedn.fr\/prix-deconomie-de-la-defense-2015-these-de-josselin-droff-chercheur-du-reseau-de-la-chaire\/","url":"https:\/\/ecodef-ihedn.fr\/prix-deconomie-de-la-defense-2015-these-de-josselin-droff-chercheur-du-reseau-de-la-chaire\/","name":"Prix d'\u00c9conomie de la d\u00e9fense 2015 : th\u00e8se de Josselin Droff, chercheur du r\u00e9seau de la Chaire - Chaire \u00c9conomie de d\u00e9fense - IHEDN","isPartOf":{"@id":"https:\/\/ecodef-ihedn.fr\/#website"},"primaryImageOfPage":{"@id":"https:\/\/ecodef-ihedn.fr\/prix-deconomie-de-la-defense-2015-these-de-josselin-droff-chercheur-du-reseau-de-la-chaire\/#primaryimage"},"image":{"@id":"https:\/\/ecodef-ihedn.fr\/prix-deconomie-de-la-defense-2015-these-de-josselin-droff-chercheur-du-reseau-de-la-chaire\/#primaryimage"},"thumbnailUrl":"https:\/\/ecodef-ihedn.fr\/wp-content\/uploads\/2020\/04\/prix-ecodef.jpg","datePublished":"2016-01-20T00:00:00+00:00","dateModified":"2020-04-09T13:30:53+00:00","breadcrumb":{"@id":"https:\/\/ecodef-ihedn.fr\/prix-deconomie-de-la-defense-2015-these-de-josselin-droff-chercheur-du-reseau-de-la-chaire\/#breadcrumb"},"inLanguage":"en-GB","potentialAction":[{"@type":"ReadAction","target":["https:\/\/ecodef-ihedn.fr\/prix-deconomie-de-la-defense-2015-these-de-josselin-droff-chercheur-du-reseau-de-la-chaire\/"]}]},{"@type":"ImageObject","inLanguage":"en-GB","@id":"https:\/\/ecodef-ihedn.fr\/prix-deconomie-de-la-defense-2015-these-de-josselin-droff-chercheur-du-reseau-de-la-chaire\/#primaryimage","url":"https:\/\/ecodef-ihedn.fr\/wp-content\/uploads\/2020\/04\/prix-ecodef.jpg","contentUrl":"https:\/\/ecodef-ihedn.fr\/wp-content\/uploads\/2020\/04\/prix-ecodef.jpg","width":1000,"height":595},{"@type":"BreadcrumbList","@id":"https:\/\/ecodef-ihedn.fr\/prix-deconomie-de-la-defense-2015-these-de-josselin-droff-chercheur-du-reseau-de-la-chaire\/#breadcrumb","itemListElement":[{"@type":"ListItem","position":1,"name":"Accueil","item":"https:\/\/ecodef-ihedn.fr\/"},{"@type":"ListItem","position":2,"name":"Prix d&#8217;\u00c9conomie de la d\u00e9fense 2015 : th\u00e8se de Josselin Droff, chercheur du r\u00e9seau de la Chaire"}]},{"@type":"WebSite","@id":"https:\/\/ecodef-ihedn.fr\/#website","url":"https:\/\/ecodef-ihedn.fr\/","name":"Chair in Defence Economics - IHEDN","description":"Produce &amp; support, federate &amp; disseminate, act as an interface","publisher":{"@id":"https:\/\/ecodef-ihedn.fr\/#organization"},"potentialAction":[{"@type":"SearchAction","target":{"@type":"EntryPoint","urlTemplate":"https:\/\/ecodef-ihedn.fr\/?s={search_term_string}"},"query-input":{"@type":"PropertyValueSpecification","valueRequired":true,"valueName":"search_term_string"}}],"inLanguage":"en-GB"},{"@type":"Organization","@id":"https:\/\/ecodef-ihedn.fr\/#organization","name":"Chair in Defence Economics - IHEDN","url":"https:\/\/ecodef-ihedn.fr\/","logo":{"@type":"ImageObject","inLanguage":"en-GB","@id":"https:\/\/ecodef-ihedn.fr\/#\/schema\/logo\/image\/","url":"https:\/\/ecodef-ihedn.fr\/wp-content\/uploads\/2020\/04\/logoEcodef9.jpg","contentUrl":"https:\/\/ecodef-ihedn.fr\/wp-content\/uploads\/2020\/04\/logoEcodef9.jpg","width":410,"height":212,"caption":"Chaire \u00c9conomie de d\u00e9fense - IHEDN"},"image":{"@id":"https:\/\/ecodef-ihedn.fr\/#\/schema\/logo\/image\/"},"sameAs":["https:\/\/x.com\/Chaire_Ecodef","https:\/\/www.linkedin.com\/company\/chaire-ecodef-ihedn\/"]},{"@type":"Person","@id":"https:\/\/ecodef-ihedn.fr\/#\/schema\/person\/7b3f1a2d8fd336e0be2f9ff63ff0ebbc","name":"dev","image":{"@type":"ImageObject","inLanguage":"en-GB","@id":"https:\/\/secure.gravatar.com\/avatar\/f1ffcac9ca2fa95ad3ec33e9be3ade82f752acb0cabe541e56c5889225afa88a?s=96&d=mm&r=g","url":"https:\/\/secure.gravatar.com\/avatar\/f1ffcac9ca2fa95ad3ec33e9be3ade82f752acb0cabe541e56c5889225afa88a?s=96&d=mm&r=g","contentUrl":"https:\/\/secure.gravatar.com\/avatar\/f1ffcac9ca2fa95ad3ec33e9be3ade82f752acb0cabe541e56c5889225afa88a?s=96&d=mm&r=g","caption":"dev"},"url":"https:\/\/ecodef-ihedn.fr\/en\/author\/dev\/"}]}},"_links":{"self":[{"href":"https:\/\/ecodef-ihedn.fr\/en\/wp-json\/wp\/v2\/posts\/894","targetHints":{"allow":["GET"]}}],"collection":[{"href":"https:\/\/ecodef-ihedn.fr\/en\/wp-json\/wp\/v2\/posts"}],"about":[{"href":"https:\/\/ecodef-ihedn.fr\/en\/wp-json\/wp\/v2\/types\/post"}],"author":[{"embeddable":true,"href":"https:\/\/ecodef-ihedn.fr\/en\/wp-json\/wp\/v2\/users\/1"}],"replies":[{"embeddable":true,"href":"https:\/\/ecodef-ihedn.fr\/en\/wp-json\/wp\/v2\/comments?post=894"}],"version-history":[{"count":2,"href":"https:\/\/ecodef-ihedn.fr\/en\/wp-json\/wp\/v2\/posts\/894\/revisions"}],"predecessor-version":[{"id":1594,"href":"https:\/\/ecodef-ihedn.fr\/en\/wp-json\/wp\/v2\/posts\/894\/revisions\/1594"}],"wp:featuredmedia":[{"embeddable":true,"href":"https:\/\/ecodef-ihedn.fr\/en\/wp-json\/wp\/v2\/media\/895"}],"wp:attachment":[{"href":"https:\/\/ecodef-ihedn.fr\/en\/wp-json\/wp\/v2\/media?parent=894"}],"wp:term":[{"taxonomy":"category","embeddable":true,"href":"https:\/\/ecodef-ihedn.fr\/en\/wp-json\/wp\/v2\/categories?post=894"},{"taxonomy":"post_tag","embeddable":true,"href":"https:\/\/ecodef-ihedn.fr\/en\/wp-json\/wp\/v2\/tags?post=894"}],"curies":[{"name":"wp","href":"https:\/\/api.w.org\/{rel}","templated":true}]}}