{"id":897,"date":"2016-01-22T00:00:00","date_gmt":"2016-01-22T00:00:00","guid":{"rendered":"https:\/\/ecodef-ihedn.fr\/participation-de-mehrdad-vahabi-aux-prochains-entretiens-armement-et-securite-2016\/"},"modified":"2020-04-09T13:29:38","modified_gmt":"2020-04-09T13:29:38","slug":"participation-de-mehrdad-vahabi-aux-prochains-entretiens-armement-et-securite-2016","status":"publish","type":"post","link":"https:\/\/ecodef-ihedn.fr\/en\/participation-de-mehrdad-vahabi-aux-prochains-entretiens-armement-et-securite-2016\/","title":{"rendered":"Mehrdad Vahabi to take part in the next Entretiens armement et s\u00e9curit\u00e9 2016 (Armaments and Security Talks 2016)"},"content":{"rendered":"<p>Mehrdad Vahabi, Ma\u00eetre de Conf\u00e9rences-HDR at the University of Paris VIII and researcher in the Chaire \u00c9conomie de D\u00e9fense network, will be taking part in the next :<\/p>\n<h3 style=\"text-align: center;\"><a href=\"http:\/\/www.union-ihedn.org\/2016\/02\/02\/aachear-jeudi-7-avril-2016-ecole-militaire-entretiens-armement-et-securite\/\" target=\"_blank\" rel=\"noopener noreferrer\">\u00abArmaments and Security Talks 2016<\/a><\/h3>\n<p style=\"text-align: left;\">Organised by the Association des auditeurs et cadres des hautes \u00e9tudes de l'armement (AACHEAr) in partnership with <a href=\"http:\/\/www.ihedn.fr\/\">IHEDN<\/a>, on Thursday 7 April at the \u00c9cole Militaire.<\/p>\n<p>These talks will provide an ideal opportunity to open the debate on the themes of \u00abDefence, armaments and new power relations\u00bb.<\/p>\n<p>The debates will focus on <strong>three round tables<\/strong> :<\/p>\n<ol>\n<li>The evolution of power ratios<\/li>\n<li>Technology and weaponry: new challenges<\/li>\n<li>Security weapons in the face of Islamist terrorism<\/li>\n<\/ol>\n<p><a href=\"https:\/\/ecodef-ihedn.fr\/wp-content\/uploads\/2020\/04\/Entretiens-armement-et-s\u00e9curit\u00e9.jpg\" rel=\"attachment wp-att-5130\"><img loading=\"lazy\" decoding=\"async\" class=\"size-full wp-image-5130 aligncenter\" src=\"https:\/\/ecodef-ihedn.fr\/wp-content\/uploads\/2020\/04\/Entretiens-armement-et-s\u00e9curit\u00e9.jpg\" alt=\"Entretiens armement et s\u00e9curit\u00e9\" width=\"646\" height=\"777\" \/><\/a><\/p>\n<p>Further information and registration <em>coming soon<\/em> at http:\/\/aachearr.fr\/<\/p>\n<p>&nbsp;<\/p>\n<p>Merhdad Vahabi has just published a book with Cambridge University Press:<\/p>\n<h3 style=\"text-align: center;\"><a href=\"http:\/\/www.cambridge.org\/ar\/academic\/subjects\/economics\/macroeconomics-and-monetary-economics\/political-economy-predation-manhunting-and-economics-escape?format=HB)\">The Political Economy of Predation, Manhunting and the Economics of Escape<\/a><\/h3>\n<h4>Abstract<\/h4>\n<ul class=\"tabs-content\">\n<li id=\"descriptionTab\" class=\"active\">Still in early stages of development, conflict theory presents a growing interest in understanding the economic costs and benefits of conflicts. In this book, Mehrdad Vahabi analyses one type of conflict in particular: manhunting, or predation, in which a dominant power hunts down its prey and the goal of the prey is to escape and thus survive. This contrasts with traditional warfare, in which two (or more) powers enter into a conflict and the goal is to fight to win domination. The economics of escape casts light on costs and benefits of predatory activities, and explores the impact of violence as an impediment to developing countries with respect to assets structure. This book is unprecedented in its research and thought and develops a new theory of predation in economics that makes a significant contribution to the field.\n<div class=\"contentHidden\">\n<ul class=\"academicArrowList\">\n<li>Analyses conflict theory through one particular type of conflict: manhunting, or predation<\/li>\n<li>Documents the empirical details of manhunting, the US invasion of Iraq, drone military strikes, and the political economy of the Islamic Republic of Iran<\/li>\n<li>Proposes a theoretical framework that applies to many economic and political facts<\/li>\n<\/ul>\n<\/div>\n<\/li>\n<\/ul>\n<h4><a href=\"https:\/\/ecodef-ihedn.fr\/wp-content\/uploads\/2020\/04\/livre-merhdad.jpg.png\" rel=\"attachment wp-att-5132\"><img loading=\"lazy\" decoding=\"async\" class=\"size-full wp-image-5132 alignleft\" src=\"https:\/\/ecodef-ihedn.fr\/wp-content\/uploads\/2020\/04\/livre-merhdad.jpg.png\" alt=\"livre merhdad.jpg\" width=\"314\" height=\"499\" \/><\/a><\/h4>\n<h4>Content<\/h4>\n<p>1. Introduction<br \/>\n2. The meaning of predation<br \/>\n3. Domination, manhunting and conflictual costs and benefits<br \/>\n4. Rational conflict theory, paradox of war and strategic manhunting<br \/>\n5. Appropriation, violent enforcement and transaction costs<br \/>\n6. Appropriation, the state space and the economics of escape<br \/>\n7. Predatory nature of the state and democracy<br \/>\nEpilogue.<\/p>","protected":false},"excerpt":{"rendered":"<p>Mehrdad Vahabi, Ma\u00eetre de Conf\u00e9rences-HDR \u00e0 l&rsquo;Universit\u00e9 de Paris VIII et chercheur du r\u00e9seau de la Chaire \u00c9conomie de D\u00e9fense participera aux prochains : \u00ab\u00a0Entretiens armement et s\u00e9curit\u00e9\u00a0\u00bb 2016 Organis\u00e9s par l\u2019Association des auditeurs et cadres des hautes \u00e9tudes de l\u2019armement (AACHEAr) en partenariat avec l\u2019IHEDN, le jeudi 7 avril prochain, \u00e0 l&rsquo;\u00c9cole Militaire. Ces [&hellip;]<\/p>\n","protected":false},"author":1,"featured_media":898,"comment_status":"open","ping_status":"open","sticky":false,"template":"","format":"standard","meta":{"footnotes":""},"categories":[356],"tags":[],"class_list":{"0":"post-897","1":"post","2":"type-post","3":"status-publish","4":"format-standard","5":"has-post-thumbnail","7":"category-activites-participation-de-la-chaire-a-un-evenement"},"yoast_head":"<!-- This site is optimized with the Yoast SEO plugin v27.4 - https:\/\/yoast.com\/product\/yoast-seo-wordpress\/ -->\n<title>Participation de Mehrdad Vahabi aux prochains Entretiens armement et s\u00e9curit\u00e9 2016 - Chaire \u00c9conomie de d\u00e9fense - IHEDN<\/title>\n<meta name=\"robots\" content=\"index, follow, max-snippet:-1, max-image-preview:large, max-video-preview:-1\" \/>\n<link rel=\"canonical\" href=\"https:\/\/ecodef-ihedn.fr\/en\/participation-de-mehrdad-vahabi-aux-prochains-entretiens-armement-et-securite-2016\/\" \/>\n<meta property=\"og:locale\" content=\"en_GB\" \/>\n<meta property=\"og:type\" content=\"article\" \/>\n<meta property=\"og:title\" content=\"Participation de Mehrdad Vahabi aux prochains Entretiens armement et s\u00e9curit\u00e9 2016 - Chaire \u00c9conomie de d\u00e9fense - IHEDN\" \/>\n<meta property=\"og:description\" content=\"Mehrdad Vahabi, Ma\u00eetre de Conf\u00e9rences-HDR \u00e0 l&rsquo;Universit\u00e9 de Paris VIII et chercheur du r\u00e9seau de la Chaire \u00c9conomie de D\u00e9fense participera aux prochains : \u00ab\u00a0Entretiens armement et s\u00e9curit\u00e9\u00a0\u00bb 2016 Organis\u00e9s par l\u2019Association des auditeurs et cadres des hautes \u00e9tudes de l\u2019armement (AACHEAr) en partenariat avec l\u2019IHEDN, le jeudi 7 avril prochain, \u00e0 l&rsquo;\u00c9cole Militaire. Ces [&hellip;]\" \/>\n<meta property=\"og:url\" content=\"https:\/\/ecodef-ihedn.fr\/en\/participation-de-mehrdad-vahabi-aux-prochains-entretiens-armement-et-securite-2016\/\" \/>\n<meta property=\"og:site_name\" content=\"Chaire \u00c9conomie de d\u00e9fense - IHEDN\" \/>\n<meta property=\"article:published_time\" content=\"2016-01-22T00:00:00+00:00\" \/>\n<meta property=\"article:modified_time\" content=\"2020-04-09T13:29:38+00:00\" \/>\n<meta property=\"og:image\" content=\"https:\/\/ecodef-ihedn.fr\/wp-content\/uploads\/2020\/04\/Entretiens-armement-et-s\u00e9curit\u00e9.jpg\" \/>\n\t<meta property=\"og:image:width\" content=\"646\" \/>\n\t<meta property=\"og:image:height\" content=\"777\" \/>\n\t<meta property=\"og:image:type\" content=\"image\/jpeg\" \/>\n<meta name=\"author\" content=\"dev\" \/>\n<meta name=\"twitter:card\" content=\"summary_large_image\" \/>\n<meta name=\"twitter:creator\" content=\"@Chaire_Ecodef\" \/>\n<meta name=\"twitter:site\" content=\"@Chaire_Ecodef\" \/>\n<meta name=\"twitter:label1\" content=\"Written by\" \/>\n\t<meta name=\"twitter:data1\" content=\"dev\" \/>\n\t<meta name=\"twitter:label2\" content=\"Estimated reading time\" \/>\n\t<meta name=\"twitter:data2\" content=\"2 minutes\" \/>\n<script type=\"application\/ld+json\" class=\"yoast-schema-graph\">{\"@context\":\"https:\\\/\\\/schema.org\",\"@graph\":[{\"@type\":\"Article\",\"@id\":\"https:\\\/\\\/ecodef-ihedn.fr\\\/participation-de-mehrdad-vahabi-aux-prochains-entretiens-armement-et-securite-2016\\\/#article\",\"isPartOf\":{\"@id\":\"https:\\\/\\\/ecodef-ihedn.fr\\\/participation-de-mehrdad-vahabi-aux-prochains-entretiens-armement-et-securite-2016\\\/\"},\"author\":{\"name\":\"dev\",\"@id\":\"https:\\\/\\\/ecodef-ihedn.fr\\\/#\\\/schema\\\/person\\\/7b3f1a2d8fd336e0be2f9ff63ff0ebbc\"},\"headline\":\"Participation de Mehrdad Vahabi aux prochains Entretiens armement et s\u00e9curit\u00e9 2016\",\"datePublished\":\"2016-01-22T00:00:00+00:00\",\"dateModified\":\"2020-04-09T13:29:38+00:00\",\"mainEntityOfPage\":{\"@id\":\"https:\\\/\\\/ecodef-ihedn.fr\\\/participation-de-mehrdad-vahabi-aux-prochains-entretiens-armement-et-securite-2016\\\/\"},\"wordCount\":397,\"commentCount\":0,\"publisher\":{\"@id\":\"https:\\\/\\\/ecodef-ihedn.fr\\\/#organization\"},\"image\":{\"@id\":\"https:\\\/\\\/ecodef-ihedn.fr\\\/participation-de-mehrdad-vahabi-aux-prochains-entretiens-armement-et-securite-2016\\\/#primaryimage\"},\"thumbnailUrl\":\"https:\\\/\\\/ecodef-ihedn.fr\\\/wp-content\\\/uploads\\\/2020\\\/04\\\/Entretiens-armement-et-s\u00e9curit\u00e9.jpg\",\"articleSection\":[\"Activit\u00e9s : participation de la Chaire \u00e0 un \u00e9v\u00e9nement\"],\"inLanguage\":\"en-GB\",\"potentialAction\":[{\"@type\":\"CommentAction\",\"name\":\"Comment\",\"target\":[\"https:\\\/\\\/ecodef-ihedn.fr\\\/participation-de-mehrdad-vahabi-aux-prochains-entretiens-armement-et-securite-2016\\\/#respond\"]}]},{\"@type\":\"WebPage\",\"@id\":\"https:\\\/\\\/ecodef-ihedn.fr\\\/participation-de-mehrdad-vahabi-aux-prochains-entretiens-armement-et-securite-2016\\\/\",\"url\":\"https:\\\/\\\/ecodef-ihedn.fr\\\/participation-de-mehrdad-vahabi-aux-prochains-entretiens-armement-et-securite-2016\\\/\",\"name\":\"Participation de Mehrdad Vahabi aux prochains Entretiens armement et s\u00e9curit\u00e9 2016 - Chaire \u00c9conomie de d\u00e9fense - IHEDN\",\"isPartOf\":{\"@id\":\"https:\\\/\\\/ecodef-ihedn.fr\\\/#website\"},\"primaryImageOfPage\":{\"@id\":\"https:\\\/\\\/ecodef-ihedn.fr\\\/participation-de-mehrdad-vahabi-aux-prochains-entretiens-armement-et-securite-2016\\\/#primaryimage\"},\"image\":{\"@id\":\"https:\\\/\\\/ecodef-ihedn.fr\\\/participation-de-mehrdad-vahabi-aux-prochains-entretiens-armement-et-securite-2016\\\/#primaryimage\"},\"thumbnailUrl\":\"https:\\\/\\\/ecodef-ihedn.fr\\\/wp-content\\\/uploads\\\/2020\\\/04\\\/Entretiens-armement-et-s\u00e9curit\u00e9.jpg\",\"datePublished\":\"2016-01-22T00:00:00+00:00\",\"dateModified\":\"2020-04-09T13:29:38+00:00\",\"breadcrumb\":{\"@id\":\"https:\\\/\\\/ecodef-ihedn.fr\\\/participation-de-mehrdad-vahabi-aux-prochains-entretiens-armement-et-securite-2016\\\/#breadcrumb\"},\"inLanguage\":\"en-GB\",\"potentialAction\":[{\"@type\":\"ReadAction\",\"target\":[\"https:\\\/\\\/ecodef-ihedn.fr\\\/participation-de-mehrdad-vahabi-aux-prochains-entretiens-armement-et-securite-2016\\\/\"]}]},{\"@type\":\"ImageObject\",\"inLanguage\":\"en-GB\",\"@id\":\"https:\\\/\\\/ecodef-ihedn.fr\\\/participation-de-mehrdad-vahabi-aux-prochains-entretiens-armement-et-securite-2016\\\/#primaryimage\",\"url\":\"https:\\\/\\\/ecodef-ihedn.fr\\\/wp-content\\\/uploads\\\/2020\\\/04\\\/Entretiens-armement-et-s\u00e9curit\u00e9.jpg\",\"contentUrl\":\"https:\\\/\\\/ecodef-ihedn.fr\\\/wp-content\\\/uploads\\\/2020\\\/04\\\/Entretiens-armement-et-s\u00e9curit\u00e9.jpg\",\"width\":646,\"height\":777},{\"@type\":\"BreadcrumbList\",\"@id\":\"https:\\\/\\\/ecodef-ihedn.fr\\\/participation-de-mehrdad-vahabi-aux-prochains-entretiens-armement-et-securite-2016\\\/#breadcrumb\",\"itemListElement\":[{\"@type\":\"ListItem\",\"position\":1,\"name\":\"Accueil\",\"item\":\"https:\\\/\\\/ecodef-ihedn.fr\\\/\"},{\"@type\":\"ListItem\",\"position\":2,\"name\":\"Participation de Mehrdad Vahabi aux prochains Entretiens armement et s\u00e9curit\u00e9 2016\"}]},{\"@type\":\"WebSite\",\"@id\":\"https:\\\/\\\/ecodef-ihedn.fr\\\/#website\",\"url\":\"https:\\\/\\\/ecodef-ihedn.fr\\\/\",\"name\":\"Chaire \u00c9conomie de D\u00e9fense - IHEDN\",\"description\":\"Produire &amp; soutenir, f\u00e9d\u00e9rer &amp; diffuser, \u00eatre une interface\",\"publisher\":{\"@id\":\"https:\\\/\\\/ecodef-ihedn.fr\\\/#organization\"},\"potentialAction\":[{\"@type\":\"SearchAction\",\"target\":{\"@type\":\"EntryPoint\",\"urlTemplate\":\"https:\\\/\\\/ecodef-ihedn.fr\\\/?s={search_term_string}\"},\"query-input\":{\"@type\":\"PropertyValueSpecification\",\"valueRequired\":true,\"valueName\":\"search_term_string\"}}],\"inLanguage\":\"en-GB\"},{\"@type\":\"Organization\",\"@id\":\"https:\\\/\\\/ecodef-ihedn.fr\\\/#organization\",\"name\":\"Chaire \u00c9conomie de d\u00e9fense - IHEDN\",\"url\":\"https:\\\/\\\/ecodef-ihedn.fr\\\/\",\"logo\":{\"@type\":\"ImageObject\",\"inLanguage\":\"en-GB\",\"@id\":\"https:\\\/\\\/ecodef-ihedn.fr\\\/#\\\/schema\\\/logo\\\/image\\\/\",\"url\":\"https:\\\/\\\/ecodef-ihedn.fr\\\/wp-content\\\/uploads\\\/2020\\\/04\\\/logoEcodef9.jpg\",\"contentUrl\":\"https:\\\/\\\/ecodef-ihedn.fr\\\/wp-content\\\/uploads\\\/2020\\\/04\\\/logoEcodef9.jpg\",\"width\":410,\"height\":212,\"caption\":\"Chaire \u00c9conomie de d\u00e9fense - IHEDN\"},\"image\":{\"@id\":\"https:\\\/\\\/ecodef-ihedn.fr\\\/#\\\/schema\\\/logo\\\/image\\\/\"},\"sameAs\":[\"https:\\\/\\\/x.com\\\/Chaire_Ecodef\",\"https:\\\/\\\/www.linkedin.com\\\/company\\\/chaire-ecodef-ihedn\\\/\"]},{\"@type\":\"Person\",\"@id\":\"https:\\\/\\\/ecodef-ihedn.fr\\\/#\\\/schema\\\/person\\\/7b3f1a2d8fd336e0be2f9ff63ff0ebbc\",\"name\":\"dev\",\"image\":{\"@type\":\"ImageObject\",\"inLanguage\":\"en-GB\",\"@id\":\"https:\\\/\\\/secure.gravatar.com\\\/avatar\\\/f1ffcac9ca2fa95ad3ec33e9be3ade82f752acb0cabe541e56c5889225afa88a?s=96&d=mm&r=g\",\"url\":\"https:\\\/\\\/secure.gravatar.com\\\/avatar\\\/f1ffcac9ca2fa95ad3ec33e9be3ade82f752acb0cabe541e56c5889225afa88a?s=96&d=mm&r=g\",\"contentUrl\":\"https:\\\/\\\/secure.gravatar.com\\\/avatar\\\/f1ffcac9ca2fa95ad3ec33e9be3ade82f752acb0cabe541e56c5889225afa88a?s=96&d=mm&r=g\",\"caption\":\"dev\"},\"url\":\"https:\\\/\\\/ecodef-ihedn.fr\\\/en\\\/author\\\/dev\\\/\"}]}<\/script>\n<!-- \/ Yoast SEO plugin. -->","yoast_head_json":{"title":"Participation de Mehrdad Vahabi aux prochains Entretiens armement et s\u00e9curit\u00e9 2016 - Chaire \u00c9conomie de d\u00e9fense - IHEDN","robots":{"index":"index","follow":"follow","max-snippet":"max-snippet:-1","max-image-preview":"max-image-preview:large","max-video-preview":"max-video-preview:-1"},"canonical":"https:\/\/ecodef-ihedn.fr\/en\/participation-de-mehrdad-vahabi-aux-prochains-entretiens-armement-et-securite-2016\/","og_locale":"en_GB","og_type":"article","og_title":"Participation de Mehrdad Vahabi aux prochains Entretiens armement et s\u00e9curit\u00e9 2016 - Chaire \u00c9conomie de d\u00e9fense - IHEDN","og_description":"Mehrdad Vahabi, Ma\u00eetre de Conf\u00e9rences-HDR \u00e0 l&rsquo;Universit\u00e9 de Paris VIII et chercheur du r\u00e9seau de la Chaire \u00c9conomie de D\u00e9fense participera aux prochains : \u00ab\u00a0Entretiens armement et s\u00e9curit\u00e9\u00a0\u00bb 2016 Organis\u00e9s par l\u2019Association des auditeurs et cadres des hautes \u00e9tudes de l\u2019armement (AACHEAr) en partenariat avec l\u2019IHEDN, le jeudi 7 avril prochain, \u00e0 l&rsquo;\u00c9cole Militaire. Ces [&hellip;]","og_url":"https:\/\/ecodef-ihedn.fr\/en\/participation-de-mehrdad-vahabi-aux-prochains-entretiens-armement-et-securite-2016\/","og_site_name":"Chaire \u00c9conomie de d\u00e9fense - IHEDN","article_published_time":"2016-01-22T00:00:00+00:00","article_modified_time":"2020-04-09T13:29:38+00:00","og_image":[{"width":646,"height":777,"url":"https:\/\/ecodef-ihedn.fr\/wp-content\/uploads\/2020\/04\/Entretiens-armement-et-s\u00e9curit\u00e9.jpg","type":"image\/jpeg"}],"author":"dev","twitter_card":"summary_large_image","twitter_creator":"@Chaire_Ecodef","twitter_site":"@Chaire_Ecodef","twitter_misc":{"Written by":"dev","Estimated reading time":"2 minutes"},"schema":{"@context":"https:\/\/schema.org","@graph":[{"@type":"Article","@id":"https:\/\/ecodef-ihedn.fr\/participation-de-mehrdad-vahabi-aux-prochains-entretiens-armement-et-securite-2016\/#article","isPartOf":{"@id":"https:\/\/ecodef-ihedn.fr\/participation-de-mehrdad-vahabi-aux-prochains-entretiens-armement-et-securite-2016\/"},"author":{"name":"dev","@id":"https:\/\/ecodef-ihedn.fr\/#\/schema\/person\/7b3f1a2d8fd336e0be2f9ff63ff0ebbc"},"headline":"Participation de Mehrdad Vahabi aux prochains Entretiens armement et s\u00e9curit\u00e9 2016","datePublished":"2016-01-22T00:00:00+00:00","dateModified":"2020-04-09T13:29:38+00:00","mainEntityOfPage":{"@id":"https:\/\/ecodef-ihedn.fr\/participation-de-mehrdad-vahabi-aux-prochains-entretiens-armement-et-securite-2016\/"},"wordCount":397,"commentCount":0,"publisher":{"@id":"https:\/\/ecodef-ihedn.fr\/#organization"},"image":{"@id":"https:\/\/ecodef-ihedn.fr\/participation-de-mehrdad-vahabi-aux-prochains-entretiens-armement-et-securite-2016\/#primaryimage"},"thumbnailUrl":"https:\/\/ecodef-ihedn.fr\/wp-content\/uploads\/2020\/04\/Entretiens-armement-et-s\u00e9curit\u00e9.jpg","articleSection":["Activit\u00e9s : participation de la Chaire \u00e0 un \u00e9v\u00e9nement"],"inLanguage":"en-GB","potentialAction":[{"@type":"CommentAction","name":"Comment","target":["https:\/\/ecodef-ihedn.fr\/participation-de-mehrdad-vahabi-aux-prochains-entretiens-armement-et-securite-2016\/#respond"]}]},{"@type":"WebPage","@id":"https:\/\/ecodef-ihedn.fr\/participation-de-mehrdad-vahabi-aux-prochains-entretiens-armement-et-securite-2016\/","url":"https:\/\/ecodef-ihedn.fr\/participation-de-mehrdad-vahabi-aux-prochains-entretiens-armement-et-securite-2016\/","name":"Participation de Mehrdad Vahabi aux prochains Entretiens armement et s\u00e9curit\u00e9 2016 - Chaire \u00c9conomie de d\u00e9fense - IHEDN","isPartOf":{"@id":"https:\/\/ecodef-ihedn.fr\/#website"},"primaryImageOfPage":{"@id":"https:\/\/ecodef-ihedn.fr\/participation-de-mehrdad-vahabi-aux-prochains-entretiens-armement-et-securite-2016\/#primaryimage"},"image":{"@id":"https:\/\/ecodef-ihedn.fr\/participation-de-mehrdad-vahabi-aux-prochains-entretiens-armement-et-securite-2016\/#primaryimage"},"thumbnailUrl":"https:\/\/ecodef-ihedn.fr\/wp-content\/uploads\/2020\/04\/Entretiens-armement-et-s\u00e9curit\u00e9.jpg","datePublished":"2016-01-22T00:00:00+00:00","dateModified":"2020-04-09T13:29:38+00:00","breadcrumb":{"@id":"https:\/\/ecodef-ihedn.fr\/participation-de-mehrdad-vahabi-aux-prochains-entretiens-armement-et-securite-2016\/#breadcrumb"},"inLanguage":"en-GB","potentialAction":[{"@type":"ReadAction","target":["https:\/\/ecodef-ihedn.fr\/participation-de-mehrdad-vahabi-aux-prochains-entretiens-armement-et-securite-2016\/"]}]},{"@type":"ImageObject","inLanguage":"en-GB","@id":"https:\/\/ecodef-ihedn.fr\/participation-de-mehrdad-vahabi-aux-prochains-entretiens-armement-et-securite-2016\/#primaryimage","url":"https:\/\/ecodef-ihedn.fr\/wp-content\/uploads\/2020\/04\/Entretiens-armement-et-s\u00e9curit\u00e9.jpg","contentUrl":"https:\/\/ecodef-ihedn.fr\/wp-content\/uploads\/2020\/04\/Entretiens-armement-et-s\u00e9curit\u00e9.jpg","width":646,"height":777},{"@type":"BreadcrumbList","@id":"https:\/\/ecodef-ihedn.fr\/participation-de-mehrdad-vahabi-aux-prochains-entretiens-armement-et-securite-2016\/#breadcrumb","itemListElement":[{"@type":"ListItem","position":1,"name":"Accueil","item":"https:\/\/ecodef-ihedn.fr\/"},{"@type":"ListItem","position":2,"name":"Participation de Mehrdad Vahabi aux prochains Entretiens armement et s\u00e9curit\u00e9 2016"}]},{"@type":"WebSite","@id":"https:\/\/ecodef-ihedn.fr\/#website","url":"https:\/\/ecodef-ihedn.fr\/","name":"Chair in Defence Economics - IHEDN","description":"Produce &amp; support, federate &amp; disseminate, act as an interface","publisher":{"@id":"https:\/\/ecodef-ihedn.fr\/#organization"},"potentialAction":[{"@type":"SearchAction","target":{"@type":"EntryPoint","urlTemplate":"https:\/\/ecodef-ihedn.fr\/?s={search_term_string}"},"query-input":{"@type":"PropertyValueSpecification","valueRequired":true,"valueName":"search_term_string"}}],"inLanguage":"en-GB"},{"@type":"Organization","@id":"https:\/\/ecodef-ihedn.fr\/#organization","name":"Chair in Defence Economics - IHEDN","url":"https:\/\/ecodef-ihedn.fr\/","logo":{"@type":"ImageObject","inLanguage":"en-GB","@id":"https:\/\/ecodef-ihedn.fr\/#\/schema\/logo\/image\/","url":"https:\/\/ecodef-ihedn.fr\/wp-content\/uploads\/2020\/04\/logoEcodef9.jpg","contentUrl":"https:\/\/ecodef-ihedn.fr\/wp-content\/uploads\/2020\/04\/logoEcodef9.jpg","width":410,"height":212,"caption":"Chaire \u00c9conomie de d\u00e9fense - IHEDN"},"image":{"@id":"https:\/\/ecodef-ihedn.fr\/#\/schema\/logo\/image\/"},"sameAs":["https:\/\/x.com\/Chaire_Ecodef","https:\/\/www.linkedin.com\/company\/chaire-ecodef-ihedn\/"]},{"@type":"Person","@id":"https:\/\/ecodef-ihedn.fr\/#\/schema\/person\/7b3f1a2d8fd336e0be2f9ff63ff0ebbc","name":"dev","image":{"@type":"ImageObject","inLanguage":"en-GB","@id":"https:\/\/secure.gravatar.com\/avatar\/f1ffcac9ca2fa95ad3ec33e9be3ade82f752acb0cabe541e56c5889225afa88a?s=96&d=mm&r=g","url":"https:\/\/secure.gravatar.com\/avatar\/f1ffcac9ca2fa95ad3ec33e9be3ade82f752acb0cabe541e56c5889225afa88a?s=96&d=mm&r=g","contentUrl":"https:\/\/secure.gravatar.com\/avatar\/f1ffcac9ca2fa95ad3ec33e9be3ade82f752acb0cabe541e56c5889225afa88a?s=96&d=mm&r=g","caption":"dev"},"url":"https:\/\/ecodef-ihedn.fr\/en\/author\/dev\/"}]}},"_links":{"self":[{"href":"https:\/\/ecodef-ihedn.fr\/en\/wp-json\/wp\/v2\/posts\/897","targetHints":{"allow":["GET"]}}],"collection":[{"href":"https:\/\/ecodef-ihedn.fr\/en\/wp-json\/wp\/v2\/posts"}],"about":[{"href":"https:\/\/ecodef-ihedn.fr\/en\/wp-json\/wp\/v2\/types\/post"}],"author":[{"embeddable":true,"href":"https:\/\/ecodef-ihedn.fr\/en\/wp-json\/wp\/v2\/users\/1"}],"replies":[{"embeddable":true,"href":"https:\/\/ecodef-ihedn.fr\/en\/wp-json\/wp\/v2\/comments?post=897"}],"version-history":[{"count":2,"href":"https:\/\/ecodef-ihedn.fr\/en\/wp-json\/wp\/v2\/posts\/897\/revisions"}],"predecessor-version":[{"id":1592,"href":"https:\/\/ecodef-ihedn.fr\/en\/wp-json\/wp\/v2\/posts\/897\/revisions\/1592"}],"wp:featuredmedia":[{"embeddable":true,"href":"https:\/\/ecodef-ihedn.fr\/en\/wp-json\/wp\/v2\/media\/898"}],"wp:attachment":[{"href":"https:\/\/ecodef-ihedn.fr\/en\/wp-json\/wp\/v2\/media?parent=897"}],"wp:term":[{"taxonomy":"category","embeddable":true,"href":"https:\/\/ecodef-ihedn.fr\/en\/wp-json\/wp\/v2\/categories?post=897"},{"taxonomy":"post_tag","embeddable":true,"href":"https:\/\/ecodef-ihedn.fr\/en\/wp-json\/wp\/v2\/tags?post=897"}],"curies":[{"name":"wp","href":"https:\/\/api.w.org\/{rel}","templated":true}]}}