{"id":8991,"date":"2025-12-02T07:51:45","date_gmt":"2025-12-02T07:51:45","guid":{"rendered":"https:\/\/ecodef-ihedn.fr\/?p=8991"},"modified":"2025-12-04T09:59:44","modified_gmt":"2025-12-04T09:59:44","slug":"les-determinants-des-exportations-darmement-de-la-france-publication-dun-article-dans-la-revue-deconomie-politique","status":"publish","type":"post","link":"https:\/\/ecodef-ihedn.fr\/en\/les-determinants-des-exportations-darmement-de-la-france-publication-dun-article-dans-la-revue-deconomie-politique\/","title":{"rendered":"The determinants of French arms exports: publication of an article in the Revue d'\u00e9conomie politique"},"content":{"rendered":"<p><a href=\"https:\/\/ecodef-ihedn.fr\/wp-content\/uploads\/2025\/12\/Revue-deconomie-politique.webp\"><img loading=\"lazy\" decoding=\"async\" class=\"aligncenter wp-image-8993 size-full\" src=\"https:\/\/ecodef-ihedn.fr\/wp-content\/uploads\/2025\/12\/Revue-deconomie-politique.webp\" alt=\"\" width=\"200\" height=\"300\" \/><\/a><\/p>\n<h3 style=\"text-align: center;\">Josselin Droff, Jade Guiberteau Ricard and Julien Malizard publish the article <strong>\u00abDeterminants of French arms exports 1991-2019\u00bb<\/strong>, in the <em>Revue d'\u00e9conomie politique<\/em> (2025\/5 Vol. 135)<\/h3>\n<p>Arms exports are a major instrument of French foreign and defence policy. They have also gradually established themselves as a strategic support for the national defence industry. This \u00abexport culture\u00bb has enabled France to occupy 2nd place in the world in terms of exports.<sup class=\"exposant\">th<\/sup>\u00a0the world's largest arms exporter. Despite the many issues at stake, little attention has been paid in the economic literature to the macroeconomic determinants of arms exports. The French case study provides an opportunity to discuss the results of this literature. It also allows us to examine them in greater depth by taking into account a range of strategic, political and economic variables. An original database covering the period 1991-2019 has been compiled from the Reports to Parliament on Arms Exports.<\/p>\n<div id=\"article-resume\" class=\"mt-5\">\n<div dir=\"ltr\">\n<div class=\"resume lang-fr\">\n<div class=\"corps\">\n<p>A Heckman model is used to study the determinants of the decision to export and the amounts exported. The results show a positive impact of GDP per capita, a negative effect of distance and a negative effect of embargoes on the export decision. France tends to export more easily (and more) to countries involved in conflicts, particularly inter-state conflicts.<\/p>\n<\/div>\n<\/div>\n<\/div>\n<\/div>\n<p style=\"text-align: center;\"><a href=\"https:\/\/shs.cairn.info\/revue-revue-deconomie-politique-2025-5-page-789?lang=fr\" target=\"_blank\" rel=\"noopener\"><span class=\"td_btn td_btn_md td_default_btn\">read the article<strong> (paying)<\/strong><\/span><\/a><\/p>","protected":false},"excerpt":{"rendered":"<p>Josselin Droff, Jade Guiberteau Ricard et Julien Malizard publient l&rsquo;article \u00ab\u00a0Les d\u00e9terminants des exportations d\u2019armement de la France 1991-2019\u00a0\u00bb, dans la Revue d&rsquo;\u00e9conomie politique (2025\/5 Vol. 135) Les exportations d\u2019armement sont un instrument majeur des politiques \u00e9trang\u00e8re et de d\u00e9fense fran\u00e7aises. De plus, elles se sont progressivement impos\u00e9es comme un soutien strat\u00e9gique \u00e0 l\u2019industrie de [&hellip;]<\/p>\n","protected":false},"author":2,"featured_media":8992,"comment_status":"open","ping_status":"open","sticky":false,"template":"","format":"standard","meta":{"footnotes":""},"categories":[350,352,584],"tags":[374,476,479,141,366,754,202,86,619,817],"class_list":{"0":"post-8991","1":"post","2":"type-post","3":"status-publish","4":"format-standard","5":"has-post-thumbnail","7":"category-publications","8":"category-thematique-2-determinants-et-impacts-de-la-depense-de-defense","9":"category-thematique-6-enjeux-strategiques","10":"tag-article","11":"tag-exportations","12":"tag-exportations-darmement","13":"tag-financement-de-la-defense","14":"tag-france","15":"tag-jade-guiberteau-ricard","16":"tag-josselin-droff","17":"tag-julien-malizard","18":"tag-publication","19":"tag-revue-deconomie-politique"},"yoast_head":"<!-- This site is optimized with the Yoast SEO plugin v27.4 - https:\/\/yoast.com\/product\/yoast-seo-wordpress\/ -->\n<title>Les d\u00e9terminants des exportations d\u2019armement de la France : publication d\u2019un article dans la Revue d&#039;\u00e9conomie politique - Chaire \u00c9conomie de d\u00e9fense - IHEDN<\/title>\n<meta name=\"robots\" content=\"index, follow, max-snippet:-1, max-image-preview:large, max-video-preview:-1\" \/>\n<link rel=\"canonical\" href=\"https:\/\/ecodef-ihedn.fr\/en\/les-determinants-des-exportations-darmement-de-la-france-publication-dun-article-dans-la-revue-deconomie-politique\/\" \/>\n<meta property=\"og:locale\" content=\"en_GB\" \/>\n<meta property=\"og:type\" content=\"article\" \/>\n<meta property=\"og:title\" content=\"Les d\u00e9terminants des exportations d\u2019armement de la France : publication d\u2019un article dans la Revue d&#039;\u00e9conomie politique - Chaire \u00c9conomie de d\u00e9fense - IHEDN\" \/>\n<meta property=\"og:description\" content=\"Josselin Droff, Jade Guiberteau Ricard et Julien Malizard publient l&rsquo;article \u00ab\u00a0Les d\u00e9terminants des exportations d\u2019armement de la France 1991-2019\u00a0\u00bb, dans la Revue d&rsquo;\u00e9conomie politique (2025\/5 Vol. 135) Les exportations d\u2019armement sont un instrument majeur des politiques \u00e9trang\u00e8re et de d\u00e9fense fran\u00e7aises. De plus, elles se sont progressivement impos\u00e9es comme un soutien strat\u00e9gique \u00e0 l\u2019industrie de [&hellip;]\" \/>\n<meta property=\"og:url\" content=\"https:\/\/ecodef-ihedn.fr\/en\/les-determinants-des-exportations-darmement-de-la-france-publication-dun-article-dans-la-revue-deconomie-politique\/\" \/>\n<meta property=\"og:site_name\" content=\"Chaire \u00c9conomie de d\u00e9fense - IHEDN\" \/>\n<meta property=\"article:published_time\" content=\"2025-12-02T07:51:45+00:00\" \/>\n<meta property=\"article:modified_time\" content=\"2025-12-04T09:59:44+00:00\" \/>\n<meta property=\"og:image\" content=\"https:\/\/ecodef-ihedn.fr\/wp-content\/uploads\/2025\/12\/Revue-deconomie-politique-4-3.png\" \/>\n\t<meta property=\"og:image:width\" content=\"400\" \/>\n\t<meta property=\"og:image:height\" content=\"300\" \/>\n\t<meta property=\"og:image:type\" content=\"image\/png\" \/>\n<meta name=\"author\" content=\"Bertrand Demandre\" \/>\n<meta name=\"twitter:card\" content=\"summary_large_image\" \/>\n<meta name=\"twitter:creator\" content=\"@Chaire_Ecodef\" \/>\n<meta name=\"twitter:site\" content=\"@Chaire_Ecodef\" \/>\n<meta name=\"twitter:label1\" content=\"Written by\" \/>\n\t<meta name=\"twitter:data1\" content=\"Bertrand Demandre\" \/>\n\t<meta name=\"twitter:label2\" content=\"Estimated reading time\" \/>\n\t<meta name=\"twitter:data2\" content=\"2 minutes\" \/>\n<script type=\"application\/ld+json\" class=\"yoast-schema-graph\">{\"@context\":\"https:\\\/\\\/schema.org\",\"@graph\":[{\"@type\":\"Article\",\"@id\":\"https:\\\/\\\/ecodef-ihedn.fr\\\/les-determinants-des-exportations-darmement-de-la-france-publication-dun-article-dans-la-revue-deconomie-politique\\\/#article\",\"isPartOf\":{\"@id\":\"https:\\\/\\\/ecodef-ihedn.fr\\\/les-determinants-des-exportations-darmement-de-la-france-publication-dun-article-dans-la-revue-deconomie-politique\\\/\"},\"author\":{\"name\":\"Bertrand Demandre\",\"@id\":\"https:\\\/\\\/ecodef-ihedn.fr\\\/#\\\/schema\\\/person\\\/1cdf22d028cebe278126a6e07a884d30\"},\"headline\":\"Les d\u00e9terminants des exportations d\u2019armement de la France : publication d\u2019un article dans la Revue d&rsquo;\u00e9conomie politique\",\"datePublished\":\"2025-12-02T07:51:45+00:00\",\"dateModified\":\"2025-12-04T09:59:44+00:00\",\"mainEntityOfPage\":{\"@id\":\"https:\\\/\\\/ecodef-ihedn.fr\\\/les-determinants-des-exportations-darmement-de-la-france-publication-dun-article-dans-la-revue-deconomie-politique\\\/\"},\"wordCount\":270,\"commentCount\":0,\"publisher\":{\"@id\":\"https:\\\/\\\/ecodef-ihedn.fr\\\/#organization\"},\"image\":{\"@id\":\"https:\\\/\\\/ecodef-ihedn.fr\\\/les-determinants-des-exportations-darmement-de-la-france-publication-dun-article-dans-la-revue-deconomie-politique\\\/#primaryimage\"},\"thumbnailUrl\":\"https:\\\/\\\/ecodef-ihedn.fr\\\/wp-content\\\/uploads\\\/2025\\\/12\\\/Revue-deconomie-politique-4-3.png\",\"keywords\":[\"article\",\"exportations\",\"exportations d&#039;armement\",\"financement de la d\u00e9fense\",\"France\",\"Jade Guiberteau-Ricard\",\"Josselin Droff\",\"Julien Malizard\",\"publication\",\"Revue d'\u00e9conomie politique\"],\"articleSection\":[\"Publications\",\"Th\u00e9matique 2 : d\u00e9terminants et impacts de la d\u00e9pense de d\u00e9fense\",\"Th\u00e9matique 6 : enjeux strat\u00e9giques\"],\"inLanguage\":\"en-GB\",\"potentialAction\":[{\"@type\":\"CommentAction\",\"name\":\"Comment\",\"target\":[\"https:\\\/\\\/ecodef-ihedn.fr\\\/les-determinants-des-exportations-darmement-de-la-france-publication-dun-article-dans-la-revue-deconomie-politique\\\/#respond\"]}]},{\"@type\":\"WebPage\",\"@id\":\"https:\\\/\\\/ecodef-ihedn.fr\\\/les-determinants-des-exportations-darmement-de-la-france-publication-dun-article-dans-la-revue-deconomie-politique\\\/\",\"url\":\"https:\\\/\\\/ecodef-ihedn.fr\\\/les-determinants-des-exportations-darmement-de-la-france-publication-dun-article-dans-la-revue-deconomie-politique\\\/\",\"name\":\"Les d\u00e9terminants des exportations d\u2019armement de la France : publication d\u2019un article dans la Revue d'\u00e9conomie politique - Chaire \u00c9conomie de d\u00e9fense - IHEDN\",\"isPartOf\":{\"@id\":\"https:\\\/\\\/ecodef-ihedn.fr\\\/#website\"},\"primaryImageOfPage\":{\"@id\":\"https:\\\/\\\/ecodef-ihedn.fr\\\/les-determinants-des-exportations-darmement-de-la-france-publication-dun-article-dans-la-revue-deconomie-politique\\\/#primaryimage\"},\"image\":{\"@id\":\"https:\\\/\\\/ecodef-ihedn.fr\\\/les-determinants-des-exportations-darmement-de-la-france-publication-dun-article-dans-la-revue-deconomie-politique\\\/#primaryimage\"},\"thumbnailUrl\":\"https:\\\/\\\/ecodef-ihedn.fr\\\/wp-content\\\/uploads\\\/2025\\\/12\\\/Revue-deconomie-politique-4-3.png\",\"datePublished\":\"2025-12-02T07:51:45+00:00\",\"dateModified\":\"2025-12-04T09:59:44+00:00\",\"breadcrumb\":{\"@id\":\"https:\\\/\\\/ecodef-ihedn.fr\\\/les-determinants-des-exportations-darmement-de-la-france-publication-dun-article-dans-la-revue-deconomie-politique\\\/#breadcrumb\"},\"inLanguage\":\"en-GB\",\"potentialAction\":[{\"@type\":\"ReadAction\",\"target\":[\"https:\\\/\\\/ecodef-ihedn.fr\\\/les-determinants-des-exportations-darmement-de-la-france-publication-dun-article-dans-la-revue-deconomie-politique\\\/\"]}]},{\"@type\":\"ImageObject\",\"inLanguage\":\"en-GB\",\"@id\":\"https:\\\/\\\/ecodef-ihedn.fr\\\/les-determinants-des-exportations-darmement-de-la-france-publication-dun-article-dans-la-revue-deconomie-politique\\\/#primaryimage\",\"url\":\"https:\\\/\\\/ecodef-ihedn.fr\\\/wp-content\\\/uploads\\\/2025\\\/12\\\/Revue-deconomie-politique-4-3.png\",\"contentUrl\":\"https:\\\/\\\/ecodef-ihedn.fr\\\/wp-content\\\/uploads\\\/2025\\\/12\\\/Revue-deconomie-politique-4-3.png\",\"width\":400,\"height\":300},{\"@type\":\"BreadcrumbList\",\"@id\":\"https:\\\/\\\/ecodef-ihedn.fr\\\/les-determinants-des-exportations-darmement-de-la-france-publication-dun-article-dans-la-revue-deconomie-politique\\\/#breadcrumb\",\"itemListElement\":[{\"@type\":\"ListItem\",\"position\":1,\"name\":\"Accueil\",\"item\":\"https:\\\/\\\/ecodef-ihedn.fr\\\/\"},{\"@type\":\"ListItem\",\"position\":2,\"name\":\"Les d\u00e9terminants des exportations d\u2019armement de la France : publication d\u2019un article dans la Revue d&rsquo;\u00e9conomie politique\"}]},{\"@type\":\"WebSite\",\"@id\":\"https:\\\/\\\/ecodef-ihedn.fr\\\/#website\",\"url\":\"https:\\\/\\\/ecodef-ihedn.fr\\\/\",\"name\":\"Chaire \u00c9conomie de D\u00e9fense - IHEDN\",\"description\":\"Produire &amp; soutenir, f\u00e9d\u00e9rer &amp; diffuser, \u00eatre une interface\",\"publisher\":{\"@id\":\"https:\\\/\\\/ecodef-ihedn.fr\\\/#organization\"},\"potentialAction\":[{\"@type\":\"SearchAction\",\"target\":{\"@type\":\"EntryPoint\",\"urlTemplate\":\"https:\\\/\\\/ecodef-ihedn.fr\\\/?s={search_term_string}\"},\"query-input\":{\"@type\":\"PropertyValueSpecification\",\"valueRequired\":true,\"valueName\":\"search_term_string\"}}],\"inLanguage\":\"en-GB\"},{\"@type\":\"Organization\",\"@id\":\"https:\\\/\\\/ecodef-ihedn.fr\\\/#organization\",\"name\":\"Chaire \u00c9conomie de d\u00e9fense - IHEDN\",\"url\":\"https:\\\/\\\/ecodef-ihedn.fr\\\/\",\"logo\":{\"@type\":\"ImageObject\",\"inLanguage\":\"en-GB\",\"@id\":\"https:\\\/\\\/ecodef-ihedn.fr\\\/#\\\/schema\\\/logo\\\/image\\\/\",\"url\":\"https:\\\/\\\/ecodef-ihedn.fr\\\/wp-content\\\/uploads\\\/2020\\\/04\\\/logoEcodef9.jpg\",\"contentUrl\":\"https:\\\/\\\/ecodef-ihedn.fr\\\/wp-content\\\/uploads\\\/2020\\\/04\\\/logoEcodef9.jpg\",\"width\":410,\"height\":212,\"caption\":\"Chaire \u00c9conomie de d\u00e9fense - IHEDN\"},\"image\":{\"@id\":\"https:\\\/\\\/ecodef-ihedn.fr\\\/#\\\/schema\\\/logo\\\/image\\\/\"},\"sameAs\":[\"https:\\\/\\\/x.com\\\/Chaire_Ecodef\",\"https:\\\/\\\/www.linkedin.com\\\/company\\\/chaire-ecodef-ihedn\\\/\"]},{\"@type\":\"Person\",\"@id\":\"https:\\\/\\\/ecodef-ihedn.fr\\\/#\\\/schema\\\/person\\\/1cdf22d028cebe278126a6e07a884d30\",\"name\":\"Bertrand Demandre\",\"image\":{\"@type\":\"ImageObject\",\"inLanguage\":\"en-GB\",\"@id\":\"https:\\\/\\\/secure.gravatar.com\\\/avatar\\\/d9c9746d6c900ab5b9c0f9b1fa3932e369da923da247d624b8f7ab4ba8a3c093?s=96&d=mm&r=g\",\"url\":\"https:\\\/\\\/secure.gravatar.com\\\/avatar\\\/d9c9746d6c900ab5b9c0f9b1fa3932e369da923da247d624b8f7ab4ba8a3c093?s=96&d=mm&r=g\",\"contentUrl\":\"https:\\\/\\\/secure.gravatar.com\\\/avatar\\\/d9c9746d6c900ab5b9c0f9b1fa3932e369da923da247d624b8f7ab4ba8a3c093?s=96&d=mm&r=g\",\"caption\":\"Bertrand Demandre\"},\"url\":\"https:\\\/\\\/ecodef-ihedn.fr\\\/en\\\/author\\\/bertrand\\\/\"}]}<\/script>\n<!-- \/ Yoast SEO plugin. -->","yoast_head_json":{"title":"Les d\u00e9terminants des exportations d\u2019armement de la France : publication d\u2019un article dans la Revue d'\u00e9conomie politique - Chaire \u00c9conomie de d\u00e9fense - IHEDN","robots":{"index":"index","follow":"follow","max-snippet":"max-snippet:-1","max-image-preview":"max-image-preview:large","max-video-preview":"max-video-preview:-1"},"canonical":"https:\/\/ecodef-ihedn.fr\/en\/les-determinants-des-exportations-darmement-de-la-france-publication-dun-article-dans-la-revue-deconomie-politique\/","og_locale":"en_GB","og_type":"article","og_title":"Les d\u00e9terminants des exportations d\u2019armement de la France : publication d\u2019un article dans la Revue d'\u00e9conomie politique - Chaire \u00c9conomie de d\u00e9fense - IHEDN","og_description":"Josselin Droff, Jade Guiberteau Ricard et Julien Malizard publient l&rsquo;article \u00ab\u00a0Les d\u00e9terminants des exportations d\u2019armement de la France 1991-2019\u00a0\u00bb, dans la Revue d&rsquo;\u00e9conomie politique (2025\/5 Vol. 135) Les exportations d\u2019armement sont un instrument majeur des politiques \u00e9trang\u00e8re et de d\u00e9fense fran\u00e7aises. De plus, elles se sont progressivement impos\u00e9es comme un soutien strat\u00e9gique \u00e0 l\u2019industrie de [&hellip;]","og_url":"https:\/\/ecodef-ihedn.fr\/en\/les-determinants-des-exportations-darmement-de-la-france-publication-dun-article-dans-la-revue-deconomie-politique\/","og_site_name":"Chaire \u00c9conomie de d\u00e9fense - IHEDN","article_published_time":"2025-12-02T07:51:45+00:00","article_modified_time":"2025-12-04T09:59:44+00:00","og_image":[{"width":400,"height":300,"url":"https:\/\/ecodef-ihedn.fr\/wp-content\/uploads\/2025\/12\/Revue-deconomie-politique-4-3.png","type":"image\/png"}],"author":"Bertrand Demandre","twitter_card":"summary_large_image","twitter_creator":"@Chaire_Ecodef","twitter_site":"@Chaire_Ecodef","twitter_misc":{"Written by":"Bertrand Demandre","Estimated reading time":"2 minutes"},"schema":{"@context":"https:\/\/schema.org","@graph":[{"@type":"Article","@id":"https:\/\/ecodef-ihedn.fr\/les-determinants-des-exportations-darmement-de-la-france-publication-dun-article-dans-la-revue-deconomie-politique\/#article","isPartOf":{"@id":"https:\/\/ecodef-ihedn.fr\/les-determinants-des-exportations-darmement-de-la-france-publication-dun-article-dans-la-revue-deconomie-politique\/"},"author":{"name":"Bertrand Demandre","@id":"https:\/\/ecodef-ihedn.fr\/#\/schema\/person\/1cdf22d028cebe278126a6e07a884d30"},"headline":"Les d\u00e9terminants des exportations d\u2019armement de la France : publication d\u2019un article dans la Revue d&rsquo;\u00e9conomie politique","datePublished":"2025-12-02T07:51:45+00:00","dateModified":"2025-12-04T09:59:44+00:00","mainEntityOfPage":{"@id":"https:\/\/ecodef-ihedn.fr\/les-determinants-des-exportations-darmement-de-la-france-publication-dun-article-dans-la-revue-deconomie-politique\/"},"wordCount":270,"commentCount":0,"publisher":{"@id":"https:\/\/ecodef-ihedn.fr\/#organization"},"image":{"@id":"https:\/\/ecodef-ihedn.fr\/les-determinants-des-exportations-darmement-de-la-france-publication-dun-article-dans-la-revue-deconomie-politique\/#primaryimage"},"thumbnailUrl":"https:\/\/ecodef-ihedn.fr\/wp-content\/uploads\/2025\/12\/Revue-deconomie-politique-4-3.png","keywords":["article","exportations","exportations d&#039;armement","financement de la d\u00e9fense","France","Jade Guiberteau-Ricard","Josselin Droff","Julien Malizard","publication","Revue d'\u00e9conomie politique"],"articleSection":["Publications","Th\u00e9matique 2 : d\u00e9terminants et impacts de la d\u00e9pense de d\u00e9fense","Th\u00e9matique 6 : enjeux strat\u00e9giques"],"inLanguage":"en-GB","potentialAction":[{"@type":"CommentAction","name":"Comment","target":["https:\/\/ecodef-ihedn.fr\/les-determinants-des-exportations-darmement-de-la-france-publication-dun-article-dans-la-revue-deconomie-politique\/#respond"]}]},{"@type":"WebPage","@id":"https:\/\/ecodef-ihedn.fr\/les-determinants-des-exportations-darmement-de-la-france-publication-dun-article-dans-la-revue-deconomie-politique\/","url":"https:\/\/ecodef-ihedn.fr\/les-determinants-des-exportations-darmement-de-la-france-publication-dun-article-dans-la-revue-deconomie-politique\/","name":"Les d\u00e9terminants des exportations d\u2019armement de la France : publication d\u2019un article dans la Revue d'\u00e9conomie politique - Chaire \u00c9conomie de d\u00e9fense - IHEDN","isPartOf":{"@id":"https:\/\/ecodef-ihedn.fr\/#website"},"primaryImageOfPage":{"@id":"https:\/\/ecodef-ihedn.fr\/les-determinants-des-exportations-darmement-de-la-france-publication-dun-article-dans-la-revue-deconomie-politique\/#primaryimage"},"image":{"@id":"https:\/\/ecodef-ihedn.fr\/les-determinants-des-exportations-darmement-de-la-france-publication-dun-article-dans-la-revue-deconomie-politique\/#primaryimage"},"thumbnailUrl":"https:\/\/ecodef-ihedn.fr\/wp-content\/uploads\/2025\/12\/Revue-deconomie-politique-4-3.png","datePublished":"2025-12-02T07:51:45+00:00","dateModified":"2025-12-04T09:59:44+00:00","breadcrumb":{"@id":"https:\/\/ecodef-ihedn.fr\/les-determinants-des-exportations-darmement-de-la-france-publication-dun-article-dans-la-revue-deconomie-politique\/#breadcrumb"},"inLanguage":"en-GB","potentialAction":[{"@type":"ReadAction","target":["https:\/\/ecodef-ihedn.fr\/les-determinants-des-exportations-darmement-de-la-france-publication-dun-article-dans-la-revue-deconomie-politique\/"]}]},{"@type":"ImageObject","inLanguage":"en-GB","@id":"https:\/\/ecodef-ihedn.fr\/les-determinants-des-exportations-darmement-de-la-france-publication-dun-article-dans-la-revue-deconomie-politique\/#primaryimage","url":"https:\/\/ecodef-ihedn.fr\/wp-content\/uploads\/2025\/12\/Revue-deconomie-politique-4-3.png","contentUrl":"https:\/\/ecodef-ihedn.fr\/wp-content\/uploads\/2025\/12\/Revue-deconomie-politique-4-3.png","width":400,"height":300},{"@type":"BreadcrumbList","@id":"https:\/\/ecodef-ihedn.fr\/les-determinants-des-exportations-darmement-de-la-france-publication-dun-article-dans-la-revue-deconomie-politique\/#breadcrumb","itemListElement":[{"@type":"ListItem","position":1,"name":"Accueil","item":"https:\/\/ecodef-ihedn.fr\/"},{"@type":"ListItem","position":2,"name":"Les d\u00e9terminants des exportations d\u2019armement de la France : publication d\u2019un article dans la Revue d&rsquo;\u00e9conomie politique"}]},{"@type":"WebSite","@id":"https:\/\/ecodef-ihedn.fr\/#website","url":"https:\/\/ecodef-ihedn.fr\/","name":"Chair in Defence Economics - IHEDN","description":"Produce &amp; support, federate &amp; disseminate, act as an interface","publisher":{"@id":"https:\/\/ecodef-ihedn.fr\/#organization"},"potentialAction":[{"@type":"SearchAction","target":{"@type":"EntryPoint","urlTemplate":"https:\/\/ecodef-ihedn.fr\/?s={search_term_string}"},"query-input":{"@type":"PropertyValueSpecification","valueRequired":true,"valueName":"search_term_string"}}],"inLanguage":"en-GB"},{"@type":"Organization","@id":"https:\/\/ecodef-ihedn.fr\/#organization","name":"Chair in Defence Economics - IHEDN","url":"https:\/\/ecodef-ihedn.fr\/","logo":{"@type":"ImageObject","inLanguage":"en-GB","@id":"https:\/\/ecodef-ihedn.fr\/#\/schema\/logo\/image\/","url":"https:\/\/ecodef-ihedn.fr\/wp-content\/uploads\/2020\/04\/logoEcodef9.jpg","contentUrl":"https:\/\/ecodef-ihedn.fr\/wp-content\/uploads\/2020\/04\/logoEcodef9.jpg","width":410,"height":212,"caption":"Chaire \u00c9conomie de d\u00e9fense - IHEDN"},"image":{"@id":"https:\/\/ecodef-ihedn.fr\/#\/schema\/logo\/image\/"},"sameAs":["https:\/\/x.com\/Chaire_Ecodef","https:\/\/www.linkedin.com\/company\/chaire-ecodef-ihedn\/"]},{"@type":"Person","@id":"https:\/\/ecodef-ihedn.fr\/#\/schema\/person\/1cdf22d028cebe278126a6e07a884d30","name":"Bertrand Demandre","image":{"@type":"ImageObject","inLanguage":"en-GB","@id":"https:\/\/secure.gravatar.com\/avatar\/d9c9746d6c900ab5b9c0f9b1fa3932e369da923da247d624b8f7ab4ba8a3c093?s=96&d=mm&r=g","url":"https:\/\/secure.gravatar.com\/avatar\/d9c9746d6c900ab5b9c0f9b1fa3932e369da923da247d624b8f7ab4ba8a3c093?s=96&d=mm&r=g","contentUrl":"https:\/\/secure.gravatar.com\/avatar\/d9c9746d6c900ab5b9c0f9b1fa3932e369da923da247d624b8f7ab4ba8a3c093?s=96&d=mm&r=g","caption":"Bertrand Demandre"},"url":"https:\/\/ecodef-ihedn.fr\/en\/author\/bertrand\/"}]}},"_links":{"self":[{"href":"https:\/\/ecodef-ihedn.fr\/en\/wp-json\/wp\/v2\/posts\/8991","targetHints":{"allow":["GET"]}}],"collection":[{"href":"https:\/\/ecodef-ihedn.fr\/en\/wp-json\/wp\/v2\/posts"}],"about":[{"href":"https:\/\/ecodef-ihedn.fr\/en\/wp-json\/wp\/v2\/types\/post"}],"author":[{"embeddable":true,"href":"https:\/\/ecodef-ihedn.fr\/en\/wp-json\/wp\/v2\/users\/2"}],"replies":[{"embeddable":true,"href":"https:\/\/ecodef-ihedn.fr\/en\/wp-json\/wp\/v2\/comments?post=8991"}],"version-history":[{"count":3,"href":"https:\/\/ecodef-ihedn.fr\/en\/wp-json\/wp\/v2\/posts\/8991\/revisions"}],"predecessor-version":[{"id":9003,"href":"https:\/\/ecodef-ihedn.fr\/en\/wp-json\/wp\/v2\/posts\/8991\/revisions\/9003"}],"wp:featuredmedia":[{"embeddable":true,"href":"https:\/\/ecodef-ihedn.fr\/en\/wp-json\/wp\/v2\/media\/8992"}],"wp:attachment":[{"href":"https:\/\/ecodef-ihedn.fr\/en\/wp-json\/wp\/v2\/media?parent=8991"}],"wp:term":[{"taxonomy":"category","embeddable":true,"href":"https:\/\/ecodef-ihedn.fr\/en\/wp-json\/wp\/v2\/categories?post=8991"},{"taxonomy":"post_tag","embeddable":true,"href":"https:\/\/ecodef-ihedn.fr\/en\/wp-json\/wp\/v2\/tags?post=8991"}],"curies":[{"name":"wp","href":"https:\/\/api.w.org\/{rel}","templated":true}]}}