{"id":900,"date":"2016-01-29T00:00:00","date_gmt":"2016-01-29T00:00:00","guid":{"rendered":"https:\/\/ecodef-ihedn.fr\/intervention-de-la-chaire-economie-de-defense-a-la-conference-du-sipri-a-stockholm-les-28-et-29-janvier-2015\/"},"modified":"2020-04-09T13:29:16","modified_gmt":"2020-04-09T13:29:16","slug":"intervention-de-la-chaire-economie-de-defense-a-la-conference-du-sipri-a-stockholm-les-28-et-29-janvier-2015","status":"publish","type":"post","link":"https:\/\/ecodef-ihedn.fr\/en\/intervention-de-la-chaire-economie-de-defense-a-la-conference-du-sipri-a-stockholm-les-28-et-29-janvier-2015\/","title":{"rendered":"Speech by the Chair in Defence Economics at the SIPRI Conference in Stockholm on 28 and 29 January 2015"},"content":{"rendered":"<p>Julien Malizard, researcher at the Chaire \u00c9conomie de D\u00e9fense will be speaking at the <em>Stockholm International Peace Research Institute<\/em> (SIPRI) to present and discuss its research with a group of scientists and economists from 11 countries.<\/p>\n<p>For more information on the SIPRI Conference : <a href=\"http:\/\/anslag.rj.se\/en\/fund\/51062\">here<\/a><\/p>\n<p>&nbsp;<\/p>\n<p>&nbsp;<\/p>","protected":false},"excerpt":{"rendered":"<p>Julien Malizard, chercheur \u00e0 la Chaire \u00c9conomie de D\u00e9fense interviendra \u00e0 la Conf\u00e9rence du Stockholm International Peace Research Institute (SIPRI) pour pr\u00e9senter et \u00e9changer sur ses recherches, aupr\u00e8s d&rsquo;un groupe de scientifiques et d&rsquo;\u00e9conomistes issus de 11 pays. Pour plus d&rsquo;informations sur la Conf\u00e9rence du SIPRI : ici &nbsp; &nbsp;<\/p>","protected":false},"author":1,"featured_media":564,"comment_status":"open","ping_status":"open","sticky":false,"template":"","format":"standard","meta":{"footnotes":""},"categories":[356],"tags":[],"class_list":{"0":"post-900","1":"post","2":"type-post","3":"status-publish","4":"format-standard","5":"has-post-thumbnail","7":"category-activites-participation-de-la-chaire-a-un-evenement"},"yoast_head":"<!-- This site is optimized with the Yoast SEO plugin v27.4 - https:\/\/yoast.com\/product\/yoast-seo-wordpress\/ -->\n<title>Intervention de la Chaire \u00c9conomie de D\u00e9fense \u00e0 la Conf\u00e9rence du SIPRI \u00e0 Stockholm, les 28 et 29 janvier 2015 - Chaire \u00c9conomie de d\u00e9fense - IHEDN<\/title>\n<meta name=\"robots\" content=\"index, follow, max-snippet:-1, max-image-preview:large, max-video-preview:-1\" \/>\n<link rel=\"canonical\" href=\"https:\/\/ecodef-ihedn.fr\/en\/intervention-de-la-chaire-economie-de-defense-a-la-conference-du-sipri-a-stockholm-les-28-et-29-janvier-2015\/\" \/>\n<meta property=\"og:locale\" content=\"en_GB\" \/>\n<meta property=\"og:type\" content=\"article\" \/>\n<meta property=\"og:title\" content=\"Intervention de la Chaire \u00c9conomie de D\u00e9fense \u00e0 la Conf\u00e9rence du SIPRI \u00e0 Stockholm, les 28 et 29 janvier 2015 - Chaire \u00c9conomie de d\u00e9fense - IHEDN\" \/>\n<meta property=\"og:description\" content=\"Julien Malizard, chercheur \u00e0 la Chaire \u00c9conomie de D\u00e9fense interviendra \u00e0 la Conf\u00e9rence du Stockholm International Peace Research Institute (SIPRI) pour pr\u00e9senter et \u00e9changer sur ses recherches, aupr\u00e8s d&rsquo;un groupe de scientifiques et d&rsquo;\u00e9conomistes issus de 11 pays. Pour plus d&rsquo;informations sur la Conf\u00e9rence du SIPRI : ici &nbsp; &nbsp;\" \/>\n<meta property=\"og:url\" content=\"https:\/\/ecodef-ihedn.fr\/en\/intervention-de-la-chaire-economie-de-defense-a-la-conference-du-sipri-a-stockholm-les-28-et-29-janvier-2015\/\" \/>\n<meta property=\"og:site_name\" content=\"Chaire \u00c9conomie de d\u00e9fense - IHEDN\" \/>\n<meta property=\"article:published_time\" content=\"2016-01-29T00:00:00+00:00\" \/>\n<meta property=\"article:modified_time\" content=\"2020-04-09T13:29:16+00:00\" \/>\n<meta property=\"og:image\" content=\"https:\/\/ecodef-ihedn.fr\/wp-content\/uploads\/2020\/02\/ecole-militaire-paris-1.jpg\" \/>\n\t<meta property=\"og:image:width\" content=\"755\" \/>\n\t<meta property=\"og:image:height\" content=\"414\" \/>\n\t<meta property=\"og:image:type\" content=\"image\/jpeg\" \/>\n<meta name=\"author\" content=\"dev\" \/>\n<meta name=\"twitter:card\" content=\"summary_large_image\" \/>\n<meta name=\"twitter:creator\" content=\"@Chaire_Ecodef\" \/>\n<meta name=\"twitter:site\" content=\"@Chaire_Ecodef\" \/>\n<meta name=\"twitter:label1\" content=\"Written by\" \/>\n\t<meta name=\"twitter:data1\" content=\"dev\" \/>\n<script type=\"application\/ld+json\" class=\"yoast-schema-graph\">{\"@context\":\"https:\\\/\\\/schema.org\",\"@graph\":[{\"@type\":\"Article\",\"@id\":\"https:\\\/\\\/ecodef-ihedn.fr\\\/intervention-de-la-chaire-economie-de-defense-a-la-conference-du-sipri-a-stockholm-les-28-et-29-janvier-2015\\\/#article\",\"isPartOf\":{\"@id\":\"https:\\\/\\\/ecodef-ihedn.fr\\\/intervention-de-la-chaire-economie-de-defense-a-la-conference-du-sipri-a-stockholm-les-28-et-29-janvier-2015\\\/\"},\"author\":{\"name\":\"dev\",\"@id\":\"https:\\\/\\\/ecodef-ihedn.fr\\\/#\\\/schema\\\/person\\\/7b3f1a2d8fd336e0be2f9ff63ff0ebbc\"},\"headline\":\"Intervention de la Chaire \u00c9conomie de D\u00e9fense \u00e0 la Conf\u00e9rence du SIPRI \u00e0 Stockholm, les 28 et 29 janvier 2015\",\"datePublished\":\"2016-01-29T00:00:00+00:00\",\"dateModified\":\"2020-04-09T13:29:16+00:00\",\"mainEntityOfPage\":{\"@id\":\"https:\\\/\\\/ecodef-ihedn.fr\\\/intervention-de-la-chaire-economie-de-defense-a-la-conference-du-sipri-a-stockholm-les-28-et-29-janvier-2015\\\/\"},\"wordCount\":71,\"commentCount\":0,\"publisher\":{\"@id\":\"https:\\\/\\\/ecodef-ihedn.fr\\\/#organization\"},\"image\":{\"@id\":\"https:\\\/\\\/ecodef-ihedn.fr\\\/intervention-de-la-chaire-economie-de-defense-a-la-conference-du-sipri-a-stockholm-les-28-et-29-janvier-2015\\\/#primaryimage\"},\"thumbnailUrl\":\"https:\\\/\\\/ecodef-ihedn.fr\\\/wp-content\\\/uploads\\\/2020\\\/02\\\/ecole-militaire-paris-1.jpg\",\"articleSection\":[\"Activit\u00e9s : participation de la Chaire \u00e0 un \u00e9v\u00e9nement\"],\"inLanguage\":\"en-GB\",\"potentialAction\":[{\"@type\":\"CommentAction\",\"name\":\"Comment\",\"target\":[\"https:\\\/\\\/ecodef-ihedn.fr\\\/intervention-de-la-chaire-economie-de-defense-a-la-conference-du-sipri-a-stockholm-les-28-et-29-janvier-2015\\\/#respond\"]}]},{\"@type\":\"WebPage\",\"@id\":\"https:\\\/\\\/ecodef-ihedn.fr\\\/intervention-de-la-chaire-economie-de-defense-a-la-conference-du-sipri-a-stockholm-les-28-et-29-janvier-2015\\\/\",\"url\":\"https:\\\/\\\/ecodef-ihedn.fr\\\/intervention-de-la-chaire-economie-de-defense-a-la-conference-du-sipri-a-stockholm-les-28-et-29-janvier-2015\\\/\",\"name\":\"Intervention de la Chaire \u00c9conomie de D\u00e9fense \u00e0 la Conf\u00e9rence du SIPRI \u00e0 Stockholm, les 28 et 29 janvier 2015 - Chaire \u00c9conomie de d\u00e9fense - IHEDN\",\"isPartOf\":{\"@id\":\"https:\\\/\\\/ecodef-ihedn.fr\\\/#website\"},\"primaryImageOfPage\":{\"@id\":\"https:\\\/\\\/ecodef-ihedn.fr\\\/intervention-de-la-chaire-economie-de-defense-a-la-conference-du-sipri-a-stockholm-les-28-et-29-janvier-2015\\\/#primaryimage\"},\"image\":{\"@id\":\"https:\\\/\\\/ecodef-ihedn.fr\\\/intervention-de-la-chaire-economie-de-defense-a-la-conference-du-sipri-a-stockholm-les-28-et-29-janvier-2015\\\/#primaryimage\"},\"thumbnailUrl\":\"https:\\\/\\\/ecodef-ihedn.fr\\\/wp-content\\\/uploads\\\/2020\\\/02\\\/ecole-militaire-paris-1.jpg\",\"datePublished\":\"2016-01-29T00:00:00+00:00\",\"dateModified\":\"2020-04-09T13:29:16+00:00\",\"breadcrumb\":{\"@id\":\"https:\\\/\\\/ecodef-ihedn.fr\\\/intervention-de-la-chaire-economie-de-defense-a-la-conference-du-sipri-a-stockholm-les-28-et-29-janvier-2015\\\/#breadcrumb\"},\"inLanguage\":\"en-GB\",\"potentialAction\":[{\"@type\":\"ReadAction\",\"target\":[\"https:\\\/\\\/ecodef-ihedn.fr\\\/intervention-de-la-chaire-economie-de-defense-a-la-conference-du-sipri-a-stockholm-les-28-et-29-janvier-2015\\\/\"]}]},{\"@type\":\"ImageObject\",\"inLanguage\":\"en-GB\",\"@id\":\"https:\\\/\\\/ecodef-ihedn.fr\\\/intervention-de-la-chaire-economie-de-defense-a-la-conference-du-sipri-a-stockholm-les-28-et-29-janvier-2015\\\/#primaryimage\",\"url\":\"https:\\\/\\\/ecodef-ihedn.fr\\\/wp-content\\\/uploads\\\/2020\\\/02\\\/ecole-militaire-paris-1.jpg\",\"contentUrl\":\"https:\\\/\\\/ecodef-ihedn.fr\\\/wp-content\\\/uploads\\\/2020\\\/02\\\/ecole-militaire-paris-1.jpg\",\"width\":755,\"height\":414},{\"@type\":\"BreadcrumbList\",\"@id\":\"https:\\\/\\\/ecodef-ihedn.fr\\\/intervention-de-la-chaire-economie-de-defense-a-la-conference-du-sipri-a-stockholm-les-28-et-29-janvier-2015\\\/#breadcrumb\",\"itemListElement\":[{\"@type\":\"ListItem\",\"position\":1,\"name\":\"Accueil\",\"item\":\"https:\\\/\\\/ecodef-ihedn.fr\\\/\"},{\"@type\":\"ListItem\",\"position\":2,\"name\":\"Intervention de la Chaire \u00c9conomie de D\u00e9fense \u00e0 la Conf\u00e9rence du SIPRI \u00e0 Stockholm, les 28 et 29 janvier 2015\"}]},{\"@type\":\"WebSite\",\"@id\":\"https:\\\/\\\/ecodef-ihedn.fr\\\/#website\",\"url\":\"https:\\\/\\\/ecodef-ihedn.fr\\\/\",\"name\":\"Chaire \u00c9conomie de D\u00e9fense - IHEDN\",\"description\":\"Produire &amp; soutenir, f\u00e9d\u00e9rer &amp; diffuser, \u00eatre une interface\",\"publisher\":{\"@id\":\"https:\\\/\\\/ecodef-ihedn.fr\\\/#organization\"},\"potentialAction\":[{\"@type\":\"SearchAction\",\"target\":{\"@type\":\"EntryPoint\",\"urlTemplate\":\"https:\\\/\\\/ecodef-ihedn.fr\\\/?s={search_term_string}\"},\"query-input\":{\"@type\":\"PropertyValueSpecification\",\"valueRequired\":true,\"valueName\":\"search_term_string\"}}],\"inLanguage\":\"en-GB\"},{\"@type\":\"Organization\",\"@id\":\"https:\\\/\\\/ecodef-ihedn.fr\\\/#organization\",\"name\":\"Chaire \u00c9conomie de d\u00e9fense - IHEDN\",\"url\":\"https:\\\/\\\/ecodef-ihedn.fr\\\/\",\"logo\":{\"@type\":\"ImageObject\",\"inLanguage\":\"en-GB\",\"@id\":\"https:\\\/\\\/ecodef-ihedn.fr\\\/#\\\/schema\\\/logo\\\/image\\\/\",\"url\":\"https:\\\/\\\/ecodef-ihedn.fr\\\/wp-content\\\/uploads\\\/2020\\\/04\\\/logoEcodef9.jpg\",\"contentUrl\":\"https:\\\/\\\/ecodef-ihedn.fr\\\/wp-content\\\/uploads\\\/2020\\\/04\\\/logoEcodef9.jpg\",\"width\":410,\"height\":212,\"caption\":\"Chaire \u00c9conomie de d\u00e9fense - IHEDN\"},\"image\":{\"@id\":\"https:\\\/\\\/ecodef-ihedn.fr\\\/#\\\/schema\\\/logo\\\/image\\\/\"},\"sameAs\":[\"https:\\\/\\\/x.com\\\/Chaire_Ecodef\",\"https:\\\/\\\/www.linkedin.com\\\/company\\\/chaire-ecodef-ihedn\\\/\"]},{\"@type\":\"Person\",\"@id\":\"https:\\\/\\\/ecodef-ihedn.fr\\\/#\\\/schema\\\/person\\\/7b3f1a2d8fd336e0be2f9ff63ff0ebbc\",\"name\":\"dev\",\"image\":{\"@type\":\"ImageObject\",\"inLanguage\":\"en-GB\",\"@id\":\"https:\\\/\\\/secure.gravatar.com\\\/avatar\\\/f1ffcac9ca2fa95ad3ec33e9be3ade82f752acb0cabe541e56c5889225afa88a?s=96&d=mm&r=g\",\"url\":\"https:\\\/\\\/secure.gravatar.com\\\/avatar\\\/f1ffcac9ca2fa95ad3ec33e9be3ade82f752acb0cabe541e56c5889225afa88a?s=96&d=mm&r=g\",\"contentUrl\":\"https:\\\/\\\/secure.gravatar.com\\\/avatar\\\/f1ffcac9ca2fa95ad3ec33e9be3ade82f752acb0cabe541e56c5889225afa88a?s=96&d=mm&r=g\",\"caption\":\"dev\"},\"url\":\"https:\\\/\\\/ecodef-ihedn.fr\\\/en\\\/author\\\/dev\\\/\"}]}<\/script>\n<!-- \/ Yoast SEO plugin. -->","yoast_head_json":{"title":"Intervention de la Chaire \u00c9conomie de D\u00e9fense \u00e0 la Conf\u00e9rence du SIPRI \u00e0 Stockholm, les 28 et 29 janvier 2015 - Chaire \u00c9conomie de d\u00e9fense - IHEDN","robots":{"index":"index","follow":"follow","max-snippet":"max-snippet:-1","max-image-preview":"max-image-preview:large","max-video-preview":"max-video-preview:-1"},"canonical":"https:\/\/ecodef-ihedn.fr\/en\/intervention-de-la-chaire-economie-de-defense-a-la-conference-du-sipri-a-stockholm-les-28-et-29-janvier-2015\/","og_locale":"en_GB","og_type":"article","og_title":"Intervention de la Chaire \u00c9conomie de D\u00e9fense \u00e0 la Conf\u00e9rence du SIPRI \u00e0 Stockholm, les 28 et 29 janvier 2015 - Chaire \u00c9conomie de d\u00e9fense - IHEDN","og_description":"Julien Malizard, chercheur \u00e0 la Chaire \u00c9conomie de D\u00e9fense interviendra \u00e0 la Conf\u00e9rence du Stockholm International Peace Research Institute (SIPRI) pour pr\u00e9senter et \u00e9changer sur ses recherches, aupr\u00e8s d&rsquo;un groupe de scientifiques et d&rsquo;\u00e9conomistes issus de 11 pays. Pour plus d&rsquo;informations sur la Conf\u00e9rence du SIPRI : ici &nbsp; &nbsp;","og_url":"https:\/\/ecodef-ihedn.fr\/en\/intervention-de-la-chaire-economie-de-defense-a-la-conference-du-sipri-a-stockholm-les-28-et-29-janvier-2015\/","og_site_name":"Chaire \u00c9conomie de d\u00e9fense - IHEDN","article_published_time":"2016-01-29T00:00:00+00:00","article_modified_time":"2020-04-09T13:29:16+00:00","og_image":[{"width":755,"height":414,"url":"https:\/\/ecodef-ihedn.fr\/wp-content\/uploads\/2020\/02\/ecole-militaire-paris-1.jpg","type":"image\/jpeg"}],"author":"dev","twitter_card":"summary_large_image","twitter_creator":"@Chaire_Ecodef","twitter_site":"@Chaire_Ecodef","twitter_misc":{"Written by":"dev"},"schema":{"@context":"https:\/\/schema.org","@graph":[{"@type":"Article","@id":"https:\/\/ecodef-ihedn.fr\/intervention-de-la-chaire-economie-de-defense-a-la-conference-du-sipri-a-stockholm-les-28-et-29-janvier-2015\/#article","isPartOf":{"@id":"https:\/\/ecodef-ihedn.fr\/intervention-de-la-chaire-economie-de-defense-a-la-conference-du-sipri-a-stockholm-les-28-et-29-janvier-2015\/"},"author":{"name":"dev","@id":"https:\/\/ecodef-ihedn.fr\/#\/schema\/person\/7b3f1a2d8fd336e0be2f9ff63ff0ebbc"},"headline":"Intervention de la Chaire \u00c9conomie de D\u00e9fense \u00e0 la Conf\u00e9rence du SIPRI \u00e0 Stockholm, les 28 et 29 janvier 2015","datePublished":"2016-01-29T00:00:00+00:00","dateModified":"2020-04-09T13:29:16+00:00","mainEntityOfPage":{"@id":"https:\/\/ecodef-ihedn.fr\/intervention-de-la-chaire-economie-de-defense-a-la-conference-du-sipri-a-stockholm-les-28-et-29-janvier-2015\/"},"wordCount":71,"commentCount":0,"publisher":{"@id":"https:\/\/ecodef-ihedn.fr\/#organization"},"image":{"@id":"https:\/\/ecodef-ihedn.fr\/intervention-de-la-chaire-economie-de-defense-a-la-conference-du-sipri-a-stockholm-les-28-et-29-janvier-2015\/#primaryimage"},"thumbnailUrl":"https:\/\/ecodef-ihedn.fr\/wp-content\/uploads\/2020\/02\/ecole-militaire-paris-1.jpg","articleSection":["Activit\u00e9s : participation de la Chaire \u00e0 un \u00e9v\u00e9nement"],"inLanguage":"en-GB","potentialAction":[{"@type":"CommentAction","name":"Comment","target":["https:\/\/ecodef-ihedn.fr\/intervention-de-la-chaire-economie-de-defense-a-la-conference-du-sipri-a-stockholm-les-28-et-29-janvier-2015\/#respond"]}]},{"@type":"WebPage","@id":"https:\/\/ecodef-ihedn.fr\/intervention-de-la-chaire-economie-de-defense-a-la-conference-du-sipri-a-stockholm-les-28-et-29-janvier-2015\/","url":"https:\/\/ecodef-ihedn.fr\/intervention-de-la-chaire-economie-de-defense-a-la-conference-du-sipri-a-stockholm-les-28-et-29-janvier-2015\/","name":"Intervention de la Chaire \u00c9conomie de D\u00e9fense \u00e0 la Conf\u00e9rence du SIPRI \u00e0 Stockholm, les 28 et 29 janvier 2015 - Chaire \u00c9conomie de d\u00e9fense - IHEDN","isPartOf":{"@id":"https:\/\/ecodef-ihedn.fr\/#website"},"primaryImageOfPage":{"@id":"https:\/\/ecodef-ihedn.fr\/intervention-de-la-chaire-economie-de-defense-a-la-conference-du-sipri-a-stockholm-les-28-et-29-janvier-2015\/#primaryimage"},"image":{"@id":"https:\/\/ecodef-ihedn.fr\/intervention-de-la-chaire-economie-de-defense-a-la-conference-du-sipri-a-stockholm-les-28-et-29-janvier-2015\/#primaryimage"},"thumbnailUrl":"https:\/\/ecodef-ihedn.fr\/wp-content\/uploads\/2020\/02\/ecole-militaire-paris-1.jpg","datePublished":"2016-01-29T00:00:00+00:00","dateModified":"2020-04-09T13:29:16+00:00","breadcrumb":{"@id":"https:\/\/ecodef-ihedn.fr\/intervention-de-la-chaire-economie-de-defense-a-la-conference-du-sipri-a-stockholm-les-28-et-29-janvier-2015\/#breadcrumb"},"inLanguage":"en-GB","potentialAction":[{"@type":"ReadAction","target":["https:\/\/ecodef-ihedn.fr\/intervention-de-la-chaire-economie-de-defense-a-la-conference-du-sipri-a-stockholm-les-28-et-29-janvier-2015\/"]}]},{"@type":"ImageObject","inLanguage":"en-GB","@id":"https:\/\/ecodef-ihedn.fr\/intervention-de-la-chaire-economie-de-defense-a-la-conference-du-sipri-a-stockholm-les-28-et-29-janvier-2015\/#primaryimage","url":"https:\/\/ecodef-ihedn.fr\/wp-content\/uploads\/2020\/02\/ecole-militaire-paris-1.jpg","contentUrl":"https:\/\/ecodef-ihedn.fr\/wp-content\/uploads\/2020\/02\/ecole-militaire-paris-1.jpg","width":755,"height":414},{"@type":"BreadcrumbList","@id":"https:\/\/ecodef-ihedn.fr\/intervention-de-la-chaire-economie-de-defense-a-la-conference-du-sipri-a-stockholm-les-28-et-29-janvier-2015\/#breadcrumb","itemListElement":[{"@type":"ListItem","position":1,"name":"Accueil","item":"https:\/\/ecodef-ihedn.fr\/"},{"@type":"ListItem","position":2,"name":"Intervention de la Chaire \u00c9conomie de D\u00e9fense \u00e0 la Conf\u00e9rence du SIPRI \u00e0 Stockholm, les 28 et 29 janvier 2015"}]},{"@type":"WebSite","@id":"https:\/\/ecodef-ihedn.fr\/#website","url":"https:\/\/ecodef-ihedn.fr\/","name":"Chair in Defence Economics - IHEDN","description":"Produce &amp; support, federate &amp; disseminate, act as an interface","publisher":{"@id":"https:\/\/ecodef-ihedn.fr\/#organization"},"potentialAction":[{"@type":"SearchAction","target":{"@type":"EntryPoint","urlTemplate":"https:\/\/ecodef-ihedn.fr\/?s={search_term_string}"},"query-input":{"@type":"PropertyValueSpecification","valueRequired":true,"valueName":"search_term_string"}}],"inLanguage":"en-GB"},{"@type":"Organization","@id":"https:\/\/ecodef-ihedn.fr\/#organization","name":"Chair in Defence Economics - IHEDN","url":"https:\/\/ecodef-ihedn.fr\/","logo":{"@type":"ImageObject","inLanguage":"en-GB","@id":"https:\/\/ecodef-ihedn.fr\/#\/schema\/logo\/image\/","url":"https:\/\/ecodef-ihedn.fr\/wp-content\/uploads\/2020\/04\/logoEcodef9.jpg","contentUrl":"https:\/\/ecodef-ihedn.fr\/wp-content\/uploads\/2020\/04\/logoEcodef9.jpg","width":410,"height":212,"caption":"Chaire \u00c9conomie de d\u00e9fense - IHEDN"},"image":{"@id":"https:\/\/ecodef-ihedn.fr\/#\/schema\/logo\/image\/"},"sameAs":["https:\/\/x.com\/Chaire_Ecodef","https:\/\/www.linkedin.com\/company\/chaire-ecodef-ihedn\/"]},{"@type":"Person","@id":"https:\/\/ecodef-ihedn.fr\/#\/schema\/person\/7b3f1a2d8fd336e0be2f9ff63ff0ebbc","name":"dev","image":{"@type":"ImageObject","inLanguage":"en-GB","@id":"https:\/\/secure.gravatar.com\/avatar\/f1ffcac9ca2fa95ad3ec33e9be3ade82f752acb0cabe541e56c5889225afa88a?s=96&d=mm&r=g","url":"https:\/\/secure.gravatar.com\/avatar\/f1ffcac9ca2fa95ad3ec33e9be3ade82f752acb0cabe541e56c5889225afa88a?s=96&d=mm&r=g","contentUrl":"https:\/\/secure.gravatar.com\/avatar\/f1ffcac9ca2fa95ad3ec33e9be3ade82f752acb0cabe541e56c5889225afa88a?s=96&d=mm&r=g","caption":"dev"},"url":"https:\/\/ecodef-ihedn.fr\/en\/author\/dev\/"}]}},"_links":{"self":[{"href":"https:\/\/ecodef-ihedn.fr\/en\/wp-json\/wp\/v2\/posts\/900","targetHints":{"allow":["GET"]}}],"collection":[{"href":"https:\/\/ecodef-ihedn.fr\/en\/wp-json\/wp\/v2\/posts"}],"about":[{"href":"https:\/\/ecodef-ihedn.fr\/en\/wp-json\/wp\/v2\/types\/post"}],"author":[{"embeddable":true,"href":"https:\/\/ecodef-ihedn.fr\/en\/wp-json\/wp\/v2\/users\/1"}],"replies":[{"embeddable":true,"href":"https:\/\/ecodef-ihedn.fr\/en\/wp-json\/wp\/v2\/comments?post=900"}],"version-history":[{"count":1,"href":"https:\/\/ecodef-ihedn.fr\/en\/wp-json\/wp\/v2\/posts\/900\/revisions"}],"predecessor-version":[{"id":1262,"href":"https:\/\/ecodef-ihedn.fr\/en\/wp-json\/wp\/v2\/posts\/900\/revisions\/1262"}],"wp:featuredmedia":[{"embeddable":true,"href":"https:\/\/ecodef-ihedn.fr\/en\/wp-json\/wp\/v2\/media\/564"}],"wp:attachment":[{"href":"https:\/\/ecodef-ihedn.fr\/en\/wp-json\/wp\/v2\/media?parent=900"}],"wp:term":[{"taxonomy":"category","embeddable":true,"href":"https:\/\/ecodef-ihedn.fr\/en\/wp-json\/wp\/v2\/categories?post=900"},{"taxonomy":"post_tag","embeddable":true,"href":"https:\/\/ecodef-ihedn.fr\/en\/wp-json\/wp\/v2\/tags?post=900"}],"curies":[{"name":"wp","href":"https:\/\/api.w.org\/{rel}","templated":true}]}}