{"id":901,"date":"2016-02-23T00:00:00","date_gmt":"2016-02-23T00:00:00","guid":{"rendered":"https:\/\/ecodef-ihedn.fr\/les-echos-start-exportations-francaises-darmement-et-creation-demplois\/"},"modified":"2020-04-30T11:27:21","modified_gmt":"2020-04-30T11:27:21","slug":"les-echos-start-exportations-francaises-darmement-et-creation-demplois","status":"publish","type":"post","link":"https:\/\/ecodef-ihedn.fr\/en\/les-echos-start-exportations-francaises-darmement-et-creation-demplois\/","title":{"rendered":"Les Echos ' START: French arms exports and job creation"},"content":{"rendered":"<h4 class=\"copy-paste-block\" style=\"text-align: center;\">Defence: where will the 40,000 new jobs come from?<\/h4>\n<div class=\"copy-paste-block\">\n<p>Following the announcement by the Ministry of Defence to create 40,000 jobs in the sector by 2018, <a href=\"https:\/\/economie-defense.fr\/presentation\/\">Jean Belin<\/a>, Chair, was interviewed by Les Echos.\u00a0<span style=\"font-family: Arial; font-size: large;\">\u203a <\/span>START: \u201cMajor contracts have been signed by the main contractors. All sectors will be involved. The largest orders are in aeronautics, but there will also be activity in electronics, information systems and missiles... They should recruit, and this additional activity will also have an impact on the subcontracting chain.\u201d<\/p>\n<\/div>\n<p><a href=\"http:\/\/start.lesechos.fr\/actu-entreprises\/industries\/defense-ou-seront-les-40-000-nouveaux-emplois-3721.php?0MqmSjYVPzlTRJLi.99\" target=\"_blank\" rel=\"noopener noreferrer\">Read the full article<\/a><\/p>\n<p><a href=\"https:\/\/ecodef-ihedn.fr\/wp-content\/uploads\/2020\/04\/echos-start.png\" rel=\"attachment wp-att-5126\"><img loading=\"lazy\" decoding=\"async\" class=\"td-center aligncenter wp-image-5126 size-full\" src=\"https:\/\/ecodef-ihedn.fr\/wp-content\/uploads\/2020\/04\/echos-start.png\" alt=\"echos start\" width=\"426\" height=\"90\" \/><\/a><a href=\"https:\/\/ecodef-ihedn.fr\/wp-content\/uploads\/2020\/04\/rafales-1.jpg\" rel=\"attachment wp-att-5128\"><img loading=\"lazy\" decoding=\"async\" class=\"size-full wp-image-5128 aligncenter\" src=\"https:\/\/ecodef-ihedn.fr\/wp-content\/uploads\/2020\/04\/rafales-1.jpg\" alt=\"rafales\" width=\"526\" height=\"395\" \/><\/a><\/p>","protected":false},"excerpt":{"rendered":"<p>D\u00e9fense : o\u00f9 seront les 40.000 nouveaux emplois ? Suite \u00e0 l&rsquo;annonce du minist\u00e8re de la D\u00e9fense de la cr\u00e9ation de 40 000 emplois d\u2019ici \u00e0 2018 dans le secteur, Jean Belin, titulaire de la Chaire, a \u00e9t\u00e9 interrog\u00e9 par Les Echos\u00a0\u203a START : \u201cD&rsquo;importants contrats ont \u00e9t\u00e9 sign\u00e9s par les principaux maitres d&rsquo;\u0153uvre. L&rsquo;ensemble [&hellip;]<\/p>\n","protected":false},"author":1,"featured_media":902,"comment_status":"open","ping_status":"open","sticky":false,"template":"","format":"standard","meta":{"footnotes":""},"categories":[358],"tags":[],"class_list":{"0":"post-901","1":"post","2":"type-post","3":"status-publish","4":"format-standard","5":"has-post-thumbnail","7":"category-medias"},"yoast_head":"<!-- This site is optimized with the Yoast SEO plugin v27.4 - https:\/\/yoast.com\/product\/yoast-seo-wordpress\/ -->\n<title>Les \u00c9chos \u203a START : exportations fran\u00e7aises d&#039;armement et cr\u00e9ation d&#039;emplois - Chaire \u00c9conomie de d\u00e9fense - IHEDN<\/title>\n<meta name=\"robots\" content=\"index, follow, max-snippet:-1, max-image-preview:large, max-video-preview:-1\" \/>\n<link rel=\"canonical\" href=\"https:\/\/ecodef-ihedn.fr\/en\/les-echos-start-exportations-francaises-darmement-et-creation-demplois\/\" \/>\n<meta property=\"og:locale\" content=\"en_GB\" \/>\n<meta property=\"og:type\" content=\"article\" \/>\n<meta property=\"og:title\" content=\"Les \u00c9chos \u203a START : exportations fran\u00e7aises d&#039;armement et cr\u00e9ation d&#039;emplois - Chaire \u00c9conomie de d\u00e9fense - IHEDN\" \/>\n<meta property=\"og:description\" content=\"D\u00e9fense : o\u00f9 seront les 40.000 nouveaux emplois ? Suite \u00e0 l&rsquo;annonce du minist\u00e8re de la D\u00e9fense de la cr\u00e9ation de 40 000 emplois d\u2019ici \u00e0 2018 dans le secteur, Jean Belin, titulaire de la Chaire, a \u00e9t\u00e9 interrog\u00e9 par Les Echos\u00a0\u203a START : \u201cD&rsquo;importants contrats ont \u00e9t\u00e9 sign\u00e9s par les principaux maitres d&rsquo;\u0153uvre. L&rsquo;ensemble [&hellip;]\" \/>\n<meta property=\"og:url\" content=\"https:\/\/ecodef-ihedn.fr\/en\/les-echos-start-exportations-francaises-darmement-et-creation-demplois\/\" \/>\n<meta property=\"og:site_name\" content=\"Chaire \u00c9conomie de d\u00e9fense - IHEDN\" \/>\n<meta property=\"article:published_time\" content=\"2016-02-23T00:00:00+00:00\" \/>\n<meta property=\"article:modified_time\" content=\"2020-04-30T11:27:21+00:00\" \/>\n<meta property=\"og:image\" content=\"https:\/\/ecodef-ihedn.fr\/wp-content\/uploads\/2020\/04\/echos-start-e1588245957141.png\" \/>\n\t<meta property=\"og:image:width\" content=\"100\" \/>\n\t<meta property=\"og:image:height\" content=\"21\" \/>\n\t<meta property=\"og:image:type\" content=\"image\/png\" \/>\n<meta name=\"author\" content=\"dev\" \/>\n<meta name=\"twitter:card\" content=\"summary_large_image\" \/>\n<meta name=\"twitter:creator\" content=\"@Chaire_Ecodef\" \/>\n<meta name=\"twitter:site\" content=\"@Chaire_Ecodef\" \/>\n<meta name=\"twitter:label1\" content=\"Written by\" \/>\n\t<meta name=\"twitter:data1\" content=\"dev\" \/>\n\t<meta name=\"twitter:label2\" content=\"Estimated reading time\" \/>\n\t<meta name=\"twitter:data2\" content=\"1 minute\" \/>\n<script type=\"application\/ld+json\" class=\"yoast-schema-graph\">{\"@context\":\"https:\\\/\\\/schema.org\",\"@graph\":[{\"@type\":\"Article\",\"@id\":\"https:\\\/\\\/ecodef-ihedn.fr\\\/les-echos-start-exportations-francaises-darmement-et-creation-demplois\\\/#article\",\"isPartOf\":{\"@id\":\"https:\\\/\\\/ecodef-ihedn.fr\\\/les-echos-start-exportations-francaises-darmement-et-creation-demplois\\\/\"},\"author\":{\"name\":\"dev\",\"@id\":\"https:\\\/\\\/ecodef-ihedn.fr\\\/#\\\/schema\\\/person\\\/7b3f1a2d8fd336e0be2f9ff63ff0ebbc\"},\"headline\":\"Les \u00c9chos \u203a START : exportations fran\u00e7aises d&rsquo;armement et cr\u00e9ation d&#8217;emplois\",\"datePublished\":\"2016-02-23T00:00:00+00:00\",\"dateModified\":\"2020-04-30T11:27:21+00:00\",\"mainEntityOfPage\":{\"@id\":\"https:\\\/\\\/ecodef-ihedn.fr\\\/les-echos-start-exportations-francaises-darmement-et-creation-demplois\\\/\"},\"wordCount\":127,\"commentCount\":0,\"publisher\":{\"@id\":\"https:\\\/\\\/ecodef-ihedn.fr\\\/#organization\"},\"image\":{\"@id\":\"https:\\\/\\\/ecodef-ihedn.fr\\\/les-echos-start-exportations-francaises-darmement-et-creation-demplois\\\/#primaryimage\"},\"thumbnailUrl\":\"https:\\\/\\\/ecodef-ihedn.fr\\\/wp-content\\\/uploads\\\/2020\\\/04\\\/echos-start-e1588245957141.png\",\"articleSection\":[\"M\u00e9dias\"],\"inLanguage\":\"en-GB\",\"potentialAction\":[{\"@type\":\"CommentAction\",\"name\":\"Comment\",\"target\":[\"https:\\\/\\\/ecodef-ihedn.fr\\\/les-echos-start-exportations-francaises-darmement-et-creation-demplois\\\/#respond\"]}]},{\"@type\":\"WebPage\",\"@id\":\"https:\\\/\\\/ecodef-ihedn.fr\\\/les-echos-start-exportations-francaises-darmement-et-creation-demplois\\\/\",\"url\":\"https:\\\/\\\/ecodef-ihedn.fr\\\/les-echos-start-exportations-francaises-darmement-et-creation-demplois\\\/\",\"name\":\"Les \u00c9chos \u203a START : exportations fran\u00e7aises d'armement et cr\u00e9ation d'emplois - Chaire \u00c9conomie de d\u00e9fense - IHEDN\",\"isPartOf\":{\"@id\":\"https:\\\/\\\/ecodef-ihedn.fr\\\/#website\"},\"primaryImageOfPage\":{\"@id\":\"https:\\\/\\\/ecodef-ihedn.fr\\\/les-echos-start-exportations-francaises-darmement-et-creation-demplois\\\/#primaryimage\"},\"image\":{\"@id\":\"https:\\\/\\\/ecodef-ihedn.fr\\\/les-echos-start-exportations-francaises-darmement-et-creation-demplois\\\/#primaryimage\"},\"thumbnailUrl\":\"https:\\\/\\\/ecodef-ihedn.fr\\\/wp-content\\\/uploads\\\/2020\\\/04\\\/echos-start-e1588245957141.png\",\"datePublished\":\"2016-02-23T00:00:00+00:00\",\"dateModified\":\"2020-04-30T11:27:21+00:00\",\"breadcrumb\":{\"@id\":\"https:\\\/\\\/ecodef-ihedn.fr\\\/les-echos-start-exportations-francaises-darmement-et-creation-demplois\\\/#breadcrumb\"},\"inLanguage\":\"en-GB\",\"potentialAction\":[{\"@type\":\"ReadAction\",\"target\":[\"https:\\\/\\\/ecodef-ihedn.fr\\\/les-echos-start-exportations-francaises-darmement-et-creation-demplois\\\/\"]}]},{\"@type\":\"ImageObject\",\"inLanguage\":\"en-GB\",\"@id\":\"https:\\\/\\\/ecodef-ihedn.fr\\\/les-echos-start-exportations-francaises-darmement-et-creation-demplois\\\/#primaryimage\",\"url\":\"https:\\\/\\\/ecodef-ihedn.fr\\\/wp-content\\\/uploads\\\/2020\\\/04\\\/echos-start-e1588245957141.png\",\"contentUrl\":\"https:\\\/\\\/ecodef-ihedn.fr\\\/wp-content\\\/uploads\\\/2020\\\/04\\\/echos-start-e1588245957141.png\",\"width\":100,\"height\":21},{\"@type\":\"BreadcrumbList\",\"@id\":\"https:\\\/\\\/ecodef-ihedn.fr\\\/les-echos-start-exportations-francaises-darmement-et-creation-demplois\\\/#breadcrumb\",\"itemListElement\":[{\"@type\":\"ListItem\",\"position\":1,\"name\":\"Accueil\",\"item\":\"https:\\\/\\\/ecodef-ihedn.fr\\\/\"},{\"@type\":\"ListItem\",\"position\":2,\"name\":\"Les \u00c9chos \u203a START : exportations fran\u00e7aises d&#8217;armement et cr\u00e9ation d&#8217;emplois\"}]},{\"@type\":\"WebSite\",\"@id\":\"https:\\\/\\\/ecodef-ihedn.fr\\\/#website\",\"url\":\"https:\\\/\\\/ecodef-ihedn.fr\\\/\",\"name\":\"Chaire \u00c9conomie de D\u00e9fense - IHEDN\",\"description\":\"Produire &amp; soutenir, f\u00e9d\u00e9rer &amp; diffuser, \u00eatre une interface\",\"publisher\":{\"@id\":\"https:\\\/\\\/ecodef-ihedn.fr\\\/#organization\"},\"potentialAction\":[{\"@type\":\"SearchAction\",\"target\":{\"@type\":\"EntryPoint\",\"urlTemplate\":\"https:\\\/\\\/ecodef-ihedn.fr\\\/?s={search_term_string}\"},\"query-input\":{\"@type\":\"PropertyValueSpecification\",\"valueRequired\":true,\"valueName\":\"search_term_string\"}}],\"inLanguage\":\"en-GB\"},{\"@type\":\"Organization\",\"@id\":\"https:\\\/\\\/ecodef-ihedn.fr\\\/#organization\",\"name\":\"Chaire \u00c9conomie de d\u00e9fense - IHEDN\",\"url\":\"https:\\\/\\\/ecodef-ihedn.fr\\\/\",\"logo\":{\"@type\":\"ImageObject\",\"inLanguage\":\"en-GB\",\"@id\":\"https:\\\/\\\/ecodef-ihedn.fr\\\/#\\\/schema\\\/logo\\\/image\\\/\",\"url\":\"https:\\\/\\\/ecodef-ihedn.fr\\\/wp-content\\\/uploads\\\/2020\\\/04\\\/logoEcodef9.jpg\",\"contentUrl\":\"https:\\\/\\\/ecodef-ihedn.fr\\\/wp-content\\\/uploads\\\/2020\\\/04\\\/logoEcodef9.jpg\",\"width\":410,\"height\":212,\"caption\":\"Chaire \u00c9conomie de d\u00e9fense - IHEDN\"},\"image\":{\"@id\":\"https:\\\/\\\/ecodef-ihedn.fr\\\/#\\\/schema\\\/logo\\\/image\\\/\"},\"sameAs\":[\"https:\\\/\\\/x.com\\\/Chaire_Ecodef\",\"https:\\\/\\\/www.linkedin.com\\\/company\\\/chaire-ecodef-ihedn\\\/\"]},{\"@type\":\"Person\",\"@id\":\"https:\\\/\\\/ecodef-ihedn.fr\\\/#\\\/schema\\\/person\\\/7b3f1a2d8fd336e0be2f9ff63ff0ebbc\",\"name\":\"dev\",\"image\":{\"@type\":\"ImageObject\",\"inLanguage\":\"en-GB\",\"@id\":\"https:\\\/\\\/secure.gravatar.com\\\/avatar\\\/f1ffcac9ca2fa95ad3ec33e9be3ade82f752acb0cabe541e56c5889225afa88a?s=96&d=mm&r=g\",\"url\":\"https:\\\/\\\/secure.gravatar.com\\\/avatar\\\/f1ffcac9ca2fa95ad3ec33e9be3ade82f752acb0cabe541e56c5889225afa88a?s=96&d=mm&r=g\",\"contentUrl\":\"https:\\\/\\\/secure.gravatar.com\\\/avatar\\\/f1ffcac9ca2fa95ad3ec33e9be3ade82f752acb0cabe541e56c5889225afa88a?s=96&d=mm&r=g\",\"caption\":\"dev\"},\"url\":\"https:\\\/\\\/ecodef-ihedn.fr\\\/en\\\/author\\\/dev\\\/\"}]}<\/script>\n<!-- \/ Yoast SEO plugin. -->","yoast_head_json":{"title":"Les \u00c9chos \u203a START : exportations fran\u00e7aises d'armement et cr\u00e9ation d'emplois - Chaire \u00c9conomie de d\u00e9fense - IHEDN","robots":{"index":"index","follow":"follow","max-snippet":"max-snippet:-1","max-image-preview":"max-image-preview:large","max-video-preview":"max-video-preview:-1"},"canonical":"https:\/\/ecodef-ihedn.fr\/en\/les-echos-start-exportations-francaises-darmement-et-creation-demplois\/","og_locale":"en_GB","og_type":"article","og_title":"Les \u00c9chos \u203a START : exportations fran\u00e7aises d'armement et cr\u00e9ation d'emplois - Chaire \u00c9conomie de d\u00e9fense - IHEDN","og_description":"D\u00e9fense : o\u00f9 seront les 40.000 nouveaux emplois ? Suite \u00e0 l&rsquo;annonce du minist\u00e8re de la D\u00e9fense de la cr\u00e9ation de 40 000 emplois d\u2019ici \u00e0 2018 dans le secteur, Jean Belin, titulaire de la Chaire, a \u00e9t\u00e9 interrog\u00e9 par Les Echos\u00a0\u203a START : \u201cD&rsquo;importants contrats ont \u00e9t\u00e9 sign\u00e9s par les principaux maitres d&rsquo;\u0153uvre. L&rsquo;ensemble [&hellip;]","og_url":"https:\/\/ecodef-ihedn.fr\/en\/les-echos-start-exportations-francaises-darmement-et-creation-demplois\/","og_site_name":"Chaire \u00c9conomie de d\u00e9fense - IHEDN","article_published_time":"2016-02-23T00:00:00+00:00","article_modified_time":"2020-04-30T11:27:21+00:00","og_image":[{"width":100,"height":21,"url":"https:\/\/ecodef-ihedn.fr\/wp-content\/uploads\/2020\/04\/echos-start-e1588245957141.png","type":"image\/png"}],"author":"dev","twitter_card":"summary_large_image","twitter_creator":"@Chaire_Ecodef","twitter_site":"@Chaire_Ecodef","twitter_misc":{"Written by":"dev","Estimated reading time":"1 minute"},"schema":{"@context":"https:\/\/schema.org","@graph":[{"@type":"Article","@id":"https:\/\/ecodef-ihedn.fr\/les-echos-start-exportations-francaises-darmement-et-creation-demplois\/#article","isPartOf":{"@id":"https:\/\/ecodef-ihedn.fr\/les-echos-start-exportations-francaises-darmement-et-creation-demplois\/"},"author":{"name":"dev","@id":"https:\/\/ecodef-ihedn.fr\/#\/schema\/person\/7b3f1a2d8fd336e0be2f9ff63ff0ebbc"},"headline":"Les \u00c9chos \u203a START : exportations fran\u00e7aises d&rsquo;armement et cr\u00e9ation d&#8217;emplois","datePublished":"2016-02-23T00:00:00+00:00","dateModified":"2020-04-30T11:27:21+00:00","mainEntityOfPage":{"@id":"https:\/\/ecodef-ihedn.fr\/les-echos-start-exportations-francaises-darmement-et-creation-demplois\/"},"wordCount":127,"commentCount":0,"publisher":{"@id":"https:\/\/ecodef-ihedn.fr\/#organization"},"image":{"@id":"https:\/\/ecodef-ihedn.fr\/les-echos-start-exportations-francaises-darmement-et-creation-demplois\/#primaryimage"},"thumbnailUrl":"https:\/\/ecodef-ihedn.fr\/wp-content\/uploads\/2020\/04\/echos-start-e1588245957141.png","articleSection":["M\u00e9dias"],"inLanguage":"en-GB","potentialAction":[{"@type":"CommentAction","name":"Comment","target":["https:\/\/ecodef-ihedn.fr\/les-echos-start-exportations-francaises-darmement-et-creation-demplois\/#respond"]}]},{"@type":"WebPage","@id":"https:\/\/ecodef-ihedn.fr\/les-echos-start-exportations-francaises-darmement-et-creation-demplois\/","url":"https:\/\/ecodef-ihedn.fr\/les-echos-start-exportations-francaises-darmement-et-creation-demplois\/","name":"Les \u00c9chos \u203a START : exportations fran\u00e7aises d'armement et cr\u00e9ation d'emplois - Chaire \u00c9conomie de d\u00e9fense - IHEDN","isPartOf":{"@id":"https:\/\/ecodef-ihedn.fr\/#website"},"primaryImageOfPage":{"@id":"https:\/\/ecodef-ihedn.fr\/les-echos-start-exportations-francaises-darmement-et-creation-demplois\/#primaryimage"},"image":{"@id":"https:\/\/ecodef-ihedn.fr\/les-echos-start-exportations-francaises-darmement-et-creation-demplois\/#primaryimage"},"thumbnailUrl":"https:\/\/ecodef-ihedn.fr\/wp-content\/uploads\/2020\/04\/echos-start-e1588245957141.png","datePublished":"2016-02-23T00:00:00+00:00","dateModified":"2020-04-30T11:27:21+00:00","breadcrumb":{"@id":"https:\/\/ecodef-ihedn.fr\/les-echos-start-exportations-francaises-darmement-et-creation-demplois\/#breadcrumb"},"inLanguage":"en-GB","potentialAction":[{"@type":"ReadAction","target":["https:\/\/ecodef-ihedn.fr\/les-echos-start-exportations-francaises-darmement-et-creation-demplois\/"]}]},{"@type":"ImageObject","inLanguage":"en-GB","@id":"https:\/\/ecodef-ihedn.fr\/les-echos-start-exportations-francaises-darmement-et-creation-demplois\/#primaryimage","url":"https:\/\/ecodef-ihedn.fr\/wp-content\/uploads\/2020\/04\/echos-start-e1588245957141.png","contentUrl":"https:\/\/ecodef-ihedn.fr\/wp-content\/uploads\/2020\/04\/echos-start-e1588245957141.png","width":100,"height":21},{"@type":"BreadcrumbList","@id":"https:\/\/ecodef-ihedn.fr\/les-echos-start-exportations-francaises-darmement-et-creation-demplois\/#breadcrumb","itemListElement":[{"@type":"ListItem","position":1,"name":"Accueil","item":"https:\/\/ecodef-ihedn.fr\/"},{"@type":"ListItem","position":2,"name":"Les \u00c9chos \u203a START : exportations fran\u00e7aises d&#8217;armement et cr\u00e9ation d&#8217;emplois"}]},{"@type":"WebSite","@id":"https:\/\/ecodef-ihedn.fr\/#website","url":"https:\/\/ecodef-ihedn.fr\/","name":"Chair in Defence Economics - IHEDN","description":"Produce &amp; support, federate &amp; disseminate, act as an interface","publisher":{"@id":"https:\/\/ecodef-ihedn.fr\/#organization"},"potentialAction":[{"@type":"SearchAction","target":{"@type":"EntryPoint","urlTemplate":"https:\/\/ecodef-ihedn.fr\/?s={search_term_string}"},"query-input":{"@type":"PropertyValueSpecification","valueRequired":true,"valueName":"search_term_string"}}],"inLanguage":"en-GB"},{"@type":"Organization","@id":"https:\/\/ecodef-ihedn.fr\/#organization","name":"Chair in Defence Economics - IHEDN","url":"https:\/\/ecodef-ihedn.fr\/","logo":{"@type":"ImageObject","inLanguage":"en-GB","@id":"https:\/\/ecodef-ihedn.fr\/#\/schema\/logo\/image\/","url":"https:\/\/ecodef-ihedn.fr\/wp-content\/uploads\/2020\/04\/logoEcodef9.jpg","contentUrl":"https:\/\/ecodef-ihedn.fr\/wp-content\/uploads\/2020\/04\/logoEcodef9.jpg","width":410,"height":212,"caption":"Chaire \u00c9conomie de d\u00e9fense - IHEDN"},"image":{"@id":"https:\/\/ecodef-ihedn.fr\/#\/schema\/logo\/image\/"},"sameAs":["https:\/\/x.com\/Chaire_Ecodef","https:\/\/www.linkedin.com\/company\/chaire-ecodef-ihedn\/"]},{"@type":"Person","@id":"https:\/\/ecodef-ihedn.fr\/#\/schema\/person\/7b3f1a2d8fd336e0be2f9ff63ff0ebbc","name":"dev","image":{"@type":"ImageObject","inLanguage":"en-GB","@id":"https:\/\/secure.gravatar.com\/avatar\/f1ffcac9ca2fa95ad3ec33e9be3ade82f752acb0cabe541e56c5889225afa88a?s=96&d=mm&r=g","url":"https:\/\/secure.gravatar.com\/avatar\/f1ffcac9ca2fa95ad3ec33e9be3ade82f752acb0cabe541e56c5889225afa88a?s=96&d=mm&r=g","contentUrl":"https:\/\/secure.gravatar.com\/avatar\/f1ffcac9ca2fa95ad3ec33e9be3ade82f752acb0cabe541e56c5889225afa88a?s=96&d=mm&r=g","caption":"dev"},"url":"https:\/\/ecodef-ihedn.fr\/en\/author\/dev\/"}]}},"_links":{"self":[{"href":"https:\/\/ecodef-ihedn.fr\/en\/wp-json\/wp\/v2\/posts\/901","targetHints":{"allow":["GET"]}}],"collection":[{"href":"https:\/\/ecodef-ihedn.fr\/en\/wp-json\/wp\/v2\/posts"}],"about":[{"href":"https:\/\/ecodef-ihedn.fr\/en\/wp-json\/wp\/v2\/types\/post"}],"author":[{"embeddable":true,"href":"https:\/\/ecodef-ihedn.fr\/en\/wp-json\/wp\/v2\/users\/1"}],"replies":[{"embeddable":true,"href":"https:\/\/ecodef-ihedn.fr\/en\/wp-json\/wp\/v2\/comments?post=901"}],"version-history":[{"count":3,"href":"https:\/\/ecodef-ihedn.fr\/en\/wp-json\/wp\/v2\/posts\/901\/revisions"}],"predecessor-version":[{"id":1700,"href":"https:\/\/ecodef-ihedn.fr\/en\/wp-json\/wp\/v2\/posts\/901\/revisions\/1700"}],"wp:featuredmedia":[{"embeddable":true,"href":"https:\/\/ecodef-ihedn.fr\/en\/wp-json\/wp\/v2\/media\/902"}],"wp:attachment":[{"href":"https:\/\/ecodef-ihedn.fr\/en\/wp-json\/wp\/v2\/media?parent=901"}],"wp:term":[{"taxonomy":"category","embeddable":true,"href":"https:\/\/ecodef-ihedn.fr\/en\/wp-json\/wp\/v2\/categories?post=901"},{"taxonomy":"post_tag","embeddable":true,"href":"https:\/\/ecodef-ihedn.fr\/en\/wp-json\/wp\/v2\/tags?post=901"}],"curies":[{"name":"wp","href":"https:\/\/api.w.org\/{rel}","templated":true}]}}