{"id":9014,"date":"2026-01-12T09:59:05","date_gmt":"2026-01-12T09:59:05","guid":{"rendered":"https:\/\/ecodef-ihedn.fr\/?p=9014"},"modified":"2026-03-04T14:31:57","modified_gmt":"2026-03-04T14:31:57","slug":"participation-de-la-chaire-a-la-conference-assa-2026-a-philadelphie-etats-unis","status":"publish","type":"post","link":"https:\/\/ecodef-ihedn.fr\/en\/participation-de-la-chaire-a-la-conference-assa-2026-a-philadelphie-etats-unis\/","title":{"rendered":"Participation of the Chair in the ASSA 2026 conference in Philadelphia, USA"},"content":{"rendered":"<h3><strong>Julien Malizard<\/strong> and <strong>Josselin Droff<\/strong> attended the annual meeting of the\u2019<em>Allied Social Science Associations (ASSA)<\/em><\/h3>\r\n<p>&nbsp;<\/p>\r\n<p><img loading=\"lazy\" decoding=\"async\" class=\"aligncenter wp-image-9015 size-full\" src=\"https:\/\/ecodef-ihedn.fr\/wp-content\/uploads\/2026\/01\/logo_7.png\" alt=\"\" width=\"276\" height=\"150\" \/><\/p>\r\n<p>The annual meeting of the\u2019<a href=\"https:\/\/www.aeaweb.org\/conference\/about\" target=\"_blank\" rel=\"noopener\"><em>Allied Social Science Associations (ASSA)<\/em><\/a>, organised by the\u2019<em><a href=\"https:\/\/www.aeaweb.org\/\" target=\"_blank\" rel=\"noopener\">American Economic Association (AEA)<\/a><\/em>, was held from 3 to 5 January 2026 in Philadelphia (United States).<\/p>\r\n<p>This event is an ideal opportunity to present and discuss research in economics and finance.<\/p>\r\n<p>Josselin Droff presented a work co-written with Julien Malizard, Lucie B\u00e9raud-Sudreau and Eva Szego, entitled <em>\u00abNew Defence in Europe: A Preliminary Investigation of the Evolving Defence Industry Frontiers\u00bb.\u00bb<\/em>.<\/p>\r\n<figure id=\"attachment_9016\" aria-describedby=\"caption-attachment-9016\" style=\"width: 1004px\" class=\"wp-caption aligncenter\"><img loading=\"lazy\" decoding=\"async\" class=\"wp-image-9016 size-full\" src=\"https:\/\/ecodef-ihedn.fr\/wp-content\/uploads\/2026\/01\/photo_1.jpeg\" alt=\"\" width=\"1004\" height=\"753\" srcset=\"https:\/\/ecodef-ihedn.fr\/wp-content\/uploads\/2026\/01\/photo_1.jpeg 1004w, https:\/\/ecodef-ihedn.fr\/wp-content\/uploads\/2026\/01\/photo_1-300x225.jpeg 300w, https:\/\/ecodef-ihedn.fr\/wp-content\/uploads\/2026\/01\/photo_1-768x576.jpeg 768w, https:\/\/ecodef-ihedn.fr\/wp-content\/uploads\/2026\/01\/photo_1-560x420.jpeg 560w, https:\/\/ecodef-ihedn.fr\/wp-content\/uploads\/2026\/01\/photo_1-80x60.jpeg 80w, https:\/\/ecodef-ihedn.fr\/wp-content\/uploads\/2026\/01\/photo_1-160x120.jpeg 160w, https:\/\/ecodef-ihedn.fr\/wp-content\/uploads\/2026\/01\/photo_1-696x522.jpeg 696w, https:\/\/ecodef-ihedn.fr\/wp-content\/uploads\/2026\/01\/photo_1-265x198.jpeg 265w\" sizes=\"auto, (max-width: 1004px) 100vw, 1004px\" \/><figcaption id=\"caption-attachment-9016\" class=\"wp-caption-text\">Josselin Droff at the AEA ASSA 2026<\/figcaption><\/figure>\r\n<p>The presentation focused on the definition and development of the sector <em>\u00abNew Defence\u00bb<\/em>\u00a0in Europe, with a focus on competitive dynamics in various fast-growing markets (aerial, naval and land-based drones, minisatellites).<\/p>\r\n<p>Using statistical data collected and compiled by the authors on more than three hundred companies active in these different markets in Europe, the presentation addressed several key questions:<\/p>\r\n<ul>\r\n<li>What is a <em>\u00abNew Defence\u00bb<\/em> ?<\/li>\r\n<li>How can we identify and measure this emerging sector?<\/li>\r\n<li>How do these new players differ from the sector's traditional manufacturers?<\/li>\r\n<li>How can the <em>\u00abNew Defence\u00bb<\/em> contribute to a better understanding and improvement of defence industrial policy?<\/li>\r\n<\/ul>\r\n<p>These considerations are particularly relevant in the current European context, characterised by the strengthening of defence policies and by decisive strategic choices in terms of acquisitions and industrial organisation.<\/p>\r\n<p>The conference provided an opportunity for a rich exchange of views on these issues, particularly with our American counterparts, who are also keeping a close eye on developments in the defence industrial and technological base on the other side of the Atlantic.<\/p>","protected":false},"excerpt":{"rendered":"<p>Julien Malizard et Josselin Droff ont particip\u00e9 \u00e0 la r\u00e9union annuelle de l&rsquo;Allied Social Science Associations (ASSA) &nbsp; La r\u00e9union annuelle de l\u2019Allied Social Science Associations (ASSA), organis\u00e9e par l\u2019American Economic Association (AEA), s\u2019est tenue du 3 au 5 janvier 2026 \u00e0 Philadelphie (\u00c9tats-Unis). Cet \u00e9v\u00e9nement constitue un cadre privil\u00e9gi\u00e9 pour la pr\u00e9sentation et la [&hellip;]<\/p>\n","protected":false},"author":2,"featured_media":9016,"comment_status":"open","ping_status":"open","sticky":false,"template":"","format":"standard","meta":{"footnotes":""},"categories":[34,356],"tags":[824,825,823,826,162,41,37,47,676,739,792,576,202,86,558,751,793,827,828],"class_list":{"0":"post-9014","1":"post","2":"type-post","3":"status-publish","4":"format-standard","5":"has-post-thumbnail","7":"category-activites","8":"category-activites-participation-de-la-chaire-a-un-evenement","9":"tag-aea","10":"tag-allied-social-science-associations","11":"tag-american-economic-association","12":"tag-assa","13":"tag-chaire-economie-de-defense","14":"tag-conference","15":"tag-economie","16":"tag-economie-de-defense","17":"tag-enjeux-industriels","18":"tag-etats-unis","19":"tag-eva-szego","20":"tag-finance","21":"tag-josselin-droff","22":"tag-julien-malizard","23":"tag-lucie-beraud-sudreau","24":"tag-marche-de-larmement","25":"tag-new-defence","26":"tag-philadelphie","27":"tag-usa"},"yoast_head":"<!-- This site is optimized with the Yoast SEO plugin v27.4 - https:\/\/yoast.com\/product\/yoast-seo-wordpress\/ -->\n<title>Participation de la Chaire \u00e0 la conf\u00e9rence ASSA 2026 \u00e0 Philadelphie, \u00c9tats-Unis - Chaire \u00c9conomie de d\u00e9fense - IHEDN<\/title>\n<meta name=\"robots\" content=\"index, follow, max-snippet:-1, max-image-preview:large, max-video-preview:-1\" \/>\n<link rel=\"canonical\" href=\"https:\/\/ecodef-ihedn.fr\/en\/participation-de-la-chaire-a-la-conference-assa-2026-a-philadelphie-etats-unis\/\" \/>\n<meta property=\"og:locale\" content=\"en_GB\" \/>\n<meta property=\"og:type\" content=\"article\" \/>\n<meta property=\"og:title\" content=\"Participation de la Chaire \u00e0 la conf\u00e9rence ASSA 2026 \u00e0 Philadelphie, \u00c9tats-Unis - Chaire \u00c9conomie de d\u00e9fense - IHEDN\" \/>\n<meta property=\"og:description\" content=\"Julien Malizard et Josselin Droff ont particip\u00e9 \u00e0 la r\u00e9union annuelle de l&rsquo;Allied Social Science Associations (ASSA) &nbsp; La r\u00e9union annuelle de l\u2019Allied Social Science Associations (ASSA), organis\u00e9e par l\u2019American Economic Association (AEA), s\u2019est tenue du 3 au 5 janvier 2026 \u00e0 Philadelphie (\u00c9tats-Unis). Cet \u00e9v\u00e9nement constitue un cadre privil\u00e9gi\u00e9 pour la pr\u00e9sentation et la [&hellip;]\" \/>\n<meta property=\"og:url\" content=\"https:\/\/ecodef-ihedn.fr\/en\/participation-de-la-chaire-a-la-conference-assa-2026-a-philadelphie-etats-unis\/\" \/>\n<meta property=\"og:site_name\" content=\"Chaire \u00c9conomie de d\u00e9fense - IHEDN\" \/>\n<meta property=\"article:published_time\" content=\"2026-01-12T09:59:05+00:00\" \/>\n<meta property=\"article:modified_time\" content=\"2026-03-04T14:31:57+00:00\" \/>\n<meta property=\"og:image\" content=\"https:\/\/ecodef-ihedn.fr\/wp-content\/uploads\/2026\/01\/photo_1.jpeg\" \/>\n\t<meta property=\"og:image:width\" content=\"1004\" \/>\n\t<meta property=\"og:image:height\" content=\"753\" \/>\n\t<meta property=\"og:image:type\" content=\"image\/jpeg\" \/>\n<meta name=\"author\" content=\"Bertrand Demandre\" \/>\n<meta name=\"twitter:card\" content=\"summary_large_image\" \/>\n<meta name=\"twitter:creator\" content=\"@Chaire_Ecodef\" \/>\n<meta name=\"twitter:site\" content=\"@Chaire_Ecodef\" \/>\n<meta name=\"twitter:label1\" content=\"Written by\" \/>\n\t<meta name=\"twitter:data1\" content=\"Bertrand Demandre\" \/>\n\t<meta name=\"twitter:label2\" content=\"Estimated reading time\" \/>\n\t<meta name=\"twitter:data2\" content=\"3 minutes\" \/>\n<script type=\"application\/ld+json\" class=\"yoast-schema-graph\">{\"@context\":\"https:\\\/\\\/schema.org\",\"@graph\":[{\"@type\":\"Article\",\"@id\":\"https:\\\/\\\/ecodef-ihedn.fr\\\/participation-de-la-chaire-a-la-conference-assa-2026-a-philadelphie-etats-unis\\\/#article\",\"isPartOf\":{\"@id\":\"https:\\\/\\\/ecodef-ihedn.fr\\\/participation-de-la-chaire-a-la-conference-assa-2026-a-philadelphie-etats-unis\\\/\"},\"author\":{\"name\":\"Bertrand Demandre\",\"@id\":\"https:\\\/\\\/ecodef-ihedn.fr\\\/#\\\/schema\\\/person\\\/1cdf22d028cebe278126a6e07a884d30\"},\"headline\":\"Participation de la Chaire \u00e0 la conf\u00e9rence ASSA 2026 \u00e0 Philadelphie, \u00c9tats-Unis\",\"datePublished\":\"2026-01-12T09:59:05+00:00\",\"dateModified\":\"2026-03-04T14:31:57+00:00\",\"mainEntityOfPage\":{\"@id\":\"https:\\\/\\\/ecodef-ihedn.fr\\\/participation-de-la-chaire-a-la-conference-assa-2026-a-philadelphie-etats-unis\\\/\"},\"wordCount\":340,\"commentCount\":0,\"publisher\":{\"@id\":\"https:\\\/\\\/ecodef-ihedn.fr\\\/#organization\"},\"image\":{\"@id\":\"https:\\\/\\\/ecodef-ihedn.fr\\\/participation-de-la-chaire-a-la-conference-assa-2026-a-philadelphie-etats-unis\\\/#primaryimage\"},\"thumbnailUrl\":\"https:\\\/\\\/ecodef-ihedn.fr\\\/wp-content\\\/uploads\\\/2026\\\/01\\\/photo_1.jpeg\",\"keywords\":[\"AEA\",\"Allied Social Science Associations\",\"American Economic Association\",\"ASSA\",\"chaire \u00e9conomie de d\u00e9fense\",\"conf\u00e9rence\",\"\u00e9conomie\",\"\u00e9conomie de d\u00e9fense\",\"enjeux industriels\",\"Etats-Unis\",\"Eva Szego\",\"finance\",\"Josselin Droff\",\"Julien Malizard\",\"Lucie B\u00e9raud-Sudreau\",\"march\u00e9 de l'armement\",\"new defence\",\"Philadelphie\",\"USA\"],\"articleSection\":[\"Activit\u00e9s\",\"Activit\u00e9s : participation de la Chaire \u00e0 un \u00e9v\u00e9nement\"],\"inLanguage\":\"en-GB\",\"potentialAction\":[{\"@type\":\"CommentAction\",\"name\":\"Comment\",\"target\":[\"https:\\\/\\\/ecodef-ihedn.fr\\\/participation-de-la-chaire-a-la-conference-assa-2026-a-philadelphie-etats-unis\\\/#respond\"]}]},{\"@type\":\"WebPage\",\"@id\":\"https:\\\/\\\/ecodef-ihedn.fr\\\/participation-de-la-chaire-a-la-conference-assa-2026-a-philadelphie-etats-unis\\\/\",\"url\":\"https:\\\/\\\/ecodef-ihedn.fr\\\/participation-de-la-chaire-a-la-conference-assa-2026-a-philadelphie-etats-unis\\\/\",\"name\":\"Participation de la Chaire \u00e0 la conf\u00e9rence ASSA 2026 \u00e0 Philadelphie, \u00c9tats-Unis - Chaire \u00c9conomie de d\u00e9fense - IHEDN\",\"isPartOf\":{\"@id\":\"https:\\\/\\\/ecodef-ihedn.fr\\\/#website\"},\"primaryImageOfPage\":{\"@id\":\"https:\\\/\\\/ecodef-ihedn.fr\\\/participation-de-la-chaire-a-la-conference-assa-2026-a-philadelphie-etats-unis\\\/#primaryimage\"},\"image\":{\"@id\":\"https:\\\/\\\/ecodef-ihedn.fr\\\/participation-de-la-chaire-a-la-conference-assa-2026-a-philadelphie-etats-unis\\\/#primaryimage\"},\"thumbnailUrl\":\"https:\\\/\\\/ecodef-ihedn.fr\\\/wp-content\\\/uploads\\\/2026\\\/01\\\/photo_1.jpeg\",\"datePublished\":\"2026-01-12T09:59:05+00:00\",\"dateModified\":\"2026-03-04T14:31:57+00:00\",\"breadcrumb\":{\"@id\":\"https:\\\/\\\/ecodef-ihedn.fr\\\/participation-de-la-chaire-a-la-conference-assa-2026-a-philadelphie-etats-unis\\\/#breadcrumb\"},\"inLanguage\":\"en-GB\",\"potentialAction\":[{\"@type\":\"ReadAction\",\"target\":[\"https:\\\/\\\/ecodef-ihedn.fr\\\/participation-de-la-chaire-a-la-conference-assa-2026-a-philadelphie-etats-unis\\\/\"]}]},{\"@type\":\"ImageObject\",\"inLanguage\":\"en-GB\",\"@id\":\"https:\\\/\\\/ecodef-ihedn.fr\\\/participation-de-la-chaire-a-la-conference-assa-2026-a-philadelphie-etats-unis\\\/#primaryimage\",\"url\":\"https:\\\/\\\/ecodef-ihedn.fr\\\/wp-content\\\/uploads\\\/2026\\\/01\\\/photo_1.jpeg\",\"contentUrl\":\"https:\\\/\\\/ecodef-ihedn.fr\\\/wp-content\\\/uploads\\\/2026\\\/01\\\/photo_1.jpeg\",\"width\":1004,\"height\":753},{\"@type\":\"BreadcrumbList\",\"@id\":\"https:\\\/\\\/ecodef-ihedn.fr\\\/participation-de-la-chaire-a-la-conference-assa-2026-a-philadelphie-etats-unis\\\/#breadcrumb\",\"itemListElement\":[{\"@type\":\"ListItem\",\"position\":1,\"name\":\"Accueil\",\"item\":\"https:\\\/\\\/ecodef-ihedn.fr\\\/\"},{\"@type\":\"ListItem\",\"position\":2,\"name\":\"Participation de la Chaire \u00e0 la conf\u00e9rence ASSA 2026 \u00e0 Philadelphie, \u00c9tats-Unis\"}]},{\"@type\":\"WebSite\",\"@id\":\"https:\\\/\\\/ecodef-ihedn.fr\\\/#website\",\"url\":\"https:\\\/\\\/ecodef-ihedn.fr\\\/\",\"name\":\"Chaire \u00c9conomie de D\u00e9fense - IHEDN\",\"description\":\"Produire &amp; soutenir, f\u00e9d\u00e9rer &amp; diffuser, \u00eatre une interface\",\"publisher\":{\"@id\":\"https:\\\/\\\/ecodef-ihedn.fr\\\/#organization\"},\"potentialAction\":[{\"@type\":\"SearchAction\",\"target\":{\"@type\":\"EntryPoint\",\"urlTemplate\":\"https:\\\/\\\/ecodef-ihedn.fr\\\/?s={search_term_string}\"},\"query-input\":{\"@type\":\"PropertyValueSpecification\",\"valueRequired\":true,\"valueName\":\"search_term_string\"}}],\"inLanguage\":\"en-GB\"},{\"@type\":\"Organization\",\"@id\":\"https:\\\/\\\/ecodef-ihedn.fr\\\/#organization\",\"name\":\"Chaire \u00c9conomie de d\u00e9fense - IHEDN\",\"url\":\"https:\\\/\\\/ecodef-ihedn.fr\\\/\",\"logo\":{\"@type\":\"ImageObject\",\"inLanguage\":\"en-GB\",\"@id\":\"https:\\\/\\\/ecodef-ihedn.fr\\\/#\\\/schema\\\/logo\\\/image\\\/\",\"url\":\"https:\\\/\\\/ecodef-ihedn.fr\\\/wp-content\\\/uploads\\\/2020\\\/04\\\/logoEcodef9.jpg\",\"contentUrl\":\"https:\\\/\\\/ecodef-ihedn.fr\\\/wp-content\\\/uploads\\\/2020\\\/04\\\/logoEcodef9.jpg\",\"width\":410,\"height\":212,\"caption\":\"Chaire \u00c9conomie de d\u00e9fense - IHEDN\"},\"image\":{\"@id\":\"https:\\\/\\\/ecodef-ihedn.fr\\\/#\\\/schema\\\/logo\\\/image\\\/\"},\"sameAs\":[\"https:\\\/\\\/x.com\\\/Chaire_Ecodef\",\"https:\\\/\\\/www.linkedin.com\\\/company\\\/chaire-ecodef-ihedn\\\/\"]},{\"@type\":\"Person\",\"@id\":\"https:\\\/\\\/ecodef-ihedn.fr\\\/#\\\/schema\\\/person\\\/1cdf22d028cebe278126a6e07a884d30\",\"name\":\"Bertrand Demandre\",\"image\":{\"@type\":\"ImageObject\",\"inLanguage\":\"en-GB\",\"@id\":\"https:\\\/\\\/secure.gravatar.com\\\/avatar\\\/d9c9746d6c900ab5b9c0f9b1fa3932e369da923da247d624b8f7ab4ba8a3c093?s=96&d=mm&r=g\",\"url\":\"https:\\\/\\\/secure.gravatar.com\\\/avatar\\\/d9c9746d6c900ab5b9c0f9b1fa3932e369da923da247d624b8f7ab4ba8a3c093?s=96&d=mm&r=g\",\"contentUrl\":\"https:\\\/\\\/secure.gravatar.com\\\/avatar\\\/d9c9746d6c900ab5b9c0f9b1fa3932e369da923da247d624b8f7ab4ba8a3c093?s=96&d=mm&r=g\",\"caption\":\"Bertrand Demandre\"},\"url\":\"https:\\\/\\\/ecodef-ihedn.fr\\\/en\\\/author\\\/bertrand\\\/\"}]}<\/script>\n<!-- \/ Yoast SEO plugin. -->","yoast_head_json":{"title":"Participation de la Chaire \u00e0 la conf\u00e9rence ASSA 2026 \u00e0 Philadelphie, \u00c9tats-Unis - Chaire \u00c9conomie de d\u00e9fense - IHEDN","robots":{"index":"index","follow":"follow","max-snippet":"max-snippet:-1","max-image-preview":"max-image-preview:large","max-video-preview":"max-video-preview:-1"},"canonical":"https:\/\/ecodef-ihedn.fr\/en\/participation-de-la-chaire-a-la-conference-assa-2026-a-philadelphie-etats-unis\/","og_locale":"en_GB","og_type":"article","og_title":"Participation de la Chaire \u00e0 la conf\u00e9rence ASSA 2026 \u00e0 Philadelphie, \u00c9tats-Unis - Chaire \u00c9conomie de d\u00e9fense - IHEDN","og_description":"Julien Malizard et Josselin Droff ont particip\u00e9 \u00e0 la r\u00e9union annuelle de l&rsquo;Allied Social Science Associations (ASSA) &nbsp; La r\u00e9union annuelle de l\u2019Allied Social Science Associations (ASSA), organis\u00e9e par l\u2019American Economic Association (AEA), s\u2019est tenue du 3 au 5 janvier 2026 \u00e0 Philadelphie (\u00c9tats-Unis). Cet \u00e9v\u00e9nement constitue un cadre privil\u00e9gi\u00e9 pour la pr\u00e9sentation et la [&hellip;]","og_url":"https:\/\/ecodef-ihedn.fr\/en\/participation-de-la-chaire-a-la-conference-assa-2026-a-philadelphie-etats-unis\/","og_site_name":"Chaire \u00c9conomie de d\u00e9fense - IHEDN","article_published_time":"2026-01-12T09:59:05+00:00","article_modified_time":"2026-03-04T14:31:57+00:00","og_image":[{"width":1004,"height":753,"url":"https:\/\/ecodef-ihedn.fr\/wp-content\/uploads\/2026\/01\/photo_1.jpeg","type":"image\/jpeg"}],"author":"Bertrand Demandre","twitter_card":"summary_large_image","twitter_creator":"@Chaire_Ecodef","twitter_site":"@Chaire_Ecodef","twitter_misc":{"Written by":"Bertrand Demandre","Estimated reading time":"3 minutes"},"schema":{"@context":"https:\/\/schema.org","@graph":[{"@type":"Article","@id":"https:\/\/ecodef-ihedn.fr\/participation-de-la-chaire-a-la-conference-assa-2026-a-philadelphie-etats-unis\/#article","isPartOf":{"@id":"https:\/\/ecodef-ihedn.fr\/participation-de-la-chaire-a-la-conference-assa-2026-a-philadelphie-etats-unis\/"},"author":{"name":"Bertrand Demandre","@id":"https:\/\/ecodef-ihedn.fr\/#\/schema\/person\/1cdf22d028cebe278126a6e07a884d30"},"headline":"Participation de la Chaire \u00e0 la conf\u00e9rence ASSA 2026 \u00e0 Philadelphie, \u00c9tats-Unis","datePublished":"2026-01-12T09:59:05+00:00","dateModified":"2026-03-04T14:31:57+00:00","mainEntityOfPage":{"@id":"https:\/\/ecodef-ihedn.fr\/participation-de-la-chaire-a-la-conference-assa-2026-a-philadelphie-etats-unis\/"},"wordCount":340,"commentCount":0,"publisher":{"@id":"https:\/\/ecodef-ihedn.fr\/#organization"},"image":{"@id":"https:\/\/ecodef-ihedn.fr\/participation-de-la-chaire-a-la-conference-assa-2026-a-philadelphie-etats-unis\/#primaryimage"},"thumbnailUrl":"https:\/\/ecodef-ihedn.fr\/wp-content\/uploads\/2026\/01\/photo_1.jpeg","keywords":["AEA","Allied Social Science Associations","American Economic Association","ASSA","chaire \u00e9conomie de d\u00e9fense","conf\u00e9rence","\u00e9conomie","\u00e9conomie de d\u00e9fense","enjeux industriels","Etats-Unis","Eva Szego","finance","Josselin Droff","Julien Malizard","Lucie B\u00e9raud-Sudreau","march\u00e9 de l'armement","new defence","Philadelphie","USA"],"articleSection":["Activit\u00e9s","Activit\u00e9s : participation de la Chaire \u00e0 un \u00e9v\u00e9nement"],"inLanguage":"en-GB","potentialAction":[{"@type":"CommentAction","name":"Comment","target":["https:\/\/ecodef-ihedn.fr\/participation-de-la-chaire-a-la-conference-assa-2026-a-philadelphie-etats-unis\/#respond"]}]},{"@type":"WebPage","@id":"https:\/\/ecodef-ihedn.fr\/participation-de-la-chaire-a-la-conference-assa-2026-a-philadelphie-etats-unis\/","url":"https:\/\/ecodef-ihedn.fr\/participation-de-la-chaire-a-la-conference-assa-2026-a-philadelphie-etats-unis\/","name":"Participation de la Chaire \u00e0 la conf\u00e9rence ASSA 2026 \u00e0 Philadelphie, \u00c9tats-Unis - Chaire \u00c9conomie de d\u00e9fense - IHEDN","isPartOf":{"@id":"https:\/\/ecodef-ihedn.fr\/#website"},"primaryImageOfPage":{"@id":"https:\/\/ecodef-ihedn.fr\/participation-de-la-chaire-a-la-conference-assa-2026-a-philadelphie-etats-unis\/#primaryimage"},"image":{"@id":"https:\/\/ecodef-ihedn.fr\/participation-de-la-chaire-a-la-conference-assa-2026-a-philadelphie-etats-unis\/#primaryimage"},"thumbnailUrl":"https:\/\/ecodef-ihedn.fr\/wp-content\/uploads\/2026\/01\/photo_1.jpeg","datePublished":"2026-01-12T09:59:05+00:00","dateModified":"2026-03-04T14:31:57+00:00","breadcrumb":{"@id":"https:\/\/ecodef-ihedn.fr\/participation-de-la-chaire-a-la-conference-assa-2026-a-philadelphie-etats-unis\/#breadcrumb"},"inLanguage":"en-GB","potentialAction":[{"@type":"ReadAction","target":["https:\/\/ecodef-ihedn.fr\/participation-de-la-chaire-a-la-conference-assa-2026-a-philadelphie-etats-unis\/"]}]},{"@type":"ImageObject","inLanguage":"en-GB","@id":"https:\/\/ecodef-ihedn.fr\/participation-de-la-chaire-a-la-conference-assa-2026-a-philadelphie-etats-unis\/#primaryimage","url":"https:\/\/ecodef-ihedn.fr\/wp-content\/uploads\/2026\/01\/photo_1.jpeg","contentUrl":"https:\/\/ecodef-ihedn.fr\/wp-content\/uploads\/2026\/01\/photo_1.jpeg","width":1004,"height":753},{"@type":"BreadcrumbList","@id":"https:\/\/ecodef-ihedn.fr\/participation-de-la-chaire-a-la-conference-assa-2026-a-philadelphie-etats-unis\/#breadcrumb","itemListElement":[{"@type":"ListItem","position":1,"name":"Accueil","item":"https:\/\/ecodef-ihedn.fr\/"},{"@type":"ListItem","position":2,"name":"Participation de la Chaire \u00e0 la conf\u00e9rence ASSA 2026 \u00e0 Philadelphie, \u00c9tats-Unis"}]},{"@type":"WebSite","@id":"https:\/\/ecodef-ihedn.fr\/#website","url":"https:\/\/ecodef-ihedn.fr\/","name":"Chair in Defence Economics - IHEDN","description":"Produce &amp; support, federate &amp; disseminate, act as an interface","publisher":{"@id":"https:\/\/ecodef-ihedn.fr\/#organization"},"potentialAction":[{"@type":"SearchAction","target":{"@type":"EntryPoint","urlTemplate":"https:\/\/ecodef-ihedn.fr\/?s={search_term_string}"},"query-input":{"@type":"PropertyValueSpecification","valueRequired":true,"valueName":"search_term_string"}}],"inLanguage":"en-GB"},{"@type":"Organization","@id":"https:\/\/ecodef-ihedn.fr\/#organization","name":"Chair in Defence Economics - IHEDN","url":"https:\/\/ecodef-ihedn.fr\/","logo":{"@type":"ImageObject","inLanguage":"en-GB","@id":"https:\/\/ecodef-ihedn.fr\/#\/schema\/logo\/image\/","url":"https:\/\/ecodef-ihedn.fr\/wp-content\/uploads\/2020\/04\/logoEcodef9.jpg","contentUrl":"https:\/\/ecodef-ihedn.fr\/wp-content\/uploads\/2020\/04\/logoEcodef9.jpg","width":410,"height":212,"caption":"Chaire \u00c9conomie de d\u00e9fense - IHEDN"},"image":{"@id":"https:\/\/ecodef-ihedn.fr\/#\/schema\/logo\/image\/"},"sameAs":["https:\/\/x.com\/Chaire_Ecodef","https:\/\/www.linkedin.com\/company\/chaire-ecodef-ihedn\/"]},{"@type":"Person","@id":"https:\/\/ecodef-ihedn.fr\/#\/schema\/person\/1cdf22d028cebe278126a6e07a884d30","name":"Bertrand Demandre","image":{"@type":"ImageObject","inLanguage":"en-GB","@id":"https:\/\/secure.gravatar.com\/avatar\/d9c9746d6c900ab5b9c0f9b1fa3932e369da923da247d624b8f7ab4ba8a3c093?s=96&d=mm&r=g","url":"https:\/\/secure.gravatar.com\/avatar\/d9c9746d6c900ab5b9c0f9b1fa3932e369da923da247d624b8f7ab4ba8a3c093?s=96&d=mm&r=g","contentUrl":"https:\/\/secure.gravatar.com\/avatar\/d9c9746d6c900ab5b9c0f9b1fa3932e369da923da247d624b8f7ab4ba8a3c093?s=96&d=mm&r=g","caption":"Bertrand Demandre"},"url":"https:\/\/ecodef-ihedn.fr\/en\/author\/bertrand\/"}]}},"_links":{"self":[{"href":"https:\/\/ecodef-ihedn.fr\/en\/wp-json\/wp\/v2\/posts\/9014","targetHints":{"allow":["GET"]}}],"collection":[{"href":"https:\/\/ecodef-ihedn.fr\/en\/wp-json\/wp\/v2\/posts"}],"about":[{"href":"https:\/\/ecodef-ihedn.fr\/en\/wp-json\/wp\/v2\/types\/post"}],"author":[{"embeddable":true,"href":"https:\/\/ecodef-ihedn.fr\/en\/wp-json\/wp\/v2\/users\/2"}],"replies":[{"embeddable":true,"href":"https:\/\/ecodef-ihedn.fr\/en\/wp-json\/wp\/v2\/comments?post=9014"}],"version-history":[{"count":3,"href":"https:\/\/ecodef-ihedn.fr\/en\/wp-json\/wp\/v2\/posts\/9014\/revisions"}],"predecessor-version":[{"id":9019,"href":"https:\/\/ecodef-ihedn.fr\/en\/wp-json\/wp\/v2\/posts\/9014\/revisions\/9019"}],"wp:featuredmedia":[{"embeddable":true,"href":"https:\/\/ecodef-ihedn.fr\/en\/wp-json\/wp\/v2\/media\/9016"}],"wp:attachment":[{"href":"https:\/\/ecodef-ihedn.fr\/en\/wp-json\/wp\/v2\/media?parent=9014"}],"wp:term":[{"taxonomy":"category","embeddable":true,"href":"https:\/\/ecodef-ihedn.fr\/en\/wp-json\/wp\/v2\/categories?post=9014"},{"taxonomy":"post_tag","embeddable":true,"href":"https:\/\/ecodef-ihedn.fr\/en\/wp-json\/wp\/v2\/tags?post=9014"}],"curies":[{"name":"wp","href":"https:\/\/api.w.org\/{rel}","templated":true}]}}