{"id":9029,"date":"2026-02-13T10:31:44","date_gmt":"2026-02-13T10:31:44","guid":{"rendered":"https:\/\/ecodef-ihedn.fr\/?p=9029"},"modified":"2026-03-05T08:52:05","modified_gmt":"2026-03-05T08:52:05","slug":"bulletin-de-lecodef-4-le-rarmement-de-leurope-julien-malizard","status":"publish","type":"post","link":"https:\/\/ecodef-ihedn.fr\/en\/bulletin-de-lecodef-4-le-rarmement-de-leurope-julien-malizard\/","title":{"rendered":"Bulletin de l'ECODEF #4 \u00ab Le r\u00e9armement de l'Europe \u00bb (Julien MALIZARD)"},"content":{"rendered":"<p class=\"wp-block-gallery-1 is-layout-flex wp-block-gallery-is-layout-flex\"><a href=\"https:\/\/ecodef-ihedn.fr\/wp-content\/uploads\/2026\/02\/Bulletin-de-lECODEF-N4-1.png\"><img loading=\"lazy\" decoding=\"async\" class=\"aligncenter wp-image-9036 size-full\" src=\"https:\/\/ecodef-ihedn.fr\/wp-content\/uploads\/2026\/02\/Bulletin-de-lECODEF-N4-1.png\" alt=\"\" width=\"906\" height=\"334\" srcset=\"https:\/\/ecodef-ihedn.fr\/wp-content\/uploads\/2026\/02\/Bulletin-de-lECODEF-N4-1.png 906w, https:\/\/ecodef-ihedn.fr\/wp-content\/uploads\/2026\/02\/Bulletin-de-lECODEF-N4-1-300x111.png 300w, https:\/\/ecodef-ihedn.fr\/wp-content\/uploads\/2026\/02\/Bulletin-de-lECODEF-N4-1-768x283.png 768w, https:\/\/ecodef-ihedn.fr\/wp-content\/uploads\/2026\/02\/Bulletin-de-lECODEF-N4-1-696x257.png 696w\" sizes=\"auto, (max-width: 906px) 100vw, 906px\" \/><\/a><\/p>\r\n<h2 style=\"text-align: center;\">ECODEF newsletter #4<\/h2>\r\n<h2 style=\"text-align: center;\"><strong>Rearming Europe<\/strong><\/h2>\r\n<div class=\"wp-block-buttons\">\r\n<div class=\"wp-block-button aligncenter is-style-round\" style=\"text-align: center;\">\r\n<h3 style=\"text-align: center;\">The Defence Economics Chair - IHEDN is pleased to present the <strong>fourth issue<\/strong> of its Bulletin de l'ECODEF<\/h3>\r\n<br \/>This <strong>bimonthly format<\/strong> is intended to provide a summary of the work carried out by the Chair, to provide information on the issues addressed and to stimulate reflection on the various challenges facing the defence economy.<\/div>\r\n<div>\u00a0<\/div>\r\n<div class=\"wp-block-button aligncenter is-style-round\" style=\"text-align: center;\">This issue, proposed by <strong>Julien Malizard<\/strong>, the Chair, is devoted to <strong>rearming Europe<\/strong>, This was the theme of the conference held on 19 November at the French National Assembly.<\/div>\r\n<div>\u00a0<\/div>\r\n<div class=\"wp-block-button aligncenter is-style-round\" style=\"text-align: center;\">This document may be freely distributed.<\/div>\r\n<div>\u00a0<\/div>\r\n<div class=\"wp-block-button aligncenter is-style-round\" style=\"text-align: center;\">We hope you enjoy reading it.<\/div>\r\n<div>\u00a0<\/div>\r\n<div class=\"wp-block-button aligncenter is-style-round\" style=\"text-align: center;\"><a href=\"https:\/\/ecodef-ihedn.fr\/wp-content\/uploads\/2026\/02\/2026-02-Bulletin-de-lECODEF-N4.pdf\" target=\"_blank\" rel=\"noopener\"><span class=\"td_btn td_btn_md td_default_btn\">read the ECODEF Bulletin #4<\/span><\/a><\/div>\r\n<div>\u00a0<\/div>\r\n<div class=\"wp-block-button aligncenter is-style-round\" style=\"text-align: center;\">On the <a href=\"https:\/\/www.youtube.com\/@chaire_Ecodef_IHEDN\/featured\" target=\"_blank\" rel=\"noopener\"><strong>YouTube channel of the Chair<\/strong><\/a> previously organised conferences and webinars.<\/div>\r\n<\/div>\r\n<p><\/p>\r\n<p><\/p>\r\n<p><\/p>","protected":false},"excerpt":{"rendered":"","protected":false},"author":2,"featured_media":9035,"comment_status":"open","ping_status":"open","sticky":false,"template":"","format":"standard","meta":{"footnotes":""},"categories":[787,350,352,584],"tags":[726,244,594,788,163,438,37,47,178,366,38,437,86,619,94,547,536],"class_list":{"0":"post-9029","1":"post","2":"type-post","3":"status-publish","4":"format-standard","5":"has-post-thumbnail","7":"category-bulletin-de-lecodef","8":"category-publications","9":"category-thematique-2-determinants-et-impacts-de-la-depense-de-defense","10":"category-thematique-6-enjeux-strategiques","11":"tag-academie-de-defense-de-lecole-militaire","12":"tag-assemblee-nationale","13":"tag-budgets-de-defense","14":"tag-bulletin-de-lecodef","15":"tag-conference-annuelle","16":"tag-ecodef","17":"tag-economie","18":"tag-economie-de-defense","19":"tag-europe","20":"tag-france","21":"tag-ihedn","22":"tag-investissements-de-defense","23":"tag-julien-malizard","24":"tag-publication","25":"tag-publications-chaire-economie-de-defense","26":"tag-rearmement","27":"tag-ukraine"},"yoast_head":"<!-- This site is optimized with the Yoast SEO plugin v27.4 - https:\/\/yoast.com\/product\/yoast-seo-wordpress\/ -->\n<title>Bulletin de l&#039;ECODEF #4 &quot;Le r\u00e9armement de l&#039;Europe&quot; (Julien MALIZARD) - Chaire \u00c9conomie de d\u00e9fense - IHEDN<\/title>\n<meta name=\"robots\" content=\"index, follow, max-snippet:-1, max-image-preview:large, max-video-preview:-1\" \/>\n<link rel=\"canonical\" href=\"https:\/\/ecodef-ihedn.fr\/en\/bulletin-de-lecodef-4-le-rarmement-de-leurope-julien-malizard\/\" \/>\n<meta property=\"og:locale\" content=\"en_GB\" \/>\n<meta property=\"og:type\" content=\"article\" \/>\n<meta property=\"og:title\" content=\"Bulletin de l&#039;ECODEF #4 &quot;Le r\u00e9armement de l&#039;Europe&quot; (Julien MALIZARD) - Chaire \u00c9conomie de d\u00e9fense - IHEDN\" \/>\n<meta property=\"og:url\" content=\"https:\/\/ecodef-ihedn.fr\/en\/bulletin-de-lecodef-4-le-rarmement-de-leurope-julien-malizard\/\" \/>\n<meta property=\"og:site_name\" content=\"Chaire \u00c9conomie de d\u00e9fense - IHEDN\" \/>\n<meta property=\"article:published_time\" content=\"2026-02-13T10:31:44+00:00\" \/>\n<meta property=\"article:modified_time\" content=\"2026-03-05T08:52:05+00:00\" \/>\n<meta property=\"og:image\" content=\"https:\/\/ecodef-ihedn.fr\/wp-content\/uploads\/2026\/02\/Bulletin-de-lECODEF-N4-7-5.png\" \/>\n\t<meta property=\"og:image:width\" content=\"700\" \/>\n\t<meta property=\"og:image:height\" content=\"500\" \/>\n\t<meta property=\"og:image:type\" content=\"image\/png\" \/>\n<meta name=\"author\" content=\"Bertrand Demandre\" \/>\n<meta name=\"twitter:card\" content=\"summary_large_image\" \/>\n<meta name=\"twitter:creator\" content=\"@Chaire_Ecodef\" \/>\n<meta name=\"twitter:site\" content=\"@Chaire_Ecodef\" \/>\n<meta name=\"twitter:label1\" content=\"Written by\" \/>\n\t<meta name=\"twitter:data1\" content=\"Bertrand Demandre\" \/>\n\t<meta name=\"twitter:label2\" content=\"Estimated reading time\" \/>\n\t<meta name=\"twitter:data2\" content=\"2 minutes\" \/>\n<script type=\"application\/ld+json\" class=\"yoast-schema-graph\">{\"@context\":\"https:\\\/\\\/schema.org\",\"@graph\":[{\"@type\":\"Article\",\"@id\":\"https:\\\/\\\/ecodef-ihedn.fr\\\/bulletin-de-lecodef-4-le-rarmement-de-leurope-julien-malizard\\\/#article\",\"isPartOf\":{\"@id\":\"https:\\\/\\\/ecodef-ihedn.fr\\\/bulletin-de-lecodef-4-le-rarmement-de-leurope-julien-malizard\\\/\"},\"author\":{\"name\":\"Bertrand Demandre\",\"@id\":\"https:\\\/\\\/ecodef-ihedn.fr\\\/#\\\/schema\\\/person\\\/1cdf22d028cebe278126a6e07a884d30\"},\"headline\":\"Bulletin de l&rsquo;ECODEF #4 \u00ab\u00a0Le r\u00e9armement de l&rsquo;Europe\u00a0\u00bb (Julien MALIZARD)\",\"datePublished\":\"2026-02-13T10:31:44+00:00\",\"dateModified\":\"2026-03-05T08:52:05+00:00\",\"mainEntityOfPage\":{\"@id\":\"https:\\\/\\\/ecodef-ihedn.fr\\\/bulletin-de-lecodef-4-le-rarmement-de-leurope-julien-malizard\\\/\"},\"wordCount\":159,\"commentCount\":0,\"publisher\":{\"@id\":\"https:\\\/\\\/ecodef-ihedn.fr\\\/#organization\"},\"image\":{\"@id\":\"https:\\\/\\\/ecodef-ihedn.fr\\\/bulletin-de-lecodef-4-le-rarmement-de-leurope-julien-malizard\\\/#primaryimage\"},\"thumbnailUrl\":\"https:\\\/\\\/ecodef-ihedn.fr\\\/wp-content\\\/uploads\\\/2026\\\/02\\\/Bulletin-de-lECODEF-N4-7-5.png\",\"keywords\":[\"Acad\u00e9mie de d\u00e9fense de l'\u00c9cole militaire\",\"assembl\u00e9e nationale\",\"budgets de d\u00e9fense\",\"Bulletin de l'ECODEF\",\"conf\u00e9rence annuelle\",\"ecodef\",\"\u00e9conomie\",\"\u00e9conomie de d\u00e9fense\",\"Europe\",\"France\",\"IHEDN\",\"investissements de d\u00e9fense\",\"Julien Malizard\",\"publication\",\"Publications Chaire Economie de D\u00e9fense\",\"r\u00e9armement\",\"Ukraine\"],\"articleSection\":[\"Bulletin de l'ECODEF\",\"Publications\",\"Th\u00e9matique 2 : d\u00e9terminants et impacts de la d\u00e9pense de d\u00e9fense\",\"Th\u00e9matique 6 : enjeux strat\u00e9giques\"],\"inLanguage\":\"en-GB\",\"potentialAction\":[{\"@type\":\"CommentAction\",\"name\":\"Comment\",\"target\":[\"https:\\\/\\\/ecodef-ihedn.fr\\\/bulletin-de-lecodef-4-le-rarmement-de-leurope-julien-malizard\\\/#respond\"]}]},{\"@type\":\"WebPage\",\"@id\":\"https:\\\/\\\/ecodef-ihedn.fr\\\/bulletin-de-lecodef-4-le-rarmement-de-leurope-julien-malizard\\\/\",\"url\":\"https:\\\/\\\/ecodef-ihedn.fr\\\/bulletin-de-lecodef-4-le-rarmement-de-leurope-julien-malizard\\\/\",\"name\":\"Bulletin de l'ECODEF #4 \\\"Le r\u00e9armement de l'Europe\\\" (Julien MALIZARD) - Chaire \u00c9conomie de d\u00e9fense - IHEDN\",\"isPartOf\":{\"@id\":\"https:\\\/\\\/ecodef-ihedn.fr\\\/#website\"},\"primaryImageOfPage\":{\"@id\":\"https:\\\/\\\/ecodef-ihedn.fr\\\/bulletin-de-lecodef-4-le-rarmement-de-leurope-julien-malizard\\\/#primaryimage\"},\"image\":{\"@id\":\"https:\\\/\\\/ecodef-ihedn.fr\\\/bulletin-de-lecodef-4-le-rarmement-de-leurope-julien-malizard\\\/#primaryimage\"},\"thumbnailUrl\":\"https:\\\/\\\/ecodef-ihedn.fr\\\/wp-content\\\/uploads\\\/2026\\\/02\\\/Bulletin-de-lECODEF-N4-7-5.png\",\"datePublished\":\"2026-02-13T10:31:44+00:00\",\"dateModified\":\"2026-03-05T08:52:05+00:00\",\"breadcrumb\":{\"@id\":\"https:\\\/\\\/ecodef-ihedn.fr\\\/bulletin-de-lecodef-4-le-rarmement-de-leurope-julien-malizard\\\/#breadcrumb\"},\"inLanguage\":\"en-GB\",\"potentialAction\":[{\"@type\":\"ReadAction\",\"target\":[\"https:\\\/\\\/ecodef-ihedn.fr\\\/bulletin-de-lecodef-4-le-rarmement-de-leurope-julien-malizard\\\/\"]}]},{\"@type\":\"ImageObject\",\"inLanguage\":\"en-GB\",\"@id\":\"https:\\\/\\\/ecodef-ihedn.fr\\\/bulletin-de-lecodef-4-le-rarmement-de-leurope-julien-malizard\\\/#primaryimage\",\"url\":\"https:\\\/\\\/ecodef-ihedn.fr\\\/wp-content\\\/uploads\\\/2026\\\/02\\\/Bulletin-de-lECODEF-N4-7-5.png\",\"contentUrl\":\"https:\\\/\\\/ecodef-ihedn.fr\\\/wp-content\\\/uploads\\\/2026\\\/02\\\/Bulletin-de-lECODEF-N4-7-5.png\",\"width\":700,\"height\":500},{\"@type\":\"BreadcrumbList\",\"@id\":\"https:\\\/\\\/ecodef-ihedn.fr\\\/bulletin-de-lecodef-4-le-rarmement-de-leurope-julien-malizard\\\/#breadcrumb\",\"itemListElement\":[{\"@type\":\"ListItem\",\"position\":1,\"name\":\"Accueil\",\"item\":\"https:\\\/\\\/ecodef-ihedn.fr\\\/\"},{\"@type\":\"ListItem\",\"position\":2,\"name\":\"Bulletin de l&rsquo;ECODEF #4 \u00ab\u00a0Le r\u00e9armement de l&rsquo;Europe\u00a0\u00bb (Julien MALIZARD)\"}]},{\"@type\":\"WebSite\",\"@id\":\"https:\\\/\\\/ecodef-ihedn.fr\\\/#website\",\"url\":\"https:\\\/\\\/ecodef-ihedn.fr\\\/\",\"name\":\"Chaire \u00c9conomie de D\u00e9fense - IHEDN\",\"description\":\"Produire &amp; soutenir, f\u00e9d\u00e9rer &amp; diffuser, \u00eatre une interface\",\"publisher\":{\"@id\":\"https:\\\/\\\/ecodef-ihedn.fr\\\/#organization\"},\"potentialAction\":[{\"@type\":\"SearchAction\",\"target\":{\"@type\":\"EntryPoint\",\"urlTemplate\":\"https:\\\/\\\/ecodef-ihedn.fr\\\/?s={search_term_string}\"},\"query-input\":{\"@type\":\"PropertyValueSpecification\",\"valueRequired\":true,\"valueName\":\"search_term_string\"}}],\"inLanguage\":\"en-GB\"},{\"@type\":\"Organization\",\"@id\":\"https:\\\/\\\/ecodef-ihedn.fr\\\/#organization\",\"name\":\"Chaire \u00c9conomie de d\u00e9fense - IHEDN\",\"url\":\"https:\\\/\\\/ecodef-ihedn.fr\\\/\",\"logo\":{\"@type\":\"ImageObject\",\"inLanguage\":\"en-GB\",\"@id\":\"https:\\\/\\\/ecodef-ihedn.fr\\\/#\\\/schema\\\/logo\\\/image\\\/\",\"url\":\"https:\\\/\\\/ecodef-ihedn.fr\\\/wp-content\\\/uploads\\\/2020\\\/04\\\/logoEcodef9.jpg\",\"contentUrl\":\"https:\\\/\\\/ecodef-ihedn.fr\\\/wp-content\\\/uploads\\\/2020\\\/04\\\/logoEcodef9.jpg\",\"width\":410,\"height\":212,\"caption\":\"Chaire \u00c9conomie de d\u00e9fense - IHEDN\"},\"image\":{\"@id\":\"https:\\\/\\\/ecodef-ihedn.fr\\\/#\\\/schema\\\/logo\\\/image\\\/\"},\"sameAs\":[\"https:\\\/\\\/x.com\\\/Chaire_Ecodef\",\"https:\\\/\\\/www.linkedin.com\\\/company\\\/chaire-ecodef-ihedn\\\/\"]},{\"@type\":\"Person\",\"@id\":\"https:\\\/\\\/ecodef-ihedn.fr\\\/#\\\/schema\\\/person\\\/1cdf22d028cebe278126a6e07a884d30\",\"name\":\"Bertrand Demandre\",\"image\":{\"@type\":\"ImageObject\",\"inLanguage\":\"en-GB\",\"@id\":\"https:\\\/\\\/secure.gravatar.com\\\/avatar\\\/d9c9746d6c900ab5b9c0f9b1fa3932e369da923da247d624b8f7ab4ba8a3c093?s=96&d=mm&r=g\",\"url\":\"https:\\\/\\\/secure.gravatar.com\\\/avatar\\\/d9c9746d6c900ab5b9c0f9b1fa3932e369da923da247d624b8f7ab4ba8a3c093?s=96&d=mm&r=g\",\"contentUrl\":\"https:\\\/\\\/secure.gravatar.com\\\/avatar\\\/d9c9746d6c900ab5b9c0f9b1fa3932e369da923da247d624b8f7ab4ba8a3c093?s=96&d=mm&r=g\",\"caption\":\"Bertrand Demandre\"},\"url\":\"https:\\\/\\\/ecodef-ihedn.fr\\\/en\\\/author\\\/bertrand\\\/\"}]}<\/script>\n<!-- \/ Yoast SEO plugin. -->","yoast_head_json":{"title":"Bulletin de l'ECODEF #4 \"Le r\u00e9armement de l'Europe\" (Julien MALIZARD) - Chaire \u00c9conomie de d\u00e9fense - IHEDN","robots":{"index":"index","follow":"follow","max-snippet":"max-snippet:-1","max-image-preview":"max-image-preview:large","max-video-preview":"max-video-preview:-1"},"canonical":"https:\/\/ecodef-ihedn.fr\/en\/bulletin-de-lecodef-4-le-rarmement-de-leurope-julien-malizard\/","og_locale":"en_GB","og_type":"article","og_title":"Bulletin de l'ECODEF #4 \"Le r\u00e9armement de l'Europe\" (Julien MALIZARD) - Chaire \u00c9conomie de d\u00e9fense - IHEDN","og_url":"https:\/\/ecodef-ihedn.fr\/en\/bulletin-de-lecodef-4-le-rarmement-de-leurope-julien-malizard\/","og_site_name":"Chaire \u00c9conomie de d\u00e9fense - IHEDN","article_published_time":"2026-02-13T10:31:44+00:00","article_modified_time":"2026-03-05T08:52:05+00:00","og_image":[{"width":700,"height":500,"url":"https:\/\/ecodef-ihedn.fr\/wp-content\/uploads\/2026\/02\/Bulletin-de-lECODEF-N4-7-5.png","type":"image\/png"}],"author":"Bertrand Demandre","twitter_card":"summary_large_image","twitter_creator":"@Chaire_Ecodef","twitter_site":"@Chaire_Ecodef","twitter_misc":{"Written by":"Bertrand Demandre","Estimated reading time":"2 minutes"},"schema":{"@context":"https:\/\/schema.org","@graph":[{"@type":"Article","@id":"https:\/\/ecodef-ihedn.fr\/bulletin-de-lecodef-4-le-rarmement-de-leurope-julien-malizard\/#article","isPartOf":{"@id":"https:\/\/ecodef-ihedn.fr\/bulletin-de-lecodef-4-le-rarmement-de-leurope-julien-malizard\/"},"author":{"name":"Bertrand Demandre","@id":"https:\/\/ecodef-ihedn.fr\/#\/schema\/person\/1cdf22d028cebe278126a6e07a884d30"},"headline":"Bulletin de l&rsquo;ECODEF #4 \u00ab\u00a0Le r\u00e9armement de l&rsquo;Europe\u00a0\u00bb (Julien MALIZARD)","datePublished":"2026-02-13T10:31:44+00:00","dateModified":"2026-03-05T08:52:05+00:00","mainEntityOfPage":{"@id":"https:\/\/ecodef-ihedn.fr\/bulletin-de-lecodef-4-le-rarmement-de-leurope-julien-malizard\/"},"wordCount":159,"commentCount":0,"publisher":{"@id":"https:\/\/ecodef-ihedn.fr\/#organization"},"image":{"@id":"https:\/\/ecodef-ihedn.fr\/bulletin-de-lecodef-4-le-rarmement-de-leurope-julien-malizard\/#primaryimage"},"thumbnailUrl":"https:\/\/ecodef-ihedn.fr\/wp-content\/uploads\/2026\/02\/Bulletin-de-lECODEF-N4-7-5.png","keywords":["Acad\u00e9mie de d\u00e9fense de l'\u00c9cole militaire","assembl\u00e9e nationale","budgets de d\u00e9fense","Bulletin de l'ECODEF","conf\u00e9rence annuelle","ecodef","\u00e9conomie","\u00e9conomie de d\u00e9fense","Europe","France","IHEDN","investissements de d\u00e9fense","Julien Malizard","publication","Publications Chaire Economie de D\u00e9fense","r\u00e9armement","Ukraine"],"articleSection":["Bulletin de l'ECODEF","Publications","Th\u00e9matique 2 : d\u00e9terminants et impacts de la d\u00e9pense de d\u00e9fense","Th\u00e9matique 6 : enjeux strat\u00e9giques"],"inLanguage":"en-GB","potentialAction":[{"@type":"CommentAction","name":"Comment","target":["https:\/\/ecodef-ihedn.fr\/bulletin-de-lecodef-4-le-rarmement-de-leurope-julien-malizard\/#respond"]}]},{"@type":"WebPage","@id":"https:\/\/ecodef-ihedn.fr\/bulletin-de-lecodef-4-le-rarmement-de-leurope-julien-malizard\/","url":"https:\/\/ecodef-ihedn.fr\/bulletin-de-lecodef-4-le-rarmement-de-leurope-julien-malizard\/","name":"Bulletin de l'ECODEF #4 \"Le r\u00e9armement de l'Europe\" (Julien MALIZARD) - Chaire \u00c9conomie de d\u00e9fense - IHEDN","isPartOf":{"@id":"https:\/\/ecodef-ihedn.fr\/#website"},"primaryImageOfPage":{"@id":"https:\/\/ecodef-ihedn.fr\/bulletin-de-lecodef-4-le-rarmement-de-leurope-julien-malizard\/#primaryimage"},"image":{"@id":"https:\/\/ecodef-ihedn.fr\/bulletin-de-lecodef-4-le-rarmement-de-leurope-julien-malizard\/#primaryimage"},"thumbnailUrl":"https:\/\/ecodef-ihedn.fr\/wp-content\/uploads\/2026\/02\/Bulletin-de-lECODEF-N4-7-5.png","datePublished":"2026-02-13T10:31:44+00:00","dateModified":"2026-03-05T08:52:05+00:00","breadcrumb":{"@id":"https:\/\/ecodef-ihedn.fr\/bulletin-de-lecodef-4-le-rarmement-de-leurope-julien-malizard\/#breadcrumb"},"inLanguage":"en-GB","potentialAction":[{"@type":"ReadAction","target":["https:\/\/ecodef-ihedn.fr\/bulletin-de-lecodef-4-le-rarmement-de-leurope-julien-malizard\/"]}]},{"@type":"ImageObject","inLanguage":"en-GB","@id":"https:\/\/ecodef-ihedn.fr\/bulletin-de-lecodef-4-le-rarmement-de-leurope-julien-malizard\/#primaryimage","url":"https:\/\/ecodef-ihedn.fr\/wp-content\/uploads\/2026\/02\/Bulletin-de-lECODEF-N4-7-5.png","contentUrl":"https:\/\/ecodef-ihedn.fr\/wp-content\/uploads\/2026\/02\/Bulletin-de-lECODEF-N4-7-5.png","width":700,"height":500},{"@type":"BreadcrumbList","@id":"https:\/\/ecodef-ihedn.fr\/bulletin-de-lecodef-4-le-rarmement-de-leurope-julien-malizard\/#breadcrumb","itemListElement":[{"@type":"ListItem","position":1,"name":"Accueil","item":"https:\/\/ecodef-ihedn.fr\/"},{"@type":"ListItem","position":2,"name":"Bulletin de l&rsquo;ECODEF #4 \u00ab\u00a0Le r\u00e9armement de l&rsquo;Europe\u00a0\u00bb (Julien MALIZARD)"}]},{"@type":"WebSite","@id":"https:\/\/ecodef-ihedn.fr\/#website","url":"https:\/\/ecodef-ihedn.fr\/","name":"Chair in Defence Economics - IHEDN","description":"Produce &amp; support, federate &amp; disseminate, act as an interface","publisher":{"@id":"https:\/\/ecodef-ihedn.fr\/#organization"},"potentialAction":[{"@type":"SearchAction","target":{"@type":"EntryPoint","urlTemplate":"https:\/\/ecodef-ihedn.fr\/?s={search_term_string}"},"query-input":{"@type":"PropertyValueSpecification","valueRequired":true,"valueName":"search_term_string"}}],"inLanguage":"en-GB"},{"@type":"Organization","@id":"https:\/\/ecodef-ihedn.fr\/#organization","name":"Chair in Defence Economics - IHEDN","url":"https:\/\/ecodef-ihedn.fr\/","logo":{"@type":"ImageObject","inLanguage":"en-GB","@id":"https:\/\/ecodef-ihedn.fr\/#\/schema\/logo\/image\/","url":"https:\/\/ecodef-ihedn.fr\/wp-content\/uploads\/2020\/04\/logoEcodef9.jpg","contentUrl":"https:\/\/ecodef-ihedn.fr\/wp-content\/uploads\/2020\/04\/logoEcodef9.jpg","width":410,"height":212,"caption":"Chaire \u00c9conomie de d\u00e9fense - IHEDN"},"image":{"@id":"https:\/\/ecodef-ihedn.fr\/#\/schema\/logo\/image\/"},"sameAs":["https:\/\/x.com\/Chaire_Ecodef","https:\/\/www.linkedin.com\/company\/chaire-ecodef-ihedn\/"]},{"@type":"Person","@id":"https:\/\/ecodef-ihedn.fr\/#\/schema\/person\/1cdf22d028cebe278126a6e07a884d30","name":"Bertrand Demandre","image":{"@type":"ImageObject","inLanguage":"en-GB","@id":"https:\/\/secure.gravatar.com\/avatar\/d9c9746d6c900ab5b9c0f9b1fa3932e369da923da247d624b8f7ab4ba8a3c093?s=96&d=mm&r=g","url":"https:\/\/secure.gravatar.com\/avatar\/d9c9746d6c900ab5b9c0f9b1fa3932e369da923da247d624b8f7ab4ba8a3c093?s=96&d=mm&r=g","contentUrl":"https:\/\/secure.gravatar.com\/avatar\/d9c9746d6c900ab5b9c0f9b1fa3932e369da923da247d624b8f7ab4ba8a3c093?s=96&d=mm&r=g","caption":"Bertrand Demandre"},"url":"https:\/\/ecodef-ihedn.fr\/en\/author\/bertrand\/"}]}},"_links":{"self":[{"href":"https:\/\/ecodef-ihedn.fr\/en\/wp-json\/wp\/v2\/posts\/9029","targetHints":{"allow":["GET"]}}],"collection":[{"href":"https:\/\/ecodef-ihedn.fr\/en\/wp-json\/wp\/v2\/posts"}],"about":[{"href":"https:\/\/ecodef-ihedn.fr\/en\/wp-json\/wp\/v2\/types\/post"}],"author":[{"embeddable":true,"href":"https:\/\/ecodef-ihedn.fr\/en\/wp-json\/wp\/v2\/users\/2"}],"replies":[{"embeddable":true,"href":"https:\/\/ecodef-ihedn.fr\/en\/wp-json\/wp\/v2\/comments?post=9029"}],"version-history":[{"count":3,"href":"https:\/\/ecodef-ihedn.fr\/en\/wp-json\/wp\/v2\/posts\/9029\/revisions"}],"predecessor-version":[{"id":9037,"href":"https:\/\/ecodef-ihedn.fr\/en\/wp-json\/wp\/v2\/posts\/9029\/revisions\/9037"}],"wp:featuredmedia":[{"embeddable":true,"href":"https:\/\/ecodef-ihedn.fr\/en\/wp-json\/wp\/v2\/media\/9035"}],"wp:attachment":[{"href":"https:\/\/ecodef-ihedn.fr\/en\/wp-json\/wp\/v2\/media?parent=9029"}],"wp:term":[{"taxonomy":"category","embeddable":true,"href":"https:\/\/ecodef-ihedn.fr\/en\/wp-json\/wp\/v2\/categories?post=9029"},{"taxonomy":"post_tag","embeddable":true,"href":"https:\/\/ecodef-ihedn.fr\/en\/wp-json\/wp\/v2\/tags?post=9029"}],"curies":[{"name":"wp","href":"https:\/\/api.w.org\/{rel}","templated":true}]}}