{"id":9046,"date":"2025-11-26T14:31:37","date_gmt":"2025-11-26T14:31:37","guid":{"rendered":"https:\/\/ecodef-ihedn.fr\/?p=9046"},"modified":"2026-03-05T08:51:07","modified_gmt":"2026-03-05T08:51:07","slug":"video-confrence-le-rarmement-de-leurope-assemble-nationale-19-novembre-2025","status":"publish","type":"post","link":"https:\/\/ecodef-ihedn.fr\/en\/video-confrence-le-rarmement-de-leurope-assemble-nationale-19-novembre-2025\/","title":{"rendered":"[VIDEO] conf\u00e9rence \u00ab Le r\u00e9armement de l\u2019Europe \u00bb (Assembl\u00e9e nationale \/ 19 novembre 2025)"},"content":{"rendered":"<p class=\"wp-block-gallery-1 is-layout-flex wp-block-gallery-is-layout-flex\">&nbsp;<\/p>\r\n<figure id=\"attachment_8347\" aria-describedby=\"caption-attachment-8347\" style=\"width: 914px\" class=\"wp-caption aligncenter\"><a href=\"https:\/\/ecodef-ihedn.fr\/wp-content\/uploads\/2024\/05\/LPM-Montage.jpg\"><img loading=\"lazy\" decoding=\"async\" class=\"wp-image-8347 size-full\" src=\"https:\/\/ecodef-ihedn.fr\/wp-content\/uploads\/2024\/05\/LPM-Montage.jpg\" alt=\"\" width=\"914\" height=\"514\" srcset=\"https:\/\/ecodef-ihedn.fr\/wp-content\/uploads\/2024\/05\/LPM-Montage.jpg 914w, https:\/\/ecodef-ihedn.fr\/wp-content\/uploads\/2024\/05\/LPM-Montage-300x169.jpg 300w, https:\/\/ecodef-ihedn.fr\/wp-content\/uploads\/2024\/05\/LPM-Montage-768x432.jpg 768w, https:\/\/ecodef-ihedn.fr\/wp-content\/uploads\/2024\/05\/LPM-Montage-747x420.jpg 747w, https:\/\/ecodef-ihedn.fr\/wp-content\/uploads\/2024\/05\/LPM-Montage-696x391.jpg 696w\" sizes=\"auto, (max-width: 914px) 100vw, 914px\" \/><\/a><figcaption id=\"caption-attachment-8347\" class=\"wp-caption-text\">Ministry of Defence<\/figcaption><\/figure>\r\n<h2 style=\"text-align: center;\"><strong>Rearming Europe<\/strong><\/h2>\r\n<div class=\"wp-block-buttons\">\r\n<div class=\"wp-block-button aligncenter is-style-round\">\r\n<h3 style=\"text-align: center;\">The video of the conference \u00abThe Rearmament of Europe\u00bb, organised by the Chair on Wednesday 19 November 2025 at the French National Assembly, is available on the Chair's YouTube channel.<\/h3>\r\n<br \/><a href=\"https:\/\/www.youtube.com\/watch?v=fVr7NvKZxq8\" target=\"_blank\" rel=\"noopener\"><span class=\"td_btn td_btn_md td_default_btn\">SEE OR RE-WATCH THE CONFERENCE<\/span><\/a><\/div>\r\n<\/div>\r\n<!-- \/wp:post-content -->\r\n\r\n<!-- wp:paragraph {\"align\":\"center\"} \/-->\r\n\r\n<!-- wp:paragraph {\"align\":\"center\"} \/-->\r\n\r\n<!-- wp:paragraph -->\r\n<p>&nbsp;<\/p>\r\n<p>The increase in international tensions in recent years has led many European countries to review their defence policies in depth. In addition to these traditional threats, new areas of conflict are now emerging, particularly in the cyber, space and information sectors. Since 2014, defence spending by European countries has risen by almost 75 %, and the trend remains firmly upwards. While the average defence spending of European NATO members is 2 %, in line with the commitments made in 2014, the recent summit in The Hague concluded that defence spending should be increased to 3.5 % of GDP by 2035.<\/p>\r\n<p>Against this backdrop, the defence industries have had to adapt rapidly to meet what are seen as increasingly urgent requirements, particularly in the areas of missiles, munitions and artillery. However, many challenges remain: industrial visibility, supply chain resilience, recruitment and training, access to finance, technological and transatlantic dependence, and the management of future programmes.<\/p>\r\n<p>This conference looked at current and future industrial opportunities that will enable France, and Europe more widely, to meet the challenge of strategic autonomy.<\/p>\r\n<h3 style=\"text-align: center;\"><strong>Programme<\/strong><\/h3>\r\n<h6>A word of welcome<\/h6>\r\n<p><strong>Guillaume GISCARD d'ESTAING<\/strong><br \/>Chairman of the Steering Committee of the ECODEF Chair - IHEDN<\/p>\r\n<h6>Opening<\/h6>\r\n<p>Lieutenant General <strong>Herv\u00e9 de COURR\u00c8GES<\/strong><br \/>Director of IHEDN and EMS<br \/>Chairman of ACADEM<\/p>\r\n<h6>Introductory lecture<\/h6>\r\n<p><strong>Jean-Michel JACQUES<\/strong><br \/>Member for Morbihan<br \/>Chairman of the Committee on National Defence and the Armed Forces<br \/>National Assembly<\/p>\r\n<h6>Round table<\/h6>\r\n<ul>\r\n<li><strong>Marc DARMON<\/strong><br \/>Senior Vice President Europe<br \/>Thales<\/li>\r\n<li><strong>Laurent GIOVACHINI<br \/><\/strong>Advisor to the Chairman of SOPRA STERIA<br \/>Chairman of the Syntec Federation<\/li>\r\n<li><strong>H\u00e9l\u00e8ne MASSON<\/strong><br \/>Research Master<br \/>Foundation for Strategic Research<\/li>\r\n<li><strong>Alexandre PAPAEMMANUEL<br \/><\/strong>Director of Commercial Strategy, MBDA<\/li>\r\n<li><strong>Thierry RENAUDIN<\/strong><br \/>Executive President<br \/>John Cockerill Defense<\/li>\r\n<li>Moderator: <strong>Julien MALIZARD<\/strong>, Chairholder<\/li>\r\n<\/ul>\r\n<h6>Closing address<\/h6>\r\n<p><strong>Jean-Louis THI\u00c9RIOT<\/strong><br \/>Former Minister<br \/>Member for Seine-et-Marne<br \/>Member of the Committee on National Defence and the Armed Forces<br \/>National Assembly<\/p>\r\n<!-- \/wp:paragraph -->\r\n\r\n<!-- wp:paragraph -->\r\n<p>On the <a href=\"https:\/\/www.youtube.com\/@chaire_Ecodef_IHEDN\/featured\" target=\"_blank\" rel=\"noopener\"><strong>YouTube channel of the Chair<\/strong><\/a> previously organised conferences and webinars.<\/p>\r\n<p><!-- \/wp:paragraph --><\/p>\r\n<p><!-- wp:paragraph --><\/p>\r\n<p><!-- \/wp:paragraph --><\/p>","protected":false},"excerpt":{"rendered":"<p>&nbsp; La multiplication des tensions internationales au cours des derni\u00e8res ann\u00e9es a conduit de nombreux pays europ\u00e9ens \u00e0 revoir en profondeur leur politique de d\u00e9fense. \u00c0 ces menaces traditionnelles s\u2019ajoute d\u00e9sormais l\u2019\u00e9mergence de nouveaux espaces de conflictualit\u00e9, notamment cyber, spatial ou informationnel. Depuis 2014, les d\u00e9penses de d\u00e9fense des pays europ\u00e9ens ont ainsi augment\u00e9 de [&hellip;]<\/p>\n","protected":false},"author":2,"featured_media":8938,"comment_status":"open","ping_status":"open","sticky":false,"template":"","format":"standard","meta":{"footnotes":""},"categories":[34,355],"tags":[615,726,831,244,163,438,37,47,178,758,651,774,38,335,437,379,760,86,830,636,814,829],"class_list":{"0":"post-9046","1":"post","2":"type-post","3":"status-publish","4":"format-standard","5":"has-post-thumbnail","7":"category-activites","8":"category-activites-evenements-portes-par-la-chaire","9":"tag-academ","10":"tag-academie-de-defense-de-lecole-militaire","11":"tag-alexandre-papaemmanuel","12":"tag-assemblee-nationale","13":"tag-conference-annuelle","14":"tag-ecodef","15":"tag-economie","16":"tag-economie-de-defense","17":"tag-europe","18":"tag-guillaume-giscard-destaing","19":"tag-helene-masson","20":"tag-herve-de-courreges","21":"tag-ihedn","22":"tag-impact-economique","23":"tag-investissements-de-defense","24":"tag-investissements-strategiques","25":"tag-jean-michel-jacques","26":"tag-julien-malizard","27":"tag-laurent-giovachini","28":"tag-lpm","29":"tag-marc-darmon","30":"tag-thierry-renaudin"},"yoast_head":"<!-- This site is optimized with the Yoast SEO plugin v27.4 - https:\/\/yoast.com\/product\/yoast-seo-wordpress\/ -->\n<title>[VIDEO] conf\u00e9rence \u00ab Le r\u00e9armement de l\u2019Europe \u00bb (Assembl\u00e9e nationale \/ 19 novembre 2025) - Chaire \u00c9conomie de d\u00e9fense - IHEDN<\/title>\n<meta name=\"robots\" content=\"index, follow, max-snippet:-1, max-image-preview:large, max-video-preview:-1\" \/>\n<link rel=\"canonical\" href=\"https:\/\/ecodef-ihedn.fr\/en\/video-confrence-le-rarmement-de-leurope-assemble-nationale-19-novembre-2025\/\" \/>\n<meta property=\"og:locale\" content=\"en_GB\" \/>\n<meta property=\"og:type\" content=\"article\" \/>\n<meta property=\"og:title\" content=\"[VIDEO] conf\u00e9rence \u00ab Le r\u00e9armement de l\u2019Europe \u00bb (Assembl\u00e9e nationale \/ 19 novembre 2025) - Chaire \u00c9conomie de d\u00e9fense - IHEDN\" \/>\n<meta property=\"og:description\" content=\"&nbsp; La multiplication des tensions internationales au cours des derni\u00e8res ann\u00e9es a conduit de nombreux pays europ\u00e9ens \u00e0 revoir en profondeur leur politique de d\u00e9fense. \u00c0 ces menaces traditionnelles s\u2019ajoute d\u00e9sormais l\u2019\u00e9mergence de nouveaux espaces de conflictualit\u00e9, notamment cyber, spatial ou informationnel. Depuis 2014, les d\u00e9penses de d\u00e9fense des pays europ\u00e9ens ont ainsi augment\u00e9 de [&hellip;]\" \/>\n<meta property=\"og:url\" content=\"https:\/\/ecodef-ihedn.fr\/en\/video-confrence-le-rarmement-de-leurope-assemble-nationale-19-novembre-2025\/\" \/>\n<meta property=\"og:site_name\" content=\"Chaire \u00c9conomie de d\u00e9fense - IHEDN\" \/>\n<meta property=\"article:published_time\" content=\"2025-11-26T14:31:37+00:00\" \/>\n<meta property=\"article:modified_time\" content=\"2026-03-05T08:51:07+00:00\" \/>\n<meta property=\"og:image\" content=\"https:\/\/ecodef-ihedn.fr\/wp-content\/uploads\/2025\/10\/Chaire-ECODEF-IHEDN-conference-rearmement-Europe-visuel.png\" \/>\n\t<meta property=\"og:image:width\" content=\"960\" \/>\n\t<meta property=\"og:image:height\" content=\"720\" \/>\n\t<meta property=\"og:image:type\" content=\"image\/png\" \/>\n<meta name=\"author\" content=\"Bertrand Demandre\" \/>\n<meta name=\"twitter:card\" content=\"summary_large_image\" \/>\n<meta name=\"twitter:creator\" content=\"@Chaire_Ecodef\" \/>\n<meta name=\"twitter:site\" content=\"@Chaire_Ecodef\" \/>\n<meta name=\"twitter:label1\" content=\"Written by\" \/>\n\t<meta name=\"twitter:data1\" content=\"Bertrand Demandre\" \/>\n\t<meta name=\"twitter:label2\" content=\"Estimated reading time\" \/>\n\t<meta name=\"twitter:data2\" content=\"3 minutes\" \/>\n<script type=\"application\/ld+json\" class=\"yoast-schema-graph\">{\"@context\":\"https:\\\/\\\/schema.org\",\"@graph\":[{\"@type\":\"Article\",\"@id\":\"https:\\\/\\\/ecodef-ihedn.fr\\\/video-confrence-le-rarmement-de-leurope-assemble-nationale-19-novembre-2025\\\/#article\",\"isPartOf\":{\"@id\":\"https:\\\/\\\/ecodef-ihedn.fr\\\/video-confrence-le-rarmement-de-leurope-assemble-nationale-19-novembre-2025\\\/\"},\"author\":{\"name\":\"Bertrand Demandre\",\"@id\":\"https:\\\/\\\/ecodef-ihedn.fr\\\/#\\\/schema\\\/person\\\/1cdf22d028cebe278126a6e07a884d30\"},\"headline\":\"[VIDEO] conf\u00e9rence \u00ab Le r\u00e9armement de l\u2019Europe \u00bb (Assembl\u00e9e nationale \\\/ 19 novembre 2025)\",\"datePublished\":\"2025-11-26T14:31:37+00:00\",\"dateModified\":\"2026-03-05T08:51:07+00:00\",\"mainEntityOfPage\":{\"@id\":\"https:\\\/\\\/ecodef-ihedn.fr\\\/video-confrence-le-rarmement-de-leurope-assemble-nationale-19-novembre-2025\\\/\"},\"wordCount\":472,\"commentCount\":0,\"publisher\":{\"@id\":\"https:\\\/\\\/ecodef-ihedn.fr\\\/#organization\"},\"image\":{\"@id\":\"https:\\\/\\\/ecodef-ihedn.fr\\\/video-confrence-le-rarmement-de-leurope-assemble-nationale-19-novembre-2025\\\/#primaryimage\"},\"thumbnailUrl\":\"https:\\\/\\\/ecodef-ihedn.fr\\\/wp-content\\\/uploads\\\/2025\\\/10\\\/Chaire-ECODEF-IHEDN-conference-rearmement-Europe-visuel.png\",\"keywords\":[\"ACADEM\",\"Acad\u00e9mie de d\u00e9fense de l'\u00c9cole militaire\",\"Alexandre PAPAEMMANUEL\",\"assembl\u00e9e nationale\",\"conf\u00e9rence annuelle\",\"ecodef\",\"\u00e9conomie\",\"\u00e9conomie de d\u00e9fense\",\"Europe\",\"Guillaume Giscard d'Estaing\",\"H\u00e9l\u00e8ne Masson\",\"Herv\u00e9 de COURR\u00c8GES\",\"IHEDN\",\"Impact \u00e9conomique\",\"investissements de d\u00e9fense\",\"investissements strat\u00e9giques\",\"Jean-Michel Jacques\",\"Julien Malizard\",\"Laurent GIOVACHINI\",\"LPM\",\"Marc Darmon\",\"Thierry RENAUDIN\"],\"articleSection\":[\"Activit\u00e9s\",\"Activit\u00e9s : \u00e9v\u00e9nements port\u00e9s par la Chaire\"],\"inLanguage\":\"en-GB\",\"potentialAction\":[{\"@type\":\"CommentAction\",\"name\":\"Comment\",\"target\":[\"https:\\\/\\\/ecodef-ihedn.fr\\\/video-confrence-le-rarmement-de-leurope-assemble-nationale-19-novembre-2025\\\/#respond\"]}]},{\"@type\":\"WebPage\",\"@id\":\"https:\\\/\\\/ecodef-ihedn.fr\\\/video-confrence-le-rarmement-de-leurope-assemble-nationale-19-novembre-2025\\\/\",\"url\":\"https:\\\/\\\/ecodef-ihedn.fr\\\/video-confrence-le-rarmement-de-leurope-assemble-nationale-19-novembre-2025\\\/\",\"name\":\"[VIDEO] conf\u00e9rence \u00ab Le r\u00e9armement de l\u2019Europe \u00bb (Assembl\u00e9e nationale \\\/ 19 novembre 2025) - Chaire \u00c9conomie de d\u00e9fense - IHEDN\",\"isPartOf\":{\"@id\":\"https:\\\/\\\/ecodef-ihedn.fr\\\/#website\"},\"primaryImageOfPage\":{\"@id\":\"https:\\\/\\\/ecodef-ihedn.fr\\\/video-confrence-le-rarmement-de-leurope-assemble-nationale-19-novembre-2025\\\/#primaryimage\"},\"image\":{\"@id\":\"https:\\\/\\\/ecodef-ihedn.fr\\\/video-confrence-le-rarmement-de-leurope-assemble-nationale-19-novembre-2025\\\/#primaryimage\"},\"thumbnailUrl\":\"https:\\\/\\\/ecodef-ihedn.fr\\\/wp-content\\\/uploads\\\/2025\\\/10\\\/Chaire-ECODEF-IHEDN-conference-rearmement-Europe-visuel.png\",\"datePublished\":\"2025-11-26T14:31:37+00:00\",\"dateModified\":\"2026-03-05T08:51:07+00:00\",\"breadcrumb\":{\"@id\":\"https:\\\/\\\/ecodef-ihedn.fr\\\/video-confrence-le-rarmement-de-leurope-assemble-nationale-19-novembre-2025\\\/#breadcrumb\"},\"inLanguage\":\"en-GB\",\"potentialAction\":[{\"@type\":\"ReadAction\",\"target\":[\"https:\\\/\\\/ecodef-ihedn.fr\\\/video-confrence-le-rarmement-de-leurope-assemble-nationale-19-novembre-2025\\\/\"]}]},{\"@type\":\"ImageObject\",\"inLanguage\":\"en-GB\",\"@id\":\"https:\\\/\\\/ecodef-ihedn.fr\\\/video-confrence-le-rarmement-de-leurope-assemble-nationale-19-novembre-2025\\\/#primaryimage\",\"url\":\"https:\\\/\\\/ecodef-ihedn.fr\\\/wp-content\\\/uploads\\\/2025\\\/10\\\/Chaire-ECODEF-IHEDN-conference-rearmement-Europe-visuel.png\",\"contentUrl\":\"https:\\\/\\\/ecodef-ihedn.fr\\\/wp-content\\\/uploads\\\/2025\\\/10\\\/Chaire-ECODEF-IHEDN-conference-rearmement-Europe-visuel.png\",\"width\":960,\"height\":720},{\"@type\":\"BreadcrumbList\",\"@id\":\"https:\\\/\\\/ecodef-ihedn.fr\\\/video-confrence-le-rarmement-de-leurope-assemble-nationale-19-novembre-2025\\\/#breadcrumb\",\"itemListElement\":[{\"@type\":\"ListItem\",\"position\":1,\"name\":\"Accueil\",\"item\":\"https:\\\/\\\/ecodef-ihedn.fr\\\/\"},{\"@type\":\"ListItem\",\"position\":2,\"name\":\"[VIDEO] conf\u00e9rence \u00ab Le r\u00e9armement de l\u2019Europe \u00bb (Assembl\u00e9e nationale \\\/ 19 novembre 2025)\"}]},{\"@type\":\"WebSite\",\"@id\":\"https:\\\/\\\/ecodef-ihedn.fr\\\/#website\",\"url\":\"https:\\\/\\\/ecodef-ihedn.fr\\\/\",\"name\":\"Chaire \u00c9conomie de D\u00e9fense - IHEDN\",\"description\":\"Produire &amp; soutenir, f\u00e9d\u00e9rer &amp; diffuser, \u00eatre une interface\",\"publisher\":{\"@id\":\"https:\\\/\\\/ecodef-ihedn.fr\\\/#organization\"},\"potentialAction\":[{\"@type\":\"SearchAction\",\"target\":{\"@type\":\"EntryPoint\",\"urlTemplate\":\"https:\\\/\\\/ecodef-ihedn.fr\\\/?s={search_term_string}\"},\"query-input\":{\"@type\":\"PropertyValueSpecification\",\"valueRequired\":true,\"valueName\":\"search_term_string\"}}],\"inLanguage\":\"en-GB\"},{\"@type\":\"Organization\",\"@id\":\"https:\\\/\\\/ecodef-ihedn.fr\\\/#organization\",\"name\":\"Chaire \u00c9conomie de d\u00e9fense - IHEDN\",\"url\":\"https:\\\/\\\/ecodef-ihedn.fr\\\/\",\"logo\":{\"@type\":\"ImageObject\",\"inLanguage\":\"en-GB\",\"@id\":\"https:\\\/\\\/ecodef-ihedn.fr\\\/#\\\/schema\\\/logo\\\/image\\\/\",\"url\":\"https:\\\/\\\/ecodef-ihedn.fr\\\/wp-content\\\/uploads\\\/2020\\\/04\\\/logoEcodef9.jpg\",\"contentUrl\":\"https:\\\/\\\/ecodef-ihedn.fr\\\/wp-content\\\/uploads\\\/2020\\\/04\\\/logoEcodef9.jpg\",\"width\":410,\"height\":212,\"caption\":\"Chaire \u00c9conomie de d\u00e9fense - IHEDN\"},\"image\":{\"@id\":\"https:\\\/\\\/ecodef-ihedn.fr\\\/#\\\/schema\\\/logo\\\/image\\\/\"},\"sameAs\":[\"https:\\\/\\\/x.com\\\/Chaire_Ecodef\",\"https:\\\/\\\/www.linkedin.com\\\/company\\\/chaire-ecodef-ihedn\\\/\"]},{\"@type\":\"Person\",\"@id\":\"https:\\\/\\\/ecodef-ihedn.fr\\\/#\\\/schema\\\/person\\\/1cdf22d028cebe278126a6e07a884d30\",\"name\":\"Bertrand Demandre\",\"image\":{\"@type\":\"ImageObject\",\"inLanguage\":\"en-GB\",\"@id\":\"https:\\\/\\\/secure.gravatar.com\\\/avatar\\\/d9c9746d6c900ab5b9c0f9b1fa3932e369da923da247d624b8f7ab4ba8a3c093?s=96&d=mm&r=g\",\"url\":\"https:\\\/\\\/secure.gravatar.com\\\/avatar\\\/d9c9746d6c900ab5b9c0f9b1fa3932e369da923da247d624b8f7ab4ba8a3c093?s=96&d=mm&r=g\",\"contentUrl\":\"https:\\\/\\\/secure.gravatar.com\\\/avatar\\\/d9c9746d6c900ab5b9c0f9b1fa3932e369da923da247d624b8f7ab4ba8a3c093?s=96&d=mm&r=g\",\"caption\":\"Bertrand Demandre\"},\"url\":\"https:\\\/\\\/ecodef-ihedn.fr\\\/en\\\/author\\\/bertrand\\\/\"}]}<\/script>\n<!-- \/ Yoast SEO plugin. -->","yoast_head_json":{"title":"[VIDEO] conf\u00e9rence \u00ab Le r\u00e9armement de l\u2019Europe \u00bb (Assembl\u00e9e nationale \/ 19 novembre 2025) - Chaire \u00c9conomie de d\u00e9fense - IHEDN","robots":{"index":"index","follow":"follow","max-snippet":"max-snippet:-1","max-image-preview":"max-image-preview:large","max-video-preview":"max-video-preview:-1"},"canonical":"https:\/\/ecodef-ihedn.fr\/en\/video-confrence-le-rarmement-de-leurope-assemble-nationale-19-novembre-2025\/","og_locale":"en_GB","og_type":"article","og_title":"[VIDEO] conf\u00e9rence \u00ab Le r\u00e9armement de l\u2019Europe \u00bb (Assembl\u00e9e nationale \/ 19 novembre 2025) - Chaire \u00c9conomie de d\u00e9fense - IHEDN","og_description":"&nbsp; La multiplication des tensions internationales au cours des derni\u00e8res ann\u00e9es a conduit de nombreux pays europ\u00e9ens \u00e0 revoir en profondeur leur politique de d\u00e9fense. \u00c0 ces menaces traditionnelles s\u2019ajoute d\u00e9sormais l\u2019\u00e9mergence de nouveaux espaces de conflictualit\u00e9, notamment cyber, spatial ou informationnel. Depuis 2014, les d\u00e9penses de d\u00e9fense des pays europ\u00e9ens ont ainsi augment\u00e9 de [&hellip;]","og_url":"https:\/\/ecodef-ihedn.fr\/en\/video-confrence-le-rarmement-de-leurope-assemble-nationale-19-novembre-2025\/","og_site_name":"Chaire \u00c9conomie de d\u00e9fense - IHEDN","article_published_time":"2025-11-26T14:31:37+00:00","article_modified_time":"2026-03-05T08:51:07+00:00","og_image":[{"width":960,"height":720,"url":"https:\/\/ecodef-ihedn.fr\/wp-content\/uploads\/2025\/10\/Chaire-ECODEF-IHEDN-conference-rearmement-Europe-visuel.png","type":"image\/png"}],"author":"Bertrand Demandre","twitter_card":"summary_large_image","twitter_creator":"@Chaire_Ecodef","twitter_site":"@Chaire_Ecodef","twitter_misc":{"Written by":"Bertrand Demandre","Estimated reading time":"3 minutes"},"schema":{"@context":"https:\/\/schema.org","@graph":[{"@type":"Article","@id":"https:\/\/ecodef-ihedn.fr\/video-confrence-le-rarmement-de-leurope-assemble-nationale-19-novembre-2025\/#article","isPartOf":{"@id":"https:\/\/ecodef-ihedn.fr\/video-confrence-le-rarmement-de-leurope-assemble-nationale-19-novembre-2025\/"},"author":{"name":"Bertrand Demandre","@id":"https:\/\/ecodef-ihedn.fr\/#\/schema\/person\/1cdf22d028cebe278126a6e07a884d30"},"headline":"[VIDEO] conf\u00e9rence \u00ab Le r\u00e9armement de l\u2019Europe \u00bb (Assembl\u00e9e nationale \/ 19 novembre 2025)","datePublished":"2025-11-26T14:31:37+00:00","dateModified":"2026-03-05T08:51:07+00:00","mainEntityOfPage":{"@id":"https:\/\/ecodef-ihedn.fr\/video-confrence-le-rarmement-de-leurope-assemble-nationale-19-novembre-2025\/"},"wordCount":472,"commentCount":0,"publisher":{"@id":"https:\/\/ecodef-ihedn.fr\/#organization"},"image":{"@id":"https:\/\/ecodef-ihedn.fr\/video-confrence-le-rarmement-de-leurope-assemble-nationale-19-novembre-2025\/#primaryimage"},"thumbnailUrl":"https:\/\/ecodef-ihedn.fr\/wp-content\/uploads\/2025\/10\/Chaire-ECODEF-IHEDN-conference-rearmement-Europe-visuel.png","keywords":["ACADEM","Acad\u00e9mie de d\u00e9fense de l'\u00c9cole militaire","Alexandre PAPAEMMANUEL","assembl\u00e9e nationale","conf\u00e9rence annuelle","ecodef","\u00e9conomie","\u00e9conomie de d\u00e9fense","Europe","Guillaume Giscard d'Estaing","H\u00e9l\u00e8ne Masson","Herv\u00e9 de COURR\u00c8GES","IHEDN","Impact \u00e9conomique","investissements de d\u00e9fense","investissements strat\u00e9giques","Jean-Michel Jacques","Julien Malizard","Laurent GIOVACHINI","LPM","Marc Darmon","Thierry RENAUDIN"],"articleSection":["Activit\u00e9s","Activit\u00e9s : \u00e9v\u00e9nements port\u00e9s par la Chaire"],"inLanguage":"en-GB","potentialAction":[{"@type":"CommentAction","name":"Comment","target":["https:\/\/ecodef-ihedn.fr\/video-confrence-le-rarmement-de-leurope-assemble-nationale-19-novembre-2025\/#respond"]}]},{"@type":"WebPage","@id":"https:\/\/ecodef-ihedn.fr\/video-confrence-le-rarmement-de-leurope-assemble-nationale-19-novembre-2025\/","url":"https:\/\/ecodef-ihedn.fr\/video-confrence-le-rarmement-de-leurope-assemble-nationale-19-novembre-2025\/","name":"[VIDEO] conf\u00e9rence \u00ab Le r\u00e9armement de l\u2019Europe \u00bb (Assembl\u00e9e nationale \/ 19 novembre 2025) - Chaire \u00c9conomie de d\u00e9fense - IHEDN","isPartOf":{"@id":"https:\/\/ecodef-ihedn.fr\/#website"},"primaryImageOfPage":{"@id":"https:\/\/ecodef-ihedn.fr\/video-confrence-le-rarmement-de-leurope-assemble-nationale-19-novembre-2025\/#primaryimage"},"image":{"@id":"https:\/\/ecodef-ihedn.fr\/video-confrence-le-rarmement-de-leurope-assemble-nationale-19-novembre-2025\/#primaryimage"},"thumbnailUrl":"https:\/\/ecodef-ihedn.fr\/wp-content\/uploads\/2025\/10\/Chaire-ECODEF-IHEDN-conference-rearmement-Europe-visuel.png","datePublished":"2025-11-26T14:31:37+00:00","dateModified":"2026-03-05T08:51:07+00:00","breadcrumb":{"@id":"https:\/\/ecodef-ihedn.fr\/video-confrence-le-rarmement-de-leurope-assemble-nationale-19-novembre-2025\/#breadcrumb"},"inLanguage":"en-GB","potentialAction":[{"@type":"ReadAction","target":["https:\/\/ecodef-ihedn.fr\/video-confrence-le-rarmement-de-leurope-assemble-nationale-19-novembre-2025\/"]}]},{"@type":"ImageObject","inLanguage":"en-GB","@id":"https:\/\/ecodef-ihedn.fr\/video-confrence-le-rarmement-de-leurope-assemble-nationale-19-novembre-2025\/#primaryimage","url":"https:\/\/ecodef-ihedn.fr\/wp-content\/uploads\/2025\/10\/Chaire-ECODEF-IHEDN-conference-rearmement-Europe-visuel.png","contentUrl":"https:\/\/ecodef-ihedn.fr\/wp-content\/uploads\/2025\/10\/Chaire-ECODEF-IHEDN-conference-rearmement-Europe-visuel.png","width":960,"height":720},{"@type":"BreadcrumbList","@id":"https:\/\/ecodef-ihedn.fr\/video-confrence-le-rarmement-de-leurope-assemble-nationale-19-novembre-2025\/#breadcrumb","itemListElement":[{"@type":"ListItem","position":1,"name":"Accueil","item":"https:\/\/ecodef-ihedn.fr\/"},{"@type":"ListItem","position":2,"name":"[VIDEO] conf\u00e9rence \u00ab Le r\u00e9armement de l\u2019Europe \u00bb (Assembl\u00e9e nationale \/ 19 novembre 2025)"}]},{"@type":"WebSite","@id":"https:\/\/ecodef-ihedn.fr\/#website","url":"https:\/\/ecodef-ihedn.fr\/","name":"Chair in Defence Economics - IHEDN","description":"Produce &amp; support, federate &amp; disseminate, act as an interface","publisher":{"@id":"https:\/\/ecodef-ihedn.fr\/#organization"},"potentialAction":[{"@type":"SearchAction","target":{"@type":"EntryPoint","urlTemplate":"https:\/\/ecodef-ihedn.fr\/?s={search_term_string}"},"query-input":{"@type":"PropertyValueSpecification","valueRequired":true,"valueName":"search_term_string"}}],"inLanguage":"en-GB"},{"@type":"Organization","@id":"https:\/\/ecodef-ihedn.fr\/#organization","name":"Chair in Defence Economics - IHEDN","url":"https:\/\/ecodef-ihedn.fr\/","logo":{"@type":"ImageObject","inLanguage":"en-GB","@id":"https:\/\/ecodef-ihedn.fr\/#\/schema\/logo\/image\/","url":"https:\/\/ecodef-ihedn.fr\/wp-content\/uploads\/2020\/04\/logoEcodef9.jpg","contentUrl":"https:\/\/ecodef-ihedn.fr\/wp-content\/uploads\/2020\/04\/logoEcodef9.jpg","width":410,"height":212,"caption":"Chaire \u00c9conomie de d\u00e9fense - IHEDN"},"image":{"@id":"https:\/\/ecodef-ihedn.fr\/#\/schema\/logo\/image\/"},"sameAs":["https:\/\/x.com\/Chaire_Ecodef","https:\/\/www.linkedin.com\/company\/chaire-ecodef-ihedn\/"]},{"@type":"Person","@id":"https:\/\/ecodef-ihedn.fr\/#\/schema\/person\/1cdf22d028cebe278126a6e07a884d30","name":"Bertrand Demandre","image":{"@type":"ImageObject","inLanguage":"en-GB","@id":"https:\/\/secure.gravatar.com\/avatar\/d9c9746d6c900ab5b9c0f9b1fa3932e369da923da247d624b8f7ab4ba8a3c093?s=96&d=mm&r=g","url":"https:\/\/secure.gravatar.com\/avatar\/d9c9746d6c900ab5b9c0f9b1fa3932e369da923da247d624b8f7ab4ba8a3c093?s=96&d=mm&r=g","contentUrl":"https:\/\/secure.gravatar.com\/avatar\/d9c9746d6c900ab5b9c0f9b1fa3932e369da923da247d624b8f7ab4ba8a3c093?s=96&d=mm&r=g","caption":"Bertrand Demandre"},"url":"https:\/\/ecodef-ihedn.fr\/en\/author\/bertrand\/"}]}},"_links":{"self":[{"href":"https:\/\/ecodef-ihedn.fr\/en\/wp-json\/wp\/v2\/posts\/9046","targetHints":{"allow":["GET"]}}],"collection":[{"href":"https:\/\/ecodef-ihedn.fr\/en\/wp-json\/wp\/v2\/posts"}],"about":[{"href":"https:\/\/ecodef-ihedn.fr\/en\/wp-json\/wp\/v2\/types\/post"}],"author":[{"embeddable":true,"href":"https:\/\/ecodef-ihedn.fr\/en\/wp-json\/wp\/v2\/users\/2"}],"replies":[{"embeddable":true,"href":"https:\/\/ecodef-ihedn.fr\/en\/wp-json\/wp\/v2\/comments?post=9046"}],"version-history":[{"count":6,"href":"https:\/\/ecodef-ihedn.fr\/en\/wp-json\/wp\/v2\/posts\/9046\/revisions"}],"predecessor-version":[{"id":9052,"href":"https:\/\/ecodef-ihedn.fr\/en\/wp-json\/wp\/v2\/posts\/9046\/revisions\/9052"}],"wp:featuredmedia":[{"embeddable":true,"href":"https:\/\/ecodef-ihedn.fr\/en\/wp-json\/wp\/v2\/media\/8938"}],"wp:attachment":[{"href":"https:\/\/ecodef-ihedn.fr\/en\/wp-json\/wp\/v2\/media?parent=9046"}],"wp:term":[{"taxonomy":"category","embeddable":true,"href":"https:\/\/ecodef-ihedn.fr\/en\/wp-json\/wp\/v2\/categories?post=9046"},{"taxonomy":"post_tag","embeddable":true,"href":"https:\/\/ecodef-ihedn.fr\/en\/wp-json\/wp\/v2\/tags?post=9046"}],"curies":[{"name":"wp","href":"https:\/\/api.w.org\/{rel}","templated":true}]}}