{"id":9089,"date":"2026-04-10T16:53:34","date_gmt":"2026-04-10T16:53:34","guid":{"rendered":"https:\/\/ecodef-ihedn.fr\/?p=9089"},"modified":"2026-04-23T08:53:15","modified_gmt":"2026-04-23T08:53:15","slug":"participation-deva-szego-aux-rencontres-de-bourrienne-2026","status":"publish","type":"post","link":"https:\/\/ecodef-ihedn.fr\/en\/participation-deva-szego-aux-rencontres-de-bourrienne-2026\/","title":{"rendered":"Eva Szego at the Bourrienne 2026 conference"},"content":{"rendered":"<h3 style=\"text-align: center;\">Eva Szego took part in the 2026 edition of the Rencontres de Bourienne, organised in Paris by AUDACIA on 9 April 2026.<\/h3>\r\n<p><a href=\"https:\/\/ecodef-ihedn.fr\/wp-content\/uploads\/2026\/04\/Eva-SZEGO-Bourrienne-2026.jpg\" target=\"_blank\" rel=\"noopener\"><img loading=\"lazy\" decoding=\"async\" class=\"aligncenter wp-image-9090 size-large\" src=\"https:\/\/ecodef-ihedn.fr\/wp-content\/uploads\/2026\/04\/Eva-SZEGO-Bourrienne-2026-1024x683.jpg\" alt=\"\" width=\"696\" height=\"464\" srcset=\"https:\/\/ecodef-ihedn.fr\/wp-content\/uploads\/2026\/04\/Eva-SZEGO-Bourrienne-2026-1024x683.jpg 1024w, https:\/\/ecodef-ihedn.fr\/wp-content\/uploads\/2026\/04\/Eva-SZEGO-Bourrienne-2026-300x200.jpg 300w, https:\/\/ecodef-ihedn.fr\/wp-content\/uploads\/2026\/04\/Eva-SZEGO-Bourrienne-2026-768x512.jpg 768w, https:\/\/ecodef-ihedn.fr\/wp-content\/uploads\/2026\/04\/Eva-SZEGO-Bourrienne-2026-1536x1024.jpg 1536w, https:\/\/ecodef-ihedn.fr\/wp-content\/uploads\/2026\/04\/Eva-SZEGO-Bourrienne-2026-18x12.jpg 18w, https:\/\/ecodef-ihedn.fr\/wp-content\/uploads\/2026\/04\/Eva-SZEGO-Bourrienne-2026-630x420.jpg 630w, https:\/\/ecodef-ihedn.fr\/wp-content\/uploads\/2026\/04\/Eva-SZEGO-Bourrienne-2026-1260x840.jpg 1260w, https:\/\/ecodef-ihedn.fr\/wp-content\/uploads\/2026\/04\/Eva-SZEGO-Bourrienne-2026-696x464.jpg 696w, https:\/\/ecodef-ihedn.fr\/wp-content\/uploads\/2026\/04\/Eva-SZEGO-Bourrienne-2026-1392x928.jpg 1392w, https:\/\/ecodef-ihedn.fr\/wp-content\/uploads\/2026\/04\/Eva-SZEGO-Bourrienne-2026-1068x712.jpg 1068w, https:\/\/ecodef-ihedn.fr\/wp-content\/uploads\/2026\/04\/Eva-SZEGO-Bourrienne-2026-1920x1280.jpg 1920w, https:\/\/ecodef-ihedn.fr\/wp-content\/uploads\/2026\/04\/Eva-SZEGO-Bourrienne-2026.jpg 2048w\" sizes=\"auto, (max-width: 696px) 100vw, 696px\" \/><\/a><\/p>\r\n<p>Organised by <a href=\"https:\/\/www.audacia.fr\/\" target=\"_blank\" rel=\"noopener\">AUDACIA<\/a>, This event focused on the issue of defence funding in France. It featured discussions between military personnel, diplomats, entrepreneurs and researchers. The aim was to demonstrate that, in a context where high-intensity conflicts are on the increase and public finances are under pressure, private equity can provide support for strategic autonomy and innovation.<\/p>\r\n<p>Eva Szego, alongside Charles Beigbeder (AUDACIA), C\u00e9cile Maisonneuve (DECYSIVE), Julien Lalanne de Saint Quentin (Exail) and Fabien Apper (U-space), took part in the round table discussion on \u00abReinforcing forces\u00bb capabilities: what contributions can the private sector make\", moderated by Alexandre Jubelin.<\/p>","protected":false},"excerpt":{"rendered":"<p>Eva Szego a particip\u00e9 \u00e0 l&rsquo;\u00e9dition 2026 des Rencontres de Bourienne, organis\u00e9es \u00e0 Paris par AUDACIA le 9 avril 2026 Organis\u00e9 par AUDACIA, cet \u00e9v\u00e9nement a \u00e9t\u00e9 consacr\u00e9 \u00e0 la question du financement de la d\u00e9fense en France. Il a propos\u00e9 des \u00e9changes entre militaires, diplomates, entrepreneurs et chercheurs. L&rsquo;objectif \u00e9tait de d\u00e9montrer que, dans [&hellip;]<\/p>\n","protected":false},"author":2,"featured_media":9090,"comment_status":"open","ping_status":"open","sticky":false,"template":"","format":"standard","meta":{"footnotes":""},"categories":[34,356],"tags":[843,409,841,838,162,837,37,47,676,792,840,576,60,202,839,751,842,844],"class_list":{"0":"post-9089","1":"post","2":"type-post","3":"status-publish","4":"format-standard","5":"has-post-thumbnail","7":"category-activites","8":"category-activites-participation-de-la-chaire-a-un-evenement","9":"tag-audacia","10":"tag-autonomie-strategique","11":"tag-capital-investissement","12":"tag-cecile-maisonneuve","13":"tag-chaire-economie-de-defense","14":"tag-charles-beigbeder","15":"tag-economie","16":"tag-economie-de-defense","17":"tag-enjeux-industriels","18":"tag-eva-szego","19":"tag-fabien-apper","20":"tag-finance","21":"tag-innovation","22":"tag-josselin-droff","23":"tag-julien-lalanne-de-saint-quentin","24":"tag-marche-de-larmement","25":"tag-private-equity","26":"tag-rencontres-de-bourienne"},"yoast_head":"<!-- This site is optimized with the Yoast SEO plugin v27.4 - https:\/\/yoast.com\/product\/yoast-seo-wordpress\/ -->\n<title>Participation d&#039;Eva Szego aux Rencontres de Bourrienne 2026 - Chaire \u00c9conomie de d\u00e9fense - IHEDN<\/title>\n<meta name=\"robots\" content=\"index, follow, max-snippet:-1, max-image-preview:large, max-video-preview:-1\" \/>\n<link rel=\"canonical\" href=\"https:\/\/ecodef-ihedn.fr\/en\/participation-deva-szego-aux-rencontres-de-bourrienne-2026\/\" \/>\n<meta property=\"og:locale\" content=\"en_GB\" \/>\n<meta property=\"og:type\" content=\"article\" \/>\n<meta property=\"og:title\" content=\"Participation d&#039;Eva Szego aux Rencontres de Bourrienne 2026 - Chaire \u00c9conomie de d\u00e9fense - IHEDN\" \/>\n<meta property=\"og:description\" content=\"Eva Szego a particip\u00e9 \u00e0 l&rsquo;\u00e9dition 2026 des Rencontres de Bourienne, organis\u00e9es \u00e0 Paris par AUDACIA le 9 avril 2026 Organis\u00e9 par AUDACIA, cet \u00e9v\u00e9nement a \u00e9t\u00e9 consacr\u00e9 \u00e0 la question du financement de la d\u00e9fense en France. Il a propos\u00e9 des \u00e9changes entre militaires, diplomates, entrepreneurs et chercheurs. L&rsquo;objectif \u00e9tait de d\u00e9montrer que, dans [&hellip;]\" \/>\n<meta property=\"og:url\" content=\"https:\/\/ecodef-ihedn.fr\/en\/participation-deva-szego-aux-rencontres-de-bourrienne-2026\/\" \/>\n<meta property=\"og:site_name\" content=\"Chaire \u00c9conomie de d\u00e9fense - IHEDN\" \/>\n<meta property=\"article:published_time\" content=\"2026-04-10T16:53:34+00:00\" \/>\n<meta property=\"article:modified_time\" content=\"2026-04-23T08:53:15+00:00\" \/>\n<meta property=\"og:image\" content=\"https:\/\/ecodef-ihedn.fr\/wp-content\/uploads\/2026\/04\/Eva-SZEGO-Bourrienne-2026.jpg\" \/>\n\t<meta property=\"og:image:width\" content=\"2048\" \/>\n\t<meta property=\"og:image:height\" content=\"1365\" \/>\n\t<meta property=\"og:image:type\" content=\"image\/jpeg\" \/>\n<meta name=\"author\" content=\"Bertrand Demandre\" \/>\n<meta name=\"twitter:card\" content=\"summary_large_image\" \/>\n<meta name=\"twitter:creator\" content=\"@Chaire_Ecodef\" \/>\n<meta name=\"twitter:site\" content=\"@Chaire_Ecodef\" \/>\n<meta name=\"twitter:label1\" content=\"Written by\" \/>\n\t<meta name=\"twitter:data1\" content=\"Bertrand Demandre\" \/>\n\t<meta name=\"twitter:label2\" content=\"Estimated reading time\" \/>\n\t<meta name=\"twitter:data2\" content=\"2 minutes\" \/>\n<script type=\"application\/ld+json\" class=\"yoast-schema-graph\">{\"@context\":\"https:\\\/\\\/schema.org\",\"@graph\":[{\"@type\":\"Article\",\"@id\":\"https:\\\/\\\/ecodef-ihedn.fr\\\/participation-deva-szego-aux-rencontres-de-bourrienne-2026\\\/#article\",\"isPartOf\":{\"@id\":\"https:\\\/\\\/ecodef-ihedn.fr\\\/participation-deva-szego-aux-rencontres-de-bourrienne-2026\\\/\"},\"author\":{\"name\":\"Bertrand Demandre\",\"@id\":\"https:\\\/\\\/ecodef-ihedn.fr\\\/#\\\/schema\\\/person\\\/1cdf22d028cebe278126a6e07a884d30\"},\"headline\":\"Participation d&rsquo;Eva Szego aux Rencontres de Bourrienne 2026\",\"datePublished\":\"2026-04-10T16:53:34+00:00\",\"dateModified\":\"2026-04-23T08:53:15+00:00\",\"mainEntityOfPage\":{\"@id\":\"https:\\\/\\\/ecodef-ihedn.fr\\\/participation-deva-szego-aux-rencontres-de-bourrienne-2026\\\/\"},\"wordCount\":140,\"commentCount\":0,\"publisher\":{\"@id\":\"https:\\\/\\\/ecodef-ihedn.fr\\\/#organization\"},\"image\":{\"@id\":\"https:\\\/\\\/ecodef-ihedn.fr\\\/participation-deva-szego-aux-rencontres-de-bourrienne-2026\\\/#primaryimage\"},\"thumbnailUrl\":\"https:\\\/\\\/ecodef-ihedn.fr\\\/wp-content\\\/uploads\\\/2026\\\/04\\\/Eva-SZEGO-Bourrienne-2026.jpg\",\"keywords\":[\"AUDACIA\",\"autonomie strat\u00e9gique\",\"capital-investissement\",\"C\u00e9cile Maisonneuve\",\"chaire \u00e9conomie de d\u00e9fense\",\"Charles Beigbeder\",\"\u00e9conomie\",\"\u00e9conomie de d\u00e9fense\",\"enjeux industriels\",\"Eva Szego\",\"Fabien Apper\",\"finance\",\"innovation\",\"Josselin Droff\",\"Julien Lalanne de Saint Quentin\",\"march\u00e9 de l'armement\",\"private equity\",\"Rencontres de Bourienne\"],\"articleSection\":[\"Activit\u00e9s\",\"Activit\u00e9s : participation de la Chaire \u00e0 un \u00e9v\u00e9nement\"],\"inLanguage\":\"en-GB\",\"potentialAction\":[{\"@type\":\"CommentAction\",\"name\":\"Comment\",\"target\":[\"https:\\\/\\\/ecodef-ihedn.fr\\\/participation-deva-szego-aux-rencontres-de-bourrienne-2026\\\/#respond\"]}]},{\"@type\":\"WebPage\",\"@id\":\"https:\\\/\\\/ecodef-ihedn.fr\\\/participation-deva-szego-aux-rencontres-de-bourrienne-2026\\\/\",\"url\":\"https:\\\/\\\/ecodef-ihedn.fr\\\/participation-deva-szego-aux-rencontres-de-bourrienne-2026\\\/\",\"name\":\"Participation d'Eva Szego aux Rencontres de Bourrienne 2026 - Chaire \u00c9conomie de d\u00e9fense - IHEDN\",\"isPartOf\":{\"@id\":\"https:\\\/\\\/ecodef-ihedn.fr\\\/#website\"},\"primaryImageOfPage\":{\"@id\":\"https:\\\/\\\/ecodef-ihedn.fr\\\/participation-deva-szego-aux-rencontres-de-bourrienne-2026\\\/#primaryimage\"},\"image\":{\"@id\":\"https:\\\/\\\/ecodef-ihedn.fr\\\/participation-deva-szego-aux-rencontres-de-bourrienne-2026\\\/#primaryimage\"},\"thumbnailUrl\":\"https:\\\/\\\/ecodef-ihedn.fr\\\/wp-content\\\/uploads\\\/2026\\\/04\\\/Eva-SZEGO-Bourrienne-2026.jpg\",\"datePublished\":\"2026-04-10T16:53:34+00:00\",\"dateModified\":\"2026-04-23T08:53:15+00:00\",\"breadcrumb\":{\"@id\":\"https:\\\/\\\/ecodef-ihedn.fr\\\/participation-deva-szego-aux-rencontres-de-bourrienne-2026\\\/#breadcrumb\"},\"inLanguage\":\"en-GB\",\"potentialAction\":[{\"@type\":\"ReadAction\",\"target\":[\"https:\\\/\\\/ecodef-ihedn.fr\\\/participation-deva-szego-aux-rencontres-de-bourrienne-2026\\\/\"]}]},{\"@type\":\"ImageObject\",\"inLanguage\":\"en-GB\",\"@id\":\"https:\\\/\\\/ecodef-ihedn.fr\\\/participation-deva-szego-aux-rencontres-de-bourrienne-2026\\\/#primaryimage\",\"url\":\"https:\\\/\\\/ecodef-ihedn.fr\\\/wp-content\\\/uploads\\\/2026\\\/04\\\/Eva-SZEGO-Bourrienne-2026.jpg\",\"contentUrl\":\"https:\\\/\\\/ecodef-ihedn.fr\\\/wp-content\\\/uploads\\\/2026\\\/04\\\/Eva-SZEGO-Bourrienne-2026.jpg\",\"width\":2048,\"height\":1365},{\"@type\":\"BreadcrumbList\",\"@id\":\"https:\\\/\\\/ecodef-ihedn.fr\\\/participation-deva-szego-aux-rencontres-de-bourrienne-2026\\\/#breadcrumb\",\"itemListElement\":[{\"@type\":\"ListItem\",\"position\":1,\"name\":\"Accueil\",\"item\":\"https:\\\/\\\/ecodef-ihedn.fr\\\/\"},{\"@type\":\"ListItem\",\"position\":2,\"name\":\"Participation d&rsquo;Eva Szego aux Rencontres de Bourrienne 2026\"}]},{\"@type\":\"WebSite\",\"@id\":\"https:\\\/\\\/ecodef-ihedn.fr\\\/#website\",\"url\":\"https:\\\/\\\/ecodef-ihedn.fr\\\/\",\"name\":\"Chaire \u00c9conomie de D\u00e9fense - IHEDN\",\"description\":\"Produire &amp; soutenir, f\u00e9d\u00e9rer &amp; diffuser, \u00eatre une interface\",\"publisher\":{\"@id\":\"https:\\\/\\\/ecodef-ihedn.fr\\\/#organization\"},\"potentialAction\":[{\"@type\":\"SearchAction\",\"target\":{\"@type\":\"EntryPoint\",\"urlTemplate\":\"https:\\\/\\\/ecodef-ihedn.fr\\\/?s={search_term_string}\"},\"query-input\":{\"@type\":\"PropertyValueSpecification\",\"valueRequired\":true,\"valueName\":\"search_term_string\"}}],\"inLanguage\":\"en-GB\"},{\"@type\":\"Organization\",\"@id\":\"https:\\\/\\\/ecodef-ihedn.fr\\\/#organization\",\"name\":\"Chaire \u00c9conomie de d\u00e9fense - IHEDN\",\"url\":\"https:\\\/\\\/ecodef-ihedn.fr\\\/\",\"logo\":{\"@type\":\"ImageObject\",\"inLanguage\":\"en-GB\",\"@id\":\"https:\\\/\\\/ecodef-ihedn.fr\\\/#\\\/schema\\\/logo\\\/image\\\/\",\"url\":\"https:\\\/\\\/ecodef-ihedn.fr\\\/wp-content\\\/uploads\\\/2020\\\/04\\\/logoEcodef9.jpg\",\"contentUrl\":\"https:\\\/\\\/ecodef-ihedn.fr\\\/wp-content\\\/uploads\\\/2020\\\/04\\\/logoEcodef9.jpg\",\"width\":410,\"height\":212,\"caption\":\"Chaire \u00c9conomie de d\u00e9fense - IHEDN\"},\"image\":{\"@id\":\"https:\\\/\\\/ecodef-ihedn.fr\\\/#\\\/schema\\\/logo\\\/image\\\/\"},\"sameAs\":[\"https:\\\/\\\/x.com\\\/Chaire_Ecodef\",\"https:\\\/\\\/www.linkedin.com\\\/company\\\/chaire-ecodef-ihedn\\\/\"]},{\"@type\":\"Person\",\"@id\":\"https:\\\/\\\/ecodef-ihedn.fr\\\/#\\\/schema\\\/person\\\/1cdf22d028cebe278126a6e07a884d30\",\"name\":\"Bertrand Demandre\",\"image\":{\"@type\":\"ImageObject\",\"inLanguage\":\"en-GB\",\"@id\":\"https:\\\/\\\/secure.gravatar.com\\\/avatar\\\/d9c9746d6c900ab5b9c0f9b1fa3932e369da923da247d624b8f7ab4ba8a3c093?s=96&d=mm&r=g\",\"url\":\"https:\\\/\\\/secure.gravatar.com\\\/avatar\\\/d9c9746d6c900ab5b9c0f9b1fa3932e369da923da247d624b8f7ab4ba8a3c093?s=96&d=mm&r=g\",\"contentUrl\":\"https:\\\/\\\/secure.gravatar.com\\\/avatar\\\/d9c9746d6c900ab5b9c0f9b1fa3932e369da923da247d624b8f7ab4ba8a3c093?s=96&d=mm&r=g\",\"caption\":\"Bertrand Demandre\"},\"url\":\"https:\\\/\\\/ecodef-ihedn.fr\\\/en\\\/author\\\/bertrand\\\/\"}]}<\/script>\n<!-- \/ Yoast SEO plugin. -->","yoast_head_json":{"title":"Participation d'Eva Szego aux Rencontres de Bourrienne 2026 - Chaire \u00c9conomie de d\u00e9fense - IHEDN","robots":{"index":"index","follow":"follow","max-snippet":"max-snippet:-1","max-image-preview":"max-image-preview:large","max-video-preview":"max-video-preview:-1"},"canonical":"https:\/\/ecodef-ihedn.fr\/en\/participation-deva-szego-aux-rencontres-de-bourrienne-2026\/","og_locale":"en_GB","og_type":"article","og_title":"Participation d'Eva Szego aux Rencontres de Bourrienne 2026 - Chaire \u00c9conomie de d\u00e9fense - IHEDN","og_description":"Eva Szego a particip\u00e9 \u00e0 l&rsquo;\u00e9dition 2026 des Rencontres de Bourienne, organis\u00e9es \u00e0 Paris par AUDACIA le 9 avril 2026 Organis\u00e9 par AUDACIA, cet \u00e9v\u00e9nement a \u00e9t\u00e9 consacr\u00e9 \u00e0 la question du financement de la d\u00e9fense en France. Il a propos\u00e9 des \u00e9changes entre militaires, diplomates, entrepreneurs et chercheurs. L&rsquo;objectif \u00e9tait de d\u00e9montrer que, dans [&hellip;]","og_url":"https:\/\/ecodef-ihedn.fr\/en\/participation-deva-szego-aux-rencontres-de-bourrienne-2026\/","og_site_name":"Chaire \u00c9conomie de d\u00e9fense - IHEDN","article_published_time":"2026-04-10T16:53:34+00:00","article_modified_time":"2026-04-23T08:53:15+00:00","og_image":[{"width":2048,"height":1365,"url":"https:\/\/ecodef-ihedn.fr\/wp-content\/uploads\/2026\/04\/Eva-SZEGO-Bourrienne-2026.jpg","type":"image\/jpeg"}],"author":"Bertrand Demandre","twitter_card":"summary_large_image","twitter_creator":"@Chaire_Ecodef","twitter_site":"@Chaire_Ecodef","twitter_misc":{"Written by":"Bertrand Demandre","Estimated reading time":"2 minutes"},"schema":{"@context":"https:\/\/schema.org","@graph":[{"@type":"Article","@id":"https:\/\/ecodef-ihedn.fr\/participation-deva-szego-aux-rencontres-de-bourrienne-2026\/#article","isPartOf":{"@id":"https:\/\/ecodef-ihedn.fr\/participation-deva-szego-aux-rencontres-de-bourrienne-2026\/"},"author":{"name":"Bertrand Demandre","@id":"https:\/\/ecodef-ihedn.fr\/#\/schema\/person\/1cdf22d028cebe278126a6e07a884d30"},"headline":"Participation d&rsquo;Eva Szego aux Rencontres de Bourrienne 2026","datePublished":"2026-04-10T16:53:34+00:00","dateModified":"2026-04-23T08:53:15+00:00","mainEntityOfPage":{"@id":"https:\/\/ecodef-ihedn.fr\/participation-deva-szego-aux-rencontres-de-bourrienne-2026\/"},"wordCount":140,"commentCount":0,"publisher":{"@id":"https:\/\/ecodef-ihedn.fr\/#organization"},"image":{"@id":"https:\/\/ecodef-ihedn.fr\/participation-deva-szego-aux-rencontres-de-bourrienne-2026\/#primaryimage"},"thumbnailUrl":"https:\/\/ecodef-ihedn.fr\/wp-content\/uploads\/2026\/04\/Eva-SZEGO-Bourrienne-2026.jpg","keywords":["AUDACIA","autonomie strat\u00e9gique","capital-investissement","C\u00e9cile Maisonneuve","chaire \u00e9conomie de d\u00e9fense","Charles Beigbeder","\u00e9conomie","\u00e9conomie de d\u00e9fense","enjeux industriels","Eva Szego","Fabien Apper","finance","innovation","Josselin Droff","Julien Lalanne de Saint Quentin","march\u00e9 de l'armement","private equity","Rencontres de Bourienne"],"articleSection":["Activit\u00e9s","Activit\u00e9s : participation de la Chaire \u00e0 un \u00e9v\u00e9nement"],"inLanguage":"en-GB","potentialAction":[{"@type":"CommentAction","name":"Comment","target":["https:\/\/ecodef-ihedn.fr\/participation-deva-szego-aux-rencontres-de-bourrienne-2026\/#respond"]}]},{"@type":"WebPage","@id":"https:\/\/ecodef-ihedn.fr\/participation-deva-szego-aux-rencontres-de-bourrienne-2026\/","url":"https:\/\/ecodef-ihedn.fr\/participation-deva-szego-aux-rencontres-de-bourrienne-2026\/","name":"Participation d'Eva Szego aux Rencontres de Bourrienne 2026 - Chaire \u00c9conomie de d\u00e9fense - IHEDN","isPartOf":{"@id":"https:\/\/ecodef-ihedn.fr\/#website"},"primaryImageOfPage":{"@id":"https:\/\/ecodef-ihedn.fr\/participation-deva-szego-aux-rencontres-de-bourrienne-2026\/#primaryimage"},"image":{"@id":"https:\/\/ecodef-ihedn.fr\/participation-deva-szego-aux-rencontres-de-bourrienne-2026\/#primaryimage"},"thumbnailUrl":"https:\/\/ecodef-ihedn.fr\/wp-content\/uploads\/2026\/04\/Eva-SZEGO-Bourrienne-2026.jpg","datePublished":"2026-04-10T16:53:34+00:00","dateModified":"2026-04-23T08:53:15+00:00","breadcrumb":{"@id":"https:\/\/ecodef-ihedn.fr\/participation-deva-szego-aux-rencontres-de-bourrienne-2026\/#breadcrumb"},"inLanguage":"en-GB","potentialAction":[{"@type":"ReadAction","target":["https:\/\/ecodef-ihedn.fr\/participation-deva-szego-aux-rencontres-de-bourrienne-2026\/"]}]},{"@type":"ImageObject","inLanguage":"en-GB","@id":"https:\/\/ecodef-ihedn.fr\/participation-deva-szego-aux-rencontres-de-bourrienne-2026\/#primaryimage","url":"https:\/\/ecodef-ihedn.fr\/wp-content\/uploads\/2026\/04\/Eva-SZEGO-Bourrienne-2026.jpg","contentUrl":"https:\/\/ecodef-ihedn.fr\/wp-content\/uploads\/2026\/04\/Eva-SZEGO-Bourrienne-2026.jpg","width":2048,"height":1365},{"@type":"BreadcrumbList","@id":"https:\/\/ecodef-ihedn.fr\/participation-deva-szego-aux-rencontres-de-bourrienne-2026\/#breadcrumb","itemListElement":[{"@type":"ListItem","position":1,"name":"Accueil","item":"https:\/\/ecodef-ihedn.fr\/"},{"@type":"ListItem","position":2,"name":"Participation d&rsquo;Eva Szego aux Rencontres de Bourrienne 2026"}]},{"@type":"WebSite","@id":"https:\/\/ecodef-ihedn.fr\/#website","url":"https:\/\/ecodef-ihedn.fr\/","name":"Chair in Defence Economics - IHEDN","description":"Produce &amp; support, federate &amp; disseminate, act as an interface","publisher":{"@id":"https:\/\/ecodef-ihedn.fr\/#organization"},"potentialAction":[{"@type":"SearchAction","target":{"@type":"EntryPoint","urlTemplate":"https:\/\/ecodef-ihedn.fr\/?s={search_term_string}"},"query-input":{"@type":"PropertyValueSpecification","valueRequired":true,"valueName":"search_term_string"}}],"inLanguage":"en-GB"},{"@type":"Organization","@id":"https:\/\/ecodef-ihedn.fr\/#organization","name":"Chair in Defence Economics - IHEDN","url":"https:\/\/ecodef-ihedn.fr\/","logo":{"@type":"ImageObject","inLanguage":"en-GB","@id":"https:\/\/ecodef-ihedn.fr\/#\/schema\/logo\/image\/","url":"https:\/\/ecodef-ihedn.fr\/wp-content\/uploads\/2020\/04\/logoEcodef9.jpg","contentUrl":"https:\/\/ecodef-ihedn.fr\/wp-content\/uploads\/2020\/04\/logoEcodef9.jpg","width":410,"height":212,"caption":"Chaire \u00c9conomie de d\u00e9fense - IHEDN"},"image":{"@id":"https:\/\/ecodef-ihedn.fr\/#\/schema\/logo\/image\/"},"sameAs":["https:\/\/x.com\/Chaire_Ecodef","https:\/\/www.linkedin.com\/company\/chaire-ecodef-ihedn\/"]},{"@type":"Person","@id":"https:\/\/ecodef-ihedn.fr\/#\/schema\/person\/1cdf22d028cebe278126a6e07a884d30","name":"Bertrand Demandre","image":{"@type":"ImageObject","inLanguage":"en-GB","@id":"https:\/\/secure.gravatar.com\/avatar\/d9c9746d6c900ab5b9c0f9b1fa3932e369da923da247d624b8f7ab4ba8a3c093?s=96&d=mm&r=g","url":"https:\/\/secure.gravatar.com\/avatar\/d9c9746d6c900ab5b9c0f9b1fa3932e369da923da247d624b8f7ab4ba8a3c093?s=96&d=mm&r=g","contentUrl":"https:\/\/secure.gravatar.com\/avatar\/d9c9746d6c900ab5b9c0f9b1fa3932e369da923da247d624b8f7ab4ba8a3c093?s=96&d=mm&r=g","caption":"Bertrand Demandre"},"url":"https:\/\/ecodef-ihedn.fr\/en\/author\/bertrand\/"}]}},"_links":{"self":[{"href":"https:\/\/ecodef-ihedn.fr\/en\/wp-json\/wp\/v2\/posts\/9089","targetHints":{"allow":["GET"]}}],"collection":[{"href":"https:\/\/ecodef-ihedn.fr\/en\/wp-json\/wp\/v2\/posts"}],"about":[{"href":"https:\/\/ecodef-ihedn.fr\/en\/wp-json\/wp\/v2\/types\/post"}],"author":[{"embeddable":true,"href":"https:\/\/ecodef-ihedn.fr\/en\/wp-json\/wp\/v2\/users\/2"}],"replies":[{"embeddable":true,"href":"https:\/\/ecodef-ihedn.fr\/en\/wp-json\/wp\/v2\/comments?post=9089"}],"version-history":[{"count":5,"href":"https:\/\/ecodef-ihedn.fr\/en\/wp-json\/wp\/v2\/posts\/9089\/revisions"}],"predecessor-version":[{"id":9096,"href":"https:\/\/ecodef-ihedn.fr\/en\/wp-json\/wp\/v2\/posts\/9089\/revisions\/9096"}],"wp:featuredmedia":[{"embeddable":true,"href":"https:\/\/ecodef-ihedn.fr\/en\/wp-json\/wp\/v2\/media\/9090"}],"wp:attachment":[{"href":"https:\/\/ecodef-ihedn.fr\/en\/wp-json\/wp\/v2\/media?parent=9089"}],"wp:term":[{"taxonomy":"category","embeddable":true,"href":"https:\/\/ecodef-ihedn.fr\/en\/wp-json\/wp\/v2\/categories?post=9089"},{"taxonomy":"post_tag","embeddable":true,"href":"https:\/\/ecodef-ihedn.fr\/en\/wp-json\/wp\/v2\/tags?post=9089"}],"curies":[{"name":"wp","href":"https:\/\/api.w.org\/{rel}","templated":true}]}}