{"id":9097,"date":"2026-04-03T09:24:59","date_gmt":"2026-04-03T09:24:59","guid":{"rendered":"https:\/\/ecodef-ihedn.fr\/?p=9097"},"modified":"2026-04-15T16:10:15","modified_gmt":"2026-04-15T16:10:15","slug":"video-marches-de-larmement-nouveaux-besoins-nouveaux-acteurs-industriels-nouvelles-strategies-participation-de-la-chaire-au-pdsf-2026","status":"publish","type":"post","link":"https:\/\/ecodef-ihedn.fr\/en\/video-marches-de-larmement-nouveaux-besoins-nouveaux-acteurs-industriels-nouvelles-strategies-participation-de-la-chaire-au-pdsf-2026\/","title":{"rendered":"[VIDEO] \u00ab\u00a0March\u00e9s de l&rsquo;armement : nouveaux besoins, nouveaux acteurs industriels, nouvelles strat\u00e9gies ?\u00a0\u00bb : participation de la Chaire au PDSF 2026"},"content":{"rendered":"<h3 style=\"text-align: center;\">Eva Szego and Josselin Droff took part in the round table discussion \u00abArmaments markets: new needs, new industrial players, new strategies\u00bb as part of the third edition of the <a href=\"https:\/\/parisdefencestrategyforum.com\/fr\/\" target=\"_blank\" rel=\"noopener\">Paris Defence and Strategy Forum (PDSF)<\/a> of the\u2019<a href=\"https:\/\/www.defense.gouv.fr\/academ\" target=\"_blank\" rel=\"noopener\">Defence Academy of the \u00c9cole Militaire (ACADEM)<\/a><\/h3>\n<h3><a href=\"https:\/\/ecodef-ihedn.fr\/wp-content\/uploads\/2026\/04\/PDSF_2026-16.9.jpg\" target=\"_blank\" rel=\"noopener\"><img loading=\"lazy\" decoding=\"async\" class=\"aligncenter wp-image-9099 size-full\" src=\"https:\/\/ecodef-ihedn.fr\/wp-content\/uploads\/2026\/04\/PDSF_2026-16.9.jpg\" alt=\"\" width=\"792\" height=\"445\" srcset=\"https:\/\/ecodef-ihedn.fr\/wp-content\/uploads\/2026\/04\/PDSF_2026-16.9.jpg 792w, https:\/\/ecodef-ihedn.fr\/wp-content\/uploads\/2026\/04\/PDSF_2026-16.9-300x169.jpg 300w, https:\/\/ecodef-ihedn.fr\/wp-content\/uploads\/2026\/04\/PDSF_2026-16.9-768x432.jpg 768w, https:\/\/ecodef-ihedn.fr\/wp-content\/uploads\/2026\/04\/PDSF_2026-16.9-18x10.jpg 18w, https:\/\/ecodef-ihedn.fr\/wp-content\/uploads\/2026\/04\/PDSF_2026-16.9-748x420.jpg 748w, https:\/\/ecodef-ihedn.fr\/wp-content\/uploads\/2026\/04\/PDSF_2026-16.9-696x391.jpg 696w\" sizes=\"auto, (max-width: 792px) 100vw, 792px\" \/><\/a><\/h3>\n<p>The 2026 edition of the <strong><a href=\"https:\/\/parisdefencestrategyforum.com\/fr\/\" target=\"_blank\" rel=\"noopener\">Paris Defence and Strategy Forum (PDSF)<\/a> <\/strong>was held at the \u00c9cole Militaire, Paris 7, from 24 to 26 March 2026.<\/p>\n<p>Scheduled for 26 March 2026 in the Amphith\u00e9atre Foch, the round table \u00abArmaments markets: new needs, new industrial players, new strategies? <strong>Eva Szego<\/strong>, The event brought together speakers from the worlds of politics, academia and industry to share their analyses:<\/p>\n<ul>\n<li><strong>Josselin Droff<\/strong>, Researcher at the Defence Economics Chair - IHEDN<\/li>\n<li><strong>Aurore Neuschwander<\/strong>, Director of the Drones, Autonomous Systems and Underwater Weapons Division and permanent member of the Executive Committee. <strong>Naval Group<\/strong><\/li>\n<li><strong>Antoine De Braquilanges<\/strong>, Chief Executive Officer - <strong>Helsing France<\/strong><\/li>\n<li><strong>Thomas Gassiloud<\/strong>, Deputy, National Defence Committee - <strong>National Assembly<\/strong><\/li>\n<li><strong>Alexandre Papaemmanuel<\/strong>, Senior Vince President Business Strategy &amp; Future Portfolio -\u00a0 <strong>MBDA<\/strong><\/li>\n<li><strong>Dustin Wilden<\/strong>, Chief Executive Officer - <strong>CenSec <\/strong>(Denmark)<\/li>\n<\/ul>\n<p style=\"text-align: center;\"><a href=\"https:\/\/www.youtube.com\/watch?v=0FW2b2KtZBM\" target=\"_blank\" rel=\"noopener\"><span class=\"td_btn td_btn_md td_default_btn\">see the round table<\/span><\/a><\/p>\n<p>The Russian-Ukrainian conflict has highlighted profound changes in the use of military equipment, accelerating the transformation of the defence industry. The widespread use of drones in all environments - land, air, sea and space - illustrates this trend, as does the rapid militarisation of technologies developed in the civilian sector.<\/p>\n<p>In this context, producing more, faster and at lower cost is becoming a strategic imperative, particularly in view of the return of high-intensity conflicts. This dynamic is encouraging the emergence of new European players, often inspired by American models such as Anduril, who are challenging the historic positions of the major manufacturers.<\/p>\n<p>In response to these developments, established players are adapting their strategies, transforming production methods, strengthening innovation ecosystems and multiplying partnerships. The result is a diversification of industrial approaches, revealing both the dynamism and the tensions that characterise this \u201cnew defence\u201d, which is in the process of reshaping itself.<\/p>\n<p><a href=\"https:\/\/ecodef-ihedn.fr\/wp-content\/uploads\/2026\/04\/dYIb445fh6Hagy.jpg\" target=\"_blank\" rel=\"noopener\"><img loading=\"lazy\" decoding=\"async\" class=\"aligncenter wp-image-9100 size-large\" src=\"https:\/\/ecodef-ihedn.fr\/wp-content\/uploads\/2026\/04\/dYIb445fh6Hagy-1024x683.jpg\" alt=\"\" width=\"696\" height=\"464\" srcset=\"https:\/\/ecodef-ihedn.fr\/wp-content\/uploads\/2026\/04\/dYIb445fh6Hagy-1024x683.jpg 1024w, https:\/\/ecodef-ihedn.fr\/wp-content\/uploads\/2026\/04\/dYIb445fh6Hagy-300x200.jpg 300w, https:\/\/ecodef-ihedn.fr\/wp-content\/uploads\/2026\/04\/dYIb445fh6Hagy-768x512.jpg 768w, https:\/\/ecodef-ihedn.fr\/wp-content\/uploads\/2026\/04\/dYIb445fh6Hagy-1536x1024.jpg 1536w, https:\/\/ecodef-ihedn.fr\/wp-content\/uploads\/2026\/04\/dYIb445fh6Hagy-18x12.jpg 18w, https:\/\/ecodef-ihedn.fr\/wp-content\/uploads\/2026\/04\/dYIb445fh6Hagy-630x420.jpg 630w, https:\/\/ecodef-ihedn.fr\/wp-content\/uploads\/2026\/04\/dYIb445fh6Hagy-1260x840.jpg 1260w, https:\/\/ecodef-ihedn.fr\/wp-content\/uploads\/2026\/04\/dYIb445fh6Hagy-696x464.jpg 696w, https:\/\/ecodef-ihedn.fr\/wp-content\/uploads\/2026\/04\/dYIb445fh6Hagy-1392x928.jpg 1392w, https:\/\/ecodef-ihedn.fr\/wp-content\/uploads\/2026\/04\/dYIb445fh6Hagy-1068x712.jpg 1068w, https:\/\/ecodef-ihedn.fr\/wp-content\/uploads\/2026\/04\/dYIb445fh6Hagy.jpg 1599w\" sizes=\"auto, (max-width: 696px) 100vw, 696px\" \/><\/a> <a href=\"https:\/\/ecodef-ihedn.fr\/wp-content\/uploads\/2026\/04\/qmdCx0x20vijPC.jpg\" target=\"_blank\" rel=\"noopener\"><img loading=\"lazy\" decoding=\"async\" class=\"aligncenter wp-image-9102 size-large\" src=\"https:\/\/ecodef-ihedn.fr\/wp-content\/uploads\/2026\/04\/qmdCx0x20vijPC-683x1024.jpg\" alt=\"\" width=\"683\" height=\"1024\" srcset=\"https:\/\/ecodef-ihedn.fr\/wp-content\/uploads\/2026\/04\/qmdCx0x20vijPC-683x1024.jpg 683w, https:\/\/ecodef-ihedn.fr\/wp-content\/uploads\/2026\/04\/qmdCx0x20vijPC-200x300.jpg 200w, https:\/\/ecodef-ihedn.fr\/wp-content\/uploads\/2026\/04\/qmdCx0x20vijPC-768x1152.jpg 768w, https:\/\/ecodef-ihedn.fr\/wp-content\/uploads\/2026\/04\/qmdCx0x20vijPC-1024x1536.jpg 1024w, https:\/\/ecodef-ihedn.fr\/wp-content\/uploads\/2026\/04\/qmdCx0x20vijPC-8x12.jpg 8w, https:\/\/ecodef-ihedn.fr\/wp-content\/uploads\/2026\/04\/qmdCx0x20vijPC-280x420.jpg 280w, https:\/\/ecodef-ihedn.fr\/wp-content\/uploads\/2026\/04\/qmdCx0x20vijPC-560x840.jpg 560w, https:\/\/ecodef-ihedn.fr\/wp-content\/uploads\/2026\/04\/qmdCx0x20vijPC-696x1044.jpg 696w, https:\/\/ecodef-ihedn.fr\/wp-content\/uploads\/2026\/04\/qmdCx0x20vijPC.jpg 1066w\" sizes=\"auto, (max-width: 683px) 100vw, 683px\" \/><\/a><img loading=\"lazy\" decoding=\"async\" class=\"aligncenter wp-image-9101 size-large\" src=\"https:\/\/ecodef-ihedn.fr\/wp-content\/uploads\/2026\/04\/lsZUtdolk4yNra-1024x683.jpg\" alt=\"\" width=\"696\" height=\"464\" srcset=\"https:\/\/ecodef-ihedn.fr\/wp-content\/uploads\/2026\/04\/lsZUtdolk4yNra-1024x683.jpg 1024w, https:\/\/ecodef-ihedn.fr\/wp-content\/uploads\/2026\/04\/lsZUtdolk4yNra-300x200.jpg 300w, https:\/\/ecodef-ihedn.fr\/wp-content\/uploads\/2026\/04\/lsZUtdolk4yNra-768x512.jpg 768w, https:\/\/ecodef-ihedn.fr\/wp-content\/uploads\/2026\/04\/lsZUtdolk4yNra-1536x1024.jpg 1536w, https:\/\/ecodef-ihedn.fr\/wp-content\/uploads\/2026\/04\/lsZUtdolk4yNra-18x12.jpg 18w, https:\/\/ecodef-ihedn.fr\/wp-content\/uploads\/2026\/04\/lsZUtdolk4yNra-630x420.jpg 630w, https:\/\/ecodef-ihedn.fr\/wp-content\/uploads\/2026\/04\/lsZUtdolk4yNra-1260x840.jpg 1260w, https:\/\/ecodef-ihedn.fr\/wp-content\/uploads\/2026\/04\/lsZUtdolk4yNra-696x464.jpg 696w, https:\/\/ecodef-ihedn.fr\/wp-content\/uploads\/2026\/04\/lsZUtdolk4yNra-1392x928.jpg 1392w, https:\/\/ecodef-ihedn.fr\/wp-content\/uploads\/2026\/04\/lsZUtdolk4yNra-1068x712.jpg 1068w, https:\/\/ecodef-ihedn.fr\/wp-content\/uploads\/2026\/04\/lsZUtdolk4yNra.jpg 1599w\" sizes=\"auto, (max-width: 696px) 100vw, 696px\" \/><\/p>","protected":false},"excerpt":{"rendered":"<p>Eva Szego et Josselin Droff ont particip\u00e9 \u00e0 la table ronde \u00ab\u00a0March\u00e9s de l&rsquo;armement : nouveaux besoins, nouveaux acteurs industriels, nouvelles strat\u00e9gies ?\u00a0\u00bb dans le cadre de la troisi\u00e8me \u00e9dition du Forum de Paris pour la d\u00e9fense et la strat\u00e9gie (PDSF) de l\u2019Acad\u00e9mie de d\u00e9fense de l&rsquo;\u00c9cole militaire (ACADEM) L&rsquo;\u00e9dition 2026 du Forum de Paris [&hellip;]<\/p>\n","protected":false},"author":2,"featured_media":9098,"comment_status":"open","ping_status":"open","sticky":false,"template":"","format":"standard","meta":{"footnotes":""},"categories":[356],"tags":[615,726,831,848,244,847,850,792,846,845,851,202,232,686,725,724,849],"class_list":{"0":"post-9097","1":"post","2":"type-post","3":"status-publish","4":"format-standard","5":"has-post-thumbnail","7":"category-activites-participation-de-la-chaire-a-un-evenement","8":"tag-academ","9":"tag-academie-de-defense-de-lecole-militaire","10":"tag-alexandre-papaemmanuel","11":"tag-antoine-de-braquilanges","12":"tag-assemblee-nationale","13":"tag-aurore-neuschwander","14":"tag-dustin-wilden","15":"tag-eva-szego","16":"tag-forum-de-paris-pour-la-defense-et-la-strategie","17":"tag-fpds","18":"tag-helsing-france","19":"tag-josselin-droff","20":"tag-mbda","21":"tag-naval-group","22":"tag-paris-defence-and-strategy-forum","23":"tag-pdsf","24":"tag-thomas-gassiloud"},"yoast_head":"<!-- This site is optimized with the Yoast SEO plugin v27.4 - https:\/\/yoast.com\/product\/yoast-seo-wordpress\/ -->\n<title>[VIDEO] &quot;March\u00e9s de l&#039;armement : nouveaux besoins, nouveaux acteurs industriels, nouvelles strat\u00e9gies ?&quot; : participation de la Chaire au PDSF 2026 - Chaire \u00c9conomie de d\u00e9fense - IHEDN<\/title>\n<meta name=\"robots\" content=\"index, follow, max-snippet:-1, max-image-preview:large, max-video-preview:-1\" \/>\n<link rel=\"canonical\" href=\"https:\/\/ecodef-ihedn.fr\/en\/video-marches-de-larmement-nouveaux-besoins-nouveaux-acteurs-industriels-nouvelles-strategies-participation-de-la-chaire-au-pdsf-2026\/\" \/>\n<meta property=\"og:locale\" content=\"en_GB\" \/>\n<meta property=\"og:type\" content=\"article\" \/>\n<meta property=\"og:title\" content=\"[VIDEO] &quot;March\u00e9s de l&#039;armement : nouveaux besoins, nouveaux acteurs industriels, nouvelles strat\u00e9gies ?&quot; : participation de la Chaire au PDSF 2026 - Chaire \u00c9conomie de d\u00e9fense - IHEDN\" \/>\n<meta property=\"og:description\" content=\"Eva Szego et Josselin Droff ont particip\u00e9 \u00e0 la table ronde \u00ab\u00a0March\u00e9s de l&rsquo;armement : nouveaux besoins, nouveaux acteurs industriels, nouvelles strat\u00e9gies ?\u00a0\u00bb dans le cadre de la troisi\u00e8me \u00e9dition du Forum de Paris pour la d\u00e9fense et la strat\u00e9gie (PDSF) de l\u2019Acad\u00e9mie de d\u00e9fense de l&rsquo;\u00c9cole militaire (ACADEM) L&rsquo;\u00e9dition 2026 du Forum de Paris [&hellip;]\" \/>\n<meta property=\"og:url\" content=\"https:\/\/ecodef-ihedn.fr\/en\/video-marches-de-larmement-nouveaux-besoins-nouveaux-acteurs-industriels-nouvelles-strategies-participation-de-la-chaire-au-pdsf-2026\/\" \/>\n<meta property=\"og:site_name\" content=\"Chaire \u00c9conomie de d\u00e9fense - IHEDN\" \/>\n<meta property=\"article:published_time\" content=\"2026-04-03T09:24:59+00:00\" \/>\n<meta property=\"article:modified_time\" content=\"2026-04-15T16:10:15+00:00\" \/>\n<meta property=\"og:image\" content=\"https:\/\/ecodef-ihedn.fr\/wp-content\/uploads\/2026\/04\/PDSF_2026-7-5.png\" \/>\n\t<meta property=\"og:image:width\" content=\"792\" \/>\n\t<meta property=\"og:image:height\" content=\"566\" \/>\n\t<meta property=\"og:image:type\" content=\"image\/png\" \/>\n<meta name=\"author\" content=\"Bertrand Demandre\" \/>\n<meta name=\"twitter:card\" content=\"summary_large_image\" \/>\n<meta name=\"twitter:creator\" content=\"@Chaire_Ecodef\" \/>\n<meta name=\"twitter:site\" content=\"@Chaire_Ecodef\" \/>\n<meta name=\"twitter:label1\" content=\"Written by\" \/>\n\t<meta name=\"twitter:data1\" content=\"Bertrand Demandre\" \/>\n\t<meta name=\"twitter:label2\" content=\"Estimated reading time\" \/>\n\t<meta name=\"twitter:data2\" content=\"3 minutes\" \/>\n<script type=\"application\/ld+json\" class=\"yoast-schema-graph\">{\"@context\":\"https:\\\/\\\/schema.org\",\"@graph\":[{\"@type\":\"Article\",\"@id\":\"https:\\\/\\\/ecodef-ihedn.fr\\\/video-marches-de-larmement-nouveaux-besoins-nouveaux-acteurs-industriels-nouvelles-strategies-participation-de-la-chaire-au-pdsf-2026\\\/#article\",\"isPartOf\":{\"@id\":\"https:\\\/\\\/ecodef-ihedn.fr\\\/video-marches-de-larmement-nouveaux-besoins-nouveaux-acteurs-industriels-nouvelles-strategies-participation-de-la-chaire-au-pdsf-2026\\\/\"},\"author\":{\"name\":\"Bertrand Demandre\",\"@id\":\"https:\\\/\\\/ecodef-ihedn.fr\\\/#\\\/schema\\\/person\\\/1cdf22d028cebe278126a6e07a884d30\"},\"headline\":\"[VIDEO] \u00ab\u00a0March\u00e9s de l&rsquo;armement : nouveaux besoins, nouveaux acteurs industriels, nouvelles strat\u00e9gies ?\u00a0\u00bb : participation de la Chaire au PDSF 2026\",\"datePublished\":\"2026-04-03T09:24:59+00:00\",\"dateModified\":\"2026-04-15T16:10:15+00:00\",\"mainEntityOfPage\":{\"@id\":\"https:\\\/\\\/ecodef-ihedn.fr\\\/video-marches-de-larmement-nouveaux-besoins-nouveaux-acteurs-industriels-nouvelles-strategies-participation-de-la-chaire-au-pdsf-2026\\\/\"},\"wordCount\":399,\"commentCount\":0,\"publisher\":{\"@id\":\"https:\\\/\\\/ecodef-ihedn.fr\\\/#organization\"},\"image\":{\"@id\":\"https:\\\/\\\/ecodef-ihedn.fr\\\/video-marches-de-larmement-nouveaux-besoins-nouveaux-acteurs-industriels-nouvelles-strategies-participation-de-la-chaire-au-pdsf-2026\\\/#primaryimage\"},\"thumbnailUrl\":\"https:\\\/\\\/ecodef-ihedn.fr\\\/wp-content\\\/uploads\\\/2026\\\/04\\\/PDSF_2026-7-5.png\",\"keywords\":[\"ACADEM\",\"Acad\u00e9mie de d\u00e9fense de l'\u00c9cole militaire\",\"Alexandre PAPAEMMANUEL\",\"Antoine De Braquilanges\",\"assembl\u00e9e nationale\",\"Aurore Neuschwander\",\"Dustin Wilden\",\"Eva Szego\",\"Forum de Paris pour la d\u00e9fense et la strat\u00e9gie\",\"FPDS\",\"Helsing France\",\"Josselin Droff\",\"MBDA\",\"Naval Group\",\"Paris defence and strategy forum\",\"PDSF\",\"Thomas Gassiloud\"],\"articleSection\":[\"Activit\u00e9s : participation de la Chaire \u00e0 un \u00e9v\u00e9nement\"],\"inLanguage\":\"en-GB\",\"potentialAction\":[{\"@type\":\"CommentAction\",\"name\":\"Comment\",\"target\":[\"https:\\\/\\\/ecodef-ihedn.fr\\\/video-marches-de-larmement-nouveaux-besoins-nouveaux-acteurs-industriels-nouvelles-strategies-participation-de-la-chaire-au-pdsf-2026\\\/#respond\"]}]},{\"@type\":\"WebPage\",\"@id\":\"https:\\\/\\\/ecodef-ihedn.fr\\\/video-marches-de-larmement-nouveaux-besoins-nouveaux-acteurs-industriels-nouvelles-strategies-participation-de-la-chaire-au-pdsf-2026\\\/\",\"url\":\"https:\\\/\\\/ecodef-ihedn.fr\\\/video-marches-de-larmement-nouveaux-besoins-nouveaux-acteurs-industriels-nouvelles-strategies-participation-de-la-chaire-au-pdsf-2026\\\/\",\"name\":\"[VIDEO] \\\"March\u00e9s de l'armement : nouveaux besoins, nouveaux acteurs industriels, nouvelles strat\u00e9gies ?\\\" : participation de la Chaire au PDSF 2026 - Chaire \u00c9conomie de d\u00e9fense - IHEDN\",\"isPartOf\":{\"@id\":\"https:\\\/\\\/ecodef-ihedn.fr\\\/#website\"},\"primaryImageOfPage\":{\"@id\":\"https:\\\/\\\/ecodef-ihedn.fr\\\/video-marches-de-larmement-nouveaux-besoins-nouveaux-acteurs-industriels-nouvelles-strategies-participation-de-la-chaire-au-pdsf-2026\\\/#primaryimage\"},\"image\":{\"@id\":\"https:\\\/\\\/ecodef-ihedn.fr\\\/video-marches-de-larmement-nouveaux-besoins-nouveaux-acteurs-industriels-nouvelles-strategies-participation-de-la-chaire-au-pdsf-2026\\\/#primaryimage\"},\"thumbnailUrl\":\"https:\\\/\\\/ecodef-ihedn.fr\\\/wp-content\\\/uploads\\\/2026\\\/04\\\/PDSF_2026-7-5.png\",\"datePublished\":\"2026-04-03T09:24:59+00:00\",\"dateModified\":\"2026-04-15T16:10:15+00:00\",\"breadcrumb\":{\"@id\":\"https:\\\/\\\/ecodef-ihedn.fr\\\/video-marches-de-larmement-nouveaux-besoins-nouveaux-acteurs-industriels-nouvelles-strategies-participation-de-la-chaire-au-pdsf-2026\\\/#breadcrumb\"},\"inLanguage\":\"en-GB\",\"potentialAction\":[{\"@type\":\"ReadAction\",\"target\":[\"https:\\\/\\\/ecodef-ihedn.fr\\\/video-marches-de-larmement-nouveaux-besoins-nouveaux-acteurs-industriels-nouvelles-strategies-participation-de-la-chaire-au-pdsf-2026\\\/\"]}]},{\"@type\":\"ImageObject\",\"inLanguage\":\"en-GB\",\"@id\":\"https:\\\/\\\/ecodef-ihedn.fr\\\/video-marches-de-larmement-nouveaux-besoins-nouveaux-acteurs-industriels-nouvelles-strategies-participation-de-la-chaire-au-pdsf-2026\\\/#primaryimage\",\"url\":\"https:\\\/\\\/ecodef-ihedn.fr\\\/wp-content\\\/uploads\\\/2026\\\/04\\\/PDSF_2026-7-5.png\",\"contentUrl\":\"https:\\\/\\\/ecodef-ihedn.fr\\\/wp-content\\\/uploads\\\/2026\\\/04\\\/PDSF_2026-7-5.png\",\"width\":792,\"height\":566},{\"@type\":\"BreadcrumbList\",\"@id\":\"https:\\\/\\\/ecodef-ihedn.fr\\\/video-marches-de-larmement-nouveaux-besoins-nouveaux-acteurs-industriels-nouvelles-strategies-participation-de-la-chaire-au-pdsf-2026\\\/#breadcrumb\",\"itemListElement\":[{\"@type\":\"ListItem\",\"position\":1,\"name\":\"Accueil\",\"item\":\"https:\\\/\\\/ecodef-ihedn.fr\\\/\"},{\"@type\":\"ListItem\",\"position\":2,\"name\":\"[VIDEO] \u00ab\u00a0March\u00e9s de l&rsquo;armement : nouveaux besoins, nouveaux acteurs industriels, nouvelles strat\u00e9gies ?\u00a0\u00bb : participation de la Chaire au PDSF 2026\"}]},{\"@type\":\"WebSite\",\"@id\":\"https:\\\/\\\/ecodef-ihedn.fr\\\/#website\",\"url\":\"https:\\\/\\\/ecodef-ihedn.fr\\\/\",\"name\":\"Chaire \u00c9conomie de D\u00e9fense - IHEDN\",\"description\":\"Produire &amp; soutenir, f\u00e9d\u00e9rer &amp; diffuser, \u00eatre une interface\",\"publisher\":{\"@id\":\"https:\\\/\\\/ecodef-ihedn.fr\\\/#organization\"},\"potentialAction\":[{\"@type\":\"SearchAction\",\"target\":{\"@type\":\"EntryPoint\",\"urlTemplate\":\"https:\\\/\\\/ecodef-ihedn.fr\\\/?s={search_term_string}\"},\"query-input\":{\"@type\":\"PropertyValueSpecification\",\"valueRequired\":true,\"valueName\":\"search_term_string\"}}],\"inLanguage\":\"en-GB\"},{\"@type\":\"Organization\",\"@id\":\"https:\\\/\\\/ecodef-ihedn.fr\\\/#organization\",\"name\":\"Chaire \u00c9conomie de d\u00e9fense - IHEDN\",\"url\":\"https:\\\/\\\/ecodef-ihedn.fr\\\/\",\"logo\":{\"@type\":\"ImageObject\",\"inLanguage\":\"en-GB\",\"@id\":\"https:\\\/\\\/ecodef-ihedn.fr\\\/#\\\/schema\\\/logo\\\/image\\\/\",\"url\":\"https:\\\/\\\/ecodef-ihedn.fr\\\/wp-content\\\/uploads\\\/2020\\\/04\\\/logoEcodef9.jpg\",\"contentUrl\":\"https:\\\/\\\/ecodef-ihedn.fr\\\/wp-content\\\/uploads\\\/2020\\\/04\\\/logoEcodef9.jpg\",\"width\":410,\"height\":212,\"caption\":\"Chaire \u00c9conomie de d\u00e9fense - IHEDN\"},\"image\":{\"@id\":\"https:\\\/\\\/ecodef-ihedn.fr\\\/#\\\/schema\\\/logo\\\/image\\\/\"},\"sameAs\":[\"https:\\\/\\\/x.com\\\/Chaire_Ecodef\",\"https:\\\/\\\/www.linkedin.com\\\/company\\\/chaire-ecodef-ihedn\\\/\"]},{\"@type\":\"Person\",\"@id\":\"https:\\\/\\\/ecodef-ihedn.fr\\\/#\\\/schema\\\/person\\\/1cdf22d028cebe278126a6e07a884d30\",\"name\":\"Bertrand Demandre\",\"image\":{\"@type\":\"ImageObject\",\"inLanguage\":\"en-GB\",\"@id\":\"https:\\\/\\\/secure.gravatar.com\\\/avatar\\\/d9c9746d6c900ab5b9c0f9b1fa3932e369da923da247d624b8f7ab4ba8a3c093?s=96&d=mm&r=g\",\"url\":\"https:\\\/\\\/secure.gravatar.com\\\/avatar\\\/d9c9746d6c900ab5b9c0f9b1fa3932e369da923da247d624b8f7ab4ba8a3c093?s=96&d=mm&r=g\",\"contentUrl\":\"https:\\\/\\\/secure.gravatar.com\\\/avatar\\\/d9c9746d6c900ab5b9c0f9b1fa3932e369da923da247d624b8f7ab4ba8a3c093?s=96&d=mm&r=g\",\"caption\":\"Bertrand Demandre\"},\"url\":\"https:\\\/\\\/ecodef-ihedn.fr\\\/en\\\/author\\\/bertrand\\\/\"}]}<\/script>\n<!-- \/ Yoast SEO plugin. -->","yoast_head_json":{"title":"[VIDEO] \"March\u00e9s de l'armement : nouveaux besoins, nouveaux acteurs industriels, nouvelles strat\u00e9gies ?\" : participation de la Chaire au PDSF 2026 - Chaire \u00c9conomie de d\u00e9fense - IHEDN","robots":{"index":"index","follow":"follow","max-snippet":"max-snippet:-1","max-image-preview":"max-image-preview:large","max-video-preview":"max-video-preview:-1"},"canonical":"https:\/\/ecodef-ihedn.fr\/en\/video-marches-de-larmement-nouveaux-besoins-nouveaux-acteurs-industriels-nouvelles-strategies-participation-de-la-chaire-au-pdsf-2026\/","og_locale":"en_GB","og_type":"article","og_title":"[VIDEO] \"March\u00e9s de l'armement : nouveaux besoins, nouveaux acteurs industriels, nouvelles strat\u00e9gies ?\" : participation de la Chaire au PDSF 2026 - Chaire \u00c9conomie de d\u00e9fense - IHEDN","og_description":"Eva Szego et Josselin Droff ont particip\u00e9 \u00e0 la table ronde \u00ab\u00a0March\u00e9s de l&rsquo;armement : nouveaux besoins, nouveaux acteurs industriels, nouvelles strat\u00e9gies ?\u00a0\u00bb dans le cadre de la troisi\u00e8me \u00e9dition du Forum de Paris pour la d\u00e9fense et la strat\u00e9gie (PDSF) de l\u2019Acad\u00e9mie de d\u00e9fense de l&rsquo;\u00c9cole militaire (ACADEM) L&rsquo;\u00e9dition 2026 du Forum de Paris [&hellip;]","og_url":"https:\/\/ecodef-ihedn.fr\/en\/video-marches-de-larmement-nouveaux-besoins-nouveaux-acteurs-industriels-nouvelles-strategies-participation-de-la-chaire-au-pdsf-2026\/","og_site_name":"Chaire \u00c9conomie de d\u00e9fense - IHEDN","article_published_time":"2026-04-03T09:24:59+00:00","article_modified_time":"2026-04-15T16:10:15+00:00","og_image":[{"width":792,"height":566,"url":"https:\/\/ecodef-ihedn.fr\/wp-content\/uploads\/2026\/04\/PDSF_2026-7-5.png","type":"image\/png"}],"author":"Bertrand Demandre","twitter_card":"summary_large_image","twitter_creator":"@Chaire_Ecodef","twitter_site":"@Chaire_Ecodef","twitter_misc":{"Written by":"Bertrand Demandre","Estimated reading time":"3 minutes"},"schema":{"@context":"https:\/\/schema.org","@graph":[{"@type":"Article","@id":"https:\/\/ecodef-ihedn.fr\/video-marches-de-larmement-nouveaux-besoins-nouveaux-acteurs-industriels-nouvelles-strategies-participation-de-la-chaire-au-pdsf-2026\/#article","isPartOf":{"@id":"https:\/\/ecodef-ihedn.fr\/video-marches-de-larmement-nouveaux-besoins-nouveaux-acteurs-industriels-nouvelles-strategies-participation-de-la-chaire-au-pdsf-2026\/"},"author":{"name":"Bertrand Demandre","@id":"https:\/\/ecodef-ihedn.fr\/#\/schema\/person\/1cdf22d028cebe278126a6e07a884d30"},"headline":"[VIDEO] \u00ab\u00a0March\u00e9s de l&rsquo;armement : nouveaux besoins, nouveaux acteurs industriels, nouvelles strat\u00e9gies ?\u00a0\u00bb : participation de la Chaire au PDSF 2026","datePublished":"2026-04-03T09:24:59+00:00","dateModified":"2026-04-15T16:10:15+00:00","mainEntityOfPage":{"@id":"https:\/\/ecodef-ihedn.fr\/video-marches-de-larmement-nouveaux-besoins-nouveaux-acteurs-industriels-nouvelles-strategies-participation-de-la-chaire-au-pdsf-2026\/"},"wordCount":399,"commentCount":0,"publisher":{"@id":"https:\/\/ecodef-ihedn.fr\/#organization"},"image":{"@id":"https:\/\/ecodef-ihedn.fr\/video-marches-de-larmement-nouveaux-besoins-nouveaux-acteurs-industriels-nouvelles-strategies-participation-de-la-chaire-au-pdsf-2026\/#primaryimage"},"thumbnailUrl":"https:\/\/ecodef-ihedn.fr\/wp-content\/uploads\/2026\/04\/PDSF_2026-7-5.png","keywords":["ACADEM","Acad\u00e9mie de d\u00e9fense de l'\u00c9cole militaire","Alexandre PAPAEMMANUEL","Antoine De Braquilanges","assembl\u00e9e nationale","Aurore Neuschwander","Dustin Wilden","Eva Szego","Forum de Paris pour la d\u00e9fense et la strat\u00e9gie","FPDS","Helsing France","Josselin Droff","MBDA","Naval Group","Paris defence and strategy forum","PDSF","Thomas Gassiloud"],"articleSection":["Activit\u00e9s : participation de la Chaire \u00e0 un \u00e9v\u00e9nement"],"inLanguage":"en-GB","potentialAction":[{"@type":"CommentAction","name":"Comment","target":["https:\/\/ecodef-ihedn.fr\/video-marches-de-larmement-nouveaux-besoins-nouveaux-acteurs-industriels-nouvelles-strategies-participation-de-la-chaire-au-pdsf-2026\/#respond"]}]},{"@type":"WebPage","@id":"https:\/\/ecodef-ihedn.fr\/video-marches-de-larmement-nouveaux-besoins-nouveaux-acteurs-industriels-nouvelles-strategies-participation-de-la-chaire-au-pdsf-2026\/","url":"https:\/\/ecodef-ihedn.fr\/video-marches-de-larmement-nouveaux-besoins-nouveaux-acteurs-industriels-nouvelles-strategies-participation-de-la-chaire-au-pdsf-2026\/","name":"[VIDEO] \"March\u00e9s de l'armement : nouveaux besoins, nouveaux acteurs industriels, nouvelles strat\u00e9gies ?\" : participation de la Chaire au PDSF 2026 - Chaire \u00c9conomie de d\u00e9fense - IHEDN","isPartOf":{"@id":"https:\/\/ecodef-ihedn.fr\/#website"},"primaryImageOfPage":{"@id":"https:\/\/ecodef-ihedn.fr\/video-marches-de-larmement-nouveaux-besoins-nouveaux-acteurs-industriels-nouvelles-strategies-participation-de-la-chaire-au-pdsf-2026\/#primaryimage"},"image":{"@id":"https:\/\/ecodef-ihedn.fr\/video-marches-de-larmement-nouveaux-besoins-nouveaux-acteurs-industriels-nouvelles-strategies-participation-de-la-chaire-au-pdsf-2026\/#primaryimage"},"thumbnailUrl":"https:\/\/ecodef-ihedn.fr\/wp-content\/uploads\/2026\/04\/PDSF_2026-7-5.png","datePublished":"2026-04-03T09:24:59+00:00","dateModified":"2026-04-15T16:10:15+00:00","breadcrumb":{"@id":"https:\/\/ecodef-ihedn.fr\/video-marches-de-larmement-nouveaux-besoins-nouveaux-acteurs-industriels-nouvelles-strategies-participation-de-la-chaire-au-pdsf-2026\/#breadcrumb"},"inLanguage":"en-GB","potentialAction":[{"@type":"ReadAction","target":["https:\/\/ecodef-ihedn.fr\/video-marches-de-larmement-nouveaux-besoins-nouveaux-acteurs-industriels-nouvelles-strategies-participation-de-la-chaire-au-pdsf-2026\/"]}]},{"@type":"ImageObject","inLanguage":"en-GB","@id":"https:\/\/ecodef-ihedn.fr\/video-marches-de-larmement-nouveaux-besoins-nouveaux-acteurs-industriels-nouvelles-strategies-participation-de-la-chaire-au-pdsf-2026\/#primaryimage","url":"https:\/\/ecodef-ihedn.fr\/wp-content\/uploads\/2026\/04\/PDSF_2026-7-5.png","contentUrl":"https:\/\/ecodef-ihedn.fr\/wp-content\/uploads\/2026\/04\/PDSF_2026-7-5.png","width":792,"height":566},{"@type":"BreadcrumbList","@id":"https:\/\/ecodef-ihedn.fr\/video-marches-de-larmement-nouveaux-besoins-nouveaux-acteurs-industriels-nouvelles-strategies-participation-de-la-chaire-au-pdsf-2026\/#breadcrumb","itemListElement":[{"@type":"ListItem","position":1,"name":"Accueil","item":"https:\/\/ecodef-ihedn.fr\/"},{"@type":"ListItem","position":2,"name":"[VIDEO] \u00ab\u00a0March\u00e9s de l&rsquo;armement : nouveaux besoins, nouveaux acteurs industriels, nouvelles strat\u00e9gies ?\u00a0\u00bb : participation de la Chaire au PDSF 2026"}]},{"@type":"WebSite","@id":"https:\/\/ecodef-ihedn.fr\/#website","url":"https:\/\/ecodef-ihedn.fr\/","name":"Chair in Defence Economics - IHEDN","description":"Produce &amp; support, federate &amp; disseminate, act as an interface","publisher":{"@id":"https:\/\/ecodef-ihedn.fr\/#organization"},"potentialAction":[{"@type":"SearchAction","target":{"@type":"EntryPoint","urlTemplate":"https:\/\/ecodef-ihedn.fr\/?s={search_term_string}"},"query-input":{"@type":"PropertyValueSpecification","valueRequired":true,"valueName":"search_term_string"}}],"inLanguage":"en-GB"},{"@type":"Organization","@id":"https:\/\/ecodef-ihedn.fr\/#organization","name":"Chair in Defence Economics - IHEDN","url":"https:\/\/ecodef-ihedn.fr\/","logo":{"@type":"ImageObject","inLanguage":"en-GB","@id":"https:\/\/ecodef-ihedn.fr\/#\/schema\/logo\/image\/","url":"https:\/\/ecodef-ihedn.fr\/wp-content\/uploads\/2020\/04\/logoEcodef9.jpg","contentUrl":"https:\/\/ecodef-ihedn.fr\/wp-content\/uploads\/2020\/04\/logoEcodef9.jpg","width":410,"height":212,"caption":"Chaire \u00c9conomie de d\u00e9fense - IHEDN"},"image":{"@id":"https:\/\/ecodef-ihedn.fr\/#\/schema\/logo\/image\/"},"sameAs":["https:\/\/x.com\/Chaire_Ecodef","https:\/\/www.linkedin.com\/company\/chaire-ecodef-ihedn\/"]},{"@type":"Person","@id":"https:\/\/ecodef-ihedn.fr\/#\/schema\/person\/1cdf22d028cebe278126a6e07a884d30","name":"Bertrand Demandre","image":{"@type":"ImageObject","inLanguage":"en-GB","@id":"https:\/\/secure.gravatar.com\/avatar\/d9c9746d6c900ab5b9c0f9b1fa3932e369da923da247d624b8f7ab4ba8a3c093?s=96&d=mm&r=g","url":"https:\/\/secure.gravatar.com\/avatar\/d9c9746d6c900ab5b9c0f9b1fa3932e369da923da247d624b8f7ab4ba8a3c093?s=96&d=mm&r=g","contentUrl":"https:\/\/secure.gravatar.com\/avatar\/d9c9746d6c900ab5b9c0f9b1fa3932e369da923da247d624b8f7ab4ba8a3c093?s=96&d=mm&r=g","caption":"Bertrand Demandre"},"url":"https:\/\/ecodef-ihedn.fr\/en\/author\/bertrand\/"}]}},"_links":{"self":[{"href":"https:\/\/ecodef-ihedn.fr\/en\/wp-json\/wp\/v2\/posts\/9097","targetHints":{"allow":["GET"]}}],"collection":[{"href":"https:\/\/ecodef-ihedn.fr\/en\/wp-json\/wp\/v2\/posts"}],"about":[{"href":"https:\/\/ecodef-ihedn.fr\/en\/wp-json\/wp\/v2\/types\/post"}],"author":[{"embeddable":true,"href":"https:\/\/ecodef-ihedn.fr\/en\/wp-json\/wp\/v2\/users\/2"}],"replies":[{"embeddable":true,"href":"https:\/\/ecodef-ihedn.fr\/en\/wp-json\/wp\/v2\/comments?post=9097"}],"version-history":[{"count":8,"href":"https:\/\/ecodef-ihedn.fr\/en\/wp-json\/wp\/v2\/posts\/9097\/revisions"}],"predecessor-version":[{"id":9110,"href":"https:\/\/ecodef-ihedn.fr\/en\/wp-json\/wp\/v2\/posts\/9097\/revisions\/9110"}],"wp:featuredmedia":[{"embeddable":true,"href":"https:\/\/ecodef-ihedn.fr\/en\/wp-json\/wp\/v2\/media\/9098"}],"wp:attachment":[{"href":"https:\/\/ecodef-ihedn.fr\/en\/wp-json\/wp\/v2\/media?parent=9097"}],"wp:term":[{"taxonomy":"category","embeddable":true,"href":"https:\/\/ecodef-ihedn.fr\/en\/wp-json\/wp\/v2\/categories?post=9097"},{"taxonomy":"post_tag","embeddable":true,"href":"https:\/\/ecodef-ihedn.fr\/en\/wp-json\/wp\/v2\/tags?post=9097"}],"curies":[{"name":"wp","href":"https:\/\/api.w.org\/{rel}","templated":true}]}}