{"id":9111,"date":"2026-02-19T09:07:52","date_gmt":"2026-02-19T09:07:52","guid":{"rendered":"https:\/\/ecodef-ihedn.fr\/?p=9111"},"modified":"2026-04-27T10:23:47","modified_gmt":"2026-04-27T10:23:47","slug":"new-defence-et-politique-industrielle-de-defense-en-europe-publication-dun-article-de-la-chiare-dans-defense-industries-revue-de-la-frs","status":"publish","type":"post","link":"https:\/\/ecodef-ihedn.fr\/en\/new-defence-et-politique-industrielle-de-defense-en-europe-publication-dun-article-de-la-chiare-dans-defense-industries-revue-de-la-frs\/","title":{"rendered":"\u00abNew Defence\u00bb and defence industrial policy in Europe: publication of an article by Chiare in D\u00e9fense &amp; Industries, the FRS magazine"},"content":{"rendered":"<p><a href=\"https:\/\/ecodef-ihedn.fr\/wp-content\/uploads\/2024\/07\/DEFENSEIndustries.jpg\"><img loading=\"lazy\" decoding=\"async\" class=\"aligncenter size-full wp-image-8553\" src=\"https:\/\/ecodef-ihedn.fr\/wp-content\/uploads\/2024\/07\/DEFENSEIndustries.jpg\" alt=\"\" width=\"600\" height=\"367\" srcset=\"https:\/\/ecodef-ihedn.fr\/wp-content\/uploads\/2024\/07\/DEFENSEIndustries.jpg 600w, https:\/\/ecodef-ihedn.fr\/wp-content\/uploads\/2024\/07\/DEFENSEIndustries-300x184.jpg 300w\" sizes=\"auto, (max-width: 600px) 100vw, 600px\" \/><\/a><\/p>\n<h3 style=\"text-align: center;\">Josselin Droff, Lucie B\u00e9raud-Sudreau, Eva Szego, Julien Malizard ulien Malizard publishes the article <a href=\"https:\/\/www.frstrategie.org\/web\/documents\/publications\/defense-et-industries\/2026\/N22\/Defense_Industries_n22_022026_1.pdf\" target=\"_blank\" rel=\"noopener\"><strong>\u00ab\u00a0<em>New Defence<\/em> and defence industrial policy in Europe\u00bb<\/strong><\/a>, in issue 22 of <em>Defence &amp; Industry<\/em>, Journal of the Foundation for Strategic Research (FRS)<\/h3>\n<p>Josselin Droff, Eva Szego and Julien Malizard, researchers at the Defence Economics Chair - IHEDN, and Lucie B\u00e9raud-Sudreau, researcher at the International Institute of Strategic Studies (IISS).<\/p>\n<p>The conflict in Ukraine has revealed a twofold requirement for the European defence industry: to rapidly increase the volume of military equipment while incorporating the technological innovations needed to deal with new threats. This dynamic calls for a rethink of the structure of the arms market in Europe, which is now characterised by a dichotomy between historic and emerging markets. The aim of this article is to determine the characteristics of the new industrial players, known as \u00abNew Defence\u00bb, positioning themselves on the emerging armaments market and to analyse the implications for France and Europe.<\/p>\n<p>To what extent are \u00abNew Defence\u00bb companies helping to redefine the shape of the European defence technological and industrial base (DTIB)? What are the main implications for both companies and governments in terms of defence industrial policy?<\/p>\n<p>The authors propose a mapping of the \u00abNew Defence\u00bb sector. Based on a sample of 316 companies in six capability segments (UAV, UGV, naval drones, smallsats, HAPS), it highlights the dynamics of industrial transformation in Europe.<\/p>\n<h5>A DTIB with new players...<\/h5>\n<ul>\n<li>In six segments, the authors observe a proliferation of players, particularly in small UAVs and mini-satellites. Barriers to entry are lower in these segments, favouring the emergence of innovative SMEs, often with civilian or academic backgrounds.<\/li>\n<li>The \u00abNew Defence\u00bb is not just about start-ups: many established SMEs are growing in strength thanks to AI, sensors and the civil-military duality.<\/li>\n<li>The dynamic is also geographical: new countries are emerging alongside the major traditional DTIBs.<\/li>\n<\/ul>\n<h5>... which calls for a rethink of the dynamics between firms<\/h5>\n<ul>\n<li>The study confirms the \u00abtwo markets\u00bb hypothesis. A historic, capital-intensive market, structured around major integrators and long cycles. An emerging \u00abnew defence\u00bb market, more open and competitive, based on short cycles, mass production and reduced costs.<\/li>\n<li>These markets are not strictly substitutable, but complementary. Heavy platforms retain decisive advantages, while \u00abNew Defence\u00bb systems respond to the logic of war on attrition, saturation and mass at reduced unit cost.<\/li>\n<li>Faced with this dynamic, the incumbent players are adopting a number of strategies: direct competition with low-cost products; targeted acquisitions to bring skills in-house; industrial cooperation; or refocusing on their core business.<\/li>\n<\/ul>\n<h5>... and questions industrial policy options<\/h5>\n<p>From the point of view of the public authorities, the emergence of the \u00abNew Defence\u00bb opens up unprecedented scope for manoeuvre:<\/p>\n<ul>\n<li>Competitive pressure on costs and the quest for greater \u00abmilitary-economic\u00bb efficiency;<\/li>\n<li>Possibility of implementing a high-low mix combining major platforms and attrition equipment;<\/li>\n<li>Faster innovation cycles and shorter feedback loops with end users.<\/li>\n<\/ul>\n<h5>But with these opportunities come risks:<\/h5>\n<ul>\n<li>Real capacity for industrialisation still uncertain for many players;<\/li>\n<li>Announcements and media coverage can mask industrial weaknesses;<\/li>\n<li>Increased vulnerability to non-European acquisitions;<\/li>\n<li>The need to reconcile support for new entrants with the preservation of dynamic competition (to avoid premature crystallisation into \u00abchampions\u00bb).<\/li>\n<\/ul>\n<p style=\"text-align: center;\"><a href=\"https:\/\/www.frstrategie.org\/web\/documents\/publications\/defense-et-industries\/2026\/N22\/Defense_Industries_n22_022026_1.pdf\" target=\"_blank\" rel=\"noopener\"><span class=\"td_btn td_btn_md td_default_btn\">read the article<\/span><\/a><\/p>","protected":false},"excerpt":{"rendered":"<p>Josselin Droff, Lucie B\u00e9raud-Sudreau, Eva Szego, Julien Malizard ulien Malizard publie l&rsquo;article \u00ab\u00a0New Defence et politique industrielle de d\u00e9fense en Europe\u00a0\u00bb, dans le num\u00e9ro 22 de D\u00e9fense &amp; Industries, revue de la Fondation pour la recherche strat\u00e9gique (FRS) Josselin Droff, Eva Szego et Julien Malizard, chercheurs \u00e0 la Chaire \u00c9conomie de d\u00e9fense &#8211; IHEDN, et [&hellip;]<\/p>\n","protected":false},"author":2,"featured_media":8553,"comment_status":"open","ping_status":"open","sticky":false,"template":"","format":"standard","meta":{"footnotes":""},"categories":[350,351,352,415],"tags":[374,813,405,178,792,69,113,149,202,86,558,793,855,852,619],"class_list":{"0":"post-9111","1":"post","2":"type-post","3":"status-publish","4":"format-standard","5":"has-post-thumbnail","7":"category-publications","8":"category-thematique-1-connaissance-des-entreprises-de-defense","9":"category-thematique-2-determinants-et-impacts-de-la-depense-de-defense","10":"category-thematique-5-integration-et-cooperation-de-defense-en-europe","11":"tag-article","12":"tag-defense-industries","13":"tag-economie-de-guerre","14":"tag-europe","15":"tag-eva-szego","16":"tag-fondation-pour-la-recherche-strategique","17":"tag-frs","18":"tag-industrie-de-defense","19":"tag-josselin-droff","20":"tag-julien-malizard","21":"tag-lucie-beraud-sudreau","22":"tag-new-defence","23":"tag-new-defense","24":"tag-politique-industrielle-de-defense","25":"tag-publication"},"yoast_head":"<!-- This site is optimized with the Yoast SEO plugin v27.4 - https:\/\/yoast.com\/product\/yoast-seo-wordpress\/ -->\n<title>&quot;New Defence&quot; et politique industrielle de d\u00e9fense en Europe : publication d\u2019un article de la Chiare dans D\u00e9fense &amp; Industries, revue de la FRS - Chaire \u00c9conomie de d\u00e9fense - IHEDN<\/title>\n<meta name=\"robots\" content=\"index, follow, max-snippet:-1, max-image-preview:large, max-video-preview:-1\" \/>\n<link rel=\"canonical\" href=\"https:\/\/ecodef-ihedn.fr\/en\/new-defence-et-politique-industrielle-de-defense-en-europe-publication-dun-article-de-la-chiare-dans-defense-industries-revue-de-la-frs\/\" \/>\n<meta property=\"og:locale\" content=\"en_GB\" \/>\n<meta property=\"og:type\" content=\"article\" \/>\n<meta property=\"og:title\" content=\"&quot;New Defence&quot; et politique industrielle de d\u00e9fense en Europe : publication d\u2019un article de la Chiare dans D\u00e9fense &amp; Industries, revue de la FRS - Chaire \u00c9conomie de d\u00e9fense - IHEDN\" \/>\n<meta property=\"og:description\" content=\"Josselin Droff, Lucie B\u00e9raud-Sudreau, Eva Szego, Julien Malizard ulien Malizard publie l&rsquo;article \u00ab\u00a0New Defence et politique industrielle de d\u00e9fense en Europe\u00a0\u00bb, dans le num\u00e9ro 22 de D\u00e9fense &amp; Industries, revue de la Fondation pour la recherche strat\u00e9gique (FRS) Josselin Droff, Eva Szego et Julien Malizard, chercheurs \u00e0 la Chaire \u00c9conomie de d\u00e9fense &#8211; IHEDN, et [&hellip;]\" \/>\n<meta property=\"og:url\" content=\"https:\/\/ecodef-ihedn.fr\/en\/new-defence-et-politique-industrielle-de-defense-en-europe-publication-dun-article-de-la-chiare-dans-defense-industries-revue-de-la-frs\/\" \/>\n<meta property=\"og:site_name\" content=\"Chaire \u00c9conomie de d\u00e9fense - IHEDN\" \/>\n<meta property=\"article:published_time\" content=\"2026-02-19T09:07:52+00:00\" \/>\n<meta property=\"article:modified_time\" content=\"2026-04-27T10:23:47+00:00\" \/>\n<meta property=\"og:image\" content=\"https:\/\/ecodef-ihedn.fr\/wp-content\/uploads\/2024\/07\/DEFENSEIndustries.jpg\" \/>\n\t<meta property=\"og:image:width\" content=\"600\" \/>\n\t<meta property=\"og:image:height\" content=\"367\" \/>\n\t<meta property=\"og:image:type\" content=\"image\/jpeg\" \/>\n<meta name=\"author\" content=\"Bertrand Demandre\" \/>\n<meta name=\"twitter:card\" content=\"summary_large_image\" \/>\n<meta name=\"twitter:creator\" content=\"@Chaire_Ecodef\" \/>\n<meta name=\"twitter:site\" content=\"@Chaire_Ecodef\" \/>\n<meta name=\"twitter:label1\" content=\"Written by\" \/>\n\t<meta name=\"twitter:data1\" content=\"Bertrand Demandre\" \/>\n\t<meta name=\"twitter:label2\" content=\"Estimated reading time\" \/>\n\t<meta name=\"twitter:data2\" content=\"4 minutes\" \/>\n<script type=\"application\/ld+json\" class=\"yoast-schema-graph\">{\"@context\":\"https:\\\/\\\/schema.org\",\"@graph\":[{\"@type\":\"Article\",\"@id\":\"https:\\\/\\\/ecodef-ihedn.fr\\\/new-defence-et-politique-industrielle-de-defense-en-europe-publication-dun-article-de-la-chiare-dans-defense-industries-revue-de-la-frs\\\/#article\",\"isPartOf\":{\"@id\":\"https:\\\/\\\/ecodef-ihedn.fr\\\/new-defence-et-politique-industrielle-de-defense-en-europe-publication-dun-article-de-la-chiare-dans-defense-industries-revue-de-la-frs\\\/\"},\"author\":{\"name\":\"Bertrand Demandre\",\"@id\":\"https:\\\/\\\/ecodef-ihedn.fr\\\/#\\\/schema\\\/person\\\/1cdf22d028cebe278126a6e07a884d30\"},\"headline\":\"\u00ab\u00a0New Defence\u00a0\u00bb et politique industrielle de d\u00e9fense en Europe : publication d\u2019un article de la Chiare dans D\u00e9fense &#038; Industries, revue de la FRS\",\"datePublished\":\"2026-02-19T09:07:52+00:00\",\"dateModified\":\"2026-04-27T10:23:47+00:00\",\"mainEntityOfPage\":{\"@id\":\"https:\\\/\\\/ecodef-ihedn.fr\\\/new-defence-et-politique-industrielle-de-defense-en-europe-publication-dun-article-de-la-chiare-dans-defense-industries-revue-de-la-frs\\\/\"},\"wordCount\":653,\"commentCount\":0,\"publisher\":{\"@id\":\"https:\\\/\\\/ecodef-ihedn.fr\\\/#organization\"},\"image\":{\"@id\":\"https:\\\/\\\/ecodef-ihedn.fr\\\/new-defence-et-politique-industrielle-de-defense-en-europe-publication-dun-article-de-la-chiare-dans-defense-industries-revue-de-la-frs\\\/#primaryimage\"},\"thumbnailUrl\":\"https:\\\/\\\/ecodef-ihedn.fr\\\/wp-content\\\/uploads\\\/2024\\\/07\\\/DEFENSEIndustries.jpg\",\"keywords\":[\"article\",\"D\u00e9fense &amp; Industries\",\"\u00e9conomie de guerre\",\"Europe\",\"Eva Szego\",\"fondation pour la recherche strat\u00e9gique\",\"FRS\",\"industrie de d\u00e9fense\",\"Josselin Droff\",\"Julien Malizard\",\"Lucie B\u00e9raud-Sudreau\",\"new defence\",\"new defense\",\"politique industrielle de d\u00e9fense\",\"publication\"],\"articleSection\":[\"Publications\",\"Th\u00e9matique 1 : connaissance des entreprises de d\u00e9fense\",\"Th\u00e9matique 2 : d\u00e9terminants et impacts de la d\u00e9pense de d\u00e9fense\",\"Th\u00e9matique 5 : int\u00e9gration et coop\u00e9ration de d\u00e9fense en Europe\"],\"inLanguage\":\"en-GB\",\"potentialAction\":[{\"@type\":\"CommentAction\",\"name\":\"Comment\",\"target\":[\"https:\\\/\\\/ecodef-ihedn.fr\\\/new-defence-et-politique-industrielle-de-defense-en-europe-publication-dun-article-de-la-chiare-dans-defense-industries-revue-de-la-frs\\\/#respond\"]}]},{\"@type\":\"WebPage\",\"@id\":\"https:\\\/\\\/ecodef-ihedn.fr\\\/new-defence-et-politique-industrielle-de-defense-en-europe-publication-dun-article-de-la-chiare-dans-defense-industries-revue-de-la-frs\\\/\",\"url\":\"https:\\\/\\\/ecodef-ihedn.fr\\\/new-defence-et-politique-industrielle-de-defense-en-europe-publication-dun-article-de-la-chiare-dans-defense-industries-revue-de-la-frs\\\/\",\"name\":\"\\\"New Defence\\\" et politique industrielle de d\u00e9fense en Europe : publication d\u2019un article de la Chiare dans D\u00e9fense & Industries, revue de la FRS - Chaire \u00c9conomie de d\u00e9fense - IHEDN\",\"isPartOf\":{\"@id\":\"https:\\\/\\\/ecodef-ihedn.fr\\\/#website\"},\"primaryImageOfPage\":{\"@id\":\"https:\\\/\\\/ecodef-ihedn.fr\\\/new-defence-et-politique-industrielle-de-defense-en-europe-publication-dun-article-de-la-chiare-dans-defense-industries-revue-de-la-frs\\\/#primaryimage\"},\"image\":{\"@id\":\"https:\\\/\\\/ecodef-ihedn.fr\\\/new-defence-et-politique-industrielle-de-defense-en-europe-publication-dun-article-de-la-chiare-dans-defense-industries-revue-de-la-frs\\\/#primaryimage\"},\"thumbnailUrl\":\"https:\\\/\\\/ecodef-ihedn.fr\\\/wp-content\\\/uploads\\\/2024\\\/07\\\/DEFENSEIndustries.jpg\",\"datePublished\":\"2026-02-19T09:07:52+00:00\",\"dateModified\":\"2026-04-27T10:23:47+00:00\",\"breadcrumb\":{\"@id\":\"https:\\\/\\\/ecodef-ihedn.fr\\\/new-defence-et-politique-industrielle-de-defense-en-europe-publication-dun-article-de-la-chiare-dans-defense-industries-revue-de-la-frs\\\/#breadcrumb\"},\"inLanguage\":\"en-GB\",\"potentialAction\":[{\"@type\":\"ReadAction\",\"target\":[\"https:\\\/\\\/ecodef-ihedn.fr\\\/new-defence-et-politique-industrielle-de-defense-en-europe-publication-dun-article-de-la-chiare-dans-defense-industries-revue-de-la-frs\\\/\"]}]},{\"@type\":\"ImageObject\",\"inLanguage\":\"en-GB\",\"@id\":\"https:\\\/\\\/ecodef-ihedn.fr\\\/new-defence-et-politique-industrielle-de-defense-en-europe-publication-dun-article-de-la-chiare-dans-defense-industries-revue-de-la-frs\\\/#primaryimage\",\"url\":\"https:\\\/\\\/ecodef-ihedn.fr\\\/wp-content\\\/uploads\\\/2024\\\/07\\\/DEFENSEIndustries.jpg\",\"contentUrl\":\"https:\\\/\\\/ecodef-ihedn.fr\\\/wp-content\\\/uploads\\\/2024\\\/07\\\/DEFENSEIndustries.jpg\",\"width\":600,\"height\":367},{\"@type\":\"BreadcrumbList\",\"@id\":\"https:\\\/\\\/ecodef-ihedn.fr\\\/new-defence-et-politique-industrielle-de-defense-en-europe-publication-dun-article-de-la-chiare-dans-defense-industries-revue-de-la-frs\\\/#breadcrumb\",\"itemListElement\":[{\"@type\":\"ListItem\",\"position\":1,\"name\":\"Accueil\",\"item\":\"https:\\\/\\\/ecodef-ihedn.fr\\\/\"},{\"@type\":\"ListItem\",\"position\":2,\"name\":\"\u00ab\u00a0New Defence\u00a0\u00bb et politique industrielle de d\u00e9fense en Europe : publication d\u2019un article de la Chiare dans D\u00e9fense &#038; Industries, revue de la FRS\"}]},{\"@type\":\"WebSite\",\"@id\":\"https:\\\/\\\/ecodef-ihedn.fr\\\/#website\",\"url\":\"https:\\\/\\\/ecodef-ihedn.fr\\\/\",\"name\":\"Chaire \u00c9conomie de D\u00e9fense - IHEDN\",\"description\":\"Produire &amp; soutenir, f\u00e9d\u00e9rer &amp; diffuser, \u00eatre une interface\",\"publisher\":{\"@id\":\"https:\\\/\\\/ecodef-ihedn.fr\\\/#organization\"},\"potentialAction\":[{\"@type\":\"SearchAction\",\"target\":{\"@type\":\"EntryPoint\",\"urlTemplate\":\"https:\\\/\\\/ecodef-ihedn.fr\\\/?s={search_term_string}\"},\"query-input\":{\"@type\":\"PropertyValueSpecification\",\"valueRequired\":true,\"valueName\":\"search_term_string\"}}],\"inLanguage\":\"en-GB\"},{\"@type\":\"Organization\",\"@id\":\"https:\\\/\\\/ecodef-ihedn.fr\\\/#organization\",\"name\":\"Chaire \u00c9conomie de d\u00e9fense - IHEDN\",\"url\":\"https:\\\/\\\/ecodef-ihedn.fr\\\/\",\"logo\":{\"@type\":\"ImageObject\",\"inLanguage\":\"en-GB\",\"@id\":\"https:\\\/\\\/ecodef-ihedn.fr\\\/#\\\/schema\\\/logo\\\/image\\\/\",\"url\":\"https:\\\/\\\/ecodef-ihedn.fr\\\/wp-content\\\/uploads\\\/2020\\\/04\\\/logoEcodef9.jpg\",\"contentUrl\":\"https:\\\/\\\/ecodef-ihedn.fr\\\/wp-content\\\/uploads\\\/2020\\\/04\\\/logoEcodef9.jpg\",\"width\":410,\"height\":212,\"caption\":\"Chaire \u00c9conomie de d\u00e9fense - IHEDN\"},\"image\":{\"@id\":\"https:\\\/\\\/ecodef-ihedn.fr\\\/#\\\/schema\\\/logo\\\/image\\\/\"},\"sameAs\":[\"https:\\\/\\\/x.com\\\/Chaire_Ecodef\",\"https:\\\/\\\/www.linkedin.com\\\/company\\\/chaire-ecodef-ihedn\\\/\"]},{\"@type\":\"Person\",\"@id\":\"https:\\\/\\\/ecodef-ihedn.fr\\\/#\\\/schema\\\/person\\\/1cdf22d028cebe278126a6e07a884d30\",\"name\":\"Bertrand Demandre\",\"image\":{\"@type\":\"ImageObject\",\"inLanguage\":\"en-GB\",\"@id\":\"https:\\\/\\\/secure.gravatar.com\\\/avatar\\\/d9c9746d6c900ab5b9c0f9b1fa3932e369da923da247d624b8f7ab4ba8a3c093?s=96&d=mm&r=g\",\"url\":\"https:\\\/\\\/secure.gravatar.com\\\/avatar\\\/d9c9746d6c900ab5b9c0f9b1fa3932e369da923da247d624b8f7ab4ba8a3c093?s=96&d=mm&r=g\",\"contentUrl\":\"https:\\\/\\\/secure.gravatar.com\\\/avatar\\\/d9c9746d6c900ab5b9c0f9b1fa3932e369da923da247d624b8f7ab4ba8a3c093?s=96&d=mm&r=g\",\"caption\":\"Bertrand Demandre\"},\"url\":\"https:\\\/\\\/ecodef-ihedn.fr\\\/en\\\/author\\\/bertrand\\\/\"}]}<\/script>\n<!-- \/ Yoast SEO plugin. -->","yoast_head_json":{"title":"\"New Defence\" et politique industrielle de d\u00e9fense en Europe : publication d\u2019un article de la Chiare dans D\u00e9fense & Industries, revue de la FRS - Chaire \u00c9conomie de d\u00e9fense - IHEDN","robots":{"index":"index","follow":"follow","max-snippet":"max-snippet:-1","max-image-preview":"max-image-preview:large","max-video-preview":"max-video-preview:-1"},"canonical":"https:\/\/ecodef-ihedn.fr\/en\/new-defence-et-politique-industrielle-de-defense-en-europe-publication-dun-article-de-la-chiare-dans-defense-industries-revue-de-la-frs\/","og_locale":"en_GB","og_type":"article","og_title":"\"New Defence\" et politique industrielle de d\u00e9fense en Europe : publication d\u2019un article de la Chiare dans D\u00e9fense & Industries, revue de la FRS - Chaire \u00c9conomie de d\u00e9fense - IHEDN","og_description":"Josselin Droff, Lucie B\u00e9raud-Sudreau, Eva Szego, Julien Malizard ulien Malizard publie l&rsquo;article \u00ab\u00a0New Defence et politique industrielle de d\u00e9fense en Europe\u00a0\u00bb, dans le num\u00e9ro 22 de D\u00e9fense &amp; Industries, revue de la Fondation pour la recherche strat\u00e9gique (FRS) Josselin Droff, Eva Szego et Julien Malizard, chercheurs \u00e0 la Chaire \u00c9conomie de d\u00e9fense &#8211; IHEDN, et [&hellip;]","og_url":"https:\/\/ecodef-ihedn.fr\/en\/new-defence-et-politique-industrielle-de-defense-en-europe-publication-dun-article-de-la-chiare-dans-defense-industries-revue-de-la-frs\/","og_site_name":"Chaire \u00c9conomie de d\u00e9fense - IHEDN","article_published_time":"2026-02-19T09:07:52+00:00","article_modified_time":"2026-04-27T10:23:47+00:00","og_image":[{"width":600,"height":367,"url":"https:\/\/ecodef-ihedn.fr\/wp-content\/uploads\/2024\/07\/DEFENSEIndustries.jpg","type":"image\/jpeg"}],"author":"Bertrand Demandre","twitter_card":"summary_large_image","twitter_creator":"@Chaire_Ecodef","twitter_site":"@Chaire_Ecodef","twitter_misc":{"Written by":"Bertrand Demandre","Estimated reading time":"4 minutes"},"schema":{"@context":"https:\/\/schema.org","@graph":[{"@type":"Article","@id":"https:\/\/ecodef-ihedn.fr\/new-defence-et-politique-industrielle-de-defense-en-europe-publication-dun-article-de-la-chiare-dans-defense-industries-revue-de-la-frs\/#article","isPartOf":{"@id":"https:\/\/ecodef-ihedn.fr\/new-defence-et-politique-industrielle-de-defense-en-europe-publication-dun-article-de-la-chiare-dans-defense-industries-revue-de-la-frs\/"},"author":{"name":"Bertrand Demandre","@id":"https:\/\/ecodef-ihedn.fr\/#\/schema\/person\/1cdf22d028cebe278126a6e07a884d30"},"headline":"\u00ab\u00a0New Defence\u00a0\u00bb et politique industrielle de d\u00e9fense en Europe : publication d\u2019un article de la Chiare dans D\u00e9fense &#038; Industries, revue de la FRS","datePublished":"2026-02-19T09:07:52+00:00","dateModified":"2026-04-27T10:23:47+00:00","mainEntityOfPage":{"@id":"https:\/\/ecodef-ihedn.fr\/new-defence-et-politique-industrielle-de-defense-en-europe-publication-dun-article-de-la-chiare-dans-defense-industries-revue-de-la-frs\/"},"wordCount":653,"commentCount":0,"publisher":{"@id":"https:\/\/ecodef-ihedn.fr\/#organization"},"image":{"@id":"https:\/\/ecodef-ihedn.fr\/new-defence-et-politique-industrielle-de-defense-en-europe-publication-dun-article-de-la-chiare-dans-defense-industries-revue-de-la-frs\/#primaryimage"},"thumbnailUrl":"https:\/\/ecodef-ihedn.fr\/wp-content\/uploads\/2024\/07\/DEFENSEIndustries.jpg","keywords":["article","D\u00e9fense &amp; Industries","\u00e9conomie de guerre","Europe","Eva Szego","fondation pour la recherche strat\u00e9gique","FRS","industrie de d\u00e9fense","Josselin Droff","Julien Malizard","Lucie B\u00e9raud-Sudreau","new defence","new defense","politique industrielle de d\u00e9fense","publication"],"articleSection":["Publications","Th\u00e9matique 1 : connaissance des entreprises de d\u00e9fense","Th\u00e9matique 2 : d\u00e9terminants et impacts de la d\u00e9pense de d\u00e9fense","Th\u00e9matique 5 : int\u00e9gration et coop\u00e9ration de d\u00e9fense en Europe"],"inLanguage":"en-GB","potentialAction":[{"@type":"CommentAction","name":"Comment","target":["https:\/\/ecodef-ihedn.fr\/new-defence-et-politique-industrielle-de-defense-en-europe-publication-dun-article-de-la-chiare-dans-defense-industries-revue-de-la-frs\/#respond"]}]},{"@type":"WebPage","@id":"https:\/\/ecodef-ihedn.fr\/new-defence-et-politique-industrielle-de-defense-en-europe-publication-dun-article-de-la-chiare-dans-defense-industries-revue-de-la-frs\/","url":"https:\/\/ecodef-ihedn.fr\/new-defence-et-politique-industrielle-de-defense-en-europe-publication-dun-article-de-la-chiare-dans-defense-industries-revue-de-la-frs\/","name":"\"New Defence\" et politique industrielle de d\u00e9fense en Europe : publication d\u2019un article de la Chiare dans D\u00e9fense & Industries, revue de la FRS - Chaire \u00c9conomie de d\u00e9fense - IHEDN","isPartOf":{"@id":"https:\/\/ecodef-ihedn.fr\/#website"},"primaryImageOfPage":{"@id":"https:\/\/ecodef-ihedn.fr\/new-defence-et-politique-industrielle-de-defense-en-europe-publication-dun-article-de-la-chiare-dans-defense-industries-revue-de-la-frs\/#primaryimage"},"image":{"@id":"https:\/\/ecodef-ihedn.fr\/new-defence-et-politique-industrielle-de-defense-en-europe-publication-dun-article-de-la-chiare-dans-defense-industries-revue-de-la-frs\/#primaryimage"},"thumbnailUrl":"https:\/\/ecodef-ihedn.fr\/wp-content\/uploads\/2024\/07\/DEFENSEIndustries.jpg","datePublished":"2026-02-19T09:07:52+00:00","dateModified":"2026-04-27T10:23:47+00:00","breadcrumb":{"@id":"https:\/\/ecodef-ihedn.fr\/new-defence-et-politique-industrielle-de-defense-en-europe-publication-dun-article-de-la-chiare-dans-defense-industries-revue-de-la-frs\/#breadcrumb"},"inLanguage":"en-GB","potentialAction":[{"@type":"ReadAction","target":["https:\/\/ecodef-ihedn.fr\/new-defence-et-politique-industrielle-de-defense-en-europe-publication-dun-article-de-la-chiare-dans-defense-industries-revue-de-la-frs\/"]}]},{"@type":"ImageObject","inLanguage":"en-GB","@id":"https:\/\/ecodef-ihedn.fr\/new-defence-et-politique-industrielle-de-defense-en-europe-publication-dun-article-de-la-chiare-dans-defense-industries-revue-de-la-frs\/#primaryimage","url":"https:\/\/ecodef-ihedn.fr\/wp-content\/uploads\/2024\/07\/DEFENSEIndustries.jpg","contentUrl":"https:\/\/ecodef-ihedn.fr\/wp-content\/uploads\/2024\/07\/DEFENSEIndustries.jpg","width":600,"height":367},{"@type":"BreadcrumbList","@id":"https:\/\/ecodef-ihedn.fr\/new-defence-et-politique-industrielle-de-defense-en-europe-publication-dun-article-de-la-chiare-dans-defense-industries-revue-de-la-frs\/#breadcrumb","itemListElement":[{"@type":"ListItem","position":1,"name":"Accueil","item":"https:\/\/ecodef-ihedn.fr\/"},{"@type":"ListItem","position":2,"name":"\u00ab\u00a0New Defence\u00a0\u00bb et politique industrielle de d\u00e9fense en Europe : publication d\u2019un article de la Chiare dans D\u00e9fense &#038; Industries, revue de la FRS"}]},{"@type":"WebSite","@id":"https:\/\/ecodef-ihedn.fr\/#website","url":"https:\/\/ecodef-ihedn.fr\/","name":"Chair in Defence Economics - IHEDN","description":"Produce &amp; support, federate &amp; disseminate, act as an interface","publisher":{"@id":"https:\/\/ecodef-ihedn.fr\/#organization"},"potentialAction":[{"@type":"SearchAction","target":{"@type":"EntryPoint","urlTemplate":"https:\/\/ecodef-ihedn.fr\/?s={search_term_string}"},"query-input":{"@type":"PropertyValueSpecification","valueRequired":true,"valueName":"search_term_string"}}],"inLanguage":"en-GB"},{"@type":"Organization","@id":"https:\/\/ecodef-ihedn.fr\/#organization","name":"Chair in Defence Economics - IHEDN","url":"https:\/\/ecodef-ihedn.fr\/","logo":{"@type":"ImageObject","inLanguage":"en-GB","@id":"https:\/\/ecodef-ihedn.fr\/#\/schema\/logo\/image\/","url":"https:\/\/ecodef-ihedn.fr\/wp-content\/uploads\/2020\/04\/logoEcodef9.jpg","contentUrl":"https:\/\/ecodef-ihedn.fr\/wp-content\/uploads\/2020\/04\/logoEcodef9.jpg","width":410,"height":212,"caption":"Chaire \u00c9conomie de d\u00e9fense - IHEDN"},"image":{"@id":"https:\/\/ecodef-ihedn.fr\/#\/schema\/logo\/image\/"},"sameAs":["https:\/\/x.com\/Chaire_Ecodef","https:\/\/www.linkedin.com\/company\/chaire-ecodef-ihedn\/"]},{"@type":"Person","@id":"https:\/\/ecodef-ihedn.fr\/#\/schema\/person\/1cdf22d028cebe278126a6e07a884d30","name":"Bertrand Demandre","image":{"@type":"ImageObject","inLanguage":"en-GB","@id":"https:\/\/secure.gravatar.com\/avatar\/d9c9746d6c900ab5b9c0f9b1fa3932e369da923da247d624b8f7ab4ba8a3c093?s=96&d=mm&r=g","url":"https:\/\/secure.gravatar.com\/avatar\/d9c9746d6c900ab5b9c0f9b1fa3932e369da923da247d624b8f7ab4ba8a3c093?s=96&d=mm&r=g","contentUrl":"https:\/\/secure.gravatar.com\/avatar\/d9c9746d6c900ab5b9c0f9b1fa3932e369da923da247d624b8f7ab4ba8a3c093?s=96&d=mm&r=g","caption":"Bertrand Demandre"},"url":"https:\/\/ecodef-ihedn.fr\/en\/author\/bertrand\/"}]}},"_links":{"self":[{"href":"https:\/\/ecodef-ihedn.fr\/en\/wp-json\/wp\/v2\/posts\/9111","targetHints":{"allow":["GET"]}}],"collection":[{"href":"https:\/\/ecodef-ihedn.fr\/en\/wp-json\/wp\/v2\/posts"}],"about":[{"href":"https:\/\/ecodef-ihedn.fr\/en\/wp-json\/wp\/v2\/types\/post"}],"author":[{"embeddable":true,"href":"https:\/\/ecodef-ihedn.fr\/en\/wp-json\/wp\/v2\/users\/2"}],"replies":[{"embeddable":true,"href":"https:\/\/ecodef-ihedn.fr\/en\/wp-json\/wp\/v2\/comments?post=9111"}],"version-history":[{"count":4,"href":"https:\/\/ecodef-ihedn.fr\/en\/wp-json\/wp\/v2\/posts\/9111\/revisions"}],"predecessor-version":[{"id":9115,"href":"https:\/\/ecodef-ihedn.fr\/en\/wp-json\/wp\/v2\/posts\/9111\/revisions\/9115"}],"wp:featuredmedia":[{"embeddable":true,"href":"https:\/\/ecodef-ihedn.fr\/en\/wp-json\/wp\/v2\/media\/8553"}],"wp:attachment":[{"href":"https:\/\/ecodef-ihedn.fr\/en\/wp-json\/wp\/v2\/media?parent=9111"}],"wp:term":[{"taxonomy":"category","embeddable":true,"href":"https:\/\/ecodef-ihedn.fr\/en\/wp-json\/wp\/v2\/categories?post=9111"},{"taxonomy":"post_tag","embeddable":true,"href":"https:\/\/ecodef-ihedn.fr\/en\/wp-json\/wp\/v2\/tags?post=9111"}],"curies":[{"name":"wp","href":"https:\/\/api.w.org\/{rel}","templated":true}]}}