{"id":9122,"date":"2026-04-21T18:12:39","date_gmt":"2026-04-21T18:12:39","guid":{"rendered":"https:\/\/ecodef-ihedn.fr\/?p=9122"},"modified":"2026-04-27T10:06:31","modified_gmt":"2026-04-27T10:06:31","slug":"amplifier-notre-effort-de-defense-pourquoi-et-comment-intervention-de-julien-malizard-au-colloque-organise-par-jean-michel-jacques","status":"publish","type":"post","link":"https:\/\/ecodef-ihedn.fr\/en\/amplifier-notre-effort-de-defense-pourquoi-et-comment-intervention-de-julien-malizard-au-colloque-organise-par-jean-michel-jacques\/","title":{"rendered":"\u00abAmplifying our defence effort: why and how? speech by Julien Malizard at the conference organised by Jean-Michel Jacques"},"content":{"rendered":"<h3 style=\"text-align: center;\">Julien Malizard took part in a conference organised on 17 April 2026 by Jean-Michel Jacques, Chairman of the National Assembly's Committee on National Defence and Armed Forces, on the theme of \u00abAmplifying our defence effort: why and how?\u00bb<\/h3>\r\n<p style=\"text-align: center;\"><a href=\"https:\/\/ecodef-ihedn.fr\/wp-content\/uploads\/2026\/04\/1.jpg\" target=\"_blank\" rel=\"noopener\"><img loading=\"lazy\" decoding=\"async\" class=\"aligncenter wp-image-9123 size-large\" src=\"https:\/\/ecodef-ihedn.fr\/wp-content\/uploads\/2026\/04\/1-1024x683.jpg\" alt=\"\" width=\"696\" height=\"464\" srcset=\"https:\/\/ecodef-ihedn.fr\/wp-content\/uploads\/2026\/04\/1-1024x683.jpg 1024w, https:\/\/ecodef-ihedn.fr\/wp-content\/uploads\/2026\/04\/1-300x200.jpg 300w, https:\/\/ecodef-ihedn.fr\/wp-content\/uploads\/2026\/04\/1-768x512.jpg 768w, https:\/\/ecodef-ihedn.fr\/wp-content\/uploads\/2026\/04\/1-18x12.jpg 18w, https:\/\/ecodef-ihedn.fr\/wp-content\/uploads\/2026\/04\/1-630x420.jpg 630w, https:\/\/ecodef-ihedn.fr\/wp-content\/uploads\/2026\/04\/1-1260x840.jpg 1260w, https:\/\/ecodef-ihedn.fr\/wp-content\/uploads\/2026\/04\/1-696x464.jpg 696w, https:\/\/ecodef-ihedn.fr\/wp-content\/uploads\/2026\/04\/1-1068x712.jpg 1068w, https:\/\/ecodef-ihedn.fr\/wp-content\/uploads\/2026\/04\/1.jpg 1384w\" sizes=\"auto, (max-width: 696px) 100vw, 696px\" \/><\/a><\/p>\r\n<p>The conference also welcomed Admiral (2S) Bernard Rogel, former Chief of Staff of the Navy and former Chief of Staff to the President of the Republic, and Cl\u00e9ment Beaune, High Commissioner for Strategy and Planning.<\/p>\r\n<p>Julien Malizard's speech focused on three main points:<\/p>\r\n<ol>\r\n<li><strong> European rearmament momentum now well underway<\/strong><br \/>Since 2014, Europe has been experiencing a <a href=\"https:\/\/ecodef-ihedn.fr\/en\/bulletin-de-lecodef-3-budgets-de-defense-en-france-trajectoires-passees-et-a-venir-julien-malizard\/\">a sharp rise in defence spending<\/a>, The increase in defence spending is expected to be in the order of +75 %, with the strongest increases observed in the countries of Central and Eastern Europe and Northern Europe. From this point of view, increasing defence spending from 2 % to 3.5 % of GDP would represent a major change, involving political and budgetary choices of varying degrees of constraint depending on the situation in each country.<\/li>\r\n<li><strong> Ongoing adaptation of the defence industry<\/strong><br \/>To meet this additional demand, the defence industry has launched a <a href=\"https:\/\/ecodef-ihedn.fr\/en\/bulletin-de-lecodef-4-le-rarmement-de-leurope-julien-malizard\/\">transforming its production capacity<\/a>. Procurement decisions continue to be based on the \u00abcost - delivery - performance\u00bb triptych, but whereas cost has been the dominant criterion since the 1990s, the issue of delivery times has now become central. After an initial phase marked by the purchase of equipment from countries with large stocks, notably the United States and South Korea, substantial investments have been made to increase production capacity and reduce lead times.<\/li>\r\n<li><strong> The emergence of new industrial needs linked to mass creation<\/strong><br \/>As well as adapting the historic industrial base, new needs are emerging, particularly in response to the need to create mass. In this context, <a href=\"https:\/\/ecodef-ihedn.fr\/en\/new-defence-et-politique-industrielle-de-defense-en-europe-publication-dun-article-de-la-chiare-dans-defense-industries-revue-de-la-frs\/\">a \u00abnew defence\u00bb market,<\/a> which, in terms of its organisation, is closer to certain aspects of civil industry, is becoming increasingly important. This segment is characterised by stronger competition, the arrival of new entrants and the spread of innovative solutions. These developments call for the definition of a new industrial policy, capable of responding to these transformations.<\/li>\r\n<\/ol>\r\n<p><a href=\"https:\/\/ecodef-ihedn.fr\/wp-content\/uploads\/2026\/04\/2.jpg\" target=\"_blank\" rel=\"noopener\"><img loading=\"lazy\" decoding=\"async\" class=\"aligncenter wp-image-9124 size-large\" src=\"https:\/\/ecodef-ihedn.fr\/wp-content\/uploads\/2026\/04\/2-1024x683.jpg\" alt=\"\" width=\"696\" height=\"464\" srcset=\"https:\/\/ecodef-ihedn.fr\/wp-content\/uploads\/2026\/04\/2-1024x683.jpg 1024w, https:\/\/ecodef-ihedn.fr\/wp-content\/uploads\/2026\/04\/2-300x200.jpg 300w, https:\/\/ecodef-ihedn.fr\/wp-content\/uploads\/2026\/04\/2-768x512.jpg 768w, https:\/\/ecodef-ihedn.fr\/wp-content\/uploads\/2026\/04\/2-18x12.jpg 18w, https:\/\/ecodef-ihedn.fr\/wp-content\/uploads\/2026\/04\/2-630x420.jpg 630w, https:\/\/ecodef-ihedn.fr\/wp-content\/uploads\/2026\/04\/2-1260x840.jpg 1260w, https:\/\/ecodef-ihedn.fr\/wp-content\/uploads\/2026\/04\/2-696x464.jpg 696w, https:\/\/ecodef-ihedn.fr\/wp-content\/uploads\/2026\/04\/2-1068x712.jpg 1068w, https:\/\/ecodef-ihedn.fr\/wp-content\/uploads\/2026\/04\/2.jpg 1384w\" sizes=\"auto, (max-width: 696px) 100vw, 696px\" \/><\/a><\/p>","protected":false},"excerpt":{"rendered":"<p>Julien Malizard a particip\u00e9 au colloque organis\u00e9 le 17 avril 2026 par Jean-Michel Jacques, pr\u00e9sident de la commission de la d\u00e9fense nationale et des forces arm\u00e9es de l&rsquo;Assembl\u00e9e nationale, sur le th\u00e8me \u00ab Amplifier notre effort de d\u00e9fense : pourquoi et comment ? \u00bb Ce colloque a \u00e9galement accueilli l\u2019amiral (2S) Bernard Rogel, ancien chef [&hellip;]<\/p>\n","protected":false},"author":2,"featured_media":9123,"comment_status":"open","ping_status":"open","sticky":false,"template":"","format":"standard","meta":{"footnotes":""},"categories":[34,356],"tags":[244,409,853,162,854,41,37,47,577,676,576,60,760,86,751,793,855,547],"class_list":{"0":"post-9122","1":"post","2":"type-post","3":"status-publish","4":"format-standard","5":"has-post-thumbnail","7":"category-activites","8":"category-activites-participation-de-la-chaire-a-un-evenement","9":"tag-assemblee-nationale","10":"tag-autonomie-strategique","11":"tag-bernard-rogel","12":"tag-chaire-economie-de-defense","13":"tag-clement-beaune","14":"tag-conference","15":"tag-economie","16":"tag-economie-de-defense","17":"tag-effort-de-defense","18":"tag-enjeux-industriels","19":"tag-finance","20":"tag-innovation","21":"tag-jean-michel-jacques","22":"tag-julien-malizard","23":"tag-marche-de-larmement","24":"tag-new-defence","25":"tag-new-defense","26":"tag-rearmement"},"yoast_head":"<!-- This site is optimized with the Yoast SEO plugin v27.4 - https:\/\/yoast.com\/product\/yoast-seo-wordpress\/ -->\n<title>&quot;Amplifier notre effort de d\u00e9fense : pourquoi et comment ?&quot; : intervention de Julien Malizard au colloque organis\u00e9 par Jean-Michel Jacques - Chaire \u00c9conomie de d\u00e9fense - IHEDN<\/title>\n<meta name=\"robots\" content=\"index, follow, max-snippet:-1, max-image-preview:large, max-video-preview:-1\" \/>\n<link rel=\"canonical\" href=\"https:\/\/ecodef-ihedn.fr\/en\/amplifier-notre-effort-de-defense-pourquoi-et-comment-intervention-de-julien-malizard-au-colloque-organise-par-jean-michel-jacques\/\" \/>\n<meta property=\"og:locale\" content=\"en_GB\" \/>\n<meta property=\"og:type\" content=\"article\" \/>\n<meta property=\"og:title\" content=\"&quot;Amplifier notre effort de d\u00e9fense : pourquoi et comment ?&quot; : intervention de Julien Malizard au colloque organis\u00e9 par Jean-Michel Jacques - Chaire \u00c9conomie de d\u00e9fense - IHEDN\" \/>\n<meta property=\"og:description\" content=\"Julien Malizard a particip\u00e9 au colloque organis\u00e9 le 17 avril 2026 par Jean-Michel Jacques, pr\u00e9sident de la commission de la d\u00e9fense nationale et des forces arm\u00e9es de l&rsquo;Assembl\u00e9e nationale, sur le th\u00e8me \u00ab Amplifier notre effort de d\u00e9fense : pourquoi et comment ? \u00bb Ce colloque a \u00e9galement accueilli l\u2019amiral (2S) Bernard Rogel, ancien chef [&hellip;]\" \/>\n<meta property=\"og:url\" content=\"https:\/\/ecodef-ihedn.fr\/en\/amplifier-notre-effort-de-defense-pourquoi-et-comment-intervention-de-julien-malizard-au-colloque-organise-par-jean-michel-jacques\/\" \/>\n<meta property=\"og:site_name\" content=\"Chaire \u00c9conomie de d\u00e9fense - IHEDN\" \/>\n<meta property=\"article:published_time\" content=\"2026-04-21T18:12:39+00:00\" \/>\n<meta property=\"article:modified_time\" content=\"2026-04-27T10:06:31+00:00\" \/>\n<meta property=\"og:image\" content=\"https:\/\/ecodef-ihedn.fr\/wp-content\/uploads\/2026\/04\/1.jpg\" \/>\n\t<meta property=\"og:image:width\" content=\"1384\" \/>\n\t<meta property=\"og:image:height\" content=\"923\" \/>\n\t<meta property=\"og:image:type\" content=\"image\/jpeg\" \/>\n<meta name=\"author\" content=\"Bertrand Demandre\" \/>\n<meta name=\"twitter:card\" content=\"summary_large_image\" \/>\n<meta name=\"twitter:creator\" content=\"@Chaire_Ecodef\" \/>\n<meta name=\"twitter:site\" content=\"@Chaire_Ecodef\" \/>\n<meta name=\"twitter:label1\" content=\"Written by\" \/>\n\t<meta name=\"twitter:data1\" content=\"Bertrand Demandre\" \/>\n\t<meta name=\"twitter:label2\" content=\"Estimated reading time\" \/>\n\t<meta name=\"twitter:data2\" content=\"3 minutes\" \/>\n<script type=\"application\/ld+json\" class=\"yoast-schema-graph\">{\"@context\":\"https:\\\/\\\/schema.org\",\"@graph\":[{\"@type\":\"Article\",\"@id\":\"https:\\\/\\\/ecodef-ihedn.fr\\\/amplifier-notre-effort-de-defense-pourquoi-et-comment-intervention-de-julien-malizard-au-colloque-organise-par-jean-michel-jacques\\\/#article\",\"isPartOf\":{\"@id\":\"https:\\\/\\\/ecodef-ihedn.fr\\\/amplifier-notre-effort-de-defense-pourquoi-et-comment-intervention-de-julien-malizard-au-colloque-organise-par-jean-michel-jacques\\\/\"},\"author\":{\"name\":\"Bertrand Demandre\",\"@id\":\"https:\\\/\\\/ecodef-ihedn.fr\\\/#\\\/schema\\\/person\\\/1cdf22d028cebe278126a6e07a884d30\"},\"headline\":\"\u00ab\u00a0Amplifier notre effort de d\u00e9fense : pourquoi et comment ?\u00a0\u00bb : intervention de Julien Malizard au colloque organis\u00e9 par Jean-Michel Jacques\",\"datePublished\":\"2026-04-21T18:12:39+00:00\",\"dateModified\":\"2026-04-27T10:06:31+00:00\",\"mainEntityOfPage\":{\"@id\":\"https:\\\/\\\/ecodef-ihedn.fr\\\/amplifier-notre-effort-de-defense-pourquoi-et-comment-intervention-de-julien-malizard-au-colloque-organise-par-jean-michel-jacques\\\/\"},\"wordCount\":444,\"commentCount\":0,\"publisher\":{\"@id\":\"https:\\\/\\\/ecodef-ihedn.fr\\\/#organization\"},\"image\":{\"@id\":\"https:\\\/\\\/ecodef-ihedn.fr\\\/amplifier-notre-effort-de-defense-pourquoi-et-comment-intervention-de-julien-malizard-au-colloque-organise-par-jean-michel-jacques\\\/#primaryimage\"},\"thumbnailUrl\":\"https:\\\/\\\/ecodef-ihedn.fr\\\/wp-content\\\/uploads\\\/2026\\\/04\\\/1.jpg\",\"keywords\":[\"assembl\u00e9e nationale\",\"autonomie strat\u00e9gique\",\"Bernard Rogel\",\"chaire \u00e9conomie de d\u00e9fense\",\"Cl\u00e9ment Beaune\",\"conf\u00e9rence\",\"\u00e9conomie\",\"\u00e9conomie de d\u00e9fense\",\"effort de d\u00e9fense\",\"enjeux industriels\",\"finance\",\"innovation\",\"Jean-Michel Jacques\",\"Julien Malizard\",\"march\u00e9 de l'armement\",\"new defence\",\"new defense\",\"r\u00e9armement\"],\"articleSection\":[\"Activit\u00e9s\",\"Activit\u00e9s : participation de la Chaire \u00e0 un \u00e9v\u00e9nement\"],\"inLanguage\":\"en-GB\",\"potentialAction\":[{\"@type\":\"CommentAction\",\"name\":\"Comment\",\"target\":[\"https:\\\/\\\/ecodef-ihedn.fr\\\/amplifier-notre-effort-de-defense-pourquoi-et-comment-intervention-de-julien-malizard-au-colloque-organise-par-jean-michel-jacques\\\/#respond\"]}]},{\"@type\":\"WebPage\",\"@id\":\"https:\\\/\\\/ecodef-ihedn.fr\\\/amplifier-notre-effort-de-defense-pourquoi-et-comment-intervention-de-julien-malizard-au-colloque-organise-par-jean-michel-jacques\\\/\",\"url\":\"https:\\\/\\\/ecodef-ihedn.fr\\\/amplifier-notre-effort-de-defense-pourquoi-et-comment-intervention-de-julien-malizard-au-colloque-organise-par-jean-michel-jacques\\\/\",\"name\":\"\\\"Amplifier notre effort de d\u00e9fense : pourquoi et comment ?\\\" : intervention de Julien Malizard au colloque organis\u00e9 par Jean-Michel Jacques - Chaire \u00c9conomie de d\u00e9fense - IHEDN\",\"isPartOf\":{\"@id\":\"https:\\\/\\\/ecodef-ihedn.fr\\\/#website\"},\"primaryImageOfPage\":{\"@id\":\"https:\\\/\\\/ecodef-ihedn.fr\\\/amplifier-notre-effort-de-defense-pourquoi-et-comment-intervention-de-julien-malizard-au-colloque-organise-par-jean-michel-jacques\\\/#primaryimage\"},\"image\":{\"@id\":\"https:\\\/\\\/ecodef-ihedn.fr\\\/amplifier-notre-effort-de-defense-pourquoi-et-comment-intervention-de-julien-malizard-au-colloque-organise-par-jean-michel-jacques\\\/#primaryimage\"},\"thumbnailUrl\":\"https:\\\/\\\/ecodef-ihedn.fr\\\/wp-content\\\/uploads\\\/2026\\\/04\\\/1.jpg\",\"datePublished\":\"2026-04-21T18:12:39+00:00\",\"dateModified\":\"2026-04-27T10:06:31+00:00\",\"breadcrumb\":{\"@id\":\"https:\\\/\\\/ecodef-ihedn.fr\\\/amplifier-notre-effort-de-defense-pourquoi-et-comment-intervention-de-julien-malizard-au-colloque-organise-par-jean-michel-jacques\\\/#breadcrumb\"},\"inLanguage\":\"en-GB\",\"potentialAction\":[{\"@type\":\"ReadAction\",\"target\":[\"https:\\\/\\\/ecodef-ihedn.fr\\\/amplifier-notre-effort-de-defense-pourquoi-et-comment-intervention-de-julien-malizard-au-colloque-organise-par-jean-michel-jacques\\\/\"]}]},{\"@type\":\"ImageObject\",\"inLanguage\":\"en-GB\",\"@id\":\"https:\\\/\\\/ecodef-ihedn.fr\\\/amplifier-notre-effort-de-defense-pourquoi-et-comment-intervention-de-julien-malizard-au-colloque-organise-par-jean-michel-jacques\\\/#primaryimage\",\"url\":\"https:\\\/\\\/ecodef-ihedn.fr\\\/wp-content\\\/uploads\\\/2026\\\/04\\\/1.jpg\",\"contentUrl\":\"https:\\\/\\\/ecodef-ihedn.fr\\\/wp-content\\\/uploads\\\/2026\\\/04\\\/1.jpg\",\"width\":1384,\"height\":923},{\"@type\":\"BreadcrumbList\",\"@id\":\"https:\\\/\\\/ecodef-ihedn.fr\\\/amplifier-notre-effort-de-defense-pourquoi-et-comment-intervention-de-julien-malizard-au-colloque-organise-par-jean-michel-jacques\\\/#breadcrumb\",\"itemListElement\":[{\"@type\":\"ListItem\",\"position\":1,\"name\":\"Accueil\",\"item\":\"https:\\\/\\\/ecodef-ihedn.fr\\\/\"},{\"@type\":\"ListItem\",\"position\":2,\"name\":\"\u00ab\u00a0Amplifier notre effort de d\u00e9fense : pourquoi et comment ?\u00a0\u00bb : intervention de Julien Malizard au colloque organis\u00e9 par Jean-Michel Jacques\"}]},{\"@type\":\"WebSite\",\"@id\":\"https:\\\/\\\/ecodef-ihedn.fr\\\/#website\",\"url\":\"https:\\\/\\\/ecodef-ihedn.fr\\\/\",\"name\":\"Chaire \u00c9conomie de D\u00e9fense - IHEDN\",\"description\":\"Produire &amp; soutenir, f\u00e9d\u00e9rer &amp; diffuser, \u00eatre une interface\",\"publisher\":{\"@id\":\"https:\\\/\\\/ecodef-ihedn.fr\\\/#organization\"},\"potentialAction\":[{\"@type\":\"SearchAction\",\"target\":{\"@type\":\"EntryPoint\",\"urlTemplate\":\"https:\\\/\\\/ecodef-ihedn.fr\\\/?s={search_term_string}\"},\"query-input\":{\"@type\":\"PropertyValueSpecification\",\"valueRequired\":true,\"valueName\":\"search_term_string\"}}],\"inLanguage\":\"en-GB\"},{\"@type\":\"Organization\",\"@id\":\"https:\\\/\\\/ecodef-ihedn.fr\\\/#organization\",\"name\":\"Chaire \u00c9conomie de d\u00e9fense - IHEDN\",\"url\":\"https:\\\/\\\/ecodef-ihedn.fr\\\/\",\"logo\":{\"@type\":\"ImageObject\",\"inLanguage\":\"en-GB\",\"@id\":\"https:\\\/\\\/ecodef-ihedn.fr\\\/#\\\/schema\\\/logo\\\/image\\\/\",\"url\":\"https:\\\/\\\/ecodef-ihedn.fr\\\/wp-content\\\/uploads\\\/2020\\\/04\\\/logoEcodef9.jpg\",\"contentUrl\":\"https:\\\/\\\/ecodef-ihedn.fr\\\/wp-content\\\/uploads\\\/2020\\\/04\\\/logoEcodef9.jpg\",\"width\":410,\"height\":212,\"caption\":\"Chaire \u00c9conomie de d\u00e9fense - IHEDN\"},\"image\":{\"@id\":\"https:\\\/\\\/ecodef-ihedn.fr\\\/#\\\/schema\\\/logo\\\/image\\\/\"},\"sameAs\":[\"https:\\\/\\\/x.com\\\/Chaire_Ecodef\",\"https:\\\/\\\/www.linkedin.com\\\/company\\\/chaire-ecodef-ihedn\\\/\"]},{\"@type\":\"Person\",\"@id\":\"https:\\\/\\\/ecodef-ihedn.fr\\\/#\\\/schema\\\/person\\\/1cdf22d028cebe278126a6e07a884d30\",\"name\":\"Bertrand Demandre\",\"image\":{\"@type\":\"ImageObject\",\"inLanguage\":\"en-GB\",\"@id\":\"https:\\\/\\\/secure.gravatar.com\\\/avatar\\\/d9c9746d6c900ab5b9c0f9b1fa3932e369da923da247d624b8f7ab4ba8a3c093?s=96&d=mm&r=g\",\"url\":\"https:\\\/\\\/secure.gravatar.com\\\/avatar\\\/d9c9746d6c900ab5b9c0f9b1fa3932e369da923da247d624b8f7ab4ba8a3c093?s=96&d=mm&r=g\",\"contentUrl\":\"https:\\\/\\\/secure.gravatar.com\\\/avatar\\\/d9c9746d6c900ab5b9c0f9b1fa3932e369da923da247d624b8f7ab4ba8a3c093?s=96&d=mm&r=g\",\"caption\":\"Bertrand Demandre\"},\"url\":\"https:\\\/\\\/ecodef-ihedn.fr\\\/en\\\/author\\\/bertrand\\\/\"}]}<\/script>\n<!-- \/ Yoast SEO plugin. -->","yoast_head_json":{"title":"\"Amplifier notre effort de d\u00e9fense : pourquoi et comment ?\" : intervention de Julien Malizard au colloque organis\u00e9 par Jean-Michel Jacques - Chaire \u00c9conomie de d\u00e9fense - IHEDN","robots":{"index":"index","follow":"follow","max-snippet":"max-snippet:-1","max-image-preview":"max-image-preview:large","max-video-preview":"max-video-preview:-1"},"canonical":"https:\/\/ecodef-ihedn.fr\/en\/amplifier-notre-effort-de-defense-pourquoi-et-comment-intervention-de-julien-malizard-au-colloque-organise-par-jean-michel-jacques\/","og_locale":"en_GB","og_type":"article","og_title":"\"Amplifier notre effort de d\u00e9fense : pourquoi et comment ?\" : intervention de Julien Malizard au colloque organis\u00e9 par Jean-Michel Jacques - Chaire \u00c9conomie de d\u00e9fense - IHEDN","og_description":"Julien Malizard a particip\u00e9 au colloque organis\u00e9 le 17 avril 2026 par Jean-Michel Jacques, pr\u00e9sident de la commission de la d\u00e9fense nationale et des forces arm\u00e9es de l&rsquo;Assembl\u00e9e nationale, sur le th\u00e8me \u00ab Amplifier notre effort de d\u00e9fense : pourquoi et comment ? \u00bb Ce colloque a \u00e9galement accueilli l\u2019amiral (2S) Bernard Rogel, ancien chef [&hellip;]","og_url":"https:\/\/ecodef-ihedn.fr\/en\/amplifier-notre-effort-de-defense-pourquoi-et-comment-intervention-de-julien-malizard-au-colloque-organise-par-jean-michel-jacques\/","og_site_name":"Chaire \u00c9conomie de d\u00e9fense - IHEDN","article_published_time":"2026-04-21T18:12:39+00:00","article_modified_time":"2026-04-27T10:06:31+00:00","og_image":[{"width":1384,"height":923,"url":"https:\/\/ecodef-ihedn.fr\/wp-content\/uploads\/2026\/04\/1.jpg","type":"image\/jpeg"}],"author":"Bertrand Demandre","twitter_card":"summary_large_image","twitter_creator":"@Chaire_Ecodef","twitter_site":"@Chaire_Ecodef","twitter_misc":{"Written by":"Bertrand Demandre","Estimated reading time":"3 minutes"},"schema":{"@context":"https:\/\/schema.org","@graph":[{"@type":"Article","@id":"https:\/\/ecodef-ihedn.fr\/amplifier-notre-effort-de-defense-pourquoi-et-comment-intervention-de-julien-malizard-au-colloque-organise-par-jean-michel-jacques\/#article","isPartOf":{"@id":"https:\/\/ecodef-ihedn.fr\/amplifier-notre-effort-de-defense-pourquoi-et-comment-intervention-de-julien-malizard-au-colloque-organise-par-jean-michel-jacques\/"},"author":{"name":"Bertrand Demandre","@id":"https:\/\/ecodef-ihedn.fr\/#\/schema\/person\/1cdf22d028cebe278126a6e07a884d30"},"headline":"\u00ab\u00a0Amplifier notre effort de d\u00e9fense : pourquoi et comment ?\u00a0\u00bb : intervention de Julien Malizard au colloque organis\u00e9 par Jean-Michel Jacques","datePublished":"2026-04-21T18:12:39+00:00","dateModified":"2026-04-27T10:06:31+00:00","mainEntityOfPage":{"@id":"https:\/\/ecodef-ihedn.fr\/amplifier-notre-effort-de-defense-pourquoi-et-comment-intervention-de-julien-malizard-au-colloque-organise-par-jean-michel-jacques\/"},"wordCount":444,"commentCount":0,"publisher":{"@id":"https:\/\/ecodef-ihedn.fr\/#organization"},"image":{"@id":"https:\/\/ecodef-ihedn.fr\/amplifier-notre-effort-de-defense-pourquoi-et-comment-intervention-de-julien-malizard-au-colloque-organise-par-jean-michel-jacques\/#primaryimage"},"thumbnailUrl":"https:\/\/ecodef-ihedn.fr\/wp-content\/uploads\/2026\/04\/1.jpg","keywords":["assembl\u00e9e nationale","autonomie strat\u00e9gique","Bernard Rogel","chaire \u00e9conomie de d\u00e9fense","Cl\u00e9ment Beaune","conf\u00e9rence","\u00e9conomie","\u00e9conomie de d\u00e9fense","effort de d\u00e9fense","enjeux industriels","finance","innovation","Jean-Michel Jacques","Julien Malizard","march\u00e9 de l'armement","new defence","new defense","r\u00e9armement"],"articleSection":["Activit\u00e9s","Activit\u00e9s : participation de la Chaire \u00e0 un \u00e9v\u00e9nement"],"inLanguage":"en-GB","potentialAction":[{"@type":"CommentAction","name":"Comment","target":["https:\/\/ecodef-ihedn.fr\/amplifier-notre-effort-de-defense-pourquoi-et-comment-intervention-de-julien-malizard-au-colloque-organise-par-jean-michel-jacques\/#respond"]}]},{"@type":"WebPage","@id":"https:\/\/ecodef-ihedn.fr\/amplifier-notre-effort-de-defense-pourquoi-et-comment-intervention-de-julien-malizard-au-colloque-organise-par-jean-michel-jacques\/","url":"https:\/\/ecodef-ihedn.fr\/amplifier-notre-effort-de-defense-pourquoi-et-comment-intervention-de-julien-malizard-au-colloque-organise-par-jean-michel-jacques\/","name":"\"Amplifier notre effort de d\u00e9fense : pourquoi et comment ?\" : intervention de Julien Malizard au colloque organis\u00e9 par Jean-Michel Jacques - Chaire \u00c9conomie de d\u00e9fense - IHEDN","isPartOf":{"@id":"https:\/\/ecodef-ihedn.fr\/#website"},"primaryImageOfPage":{"@id":"https:\/\/ecodef-ihedn.fr\/amplifier-notre-effort-de-defense-pourquoi-et-comment-intervention-de-julien-malizard-au-colloque-organise-par-jean-michel-jacques\/#primaryimage"},"image":{"@id":"https:\/\/ecodef-ihedn.fr\/amplifier-notre-effort-de-defense-pourquoi-et-comment-intervention-de-julien-malizard-au-colloque-organise-par-jean-michel-jacques\/#primaryimage"},"thumbnailUrl":"https:\/\/ecodef-ihedn.fr\/wp-content\/uploads\/2026\/04\/1.jpg","datePublished":"2026-04-21T18:12:39+00:00","dateModified":"2026-04-27T10:06:31+00:00","breadcrumb":{"@id":"https:\/\/ecodef-ihedn.fr\/amplifier-notre-effort-de-defense-pourquoi-et-comment-intervention-de-julien-malizard-au-colloque-organise-par-jean-michel-jacques\/#breadcrumb"},"inLanguage":"en-GB","potentialAction":[{"@type":"ReadAction","target":["https:\/\/ecodef-ihedn.fr\/amplifier-notre-effort-de-defense-pourquoi-et-comment-intervention-de-julien-malizard-au-colloque-organise-par-jean-michel-jacques\/"]}]},{"@type":"ImageObject","inLanguage":"en-GB","@id":"https:\/\/ecodef-ihedn.fr\/amplifier-notre-effort-de-defense-pourquoi-et-comment-intervention-de-julien-malizard-au-colloque-organise-par-jean-michel-jacques\/#primaryimage","url":"https:\/\/ecodef-ihedn.fr\/wp-content\/uploads\/2026\/04\/1.jpg","contentUrl":"https:\/\/ecodef-ihedn.fr\/wp-content\/uploads\/2026\/04\/1.jpg","width":1384,"height":923},{"@type":"BreadcrumbList","@id":"https:\/\/ecodef-ihedn.fr\/amplifier-notre-effort-de-defense-pourquoi-et-comment-intervention-de-julien-malizard-au-colloque-organise-par-jean-michel-jacques\/#breadcrumb","itemListElement":[{"@type":"ListItem","position":1,"name":"Accueil","item":"https:\/\/ecodef-ihedn.fr\/"},{"@type":"ListItem","position":2,"name":"\u00ab\u00a0Amplifier notre effort de d\u00e9fense : pourquoi et comment ?\u00a0\u00bb : intervention de Julien Malizard au colloque organis\u00e9 par Jean-Michel Jacques"}]},{"@type":"WebSite","@id":"https:\/\/ecodef-ihedn.fr\/#website","url":"https:\/\/ecodef-ihedn.fr\/","name":"Chair in Defence Economics - IHEDN","description":"Produce &amp; support, federate &amp; disseminate, act as an interface","publisher":{"@id":"https:\/\/ecodef-ihedn.fr\/#organization"},"potentialAction":[{"@type":"SearchAction","target":{"@type":"EntryPoint","urlTemplate":"https:\/\/ecodef-ihedn.fr\/?s={search_term_string}"},"query-input":{"@type":"PropertyValueSpecification","valueRequired":true,"valueName":"search_term_string"}}],"inLanguage":"en-GB"},{"@type":"Organization","@id":"https:\/\/ecodef-ihedn.fr\/#organization","name":"Chair in Defence Economics - IHEDN","url":"https:\/\/ecodef-ihedn.fr\/","logo":{"@type":"ImageObject","inLanguage":"en-GB","@id":"https:\/\/ecodef-ihedn.fr\/#\/schema\/logo\/image\/","url":"https:\/\/ecodef-ihedn.fr\/wp-content\/uploads\/2020\/04\/logoEcodef9.jpg","contentUrl":"https:\/\/ecodef-ihedn.fr\/wp-content\/uploads\/2020\/04\/logoEcodef9.jpg","width":410,"height":212,"caption":"Chaire \u00c9conomie de d\u00e9fense - IHEDN"},"image":{"@id":"https:\/\/ecodef-ihedn.fr\/#\/schema\/logo\/image\/"},"sameAs":["https:\/\/x.com\/Chaire_Ecodef","https:\/\/www.linkedin.com\/company\/chaire-ecodef-ihedn\/"]},{"@type":"Person","@id":"https:\/\/ecodef-ihedn.fr\/#\/schema\/person\/1cdf22d028cebe278126a6e07a884d30","name":"Bertrand Demandre","image":{"@type":"ImageObject","inLanguage":"en-GB","@id":"https:\/\/secure.gravatar.com\/avatar\/d9c9746d6c900ab5b9c0f9b1fa3932e369da923da247d624b8f7ab4ba8a3c093?s=96&d=mm&r=g","url":"https:\/\/secure.gravatar.com\/avatar\/d9c9746d6c900ab5b9c0f9b1fa3932e369da923da247d624b8f7ab4ba8a3c093?s=96&d=mm&r=g","contentUrl":"https:\/\/secure.gravatar.com\/avatar\/d9c9746d6c900ab5b9c0f9b1fa3932e369da923da247d624b8f7ab4ba8a3c093?s=96&d=mm&r=g","caption":"Bertrand Demandre"},"url":"https:\/\/ecodef-ihedn.fr\/en\/author\/bertrand\/"}]}},"_links":{"self":[{"href":"https:\/\/ecodef-ihedn.fr\/en\/wp-json\/wp\/v2\/posts\/9122","targetHints":{"allow":["GET"]}}],"collection":[{"href":"https:\/\/ecodef-ihedn.fr\/en\/wp-json\/wp\/v2\/posts"}],"about":[{"href":"https:\/\/ecodef-ihedn.fr\/en\/wp-json\/wp\/v2\/types\/post"}],"author":[{"embeddable":true,"href":"https:\/\/ecodef-ihedn.fr\/en\/wp-json\/wp\/v2\/users\/2"}],"replies":[{"embeddable":true,"href":"https:\/\/ecodef-ihedn.fr\/en\/wp-json\/wp\/v2\/comments?post=9122"}],"version-history":[{"count":1,"href":"https:\/\/ecodef-ihedn.fr\/en\/wp-json\/wp\/v2\/posts\/9122\/revisions"}],"predecessor-version":[{"id":9125,"href":"https:\/\/ecodef-ihedn.fr\/en\/wp-json\/wp\/v2\/posts\/9122\/revisions\/9125"}],"wp:featuredmedia":[{"embeddable":true,"href":"https:\/\/ecodef-ihedn.fr\/en\/wp-json\/wp\/v2\/media\/9123"}],"wp:attachment":[{"href":"https:\/\/ecodef-ihedn.fr\/en\/wp-json\/wp\/v2\/media?parent=9122"}],"wp:term":[{"taxonomy":"category","embeddable":true,"href":"https:\/\/ecodef-ihedn.fr\/en\/wp-json\/wp\/v2\/categories?post=9122"},{"taxonomy":"post_tag","embeddable":true,"href":"https:\/\/ecodef-ihedn.fr\/en\/wp-json\/wp\/v2\/tags?post=9122"}],"curies":[{"name":"wp","href":"https:\/\/api.w.org\/{rel}","templated":true}]}}