{"id":9128,"date":"2026-03-27T09:59:15","date_gmt":"2026-03-27T09:59:15","guid":{"rendered":"https:\/\/ecodef-ihedn.fr\/?p=9128"},"modified":"2026-04-27T10:22:43","modified_gmt":"2026-04-27T10:22:43","slug":"amplifier-notre-effort-de-defense-pourquoi-et-comment-intervention-de-julien-malizard-au-colloque-organise-par-jean-michel-jacques-copy","status":"publish","type":"post","link":"https:\/\/ecodef-ihedn.fr\/en\/amplifier-notre-effort-de-defense-pourquoi-et-comment-intervention-de-julien-malizard-au-colloque-organise-par-jean-michel-jacques-copy\/","title":{"rendered":"\u00abThe defence effort: a burden or a change for the European economy? by Julien Malizard at the Printemps de l'\u00e9conomie conference"},"content":{"rendered":"<h3 style=\"text-align: center;\">Julien Malizard spoke at the 15th edition of the \"Springtime Economy\", held on 20 March 2026 at the Economic, Social and Environmental Council (CESE).<\/h3>\r\n<h3 style=\"text-align: center;\"><a href=\"https:\/\/ecodef-ihedn.fr\/wp-content\/uploads\/2026\/04\/JM-CESE.jpg\" target=\"_blank\" rel=\"noopener\"><img loading=\"lazy\" decoding=\"async\" class=\"aligncenter wp-image-9129 size-large\" src=\"https:\/\/ecodef-ihedn.fr\/wp-content\/uploads\/2026\/04\/JM-CESE-1024x683.jpg\" alt=\"\" width=\"696\" height=\"464\" srcset=\"https:\/\/ecodef-ihedn.fr\/wp-content\/uploads\/2026\/04\/JM-CESE-1024x683.jpg 1024w, https:\/\/ecodef-ihedn.fr\/wp-content\/uploads\/2026\/04\/JM-CESE-300x200.jpg 300w, https:\/\/ecodef-ihedn.fr\/wp-content\/uploads\/2026\/04\/JM-CESE-768x512.jpg 768w, https:\/\/ecodef-ihedn.fr\/wp-content\/uploads\/2026\/04\/JM-CESE-18x12.jpg 18w, https:\/\/ecodef-ihedn.fr\/wp-content\/uploads\/2026\/04\/JM-CESE-630x420.jpg 630w, https:\/\/ecodef-ihedn.fr\/wp-content\/uploads\/2026\/04\/JM-CESE-1260x840.jpg 1260w, https:\/\/ecodef-ihedn.fr\/wp-content\/uploads\/2026\/04\/JM-CESE-696x464.jpg 696w, https:\/\/ecodef-ihedn.fr\/wp-content\/uploads\/2026\/04\/JM-CESE-1068x712.jpg 1068w, https:\/\/ecodef-ihedn.fr\/wp-content\/uploads\/2026\/04\/JM-CESE.jpg 1387w\" sizes=\"auto, (max-width: 696px) 100vw, 696px\" \/><\/a><\/h3>\r\n<p>He took part in a round table discussion on \u00abThe defence effort, a burden or a change for the European economy\u00bb, with Alain Dulac, Chairman and CEO of FACTEM, and Doroth\u00e9e Rouzet, Chief Economist at the French Treasury, moderated by St\u00e9phane Marchand, Editorial Director at \u00abThe defence effort, a burden or a change for the European economy\", moderated by St\u00e9phane Marchand, Editorial Director at \"The defence effort, a burden or a change for the European economy\".\u00ab\u00a0<span class=\"_15054a68\">For Eco\u00bb<\/span> (<span class=\"_15054a68\">Les Echos<\/span>).<\/p>\r\n<p>Julien Malizard's speech focused in particular on three points:<\/p>\r\n<ol>\r\n<li><strong>The level of the defence effort in Europe and the conditions for rearmament<\/strong><br \/>European rearmament has been underway since 2014, and will be stepped up from 2022 onwards, as well as debates on the level of defence spending needed to ensure the continent's security, against a backdrop of persistent dependence on the United States and the growing importance of the 3.5 % of GDP target.<\/li>\r\n<li><strong>The limits of European industrial rationalisation<\/strong><br \/>Despite the rearmament effort, the challenges facing the defence industry remain: the persistent fragmentation of Europe's defence industries, duplication of capabilities, difficulties in cooperation and the need to improve coordination, specialisation and economies of scale between European countries.<\/li>\r\n<li><strong>The rise of \u00abnew defence\u00bb in the light of the war in Ukraine<\/strong><br \/>The war in Ukraine is revealing the emergence of new industrial and operational dynamics, marked by the rise of drones, artificial intelligence, cyber and dual technologies, which are redefining relations between traditional players and new entrants.<\/li>\r\n<\/ol>","protected":false},"excerpt":{"rendered":"<p>Julien Malizard est intervenu \u00e0 la 15e \u00e9dition du printemps de l\u2019\u00e9conomie, organis\u00e9 le 20 mars 2026\u00a0au Conseil \u00e9conomique, social et environnemental (CESE) Il a particip\u00e9 \u00e0 la table ronde \u00ab l\u2019effort de d\u00e9fense, un poids ou une change pour l\u2019\u00e9conomie europ\u00e9enne ? \u00bb, avec Alain Dulac, pr\u00e9sident directeur g\u00e9n\u00e9ral de la soci\u00e9t\u00e9 FACTEM, et [&hellip;]<\/p>\n","protected":false},"author":2,"featured_media":9129,"comment_status":"open","ping_status":"open","sticky":false,"template":"","format":"standard","meta":{"footnotes":""},"categories":[34,356],"tags":[857,409,862,162,41,860,375,858,37,47,577,676,178,60,86,590,751,793,855,856,547,861,859],"class_list":{"0":"post-9128","1":"post","2":"type-post","3":"status-publish","4":"format-standard","5":"has-post-thumbnail","7":"category-activites","8":"category-activites-participation-de-la-chaire-a-un-evenement","9":"tag-alain-dulac","10":"tag-autonomie-strategique","11":"tag-cese","12":"tag-chaire-economie-de-defense","13":"tag-conference","14":"tag-conseil-economique","15":"tag-defense-europeenne","16":"tag-dorothee-rouzet","17":"tag-economie","18":"tag-economie-de-defense","19":"tag-effort-de-defense","20":"tag-enjeux-industriels","21":"tag-europe","22":"tag-innovation","23":"tag-julien-malizard","24":"tag-les-echos","25":"tag-marche-de-larmement","26":"tag-new-defence","27":"tag-new-defense","28":"tag-printemps-de-leconomie","29":"tag-rearmement","30":"tag-social-et-environnemental","31":"tag-stephane-marchand"},"yoast_head":"<!-- This site is optimized with the Yoast SEO plugin v27.4 - https:\/\/yoast.com\/product\/yoast-seo-wordpress\/ -->\n<title>&quot;L\u2019effort de d\u00e9fense, un poids ou une change pour l\u2019\u00e9conomie europ\u00e9enne ?&quot; : intervention de Julien Malizard au Printemps de l&#039;\u00e9conomie - Chaire \u00c9conomie de d\u00e9fense - IHEDN<\/title>\n<meta name=\"robots\" content=\"index, follow, max-snippet:-1, max-image-preview:large, max-video-preview:-1\" \/>\n<link rel=\"canonical\" href=\"https:\/\/ecodef-ihedn.fr\/en\/amplifier-notre-effort-de-defense-pourquoi-et-comment-intervention-de-julien-malizard-au-colloque-organise-par-jean-michel-jacques-copy\/\" \/>\n<meta property=\"og:locale\" content=\"en_GB\" \/>\n<meta property=\"og:type\" content=\"article\" \/>\n<meta property=\"og:title\" content=\"&quot;L\u2019effort de d\u00e9fense, un poids ou une change pour l\u2019\u00e9conomie europ\u00e9enne ?&quot; : intervention de Julien Malizard au Printemps de l&#039;\u00e9conomie - Chaire \u00c9conomie de d\u00e9fense - IHEDN\" \/>\n<meta property=\"og:description\" content=\"Julien Malizard est intervenu \u00e0 la 15e \u00e9dition du printemps de l\u2019\u00e9conomie, organis\u00e9 le 20 mars 2026\u00a0au Conseil \u00e9conomique, social et environnemental (CESE) Il a particip\u00e9 \u00e0 la table ronde \u00ab l\u2019effort de d\u00e9fense, un poids ou une change pour l\u2019\u00e9conomie europ\u00e9enne ? \u00bb, avec Alain Dulac, pr\u00e9sident directeur g\u00e9n\u00e9ral de la soci\u00e9t\u00e9 FACTEM, et [&hellip;]\" \/>\n<meta property=\"og:url\" content=\"https:\/\/ecodef-ihedn.fr\/en\/amplifier-notre-effort-de-defense-pourquoi-et-comment-intervention-de-julien-malizard-au-colloque-organise-par-jean-michel-jacques-copy\/\" \/>\n<meta property=\"og:site_name\" content=\"Chaire \u00c9conomie de d\u00e9fense - IHEDN\" \/>\n<meta property=\"article:published_time\" content=\"2026-03-27T09:59:15+00:00\" \/>\n<meta property=\"article:modified_time\" content=\"2026-04-27T10:22:43+00:00\" \/>\n<meta property=\"og:image\" content=\"https:\/\/ecodef-ihedn.fr\/wp-content\/uploads\/2026\/04\/JM-CESE.jpg\" \/>\n\t<meta property=\"og:image:width\" content=\"1387\" \/>\n\t<meta property=\"og:image:height\" content=\"925\" \/>\n\t<meta property=\"og:image:type\" content=\"image\/jpeg\" \/>\n<meta name=\"author\" content=\"Bertrand Demandre\" \/>\n<meta name=\"twitter:card\" content=\"summary_large_image\" \/>\n<meta name=\"twitter:creator\" content=\"@Chaire_Ecodef\" \/>\n<meta name=\"twitter:site\" content=\"@Chaire_Ecodef\" \/>\n<meta name=\"twitter:label1\" content=\"Written by\" \/>\n\t<meta name=\"twitter:data1\" content=\"Bertrand Demandre\" \/>\n\t<meta name=\"twitter:label2\" content=\"Estimated reading time\" \/>\n\t<meta name=\"twitter:data2\" content=\"2 minutes\" \/>\n<script type=\"application\/ld+json\" class=\"yoast-schema-graph\">{\"@context\":\"https:\\\/\\\/schema.org\",\"@graph\":[{\"@type\":\"Article\",\"@id\":\"https:\\\/\\\/ecodef-ihedn.fr\\\/amplifier-notre-effort-de-defense-pourquoi-et-comment-intervention-de-julien-malizard-au-colloque-organise-par-jean-michel-jacques-copy\\\/#article\",\"isPartOf\":{\"@id\":\"https:\\\/\\\/ecodef-ihedn.fr\\\/amplifier-notre-effort-de-defense-pourquoi-et-comment-intervention-de-julien-malizard-au-colloque-organise-par-jean-michel-jacques-copy\\\/\"},\"author\":{\"name\":\"Bertrand Demandre\",\"@id\":\"https:\\\/\\\/ecodef-ihedn.fr\\\/#\\\/schema\\\/person\\\/1cdf22d028cebe278126a6e07a884d30\"},\"headline\":\"\u00ab\u00a0L\u2019effort de d\u00e9fense, un poids ou une change pour l\u2019\u00e9conomie europ\u00e9enne ?\u00a0\u00bb : intervention de Julien Malizard au Printemps de l&rsquo;\u00e9conomie\",\"datePublished\":\"2026-03-27T09:59:15+00:00\",\"dateModified\":\"2026-04-27T10:22:43+00:00\",\"mainEntityOfPage\":{\"@id\":\"https:\\\/\\\/ecodef-ihedn.fr\\\/amplifier-notre-effort-de-defense-pourquoi-et-comment-intervention-de-julien-malizard-au-colloque-organise-par-jean-michel-jacques-copy\\\/\"},\"wordCount\":325,\"commentCount\":0,\"publisher\":{\"@id\":\"https:\\\/\\\/ecodef-ihedn.fr\\\/#organization\"},\"image\":{\"@id\":\"https:\\\/\\\/ecodef-ihedn.fr\\\/amplifier-notre-effort-de-defense-pourquoi-et-comment-intervention-de-julien-malizard-au-colloque-organise-par-jean-michel-jacques-copy\\\/#primaryimage\"},\"thumbnailUrl\":\"https:\\\/\\\/ecodef-ihedn.fr\\\/wp-content\\\/uploads\\\/2026\\\/04\\\/JM-CESE.jpg\",\"keywords\":[\"Alain Dulac\",\"autonomie strat\u00e9gique\",\"CESE\",\"chaire \u00e9conomie de d\u00e9fense\",\"conf\u00e9rence\",\"conseil \u00e9conomique\",\"d\u00e9fense europ\u00e9enne\",\"Doroth\u00e9e Rouzet\",\"\u00e9conomie\",\"\u00e9conomie de d\u00e9fense\",\"effort de d\u00e9fense\",\"enjeux industriels\",\"Europe\",\"innovation\",\"Julien Malizard\",\"Les \u00e9chos\",\"march\u00e9 de l'armement\",\"new defence\",\"new defense\",\"Printemps de l'\u00e9conomie\",\"r\u00e9armement\",\"social et environnemental\",\"St\u00e9phane Marchand\"],\"articleSection\":[\"Activit\u00e9s\",\"Activit\u00e9s : participation de la Chaire \u00e0 un \u00e9v\u00e9nement\"],\"inLanguage\":\"en-GB\",\"potentialAction\":[{\"@type\":\"CommentAction\",\"name\":\"Comment\",\"target\":[\"https:\\\/\\\/ecodef-ihedn.fr\\\/amplifier-notre-effort-de-defense-pourquoi-et-comment-intervention-de-julien-malizard-au-colloque-organise-par-jean-michel-jacques-copy\\\/#respond\"]}]},{\"@type\":\"WebPage\",\"@id\":\"https:\\\/\\\/ecodef-ihedn.fr\\\/amplifier-notre-effort-de-defense-pourquoi-et-comment-intervention-de-julien-malizard-au-colloque-organise-par-jean-michel-jacques-copy\\\/\",\"url\":\"https:\\\/\\\/ecodef-ihedn.fr\\\/amplifier-notre-effort-de-defense-pourquoi-et-comment-intervention-de-julien-malizard-au-colloque-organise-par-jean-michel-jacques-copy\\\/\",\"name\":\"\\\"L\u2019effort de d\u00e9fense, un poids ou une change pour l\u2019\u00e9conomie europ\u00e9enne ?\\\" : intervention de Julien Malizard au Printemps de l'\u00e9conomie - Chaire \u00c9conomie de d\u00e9fense - IHEDN\",\"isPartOf\":{\"@id\":\"https:\\\/\\\/ecodef-ihedn.fr\\\/#website\"},\"primaryImageOfPage\":{\"@id\":\"https:\\\/\\\/ecodef-ihedn.fr\\\/amplifier-notre-effort-de-defense-pourquoi-et-comment-intervention-de-julien-malizard-au-colloque-organise-par-jean-michel-jacques-copy\\\/#primaryimage\"},\"image\":{\"@id\":\"https:\\\/\\\/ecodef-ihedn.fr\\\/amplifier-notre-effort-de-defense-pourquoi-et-comment-intervention-de-julien-malizard-au-colloque-organise-par-jean-michel-jacques-copy\\\/#primaryimage\"},\"thumbnailUrl\":\"https:\\\/\\\/ecodef-ihedn.fr\\\/wp-content\\\/uploads\\\/2026\\\/04\\\/JM-CESE.jpg\",\"datePublished\":\"2026-03-27T09:59:15+00:00\",\"dateModified\":\"2026-04-27T10:22:43+00:00\",\"breadcrumb\":{\"@id\":\"https:\\\/\\\/ecodef-ihedn.fr\\\/amplifier-notre-effort-de-defense-pourquoi-et-comment-intervention-de-julien-malizard-au-colloque-organise-par-jean-michel-jacques-copy\\\/#breadcrumb\"},\"inLanguage\":\"en-GB\",\"potentialAction\":[{\"@type\":\"ReadAction\",\"target\":[\"https:\\\/\\\/ecodef-ihedn.fr\\\/amplifier-notre-effort-de-defense-pourquoi-et-comment-intervention-de-julien-malizard-au-colloque-organise-par-jean-michel-jacques-copy\\\/\"]}]},{\"@type\":\"ImageObject\",\"inLanguage\":\"en-GB\",\"@id\":\"https:\\\/\\\/ecodef-ihedn.fr\\\/amplifier-notre-effort-de-defense-pourquoi-et-comment-intervention-de-julien-malizard-au-colloque-organise-par-jean-michel-jacques-copy\\\/#primaryimage\",\"url\":\"https:\\\/\\\/ecodef-ihedn.fr\\\/wp-content\\\/uploads\\\/2026\\\/04\\\/JM-CESE.jpg\",\"contentUrl\":\"https:\\\/\\\/ecodef-ihedn.fr\\\/wp-content\\\/uploads\\\/2026\\\/04\\\/JM-CESE.jpg\",\"width\":1387,\"height\":925},{\"@type\":\"BreadcrumbList\",\"@id\":\"https:\\\/\\\/ecodef-ihedn.fr\\\/amplifier-notre-effort-de-defense-pourquoi-et-comment-intervention-de-julien-malizard-au-colloque-organise-par-jean-michel-jacques-copy\\\/#breadcrumb\",\"itemListElement\":[{\"@type\":\"ListItem\",\"position\":1,\"name\":\"Accueil\",\"item\":\"https:\\\/\\\/ecodef-ihedn.fr\\\/\"},{\"@type\":\"ListItem\",\"position\":2,\"name\":\"\u00ab\u00a0L\u2019effort de d\u00e9fense, un poids ou une change pour l\u2019\u00e9conomie europ\u00e9enne ?\u00a0\u00bb : intervention de Julien Malizard au Printemps de l&rsquo;\u00e9conomie\"}]},{\"@type\":\"WebSite\",\"@id\":\"https:\\\/\\\/ecodef-ihedn.fr\\\/#website\",\"url\":\"https:\\\/\\\/ecodef-ihedn.fr\\\/\",\"name\":\"Chaire \u00c9conomie de D\u00e9fense - IHEDN\",\"description\":\"Produire &amp; soutenir, f\u00e9d\u00e9rer &amp; diffuser, \u00eatre une interface\",\"publisher\":{\"@id\":\"https:\\\/\\\/ecodef-ihedn.fr\\\/#organization\"},\"potentialAction\":[{\"@type\":\"SearchAction\",\"target\":{\"@type\":\"EntryPoint\",\"urlTemplate\":\"https:\\\/\\\/ecodef-ihedn.fr\\\/?s={search_term_string}\"},\"query-input\":{\"@type\":\"PropertyValueSpecification\",\"valueRequired\":true,\"valueName\":\"search_term_string\"}}],\"inLanguage\":\"en-GB\"},{\"@type\":\"Organization\",\"@id\":\"https:\\\/\\\/ecodef-ihedn.fr\\\/#organization\",\"name\":\"Chaire \u00c9conomie de d\u00e9fense - IHEDN\",\"url\":\"https:\\\/\\\/ecodef-ihedn.fr\\\/\",\"logo\":{\"@type\":\"ImageObject\",\"inLanguage\":\"en-GB\",\"@id\":\"https:\\\/\\\/ecodef-ihedn.fr\\\/#\\\/schema\\\/logo\\\/image\\\/\",\"url\":\"https:\\\/\\\/ecodef-ihedn.fr\\\/wp-content\\\/uploads\\\/2020\\\/04\\\/logoEcodef9.jpg\",\"contentUrl\":\"https:\\\/\\\/ecodef-ihedn.fr\\\/wp-content\\\/uploads\\\/2020\\\/04\\\/logoEcodef9.jpg\",\"width\":410,\"height\":212,\"caption\":\"Chaire \u00c9conomie de d\u00e9fense - IHEDN\"},\"image\":{\"@id\":\"https:\\\/\\\/ecodef-ihedn.fr\\\/#\\\/schema\\\/logo\\\/image\\\/\"},\"sameAs\":[\"https:\\\/\\\/x.com\\\/Chaire_Ecodef\",\"https:\\\/\\\/www.linkedin.com\\\/company\\\/chaire-ecodef-ihedn\\\/\"]},{\"@type\":\"Person\",\"@id\":\"https:\\\/\\\/ecodef-ihedn.fr\\\/#\\\/schema\\\/person\\\/1cdf22d028cebe278126a6e07a884d30\",\"name\":\"Bertrand Demandre\",\"image\":{\"@type\":\"ImageObject\",\"inLanguage\":\"en-GB\",\"@id\":\"https:\\\/\\\/secure.gravatar.com\\\/avatar\\\/d9c9746d6c900ab5b9c0f9b1fa3932e369da923da247d624b8f7ab4ba8a3c093?s=96&d=mm&r=g\",\"url\":\"https:\\\/\\\/secure.gravatar.com\\\/avatar\\\/d9c9746d6c900ab5b9c0f9b1fa3932e369da923da247d624b8f7ab4ba8a3c093?s=96&d=mm&r=g\",\"contentUrl\":\"https:\\\/\\\/secure.gravatar.com\\\/avatar\\\/d9c9746d6c900ab5b9c0f9b1fa3932e369da923da247d624b8f7ab4ba8a3c093?s=96&d=mm&r=g\",\"caption\":\"Bertrand Demandre\"},\"url\":\"https:\\\/\\\/ecodef-ihedn.fr\\\/en\\\/author\\\/bertrand\\\/\"}]}<\/script>\n<!-- \/ Yoast SEO plugin. -->","yoast_head_json":{"title":"\"L\u2019effort de d\u00e9fense, un poids ou une change pour l\u2019\u00e9conomie europ\u00e9enne ?\" : intervention de Julien Malizard au Printemps de l'\u00e9conomie - Chaire \u00c9conomie de d\u00e9fense - IHEDN","robots":{"index":"index","follow":"follow","max-snippet":"max-snippet:-1","max-image-preview":"max-image-preview:large","max-video-preview":"max-video-preview:-1"},"canonical":"https:\/\/ecodef-ihedn.fr\/en\/amplifier-notre-effort-de-defense-pourquoi-et-comment-intervention-de-julien-malizard-au-colloque-organise-par-jean-michel-jacques-copy\/","og_locale":"en_GB","og_type":"article","og_title":"\"L\u2019effort de d\u00e9fense, un poids ou une change pour l\u2019\u00e9conomie europ\u00e9enne ?\" : intervention de Julien Malizard au Printemps de l'\u00e9conomie - Chaire \u00c9conomie de d\u00e9fense - IHEDN","og_description":"Julien Malizard est intervenu \u00e0 la 15e \u00e9dition du printemps de l\u2019\u00e9conomie, organis\u00e9 le 20 mars 2026\u00a0au Conseil \u00e9conomique, social et environnemental (CESE) Il a particip\u00e9 \u00e0 la table ronde \u00ab l\u2019effort de d\u00e9fense, un poids ou une change pour l\u2019\u00e9conomie europ\u00e9enne ? \u00bb, avec Alain Dulac, pr\u00e9sident directeur g\u00e9n\u00e9ral de la soci\u00e9t\u00e9 FACTEM, et [&hellip;]","og_url":"https:\/\/ecodef-ihedn.fr\/en\/amplifier-notre-effort-de-defense-pourquoi-et-comment-intervention-de-julien-malizard-au-colloque-organise-par-jean-michel-jacques-copy\/","og_site_name":"Chaire \u00c9conomie de d\u00e9fense - IHEDN","article_published_time":"2026-03-27T09:59:15+00:00","article_modified_time":"2026-04-27T10:22:43+00:00","og_image":[{"width":1387,"height":925,"url":"https:\/\/ecodef-ihedn.fr\/wp-content\/uploads\/2026\/04\/JM-CESE.jpg","type":"image\/jpeg"}],"author":"Bertrand Demandre","twitter_card":"summary_large_image","twitter_creator":"@Chaire_Ecodef","twitter_site":"@Chaire_Ecodef","twitter_misc":{"Written by":"Bertrand Demandre","Estimated reading time":"2 minutes"},"schema":{"@context":"https:\/\/schema.org","@graph":[{"@type":"Article","@id":"https:\/\/ecodef-ihedn.fr\/amplifier-notre-effort-de-defense-pourquoi-et-comment-intervention-de-julien-malizard-au-colloque-organise-par-jean-michel-jacques-copy\/#article","isPartOf":{"@id":"https:\/\/ecodef-ihedn.fr\/amplifier-notre-effort-de-defense-pourquoi-et-comment-intervention-de-julien-malizard-au-colloque-organise-par-jean-michel-jacques-copy\/"},"author":{"name":"Bertrand Demandre","@id":"https:\/\/ecodef-ihedn.fr\/#\/schema\/person\/1cdf22d028cebe278126a6e07a884d30"},"headline":"\u00ab\u00a0L\u2019effort de d\u00e9fense, un poids ou une change pour l\u2019\u00e9conomie europ\u00e9enne ?\u00a0\u00bb : intervention de Julien Malizard au Printemps de l&rsquo;\u00e9conomie","datePublished":"2026-03-27T09:59:15+00:00","dateModified":"2026-04-27T10:22:43+00:00","mainEntityOfPage":{"@id":"https:\/\/ecodef-ihedn.fr\/amplifier-notre-effort-de-defense-pourquoi-et-comment-intervention-de-julien-malizard-au-colloque-organise-par-jean-michel-jacques-copy\/"},"wordCount":325,"commentCount":0,"publisher":{"@id":"https:\/\/ecodef-ihedn.fr\/#organization"},"image":{"@id":"https:\/\/ecodef-ihedn.fr\/amplifier-notre-effort-de-defense-pourquoi-et-comment-intervention-de-julien-malizard-au-colloque-organise-par-jean-michel-jacques-copy\/#primaryimage"},"thumbnailUrl":"https:\/\/ecodef-ihedn.fr\/wp-content\/uploads\/2026\/04\/JM-CESE.jpg","keywords":["Alain Dulac","autonomie strat\u00e9gique","CESE","chaire \u00e9conomie de d\u00e9fense","conf\u00e9rence","conseil \u00e9conomique","d\u00e9fense europ\u00e9enne","Doroth\u00e9e Rouzet","\u00e9conomie","\u00e9conomie de d\u00e9fense","effort de d\u00e9fense","enjeux industriels","Europe","innovation","Julien Malizard","Les \u00e9chos","march\u00e9 de l'armement","new defence","new defense","Printemps de l'\u00e9conomie","r\u00e9armement","social et environnemental","St\u00e9phane Marchand"],"articleSection":["Activit\u00e9s","Activit\u00e9s : participation de la Chaire \u00e0 un \u00e9v\u00e9nement"],"inLanguage":"en-GB","potentialAction":[{"@type":"CommentAction","name":"Comment","target":["https:\/\/ecodef-ihedn.fr\/amplifier-notre-effort-de-defense-pourquoi-et-comment-intervention-de-julien-malizard-au-colloque-organise-par-jean-michel-jacques-copy\/#respond"]}]},{"@type":"WebPage","@id":"https:\/\/ecodef-ihedn.fr\/amplifier-notre-effort-de-defense-pourquoi-et-comment-intervention-de-julien-malizard-au-colloque-organise-par-jean-michel-jacques-copy\/","url":"https:\/\/ecodef-ihedn.fr\/amplifier-notre-effort-de-defense-pourquoi-et-comment-intervention-de-julien-malizard-au-colloque-organise-par-jean-michel-jacques-copy\/","name":"\"L\u2019effort de d\u00e9fense, un poids ou une change pour l\u2019\u00e9conomie europ\u00e9enne ?\" : intervention de Julien Malizard au Printemps de l'\u00e9conomie - Chaire \u00c9conomie de d\u00e9fense - IHEDN","isPartOf":{"@id":"https:\/\/ecodef-ihedn.fr\/#website"},"primaryImageOfPage":{"@id":"https:\/\/ecodef-ihedn.fr\/amplifier-notre-effort-de-defense-pourquoi-et-comment-intervention-de-julien-malizard-au-colloque-organise-par-jean-michel-jacques-copy\/#primaryimage"},"image":{"@id":"https:\/\/ecodef-ihedn.fr\/amplifier-notre-effort-de-defense-pourquoi-et-comment-intervention-de-julien-malizard-au-colloque-organise-par-jean-michel-jacques-copy\/#primaryimage"},"thumbnailUrl":"https:\/\/ecodef-ihedn.fr\/wp-content\/uploads\/2026\/04\/JM-CESE.jpg","datePublished":"2026-03-27T09:59:15+00:00","dateModified":"2026-04-27T10:22:43+00:00","breadcrumb":{"@id":"https:\/\/ecodef-ihedn.fr\/amplifier-notre-effort-de-defense-pourquoi-et-comment-intervention-de-julien-malizard-au-colloque-organise-par-jean-michel-jacques-copy\/#breadcrumb"},"inLanguage":"en-GB","potentialAction":[{"@type":"ReadAction","target":["https:\/\/ecodef-ihedn.fr\/amplifier-notre-effort-de-defense-pourquoi-et-comment-intervention-de-julien-malizard-au-colloque-organise-par-jean-michel-jacques-copy\/"]}]},{"@type":"ImageObject","inLanguage":"en-GB","@id":"https:\/\/ecodef-ihedn.fr\/amplifier-notre-effort-de-defense-pourquoi-et-comment-intervention-de-julien-malizard-au-colloque-organise-par-jean-michel-jacques-copy\/#primaryimage","url":"https:\/\/ecodef-ihedn.fr\/wp-content\/uploads\/2026\/04\/JM-CESE.jpg","contentUrl":"https:\/\/ecodef-ihedn.fr\/wp-content\/uploads\/2026\/04\/JM-CESE.jpg","width":1387,"height":925},{"@type":"BreadcrumbList","@id":"https:\/\/ecodef-ihedn.fr\/amplifier-notre-effort-de-defense-pourquoi-et-comment-intervention-de-julien-malizard-au-colloque-organise-par-jean-michel-jacques-copy\/#breadcrumb","itemListElement":[{"@type":"ListItem","position":1,"name":"Accueil","item":"https:\/\/ecodef-ihedn.fr\/"},{"@type":"ListItem","position":2,"name":"\u00ab\u00a0L\u2019effort de d\u00e9fense, un poids ou une change pour l\u2019\u00e9conomie europ\u00e9enne ?\u00a0\u00bb : intervention de Julien Malizard au Printemps de l&rsquo;\u00e9conomie"}]},{"@type":"WebSite","@id":"https:\/\/ecodef-ihedn.fr\/#website","url":"https:\/\/ecodef-ihedn.fr\/","name":"Chair in Defence Economics - IHEDN","description":"Produce &amp; support, federate &amp; disseminate, act as an interface","publisher":{"@id":"https:\/\/ecodef-ihedn.fr\/#organization"},"potentialAction":[{"@type":"SearchAction","target":{"@type":"EntryPoint","urlTemplate":"https:\/\/ecodef-ihedn.fr\/?s={search_term_string}"},"query-input":{"@type":"PropertyValueSpecification","valueRequired":true,"valueName":"search_term_string"}}],"inLanguage":"en-GB"},{"@type":"Organization","@id":"https:\/\/ecodef-ihedn.fr\/#organization","name":"Chair in Defence Economics - IHEDN","url":"https:\/\/ecodef-ihedn.fr\/","logo":{"@type":"ImageObject","inLanguage":"en-GB","@id":"https:\/\/ecodef-ihedn.fr\/#\/schema\/logo\/image\/","url":"https:\/\/ecodef-ihedn.fr\/wp-content\/uploads\/2020\/04\/logoEcodef9.jpg","contentUrl":"https:\/\/ecodef-ihedn.fr\/wp-content\/uploads\/2020\/04\/logoEcodef9.jpg","width":410,"height":212,"caption":"Chaire \u00c9conomie de d\u00e9fense - IHEDN"},"image":{"@id":"https:\/\/ecodef-ihedn.fr\/#\/schema\/logo\/image\/"},"sameAs":["https:\/\/x.com\/Chaire_Ecodef","https:\/\/www.linkedin.com\/company\/chaire-ecodef-ihedn\/"]},{"@type":"Person","@id":"https:\/\/ecodef-ihedn.fr\/#\/schema\/person\/1cdf22d028cebe278126a6e07a884d30","name":"Bertrand Demandre","image":{"@type":"ImageObject","inLanguage":"en-GB","@id":"https:\/\/secure.gravatar.com\/avatar\/d9c9746d6c900ab5b9c0f9b1fa3932e369da923da247d624b8f7ab4ba8a3c093?s=96&d=mm&r=g","url":"https:\/\/secure.gravatar.com\/avatar\/d9c9746d6c900ab5b9c0f9b1fa3932e369da923da247d624b8f7ab4ba8a3c093?s=96&d=mm&r=g","contentUrl":"https:\/\/secure.gravatar.com\/avatar\/d9c9746d6c900ab5b9c0f9b1fa3932e369da923da247d624b8f7ab4ba8a3c093?s=96&d=mm&r=g","caption":"Bertrand Demandre"},"url":"https:\/\/ecodef-ihedn.fr\/en\/author\/bertrand\/"}]}},"_links":{"self":[{"href":"https:\/\/ecodef-ihedn.fr\/en\/wp-json\/wp\/v2\/posts\/9128","targetHints":{"allow":["GET"]}}],"collection":[{"href":"https:\/\/ecodef-ihedn.fr\/en\/wp-json\/wp\/v2\/posts"}],"about":[{"href":"https:\/\/ecodef-ihedn.fr\/en\/wp-json\/wp\/v2\/types\/post"}],"author":[{"embeddable":true,"href":"https:\/\/ecodef-ihedn.fr\/en\/wp-json\/wp\/v2\/users\/2"}],"replies":[{"embeddable":true,"href":"https:\/\/ecodef-ihedn.fr\/en\/wp-json\/wp\/v2\/comments?post=9128"}],"version-history":[{"count":2,"href":"https:\/\/ecodef-ihedn.fr\/en\/wp-json\/wp\/v2\/posts\/9128\/revisions"}],"predecessor-version":[{"id":9131,"href":"https:\/\/ecodef-ihedn.fr\/en\/wp-json\/wp\/v2\/posts\/9128\/revisions\/9131"}],"wp:featuredmedia":[{"embeddable":true,"href":"https:\/\/ecodef-ihedn.fr\/en\/wp-json\/wp\/v2\/media\/9129"}],"wp:attachment":[{"href":"https:\/\/ecodef-ihedn.fr\/en\/wp-json\/wp\/v2\/media?parent=9128"}],"wp:term":[{"taxonomy":"category","embeddable":true,"href":"https:\/\/ecodef-ihedn.fr\/en\/wp-json\/wp\/v2\/categories?post=9128"},{"taxonomy":"post_tag","embeddable":true,"href":"https:\/\/ecodef-ihedn.fr\/en\/wp-json\/wp\/v2\/tags?post=9128"}],"curies":[{"name":"wp","href":"https:\/\/api.w.org\/{rel}","templated":true}]}}