{"id":915,"date":"2016-06-13T00:00:00","date_gmt":"2016-06-13T00:00:00","guid":{"rendered":"https:\/\/ecodef-ihedn.fr\/ecole-dete-defence-security-cyber-du-4-au-7-juillet-2016\/"},"modified":"2020-04-07T13:48:31","modified_gmt":"2020-04-07T13:48:31","slug":"ecole-dete-defence-security-cyber-du-4-au-7-juillet-2016","status":"publish","type":"post","link":"https:\/\/ecodef-ihedn.fr\/en\/ecole-dete-defence-security-cyber-du-4-au-7-juillet-2016\/","title":{"rendered":"Defence Security Cyber Summer School - 4 to 7 July 2016"},"content":{"rendered":"<p style=\"text-align: left;\">La seconde \u00e9dition de l&rsquo;\u00e9cole d&rsquo;\u00e9t\u00e9 Defence Security Cyber se tient du 4 au 7 juillet 2016 \u00e0 l&rsquo;universit\u00e9 de Bordeaux, organis\u00e9e par le Forum Montesquieu, dans le cadre du programme d&rsquo;\u00e9coles d&rsquo;\u00e9t\u00e9 internationales de l&rsquo;IdEx Bordeaux.<\/p>\n<p style=\"text-align: left;\">Jean Belin (Chaire \u00c9conomie de D\u00e9fense, Universit\u00e9 de Bordeaux) intervient sur \u00ab\u00a0L\u2019industrie de d\u00e9fense fran\u00e7aise en Europe\u00a0\u00bb, le jeudi 7 juillet de 9h \u00e0 11h.<\/p>\n<p><a href=\"https:\/\/ecodef-ihedn.fr\/wp-content\/uploads\/2020\/04\/Ecole-d\u00e9t\u00e9-Defense-Security-Cyber.png\"><img loading=\"lazy\" decoding=\"async\" class=\"size-full wp-image-5234 aligncenter\" src=\"https:\/\/ecodef-ihedn.fr\/wp-content\/uploads\/2020\/04\/Ecole-d\u00e9t\u00e9-Defense-Security-Cyber.png\" alt=\"Ecole d'\u00e9t\u00e9 Defense Security Cyber\" width=\"550\" height=\"779\" \/><\/a><\/p>\n<p style=\"text-align: center;\">Programme ci-dessous :<\/p>\n<p>[gview file=\u00a0\u00bbhttps:\/\/economie-defense.fr\/wp-content\/uploads\/2016\/06\/DSC-2016-programme-l.pdf\u00a0\u00bb]<\/p>\n<p>&nbsp;<\/p>\n","protected":false},"excerpt":{"rendered":"<p>La seconde \u00e9dition de l&rsquo;\u00e9cole d&rsquo;\u00e9t\u00e9 Defence Security Cyber se tient du 4 au 7 juillet 2016 \u00e0 l&rsquo;universit\u00e9 de Bordeaux, organis\u00e9e par le Forum Montesquieu, dans le cadre du programme d&rsquo;\u00e9coles d&rsquo;\u00e9t\u00e9 internationales de l&rsquo;IdEx Bordeaux. Jean Belin (Chaire \u00c9conomie de D\u00e9fense, Universit\u00e9 de Bordeaux) intervient sur \u00ab\u00a0L\u2019industrie de d\u00e9fense fran\u00e7aise en Europe\u00a0\u00bb, le [&hellip;]<\/p>\n","protected":false},"author":1,"featured_media":916,"comment_status":"open","ping_status":"open","sticky":false,"template":"","format":"standard","meta":{"footnotes":""},"categories":[34],"tags":[],"class_list":{"0":"post-915","1":"post","2":"type-post","3":"status-publish","4":"format-standard","5":"has-post-thumbnail","7":"category-activites"},"yoast_head":"<!-- This site is optimized with the Yoast SEO plugin v27.4 - https:\/\/yoast.com\/product\/yoast-seo-wordpress\/ -->\n<title>\u00c9cole d&#039;\u00e9t\u00e9 Defence Security Cyber - du 4 au 7 juillet 2016 - Chaire \u00c9conomie de d\u00e9fense - IHEDN<\/title>\n<meta name=\"robots\" content=\"index, follow, max-snippet:-1, max-image-preview:large, max-video-preview:-1\" \/>\n<link rel=\"canonical\" href=\"https:\/\/ecodef-ihedn.fr\/en\/ecole-dete-defence-security-cyber-du-4-au-7-juillet-2016\/\" \/>\n<meta property=\"og:locale\" content=\"en_GB\" \/>\n<meta property=\"og:type\" content=\"article\" \/>\n<meta property=\"og:title\" content=\"\u00c9cole d&#039;\u00e9t\u00e9 Defence Security Cyber - du 4 au 7 juillet 2016 - Chaire \u00c9conomie de d\u00e9fense - IHEDN\" \/>\n<meta property=\"og:description\" content=\"La seconde \u00e9dition de l&rsquo;\u00e9cole d&rsquo;\u00e9t\u00e9 Defence Security Cyber se tient du 4 au 7 juillet 2016 \u00e0 l&rsquo;universit\u00e9 de Bordeaux, organis\u00e9e par le Forum Montesquieu, dans le cadre du programme d&rsquo;\u00e9coles d&rsquo;\u00e9t\u00e9 internationales de l&rsquo;IdEx Bordeaux. Jean Belin (Chaire \u00c9conomie de D\u00e9fense, Universit\u00e9 de Bordeaux) intervient sur \u00ab\u00a0L\u2019industrie de d\u00e9fense fran\u00e7aise en Europe\u00a0\u00bb, le [&hellip;]\" \/>\n<meta property=\"og:url\" content=\"https:\/\/ecodef-ihedn.fr\/en\/ecole-dete-defence-security-cyber-du-4-au-7-juillet-2016\/\" \/>\n<meta property=\"og:site_name\" content=\"Chaire \u00c9conomie de d\u00e9fense - IHEDN\" \/>\n<meta property=\"article:published_time\" content=\"2016-06-13T00:00:00+00:00\" \/>\n<meta property=\"article:modified_time\" content=\"2020-04-07T13:48:31+00:00\" \/>\n<meta property=\"og:image\" content=\"https:\/\/ecodef-ihedn.fr\/wp-content\/uploads\/2020\/04\/Ecole-d\u00e9t\u00e9-Defense-Security-Cyber.png\" \/>\n\t<meta property=\"og:image:width\" content=\"550\" \/>\n\t<meta property=\"og:image:height\" content=\"779\" \/>\n\t<meta property=\"og:image:type\" content=\"image\/png\" \/>\n<meta name=\"author\" content=\"dev\" \/>\n<meta name=\"twitter:card\" content=\"summary_large_image\" \/>\n<meta name=\"twitter:creator\" content=\"@Chaire_Ecodef\" \/>\n<meta name=\"twitter:site\" content=\"@Chaire_Ecodef\" \/>\n<meta name=\"twitter:label1\" content=\"Written by\" \/>\n\t<meta name=\"twitter:data1\" content=\"dev\" \/>\n<script type=\"application\/ld+json\" class=\"yoast-schema-graph\">{\"@context\":\"https:\\\/\\\/schema.org\",\"@graph\":[{\"@type\":\"Article\",\"@id\":\"https:\\\/\\\/ecodef-ihedn.fr\\\/ecole-dete-defence-security-cyber-du-4-au-7-juillet-2016\\\/#article\",\"isPartOf\":{\"@id\":\"https:\\\/\\\/ecodef-ihedn.fr\\\/ecole-dete-defence-security-cyber-du-4-au-7-juillet-2016\\\/\"},\"author\":{\"name\":\"dev\",\"@id\":\"https:\\\/\\\/ecodef-ihedn.fr\\\/#\\\/schema\\\/person\\\/7b3f1a2d8fd336e0be2f9ff63ff0ebbc\"},\"headline\":\"\u00c9cole d&rsquo;\u00e9t\u00e9 Defence Security Cyber &#8211; du 4 au 7 juillet 2016\",\"datePublished\":\"2016-06-13T00:00:00+00:00\",\"dateModified\":\"2020-04-07T13:48:31+00:00\",\"mainEntityOfPage\":{\"@id\":\"https:\\\/\\\/ecodef-ihedn.fr\\\/ecole-dete-defence-security-cyber-du-4-au-7-juillet-2016\\\/\"},\"wordCount\":90,\"commentCount\":0,\"publisher\":{\"@id\":\"https:\\\/\\\/ecodef-ihedn.fr\\\/#organization\"},\"image\":{\"@id\":\"https:\\\/\\\/ecodef-ihedn.fr\\\/ecole-dete-defence-security-cyber-du-4-au-7-juillet-2016\\\/#primaryimage\"},\"thumbnailUrl\":\"https:\\\/\\\/ecodef-ihedn.fr\\\/wp-content\\\/uploads\\\/2020\\\/04\\\/Ecole-d\u00e9t\u00e9-Defense-Security-Cyber.png\",\"articleSection\":[\"Activit\u00e9s\"],\"inLanguage\":\"en-GB\",\"potentialAction\":[{\"@type\":\"CommentAction\",\"name\":\"Comment\",\"target\":[\"https:\\\/\\\/ecodef-ihedn.fr\\\/ecole-dete-defence-security-cyber-du-4-au-7-juillet-2016\\\/#respond\"]}]},{\"@type\":\"WebPage\",\"@id\":\"https:\\\/\\\/ecodef-ihedn.fr\\\/ecole-dete-defence-security-cyber-du-4-au-7-juillet-2016\\\/\",\"url\":\"https:\\\/\\\/ecodef-ihedn.fr\\\/ecole-dete-defence-security-cyber-du-4-au-7-juillet-2016\\\/\",\"name\":\"\u00c9cole d'\u00e9t\u00e9 Defence Security Cyber - du 4 au 7 juillet 2016 - Chaire \u00c9conomie de d\u00e9fense - IHEDN\",\"isPartOf\":{\"@id\":\"https:\\\/\\\/ecodef-ihedn.fr\\\/#website\"},\"primaryImageOfPage\":{\"@id\":\"https:\\\/\\\/ecodef-ihedn.fr\\\/ecole-dete-defence-security-cyber-du-4-au-7-juillet-2016\\\/#primaryimage\"},\"image\":{\"@id\":\"https:\\\/\\\/ecodef-ihedn.fr\\\/ecole-dete-defence-security-cyber-du-4-au-7-juillet-2016\\\/#primaryimage\"},\"thumbnailUrl\":\"https:\\\/\\\/ecodef-ihedn.fr\\\/wp-content\\\/uploads\\\/2020\\\/04\\\/Ecole-d\u00e9t\u00e9-Defense-Security-Cyber.png\",\"datePublished\":\"2016-06-13T00:00:00+00:00\",\"dateModified\":\"2020-04-07T13:48:31+00:00\",\"breadcrumb\":{\"@id\":\"https:\\\/\\\/ecodef-ihedn.fr\\\/ecole-dete-defence-security-cyber-du-4-au-7-juillet-2016\\\/#breadcrumb\"},\"inLanguage\":\"en-GB\",\"potentialAction\":[{\"@type\":\"ReadAction\",\"target\":[\"https:\\\/\\\/ecodef-ihedn.fr\\\/ecole-dete-defence-security-cyber-du-4-au-7-juillet-2016\\\/\"]}]},{\"@type\":\"ImageObject\",\"inLanguage\":\"en-GB\",\"@id\":\"https:\\\/\\\/ecodef-ihedn.fr\\\/ecole-dete-defence-security-cyber-du-4-au-7-juillet-2016\\\/#primaryimage\",\"url\":\"https:\\\/\\\/ecodef-ihedn.fr\\\/wp-content\\\/uploads\\\/2020\\\/04\\\/Ecole-d\u00e9t\u00e9-Defense-Security-Cyber.png\",\"contentUrl\":\"https:\\\/\\\/ecodef-ihedn.fr\\\/wp-content\\\/uploads\\\/2020\\\/04\\\/Ecole-d\u00e9t\u00e9-Defense-Security-Cyber.png\",\"width\":550,\"height\":779},{\"@type\":\"BreadcrumbList\",\"@id\":\"https:\\\/\\\/ecodef-ihedn.fr\\\/ecole-dete-defence-security-cyber-du-4-au-7-juillet-2016\\\/#breadcrumb\",\"itemListElement\":[{\"@type\":\"ListItem\",\"position\":1,\"name\":\"Accueil\",\"item\":\"https:\\\/\\\/ecodef-ihedn.fr\\\/\"},{\"@type\":\"ListItem\",\"position\":2,\"name\":\"\u00c9cole d&#8217;\u00e9t\u00e9 Defence Security Cyber &#8211; du 4 au 7 juillet 2016\"}]},{\"@type\":\"WebSite\",\"@id\":\"https:\\\/\\\/ecodef-ihedn.fr\\\/#website\",\"url\":\"https:\\\/\\\/ecodef-ihedn.fr\\\/\",\"name\":\"Chaire \u00c9conomie de D\u00e9fense - IHEDN\",\"description\":\"Produire &amp; soutenir, f\u00e9d\u00e9rer &amp; diffuser, \u00eatre une interface\",\"publisher\":{\"@id\":\"https:\\\/\\\/ecodef-ihedn.fr\\\/#organization\"},\"potentialAction\":[{\"@type\":\"SearchAction\",\"target\":{\"@type\":\"EntryPoint\",\"urlTemplate\":\"https:\\\/\\\/ecodef-ihedn.fr\\\/?s={search_term_string}\"},\"query-input\":{\"@type\":\"PropertyValueSpecification\",\"valueRequired\":true,\"valueName\":\"search_term_string\"}}],\"inLanguage\":\"en-GB\"},{\"@type\":\"Organization\",\"@id\":\"https:\\\/\\\/ecodef-ihedn.fr\\\/#organization\",\"name\":\"Chaire \u00c9conomie de d\u00e9fense - IHEDN\",\"url\":\"https:\\\/\\\/ecodef-ihedn.fr\\\/\",\"logo\":{\"@type\":\"ImageObject\",\"inLanguage\":\"en-GB\",\"@id\":\"https:\\\/\\\/ecodef-ihedn.fr\\\/#\\\/schema\\\/logo\\\/image\\\/\",\"url\":\"https:\\\/\\\/ecodef-ihedn.fr\\\/wp-content\\\/uploads\\\/2020\\\/04\\\/logoEcodef9.jpg\",\"contentUrl\":\"https:\\\/\\\/ecodef-ihedn.fr\\\/wp-content\\\/uploads\\\/2020\\\/04\\\/logoEcodef9.jpg\",\"width\":410,\"height\":212,\"caption\":\"Chaire \u00c9conomie de d\u00e9fense - IHEDN\"},\"image\":{\"@id\":\"https:\\\/\\\/ecodef-ihedn.fr\\\/#\\\/schema\\\/logo\\\/image\\\/\"},\"sameAs\":[\"https:\\\/\\\/x.com\\\/Chaire_Ecodef\",\"https:\\\/\\\/www.linkedin.com\\\/company\\\/chaire-ecodef-ihedn\\\/\"]},{\"@type\":\"Person\",\"@id\":\"https:\\\/\\\/ecodef-ihedn.fr\\\/#\\\/schema\\\/person\\\/7b3f1a2d8fd336e0be2f9ff63ff0ebbc\",\"name\":\"dev\",\"image\":{\"@type\":\"ImageObject\",\"inLanguage\":\"en-GB\",\"@id\":\"https:\\\/\\\/secure.gravatar.com\\\/avatar\\\/f1ffcac9ca2fa95ad3ec33e9be3ade82f752acb0cabe541e56c5889225afa88a?s=96&d=mm&r=g\",\"url\":\"https:\\\/\\\/secure.gravatar.com\\\/avatar\\\/f1ffcac9ca2fa95ad3ec33e9be3ade82f752acb0cabe541e56c5889225afa88a?s=96&d=mm&r=g\",\"contentUrl\":\"https:\\\/\\\/secure.gravatar.com\\\/avatar\\\/f1ffcac9ca2fa95ad3ec33e9be3ade82f752acb0cabe541e56c5889225afa88a?s=96&d=mm&r=g\",\"caption\":\"dev\"},\"url\":\"https:\\\/\\\/ecodef-ihedn.fr\\\/en\\\/author\\\/dev\\\/\"}]}<\/script>\n<!-- \/ Yoast SEO plugin. -->","yoast_head_json":{"title":"\u00c9cole d'\u00e9t\u00e9 Defence Security Cyber - du 4 au 7 juillet 2016 - Chaire \u00c9conomie de d\u00e9fense - IHEDN","robots":{"index":"index","follow":"follow","max-snippet":"max-snippet:-1","max-image-preview":"max-image-preview:large","max-video-preview":"max-video-preview:-1"},"canonical":"https:\/\/ecodef-ihedn.fr\/en\/ecole-dete-defence-security-cyber-du-4-au-7-juillet-2016\/","og_locale":"en_GB","og_type":"article","og_title":"\u00c9cole d'\u00e9t\u00e9 Defence Security Cyber - du 4 au 7 juillet 2016 - Chaire \u00c9conomie de d\u00e9fense - IHEDN","og_description":"La seconde \u00e9dition de l&rsquo;\u00e9cole d&rsquo;\u00e9t\u00e9 Defence Security Cyber se tient du 4 au 7 juillet 2016 \u00e0 l&rsquo;universit\u00e9 de Bordeaux, organis\u00e9e par le Forum Montesquieu, dans le cadre du programme d&rsquo;\u00e9coles d&rsquo;\u00e9t\u00e9 internationales de l&rsquo;IdEx Bordeaux. Jean Belin (Chaire \u00c9conomie de D\u00e9fense, Universit\u00e9 de Bordeaux) intervient sur \u00ab\u00a0L\u2019industrie de d\u00e9fense fran\u00e7aise en Europe\u00a0\u00bb, le [&hellip;]","og_url":"https:\/\/ecodef-ihedn.fr\/en\/ecole-dete-defence-security-cyber-du-4-au-7-juillet-2016\/","og_site_name":"Chaire \u00c9conomie de d\u00e9fense - IHEDN","article_published_time":"2016-06-13T00:00:00+00:00","article_modified_time":"2020-04-07T13:48:31+00:00","og_image":[{"width":550,"height":779,"url":"https:\/\/ecodef-ihedn.fr\/wp-content\/uploads\/2020\/04\/Ecole-d\u00e9t\u00e9-Defense-Security-Cyber.png","type":"image\/png"}],"author":"dev","twitter_card":"summary_large_image","twitter_creator":"@Chaire_Ecodef","twitter_site":"@Chaire_Ecodef","twitter_misc":{"Written by":"dev"},"schema":{"@context":"https:\/\/schema.org","@graph":[{"@type":"Article","@id":"https:\/\/ecodef-ihedn.fr\/ecole-dete-defence-security-cyber-du-4-au-7-juillet-2016\/#article","isPartOf":{"@id":"https:\/\/ecodef-ihedn.fr\/ecole-dete-defence-security-cyber-du-4-au-7-juillet-2016\/"},"author":{"name":"dev","@id":"https:\/\/ecodef-ihedn.fr\/#\/schema\/person\/7b3f1a2d8fd336e0be2f9ff63ff0ebbc"},"headline":"\u00c9cole d&rsquo;\u00e9t\u00e9 Defence Security Cyber &#8211; du 4 au 7 juillet 2016","datePublished":"2016-06-13T00:00:00+00:00","dateModified":"2020-04-07T13:48:31+00:00","mainEntityOfPage":{"@id":"https:\/\/ecodef-ihedn.fr\/ecole-dete-defence-security-cyber-du-4-au-7-juillet-2016\/"},"wordCount":90,"commentCount":0,"publisher":{"@id":"https:\/\/ecodef-ihedn.fr\/#organization"},"image":{"@id":"https:\/\/ecodef-ihedn.fr\/ecole-dete-defence-security-cyber-du-4-au-7-juillet-2016\/#primaryimage"},"thumbnailUrl":"https:\/\/ecodef-ihedn.fr\/wp-content\/uploads\/2020\/04\/Ecole-d\u00e9t\u00e9-Defense-Security-Cyber.png","articleSection":["Activit\u00e9s"],"inLanguage":"en-GB","potentialAction":[{"@type":"CommentAction","name":"Comment","target":["https:\/\/ecodef-ihedn.fr\/ecole-dete-defence-security-cyber-du-4-au-7-juillet-2016\/#respond"]}]},{"@type":"WebPage","@id":"https:\/\/ecodef-ihedn.fr\/ecole-dete-defence-security-cyber-du-4-au-7-juillet-2016\/","url":"https:\/\/ecodef-ihedn.fr\/ecole-dete-defence-security-cyber-du-4-au-7-juillet-2016\/","name":"\u00c9cole d'\u00e9t\u00e9 Defence Security Cyber - du 4 au 7 juillet 2016 - Chaire \u00c9conomie de d\u00e9fense - IHEDN","isPartOf":{"@id":"https:\/\/ecodef-ihedn.fr\/#website"},"primaryImageOfPage":{"@id":"https:\/\/ecodef-ihedn.fr\/ecole-dete-defence-security-cyber-du-4-au-7-juillet-2016\/#primaryimage"},"image":{"@id":"https:\/\/ecodef-ihedn.fr\/ecole-dete-defence-security-cyber-du-4-au-7-juillet-2016\/#primaryimage"},"thumbnailUrl":"https:\/\/ecodef-ihedn.fr\/wp-content\/uploads\/2020\/04\/Ecole-d\u00e9t\u00e9-Defense-Security-Cyber.png","datePublished":"2016-06-13T00:00:00+00:00","dateModified":"2020-04-07T13:48:31+00:00","breadcrumb":{"@id":"https:\/\/ecodef-ihedn.fr\/ecole-dete-defence-security-cyber-du-4-au-7-juillet-2016\/#breadcrumb"},"inLanguage":"en-GB","potentialAction":[{"@type":"ReadAction","target":["https:\/\/ecodef-ihedn.fr\/ecole-dete-defence-security-cyber-du-4-au-7-juillet-2016\/"]}]},{"@type":"ImageObject","inLanguage":"en-GB","@id":"https:\/\/ecodef-ihedn.fr\/ecole-dete-defence-security-cyber-du-4-au-7-juillet-2016\/#primaryimage","url":"https:\/\/ecodef-ihedn.fr\/wp-content\/uploads\/2020\/04\/Ecole-d\u00e9t\u00e9-Defense-Security-Cyber.png","contentUrl":"https:\/\/ecodef-ihedn.fr\/wp-content\/uploads\/2020\/04\/Ecole-d\u00e9t\u00e9-Defense-Security-Cyber.png","width":550,"height":779},{"@type":"BreadcrumbList","@id":"https:\/\/ecodef-ihedn.fr\/ecole-dete-defence-security-cyber-du-4-au-7-juillet-2016\/#breadcrumb","itemListElement":[{"@type":"ListItem","position":1,"name":"Accueil","item":"https:\/\/ecodef-ihedn.fr\/"},{"@type":"ListItem","position":2,"name":"\u00c9cole d&#8217;\u00e9t\u00e9 Defence Security Cyber &#8211; du 4 au 7 juillet 2016"}]},{"@type":"WebSite","@id":"https:\/\/ecodef-ihedn.fr\/#website","url":"https:\/\/ecodef-ihedn.fr\/","name":"Chair in Defence Economics - IHEDN","description":"Produce &amp; support, federate &amp; disseminate, act as an interface","publisher":{"@id":"https:\/\/ecodef-ihedn.fr\/#organization"},"potentialAction":[{"@type":"SearchAction","target":{"@type":"EntryPoint","urlTemplate":"https:\/\/ecodef-ihedn.fr\/?s={search_term_string}"},"query-input":{"@type":"PropertyValueSpecification","valueRequired":true,"valueName":"search_term_string"}}],"inLanguage":"en-GB"},{"@type":"Organization","@id":"https:\/\/ecodef-ihedn.fr\/#organization","name":"Chair in Defence Economics - IHEDN","url":"https:\/\/ecodef-ihedn.fr\/","logo":{"@type":"ImageObject","inLanguage":"en-GB","@id":"https:\/\/ecodef-ihedn.fr\/#\/schema\/logo\/image\/","url":"https:\/\/ecodef-ihedn.fr\/wp-content\/uploads\/2020\/04\/logoEcodef9.jpg","contentUrl":"https:\/\/ecodef-ihedn.fr\/wp-content\/uploads\/2020\/04\/logoEcodef9.jpg","width":410,"height":212,"caption":"Chaire \u00c9conomie de d\u00e9fense - IHEDN"},"image":{"@id":"https:\/\/ecodef-ihedn.fr\/#\/schema\/logo\/image\/"},"sameAs":["https:\/\/x.com\/Chaire_Ecodef","https:\/\/www.linkedin.com\/company\/chaire-ecodef-ihedn\/"]},{"@type":"Person","@id":"https:\/\/ecodef-ihedn.fr\/#\/schema\/person\/7b3f1a2d8fd336e0be2f9ff63ff0ebbc","name":"dev","image":{"@type":"ImageObject","inLanguage":"en-GB","@id":"https:\/\/secure.gravatar.com\/avatar\/f1ffcac9ca2fa95ad3ec33e9be3ade82f752acb0cabe541e56c5889225afa88a?s=96&d=mm&r=g","url":"https:\/\/secure.gravatar.com\/avatar\/f1ffcac9ca2fa95ad3ec33e9be3ade82f752acb0cabe541e56c5889225afa88a?s=96&d=mm&r=g","contentUrl":"https:\/\/secure.gravatar.com\/avatar\/f1ffcac9ca2fa95ad3ec33e9be3ade82f752acb0cabe541e56c5889225afa88a?s=96&d=mm&r=g","caption":"dev"},"url":"https:\/\/ecodef-ihedn.fr\/en\/author\/dev\/"}]}},"_links":{"self":[{"href":"https:\/\/ecodef-ihedn.fr\/en\/wp-json\/wp\/v2\/posts\/915","targetHints":{"allow":["GET"]}}],"collection":[{"href":"https:\/\/ecodef-ihedn.fr\/en\/wp-json\/wp\/v2\/posts"}],"about":[{"href":"https:\/\/ecodef-ihedn.fr\/en\/wp-json\/wp\/v2\/types\/post"}],"author":[{"embeddable":true,"href":"https:\/\/ecodef-ihedn.fr\/en\/wp-json\/wp\/v2\/users\/1"}],"replies":[{"embeddable":true,"href":"https:\/\/ecodef-ihedn.fr\/en\/wp-json\/wp\/v2\/comments?post=915"}],"version-history":[{"count":1,"href":"https:\/\/ecodef-ihedn.fr\/en\/wp-json\/wp\/v2\/posts\/915\/revisions"}],"predecessor-version":[{"id":1275,"href":"https:\/\/ecodef-ihedn.fr\/en\/wp-json\/wp\/v2\/posts\/915\/revisions\/1275"}],"wp:featuredmedia":[{"embeddable":true,"href":"https:\/\/ecodef-ihedn.fr\/en\/wp-json\/wp\/v2\/media\/916"}],"wp:attachment":[{"href":"https:\/\/ecodef-ihedn.fr\/en\/wp-json\/wp\/v2\/media?parent=915"}],"wp:term":[{"taxonomy":"category","embeddable":true,"href":"https:\/\/ecodef-ihedn.fr\/en\/wp-json\/wp\/v2\/categories?post=915"},{"taxonomy":"post_tag","embeddable":true,"href":"https:\/\/ecodef-ihedn.fr\/en\/wp-json\/wp\/v2\/tags?post=915"}],"curies":[{"name":"wp","href":"https:\/\/api.w.org\/{rel}","templated":true}]}}