{"id":919,"date":"2016-06-28T00:00:00","date_gmt":"2016-06-28T00:00:00","guid":{"rendered":"https:\/\/ecodef-ihedn.fr\/intervention-de-jean-yves-le-drian-aux-rencontres-economiques-daix-en-provence-2016\/"},"modified":"2020-04-10T08:39:15","modified_gmt":"2020-04-10T08:39:15","slug":"intervention-de-jean-yves-le-drian-aux-rencontres-economiques-daix-en-provence-2016","status":"publish","type":"post","link":"https:\/\/ecodef-ihedn.fr\/en\/intervention-de-jean-yves-le-drian-aux-rencontres-economiques-daix-en-provence-2016\/","title":{"rendered":"Speech by Jean-Yves Le Drian at the Rencontres \u00c9conomiques d'Aix-en-Provence 2016"},"content":{"rendered":"<p>Le ministre de la D\u00e9fense, M. Jean-Yves Le Drian intervient vendredi 1er juillet 2016 aux Rencontres \u00c9conomiques d&rsquo;Aix-en-Provence 2016, sur la th\u00e9matique de la souverainet\u00e9 \u00e9conomique (session 3, de 16h30 \u00e0 18h). Pour leur 16<sup>e<\/sup> \u00e9dition, les Rencontres \u00c9conomiques d\u2019Aix-en-Provence ont pour sujet la place des pays dans la situation \u00e9conomique mondiale et plus particuli\u00e8rement le cas de la France autour de th\u00e8mes qui concernent toutes les nations\u00a0: Quelle souverainet\u00e9 \u00e9conomique\u00a0? Comment d\u00e9finir un pays dans le monde d\u2019aujourd\u2019hui\u00a0? Comment favoriser le dynamisme \u00e9conomique\u00a0? Quels sont les d\u00e9fis li\u00e9s aux territoires, aux populations et au contrat social\u00a0? Quel avenir pour l\u2019Union europ\u00e9enne\u00a0? Les GAFA bouleversent-ils la g\u00e9ostrat\u00e9gie mondiale\u00a0?<\/p>\n<p>Pendant ces trois jours, de nombreux\u00a0d\u00e9bats et sessions r\u00e9unissent\u00a0plus de 250 universitaires, chefs d\u2019entreprise, \u00e9tudiants, repr\u00e9sentants politiques et d\u2019institutions venant de nombreux\u00a0pays.<\/p>\n<p>D\u00e9tails de la session 3 &#8211; La souverainet\u00e9 \u00e9conomique existe-t-elle encore ?<\/p>\n<p>Table ronde en pr\u00e9sence de Jean-Yves Le Drian (ministre de la D\u00e9fense), Isabelle Kocher (Engie), Pascal Lamy (Ancien Directeur G\u00e9n\u00e9ral de l\u2019OMC), Mario Marcel (Banque Centrale du Chili), Peter Ricketts ((Ancien Ambassadeur du Royaume-Uni en France) et Il Sakong (Institute for Global Economics).<\/p>\n<div data-canvas-width=\"179.96426666666667\">Dans une \u00e9conomie globalis\u00e9e, les politiques \u00e9conomiques \u2013 tant budg\u00e9taires que mon\u00e9taires \u2013 sont de plus en plus contraintes par la conjoncture internationale. Les crises sont syst\u00e9miques tandis que la gestion des crises est presque exclusivement nationale. En outre, des canaux majeurs de transmission des politiques \u00e9conomiques pour faire face \u00e0 celles-ci sont rendus inop\u00e9rants par le niveau des dettes publiques et le niveau historiquement bas des taux directeurs. Peut-on d\u00e8s lors parler de souverainet\u00e9 \u00e9conomique si les pays sont inaptes \u00e0 g\u00e9rer les situations de crise ? Face \u00e0 la globalisation, deux r\u00e9ponses \u00e9mergent : des tendances protectionnistes d\u2019une part, et des processus de r\u00e9gionalisation d\u2019autre part. La r\u00e9gionalisation prend des formes diverses, allant de l\u2019union douani\u00e8re \u00e0 l\u2019union mon\u00e9taire dont la forme la plus \u00e9labor\u00e9e est l\u2019Union europ\u00e9enne. Cette session \u00e9tudiera les impacts qu\u2019ont ces tendances protectionnistes et \u00e0 la r\u00e9gionalisation sur la souverainet\u00e9 \u00e9conomique des pays.<\/div>\n<div data-canvas-width=\"179.96426666666667\"><\/div>\n<div data-canvas-width=\"179.96426666666667\">\u00a0[gview file=\u00a0\u00bbhttps:\/\/economie-defense.fr\/wp-content\/uploads\/2016\/06\/programoflesrencontreseconomiquesdaix-en-provence-21.pdf\u00a0\u00bb]<\/div>\n<p class=\"home_rencontre_title\"><strong>\u00a0<\/strong><\/p>\n<p>&nbsp;<\/p>\n","protected":false},"excerpt":{"rendered":"<p>Le ministre de la D\u00e9fense, M. Jean-Yves Le Drian intervient vendredi 1er juillet 2016 aux Rencontres \u00c9conomiques d&rsquo;Aix-en-Provence 2016, sur la th\u00e9matique de la souverainet\u00e9 \u00e9conomique (session 3, de 16h30 \u00e0 18h). Pour leur 16e \u00e9dition, les Rencontres \u00c9conomiques d\u2019Aix-en-Provence ont pour sujet la place des pays dans la situation \u00e9conomique mondiale et plus particuli\u00e8rement [&hellip;]<\/p>\n","protected":false},"author":1,"featured_media":564,"comment_status":"open","ping_status":"open","sticky":false,"template":"","format":"standard","meta":{"footnotes":""},"categories":[360],"tags":[],"class_list":{"0":"post-919","1":"post","2":"type-post","3":"status-publish","4":"format-standard","5":"has-post-thumbnail","7":"category-actualites-du-reseau"},"yoast_head":"<!-- This site is optimized with the Yoast SEO plugin v27.4 - https:\/\/yoast.com\/product\/yoast-seo-wordpress\/ -->\n<title>Intervention de Jean-Yves Le Drian aux Rencontres \u00c9conomiques d&#039;Aix-en-Provence 2016 - Chaire \u00c9conomie de d\u00e9fense - IHEDN<\/title>\n<meta name=\"robots\" content=\"index, follow, max-snippet:-1, max-image-preview:large, max-video-preview:-1\" \/>\n<link rel=\"canonical\" href=\"https:\/\/ecodef-ihedn.fr\/en\/intervention-de-jean-yves-le-drian-aux-rencontres-economiques-daix-en-provence-2016\/\" \/>\n<meta property=\"og:locale\" content=\"en_GB\" \/>\n<meta property=\"og:type\" content=\"article\" \/>\n<meta property=\"og:title\" content=\"Intervention de Jean-Yves Le Drian aux Rencontres \u00c9conomiques d&#039;Aix-en-Provence 2016 - Chaire \u00c9conomie de d\u00e9fense - IHEDN\" \/>\n<meta property=\"og:description\" content=\"Le ministre de la D\u00e9fense, M. Jean-Yves Le Drian intervient vendredi 1er juillet 2016 aux Rencontres \u00c9conomiques d&rsquo;Aix-en-Provence 2016, sur la th\u00e9matique de la souverainet\u00e9 \u00e9conomique (session 3, de 16h30 \u00e0 18h). Pour leur 16e \u00e9dition, les Rencontres \u00c9conomiques d\u2019Aix-en-Provence ont pour sujet la place des pays dans la situation \u00e9conomique mondiale et plus particuli\u00e8rement [&hellip;]\" \/>\n<meta property=\"og:url\" content=\"https:\/\/ecodef-ihedn.fr\/en\/intervention-de-jean-yves-le-drian-aux-rencontres-economiques-daix-en-provence-2016\/\" \/>\n<meta property=\"og:site_name\" content=\"Chaire \u00c9conomie de d\u00e9fense - IHEDN\" \/>\n<meta property=\"article:published_time\" content=\"2016-06-28T00:00:00+00:00\" \/>\n<meta property=\"article:modified_time\" content=\"2020-04-10T08:39:15+00:00\" \/>\n<meta property=\"og:image\" content=\"https:\/\/ecodef-ihedn.fr\/wp-content\/uploads\/2020\/02\/ecole-militaire-paris-1.jpg\" \/>\n\t<meta property=\"og:image:width\" content=\"755\" \/>\n\t<meta property=\"og:image:height\" content=\"414\" \/>\n\t<meta property=\"og:image:type\" content=\"image\/jpeg\" \/>\n<meta name=\"author\" content=\"dev\" \/>\n<meta name=\"twitter:card\" content=\"summary_large_image\" \/>\n<meta name=\"twitter:creator\" content=\"@Chaire_Ecodef\" \/>\n<meta name=\"twitter:site\" content=\"@Chaire_Ecodef\" \/>\n<meta name=\"twitter:label1\" content=\"Written by\" \/>\n\t<meta name=\"twitter:data1\" content=\"dev\" \/>\n\t<meta name=\"twitter:label2\" content=\"Estimated reading time\" \/>\n\t<meta name=\"twitter:data2\" content=\"2 minutes\" \/>\n<script type=\"application\/ld+json\" class=\"yoast-schema-graph\">{\"@context\":\"https:\\\/\\\/schema.org\",\"@graph\":[{\"@type\":\"Article\",\"@id\":\"https:\\\/\\\/ecodef-ihedn.fr\\\/intervention-de-jean-yves-le-drian-aux-rencontres-economiques-daix-en-provence-2016\\\/#article\",\"isPartOf\":{\"@id\":\"https:\\\/\\\/ecodef-ihedn.fr\\\/intervention-de-jean-yves-le-drian-aux-rencontres-economiques-daix-en-provence-2016\\\/\"},\"author\":{\"name\":\"dev\",\"@id\":\"https:\\\/\\\/ecodef-ihedn.fr\\\/#\\\/schema\\\/person\\\/7b3f1a2d8fd336e0be2f9ff63ff0ebbc\"},\"headline\":\"Intervention de Jean-Yves Le Drian aux Rencontres \u00c9conomiques d&rsquo;Aix-en-Provence 2016\",\"datePublished\":\"2016-06-28T00:00:00+00:00\",\"dateModified\":\"2020-04-10T08:39:15+00:00\",\"mainEntityOfPage\":{\"@id\":\"https:\\\/\\\/ecodef-ihedn.fr\\\/intervention-de-jean-yves-le-drian-aux-rencontres-economiques-daix-en-provence-2016\\\/\"},\"wordCount\":388,\"commentCount\":0,\"publisher\":{\"@id\":\"https:\\\/\\\/ecodef-ihedn.fr\\\/#organization\"},\"image\":{\"@id\":\"https:\\\/\\\/ecodef-ihedn.fr\\\/intervention-de-jean-yves-le-drian-aux-rencontres-economiques-daix-en-provence-2016\\\/#primaryimage\"},\"thumbnailUrl\":\"https:\\\/\\\/ecodef-ihedn.fr\\\/wp-content\\\/uploads\\\/2020\\\/02\\\/ecole-militaire-paris-1.jpg\",\"articleSection\":[\"Actualit\u00e9s du r\u00e9seau\"],\"inLanguage\":\"en-GB\",\"potentialAction\":[{\"@type\":\"CommentAction\",\"name\":\"Comment\",\"target\":[\"https:\\\/\\\/ecodef-ihedn.fr\\\/intervention-de-jean-yves-le-drian-aux-rencontres-economiques-daix-en-provence-2016\\\/#respond\"]}]},{\"@type\":\"WebPage\",\"@id\":\"https:\\\/\\\/ecodef-ihedn.fr\\\/intervention-de-jean-yves-le-drian-aux-rencontres-economiques-daix-en-provence-2016\\\/\",\"url\":\"https:\\\/\\\/ecodef-ihedn.fr\\\/intervention-de-jean-yves-le-drian-aux-rencontres-economiques-daix-en-provence-2016\\\/\",\"name\":\"Intervention de Jean-Yves Le Drian aux Rencontres \u00c9conomiques d'Aix-en-Provence 2016 - Chaire \u00c9conomie de d\u00e9fense - IHEDN\",\"isPartOf\":{\"@id\":\"https:\\\/\\\/ecodef-ihedn.fr\\\/#website\"},\"primaryImageOfPage\":{\"@id\":\"https:\\\/\\\/ecodef-ihedn.fr\\\/intervention-de-jean-yves-le-drian-aux-rencontres-economiques-daix-en-provence-2016\\\/#primaryimage\"},\"image\":{\"@id\":\"https:\\\/\\\/ecodef-ihedn.fr\\\/intervention-de-jean-yves-le-drian-aux-rencontres-economiques-daix-en-provence-2016\\\/#primaryimage\"},\"thumbnailUrl\":\"https:\\\/\\\/ecodef-ihedn.fr\\\/wp-content\\\/uploads\\\/2020\\\/02\\\/ecole-militaire-paris-1.jpg\",\"datePublished\":\"2016-06-28T00:00:00+00:00\",\"dateModified\":\"2020-04-10T08:39:15+00:00\",\"breadcrumb\":{\"@id\":\"https:\\\/\\\/ecodef-ihedn.fr\\\/intervention-de-jean-yves-le-drian-aux-rencontres-economiques-daix-en-provence-2016\\\/#breadcrumb\"},\"inLanguage\":\"en-GB\",\"potentialAction\":[{\"@type\":\"ReadAction\",\"target\":[\"https:\\\/\\\/ecodef-ihedn.fr\\\/intervention-de-jean-yves-le-drian-aux-rencontres-economiques-daix-en-provence-2016\\\/\"]}]},{\"@type\":\"ImageObject\",\"inLanguage\":\"en-GB\",\"@id\":\"https:\\\/\\\/ecodef-ihedn.fr\\\/intervention-de-jean-yves-le-drian-aux-rencontres-economiques-daix-en-provence-2016\\\/#primaryimage\",\"url\":\"https:\\\/\\\/ecodef-ihedn.fr\\\/wp-content\\\/uploads\\\/2020\\\/02\\\/ecole-militaire-paris-1.jpg\",\"contentUrl\":\"https:\\\/\\\/ecodef-ihedn.fr\\\/wp-content\\\/uploads\\\/2020\\\/02\\\/ecole-militaire-paris-1.jpg\",\"width\":755,\"height\":414},{\"@type\":\"BreadcrumbList\",\"@id\":\"https:\\\/\\\/ecodef-ihedn.fr\\\/intervention-de-jean-yves-le-drian-aux-rencontres-economiques-daix-en-provence-2016\\\/#breadcrumb\",\"itemListElement\":[{\"@type\":\"ListItem\",\"position\":1,\"name\":\"Accueil\",\"item\":\"https:\\\/\\\/ecodef-ihedn.fr\\\/\"},{\"@type\":\"ListItem\",\"position\":2,\"name\":\"Intervention de Jean-Yves Le Drian aux Rencontres \u00c9conomiques d&#8217;Aix-en-Provence 2016\"}]},{\"@type\":\"WebSite\",\"@id\":\"https:\\\/\\\/ecodef-ihedn.fr\\\/#website\",\"url\":\"https:\\\/\\\/ecodef-ihedn.fr\\\/\",\"name\":\"Chaire \u00c9conomie de D\u00e9fense - IHEDN\",\"description\":\"Produire &amp; soutenir, f\u00e9d\u00e9rer &amp; diffuser, \u00eatre une interface\",\"publisher\":{\"@id\":\"https:\\\/\\\/ecodef-ihedn.fr\\\/#organization\"},\"potentialAction\":[{\"@type\":\"SearchAction\",\"target\":{\"@type\":\"EntryPoint\",\"urlTemplate\":\"https:\\\/\\\/ecodef-ihedn.fr\\\/?s={search_term_string}\"},\"query-input\":{\"@type\":\"PropertyValueSpecification\",\"valueRequired\":true,\"valueName\":\"search_term_string\"}}],\"inLanguage\":\"en-GB\"},{\"@type\":\"Organization\",\"@id\":\"https:\\\/\\\/ecodef-ihedn.fr\\\/#organization\",\"name\":\"Chaire \u00c9conomie de d\u00e9fense - IHEDN\",\"url\":\"https:\\\/\\\/ecodef-ihedn.fr\\\/\",\"logo\":{\"@type\":\"ImageObject\",\"inLanguage\":\"en-GB\",\"@id\":\"https:\\\/\\\/ecodef-ihedn.fr\\\/#\\\/schema\\\/logo\\\/image\\\/\",\"url\":\"https:\\\/\\\/ecodef-ihedn.fr\\\/wp-content\\\/uploads\\\/2020\\\/04\\\/logoEcodef9.jpg\",\"contentUrl\":\"https:\\\/\\\/ecodef-ihedn.fr\\\/wp-content\\\/uploads\\\/2020\\\/04\\\/logoEcodef9.jpg\",\"width\":410,\"height\":212,\"caption\":\"Chaire \u00c9conomie de d\u00e9fense - IHEDN\"},\"image\":{\"@id\":\"https:\\\/\\\/ecodef-ihedn.fr\\\/#\\\/schema\\\/logo\\\/image\\\/\"},\"sameAs\":[\"https:\\\/\\\/x.com\\\/Chaire_Ecodef\",\"https:\\\/\\\/www.linkedin.com\\\/company\\\/chaire-ecodef-ihedn\\\/\"]},{\"@type\":\"Person\",\"@id\":\"https:\\\/\\\/ecodef-ihedn.fr\\\/#\\\/schema\\\/person\\\/7b3f1a2d8fd336e0be2f9ff63ff0ebbc\",\"name\":\"dev\",\"image\":{\"@type\":\"ImageObject\",\"inLanguage\":\"en-GB\",\"@id\":\"https:\\\/\\\/secure.gravatar.com\\\/avatar\\\/f1ffcac9ca2fa95ad3ec33e9be3ade82f752acb0cabe541e56c5889225afa88a?s=96&d=mm&r=g\",\"url\":\"https:\\\/\\\/secure.gravatar.com\\\/avatar\\\/f1ffcac9ca2fa95ad3ec33e9be3ade82f752acb0cabe541e56c5889225afa88a?s=96&d=mm&r=g\",\"contentUrl\":\"https:\\\/\\\/secure.gravatar.com\\\/avatar\\\/f1ffcac9ca2fa95ad3ec33e9be3ade82f752acb0cabe541e56c5889225afa88a?s=96&d=mm&r=g\",\"caption\":\"dev\"},\"url\":\"https:\\\/\\\/ecodef-ihedn.fr\\\/en\\\/author\\\/dev\\\/\"}]}<\/script>\n<!-- \/ Yoast SEO plugin. -->","yoast_head_json":{"title":"Intervention de Jean-Yves Le Drian aux Rencontres \u00c9conomiques d'Aix-en-Provence 2016 - Chaire \u00c9conomie de d\u00e9fense - IHEDN","robots":{"index":"index","follow":"follow","max-snippet":"max-snippet:-1","max-image-preview":"max-image-preview:large","max-video-preview":"max-video-preview:-1"},"canonical":"https:\/\/ecodef-ihedn.fr\/en\/intervention-de-jean-yves-le-drian-aux-rencontres-economiques-daix-en-provence-2016\/","og_locale":"en_GB","og_type":"article","og_title":"Intervention de Jean-Yves Le Drian aux Rencontres \u00c9conomiques d'Aix-en-Provence 2016 - Chaire \u00c9conomie de d\u00e9fense - IHEDN","og_description":"Le ministre de la D\u00e9fense, M. Jean-Yves Le Drian intervient vendredi 1er juillet 2016 aux Rencontres \u00c9conomiques d&rsquo;Aix-en-Provence 2016, sur la th\u00e9matique de la souverainet\u00e9 \u00e9conomique (session 3, de 16h30 \u00e0 18h). Pour leur 16e \u00e9dition, les Rencontres \u00c9conomiques d\u2019Aix-en-Provence ont pour sujet la place des pays dans la situation \u00e9conomique mondiale et plus particuli\u00e8rement [&hellip;]","og_url":"https:\/\/ecodef-ihedn.fr\/en\/intervention-de-jean-yves-le-drian-aux-rencontres-economiques-daix-en-provence-2016\/","og_site_name":"Chaire \u00c9conomie de d\u00e9fense - IHEDN","article_published_time":"2016-06-28T00:00:00+00:00","article_modified_time":"2020-04-10T08:39:15+00:00","og_image":[{"width":755,"height":414,"url":"https:\/\/ecodef-ihedn.fr\/wp-content\/uploads\/2020\/02\/ecole-militaire-paris-1.jpg","type":"image\/jpeg"}],"author":"dev","twitter_card":"summary_large_image","twitter_creator":"@Chaire_Ecodef","twitter_site":"@Chaire_Ecodef","twitter_misc":{"Written by":"dev","Estimated reading time":"2 minutes"},"schema":{"@context":"https:\/\/schema.org","@graph":[{"@type":"Article","@id":"https:\/\/ecodef-ihedn.fr\/intervention-de-jean-yves-le-drian-aux-rencontres-economiques-daix-en-provence-2016\/#article","isPartOf":{"@id":"https:\/\/ecodef-ihedn.fr\/intervention-de-jean-yves-le-drian-aux-rencontres-economiques-daix-en-provence-2016\/"},"author":{"name":"dev","@id":"https:\/\/ecodef-ihedn.fr\/#\/schema\/person\/7b3f1a2d8fd336e0be2f9ff63ff0ebbc"},"headline":"Intervention de Jean-Yves Le Drian aux Rencontres \u00c9conomiques d&rsquo;Aix-en-Provence 2016","datePublished":"2016-06-28T00:00:00+00:00","dateModified":"2020-04-10T08:39:15+00:00","mainEntityOfPage":{"@id":"https:\/\/ecodef-ihedn.fr\/intervention-de-jean-yves-le-drian-aux-rencontres-economiques-daix-en-provence-2016\/"},"wordCount":388,"commentCount":0,"publisher":{"@id":"https:\/\/ecodef-ihedn.fr\/#organization"},"image":{"@id":"https:\/\/ecodef-ihedn.fr\/intervention-de-jean-yves-le-drian-aux-rencontres-economiques-daix-en-provence-2016\/#primaryimage"},"thumbnailUrl":"https:\/\/ecodef-ihedn.fr\/wp-content\/uploads\/2020\/02\/ecole-militaire-paris-1.jpg","articleSection":["Actualit\u00e9s du r\u00e9seau"],"inLanguage":"en-GB","potentialAction":[{"@type":"CommentAction","name":"Comment","target":["https:\/\/ecodef-ihedn.fr\/intervention-de-jean-yves-le-drian-aux-rencontres-economiques-daix-en-provence-2016\/#respond"]}]},{"@type":"WebPage","@id":"https:\/\/ecodef-ihedn.fr\/intervention-de-jean-yves-le-drian-aux-rencontres-economiques-daix-en-provence-2016\/","url":"https:\/\/ecodef-ihedn.fr\/intervention-de-jean-yves-le-drian-aux-rencontres-economiques-daix-en-provence-2016\/","name":"Intervention de Jean-Yves Le Drian aux Rencontres \u00c9conomiques d'Aix-en-Provence 2016 - Chaire \u00c9conomie de d\u00e9fense - IHEDN","isPartOf":{"@id":"https:\/\/ecodef-ihedn.fr\/#website"},"primaryImageOfPage":{"@id":"https:\/\/ecodef-ihedn.fr\/intervention-de-jean-yves-le-drian-aux-rencontres-economiques-daix-en-provence-2016\/#primaryimage"},"image":{"@id":"https:\/\/ecodef-ihedn.fr\/intervention-de-jean-yves-le-drian-aux-rencontres-economiques-daix-en-provence-2016\/#primaryimage"},"thumbnailUrl":"https:\/\/ecodef-ihedn.fr\/wp-content\/uploads\/2020\/02\/ecole-militaire-paris-1.jpg","datePublished":"2016-06-28T00:00:00+00:00","dateModified":"2020-04-10T08:39:15+00:00","breadcrumb":{"@id":"https:\/\/ecodef-ihedn.fr\/intervention-de-jean-yves-le-drian-aux-rencontres-economiques-daix-en-provence-2016\/#breadcrumb"},"inLanguage":"en-GB","potentialAction":[{"@type":"ReadAction","target":["https:\/\/ecodef-ihedn.fr\/intervention-de-jean-yves-le-drian-aux-rencontres-economiques-daix-en-provence-2016\/"]}]},{"@type":"ImageObject","inLanguage":"en-GB","@id":"https:\/\/ecodef-ihedn.fr\/intervention-de-jean-yves-le-drian-aux-rencontres-economiques-daix-en-provence-2016\/#primaryimage","url":"https:\/\/ecodef-ihedn.fr\/wp-content\/uploads\/2020\/02\/ecole-militaire-paris-1.jpg","contentUrl":"https:\/\/ecodef-ihedn.fr\/wp-content\/uploads\/2020\/02\/ecole-militaire-paris-1.jpg","width":755,"height":414},{"@type":"BreadcrumbList","@id":"https:\/\/ecodef-ihedn.fr\/intervention-de-jean-yves-le-drian-aux-rencontres-economiques-daix-en-provence-2016\/#breadcrumb","itemListElement":[{"@type":"ListItem","position":1,"name":"Accueil","item":"https:\/\/ecodef-ihedn.fr\/"},{"@type":"ListItem","position":2,"name":"Intervention de Jean-Yves Le Drian aux Rencontres \u00c9conomiques d&#8217;Aix-en-Provence 2016"}]},{"@type":"WebSite","@id":"https:\/\/ecodef-ihedn.fr\/#website","url":"https:\/\/ecodef-ihedn.fr\/","name":"Chair in Defence Economics - IHEDN","description":"Produce &amp; support, federate &amp; disseminate, act as an interface","publisher":{"@id":"https:\/\/ecodef-ihedn.fr\/#organization"},"potentialAction":[{"@type":"SearchAction","target":{"@type":"EntryPoint","urlTemplate":"https:\/\/ecodef-ihedn.fr\/?s={search_term_string}"},"query-input":{"@type":"PropertyValueSpecification","valueRequired":true,"valueName":"search_term_string"}}],"inLanguage":"en-GB"},{"@type":"Organization","@id":"https:\/\/ecodef-ihedn.fr\/#organization","name":"Chair in Defence Economics - IHEDN","url":"https:\/\/ecodef-ihedn.fr\/","logo":{"@type":"ImageObject","inLanguage":"en-GB","@id":"https:\/\/ecodef-ihedn.fr\/#\/schema\/logo\/image\/","url":"https:\/\/ecodef-ihedn.fr\/wp-content\/uploads\/2020\/04\/logoEcodef9.jpg","contentUrl":"https:\/\/ecodef-ihedn.fr\/wp-content\/uploads\/2020\/04\/logoEcodef9.jpg","width":410,"height":212,"caption":"Chaire \u00c9conomie de d\u00e9fense - IHEDN"},"image":{"@id":"https:\/\/ecodef-ihedn.fr\/#\/schema\/logo\/image\/"},"sameAs":["https:\/\/x.com\/Chaire_Ecodef","https:\/\/www.linkedin.com\/company\/chaire-ecodef-ihedn\/"]},{"@type":"Person","@id":"https:\/\/ecodef-ihedn.fr\/#\/schema\/person\/7b3f1a2d8fd336e0be2f9ff63ff0ebbc","name":"dev","image":{"@type":"ImageObject","inLanguage":"en-GB","@id":"https:\/\/secure.gravatar.com\/avatar\/f1ffcac9ca2fa95ad3ec33e9be3ade82f752acb0cabe541e56c5889225afa88a?s=96&d=mm&r=g","url":"https:\/\/secure.gravatar.com\/avatar\/f1ffcac9ca2fa95ad3ec33e9be3ade82f752acb0cabe541e56c5889225afa88a?s=96&d=mm&r=g","contentUrl":"https:\/\/secure.gravatar.com\/avatar\/f1ffcac9ca2fa95ad3ec33e9be3ade82f752acb0cabe541e56c5889225afa88a?s=96&d=mm&r=g","caption":"dev"},"url":"https:\/\/ecodef-ihedn.fr\/en\/author\/dev\/"}]}},"_links":{"self":[{"href":"https:\/\/ecodef-ihedn.fr\/en\/wp-json\/wp\/v2\/posts\/919","targetHints":{"allow":["GET"]}}],"collection":[{"href":"https:\/\/ecodef-ihedn.fr\/en\/wp-json\/wp\/v2\/posts"}],"about":[{"href":"https:\/\/ecodef-ihedn.fr\/en\/wp-json\/wp\/v2\/types\/post"}],"author":[{"embeddable":true,"href":"https:\/\/ecodef-ihedn.fr\/en\/wp-json\/wp\/v2\/users\/1"}],"replies":[{"embeddable":true,"href":"https:\/\/ecodef-ihedn.fr\/en\/wp-json\/wp\/v2\/comments?post=919"}],"version-history":[{"count":1,"href":"https:\/\/ecodef-ihedn.fr\/en\/wp-json\/wp\/v2\/posts\/919\/revisions"}],"predecessor-version":[{"id":1278,"href":"https:\/\/ecodef-ihedn.fr\/en\/wp-json\/wp\/v2\/posts\/919\/revisions\/1278"}],"wp:featuredmedia":[{"embeddable":true,"href":"https:\/\/ecodef-ihedn.fr\/en\/wp-json\/wp\/v2\/media\/564"}],"wp:attachment":[{"href":"https:\/\/ecodef-ihedn.fr\/en\/wp-json\/wp\/v2\/media?parent=919"}],"wp:term":[{"taxonomy":"category","embeddable":true,"href":"https:\/\/ecodef-ihedn.fr\/en\/wp-json\/wp\/v2\/categories?post=919"},{"taxonomy":"post_tag","embeddable":true,"href":"https:\/\/ecodef-ihedn.fr\/en\/wp-json\/wp\/v2\/tags?post=919"}],"curies":[{"name":"wp","href":"https:\/\/api.w.org\/{rel}","templated":true}]}}