{"id":922,"date":"2016-08-24T00:00:00","date_gmt":"2016-08-24T00:00:00","guid":{"rendered":"https:\/\/ecodef-ihedn.fr\/les-echos-brexit-et-defense%e2%80%89-quelles-opportunites%e2%80%89\/"},"modified":"2020-04-30T11:08:16","modified_gmt":"2020-04-30T11:08:16","slug":"les-echos-brexit-et-defense%e2%80%89-quelles-opportunites%e2%80%89","status":"publish","type":"post","link":"https:\/\/ecodef-ihedn.fr\/en\/les-echos-brexit-et-defense%e2%80%89-quelles-opportunites%e2%80%89\/","title":{"rendered":"Les Echos: \u00abBrexit and defence: what opportunities?\u00bb"},"content":{"rendered":"<p style=\"text-align: left;\">Leaving the European Union must not call into question the close ties and agreements between the United Kingdom and France in the field of defence. In fact, defence can be an essential pillar of future cooperation between our two countries. \u00abGoing further in defence cooperation between France and Great Britain, not despite but because of Brexit, as defence should be one of the essential pillars of the future relationship between these two major European countries.\u00bb<\/p>\n<p style=\"text-align: left;\"><a href=\"http:\/\/www.lesechos.fr\/idees-debats\/sciences-prospective\/0211219091274-brexit-et-defense-quelles-opportunites-2022437.php#\"><img loading=\"lazy\" decoding=\"async\" class=\"wp-image-5280 aligncenter\" src=\"https:\/\/ecodef-ihedn.fr\/wp-content\/uploads\/2020\/04\/Image2-1.png\" alt=\"Image2\" width=\"532\" height=\"141\"><\/a><\/p>\n<p style=\"text-align: left;\">Article written by Jean Belin - Chairholder, Christian de Boissieu - Chairman of the Scientific Advisory Board and Olivier Martin (MBDA) - Chairman of the Steering Committee.<\/p>\n<p style=\"text-align: right;\"><a href=\"http:\/\/www.lesechos.fr\/idees-debats\/sciences-prospective\/0211219091274-brexit-et-defense-quelles-opportunites-2022437.php#\"><img loading=\"lazy\" decoding=\"async\" class=\"wp-image-5274 aligncenter\" src=\"https:\/\/ecodef-ihedn.fr\/wp-content\/uploads\/2020\/04\/article-Echos.png\" alt=\"article Echos\" width=\"612\" height=\"537\"><\/a><strong><a href=\"http:\/\/www.lesechos.fr\/idees-debats\/sciences-prospective\/0211219091274-brexit-et-defense-quelles-opportunites-2022437.php#\">Read the article<\/a><\/strong><\/p>\n<div class=\"copy-paste-block\"><\/div>\n<div class=\"copy-paste-block\"><\/div>\n<p>&nbsp;<\/p>","protected":false},"excerpt":{"rendered":"<p>La sortie de l\u2019Union europ\u00e9enne ne doit pas remettre en cause la proximit\u00e9 et les accords entre Royaume-Uni et France dans le domaine de la d\u00e9fense. Ce dernier peut m\u00eame constituer un pilier essentiel de la coop\u00e9ration future entre nos deux pays. \u00ab\u00a0Aller plus loin dans la coop\u00e9ration de d\u00e9fense entre la France et la [&hellip;]<\/p>\n","protected":false},"author":1,"featured_media":1691,"comment_status":"open","ping_status":"open","sticky":false,"template":"","format":"standard","meta":{"footnotes":""},"categories":[358],"tags":[],"class_list":{"0":"post-922","1":"post","2":"type-post","3":"status-publish","4":"format-standard","5":"has-post-thumbnail","7":"category-medias"},"yoast_head":"<!-- This site is optimized with the Yoast SEO plugin v27.4 - https:\/\/yoast.com\/product\/yoast-seo-wordpress\/ -->\n<title>Les Echos : &quot;Brexit et d\u00e9fense\u2009: quelles opportunit\u00e9s\u2009?&quot; - Chaire \u00c9conomie de d\u00e9fense - IHEDN<\/title>\n<meta name=\"robots\" content=\"index, follow, max-snippet:-1, max-image-preview:large, max-video-preview:-1\" \/>\n<link rel=\"canonical\" href=\"https:\/\/ecodef-ihedn.fr\/en\/les-echos-brexit-et-defense\u2009-quelles-opportunites\u2009\/\" \/>\n<meta property=\"og:locale\" content=\"en_GB\" \/>\n<meta property=\"og:type\" content=\"article\" \/>\n<meta property=\"og:title\" content=\"Les Echos : &quot;Brexit et d\u00e9fense\u2009: quelles opportunit\u00e9s\u2009?&quot; - Chaire \u00c9conomie de d\u00e9fense - IHEDN\" \/>\n<meta property=\"og:description\" content=\"La sortie de l\u2019Union europ\u00e9enne ne doit pas remettre en cause la proximit\u00e9 et les accords entre Royaume-Uni et France dans le domaine de la d\u00e9fense. Ce dernier peut m\u00eame constituer un pilier essentiel de la coop\u00e9ration future entre nos deux pays. \u00ab\u00a0Aller plus loin dans la coop\u00e9ration de d\u00e9fense entre la France et la [&hellip;]\" \/>\n<meta property=\"og:url\" content=\"https:\/\/ecodef-ihedn.fr\/en\/les-echos-brexit-et-defense\u2009-quelles-opportunites\u2009\/\" \/>\n<meta property=\"og:site_name\" content=\"Chaire \u00c9conomie de d\u00e9fense - IHEDN\" \/>\n<meta property=\"article:published_time\" content=\"2016-08-24T00:00:00+00:00\" \/>\n<meta property=\"article:modified_time\" content=\"2020-04-30T11:08:16+00:00\" \/>\n<meta property=\"og:image\" content=\"https:\/\/ecodef-ihedn.fr\/wp-content\/uploads\/2016\/08\/logo-les-echos-fr.png\" \/>\n\t<meta property=\"og:image:width\" content=\"725\" \/>\n\t<meta property=\"og:image:height\" content=\"485\" \/>\n\t<meta property=\"og:image:type\" content=\"image\/png\" \/>\n<meta name=\"author\" content=\"dev\" \/>\n<meta name=\"twitter:card\" content=\"summary_large_image\" \/>\n<meta name=\"twitter:creator\" content=\"@Chaire_Ecodef\" \/>\n<meta name=\"twitter:site\" content=\"@Chaire_Ecodef\" \/>\n<meta name=\"twitter:label1\" content=\"Written by\" \/>\n\t<meta name=\"twitter:data1\" content=\"dev\" \/>\n\t<meta name=\"twitter:label2\" content=\"Estimated reading time\" \/>\n\t<meta name=\"twitter:data2\" content=\"1 minute\" \/>\n<script type=\"application\/ld+json\" class=\"yoast-schema-graph\">{\"@context\":\"https:\\\/\\\/schema.org\",\"@graph\":[{\"@type\":\"Article\",\"@id\":\"https:\\\/\\\/ecodef-ihedn.fr\\\/les-echos-brexit-et-defense%e2%80%89-quelles-opportunites%e2%80%89\\\/#article\",\"isPartOf\":{\"@id\":\"https:\\\/\\\/ecodef-ihedn.fr\\\/les-echos-brexit-et-defense%e2%80%89-quelles-opportunites%e2%80%89\\\/\"},\"author\":{\"name\":\"dev\",\"@id\":\"https:\\\/\\\/ecodef-ihedn.fr\\\/#\\\/schema\\\/person\\\/7b3f1a2d8fd336e0be2f9ff63ff0ebbc\"},\"headline\":\"Les Echos : \u00ab\u00a0Brexit et d\u00e9fense\u2009: quelles opportunit\u00e9s\u2009?\u00a0\u00bb\",\"datePublished\":\"2016-08-24T00:00:00+00:00\",\"dateModified\":\"2020-04-30T11:08:16+00:00\",\"mainEntityOfPage\":{\"@id\":\"https:\\\/\\\/ecodef-ihedn.fr\\\/les-echos-brexit-et-defense%e2%80%89-quelles-opportunites%e2%80%89\\\/\"},\"wordCount\":135,\"commentCount\":0,\"publisher\":{\"@id\":\"https:\\\/\\\/ecodef-ihedn.fr\\\/#organization\"},\"image\":{\"@id\":\"https:\\\/\\\/ecodef-ihedn.fr\\\/les-echos-brexit-et-defense%e2%80%89-quelles-opportunites%e2%80%89\\\/#primaryimage\"},\"thumbnailUrl\":\"https:\\\/\\\/ecodef-ihedn.fr\\\/wp-content\\\/uploads\\\/2016\\\/08\\\/logo-les-echos-fr.png\",\"articleSection\":[\"M\u00e9dias\"],\"inLanguage\":\"en-GB\",\"potentialAction\":[{\"@type\":\"CommentAction\",\"name\":\"Comment\",\"target\":[\"https:\\\/\\\/ecodef-ihedn.fr\\\/les-echos-brexit-et-defense%e2%80%89-quelles-opportunites%e2%80%89\\\/#respond\"]}]},{\"@type\":\"WebPage\",\"@id\":\"https:\\\/\\\/ecodef-ihedn.fr\\\/les-echos-brexit-et-defense%e2%80%89-quelles-opportunites%e2%80%89\\\/\",\"url\":\"https:\\\/\\\/ecodef-ihedn.fr\\\/les-echos-brexit-et-defense%e2%80%89-quelles-opportunites%e2%80%89\\\/\",\"name\":\"Les Echos : \\\"Brexit et d\u00e9fense\u2009: quelles opportunit\u00e9s\u2009?\\\" - Chaire \u00c9conomie de d\u00e9fense - IHEDN\",\"isPartOf\":{\"@id\":\"https:\\\/\\\/ecodef-ihedn.fr\\\/#website\"},\"primaryImageOfPage\":{\"@id\":\"https:\\\/\\\/ecodef-ihedn.fr\\\/les-echos-brexit-et-defense%e2%80%89-quelles-opportunites%e2%80%89\\\/#primaryimage\"},\"image\":{\"@id\":\"https:\\\/\\\/ecodef-ihedn.fr\\\/les-echos-brexit-et-defense%e2%80%89-quelles-opportunites%e2%80%89\\\/#primaryimage\"},\"thumbnailUrl\":\"https:\\\/\\\/ecodef-ihedn.fr\\\/wp-content\\\/uploads\\\/2016\\\/08\\\/logo-les-echos-fr.png\",\"datePublished\":\"2016-08-24T00:00:00+00:00\",\"dateModified\":\"2020-04-30T11:08:16+00:00\",\"breadcrumb\":{\"@id\":\"https:\\\/\\\/ecodef-ihedn.fr\\\/les-echos-brexit-et-defense%e2%80%89-quelles-opportunites%e2%80%89\\\/#breadcrumb\"},\"inLanguage\":\"en-GB\",\"potentialAction\":[{\"@type\":\"ReadAction\",\"target\":[\"https:\\\/\\\/ecodef-ihedn.fr\\\/les-echos-brexit-et-defense%e2%80%89-quelles-opportunites%e2%80%89\\\/\"]}]},{\"@type\":\"ImageObject\",\"inLanguage\":\"en-GB\",\"@id\":\"https:\\\/\\\/ecodef-ihedn.fr\\\/les-echos-brexit-et-defense%e2%80%89-quelles-opportunites%e2%80%89\\\/#primaryimage\",\"url\":\"https:\\\/\\\/ecodef-ihedn.fr\\\/wp-content\\\/uploads\\\/2016\\\/08\\\/logo-les-echos-fr.png\",\"contentUrl\":\"https:\\\/\\\/ecodef-ihedn.fr\\\/wp-content\\\/uploads\\\/2016\\\/08\\\/logo-les-echos-fr.png\",\"width\":725,\"height\":485},{\"@type\":\"BreadcrumbList\",\"@id\":\"https:\\\/\\\/ecodef-ihedn.fr\\\/les-echos-brexit-et-defense%e2%80%89-quelles-opportunites%e2%80%89\\\/#breadcrumb\",\"itemListElement\":[{\"@type\":\"ListItem\",\"position\":1,\"name\":\"Accueil\",\"item\":\"https:\\\/\\\/ecodef-ihedn.fr\\\/\"},{\"@type\":\"ListItem\",\"position\":2,\"name\":\"Les Echos : &#8220;Brexit et d\u00e9fense\u2009: quelles opportunit\u00e9s\u2009?&#8221;\"}]},{\"@type\":\"WebSite\",\"@id\":\"https:\\\/\\\/ecodef-ihedn.fr\\\/#website\",\"url\":\"https:\\\/\\\/ecodef-ihedn.fr\\\/\",\"name\":\"Chaire \u00c9conomie de D\u00e9fense - IHEDN\",\"description\":\"Produire &amp; soutenir, f\u00e9d\u00e9rer &amp; diffuser, \u00eatre une interface\",\"publisher\":{\"@id\":\"https:\\\/\\\/ecodef-ihedn.fr\\\/#organization\"},\"potentialAction\":[{\"@type\":\"SearchAction\",\"target\":{\"@type\":\"EntryPoint\",\"urlTemplate\":\"https:\\\/\\\/ecodef-ihedn.fr\\\/?s={search_term_string}\"},\"query-input\":{\"@type\":\"PropertyValueSpecification\",\"valueRequired\":true,\"valueName\":\"search_term_string\"}}],\"inLanguage\":\"en-GB\"},{\"@type\":\"Organization\",\"@id\":\"https:\\\/\\\/ecodef-ihedn.fr\\\/#organization\",\"name\":\"Chaire \u00c9conomie de d\u00e9fense - IHEDN\",\"url\":\"https:\\\/\\\/ecodef-ihedn.fr\\\/\",\"logo\":{\"@type\":\"ImageObject\",\"inLanguage\":\"en-GB\",\"@id\":\"https:\\\/\\\/ecodef-ihedn.fr\\\/#\\\/schema\\\/logo\\\/image\\\/\",\"url\":\"https:\\\/\\\/ecodef-ihedn.fr\\\/wp-content\\\/uploads\\\/2020\\\/04\\\/logoEcodef9.jpg\",\"contentUrl\":\"https:\\\/\\\/ecodef-ihedn.fr\\\/wp-content\\\/uploads\\\/2020\\\/04\\\/logoEcodef9.jpg\",\"width\":410,\"height\":212,\"caption\":\"Chaire \u00c9conomie de d\u00e9fense - IHEDN\"},\"image\":{\"@id\":\"https:\\\/\\\/ecodef-ihedn.fr\\\/#\\\/schema\\\/logo\\\/image\\\/\"},\"sameAs\":[\"https:\\\/\\\/x.com\\\/Chaire_Ecodef\",\"https:\\\/\\\/www.linkedin.com\\\/company\\\/chaire-ecodef-ihedn\\\/\"]},{\"@type\":\"Person\",\"@id\":\"https:\\\/\\\/ecodef-ihedn.fr\\\/#\\\/schema\\\/person\\\/7b3f1a2d8fd336e0be2f9ff63ff0ebbc\",\"name\":\"dev\",\"image\":{\"@type\":\"ImageObject\",\"inLanguage\":\"en-GB\",\"@id\":\"https:\\\/\\\/secure.gravatar.com\\\/avatar\\\/f1ffcac9ca2fa95ad3ec33e9be3ade82f752acb0cabe541e56c5889225afa88a?s=96&d=mm&r=g\",\"url\":\"https:\\\/\\\/secure.gravatar.com\\\/avatar\\\/f1ffcac9ca2fa95ad3ec33e9be3ade82f752acb0cabe541e56c5889225afa88a?s=96&d=mm&r=g\",\"contentUrl\":\"https:\\\/\\\/secure.gravatar.com\\\/avatar\\\/f1ffcac9ca2fa95ad3ec33e9be3ade82f752acb0cabe541e56c5889225afa88a?s=96&d=mm&r=g\",\"caption\":\"dev\"},\"url\":\"https:\\\/\\\/ecodef-ihedn.fr\\\/en\\\/author\\\/dev\\\/\"}]}<\/script>\n<!-- \/ Yoast SEO plugin. -->","yoast_head_json":{"title":"Les Echos : \"Brexit et d\u00e9fense\u2009: quelles opportunit\u00e9s\u2009?\" - Chaire \u00c9conomie de d\u00e9fense - IHEDN","robots":{"index":"index","follow":"follow","max-snippet":"max-snippet:-1","max-image-preview":"max-image-preview:large","max-video-preview":"max-video-preview:-1"},"canonical":"https:\/\/ecodef-ihedn.fr\/en\/les-echos-brexit-et-defense\u2009-quelles-opportunites\u2009\/","og_locale":"en_GB","og_type":"article","og_title":"Les Echos : \"Brexit et d\u00e9fense\u2009: quelles opportunit\u00e9s\u2009?\" - Chaire \u00c9conomie de d\u00e9fense - IHEDN","og_description":"La sortie de l\u2019Union europ\u00e9enne ne doit pas remettre en cause la proximit\u00e9 et les accords entre Royaume-Uni et France dans le domaine de la d\u00e9fense. Ce dernier peut m\u00eame constituer un pilier essentiel de la coop\u00e9ration future entre nos deux pays. \u00ab\u00a0Aller plus loin dans la coop\u00e9ration de d\u00e9fense entre la France et la [&hellip;]","og_url":"https:\/\/ecodef-ihedn.fr\/en\/les-echos-brexit-et-defense\u2009-quelles-opportunites\u2009\/","og_site_name":"Chaire \u00c9conomie de d\u00e9fense - IHEDN","article_published_time":"2016-08-24T00:00:00+00:00","article_modified_time":"2020-04-30T11:08:16+00:00","og_image":[{"width":725,"height":485,"url":"https:\/\/ecodef-ihedn.fr\/wp-content\/uploads\/2016\/08\/logo-les-echos-fr.png","type":"image\/png"}],"author":"dev","twitter_card":"summary_large_image","twitter_creator":"@Chaire_Ecodef","twitter_site":"@Chaire_Ecodef","twitter_misc":{"Written by":"dev","Estimated reading time":"1 minute"},"schema":{"@context":"https:\/\/schema.org","@graph":[{"@type":"Article","@id":"https:\/\/ecodef-ihedn.fr\/les-echos-brexit-et-defense%e2%80%89-quelles-opportunites%e2%80%89\/#article","isPartOf":{"@id":"https:\/\/ecodef-ihedn.fr\/les-echos-brexit-et-defense%e2%80%89-quelles-opportunites%e2%80%89\/"},"author":{"name":"dev","@id":"https:\/\/ecodef-ihedn.fr\/#\/schema\/person\/7b3f1a2d8fd336e0be2f9ff63ff0ebbc"},"headline":"Les Echos : \u00ab\u00a0Brexit et d\u00e9fense\u2009: quelles opportunit\u00e9s\u2009?\u00a0\u00bb","datePublished":"2016-08-24T00:00:00+00:00","dateModified":"2020-04-30T11:08:16+00:00","mainEntityOfPage":{"@id":"https:\/\/ecodef-ihedn.fr\/les-echos-brexit-et-defense%e2%80%89-quelles-opportunites%e2%80%89\/"},"wordCount":135,"commentCount":0,"publisher":{"@id":"https:\/\/ecodef-ihedn.fr\/#organization"},"image":{"@id":"https:\/\/ecodef-ihedn.fr\/les-echos-brexit-et-defense%e2%80%89-quelles-opportunites%e2%80%89\/#primaryimage"},"thumbnailUrl":"https:\/\/ecodef-ihedn.fr\/wp-content\/uploads\/2016\/08\/logo-les-echos-fr.png","articleSection":["M\u00e9dias"],"inLanguage":"en-GB","potentialAction":[{"@type":"CommentAction","name":"Comment","target":["https:\/\/ecodef-ihedn.fr\/les-echos-brexit-et-defense%e2%80%89-quelles-opportunites%e2%80%89\/#respond"]}]},{"@type":"WebPage","@id":"https:\/\/ecodef-ihedn.fr\/les-echos-brexit-et-defense%e2%80%89-quelles-opportunites%e2%80%89\/","url":"https:\/\/ecodef-ihedn.fr\/les-echos-brexit-et-defense%e2%80%89-quelles-opportunites%e2%80%89\/","name":"Les Echos : \"Brexit et d\u00e9fense\u2009: quelles opportunit\u00e9s\u2009?\" - Chaire \u00c9conomie de d\u00e9fense - IHEDN","isPartOf":{"@id":"https:\/\/ecodef-ihedn.fr\/#website"},"primaryImageOfPage":{"@id":"https:\/\/ecodef-ihedn.fr\/les-echos-brexit-et-defense%e2%80%89-quelles-opportunites%e2%80%89\/#primaryimage"},"image":{"@id":"https:\/\/ecodef-ihedn.fr\/les-echos-brexit-et-defense%e2%80%89-quelles-opportunites%e2%80%89\/#primaryimage"},"thumbnailUrl":"https:\/\/ecodef-ihedn.fr\/wp-content\/uploads\/2016\/08\/logo-les-echos-fr.png","datePublished":"2016-08-24T00:00:00+00:00","dateModified":"2020-04-30T11:08:16+00:00","breadcrumb":{"@id":"https:\/\/ecodef-ihedn.fr\/les-echos-brexit-et-defense%e2%80%89-quelles-opportunites%e2%80%89\/#breadcrumb"},"inLanguage":"en-GB","potentialAction":[{"@type":"ReadAction","target":["https:\/\/ecodef-ihedn.fr\/les-echos-brexit-et-defense%e2%80%89-quelles-opportunites%e2%80%89\/"]}]},{"@type":"ImageObject","inLanguage":"en-GB","@id":"https:\/\/ecodef-ihedn.fr\/les-echos-brexit-et-defense%e2%80%89-quelles-opportunites%e2%80%89\/#primaryimage","url":"https:\/\/ecodef-ihedn.fr\/wp-content\/uploads\/2016\/08\/logo-les-echos-fr.png","contentUrl":"https:\/\/ecodef-ihedn.fr\/wp-content\/uploads\/2016\/08\/logo-les-echos-fr.png","width":725,"height":485},{"@type":"BreadcrumbList","@id":"https:\/\/ecodef-ihedn.fr\/les-echos-brexit-et-defense%e2%80%89-quelles-opportunites%e2%80%89\/#breadcrumb","itemListElement":[{"@type":"ListItem","position":1,"name":"Accueil","item":"https:\/\/ecodef-ihedn.fr\/"},{"@type":"ListItem","position":2,"name":"Les Echos : &#8220;Brexit et d\u00e9fense\u2009: quelles opportunit\u00e9s\u2009?&#8221;"}]},{"@type":"WebSite","@id":"https:\/\/ecodef-ihedn.fr\/#website","url":"https:\/\/ecodef-ihedn.fr\/","name":"Chair in Defence Economics - IHEDN","description":"Produce &amp; support, federate &amp; disseminate, act as an interface","publisher":{"@id":"https:\/\/ecodef-ihedn.fr\/#organization"},"potentialAction":[{"@type":"SearchAction","target":{"@type":"EntryPoint","urlTemplate":"https:\/\/ecodef-ihedn.fr\/?s={search_term_string}"},"query-input":{"@type":"PropertyValueSpecification","valueRequired":true,"valueName":"search_term_string"}}],"inLanguage":"en-GB"},{"@type":"Organization","@id":"https:\/\/ecodef-ihedn.fr\/#organization","name":"Chair in Defence Economics - IHEDN","url":"https:\/\/ecodef-ihedn.fr\/","logo":{"@type":"ImageObject","inLanguage":"en-GB","@id":"https:\/\/ecodef-ihedn.fr\/#\/schema\/logo\/image\/","url":"https:\/\/ecodef-ihedn.fr\/wp-content\/uploads\/2020\/04\/logoEcodef9.jpg","contentUrl":"https:\/\/ecodef-ihedn.fr\/wp-content\/uploads\/2020\/04\/logoEcodef9.jpg","width":410,"height":212,"caption":"Chaire \u00c9conomie de d\u00e9fense - IHEDN"},"image":{"@id":"https:\/\/ecodef-ihedn.fr\/#\/schema\/logo\/image\/"},"sameAs":["https:\/\/x.com\/Chaire_Ecodef","https:\/\/www.linkedin.com\/company\/chaire-ecodef-ihedn\/"]},{"@type":"Person","@id":"https:\/\/ecodef-ihedn.fr\/#\/schema\/person\/7b3f1a2d8fd336e0be2f9ff63ff0ebbc","name":"dev","image":{"@type":"ImageObject","inLanguage":"en-GB","@id":"https:\/\/secure.gravatar.com\/avatar\/f1ffcac9ca2fa95ad3ec33e9be3ade82f752acb0cabe541e56c5889225afa88a?s=96&d=mm&r=g","url":"https:\/\/secure.gravatar.com\/avatar\/f1ffcac9ca2fa95ad3ec33e9be3ade82f752acb0cabe541e56c5889225afa88a?s=96&d=mm&r=g","contentUrl":"https:\/\/secure.gravatar.com\/avatar\/f1ffcac9ca2fa95ad3ec33e9be3ade82f752acb0cabe541e56c5889225afa88a?s=96&d=mm&r=g","caption":"dev"},"url":"https:\/\/ecodef-ihedn.fr\/en\/author\/dev\/"}]}},"_links":{"self":[{"href":"https:\/\/ecodef-ihedn.fr\/en\/wp-json\/wp\/v2\/posts\/922","targetHints":{"allow":["GET"]}}],"collection":[{"href":"https:\/\/ecodef-ihedn.fr\/en\/wp-json\/wp\/v2\/posts"}],"about":[{"href":"https:\/\/ecodef-ihedn.fr\/en\/wp-json\/wp\/v2\/types\/post"}],"author":[{"embeddable":true,"href":"https:\/\/ecodef-ihedn.fr\/en\/wp-json\/wp\/v2\/users\/1"}],"replies":[{"embeddable":true,"href":"https:\/\/ecodef-ihedn.fr\/en\/wp-json\/wp\/v2\/comments?post=922"}],"version-history":[{"count":3,"href":"https:\/\/ecodef-ihedn.fr\/en\/wp-json\/wp\/v2\/posts\/922\/revisions"}],"predecessor-version":[{"id":1692,"href":"https:\/\/ecodef-ihedn.fr\/en\/wp-json\/wp\/v2\/posts\/922\/revisions\/1692"}],"wp:featuredmedia":[{"embeddable":true,"href":"https:\/\/ecodef-ihedn.fr\/en\/wp-json\/wp\/v2\/media\/1691"}],"wp:attachment":[{"href":"https:\/\/ecodef-ihedn.fr\/en\/wp-json\/wp\/v2\/media?parent=922"}],"wp:term":[{"taxonomy":"category","embeddable":true,"href":"https:\/\/ecodef-ihedn.fr\/en\/wp-json\/wp\/v2\/categories?post=922"},{"taxonomy":"post_tag","embeddable":true,"href":"https:\/\/ecodef-ihedn.fr\/en\/wp-json\/wp\/v2\/tags?post=922"}],"curies":[{"name":"wp","href":"https:\/\/api.w.org\/{rel}","templated":true}]}}