{"id":925,"date":"2016-08-25T00:00:00","date_gmt":"2016-08-25T00:00:00","guid":{"rendered":"https:\/\/ecodef-ihedn.fr\/les-budgets-de-defense-en-2015-par-julien-malizard-et-j-f-guilhaudis\/"},"modified":"2020-04-23T14:17:17","modified_gmt":"2020-04-23T14:17:17","slug":"les-budgets-de-defense-en-2015-par-julien-malizard-et-j-f-guilhaudis","status":"publish","type":"post","link":"https:\/\/ecodef-ihedn.fr\/en\/les-budgets-de-defense-en-2015-par-julien-malizard-et-j-f-guilhaudis\/","title":{"rendered":"Defence budgets in 2015, by Julien Malizard and J-F Guilhaudis"},"content":{"rendered":"<p>Ce chapitre ne se borne pas \u00e0 indiquer pour l\u2019ann\u00e9e 2015, sur la base des donn\u00e9es bien connues du SIPRI, l\u2019\u00e9volution des d\u00e9penses militaires mondiales, le palmar\u00e8s des Etats d\u00e9pensiers et des informations sur les d\u00e9penses au niveau r\u00e9gional mais rapporte ces d\u00e9penses aux alliances et aux groupes d\u2019Etats susceptible de s\u2019affronter. Il approfondit, sur la base d\u2019autres sources d\u2019information (donn\u00e9es AED et OTAN) l\u2019\u00e9tude des d\u00e9penses des pays europ\u00e9ens et des membres de l\u2019OTAN. Il s\u2019efforce \u00e9galement de donner des \u00e9l\u00e9ments sur les d\u00e9penses par cat\u00e9gories, (R&amp;D et \u00e9quipement) et sur les d\u00e9penses de la France et fournit les rep\u00e8res essentiels, valables sur le sujet, d\u00e9but 2016.<\/p>\n<p>[gview file=\u00a0\u00bbhttps:\/\/economie-defense.fr\/wp-content\/uploads\/2016\/08\/psei-1137.pdf\u00a0\u00bb]<\/p>\n<p><strong><a href=\"http:\/\/revel.unice.fr\/psei\/index.html?id=1137\">Lire l&rsquo;article sur le site du PSEI<\/a><\/strong><\/p>\n","protected":false},"excerpt":{"rendered":"<p>Ce chapitre ne se borne pas \u00e0 indiquer pour l\u2019ann\u00e9e 2015, sur la base des donn\u00e9es bien connues du SIPRI, l\u2019\u00e9volution des d\u00e9penses militaires mondiales, le palmar\u00e8s des Etats d\u00e9pensiers et des informations sur les d\u00e9penses au niveau r\u00e9gional mais rapporte ces d\u00e9penses aux alliances et aux groupes d\u2019Etats susceptible de s\u2019affronter. Il approfondit, sur [&hellip;]<\/p>\n","protected":false},"author":1,"featured_media":564,"comment_status":"open","ping_status":"open","sticky":false,"template":"","format":"standard","meta":{"footnotes":""},"categories":[350,352],"tags":[],"class_list":{"0":"post-925","1":"post","2":"type-post","3":"status-publish","4":"format-standard","5":"has-post-thumbnail","7":"category-publications","8":"category-thematique-2-determinants-et-impacts-de-la-depense-de-defense"},"yoast_head":"<!-- This site is optimized with the Yoast SEO plugin v27.4 - https:\/\/yoast.com\/product\/yoast-seo-wordpress\/ -->\n<title>Les budgets de d\u00e9fense en 2015, par Julien Malizard et J-F Guilhaudis - Chaire \u00c9conomie de d\u00e9fense - IHEDN<\/title>\n<meta name=\"robots\" content=\"index, follow, max-snippet:-1, max-image-preview:large, max-video-preview:-1\" \/>\n<link rel=\"canonical\" href=\"https:\/\/ecodef-ihedn.fr\/en\/les-budgets-de-defense-en-2015-par-julien-malizard-et-j-f-guilhaudis\/\" \/>\n<meta property=\"og:locale\" content=\"en_GB\" \/>\n<meta property=\"og:type\" content=\"article\" \/>\n<meta property=\"og:title\" content=\"Les budgets de d\u00e9fense en 2015, par Julien Malizard et J-F Guilhaudis - Chaire \u00c9conomie de d\u00e9fense - IHEDN\" \/>\n<meta property=\"og:description\" content=\"Ce chapitre ne se borne pas \u00e0 indiquer pour l\u2019ann\u00e9e 2015, sur la base des donn\u00e9es bien connues du SIPRI, l\u2019\u00e9volution des d\u00e9penses militaires mondiales, le palmar\u00e8s des Etats d\u00e9pensiers et des informations sur les d\u00e9penses au niveau r\u00e9gional mais rapporte ces d\u00e9penses aux alliances et aux groupes d\u2019Etats susceptible de s\u2019affronter. Il approfondit, sur [&hellip;]\" \/>\n<meta property=\"og:url\" content=\"https:\/\/ecodef-ihedn.fr\/en\/les-budgets-de-defense-en-2015-par-julien-malizard-et-j-f-guilhaudis\/\" \/>\n<meta property=\"og:site_name\" content=\"Chaire \u00c9conomie de d\u00e9fense - IHEDN\" \/>\n<meta property=\"article:published_time\" content=\"2016-08-25T00:00:00+00:00\" \/>\n<meta property=\"article:modified_time\" content=\"2020-04-23T14:17:17+00:00\" \/>\n<meta property=\"og:image\" content=\"https:\/\/ecodef-ihedn.fr\/wp-content\/uploads\/2020\/02\/ecole-militaire-paris-1.jpg\" \/>\n\t<meta property=\"og:image:width\" content=\"755\" \/>\n\t<meta property=\"og:image:height\" content=\"414\" \/>\n\t<meta property=\"og:image:type\" content=\"image\/jpeg\" \/>\n<meta name=\"author\" content=\"dev\" \/>\n<meta name=\"twitter:card\" content=\"summary_large_image\" \/>\n<meta name=\"twitter:creator\" content=\"@Chaire_Ecodef\" \/>\n<meta name=\"twitter:site\" content=\"@Chaire_Ecodef\" \/>\n<meta name=\"twitter:label1\" content=\"Written by\" \/>\n\t<meta name=\"twitter:data1\" content=\"dev\" \/>\n\t<meta name=\"twitter:label2\" content=\"Estimated reading time\" \/>\n\t<meta name=\"twitter:data2\" content=\"1 minute\" \/>\n<script type=\"application\/ld+json\" class=\"yoast-schema-graph\">{\"@context\":\"https:\\\/\\\/schema.org\",\"@graph\":[{\"@type\":\"Article\",\"@id\":\"https:\\\/\\\/ecodef-ihedn.fr\\\/les-budgets-de-defense-en-2015-par-julien-malizard-et-j-f-guilhaudis\\\/#article\",\"isPartOf\":{\"@id\":\"https:\\\/\\\/ecodef-ihedn.fr\\\/les-budgets-de-defense-en-2015-par-julien-malizard-et-j-f-guilhaudis\\\/\"},\"author\":{\"name\":\"dev\",\"@id\":\"https:\\\/\\\/ecodef-ihedn.fr\\\/#\\\/schema\\\/person\\\/7b3f1a2d8fd336e0be2f9ff63ff0ebbc\"},\"headline\":\"Les budgets de d\u00e9fense en 2015, par Julien Malizard et J-F Guilhaudis\",\"datePublished\":\"2016-08-25T00:00:00+00:00\",\"dateModified\":\"2020-04-23T14:17:17+00:00\",\"mainEntityOfPage\":{\"@id\":\"https:\\\/\\\/ecodef-ihedn.fr\\\/les-budgets-de-defense-en-2015-par-julien-malizard-et-j-f-guilhaudis\\\/\"},\"wordCount\":162,\"commentCount\":0,\"publisher\":{\"@id\":\"https:\\\/\\\/ecodef-ihedn.fr\\\/#organization\"},\"image\":{\"@id\":\"https:\\\/\\\/ecodef-ihedn.fr\\\/les-budgets-de-defense-en-2015-par-julien-malizard-et-j-f-guilhaudis\\\/#primaryimage\"},\"thumbnailUrl\":\"https:\\\/\\\/ecodef-ihedn.fr\\\/wp-content\\\/uploads\\\/2020\\\/02\\\/ecole-militaire-paris-1.jpg\",\"articleSection\":[\"Publications\",\"Th\u00e9matique 2 : d\u00e9terminants et impacts de la d\u00e9pense de d\u00e9fense\"],\"inLanguage\":\"en-GB\",\"potentialAction\":[{\"@type\":\"CommentAction\",\"name\":\"Comment\",\"target\":[\"https:\\\/\\\/ecodef-ihedn.fr\\\/les-budgets-de-defense-en-2015-par-julien-malizard-et-j-f-guilhaudis\\\/#respond\"]}]},{\"@type\":\"WebPage\",\"@id\":\"https:\\\/\\\/ecodef-ihedn.fr\\\/les-budgets-de-defense-en-2015-par-julien-malizard-et-j-f-guilhaudis\\\/\",\"url\":\"https:\\\/\\\/ecodef-ihedn.fr\\\/les-budgets-de-defense-en-2015-par-julien-malizard-et-j-f-guilhaudis\\\/\",\"name\":\"Les budgets de d\u00e9fense en 2015, par Julien Malizard et J-F Guilhaudis - Chaire \u00c9conomie de d\u00e9fense - IHEDN\",\"isPartOf\":{\"@id\":\"https:\\\/\\\/ecodef-ihedn.fr\\\/#website\"},\"primaryImageOfPage\":{\"@id\":\"https:\\\/\\\/ecodef-ihedn.fr\\\/les-budgets-de-defense-en-2015-par-julien-malizard-et-j-f-guilhaudis\\\/#primaryimage\"},\"image\":{\"@id\":\"https:\\\/\\\/ecodef-ihedn.fr\\\/les-budgets-de-defense-en-2015-par-julien-malizard-et-j-f-guilhaudis\\\/#primaryimage\"},\"thumbnailUrl\":\"https:\\\/\\\/ecodef-ihedn.fr\\\/wp-content\\\/uploads\\\/2020\\\/02\\\/ecole-militaire-paris-1.jpg\",\"datePublished\":\"2016-08-25T00:00:00+00:00\",\"dateModified\":\"2020-04-23T14:17:17+00:00\",\"breadcrumb\":{\"@id\":\"https:\\\/\\\/ecodef-ihedn.fr\\\/les-budgets-de-defense-en-2015-par-julien-malizard-et-j-f-guilhaudis\\\/#breadcrumb\"},\"inLanguage\":\"en-GB\",\"potentialAction\":[{\"@type\":\"ReadAction\",\"target\":[\"https:\\\/\\\/ecodef-ihedn.fr\\\/les-budgets-de-defense-en-2015-par-julien-malizard-et-j-f-guilhaudis\\\/\"]}]},{\"@type\":\"ImageObject\",\"inLanguage\":\"en-GB\",\"@id\":\"https:\\\/\\\/ecodef-ihedn.fr\\\/les-budgets-de-defense-en-2015-par-julien-malizard-et-j-f-guilhaudis\\\/#primaryimage\",\"url\":\"https:\\\/\\\/ecodef-ihedn.fr\\\/wp-content\\\/uploads\\\/2020\\\/02\\\/ecole-militaire-paris-1.jpg\",\"contentUrl\":\"https:\\\/\\\/ecodef-ihedn.fr\\\/wp-content\\\/uploads\\\/2020\\\/02\\\/ecole-militaire-paris-1.jpg\",\"width\":755,\"height\":414},{\"@type\":\"BreadcrumbList\",\"@id\":\"https:\\\/\\\/ecodef-ihedn.fr\\\/les-budgets-de-defense-en-2015-par-julien-malizard-et-j-f-guilhaudis\\\/#breadcrumb\",\"itemListElement\":[{\"@type\":\"ListItem\",\"position\":1,\"name\":\"Accueil\",\"item\":\"https:\\\/\\\/ecodef-ihedn.fr\\\/\"},{\"@type\":\"ListItem\",\"position\":2,\"name\":\"Les budgets de d\u00e9fense en 2015, par Julien Malizard et J-F Guilhaudis\"}]},{\"@type\":\"WebSite\",\"@id\":\"https:\\\/\\\/ecodef-ihedn.fr\\\/#website\",\"url\":\"https:\\\/\\\/ecodef-ihedn.fr\\\/\",\"name\":\"Chaire \u00c9conomie de D\u00e9fense - IHEDN\",\"description\":\"Produire &amp; soutenir, f\u00e9d\u00e9rer &amp; diffuser, \u00eatre une interface\",\"publisher\":{\"@id\":\"https:\\\/\\\/ecodef-ihedn.fr\\\/#organization\"},\"potentialAction\":[{\"@type\":\"SearchAction\",\"target\":{\"@type\":\"EntryPoint\",\"urlTemplate\":\"https:\\\/\\\/ecodef-ihedn.fr\\\/?s={search_term_string}\"},\"query-input\":{\"@type\":\"PropertyValueSpecification\",\"valueRequired\":true,\"valueName\":\"search_term_string\"}}],\"inLanguage\":\"en-GB\"},{\"@type\":\"Organization\",\"@id\":\"https:\\\/\\\/ecodef-ihedn.fr\\\/#organization\",\"name\":\"Chaire \u00c9conomie de d\u00e9fense - IHEDN\",\"url\":\"https:\\\/\\\/ecodef-ihedn.fr\\\/\",\"logo\":{\"@type\":\"ImageObject\",\"inLanguage\":\"en-GB\",\"@id\":\"https:\\\/\\\/ecodef-ihedn.fr\\\/#\\\/schema\\\/logo\\\/image\\\/\",\"url\":\"https:\\\/\\\/ecodef-ihedn.fr\\\/wp-content\\\/uploads\\\/2020\\\/04\\\/logoEcodef9.jpg\",\"contentUrl\":\"https:\\\/\\\/ecodef-ihedn.fr\\\/wp-content\\\/uploads\\\/2020\\\/04\\\/logoEcodef9.jpg\",\"width\":410,\"height\":212,\"caption\":\"Chaire \u00c9conomie de d\u00e9fense - IHEDN\"},\"image\":{\"@id\":\"https:\\\/\\\/ecodef-ihedn.fr\\\/#\\\/schema\\\/logo\\\/image\\\/\"},\"sameAs\":[\"https:\\\/\\\/x.com\\\/Chaire_Ecodef\",\"https:\\\/\\\/www.linkedin.com\\\/company\\\/chaire-ecodef-ihedn\\\/\"]},{\"@type\":\"Person\",\"@id\":\"https:\\\/\\\/ecodef-ihedn.fr\\\/#\\\/schema\\\/person\\\/7b3f1a2d8fd336e0be2f9ff63ff0ebbc\",\"name\":\"dev\",\"image\":{\"@type\":\"ImageObject\",\"inLanguage\":\"en-GB\",\"@id\":\"https:\\\/\\\/secure.gravatar.com\\\/avatar\\\/f1ffcac9ca2fa95ad3ec33e9be3ade82f752acb0cabe541e56c5889225afa88a?s=96&d=mm&r=g\",\"url\":\"https:\\\/\\\/secure.gravatar.com\\\/avatar\\\/f1ffcac9ca2fa95ad3ec33e9be3ade82f752acb0cabe541e56c5889225afa88a?s=96&d=mm&r=g\",\"contentUrl\":\"https:\\\/\\\/secure.gravatar.com\\\/avatar\\\/f1ffcac9ca2fa95ad3ec33e9be3ade82f752acb0cabe541e56c5889225afa88a?s=96&d=mm&r=g\",\"caption\":\"dev\"},\"url\":\"https:\\\/\\\/ecodef-ihedn.fr\\\/en\\\/author\\\/dev\\\/\"}]}<\/script>\n<!-- \/ Yoast SEO plugin. -->","yoast_head_json":{"title":"Les budgets de d\u00e9fense en 2015, par Julien Malizard et J-F Guilhaudis - Chaire \u00c9conomie de d\u00e9fense - IHEDN","robots":{"index":"index","follow":"follow","max-snippet":"max-snippet:-1","max-image-preview":"max-image-preview:large","max-video-preview":"max-video-preview:-1"},"canonical":"https:\/\/ecodef-ihedn.fr\/en\/les-budgets-de-defense-en-2015-par-julien-malizard-et-j-f-guilhaudis\/","og_locale":"en_GB","og_type":"article","og_title":"Les budgets de d\u00e9fense en 2015, par Julien Malizard et J-F Guilhaudis - Chaire \u00c9conomie de d\u00e9fense - IHEDN","og_description":"Ce chapitre ne se borne pas \u00e0 indiquer pour l\u2019ann\u00e9e 2015, sur la base des donn\u00e9es bien connues du SIPRI, l\u2019\u00e9volution des d\u00e9penses militaires mondiales, le palmar\u00e8s des Etats d\u00e9pensiers et des informations sur les d\u00e9penses au niveau r\u00e9gional mais rapporte ces d\u00e9penses aux alliances et aux groupes d\u2019Etats susceptible de s\u2019affronter. Il approfondit, sur [&hellip;]","og_url":"https:\/\/ecodef-ihedn.fr\/en\/les-budgets-de-defense-en-2015-par-julien-malizard-et-j-f-guilhaudis\/","og_site_name":"Chaire \u00c9conomie de d\u00e9fense - IHEDN","article_published_time":"2016-08-25T00:00:00+00:00","article_modified_time":"2020-04-23T14:17:17+00:00","og_image":[{"width":755,"height":414,"url":"https:\/\/ecodef-ihedn.fr\/wp-content\/uploads\/2020\/02\/ecole-militaire-paris-1.jpg","type":"image\/jpeg"}],"author":"dev","twitter_card":"summary_large_image","twitter_creator":"@Chaire_Ecodef","twitter_site":"@Chaire_Ecodef","twitter_misc":{"Written by":"dev","Estimated reading time":"1 minute"},"schema":{"@context":"https:\/\/schema.org","@graph":[{"@type":"Article","@id":"https:\/\/ecodef-ihedn.fr\/les-budgets-de-defense-en-2015-par-julien-malizard-et-j-f-guilhaudis\/#article","isPartOf":{"@id":"https:\/\/ecodef-ihedn.fr\/les-budgets-de-defense-en-2015-par-julien-malizard-et-j-f-guilhaudis\/"},"author":{"name":"dev","@id":"https:\/\/ecodef-ihedn.fr\/#\/schema\/person\/7b3f1a2d8fd336e0be2f9ff63ff0ebbc"},"headline":"Les budgets de d\u00e9fense en 2015, par Julien Malizard et J-F Guilhaudis","datePublished":"2016-08-25T00:00:00+00:00","dateModified":"2020-04-23T14:17:17+00:00","mainEntityOfPage":{"@id":"https:\/\/ecodef-ihedn.fr\/les-budgets-de-defense-en-2015-par-julien-malizard-et-j-f-guilhaudis\/"},"wordCount":162,"commentCount":0,"publisher":{"@id":"https:\/\/ecodef-ihedn.fr\/#organization"},"image":{"@id":"https:\/\/ecodef-ihedn.fr\/les-budgets-de-defense-en-2015-par-julien-malizard-et-j-f-guilhaudis\/#primaryimage"},"thumbnailUrl":"https:\/\/ecodef-ihedn.fr\/wp-content\/uploads\/2020\/02\/ecole-militaire-paris-1.jpg","articleSection":["Publications","Th\u00e9matique 2 : d\u00e9terminants et impacts de la d\u00e9pense de d\u00e9fense"],"inLanguage":"en-GB","potentialAction":[{"@type":"CommentAction","name":"Comment","target":["https:\/\/ecodef-ihedn.fr\/les-budgets-de-defense-en-2015-par-julien-malizard-et-j-f-guilhaudis\/#respond"]}]},{"@type":"WebPage","@id":"https:\/\/ecodef-ihedn.fr\/les-budgets-de-defense-en-2015-par-julien-malizard-et-j-f-guilhaudis\/","url":"https:\/\/ecodef-ihedn.fr\/les-budgets-de-defense-en-2015-par-julien-malizard-et-j-f-guilhaudis\/","name":"Les budgets de d\u00e9fense en 2015, par Julien Malizard et J-F Guilhaudis - Chaire \u00c9conomie de d\u00e9fense - IHEDN","isPartOf":{"@id":"https:\/\/ecodef-ihedn.fr\/#website"},"primaryImageOfPage":{"@id":"https:\/\/ecodef-ihedn.fr\/les-budgets-de-defense-en-2015-par-julien-malizard-et-j-f-guilhaudis\/#primaryimage"},"image":{"@id":"https:\/\/ecodef-ihedn.fr\/les-budgets-de-defense-en-2015-par-julien-malizard-et-j-f-guilhaudis\/#primaryimage"},"thumbnailUrl":"https:\/\/ecodef-ihedn.fr\/wp-content\/uploads\/2020\/02\/ecole-militaire-paris-1.jpg","datePublished":"2016-08-25T00:00:00+00:00","dateModified":"2020-04-23T14:17:17+00:00","breadcrumb":{"@id":"https:\/\/ecodef-ihedn.fr\/les-budgets-de-defense-en-2015-par-julien-malizard-et-j-f-guilhaudis\/#breadcrumb"},"inLanguage":"en-GB","potentialAction":[{"@type":"ReadAction","target":["https:\/\/ecodef-ihedn.fr\/les-budgets-de-defense-en-2015-par-julien-malizard-et-j-f-guilhaudis\/"]}]},{"@type":"ImageObject","inLanguage":"en-GB","@id":"https:\/\/ecodef-ihedn.fr\/les-budgets-de-defense-en-2015-par-julien-malizard-et-j-f-guilhaudis\/#primaryimage","url":"https:\/\/ecodef-ihedn.fr\/wp-content\/uploads\/2020\/02\/ecole-militaire-paris-1.jpg","contentUrl":"https:\/\/ecodef-ihedn.fr\/wp-content\/uploads\/2020\/02\/ecole-militaire-paris-1.jpg","width":755,"height":414},{"@type":"BreadcrumbList","@id":"https:\/\/ecodef-ihedn.fr\/les-budgets-de-defense-en-2015-par-julien-malizard-et-j-f-guilhaudis\/#breadcrumb","itemListElement":[{"@type":"ListItem","position":1,"name":"Accueil","item":"https:\/\/ecodef-ihedn.fr\/"},{"@type":"ListItem","position":2,"name":"Les budgets de d\u00e9fense en 2015, par Julien Malizard et J-F Guilhaudis"}]},{"@type":"WebSite","@id":"https:\/\/ecodef-ihedn.fr\/#website","url":"https:\/\/ecodef-ihedn.fr\/","name":"Chair in Defence Economics - IHEDN","description":"Produce &amp; support, federate &amp; disseminate, act as an interface","publisher":{"@id":"https:\/\/ecodef-ihedn.fr\/#organization"},"potentialAction":[{"@type":"SearchAction","target":{"@type":"EntryPoint","urlTemplate":"https:\/\/ecodef-ihedn.fr\/?s={search_term_string}"},"query-input":{"@type":"PropertyValueSpecification","valueRequired":true,"valueName":"search_term_string"}}],"inLanguage":"en-GB"},{"@type":"Organization","@id":"https:\/\/ecodef-ihedn.fr\/#organization","name":"Chair in Defence Economics - IHEDN","url":"https:\/\/ecodef-ihedn.fr\/","logo":{"@type":"ImageObject","inLanguage":"en-GB","@id":"https:\/\/ecodef-ihedn.fr\/#\/schema\/logo\/image\/","url":"https:\/\/ecodef-ihedn.fr\/wp-content\/uploads\/2020\/04\/logoEcodef9.jpg","contentUrl":"https:\/\/ecodef-ihedn.fr\/wp-content\/uploads\/2020\/04\/logoEcodef9.jpg","width":410,"height":212,"caption":"Chaire \u00c9conomie de d\u00e9fense - IHEDN"},"image":{"@id":"https:\/\/ecodef-ihedn.fr\/#\/schema\/logo\/image\/"},"sameAs":["https:\/\/x.com\/Chaire_Ecodef","https:\/\/www.linkedin.com\/company\/chaire-ecodef-ihedn\/"]},{"@type":"Person","@id":"https:\/\/ecodef-ihedn.fr\/#\/schema\/person\/7b3f1a2d8fd336e0be2f9ff63ff0ebbc","name":"dev","image":{"@type":"ImageObject","inLanguage":"en-GB","@id":"https:\/\/secure.gravatar.com\/avatar\/f1ffcac9ca2fa95ad3ec33e9be3ade82f752acb0cabe541e56c5889225afa88a?s=96&d=mm&r=g","url":"https:\/\/secure.gravatar.com\/avatar\/f1ffcac9ca2fa95ad3ec33e9be3ade82f752acb0cabe541e56c5889225afa88a?s=96&d=mm&r=g","contentUrl":"https:\/\/secure.gravatar.com\/avatar\/f1ffcac9ca2fa95ad3ec33e9be3ade82f752acb0cabe541e56c5889225afa88a?s=96&d=mm&r=g","caption":"dev"},"url":"https:\/\/ecodef-ihedn.fr\/en\/author\/dev\/"}]}},"_links":{"self":[{"href":"https:\/\/ecodef-ihedn.fr\/en\/wp-json\/wp\/v2\/posts\/925","targetHints":{"allow":["GET"]}}],"collection":[{"href":"https:\/\/ecodef-ihedn.fr\/en\/wp-json\/wp\/v2\/posts"}],"about":[{"href":"https:\/\/ecodef-ihedn.fr\/en\/wp-json\/wp\/v2\/types\/post"}],"author":[{"embeddable":true,"href":"https:\/\/ecodef-ihedn.fr\/en\/wp-json\/wp\/v2\/users\/1"}],"replies":[{"embeddable":true,"href":"https:\/\/ecodef-ihedn.fr\/en\/wp-json\/wp\/v2\/comments?post=925"}],"version-history":[{"count":1,"href":"https:\/\/ecodef-ihedn.fr\/en\/wp-json\/wp\/v2\/posts\/925\/revisions"}],"predecessor-version":[{"id":1282,"href":"https:\/\/ecodef-ihedn.fr\/en\/wp-json\/wp\/v2\/posts\/925\/revisions\/1282"}],"wp:featuredmedia":[{"embeddable":true,"href":"https:\/\/ecodef-ihedn.fr\/en\/wp-json\/wp\/v2\/media\/564"}],"wp:attachment":[{"href":"https:\/\/ecodef-ihedn.fr\/en\/wp-json\/wp\/v2\/media?parent=925"}],"wp:term":[{"taxonomy":"category","embeddable":true,"href":"https:\/\/ecodef-ihedn.fr\/en\/wp-json\/wp\/v2\/categories?post=925"},{"taxonomy":"post_tag","embeddable":true,"href":"https:\/\/ecodef-ihedn.fr\/en\/wp-json\/wp\/v2\/tags?post=925"}],"curies":[{"name":"wp","href":"https:\/\/api.w.org\/{rel}","templated":true}]}}