{"id":928,"date":"2016-07-21T00:00:00","date_gmt":"2016-07-21T00:00:00","guid":{"rendered":"https:\/\/ecodef-ihedn.fr\/jean-belin-dans-lusine-nouvelle\/"},"modified":"2024-05-16T14:00:33","modified_gmt":"2024-05-16T14:00:33","slug":"jean-belin-dans-lusine-nouvelle","status":"publish","type":"post","link":"https:\/\/ecodef-ihedn.fr\/en\/jean-belin-dans-lusine-nouvelle\/","title":{"rendered":"Jean Belin in Usine Nouvelle"},"content":{"rendered":"<p><a href=\"http:\/\/www.usinenouvelle.com\/article\/premiere-pour-l-aeronautique-de-defense.N402187\" target=\"_blank\" rel=\"noopener\"><img loading=\"lazy\" decoding=\"async\" class=\"aligncenter size-full wp-image-1687\" src=\"https:\/\/ecodef-ihedn.fr\/wp-content\/uploads\/2018\/06\/lusine-nouvelle_logo_mod.png\" alt=\"\" width=\"3229\" height=\"2300\" srcset=\"https:\/\/ecodef-ihedn.fr\/wp-content\/uploads\/2018\/06\/lusine-nouvelle_logo_mod.png 3229w, https:\/\/ecodef-ihedn.fr\/wp-content\/uploads\/2018\/06\/lusine-nouvelle_logo_mod-300x214.png 300w, https:\/\/ecodef-ihedn.fr\/wp-content\/uploads\/2018\/06\/lusine-nouvelle_logo_mod-1024x729.png 1024w, https:\/\/ecodef-ihedn.fr\/wp-content\/uploads\/2018\/06\/lusine-nouvelle_logo_mod-768x547.png 768w, https:\/\/ecodef-ihedn.fr\/wp-content\/uploads\/2018\/06\/lusine-nouvelle_logo_mod-1536x1094.png 1536w, https:\/\/ecodef-ihedn.fr\/wp-content\/uploads\/2018\/06\/lusine-nouvelle_logo_mod-2048x1459.png 2048w, https:\/\/ecodef-ihedn.fr\/wp-content\/uploads\/2018\/06\/lusine-nouvelle_logo_mod-696x496.png 696w, https:\/\/ecodef-ihedn.fr\/wp-content\/uploads\/2018\/06\/lusine-nouvelle_logo_mod-1392x992.png 1392w, https:\/\/ecodef-ihedn.fr\/wp-content\/uploads\/2018\/06\/lusine-nouvelle_logo_mod-1068x761.png 1068w, https:\/\/ecodef-ihedn.fr\/wp-content\/uploads\/2018\/06\/lusine-nouvelle_logo_mod-1920x1368.png 1920w, https:\/\/ecodef-ihedn.fr\/wp-content\/uploads\/2018\/06\/lusine-nouvelle_logo_mod-590x420.png 590w, https:\/\/ecodef-ihedn.fr\/wp-content\/uploads\/2018\/06\/lusine-nouvelle_logo_mod-1179x840.png 1179w, https:\/\/ecodef-ihedn.fr\/wp-content\/uploads\/2018\/06\/lusine-nouvelle_logo_mod-100x70.png 100w\" sizes=\"auto, (max-width: 3229px) 100vw, 3229px\" \/><\/a><\/p>","protected":false},"excerpt":{"rendered":"","protected":false},"author":1,"featured_media":1687,"comment_status":"open","ping_status":"open","sticky":false,"template":"","format":"standard","meta":{"footnotes":""},"categories":[358],"tags":[261,287,134],"class_list":{"0":"post-928","1":"post","2":"type-post","3":"status-publish","4":"format-standard","5":"has-post-thumbnail","7":"category-medias","8":"tag-bordeaux","9":"tag-jean-belin","10":"tag-usine-nouvelle"},"yoast_head":"<!-- This site is optimized with the Yoast SEO plugin v27.4 - https:\/\/yoast.com\/product\/yoast-seo-wordpress\/ -->\n<title>Jean Belin dans l&#039;Usine Nouvelle - Chaire \u00c9conomie de d\u00e9fense - IHEDN<\/title>\n<meta name=\"robots\" content=\"index, follow, max-snippet:-1, max-image-preview:large, max-video-preview:-1\" \/>\n<link rel=\"canonical\" href=\"https:\/\/ecodef-ihedn.fr\/en\/jean-belin-dans-lusine-nouvelle\/\" \/>\n<meta property=\"og:locale\" content=\"en_GB\" \/>\n<meta property=\"og:type\" content=\"article\" \/>\n<meta property=\"og:title\" content=\"Jean Belin dans l&#039;Usine Nouvelle - Chaire \u00c9conomie de d\u00e9fense - IHEDN\" \/>\n<meta property=\"og:url\" content=\"https:\/\/ecodef-ihedn.fr\/en\/jean-belin-dans-lusine-nouvelle\/\" \/>\n<meta property=\"og:site_name\" content=\"Chaire \u00c9conomie de d\u00e9fense - IHEDN\" \/>\n<meta property=\"article:published_time\" content=\"2016-07-21T00:00:00+00:00\" \/>\n<meta property=\"article:modified_time\" content=\"2024-05-16T14:00:33+00:00\" \/>\n<meta property=\"og:image\" content=\"https:\/\/ecodef-ihedn.fr\/wp-content\/uploads\/2018\/06\/lusine-nouvelle_logo_mod.png\" \/>\n\t<meta property=\"og:image:width\" content=\"3229\" \/>\n\t<meta property=\"og:image:height\" content=\"2300\" \/>\n\t<meta property=\"og:image:type\" content=\"image\/png\" \/>\n<meta name=\"author\" content=\"dev\" \/>\n<meta name=\"twitter:card\" content=\"summary_large_image\" \/>\n<meta name=\"twitter:creator\" content=\"@Chaire_Ecodef\" \/>\n<meta name=\"twitter:site\" content=\"@Chaire_Ecodef\" \/>\n<meta name=\"twitter:label1\" content=\"Written by\" \/>\n\t<meta name=\"twitter:data1\" content=\"dev\" \/>\n\t<meta name=\"twitter:label2\" content=\"Estimated reading time\" \/>\n\t<meta name=\"twitter:data2\" content=\"1 minute\" \/>\n<script type=\"application\/ld+json\" class=\"yoast-schema-graph\">{\"@context\":\"https:\\\/\\\/schema.org\",\"@graph\":[{\"@type\":\"Article\",\"@id\":\"https:\\\/\\\/ecodef-ihedn.fr\\\/jean-belin-dans-lusine-nouvelle\\\/#article\",\"isPartOf\":{\"@id\":\"https:\\\/\\\/ecodef-ihedn.fr\\\/jean-belin-dans-lusine-nouvelle\\\/\"},\"author\":{\"name\":\"dev\",\"@id\":\"https:\\\/\\\/ecodef-ihedn.fr\\\/#\\\/schema\\\/person\\\/7b3f1a2d8fd336e0be2f9ff63ff0ebbc\"},\"headline\":\"Jean Belin dans l&rsquo;Usine Nouvelle\",\"datePublished\":\"2016-07-21T00:00:00+00:00\",\"dateModified\":\"2024-05-16T14:00:33+00:00\",\"mainEntityOfPage\":{\"@id\":\"https:\\\/\\\/ecodef-ihedn.fr\\\/jean-belin-dans-lusine-nouvelle\\\/\"},\"wordCount\":6,\"commentCount\":0,\"publisher\":{\"@id\":\"https:\\\/\\\/ecodef-ihedn.fr\\\/#organization\"},\"image\":{\"@id\":\"https:\\\/\\\/ecodef-ihedn.fr\\\/jean-belin-dans-lusine-nouvelle\\\/#primaryimage\"},\"thumbnailUrl\":\"https:\\\/\\\/ecodef-ihedn.fr\\\/wp-content\\\/uploads\\\/2018\\\/06\\\/lusine-nouvelle_logo_mod.png\",\"keywords\":[\"Bordeaux\",\"Jean Belin\",\"Usine Nouvelle\"],\"articleSection\":[\"M\u00e9dias\"],\"inLanguage\":\"en-GB\",\"potentialAction\":[{\"@type\":\"CommentAction\",\"name\":\"Comment\",\"target\":[\"https:\\\/\\\/ecodef-ihedn.fr\\\/jean-belin-dans-lusine-nouvelle\\\/#respond\"]}]},{\"@type\":\"WebPage\",\"@id\":\"https:\\\/\\\/ecodef-ihedn.fr\\\/jean-belin-dans-lusine-nouvelle\\\/\",\"url\":\"https:\\\/\\\/ecodef-ihedn.fr\\\/jean-belin-dans-lusine-nouvelle\\\/\",\"name\":\"Jean Belin dans l'Usine Nouvelle - Chaire \u00c9conomie de d\u00e9fense - IHEDN\",\"isPartOf\":{\"@id\":\"https:\\\/\\\/ecodef-ihedn.fr\\\/#website\"},\"primaryImageOfPage\":{\"@id\":\"https:\\\/\\\/ecodef-ihedn.fr\\\/jean-belin-dans-lusine-nouvelle\\\/#primaryimage\"},\"image\":{\"@id\":\"https:\\\/\\\/ecodef-ihedn.fr\\\/jean-belin-dans-lusine-nouvelle\\\/#primaryimage\"},\"thumbnailUrl\":\"https:\\\/\\\/ecodef-ihedn.fr\\\/wp-content\\\/uploads\\\/2018\\\/06\\\/lusine-nouvelle_logo_mod.png\",\"datePublished\":\"2016-07-21T00:00:00+00:00\",\"dateModified\":\"2024-05-16T14:00:33+00:00\",\"breadcrumb\":{\"@id\":\"https:\\\/\\\/ecodef-ihedn.fr\\\/jean-belin-dans-lusine-nouvelle\\\/#breadcrumb\"},\"inLanguage\":\"en-GB\",\"potentialAction\":[{\"@type\":\"ReadAction\",\"target\":[\"https:\\\/\\\/ecodef-ihedn.fr\\\/jean-belin-dans-lusine-nouvelle\\\/\"]}]},{\"@type\":\"ImageObject\",\"inLanguage\":\"en-GB\",\"@id\":\"https:\\\/\\\/ecodef-ihedn.fr\\\/jean-belin-dans-lusine-nouvelle\\\/#primaryimage\",\"url\":\"https:\\\/\\\/ecodef-ihedn.fr\\\/wp-content\\\/uploads\\\/2018\\\/06\\\/lusine-nouvelle_logo_mod.png\",\"contentUrl\":\"https:\\\/\\\/ecodef-ihedn.fr\\\/wp-content\\\/uploads\\\/2018\\\/06\\\/lusine-nouvelle_logo_mod.png\",\"width\":3229,\"height\":2300},{\"@type\":\"BreadcrumbList\",\"@id\":\"https:\\\/\\\/ecodef-ihedn.fr\\\/jean-belin-dans-lusine-nouvelle\\\/#breadcrumb\",\"itemListElement\":[{\"@type\":\"ListItem\",\"position\":1,\"name\":\"Accueil\",\"item\":\"https:\\\/\\\/ecodef-ihedn.fr\\\/\"},{\"@type\":\"ListItem\",\"position\":2,\"name\":\"Jean Belin dans l&#8217;Usine Nouvelle\"}]},{\"@type\":\"WebSite\",\"@id\":\"https:\\\/\\\/ecodef-ihedn.fr\\\/#website\",\"url\":\"https:\\\/\\\/ecodef-ihedn.fr\\\/\",\"name\":\"Chaire \u00c9conomie de D\u00e9fense - IHEDN\",\"description\":\"Produire &amp; soutenir, f\u00e9d\u00e9rer &amp; diffuser, \u00eatre une interface\",\"publisher\":{\"@id\":\"https:\\\/\\\/ecodef-ihedn.fr\\\/#organization\"},\"potentialAction\":[{\"@type\":\"SearchAction\",\"target\":{\"@type\":\"EntryPoint\",\"urlTemplate\":\"https:\\\/\\\/ecodef-ihedn.fr\\\/?s={search_term_string}\"},\"query-input\":{\"@type\":\"PropertyValueSpecification\",\"valueRequired\":true,\"valueName\":\"search_term_string\"}}],\"inLanguage\":\"en-GB\"},{\"@type\":\"Organization\",\"@id\":\"https:\\\/\\\/ecodef-ihedn.fr\\\/#organization\",\"name\":\"Chaire \u00c9conomie de d\u00e9fense - IHEDN\",\"url\":\"https:\\\/\\\/ecodef-ihedn.fr\\\/\",\"logo\":{\"@type\":\"ImageObject\",\"inLanguage\":\"en-GB\",\"@id\":\"https:\\\/\\\/ecodef-ihedn.fr\\\/#\\\/schema\\\/logo\\\/image\\\/\",\"url\":\"https:\\\/\\\/ecodef-ihedn.fr\\\/wp-content\\\/uploads\\\/2020\\\/04\\\/logoEcodef9.jpg\",\"contentUrl\":\"https:\\\/\\\/ecodef-ihedn.fr\\\/wp-content\\\/uploads\\\/2020\\\/04\\\/logoEcodef9.jpg\",\"width\":410,\"height\":212,\"caption\":\"Chaire \u00c9conomie de d\u00e9fense - IHEDN\"},\"image\":{\"@id\":\"https:\\\/\\\/ecodef-ihedn.fr\\\/#\\\/schema\\\/logo\\\/image\\\/\"},\"sameAs\":[\"https:\\\/\\\/x.com\\\/Chaire_Ecodef\",\"https:\\\/\\\/www.linkedin.com\\\/company\\\/chaire-ecodef-ihedn\\\/\"]},{\"@type\":\"Person\",\"@id\":\"https:\\\/\\\/ecodef-ihedn.fr\\\/#\\\/schema\\\/person\\\/7b3f1a2d8fd336e0be2f9ff63ff0ebbc\",\"name\":\"dev\",\"image\":{\"@type\":\"ImageObject\",\"inLanguage\":\"en-GB\",\"@id\":\"https:\\\/\\\/secure.gravatar.com\\\/avatar\\\/f1ffcac9ca2fa95ad3ec33e9be3ade82f752acb0cabe541e56c5889225afa88a?s=96&d=mm&r=g\",\"url\":\"https:\\\/\\\/secure.gravatar.com\\\/avatar\\\/f1ffcac9ca2fa95ad3ec33e9be3ade82f752acb0cabe541e56c5889225afa88a?s=96&d=mm&r=g\",\"contentUrl\":\"https:\\\/\\\/secure.gravatar.com\\\/avatar\\\/f1ffcac9ca2fa95ad3ec33e9be3ade82f752acb0cabe541e56c5889225afa88a?s=96&d=mm&r=g\",\"caption\":\"dev\"},\"url\":\"https:\\\/\\\/ecodef-ihedn.fr\\\/en\\\/author\\\/dev\\\/\"}]}<\/script>\n<!-- \/ Yoast SEO plugin. -->","yoast_head_json":{"title":"Jean Belin dans l'Usine Nouvelle - Chaire \u00c9conomie de d\u00e9fense - IHEDN","robots":{"index":"index","follow":"follow","max-snippet":"max-snippet:-1","max-image-preview":"max-image-preview:large","max-video-preview":"max-video-preview:-1"},"canonical":"https:\/\/ecodef-ihedn.fr\/en\/jean-belin-dans-lusine-nouvelle\/","og_locale":"en_GB","og_type":"article","og_title":"Jean Belin dans l'Usine Nouvelle - Chaire \u00c9conomie de d\u00e9fense - IHEDN","og_url":"https:\/\/ecodef-ihedn.fr\/en\/jean-belin-dans-lusine-nouvelle\/","og_site_name":"Chaire \u00c9conomie de d\u00e9fense - IHEDN","article_published_time":"2016-07-21T00:00:00+00:00","article_modified_time":"2024-05-16T14:00:33+00:00","og_image":[{"width":3229,"height":2300,"url":"https:\/\/ecodef-ihedn.fr\/wp-content\/uploads\/2018\/06\/lusine-nouvelle_logo_mod.png","type":"image\/png"}],"author":"dev","twitter_card":"summary_large_image","twitter_creator":"@Chaire_Ecodef","twitter_site":"@Chaire_Ecodef","twitter_misc":{"Written by":"dev","Estimated reading time":"1 minute"},"schema":{"@context":"https:\/\/schema.org","@graph":[{"@type":"Article","@id":"https:\/\/ecodef-ihedn.fr\/jean-belin-dans-lusine-nouvelle\/#article","isPartOf":{"@id":"https:\/\/ecodef-ihedn.fr\/jean-belin-dans-lusine-nouvelle\/"},"author":{"name":"dev","@id":"https:\/\/ecodef-ihedn.fr\/#\/schema\/person\/7b3f1a2d8fd336e0be2f9ff63ff0ebbc"},"headline":"Jean Belin dans l&rsquo;Usine Nouvelle","datePublished":"2016-07-21T00:00:00+00:00","dateModified":"2024-05-16T14:00:33+00:00","mainEntityOfPage":{"@id":"https:\/\/ecodef-ihedn.fr\/jean-belin-dans-lusine-nouvelle\/"},"wordCount":6,"commentCount":0,"publisher":{"@id":"https:\/\/ecodef-ihedn.fr\/#organization"},"image":{"@id":"https:\/\/ecodef-ihedn.fr\/jean-belin-dans-lusine-nouvelle\/#primaryimage"},"thumbnailUrl":"https:\/\/ecodef-ihedn.fr\/wp-content\/uploads\/2018\/06\/lusine-nouvelle_logo_mod.png","keywords":["Bordeaux","Jean Belin","Usine Nouvelle"],"articleSection":["M\u00e9dias"],"inLanguage":"en-GB","potentialAction":[{"@type":"CommentAction","name":"Comment","target":["https:\/\/ecodef-ihedn.fr\/jean-belin-dans-lusine-nouvelle\/#respond"]}]},{"@type":"WebPage","@id":"https:\/\/ecodef-ihedn.fr\/jean-belin-dans-lusine-nouvelle\/","url":"https:\/\/ecodef-ihedn.fr\/jean-belin-dans-lusine-nouvelle\/","name":"Jean Belin dans l'Usine Nouvelle - Chaire \u00c9conomie de d\u00e9fense - IHEDN","isPartOf":{"@id":"https:\/\/ecodef-ihedn.fr\/#website"},"primaryImageOfPage":{"@id":"https:\/\/ecodef-ihedn.fr\/jean-belin-dans-lusine-nouvelle\/#primaryimage"},"image":{"@id":"https:\/\/ecodef-ihedn.fr\/jean-belin-dans-lusine-nouvelle\/#primaryimage"},"thumbnailUrl":"https:\/\/ecodef-ihedn.fr\/wp-content\/uploads\/2018\/06\/lusine-nouvelle_logo_mod.png","datePublished":"2016-07-21T00:00:00+00:00","dateModified":"2024-05-16T14:00:33+00:00","breadcrumb":{"@id":"https:\/\/ecodef-ihedn.fr\/jean-belin-dans-lusine-nouvelle\/#breadcrumb"},"inLanguage":"en-GB","potentialAction":[{"@type":"ReadAction","target":["https:\/\/ecodef-ihedn.fr\/jean-belin-dans-lusine-nouvelle\/"]}]},{"@type":"ImageObject","inLanguage":"en-GB","@id":"https:\/\/ecodef-ihedn.fr\/jean-belin-dans-lusine-nouvelle\/#primaryimage","url":"https:\/\/ecodef-ihedn.fr\/wp-content\/uploads\/2018\/06\/lusine-nouvelle_logo_mod.png","contentUrl":"https:\/\/ecodef-ihedn.fr\/wp-content\/uploads\/2018\/06\/lusine-nouvelle_logo_mod.png","width":3229,"height":2300},{"@type":"BreadcrumbList","@id":"https:\/\/ecodef-ihedn.fr\/jean-belin-dans-lusine-nouvelle\/#breadcrumb","itemListElement":[{"@type":"ListItem","position":1,"name":"Accueil","item":"https:\/\/ecodef-ihedn.fr\/"},{"@type":"ListItem","position":2,"name":"Jean Belin dans l&#8217;Usine Nouvelle"}]},{"@type":"WebSite","@id":"https:\/\/ecodef-ihedn.fr\/#website","url":"https:\/\/ecodef-ihedn.fr\/","name":"Chair in Defence Economics - IHEDN","description":"Produce &amp; support, federate &amp; disseminate, act as an interface","publisher":{"@id":"https:\/\/ecodef-ihedn.fr\/#organization"},"potentialAction":[{"@type":"SearchAction","target":{"@type":"EntryPoint","urlTemplate":"https:\/\/ecodef-ihedn.fr\/?s={search_term_string}"},"query-input":{"@type":"PropertyValueSpecification","valueRequired":true,"valueName":"search_term_string"}}],"inLanguage":"en-GB"},{"@type":"Organization","@id":"https:\/\/ecodef-ihedn.fr\/#organization","name":"Chair in Defence Economics - IHEDN","url":"https:\/\/ecodef-ihedn.fr\/","logo":{"@type":"ImageObject","inLanguage":"en-GB","@id":"https:\/\/ecodef-ihedn.fr\/#\/schema\/logo\/image\/","url":"https:\/\/ecodef-ihedn.fr\/wp-content\/uploads\/2020\/04\/logoEcodef9.jpg","contentUrl":"https:\/\/ecodef-ihedn.fr\/wp-content\/uploads\/2020\/04\/logoEcodef9.jpg","width":410,"height":212,"caption":"Chaire \u00c9conomie de d\u00e9fense - IHEDN"},"image":{"@id":"https:\/\/ecodef-ihedn.fr\/#\/schema\/logo\/image\/"},"sameAs":["https:\/\/x.com\/Chaire_Ecodef","https:\/\/www.linkedin.com\/company\/chaire-ecodef-ihedn\/"]},{"@type":"Person","@id":"https:\/\/ecodef-ihedn.fr\/#\/schema\/person\/7b3f1a2d8fd336e0be2f9ff63ff0ebbc","name":"dev","image":{"@type":"ImageObject","inLanguage":"en-GB","@id":"https:\/\/secure.gravatar.com\/avatar\/f1ffcac9ca2fa95ad3ec33e9be3ade82f752acb0cabe541e56c5889225afa88a?s=96&d=mm&r=g","url":"https:\/\/secure.gravatar.com\/avatar\/f1ffcac9ca2fa95ad3ec33e9be3ade82f752acb0cabe541e56c5889225afa88a?s=96&d=mm&r=g","contentUrl":"https:\/\/secure.gravatar.com\/avatar\/f1ffcac9ca2fa95ad3ec33e9be3ade82f752acb0cabe541e56c5889225afa88a?s=96&d=mm&r=g","caption":"dev"},"url":"https:\/\/ecodef-ihedn.fr\/en\/author\/dev\/"}]}},"_links":{"self":[{"href":"https:\/\/ecodef-ihedn.fr\/en\/wp-json\/wp\/v2\/posts\/928","targetHints":{"allow":["GET"]}}],"collection":[{"href":"https:\/\/ecodef-ihedn.fr\/en\/wp-json\/wp\/v2\/posts"}],"about":[{"href":"https:\/\/ecodef-ihedn.fr\/en\/wp-json\/wp\/v2\/types\/post"}],"author":[{"embeddable":true,"href":"https:\/\/ecodef-ihedn.fr\/en\/wp-json\/wp\/v2\/users\/1"}],"replies":[{"embeddable":true,"href":"https:\/\/ecodef-ihedn.fr\/en\/wp-json\/wp\/v2\/comments?post=928"}],"version-history":[{"count":4,"href":"https:\/\/ecodef-ihedn.fr\/en\/wp-json\/wp\/v2\/posts\/928\/revisions"}],"predecessor-version":[{"id":8466,"href":"https:\/\/ecodef-ihedn.fr\/en\/wp-json\/wp\/v2\/posts\/928\/revisions\/8466"}],"wp:featuredmedia":[{"embeddable":true,"href":"https:\/\/ecodef-ihedn.fr\/en\/wp-json\/wp\/v2\/media\/1687"}],"wp:attachment":[{"href":"https:\/\/ecodef-ihedn.fr\/en\/wp-json\/wp\/v2\/media?parent=928"}],"wp:term":[{"taxonomy":"category","embeddable":true,"href":"https:\/\/ecodef-ihedn.fr\/en\/wp-json\/wp\/v2\/categories?post=928"},{"taxonomy":"post_tag","embeddable":true,"href":"https:\/\/ecodef-ihedn.fr\/en\/wp-json\/wp\/v2\/tags?post=928"}],"curies":[{"name":"wp","href":"https:\/\/api.w.org\/{rel}","templated":true}]}}