{"id":939,"date":"2016-12-01T00:00:00","date_gmt":"2016-12-01T00:00:00","guid":{"rendered":"https:\/\/ecodef-ihedn.fr\/prix-armee-de-lair-2017\/"},"modified":"2020-04-30T10:46:33","modified_gmt":"2020-04-30T10:46:33","slug":"prix-armee-de-lair-2017","status":"publish","type":"post","link":"https:\/\/ecodef-ihedn.fr\/en\/prix-armee-de-lair-2017\/","title":{"rendered":"Air Force Awards 2017"},"content":{"rendered":"<p>Chaque ann\u00e9e, l\u2019arm\u00e9e de l\u2019air r\u00e9compense les meilleurs m\u00e9moires \u00ab\u00a0Air et espace\u00a0\u00bb dans le cadre des prix Cl\u00e9ment Ader et Ren\u00e9 Mouchotte. Ces prix ont \u00e9t\u00e9 cr\u00e9\u00e9s par arr\u00eat\u00e9 du ministre de la D\u00e9fense du 15 mars 2004 afin\u00a0: \u00ab\u00a0d\u2019encourager, de susciter et de promouvoir des \u00e9tudes ou des travaux de recherche en relation avec les pr\u00e9occupations de l\u2019arm\u00e9e de l\u2019air. Ces travaux, relatifs notamment \u00e0 des questions de strat\u00e9gie, d\u2019histoire, d\u2019emploi des forces, de ressources humaines, d\u2019\u00e9quipement ou de droit a\u00e9rien, peuvent \u00eatre conduits notamment dans les milieux universitaires, les instituts de recherche ou au sein du minist\u00e8re de la D\u00e9fense \u00bb.<\/p>\n<p>Ce prix se subdivise en deux r\u00e9compenses dot\u00e9es\u00a0: le prix \u00ab\u00a0Cl\u00e9ment Ader\u00a0\u00bb, attribu\u00e9 \u00e0 une th\u00e8se de doctorat ou travail \u00e9quivalent (5000 \u20ac), et le prix \u00ab\u00a0Ren\u00e9 Mouchotte\u00a0\u00bb, qui distingue un ou deux m\u00e9moires de mast\u00e8re ou \u00e9quivalents (2000 \u20ac par r\u00e9compense). L\u2019int\u00e9r\u00eat du m\u00e9moire ou de la th\u00e8se, son originalit\u00e9, sa port\u00e9e au regard des pr\u00e9occupations de l\u2019arm\u00e9e de l\u2019air, constituent les crit\u00e8res d\u00e9terminant l\u2019attribution du prix. Le jury est pr\u00e9sid\u00e9 par le chef d\u2019\u00e9tat-major de l\u2019arm\u00e9e de l\u2019air qui remet en personne les r\u00e9compenses aux \u00e9tudiants prim\u00e9s.<\/p>\n<p style=\"text-align: left;\">Les prix \u00ab arm\u00e9e de l\u2019air \u00bb 2017 r\u00e9compenseront des travaux men\u00e9s et soutenus en 2016. C\u2019est pourquoi, tous les \u00e9tudiants qui souhaitent poser leur candidature sont invit\u00e9s \u00e0 transmettre leur dossier avant le 31 d\u00e9cembre 2016 \u00e0 l\u2019adresse suivante :<\/p>\n<p style=\"text-align: left;\">Ecole militaire<\/p>\n<p style=\"text-align: left;\">A l\u2019attention du sergent-chef Marina Le Sager<\/p>\n<p style=\"text-align: left;\">Centre \u00e9tudes, r\u00e9serves et partenariats de l\u2019arm\u00e9e de l\u2019air (CERPA)<\/p>\n<p style=\"text-align: left;\">1 place Joffre \u2013 Case 43 75700 Paris SP 07<\/p>\n<p>Pour conna\u00eetre les modalit\u00e9s d\u2019inscription, vous pouvez consulter les conditions l\u00e9gales (texte complet de l\u2019arr\u00eat\u00e9 du 15 mars 2004) en pi\u00e8ce jointe ou via le site <a href=\"http:\/\/www.legifrance.gouv.fr\">www.legifrance.gouv.fr<\/a>, sur Internet.<\/p>\n<p>Pour toute question compl\u00e9mentaire, se tiennent \u00e0 votre disposition :<\/p>\n<ul>\n<li>Le commandant Jean-Christophe Pitard-Bouet\u00a0 (Chef de la Division Etudes et Rayonnement), 01.44.42.83.94, <a href=\"mailto:jean-christophe.pitard-bouet@intradef.gouv.fr\">jean-christophe.pitard-bouet@intradef.gouv.fr<\/a><\/li>\n<li>Le sergent-chef Marina Le Sager, (section manifestation), 01.44.42.80.54, <a href=\"mailto:marina.le-sager@intradef.gouv.fr\">marina.le-sager@intradef.gouv.fr<\/a><\/li>\n<\/ul>\n<p>[gview file=\u00a0\u00bbhttps:\/\/economie-defense.fr\/wp-content\/uploads\/2016\/12\/Prix-arm\u00e9e-de-lair-2017.pdf\u00a0\u00bb]<\/p>\n","protected":false},"excerpt":{"rendered":"<p>Chaque ann\u00e9e, l\u2019arm\u00e9e de l\u2019air r\u00e9compense les meilleurs m\u00e9moires \u00ab\u00a0Air et espace\u00a0\u00bb dans le cadre des prix Cl\u00e9ment Ader et Ren\u00e9 Mouchotte. Ces prix ont \u00e9t\u00e9 cr\u00e9\u00e9s par arr\u00eat\u00e9 du ministre de la D\u00e9fense du 15 mars 2004 afin\u00a0: \u00ab\u00a0d\u2019encourager, de susciter et de promouvoir des \u00e9tudes ou des travaux de recherche en relation avec [&hellip;]<\/p>\n","protected":false},"author":1,"featured_media":564,"comment_status":"open","ping_status":"open","sticky":false,"template":"","format":"standard","meta":{"footnotes":""},"categories":[360],"tags":[],"class_list":{"0":"post-939","1":"post","2":"type-post","3":"status-publish","4":"format-standard","5":"has-post-thumbnail","7":"category-actualites-du-reseau"},"yoast_head":"<!-- This site is optimized with the Yoast SEO plugin v27.4 - https:\/\/yoast.com\/product\/yoast-seo-wordpress\/ -->\n<title>Prix arm\u00e9e de l&#039;air 2017 - Chaire \u00c9conomie de d\u00e9fense - IHEDN<\/title>\n<meta name=\"robots\" content=\"index, follow, max-snippet:-1, max-image-preview:large, max-video-preview:-1\" \/>\n<link rel=\"canonical\" href=\"https:\/\/ecodef-ihedn.fr\/en\/prix-armee-de-lair-2017\/\" \/>\n<meta property=\"og:locale\" content=\"en_GB\" \/>\n<meta property=\"og:type\" content=\"article\" \/>\n<meta property=\"og:title\" content=\"Prix arm\u00e9e de l&#039;air 2017 - Chaire \u00c9conomie de d\u00e9fense - IHEDN\" \/>\n<meta property=\"og:description\" content=\"Chaque ann\u00e9e, l\u2019arm\u00e9e de l\u2019air r\u00e9compense les meilleurs m\u00e9moires \u00ab\u00a0Air et espace\u00a0\u00bb dans le cadre des prix Cl\u00e9ment Ader et Ren\u00e9 Mouchotte. Ces prix ont \u00e9t\u00e9 cr\u00e9\u00e9s par arr\u00eat\u00e9 du ministre de la D\u00e9fense du 15 mars 2004 afin\u00a0: \u00ab\u00a0d\u2019encourager, de susciter et de promouvoir des \u00e9tudes ou des travaux de recherche en relation avec [&hellip;]\" \/>\n<meta property=\"og:url\" content=\"https:\/\/ecodef-ihedn.fr\/en\/prix-armee-de-lair-2017\/\" \/>\n<meta property=\"og:site_name\" content=\"Chaire \u00c9conomie de d\u00e9fense - IHEDN\" \/>\n<meta property=\"article:published_time\" content=\"2016-12-01T00:00:00+00:00\" \/>\n<meta property=\"article:modified_time\" content=\"2020-04-30T10:46:33+00:00\" \/>\n<meta property=\"og:image\" content=\"https:\/\/ecodef-ihedn.fr\/wp-content\/uploads\/2020\/02\/ecole-militaire-paris-1.jpg\" \/>\n\t<meta property=\"og:image:width\" content=\"755\" \/>\n\t<meta property=\"og:image:height\" content=\"414\" \/>\n\t<meta property=\"og:image:type\" content=\"image\/jpeg\" \/>\n<meta name=\"author\" content=\"dev\" \/>\n<meta name=\"twitter:card\" content=\"summary_large_image\" \/>\n<meta name=\"twitter:creator\" content=\"@Chaire_Ecodef\" \/>\n<meta name=\"twitter:site\" content=\"@Chaire_Ecodef\" \/>\n<meta name=\"twitter:label1\" content=\"Written by\" \/>\n\t<meta name=\"twitter:data1\" content=\"dev\" \/>\n\t<meta name=\"twitter:label2\" content=\"Estimated reading time\" \/>\n\t<meta name=\"twitter:data2\" content=\"2 minutes\" \/>\n<script type=\"application\/ld+json\" class=\"yoast-schema-graph\">{\"@context\":\"https:\\\/\\\/schema.org\",\"@graph\":[{\"@type\":\"Article\",\"@id\":\"https:\\\/\\\/ecodef-ihedn.fr\\\/prix-armee-de-lair-2017\\\/#article\",\"isPartOf\":{\"@id\":\"https:\\\/\\\/ecodef-ihedn.fr\\\/prix-armee-de-lair-2017\\\/\"},\"author\":{\"name\":\"dev\",\"@id\":\"https:\\\/\\\/ecodef-ihedn.fr\\\/#\\\/schema\\\/person\\\/7b3f1a2d8fd336e0be2f9ff63ff0ebbc\"},\"headline\":\"Prix arm\u00e9e de l&rsquo;air 2017\",\"datePublished\":\"2016-12-01T00:00:00+00:00\",\"dateModified\":\"2020-04-30T10:46:33+00:00\",\"mainEntityOfPage\":{\"@id\":\"https:\\\/\\\/ecodef-ihedn.fr\\\/prix-armee-de-lair-2017\\\/\"},\"wordCount\":391,\"commentCount\":0,\"publisher\":{\"@id\":\"https:\\\/\\\/ecodef-ihedn.fr\\\/#organization\"},\"image\":{\"@id\":\"https:\\\/\\\/ecodef-ihedn.fr\\\/prix-armee-de-lair-2017\\\/#primaryimage\"},\"thumbnailUrl\":\"https:\\\/\\\/ecodef-ihedn.fr\\\/wp-content\\\/uploads\\\/2020\\\/02\\\/ecole-militaire-paris-1.jpg\",\"articleSection\":[\"Actualit\u00e9s du r\u00e9seau\"],\"inLanguage\":\"en-GB\",\"potentialAction\":[{\"@type\":\"CommentAction\",\"name\":\"Comment\",\"target\":[\"https:\\\/\\\/ecodef-ihedn.fr\\\/prix-armee-de-lair-2017\\\/#respond\"]}]},{\"@type\":\"WebPage\",\"@id\":\"https:\\\/\\\/ecodef-ihedn.fr\\\/prix-armee-de-lair-2017\\\/\",\"url\":\"https:\\\/\\\/ecodef-ihedn.fr\\\/prix-armee-de-lair-2017\\\/\",\"name\":\"Prix arm\u00e9e de l'air 2017 - Chaire \u00c9conomie de d\u00e9fense - IHEDN\",\"isPartOf\":{\"@id\":\"https:\\\/\\\/ecodef-ihedn.fr\\\/#website\"},\"primaryImageOfPage\":{\"@id\":\"https:\\\/\\\/ecodef-ihedn.fr\\\/prix-armee-de-lair-2017\\\/#primaryimage\"},\"image\":{\"@id\":\"https:\\\/\\\/ecodef-ihedn.fr\\\/prix-armee-de-lair-2017\\\/#primaryimage\"},\"thumbnailUrl\":\"https:\\\/\\\/ecodef-ihedn.fr\\\/wp-content\\\/uploads\\\/2020\\\/02\\\/ecole-militaire-paris-1.jpg\",\"datePublished\":\"2016-12-01T00:00:00+00:00\",\"dateModified\":\"2020-04-30T10:46:33+00:00\",\"breadcrumb\":{\"@id\":\"https:\\\/\\\/ecodef-ihedn.fr\\\/prix-armee-de-lair-2017\\\/#breadcrumb\"},\"inLanguage\":\"en-GB\",\"potentialAction\":[{\"@type\":\"ReadAction\",\"target\":[\"https:\\\/\\\/ecodef-ihedn.fr\\\/prix-armee-de-lair-2017\\\/\"]}]},{\"@type\":\"ImageObject\",\"inLanguage\":\"en-GB\",\"@id\":\"https:\\\/\\\/ecodef-ihedn.fr\\\/prix-armee-de-lair-2017\\\/#primaryimage\",\"url\":\"https:\\\/\\\/ecodef-ihedn.fr\\\/wp-content\\\/uploads\\\/2020\\\/02\\\/ecole-militaire-paris-1.jpg\",\"contentUrl\":\"https:\\\/\\\/ecodef-ihedn.fr\\\/wp-content\\\/uploads\\\/2020\\\/02\\\/ecole-militaire-paris-1.jpg\",\"width\":755,\"height\":414},{\"@type\":\"BreadcrumbList\",\"@id\":\"https:\\\/\\\/ecodef-ihedn.fr\\\/prix-armee-de-lair-2017\\\/#breadcrumb\",\"itemListElement\":[{\"@type\":\"ListItem\",\"position\":1,\"name\":\"Accueil\",\"item\":\"https:\\\/\\\/ecodef-ihedn.fr\\\/\"},{\"@type\":\"ListItem\",\"position\":2,\"name\":\"Prix arm\u00e9e de l&#8217;air 2017\"}]},{\"@type\":\"WebSite\",\"@id\":\"https:\\\/\\\/ecodef-ihedn.fr\\\/#website\",\"url\":\"https:\\\/\\\/ecodef-ihedn.fr\\\/\",\"name\":\"Chaire \u00c9conomie de D\u00e9fense - IHEDN\",\"description\":\"Produire &amp; soutenir, f\u00e9d\u00e9rer &amp; diffuser, \u00eatre une interface\",\"publisher\":{\"@id\":\"https:\\\/\\\/ecodef-ihedn.fr\\\/#organization\"},\"potentialAction\":[{\"@type\":\"SearchAction\",\"target\":{\"@type\":\"EntryPoint\",\"urlTemplate\":\"https:\\\/\\\/ecodef-ihedn.fr\\\/?s={search_term_string}\"},\"query-input\":{\"@type\":\"PropertyValueSpecification\",\"valueRequired\":true,\"valueName\":\"search_term_string\"}}],\"inLanguage\":\"en-GB\"},{\"@type\":\"Organization\",\"@id\":\"https:\\\/\\\/ecodef-ihedn.fr\\\/#organization\",\"name\":\"Chaire \u00c9conomie de d\u00e9fense - IHEDN\",\"url\":\"https:\\\/\\\/ecodef-ihedn.fr\\\/\",\"logo\":{\"@type\":\"ImageObject\",\"inLanguage\":\"en-GB\",\"@id\":\"https:\\\/\\\/ecodef-ihedn.fr\\\/#\\\/schema\\\/logo\\\/image\\\/\",\"url\":\"https:\\\/\\\/ecodef-ihedn.fr\\\/wp-content\\\/uploads\\\/2020\\\/04\\\/logoEcodef9.jpg\",\"contentUrl\":\"https:\\\/\\\/ecodef-ihedn.fr\\\/wp-content\\\/uploads\\\/2020\\\/04\\\/logoEcodef9.jpg\",\"width\":410,\"height\":212,\"caption\":\"Chaire \u00c9conomie de d\u00e9fense - IHEDN\"},\"image\":{\"@id\":\"https:\\\/\\\/ecodef-ihedn.fr\\\/#\\\/schema\\\/logo\\\/image\\\/\"},\"sameAs\":[\"https:\\\/\\\/x.com\\\/Chaire_Ecodef\",\"https:\\\/\\\/www.linkedin.com\\\/company\\\/chaire-ecodef-ihedn\\\/\"]},{\"@type\":\"Person\",\"@id\":\"https:\\\/\\\/ecodef-ihedn.fr\\\/#\\\/schema\\\/person\\\/7b3f1a2d8fd336e0be2f9ff63ff0ebbc\",\"name\":\"dev\",\"image\":{\"@type\":\"ImageObject\",\"inLanguage\":\"en-GB\",\"@id\":\"https:\\\/\\\/secure.gravatar.com\\\/avatar\\\/f1ffcac9ca2fa95ad3ec33e9be3ade82f752acb0cabe541e56c5889225afa88a?s=96&d=mm&r=g\",\"url\":\"https:\\\/\\\/secure.gravatar.com\\\/avatar\\\/f1ffcac9ca2fa95ad3ec33e9be3ade82f752acb0cabe541e56c5889225afa88a?s=96&d=mm&r=g\",\"contentUrl\":\"https:\\\/\\\/secure.gravatar.com\\\/avatar\\\/f1ffcac9ca2fa95ad3ec33e9be3ade82f752acb0cabe541e56c5889225afa88a?s=96&d=mm&r=g\",\"caption\":\"dev\"},\"url\":\"https:\\\/\\\/ecodef-ihedn.fr\\\/en\\\/author\\\/dev\\\/\"}]}<\/script>\n<!-- \/ Yoast SEO plugin. -->","yoast_head_json":{"title":"Prix arm\u00e9e de l'air 2017 - Chaire \u00c9conomie de d\u00e9fense - IHEDN","robots":{"index":"index","follow":"follow","max-snippet":"max-snippet:-1","max-image-preview":"max-image-preview:large","max-video-preview":"max-video-preview:-1"},"canonical":"https:\/\/ecodef-ihedn.fr\/en\/prix-armee-de-lair-2017\/","og_locale":"en_GB","og_type":"article","og_title":"Prix arm\u00e9e de l'air 2017 - Chaire \u00c9conomie de d\u00e9fense - IHEDN","og_description":"Chaque ann\u00e9e, l\u2019arm\u00e9e de l\u2019air r\u00e9compense les meilleurs m\u00e9moires \u00ab\u00a0Air et espace\u00a0\u00bb dans le cadre des prix Cl\u00e9ment Ader et Ren\u00e9 Mouchotte. Ces prix ont \u00e9t\u00e9 cr\u00e9\u00e9s par arr\u00eat\u00e9 du ministre de la D\u00e9fense du 15 mars 2004 afin\u00a0: \u00ab\u00a0d\u2019encourager, de susciter et de promouvoir des \u00e9tudes ou des travaux de recherche en relation avec [&hellip;]","og_url":"https:\/\/ecodef-ihedn.fr\/en\/prix-armee-de-lair-2017\/","og_site_name":"Chaire \u00c9conomie de d\u00e9fense - IHEDN","article_published_time":"2016-12-01T00:00:00+00:00","article_modified_time":"2020-04-30T10:46:33+00:00","og_image":[{"width":755,"height":414,"url":"https:\/\/ecodef-ihedn.fr\/wp-content\/uploads\/2020\/02\/ecole-militaire-paris-1.jpg","type":"image\/jpeg"}],"author":"dev","twitter_card":"summary_large_image","twitter_creator":"@Chaire_Ecodef","twitter_site":"@Chaire_Ecodef","twitter_misc":{"Written by":"dev","Estimated reading time":"2 minutes"},"schema":{"@context":"https:\/\/schema.org","@graph":[{"@type":"Article","@id":"https:\/\/ecodef-ihedn.fr\/prix-armee-de-lair-2017\/#article","isPartOf":{"@id":"https:\/\/ecodef-ihedn.fr\/prix-armee-de-lair-2017\/"},"author":{"name":"dev","@id":"https:\/\/ecodef-ihedn.fr\/#\/schema\/person\/7b3f1a2d8fd336e0be2f9ff63ff0ebbc"},"headline":"Prix arm\u00e9e de l&rsquo;air 2017","datePublished":"2016-12-01T00:00:00+00:00","dateModified":"2020-04-30T10:46:33+00:00","mainEntityOfPage":{"@id":"https:\/\/ecodef-ihedn.fr\/prix-armee-de-lair-2017\/"},"wordCount":391,"commentCount":0,"publisher":{"@id":"https:\/\/ecodef-ihedn.fr\/#organization"},"image":{"@id":"https:\/\/ecodef-ihedn.fr\/prix-armee-de-lair-2017\/#primaryimage"},"thumbnailUrl":"https:\/\/ecodef-ihedn.fr\/wp-content\/uploads\/2020\/02\/ecole-militaire-paris-1.jpg","articleSection":["Actualit\u00e9s du r\u00e9seau"],"inLanguage":"en-GB","potentialAction":[{"@type":"CommentAction","name":"Comment","target":["https:\/\/ecodef-ihedn.fr\/prix-armee-de-lair-2017\/#respond"]}]},{"@type":"WebPage","@id":"https:\/\/ecodef-ihedn.fr\/prix-armee-de-lair-2017\/","url":"https:\/\/ecodef-ihedn.fr\/prix-armee-de-lair-2017\/","name":"Prix arm\u00e9e de l'air 2017 - Chaire \u00c9conomie de d\u00e9fense - IHEDN","isPartOf":{"@id":"https:\/\/ecodef-ihedn.fr\/#website"},"primaryImageOfPage":{"@id":"https:\/\/ecodef-ihedn.fr\/prix-armee-de-lair-2017\/#primaryimage"},"image":{"@id":"https:\/\/ecodef-ihedn.fr\/prix-armee-de-lair-2017\/#primaryimage"},"thumbnailUrl":"https:\/\/ecodef-ihedn.fr\/wp-content\/uploads\/2020\/02\/ecole-militaire-paris-1.jpg","datePublished":"2016-12-01T00:00:00+00:00","dateModified":"2020-04-30T10:46:33+00:00","breadcrumb":{"@id":"https:\/\/ecodef-ihedn.fr\/prix-armee-de-lair-2017\/#breadcrumb"},"inLanguage":"en-GB","potentialAction":[{"@type":"ReadAction","target":["https:\/\/ecodef-ihedn.fr\/prix-armee-de-lair-2017\/"]}]},{"@type":"ImageObject","inLanguage":"en-GB","@id":"https:\/\/ecodef-ihedn.fr\/prix-armee-de-lair-2017\/#primaryimage","url":"https:\/\/ecodef-ihedn.fr\/wp-content\/uploads\/2020\/02\/ecole-militaire-paris-1.jpg","contentUrl":"https:\/\/ecodef-ihedn.fr\/wp-content\/uploads\/2020\/02\/ecole-militaire-paris-1.jpg","width":755,"height":414},{"@type":"BreadcrumbList","@id":"https:\/\/ecodef-ihedn.fr\/prix-armee-de-lair-2017\/#breadcrumb","itemListElement":[{"@type":"ListItem","position":1,"name":"Accueil","item":"https:\/\/ecodef-ihedn.fr\/"},{"@type":"ListItem","position":2,"name":"Prix arm\u00e9e de l&#8217;air 2017"}]},{"@type":"WebSite","@id":"https:\/\/ecodef-ihedn.fr\/#website","url":"https:\/\/ecodef-ihedn.fr\/","name":"Chair in Defence Economics - IHEDN","description":"Produce &amp; support, federate &amp; disseminate, act as an interface","publisher":{"@id":"https:\/\/ecodef-ihedn.fr\/#organization"},"potentialAction":[{"@type":"SearchAction","target":{"@type":"EntryPoint","urlTemplate":"https:\/\/ecodef-ihedn.fr\/?s={search_term_string}"},"query-input":{"@type":"PropertyValueSpecification","valueRequired":true,"valueName":"search_term_string"}}],"inLanguage":"en-GB"},{"@type":"Organization","@id":"https:\/\/ecodef-ihedn.fr\/#organization","name":"Chair in Defence Economics - IHEDN","url":"https:\/\/ecodef-ihedn.fr\/","logo":{"@type":"ImageObject","inLanguage":"en-GB","@id":"https:\/\/ecodef-ihedn.fr\/#\/schema\/logo\/image\/","url":"https:\/\/ecodef-ihedn.fr\/wp-content\/uploads\/2020\/04\/logoEcodef9.jpg","contentUrl":"https:\/\/ecodef-ihedn.fr\/wp-content\/uploads\/2020\/04\/logoEcodef9.jpg","width":410,"height":212,"caption":"Chaire \u00c9conomie de d\u00e9fense - IHEDN"},"image":{"@id":"https:\/\/ecodef-ihedn.fr\/#\/schema\/logo\/image\/"},"sameAs":["https:\/\/x.com\/Chaire_Ecodef","https:\/\/www.linkedin.com\/company\/chaire-ecodef-ihedn\/"]},{"@type":"Person","@id":"https:\/\/ecodef-ihedn.fr\/#\/schema\/person\/7b3f1a2d8fd336e0be2f9ff63ff0ebbc","name":"dev","image":{"@type":"ImageObject","inLanguage":"en-GB","@id":"https:\/\/secure.gravatar.com\/avatar\/f1ffcac9ca2fa95ad3ec33e9be3ade82f752acb0cabe541e56c5889225afa88a?s=96&d=mm&r=g","url":"https:\/\/secure.gravatar.com\/avatar\/f1ffcac9ca2fa95ad3ec33e9be3ade82f752acb0cabe541e56c5889225afa88a?s=96&d=mm&r=g","contentUrl":"https:\/\/secure.gravatar.com\/avatar\/f1ffcac9ca2fa95ad3ec33e9be3ade82f752acb0cabe541e56c5889225afa88a?s=96&d=mm&r=g","caption":"dev"},"url":"https:\/\/ecodef-ihedn.fr\/en\/author\/dev\/"}]}},"_links":{"self":[{"href":"https:\/\/ecodef-ihedn.fr\/en\/wp-json\/wp\/v2\/posts\/939","targetHints":{"allow":["GET"]}}],"collection":[{"href":"https:\/\/ecodef-ihedn.fr\/en\/wp-json\/wp\/v2\/posts"}],"about":[{"href":"https:\/\/ecodef-ihedn.fr\/en\/wp-json\/wp\/v2\/types\/post"}],"author":[{"embeddable":true,"href":"https:\/\/ecodef-ihedn.fr\/en\/wp-json\/wp\/v2\/users\/1"}],"replies":[{"embeddable":true,"href":"https:\/\/ecodef-ihedn.fr\/en\/wp-json\/wp\/v2\/comments?post=939"}],"version-history":[{"count":1,"href":"https:\/\/ecodef-ihedn.fr\/en\/wp-json\/wp\/v2\/posts\/939\/revisions"}],"predecessor-version":[{"id":967,"href":"https:\/\/ecodef-ihedn.fr\/en\/wp-json\/wp\/v2\/posts\/939\/revisions\/967"}],"wp:featuredmedia":[{"embeddable":true,"href":"https:\/\/ecodef-ihedn.fr\/en\/wp-json\/wp\/v2\/media\/564"}],"wp:attachment":[{"href":"https:\/\/ecodef-ihedn.fr\/en\/wp-json\/wp\/v2\/media?parent=939"}],"wp:term":[{"taxonomy":"category","embeddable":true,"href":"https:\/\/ecodef-ihedn.fr\/en\/wp-json\/wp\/v2\/categories?post=939"},{"taxonomy":"post_tag","embeddable":true,"href":"https:\/\/ecodef-ihedn.fr\/en\/wp-json\/wp\/v2\/tags?post=939"}],"curies":[{"name":"wp","href":"https:\/\/api.w.org\/{rel}","templated":true}]}}