{"id":941,"date":"2017-01-17T00:00:00","date_gmt":"2017-01-17T00:00:00","guid":{"rendered":"https:\/\/ecodef-ihedn.fr\/call-for-papers-conference-on-economics-and-security-2017\/"},"modified":"2020-04-30T10:50:40","modified_gmt":"2020-04-30T10:50:40","slug":"call-for-papers-conference-on-economics-and-security-2017","status":"publish","type":"post","link":"https:\/\/ecodef-ihedn.fr\/en\/call-for-papers-conference-on-economics-and-security-2017\/","title":{"rendered":"Call for papers Conference on Economics and Security 2017"},"content":{"rendered":"<div>\n<div><span style=\"font-family: Times New Roman,serif; font-size: medium;\"><span style=\"color: black; font-family: Tahoma,sans-serif;\"><span lang=\"en-US\">Call for papers for the <\/span><\/span><span style=\"color: black; font-family: Tahoma,sans-serif;\"><span lang=\"en-US\"><b>21<\/b><\/span><\/span><span style=\"font-family: Tahoma,sans-serif;\"><span lang=\"en-US\"><b><sup>st<\/sup><\/b><\/span><\/span><b> <\/b><span style=\"color: black; font-family: Tahoma,sans-serif;\"><span lang=\"en-US\"><b>Annual Conference on Economics and Security<\/b><\/span><\/span><span style=\"color: black; font-family: Tahoma,sans-serif;\"><span lang=\"en-US\"> that will be held at the Royal Military Academy, Brussels on <\/span><\/span><span style=\"font-family: Tahoma,sans-serif;\"><span lang=\"en-US\"><b>22<\/b><\/span><\/span><span style=\"font-family: Tahoma,sans-serif;\"><span lang=\"en-US\"><b><sup>nd<\/sup><\/b><\/span><\/span><span style=\"font-family: Tahoma,sans-serif;\"><span lang=\"en-US\"><b> - 23<\/b><\/span><\/span><span style=\"font-family: Tahoma,sans-serif;\"><span lang=\"en-US\"><b><sup>rd<\/sup><\/b><\/span><\/span><b> <\/b><span style=\"color: black; font-family: Tahoma,sans-serif;\"><span lang=\"en-US\"><b>June 2017<\/b><\/span><\/span><span style=\"color: black; font-family: Tahoma,sans-serif;\"><span lang=\"en-US\">. <\/span><\/span><\/span><\/div>\n<\/div>\n<div>\n<div><span style=\"font-family: Times New Roman,serif; font-size: medium;\"><span style=\"color: black; font-family: Tahoma,sans-serif;\"><span lang=\"en-US\">\u00a0<\/span><\/span><\/span><\/div>\n<\/div>\n<div>\n<div><span style=\"font-family: Times New Roman,serif; font-size: medium;\"><span style=\"color: black; font-family: Tahoma,sans-serif;\"><span lang=\"en-US\">The Vrije Universiteit Brussel welcomes contributions from economists, political scientists and others from around the world to share ideas and discuss the future developments in different research areas related to peace and security.<\/span><\/span><\/span><\/div>\n<\/div>\n<div>\n<div><span style=\"font-family: Times New Roman,serif; font-size: medium;\"><span style=\"color: black; font-family: Tahoma,sans-serif;\"><span lang=\"en-US\">\u00a0<\/span><\/span><\/span><\/div>\n<\/div>\n<div>\n<div><span style=\"font-family: Times New Roman,serif; font-size: medium;\"><span style=\"color: black; font-family: Tahoma,sans-serif;\"><span lang=\"en-US\">Abstracts (maximum 300 words) submitted before <\/span><\/span><span style=\"color: black; font-family: Tahoma,sans-serif;\"><span lang=\"en-US\"><b>1<\/b><\/span><\/span><span style=\"font-family: Tahoma,sans-serif;\"><span lang=\"en-US\"><b><sup>st<\/sup><\/b><\/span><\/span><b> <\/b><span style=\"color: black; font-family: Tahoma,sans-serif;\"><span lang=\"en-US\"><b>April 2017 <\/b><\/span><\/span><span style=\"color: black; font-family: Tahoma,sans-serif;\"><span lang=\"en-US\">will be considered for the conference.<\/span><\/span><\/span><\/div>\n<\/div>\n<div>\n<div><span style=\"font-family: Times New Roman,serif; font-size: medium;\"><span style=\"color: black; font-family: Tahoma,sans-serif;\"><span lang=\"en-US\">\u00a0<\/span><\/span><\/span><\/div>\n<\/div>\n<div>\n<div><span style=\"font-family: Times New Roman,serif; font-size: medium;\"><span style=\"font-family: Tahoma,sans-serif;\"><span lang=\"en-US\">More information on the conference as well as a submission tool for titles and abstracts can be found at:<\/span><\/span><\/span><\/div>\n<div><span style=\"font-family: Times New Roman,serif; font-size: medium;\"><span style=\"color: #1f497d; font-family: Tahoma,sans-serif;\"><span lang=\"en-US\">\u00a0<\/span><\/span><\/span><\/div>\n<div><span style=\"font-family: Times New Roman,serif; font-size: medium;\"><a href=\"https:\/\/172.18.2.252\/owa\/redir.aspx?C=igmBeWggaOIAA4hxdslu_IWsEi84QQHGSVDS5qlTMtUPmgs-rz7UCA..&amp;URL=http%3a%2f%2fwww.rma.ac.be%2fdeml%2f21ConfEconSec\" target=\"_blank\" rel=\"noopener noreferrer\"><span style=\"font-family: Tahoma,sans-serif;\"><span style=\"color: windowtext;\"><span lang=\"en-US\">http:\/\/www.rma.ac.be\/deml\/21ConfEconSec<\/span><\/span><\/span><\/a><\/span><\/div>\n<\/div>\n<div>\n<div><span style=\"font-family: Times New Roman,serif; font-size: medium;\"><span style=\"color: black; font-family: Tahoma,sans-serif;\"><span lang=\"en-US\">\u00a0<\/span><\/span><\/span><\/div>\n<\/div>\n<div>\n<div><span style=\"font-family: Times New Roman,serif; font-size: medium;\"><span style=\"color: black; font-family: Tahoma,sans-serif;\"><span lang=\"en-US\">For further information about the conference, you can contact Cind Du Bois at <\/span><\/span><a href=\"https:\/\/172.18.2.252\/owa\/redir.aspx?C=Insa5y-wOlAPxDTqU47E9bbmdGn5-82MgD8y_kpcERwPmgs-rz7UCA..&amp;URL=mailto%3acindy.dubois%40rma.ac.be\" target=\"_blank\" rel=\"noopener noreferrer\"><span style=\"font-family: Tahoma,sans-serif;\"><span lang=\"en-US\">cindy.dubois@rma.ac.be<\/span><\/span><\/a><span style=\"color: black; font-family: Tahoma,sans-serif;\"><span lang=\"en-US\"> or Caroline Buts at <\/span><\/span><a href=\"https:\/\/172.18.2.252\/owa\/redir.aspx?C=XX_lWU8SKTeW0YyQKT0C4npXm31Jqd3AG0sboQVdMl0Pmgs-rz7UCA..&amp;URL=mailto%3acaroline.buts%40vub.be\" target=\"_blank\" rel=\"noopener noreferrer\"><span style=\"font-family: Tahoma,sans-serif;\"><span lang=\"en-US\">caroline.buts@vub.be<\/span><\/span><\/a><span style=\"color: black; font-family: Tahoma,sans-serif;\"><span lang=\"en-US\">. <\/span><\/span><\/span><\/div>\n<\/div>","protected":false},"excerpt":{"rendered":"<p>Call for papers for the 21st Annual Conference on Economics and Security that will be held at the Royal Military Academy, Brussels on 22nd \u2013 23rd June 2017. \u00a0 The Vrije Universiteit Brussel welcomes contributions from economists, political scientists and others from around the world to share ideas and discuss the future developments in different [&hellip;]<\/p>\n","protected":false},"author":1,"featured_media":564,"comment_status":"open","ping_status":"open","sticky":false,"template":"","format":"standard","meta":{"footnotes":""},"categories":[360],"tags":[],"class_list":{"0":"post-941","1":"post","2":"type-post","3":"status-publish","4":"format-standard","5":"has-post-thumbnail","7":"category-actualites-du-reseau"},"yoast_head":"<!-- This site is optimized with the Yoast SEO plugin v27.4 - https:\/\/yoast.com\/product\/yoast-seo-wordpress\/ -->\n<title>Call for papers Conference on Economics and Security 2017 - Chaire \u00c9conomie de d\u00e9fense - IHEDN<\/title>\n<meta name=\"robots\" content=\"index, follow, max-snippet:-1, max-image-preview:large, max-video-preview:-1\" \/>\n<link rel=\"canonical\" href=\"https:\/\/ecodef-ihedn.fr\/en\/call-for-papers-conference-on-economics-and-security-2017\/\" \/>\n<meta property=\"og:locale\" content=\"en_GB\" \/>\n<meta property=\"og:type\" content=\"article\" \/>\n<meta property=\"og:title\" content=\"Call for papers Conference on Economics and Security 2017 - Chaire \u00c9conomie de d\u00e9fense - IHEDN\" \/>\n<meta property=\"og:description\" content=\"Call for papers for the 21st Annual Conference on Economics and Security that will be held at the Royal Military Academy, Brussels on 22nd \u2013 23rd June 2017. \u00a0 The Vrije Universiteit Brussel welcomes contributions from economists, political scientists and others from around the world to share ideas and discuss the future developments in different [&hellip;]\" \/>\n<meta property=\"og:url\" content=\"https:\/\/ecodef-ihedn.fr\/en\/call-for-papers-conference-on-economics-and-security-2017\/\" \/>\n<meta property=\"og:site_name\" content=\"Chaire \u00c9conomie de d\u00e9fense - IHEDN\" \/>\n<meta property=\"article:published_time\" content=\"2017-01-17T00:00:00+00:00\" \/>\n<meta property=\"article:modified_time\" content=\"2020-04-30T10:50:40+00:00\" \/>\n<meta property=\"og:image\" content=\"https:\/\/ecodef-ihedn.fr\/wp-content\/uploads\/2020\/02\/ecole-militaire-paris-1.jpg\" \/>\n\t<meta property=\"og:image:width\" content=\"755\" \/>\n\t<meta property=\"og:image:height\" content=\"414\" \/>\n\t<meta property=\"og:image:type\" content=\"image\/jpeg\" \/>\n<meta name=\"author\" content=\"dev\" \/>\n<meta name=\"twitter:card\" content=\"summary_large_image\" \/>\n<meta name=\"twitter:creator\" content=\"@Chaire_Ecodef\" \/>\n<meta name=\"twitter:site\" content=\"@Chaire_Ecodef\" \/>\n<meta name=\"twitter:label1\" content=\"Written by\" \/>\n\t<meta name=\"twitter:data1\" content=\"dev\" \/>\n\t<meta name=\"twitter:label2\" content=\"Estimated reading time\" \/>\n\t<meta name=\"twitter:data2\" content=\"1 minute\" \/>\n<script type=\"application\/ld+json\" class=\"yoast-schema-graph\">{\"@context\":\"https:\\\/\\\/schema.org\",\"@graph\":[{\"@type\":\"Article\",\"@id\":\"https:\\\/\\\/ecodef-ihedn.fr\\\/call-for-papers-conference-on-economics-and-security-2017\\\/#article\",\"isPartOf\":{\"@id\":\"https:\\\/\\\/ecodef-ihedn.fr\\\/call-for-papers-conference-on-economics-and-security-2017\\\/\"},\"author\":{\"name\":\"dev\",\"@id\":\"https:\\\/\\\/ecodef-ihedn.fr\\\/#\\\/schema\\\/person\\\/7b3f1a2d8fd336e0be2f9ff63ff0ebbc\"},\"headline\":\"Call for papers Conference on Economics and Security 2017\",\"datePublished\":\"2017-01-17T00:00:00+00:00\",\"dateModified\":\"2020-04-30T10:50:40+00:00\",\"mainEntityOfPage\":{\"@id\":\"https:\\\/\\\/ecodef-ihedn.fr\\\/call-for-papers-conference-on-economics-and-security-2017\\\/\"},\"wordCount\":132,\"commentCount\":0,\"publisher\":{\"@id\":\"https:\\\/\\\/ecodef-ihedn.fr\\\/#organization\"},\"image\":{\"@id\":\"https:\\\/\\\/ecodef-ihedn.fr\\\/call-for-papers-conference-on-economics-and-security-2017\\\/#primaryimage\"},\"thumbnailUrl\":\"https:\\\/\\\/ecodef-ihedn.fr\\\/wp-content\\\/uploads\\\/2020\\\/02\\\/ecole-militaire-paris-1.jpg\",\"articleSection\":[\"Actualit\u00e9s du r\u00e9seau\"],\"inLanguage\":\"en-GB\",\"potentialAction\":[{\"@type\":\"CommentAction\",\"name\":\"Comment\",\"target\":[\"https:\\\/\\\/ecodef-ihedn.fr\\\/call-for-papers-conference-on-economics-and-security-2017\\\/#respond\"]}]},{\"@type\":\"WebPage\",\"@id\":\"https:\\\/\\\/ecodef-ihedn.fr\\\/call-for-papers-conference-on-economics-and-security-2017\\\/\",\"url\":\"https:\\\/\\\/ecodef-ihedn.fr\\\/call-for-papers-conference-on-economics-and-security-2017\\\/\",\"name\":\"Call for papers Conference on Economics and Security 2017 - Chaire \u00c9conomie de d\u00e9fense - IHEDN\",\"isPartOf\":{\"@id\":\"https:\\\/\\\/ecodef-ihedn.fr\\\/#website\"},\"primaryImageOfPage\":{\"@id\":\"https:\\\/\\\/ecodef-ihedn.fr\\\/call-for-papers-conference-on-economics-and-security-2017\\\/#primaryimage\"},\"image\":{\"@id\":\"https:\\\/\\\/ecodef-ihedn.fr\\\/call-for-papers-conference-on-economics-and-security-2017\\\/#primaryimage\"},\"thumbnailUrl\":\"https:\\\/\\\/ecodef-ihedn.fr\\\/wp-content\\\/uploads\\\/2020\\\/02\\\/ecole-militaire-paris-1.jpg\",\"datePublished\":\"2017-01-17T00:00:00+00:00\",\"dateModified\":\"2020-04-30T10:50:40+00:00\",\"breadcrumb\":{\"@id\":\"https:\\\/\\\/ecodef-ihedn.fr\\\/call-for-papers-conference-on-economics-and-security-2017\\\/#breadcrumb\"},\"inLanguage\":\"en-GB\",\"potentialAction\":[{\"@type\":\"ReadAction\",\"target\":[\"https:\\\/\\\/ecodef-ihedn.fr\\\/call-for-papers-conference-on-economics-and-security-2017\\\/\"]}]},{\"@type\":\"ImageObject\",\"inLanguage\":\"en-GB\",\"@id\":\"https:\\\/\\\/ecodef-ihedn.fr\\\/call-for-papers-conference-on-economics-and-security-2017\\\/#primaryimage\",\"url\":\"https:\\\/\\\/ecodef-ihedn.fr\\\/wp-content\\\/uploads\\\/2020\\\/02\\\/ecole-militaire-paris-1.jpg\",\"contentUrl\":\"https:\\\/\\\/ecodef-ihedn.fr\\\/wp-content\\\/uploads\\\/2020\\\/02\\\/ecole-militaire-paris-1.jpg\",\"width\":755,\"height\":414},{\"@type\":\"BreadcrumbList\",\"@id\":\"https:\\\/\\\/ecodef-ihedn.fr\\\/call-for-papers-conference-on-economics-and-security-2017\\\/#breadcrumb\",\"itemListElement\":[{\"@type\":\"ListItem\",\"position\":1,\"name\":\"Accueil\",\"item\":\"https:\\\/\\\/ecodef-ihedn.fr\\\/\"},{\"@type\":\"ListItem\",\"position\":2,\"name\":\"Call for papers Conference on Economics and Security 2017\"}]},{\"@type\":\"WebSite\",\"@id\":\"https:\\\/\\\/ecodef-ihedn.fr\\\/#website\",\"url\":\"https:\\\/\\\/ecodef-ihedn.fr\\\/\",\"name\":\"Chaire \u00c9conomie de D\u00e9fense - IHEDN\",\"description\":\"Produire &amp; soutenir, f\u00e9d\u00e9rer &amp; diffuser, \u00eatre une interface\",\"publisher\":{\"@id\":\"https:\\\/\\\/ecodef-ihedn.fr\\\/#organization\"},\"potentialAction\":[{\"@type\":\"SearchAction\",\"target\":{\"@type\":\"EntryPoint\",\"urlTemplate\":\"https:\\\/\\\/ecodef-ihedn.fr\\\/?s={search_term_string}\"},\"query-input\":{\"@type\":\"PropertyValueSpecification\",\"valueRequired\":true,\"valueName\":\"search_term_string\"}}],\"inLanguage\":\"en-GB\"},{\"@type\":\"Organization\",\"@id\":\"https:\\\/\\\/ecodef-ihedn.fr\\\/#organization\",\"name\":\"Chaire \u00c9conomie de d\u00e9fense - IHEDN\",\"url\":\"https:\\\/\\\/ecodef-ihedn.fr\\\/\",\"logo\":{\"@type\":\"ImageObject\",\"inLanguage\":\"en-GB\",\"@id\":\"https:\\\/\\\/ecodef-ihedn.fr\\\/#\\\/schema\\\/logo\\\/image\\\/\",\"url\":\"https:\\\/\\\/ecodef-ihedn.fr\\\/wp-content\\\/uploads\\\/2020\\\/04\\\/logoEcodef9.jpg\",\"contentUrl\":\"https:\\\/\\\/ecodef-ihedn.fr\\\/wp-content\\\/uploads\\\/2020\\\/04\\\/logoEcodef9.jpg\",\"width\":410,\"height\":212,\"caption\":\"Chaire \u00c9conomie de d\u00e9fense - IHEDN\"},\"image\":{\"@id\":\"https:\\\/\\\/ecodef-ihedn.fr\\\/#\\\/schema\\\/logo\\\/image\\\/\"},\"sameAs\":[\"https:\\\/\\\/x.com\\\/Chaire_Ecodef\",\"https:\\\/\\\/www.linkedin.com\\\/company\\\/chaire-ecodef-ihedn\\\/\"]},{\"@type\":\"Person\",\"@id\":\"https:\\\/\\\/ecodef-ihedn.fr\\\/#\\\/schema\\\/person\\\/7b3f1a2d8fd336e0be2f9ff63ff0ebbc\",\"name\":\"dev\",\"image\":{\"@type\":\"ImageObject\",\"inLanguage\":\"en-GB\",\"@id\":\"https:\\\/\\\/secure.gravatar.com\\\/avatar\\\/f1ffcac9ca2fa95ad3ec33e9be3ade82f752acb0cabe541e56c5889225afa88a?s=96&d=mm&r=g\",\"url\":\"https:\\\/\\\/secure.gravatar.com\\\/avatar\\\/f1ffcac9ca2fa95ad3ec33e9be3ade82f752acb0cabe541e56c5889225afa88a?s=96&d=mm&r=g\",\"contentUrl\":\"https:\\\/\\\/secure.gravatar.com\\\/avatar\\\/f1ffcac9ca2fa95ad3ec33e9be3ade82f752acb0cabe541e56c5889225afa88a?s=96&d=mm&r=g\",\"caption\":\"dev\"},\"url\":\"https:\\\/\\\/ecodef-ihedn.fr\\\/en\\\/author\\\/dev\\\/\"}]}<\/script>\n<!-- \/ Yoast SEO plugin. -->","yoast_head_json":{"title":"Call for papers Conference on Economics and Security 2017 - Chaire \u00c9conomie de d\u00e9fense - IHEDN","robots":{"index":"index","follow":"follow","max-snippet":"max-snippet:-1","max-image-preview":"max-image-preview:large","max-video-preview":"max-video-preview:-1"},"canonical":"https:\/\/ecodef-ihedn.fr\/en\/call-for-papers-conference-on-economics-and-security-2017\/","og_locale":"en_GB","og_type":"article","og_title":"Call for papers Conference on Economics and Security 2017 - Chaire \u00c9conomie de d\u00e9fense - IHEDN","og_description":"Call for papers for the 21st Annual Conference on Economics and Security that will be held at the Royal Military Academy, Brussels on 22nd \u2013 23rd June 2017. \u00a0 The Vrije Universiteit Brussel welcomes contributions from economists, political scientists and others from around the world to share ideas and discuss the future developments in different [&hellip;]","og_url":"https:\/\/ecodef-ihedn.fr\/en\/call-for-papers-conference-on-economics-and-security-2017\/","og_site_name":"Chaire \u00c9conomie de d\u00e9fense - IHEDN","article_published_time":"2017-01-17T00:00:00+00:00","article_modified_time":"2020-04-30T10:50:40+00:00","og_image":[{"width":755,"height":414,"url":"https:\/\/ecodef-ihedn.fr\/wp-content\/uploads\/2020\/02\/ecole-militaire-paris-1.jpg","type":"image\/jpeg"}],"author":"dev","twitter_card":"summary_large_image","twitter_creator":"@Chaire_Ecodef","twitter_site":"@Chaire_Ecodef","twitter_misc":{"Written by":"dev","Estimated reading time":"1 minute"},"schema":{"@context":"https:\/\/schema.org","@graph":[{"@type":"Article","@id":"https:\/\/ecodef-ihedn.fr\/call-for-papers-conference-on-economics-and-security-2017\/#article","isPartOf":{"@id":"https:\/\/ecodef-ihedn.fr\/call-for-papers-conference-on-economics-and-security-2017\/"},"author":{"name":"dev","@id":"https:\/\/ecodef-ihedn.fr\/#\/schema\/person\/7b3f1a2d8fd336e0be2f9ff63ff0ebbc"},"headline":"Call for papers Conference on Economics and Security 2017","datePublished":"2017-01-17T00:00:00+00:00","dateModified":"2020-04-30T10:50:40+00:00","mainEntityOfPage":{"@id":"https:\/\/ecodef-ihedn.fr\/call-for-papers-conference-on-economics-and-security-2017\/"},"wordCount":132,"commentCount":0,"publisher":{"@id":"https:\/\/ecodef-ihedn.fr\/#organization"},"image":{"@id":"https:\/\/ecodef-ihedn.fr\/call-for-papers-conference-on-economics-and-security-2017\/#primaryimage"},"thumbnailUrl":"https:\/\/ecodef-ihedn.fr\/wp-content\/uploads\/2020\/02\/ecole-militaire-paris-1.jpg","articleSection":["Actualit\u00e9s du r\u00e9seau"],"inLanguage":"en-GB","potentialAction":[{"@type":"CommentAction","name":"Comment","target":["https:\/\/ecodef-ihedn.fr\/call-for-papers-conference-on-economics-and-security-2017\/#respond"]}]},{"@type":"WebPage","@id":"https:\/\/ecodef-ihedn.fr\/call-for-papers-conference-on-economics-and-security-2017\/","url":"https:\/\/ecodef-ihedn.fr\/call-for-papers-conference-on-economics-and-security-2017\/","name":"Call for papers Conference on Economics and Security 2017 - Chaire \u00c9conomie de d\u00e9fense - IHEDN","isPartOf":{"@id":"https:\/\/ecodef-ihedn.fr\/#website"},"primaryImageOfPage":{"@id":"https:\/\/ecodef-ihedn.fr\/call-for-papers-conference-on-economics-and-security-2017\/#primaryimage"},"image":{"@id":"https:\/\/ecodef-ihedn.fr\/call-for-papers-conference-on-economics-and-security-2017\/#primaryimage"},"thumbnailUrl":"https:\/\/ecodef-ihedn.fr\/wp-content\/uploads\/2020\/02\/ecole-militaire-paris-1.jpg","datePublished":"2017-01-17T00:00:00+00:00","dateModified":"2020-04-30T10:50:40+00:00","breadcrumb":{"@id":"https:\/\/ecodef-ihedn.fr\/call-for-papers-conference-on-economics-and-security-2017\/#breadcrumb"},"inLanguage":"en-GB","potentialAction":[{"@type":"ReadAction","target":["https:\/\/ecodef-ihedn.fr\/call-for-papers-conference-on-economics-and-security-2017\/"]}]},{"@type":"ImageObject","inLanguage":"en-GB","@id":"https:\/\/ecodef-ihedn.fr\/call-for-papers-conference-on-economics-and-security-2017\/#primaryimage","url":"https:\/\/ecodef-ihedn.fr\/wp-content\/uploads\/2020\/02\/ecole-militaire-paris-1.jpg","contentUrl":"https:\/\/ecodef-ihedn.fr\/wp-content\/uploads\/2020\/02\/ecole-militaire-paris-1.jpg","width":755,"height":414},{"@type":"BreadcrumbList","@id":"https:\/\/ecodef-ihedn.fr\/call-for-papers-conference-on-economics-and-security-2017\/#breadcrumb","itemListElement":[{"@type":"ListItem","position":1,"name":"Accueil","item":"https:\/\/ecodef-ihedn.fr\/"},{"@type":"ListItem","position":2,"name":"Call for papers Conference on Economics and Security 2017"}]},{"@type":"WebSite","@id":"https:\/\/ecodef-ihedn.fr\/#website","url":"https:\/\/ecodef-ihedn.fr\/","name":"Chair in Defence Economics - IHEDN","description":"Produce &amp; support, federate &amp; disseminate, act as an interface","publisher":{"@id":"https:\/\/ecodef-ihedn.fr\/#organization"},"potentialAction":[{"@type":"SearchAction","target":{"@type":"EntryPoint","urlTemplate":"https:\/\/ecodef-ihedn.fr\/?s={search_term_string}"},"query-input":{"@type":"PropertyValueSpecification","valueRequired":true,"valueName":"search_term_string"}}],"inLanguage":"en-GB"},{"@type":"Organization","@id":"https:\/\/ecodef-ihedn.fr\/#organization","name":"Chair in Defence Economics - IHEDN","url":"https:\/\/ecodef-ihedn.fr\/","logo":{"@type":"ImageObject","inLanguage":"en-GB","@id":"https:\/\/ecodef-ihedn.fr\/#\/schema\/logo\/image\/","url":"https:\/\/ecodef-ihedn.fr\/wp-content\/uploads\/2020\/04\/logoEcodef9.jpg","contentUrl":"https:\/\/ecodef-ihedn.fr\/wp-content\/uploads\/2020\/04\/logoEcodef9.jpg","width":410,"height":212,"caption":"Chaire \u00c9conomie de d\u00e9fense - IHEDN"},"image":{"@id":"https:\/\/ecodef-ihedn.fr\/#\/schema\/logo\/image\/"},"sameAs":["https:\/\/x.com\/Chaire_Ecodef","https:\/\/www.linkedin.com\/company\/chaire-ecodef-ihedn\/"]},{"@type":"Person","@id":"https:\/\/ecodef-ihedn.fr\/#\/schema\/person\/7b3f1a2d8fd336e0be2f9ff63ff0ebbc","name":"dev","image":{"@type":"ImageObject","inLanguage":"en-GB","@id":"https:\/\/secure.gravatar.com\/avatar\/f1ffcac9ca2fa95ad3ec33e9be3ade82f752acb0cabe541e56c5889225afa88a?s=96&d=mm&r=g","url":"https:\/\/secure.gravatar.com\/avatar\/f1ffcac9ca2fa95ad3ec33e9be3ade82f752acb0cabe541e56c5889225afa88a?s=96&d=mm&r=g","contentUrl":"https:\/\/secure.gravatar.com\/avatar\/f1ffcac9ca2fa95ad3ec33e9be3ade82f752acb0cabe541e56c5889225afa88a?s=96&d=mm&r=g","caption":"dev"},"url":"https:\/\/ecodef-ihedn.fr\/en\/author\/dev\/"}]}},"_links":{"self":[{"href":"https:\/\/ecodef-ihedn.fr\/en\/wp-json\/wp\/v2\/posts\/941","targetHints":{"allow":["GET"]}}],"collection":[{"href":"https:\/\/ecodef-ihedn.fr\/en\/wp-json\/wp\/v2\/posts"}],"about":[{"href":"https:\/\/ecodef-ihedn.fr\/en\/wp-json\/wp\/v2\/types\/post"}],"author":[{"embeddable":true,"href":"https:\/\/ecodef-ihedn.fr\/en\/wp-json\/wp\/v2\/users\/1"}],"replies":[{"embeddable":true,"href":"https:\/\/ecodef-ihedn.fr\/en\/wp-json\/wp\/v2\/comments?post=941"}],"version-history":[{"count":1,"href":"https:\/\/ecodef-ihedn.fr\/en\/wp-json\/wp\/v2\/posts\/941\/revisions"}],"predecessor-version":[{"id":969,"href":"https:\/\/ecodef-ihedn.fr\/en\/wp-json\/wp\/v2\/posts\/941\/revisions\/969"}],"wp:featuredmedia":[{"embeddable":true,"href":"https:\/\/ecodef-ihedn.fr\/en\/wp-json\/wp\/v2\/media\/564"}],"wp:attachment":[{"href":"https:\/\/ecodef-ihedn.fr\/en\/wp-json\/wp\/v2\/media?parent=941"}],"wp:term":[{"taxonomy":"category","embeddable":true,"href":"https:\/\/ecodef-ihedn.fr\/en\/wp-json\/wp\/v2\/categories?post=941"},{"taxonomy":"post_tag","embeddable":true,"href":"https:\/\/ecodef-ihedn.fr\/en\/wp-json\/wp\/v2\/tags?post=941"}],"curies":[{"name":"wp","href":"https:\/\/api.w.org\/{rel}","templated":true}]}}