{"id":942,"date":"2017-02-28T00:00:00","date_gmt":"2017-02-28T00:00:00","guid":{"rendered":"https:\/\/ecodef-ihedn.fr\/conference-les-industries-de-defense-un-atout-pour-leconomie\/"},"modified":"2020-04-09T13:11:29","modified_gmt":"2020-04-09T13:11:29","slug":"conference-les-industries-de-defense-un-atout-pour-leconomie","status":"publish","type":"post","link":"https:\/\/ecodef-ihedn.fr\/en\/conference-les-industries-de-defense-un-atout-pour-leconomie\/","title":{"rendered":"Conference: Defence industries, an asset for the economy?"},"content":{"rendered":"<h3 style=\"text-align: center;\">Wednesday 22nd March 2017<\/h3>\n<h3 style=\"text-align: center;\">1.30 pm to 6 pm<\/h3>\n<p style=\"text-align: center;\"><strong><span style=\"font-size: small;\">Alliance Fran\u00e7aise -101 bd Raspail, 75006<\/span><\/strong><\/p>\n<h3 style=\"text-align: center;\"><a href=\"https:\/\/www.eventbrite.co.uk\/e\/les-industries-de-defense-un-atout-pour-leconomie-tickets-32685261497\">Open to all with registration<\/a><\/h3>\n<p>&nbsp;<\/p>\n<p><a href=\"https:\/\/ecodef-ihedn.fr\/wp-content\/uploads\/2020\/04\/Cercle-Ecodef.png\"><img loading=\"lazy\" decoding=\"async\" class=\"wp-image-5390 aligncenter\" src=\"https:\/\/ecodef-ihedn.fr\/wp-content\/uploads\/2020\/04\/Cercle-Ecodef.png\" alt=\"\" width=\"233\" height=\"130\" \/><\/a><\/p>\n<p>Since the attacks in France, the French seem increasingly convinced of the need for defence and have a good image of the armed forces. 81% of French people would like to see the defence budget maintained or increased, and 66% believe that <a href=\"http:\/\/www.defense.gouv.fr\/portail-defense\/mediatheque\/publications\/les-chiffres-cles-de-sondages-de-la-defense-juillet-2016\">the current security situation calls for an additional budgetary effort<\/a>.<\/p>\n<p>Apart from the need for context, the study, led by the Cercle des \u00e9conomistes and the first results of which will be available in March, should show that investment in the defence sector is beneficial to the national economy. These economic benefits are more long-term than political ones.<\/p>\n<p>The aim of this seminar, organised 2 months before a presidential election, is to give the general public a clear understanding of the economic challenges facing the defence sector.<\/p>\n<p>&nbsp;<\/p>\n<p><strong>Programme and speakers <\/strong><em>(subject to change)\u00a0<\/em><strong>:<\/strong><\/p>\n<p><strong>14h00-15h00: Is the World riskier?<\/strong><\/p>\n<ul>\n<li>Enrico <strong>Letta<\/strong>, Former Italian Prime Minister<\/li>\n<li>Jean-Herv\u00e9 <strong>Lorenzi<\/strong>, Chairman of the Cercle des \u00e9conomistes<\/li>\n<\/ul>\n<p><strong>15:00-16:00: How can the defence industry adapt to new risks? <\/strong><\/p>\n<ul>\n<li>Marwan <strong>Lahoud<\/strong>, Vice President, International and Strategy, Airbus<\/li>\n<li>Laurent <strong>Collet-Billon<\/strong>, General Delegate for Armaments<\/li>\n<li>Christian <strong>de Boissieu<\/strong>, member of the Cercle des \u00e9conomistes<\/li>\n<\/ul>\n<p><strong>16:00-17:00: What role does the defence industry play in value creation? \u00a0<\/strong><\/p>\n<ul>\n<li>Philippe <strong>Aghion<\/strong>, member of the Cercle des \u00e9conomistes<\/li>\n<li>Jean <strong>Belin<\/strong>, Holder of the Chair in Defence Economics<\/li>\n<li>Jean-Yves <strong>Battest<\/strong>i, General Secretary of DCNS<\/li>\n<\/ul>\n<p><strong>17:00-18:00: The defence economy, an engine for growth in France \u00a0<\/strong><\/p>\n<ul>\n<li>Presentation of the results by the Cercle des \u00e9conomistes<\/li>\n<li>Conclusion by <strong>Jean-Yves Le Drian<\/strong><\/li>\n<\/ul>\n<p style=\"text-align: center;\"><a href=\"https:\/\/www.eventbrite.co.uk\/e\/les-industries-de-defense-un-atout-pour-leconomie-tickets-32685261497\"><strong>Click here to register<\/strong><\/a><\/p>","protected":false},"excerpt":{"rendered":"<p>Mercredi 22 mars 2017 13h30 \u00e0 18h00 Alliance Fran\u00e7aise -101 bd Raspail, 75006 Ouvert \u00e0 tous sur inscription &nbsp; Depuis les attentats qui ont frapp\u00e9 la France, les Fran\u00e7ais semblent de plus en plus convaincus de la n\u00e9cessit\u00e9 d\u2019une d\u00e9fense et ont une bonne image des arm\u00e9es. Ainsi 81% des Fran\u00e7ais souhaitent que le budget [&hellip;]<\/p>\n","protected":false},"author":1,"featured_media":943,"comment_status":"open","ping_status":"open","sticky":false,"template":"","format":"standard","meta":{"footnotes":""},"categories":[355],"tags":[],"class_list":{"0":"post-942","1":"post","2":"type-post","3":"status-publish","4":"format-standard","5":"has-post-thumbnail","7":"category-activites-evenements-portes-par-la-chaire"},"yoast_head":"<!-- This site is optimized with the Yoast SEO plugin v27.4 - https:\/\/yoast.com\/product\/yoast-seo-wordpress\/ -->\n<title>Conf\u00e9rence : Les industries de d\u00e9fense, un atout pour l\u2019\u00e9conomie ? - Chaire \u00c9conomie de d\u00e9fense - IHEDN<\/title>\n<meta name=\"robots\" content=\"index, follow, max-snippet:-1, max-image-preview:large, max-video-preview:-1\" \/>\n<link rel=\"canonical\" href=\"https:\/\/ecodef-ihedn.fr\/en\/conference-les-industries-de-defense-un-atout-pour-leconomie\/\" \/>\n<meta property=\"og:locale\" content=\"en_GB\" \/>\n<meta property=\"og:type\" content=\"article\" \/>\n<meta property=\"og:title\" content=\"Conf\u00e9rence : Les industries de d\u00e9fense, un atout pour l\u2019\u00e9conomie ? - Chaire \u00c9conomie de d\u00e9fense - IHEDN\" \/>\n<meta property=\"og:description\" content=\"Mercredi 22 mars 2017 13h30 \u00e0 18h00 Alliance Fran\u00e7aise -101 bd Raspail, 75006 Ouvert \u00e0 tous sur inscription &nbsp; Depuis les attentats qui ont frapp\u00e9 la France, les Fran\u00e7ais semblent de plus en plus convaincus de la n\u00e9cessit\u00e9 d\u2019une d\u00e9fense et ont une bonne image des arm\u00e9es. Ainsi 81% des Fran\u00e7ais souhaitent que le budget [&hellip;]\" \/>\n<meta property=\"og:url\" content=\"https:\/\/ecodef-ihedn.fr\/en\/conference-les-industries-de-defense-un-atout-pour-leconomie\/\" \/>\n<meta property=\"og:site_name\" content=\"Chaire \u00c9conomie de d\u00e9fense - IHEDN\" \/>\n<meta property=\"article:published_time\" content=\"2017-02-28T00:00:00+00:00\" \/>\n<meta property=\"article:modified_time\" content=\"2020-04-09T13:11:29+00:00\" \/>\n<meta property=\"og:image\" content=\"https:\/\/ecodef-ihedn.fr\/wp-content\/uploads\/2020\/04\/Cercle-Ecodef.png\" \/>\n\t<meta property=\"og:image:width\" content=\"1160\" \/>\n\t<meta property=\"og:image:height\" content=\"646\" \/>\n\t<meta property=\"og:image:type\" content=\"image\/png\" \/>\n<meta name=\"author\" content=\"dev\" \/>\n<meta name=\"twitter:card\" content=\"summary_large_image\" \/>\n<meta name=\"twitter:creator\" content=\"@Chaire_Ecodef\" \/>\n<meta name=\"twitter:site\" content=\"@Chaire_Ecodef\" \/>\n<meta name=\"twitter:label1\" content=\"Written by\" \/>\n\t<meta name=\"twitter:data1\" content=\"dev\" \/>\n\t<meta name=\"twitter:label2\" content=\"Estimated reading time\" \/>\n\t<meta name=\"twitter:data2\" content=\"2 minutes\" \/>\n<script type=\"application\/ld+json\" class=\"yoast-schema-graph\">{\"@context\":\"https:\\\/\\\/schema.org\",\"@graph\":[{\"@type\":\"Article\",\"@id\":\"https:\\\/\\\/ecodef-ihedn.fr\\\/conference-les-industries-de-defense-un-atout-pour-leconomie\\\/#article\",\"isPartOf\":{\"@id\":\"https:\\\/\\\/ecodef-ihedn.fr\\\/conference-les-industries-de-defense-un-atout-pour-leconomie\\\/\"},\"author\":{\"name\":\"dev\",\"@id\":\"https:\\\/\\\/ecodef-ihedn.fr\\\/#\\\/schema\\\/person\\\/7b3f1a2d8fd336e0be2f9ff63ff0ebbc\"},\"headline\":\"Conf\u00e9rence : Les industries de d\u00e9fense, un atout pour l\u2019\u00e9conomie ?\",\"datePublished\":\"2017-02-28T00:00:00+00:00\",\"dateModified\":\"2020-04-09T13:11:29+00:00\",\"mainEntityOfPage\":{\"@id\":\"https:\\\/\\\/ecodef-ihedn.fr\\\/conference-les-industries-de-defense-un-atout-pour-leconomie\\\/\"},\"wordCount\":342,\"commentCount\":0,\"publisher\":{\"@id\":\"https:\\\/\\\/ecodef-ihedn.fr\\\/#organization\"},\"image\":{\"@id\":\"https:\\\/\\\/ecodef-ihedn.fr\\\/conference-les-industries-de-defense-un-atout-pour-leconomie\\\/#primaryimage\"},\"thumbnailUrl\":\"https:\\\/\\\/ecodef-ihedn.fr\\\/wp-content\\\/uploads\\\/2020\\\/04\\\/Cercle-Ecodef.png\",\"articleSection\":[\"Activit\u00e9s : \u00e9v\u00e9nements port\u00e9s par la Chaire\"],\"inLanguage\":\"en-GB\",\"potentialAction\":[{\"@type\":\"CommentAction\",\"name\":\"Comment\",\"target\":[\"https:\\\/\\\/ecodef-ihedn.fr\\\/conference-les-industries-de-defense-un-atout-pour-leconomie\\\/#respond\"]}]},{\"@type\":\"WebPage\",\"@id\":\"https:\\\/\\\/ecodef-ihedn.fr\\\/conference-les-industries-de-defense-un-atout-pour-leconomie\\\/\",\"url\":\"https:\\\/\\\/ecodef-ihedn.fr\\\/conference-les-industries-de-defense-un-atout-pour-leconomie\\\/\",\"name\":\"Conf\u00e9rence : Les industries de d\u00e9fense, un atout pour l\u2019\u00e9conomie ? - Chaire \u00c9conomie de d\u00e9fense - IHEDN\",\"isPartOf\":{\"@id\":\"https:\\\/\\\/ecodef-ihedn.fr\\\/#website\"},\"primaryImageOfPage\":{\"@id\":\"https:\\\/\\\/ecodef-ihedn.fr\\\/conference-les-industries-de-defense-un-atout-pour-leconomie\\\/#primaryimage\"},\"image\":{\"@id\":\"https:\\\/\\\/ecodef-ihedn.fr\\\/conference-les-industries-de-defense-un-atout-pour-leconomie\\\/#primaryimage\"},\"thumbnailUrl\":\"https:\\\/\\\/ecodef-ihedn.fr\\\/wp-content\\\/uploads\\\/2020\\\/04\\\/Cercle-Ecodef.png\",\"datePublished\":\"2017-02-28T00:00:00+00:00\",\"dateModified\":\"2020-04-09T13:11:29+00:00\",\"breadcrumb\":{\"@id\":\"https:\\\/\\\/ecodef-ihedn.fr\\\/conference-les-industries-de-defense-un-atout-pour-leconomie\\\/#breadcrumb\"},\"inLanguage\":\"en-GB\",\"potentialAction\":[{\"@type\":\"ReadAction\",\"target\":[\"https:\\\/\\\/ecodef-ihedn.fr\\\/conference-les-industries-de-defense-un-atout-pour-leconomie\\\/\"]}]},{\"@type\":\"ImageObject\",\"inLanguage\":\"en-GB\",\"@id\":\"https:\\\/\\\/ecodef-ihedn.fr\\\/conference-les-industries-de-defense-un-atout-pour-leconomie\\\/#primaryimage\",\"url\":\"https:\\\/\\\/ecodef-ihedn.fr\\\/wp-content\\\/uploads\\\/2020\\\/04\\\/Cercle-Ecodef.png\",\"contentUrl\":\"https:\\\/\\\/ecodef-ihedn.fr\\\/wp-content\\\/uploads\\\/2020\\\/04\\\/Cercle-Ecodef.png\",\"width\":1160,\"height\":646},{\"@type\":\"BreadcrumbList\",\"@id\":\"https:\\\/\\\/ecodef-ihedn.fr\\\/conference-les-industries-de-defense-un-atout-pour-leconomie\\\/#breadcrumb\",\"itemListElement\":[{\"@type\":\"ListItem\",\"position\":1,\"name\":\"Accueil\",\"item\":\"https:\\\/\\\/ecodef-ihedn.fr\\\/\"},{\"@type\":\"ListItem\",\"position\":2,\"name\":\"Conf\u00e9rence : Les industries de d\u00e9fense, un atout pour l\u2019\u00e9conomie ?\"}]},{\"@type\":\"WebSite\",\"@id\":\"https:\\\/\\\/ecodef-ihedn.fr\\\/#website\",\"url\":\"https:\\\/\\\/ecodef-ihedn.fr\\\/\",\"name\":\"Chaire \u00c9conomie de D\u00e9fense - IHEDN\",\"description\":\"Produire &amp; soutenir, f\u00e9d\u00e9rer &amp; diffuser, \u00eatre une interface\",\"publisher\":{\"@id\":\"https:\\\/\\\/ecodef-ihedn.fr\\\/#organization\"},\"potentialAction\":[{\"@type\":\"SearchAction\",\"target\":{\"@type\":\"EntryPoint\",\"urlTemplate\":\"https:\\\/\\\/ecodef-ihedn.fr\\\/?s={search_term_string}\"},\"query-input\":{\"@type\":\"PropertyValueSpecification\",\"valueRequired\":true,\"valueName\":\"search_term_string\"}}],\"inLanguage\":\"en-GB\"},{\"@type\":\"Organization\",\"@id\":\"https:\\\/\\\/ecodef-ihedn.fr\\\/#organization\",\"name\":\"Chaire \u00c9conomie de d\u00e9fense - IHEDN\",\"url\":\"https:\\\/\\\/ecodef-ihedn.fr\\\/\",\"logo\":{\"@type\":\"ImageObject\",\"inLanguage\":\"en-GB\",\"@id\":\"https:\\\/\\\/ecodef-ihedn.fr\\\/#\\\/schema\\\/logo\\\/image\\\/\",\"url\":\"https:\\\/\\\/ecodef-ihedn.fr\\\/wp-content\\\/uploads\\\/2020\\\/04\\\/logoEcodef9.jpg\",\"contentUrl\":\"https:\\\/\\\/ecodef-ihedn.fr\\\/wp-content\\\/uploads\\\/2020\\\/04\\\/logoEcodef9.jpg\",\"width\":410,\"height\":212,\"caption\":\"Chaire \u00c9conomie de d\u00e9fense - IHEDN\"},\"image\":{\"@id\":\"https:\\\/\\\/ecodef-ihedn.fr\\\/#\\\/schema\\\/logo\\\/image\\\/\"},\"sameAs\":[\"https:\\\/\\\/x.com\\\/Chaire_Ecodef\",\"https:\\\/\\\/www.linkedin.com\\\/company\\\/chaire-ecodef-ihedn\\\/\"]},{\"@type\":\"Person\",\"@id\":\"https:\\\/\\\/ecodef-ihedn.fr\\\/#\\\/schema\\\/person\\\/7b3f1a2d8fd336e0be2f9ff63ff0ebbc\",\"name\":\"dev\",\"image\":{\"@type\":\"ImageObject\",\"inLanguage\":\"en-GB\",\"@id\":\"https:\\\/\\\/secure.gravatar.com\\\/avatar\\\/f1ffcac9ca2fa95ad3ec33e9be3ade82f752acb0cabe541e56c5889225afa88a?s=96&d=mm&r=g\",\"url\":\"https:\\\/\\\/secure.gravatar.com\\\/avatar\\\/f1ffcac9ca2fa95ad3ec33e9be3ade82f752acb0cabe541e56c5889225afa88a?s=96&d=mm&r=g\",\"contentUrl\":\"https:\\\/\\\/secure.gravatar.com\\\/avatar\\\/f1ffcac9ca2fa95ad3ec33e9be3ade82f752acb0cabe541e56c5889225afa88a?s=96&d=mm&r=g\",\"caption\":\"dev\"},\"url\":\"https:\\\/\\\/ecodef-ihedn.fr\\\/en\\\/author\\\/dev\\\/\"}]}<\/script>\n<!-- \/ Yoast SEO plugin. -->","yoast_head_json":{"title":"Conf\u00e9rence : Les industries de d\u00e9fense, un atout pour l\u2019\u00e9conomie ? - Chaire \u00c9conomie de d\u00e9fense - IHEDN","robots":{"index":"index","follow":"follow","max-snippet":"max-snippet:-1","max-image-preview":"max-image-preview:large","max-video-preview":"max-video-preview:-1"},"canonical":"https:\/\/ecodef-ihedn.fr\/en\/conference-les-industries-de-defense-un-atout-pour-leconomie\/","og_locale":"en_GB","og_type":"article","og_title":"Conf\u00e9rence : Les industries de d\u00e9fense, un atout pour l\u2019\u00e9conomie ? - Chaire \u00c9conomie de d\u00e9fense - IHEDN","og_description":"Mercredi 22 mars 2017 13h30 \u00e0 18h00 Alliance Fran\u00e7aise -101 bd Raspail, 75006 Ouvert \u00e0 tous sur inscription &nbsp; Depuis les attentats qui ont frapp\u00e9 la France, les Fran\u00e7ais semblent de plus en plus convaincus de la n\u00e9cessit\u00e9 d\u2019une d\u00e9fense et ont une bonne image des arm\u00e9es. Ainsi 81% des Fran\u00e7ais souhaitent que le budget [&hellip;]","og_url":"https:\/\/ecodef-ihedn.fr\/en\/conference-les-industries-de-defense-un-atout-pour-leconomie\/","og_site_name":"Chaire \u00c9conomie de d\u00e9fense - IHEDN","article_published_time":"2017-02-28T00:00:00+00:00","article_modified_time":"2020-04-09T13:11:29+00:00","og_image":[{"width":1160,"height":646,"url":"https:\/\/ecodef-ihedn.fr\/wp-content\/uploads\/2020\/04\/Cercle-Ecodef.png","type":"image\/png"}],"author":"dev","twitter_card":"summary_large_image","twitter_creator":"@Chaire_Ecodef","twitter_site":"@Chaire_Ecodef","twitter_misc":{"Written by":"dev","Estimated reading time":"2 minutes"},"schema":{"@context":"https:\/\/schema.org","@graph":[{"@type":"Article","@id":"https:\/\/ecodef-ihedn.fr\/conference-les-industries-de-defense-un-atout-pour-leconomie\/#article","isPartOf":{"@id":"https:\/\/ecodef-ihedn.fr\/conference-les-industries-de-defense-un-atout-pour-leconomie\/"},"author":{"name":"dev","@id":"https:\/\/ecodef-ihedn.fr\/#\/schema\/person\/7b3f1a2d8fd336e0be2f9ff63ff0ebbc"},"headline":"Conf\u00e9rence : Les industries de d\u00e9fense, un atout pour l\u2019\u00e9conomie ?","datePublished":"2017-02-28T00:00:00+00:00","dateModified":"2020-04-09T13:11:29+00:00","mainEntityOfPage":{"@id":"https:\/\/ecodef-ihedn.fr\/conference-les-industries-de-defense-un-atout-pour-leconomie\/"},"wordCount":342,"commentCount":0,"publisher":{"@id":"https:\/\/ecodef-ihedn.fr\/#organization"},"image":{"@id":"https:\/\/ecodef-ihedn.fr\/conference-les-industries-de-defense-un-atout-pour-leconomie\/#primaryimage"},"thumbnailUrl":"https:\/\/ecodef-ihedn.fr\/wp-content\/uploads\/2020\/04\/Cercle-Ecodef.png","articleSection":["Activit\u00e9s : \u00e9v\u00e9nements port\u00e9s par la Chaire"],"inLanguage":"en-GB","potentialAction":[{"@type":"CommentAction","name":"Comment","target":["https:\/\/ecodef-ihedn.fr\/conference-les-industries-de-defense-un-atout-pour-leconomie\/#respond"]}]},{"@type":"WebPage","@id":"https:\/\/ecodef-ihedn.fr\/conference-les-industries-de-defense-un-atout-pour-leconomie\/","url":"https:\/\/ecodef-ihedn.fr\/conference-les-industries-de-defense-un-atout-pour-leconomie\/","name":"Conf\u00e9rence : Les industries de d\u00e9fense, un atout pour l\u2019\u00e9conomie ? - Chaire \u00c9conomie de d\u00e9fense - IHEDN","isPartOf":{"@id":"https:\/\/ecodef-ihedn.fr\/#website"},"primaryImageOfPage":{"@id":"https:\/\/ecodef-ihedn.fr\/conference-les-industries-de-defense-un-atout-pour-leconomie\/#primaryimage"},"image":{"@id":"https:\/\/ecodef-ihedn.fr\/conference-les-industries-de-defense-un-atout-pour-leconomie\/#primaryimage"},"thumbnailUrl":"https:\/\/ecodef-ihedn.fr\/wp-content\/uploads\/2020\/04\/Cercle-Ecodef.png","datePublished":"2017-02-28T00:00:00+00:00","dateModified":"2020-04-09T13:11:29+00:00","breadcrumb":{"@id":"https:\/\/ecodef-ihedn.fr\/conference-les-industries-de-defense-un-atout-pour-leconomie\/#breadcrumb"},"inLanguage":"en-GB","potentialAction":[{"@type":"ReadAction","target":["https:\/\/ecodef-ihedn.fr\/conference-les-industries-de-defense-un-atout-pour-leconomie\/"]}]},{"@type":"ImageObject","inLanguage":"en-GB","@id":"https:\/\/ecodef-ihedn.fr\/conference-les-industries-de-defense-un-atout-pour-leconomie\/#primaryimage","url":"https:\/\/ecodef-ihedn.fr\/wp-content\/uploads\/2020\/04\/Cercle-Ecodef.png","contentUrl":"https:\/\/ecodef-ihedn.fr\/wp-content\/uploads\/2020\/04\/Cercle-Ecodef.png","width":1160,"height":646},{"@type":"BreadcrumbList","@id":"https:\/\/ecodef-ihedn.fr\/conference-les-industries-de-defense-un-atout-pour-leconomie\/#breadcrumb","itemListElement":[{"@type":"ListItem","position":1,"name":"Accueil","item":"https:\/\/ecodef-ihedn.fr\/"},{"@type":"ListItem","position":2,"name":"Conf\u00e9rence : Les industries de d\u00e9fense, un atout pour l\u2019\u00e9conomie ?"}]},{"@type":"WebSite","@id":"https:\/\/ecodef-ihedn.fr\/#website","url":"https:\/\/ecodef-ihedn.fr\/","name":"Chair in Defence Economics - IHEDN","description":"Produce &amp; support, federate &amp; disseminate, act as an interface","publisher":{"@id":"https:\/\/ecodef-ihedn.fr\/#organization"},"potentialAction":[{"@type":"SearchAction","target":{"@type":"EntryPoint","urlTemplate":"https:\/\/ecodef-ihedn.fr\/?s={search_term_string}"},"query-input":{"@type":"PropertyValueSpecification","valueRequired":true,"valueName":"search_term_string"}}],"inLanguage":"en-GB"},{"@type":"Organization","@id":"https:\/\/ecodef-ihedn.fr\/#organization","name":"Chair in Defence Economics - IHEDN","url":"https:\/\/ecodef-ihedn.fr\/","logo":{"@type":"ImageObject","inLanguage":"en-GB","@id":"https:\/\/ecodef-ihedn.fr\/#\/schema\/logo\/image\/","url":"https:\/\/ecodef-ihedn.fr\/wp-content\/uploads\/2020\/04\/logoEcodef9.jpg","contentUrl":"https:\/\/ecodef-ihedn.fr\/wp-content\/uploads\/2020\/04\/logoEcodef9.jpg","width":410,"height":212,"caption":"Chaire \u00c9conomie de d\u00e9fense - IHEDN"},"image":{"@id":"https:\/\/ecodef-ihedn.fr\/#\/schema\/logo\/image\/"},"sameAs":["https:\/\/x.com\/Chaire_Ecodef","https:\/\/www.linkedin.com\/company\/chaire-ecodef-ihedn\/"]},{"@type":"Person","@id":"https:\/\/ecodef-ihedn.fr\/#\/schema\/person\/7b3f1a2d8fd336e0be2f9ff63ff0ebbc","name":"dev","image":{"@type":"ImageObject","inLanguage":"en-GB","@id":"https:\/\/secure.gravatar.com\/avatar\/f1ffcac9ca2fa95ad3ec33e9be3ade82f752acb0cabe541e56c5889225afa88a?s=96&d=mm&r=g","url":"https:\/\/secure.gravatar.com\/avatar\/f1ffcac9ca2fa95ad3ec33e9be3ade82f752acb0cabe541e56c5889225afa88a?s=96&d=mm&r=g","contentUrl":"https:\/\/secure.gravatar.com\/avatar\/f1ffcac9ca2fa95ad3ec33e9be3ade82f752acb0cabe541e56c5889225afa88a?s=96&d=mm&r=g","caption":"dev"},"url":"https:\/\/ecodef-ihedn.fr\/en\/author\/dev\/"}]}},"_links":{"self":[{"href":"https:\/\/ecodef-ihedn.fr\/en\/wp-json\/wp\/v2\/posts\/942","targetHints":{"allow":["GET"]}}],"collection":[{"href":"https:\/\/ecodef-ihedn.fr\/en\/wp-json\/wp\/v2\/posts"}],"about":[{"href":"https:\/\/ecodef-ihedn.fr\/en\/wp-json\/wp\/v2\/types\/post"}],"author":[{"embeddable":true,"href":"https:\/\/ecodef-ihedn.fr\/en\/wp-json\/wp\/v2\/users\/1"}],"replies":[{"embeddable":true,"href":"https:\/\/ecodef-ihedn.fr\/en\/wp-json\/wp\/v2\/comments?post=942"}],"version-history":[{"count":2,"href":"https:\/\/ecodef-ihedn.fr\/en\/wp-json\/wp\/v2\/posts\/942\/revisions"}],"predecessor-version":[{"id":1581,"href":"https:\/\/ecodef-ihedn.fr\/en\/wp-json\/wp\/v2\/posts\/942\/revisions\/1581"}],"wp:featuredmedia":[{"embeddable":true,"href":"https:\/\/ecodef-ihedn.fr\/en\/wp-json\/wp\/v2\/media\/943"}],"wp:attachment":[{"href":"https:\/\/ecodef-ihedn.fr\/en\/wp-json\/wp\/v2\/media?parent=942"}],"wp:term":[{"taxonomy":"category","embeddable":true,"href":"https:\/\/ecodef-ihedn.fr\/en\/wp-json\/wp\/v2\/categories?post=942"},{"taxonomy":"post_tag","embeddable":true,"href":"https:\/\/ecodef-ihedn.fr\/en\/wp-json\/wp\/v2\/tags?post=942"}],"curies":[{"name":"wp","href":"https:\/\/api.w.org\/{rel}","templated":true}]}}