{"id":944,"date":"2017-03-15T00:00:00","date_gmt":"2017-03-15T00:00:00","guid":{"rendered":"https:\/\/ecodef-ihedn.fr\/nomination-de-jean-belin-au-conseil-general-de-larmement\/"},"modified":"2020-04-30T10:49:12","modified_gmt":"2020-04-30T10:49:12","slug":"nomination-de-jean-belin-au-conseil-general-de-larmement","status":"publish","type":"post","link":"https:\/\/ecodef-ihedn.fr\/en\/nomination-de-jean-belin-au-conseil-general-de-larmement\/","title":{"rendered":"Appointment of Jean Belin to the Conseil G\u00e9n\u00e9ral de l'Armement (General Armament Council)"},"content":{"rendered":"<p style=\"text-align: justify;\">Jean Belin has been appointed by the Minister of Defence as a qualified member of the Conseil G\u00e9n\u00e9ral de l'Armement (CGARM), alongside St\u00e9phane Abrial (Safran), Camille Grand (NATO), Julia Maris (DCI) and Agn\u00e8s Audier (BCG).<\/p>\n<p style=\"text-align: justify;\">The CGARM is a body of the Ministry of Defence, chaired by and reporting directly to the Minister. Its remit is twofold: the development of the \u00abarmaments function\u00bb in France and Europe, and general guidelines for the armaments corps.<\/p>\n<p style=\"text-align: justify;\">The CGARM is responsible for examining all matters relating to armaments, defence industries and armaments corps.<\/p>\n<p style=\"text-align: justify;\">More information on CGARM : <a href=\"http:\/\/www.defense.gouv.fr\/portail-defense\/ministere\/organisation\/organisation-du-ministere-de-la-defense\/organismes-dependant-du-ministre\/le-conseil-general-de-l-armement\/historique\">here<\/a><\/p>\n<p style=\"text-align: justify;\"><a href=\"http:\/\/www.defense.gouv.fr\/portail-defense\/ministere\/organisation\/organisation-du-ministere-de-la-defense\/organismes-dependant-du-ministre\/le-conseil-general-de-l-armement\/historique\"><img loading=\"lazy\" decoding=\"async\" class=\"alignnone size-full wp-image-5394\" src=\"https:\/\/ecodef-ihedn.fr\/wp-content\/uploads\/2020\/04\/CGARM.png\" alt=\"\" width=\"1425\" height=\"186\" \/><\/a><\/p>","protected":false},"excerpt":{"rendered":"<p>Jean Belin a \u00e9t\u00e9 nomm\u00e9 par le ministre de la D\u00e9fense, en tant que personnalit\u00e9 qualifi\u00e9e, au Conseil G\u00e9n\u00e9ral de l\u2019Armement (CGARM), aux c\u00f4t\u00e9s de St\u00e9phane Abrial (Safran), Camille Grand (OTAN), Julia Maris (DCI) et Agn\u00e8s Audier (BCG) Le CGARM est un organisme du minist\u00e8re de la d\u00e9fense, pr\u00e9sid\u00e9 et directement rattach\u00e9 au Ministre. Ses [&hellip;]<\/p>\n","protected":false},"author":1,"featured_media":945,"comment_status":"open","ping_status":"open","sticky":false,"template":"","format":"standard","meta":{"footnotes":""},"categories":[360],"tags":[],"class_list":{"0":"post-944","1":"post","2":"type-post","3":"status-publish","4":"format-standard","5":"has-post-thumbnail","7":"category-actualites-du-reseau"},"yoast_head":"<!-- This site is optimized with the Yoast SEO plugin v27.4 - https:\/\/yoast.com\/product\/yoast-seo-wordpress\/ -->\n<title>Nomination de Jean Belin au Conseil G\u00e9n\u00e9ral de l&#039;Armement - Chaire \u00c9conomie de d\u00e9fense - IHEDN<\/title>\n<meta name=\"robots\" content=\"index, follow, max-snippet:-1, max-image-preview:large, max-video-preview:-1\" \/>\n<link rel=\"canonical\" href=\"https:\/\/ecodef-ihedn.fr\/en\/nomination-de-jean-belin-au-conseil-general-de-larmement\/\" \/>\n<meta property=\"og:locale\" content=\"en_GB\" \/>\n<meta property=\"og:type\" content=\"article\" \/>\n<meta property=\"og:title\" content=\"Nomination de Jean Belin au Conseil G\u00e9n\u00e9ral de l&#039;Armement - Chaire \u00c9conomie de d\u00e9fense - IHEDN\" \/>\n<meta property=\"og:description\" content=\"Jean Belin a \u00e9t\u00e9 nomm\u00e9 par le ministre de la D\u00e9fense, en tant que personnalit\u00e9 qualifi\u00e9e, au Conseil G\u00e9n\u00e9ral de l\u2019Armement (CGARM), aux c\u00f4t\u00e9s de St\u00e9phane Abrial (Safran), Camille Grand (OTAN), Julia Maris (DCI) et Agn\u00e8s Audier (BCG) Le CGARM est un organisme du minist\u00e8re de la d\u00e9fense, pr\u00e9sid\u00e9 et directement rattach\u00e9 au Ministre. Ses [&hellip;]\" \/>\n<meta property=\"og:url\" content=\"https:\/\/ecodef-ihedn.fr\/en\/nomination-de-jean-belin-au-conseil-general-de-larmement\/\" \/>\n<meta property=\"og:site_name\" content=\"Chaire \u00c9conomie de d\u00e9fense - IHEDN\" \/>\n<meta property=\"article:published_time\" content=\"2017-03-15T00:00:00+00:00\" \/>\n<meta property=\"article:modified_time\" content=\"2020-04-30T10:49:12+00:00\" \/>\n<meta property=\"og:image\" content=\"https:\/\/ecodef-ihedn.fr\/wp-content\/uploads\/2020\/04\/CGARM.png\" \/>\n\t<meta property=\"og:image:width\" content=\"1425\" \/>\n\t<meta property=\"og:image:height\" content=\"186\" \/>\n\t<meta property=\"og:image:type\" content=\"image\/png\" \/>\n<meta name=\"author\" content=\"dev\" \/>\n<meta name=\"twitter:card\" content=\"summary_large_image\" \/>\n<meta name=\"twitter:creator\" content=\"@Chaire_Ecodef\" \/>\n<meta name=\"twitter:site\" content=\"@Chaire_Ecodef\" \/>\n<meta name=\"twitter:label1\" content=\"Written by\" \/>\n\t<meta name=\"twitter:data1\" content=\"dev\" \/>\n\t<meta name=\"twitter:label2\" content=\"Estimated reading time\" \/>\n\t<meta name=\"twitter:data2\" content=\"1 minute\" \/>\n<script type=\"application\/ld+json\" class=\"yoast-schema-graph\">{\"@context\":\"https:\\\/\\\/schema.org\",\"@graph\":[{\"@type\":\"Article\",\"@id\":\"https:\\\/\\\/ecodef-ihedn.fr\\\/nomination-de-jean-belin-au-conseil-general-de-larmement\\\/#article\",\"isPartOf\":{\"@id\":\"https:\\\/\\\/ecodef-ihedn.fr\\\/nomination-de-jean-belin-au-conseil-general-de-larmement\\\/\"},\"author\":{\"name\":\"dev\",\"@id\":\"https:\\\/\\\/ecodef-ihedn.fr\\\/#\\\/schema\\\/person\\\/7b3f1a2d8fd336e0be2f9ff63ff0ebbc\"},\"headline\":\"Nomination de Jean Belin au Conseil G\u00e9n\u00e9ral de l&rsquo;Armement\",\"datePublished\":\"2017-03-15T00:00:00+00:00\",\"dateModified\":\"2020-04-30T10:49:12+00:00\",\"mainEntityOfPage\":{\"@id\":\"https:\\\/\\\/ecodef-ihedn.fr\\\/nomination-de-jean-belin-au-conseil-general-de-larmement\\\/\"},\"wordCount\":139,\"commentCount\":0,\"publisher\":{\"@id\":\"https:\\\/\\\/ecodef-ihedn.fr\\\/#organization\"},\"image\":{\"@id\":\"https:\\\/\\\/ecodef-ihedn.fr\\\/nomination-de-jean-belin-au-conseil-general-de-larmement\\\/#primaryimage\"},\"thumbnailUrl\":\"https:\\\/\\\/ecodef-ihedn.fr\\\/wp-content\\\/uploads\\\/2020\\\/04\\\/CGARM.png\",\"articleSection\":[\"Actualit\u00e9s du r\u00e9seau\"],\"inLanguage\":\"en-GB\",\"potentialAction\":[{\"@type\":\"CommentAction\",\"name\":\"Comment\",\"target\":[\"https:\\\/\\\/ecodef-ihedn.fr\\\/nomination-de-jean-belin-au-conseil-general-de-larmement\\\/#respond\"]}]},{\"@type\":\"WebPage\",\"@id\":\"https:\\\/\\\/ecodef-ihedn.fr\\\/nomination-de-jean-belin-au-conseil-general-de-larmement\\\/\",\"url\":\"https:\\\/\\\/ecodef-ihedn.fr\\\/nomination-de-jean-belin-au-conseil-general-de-larmement\\\/\",\"name\":\"Nomination de Jean Belin au Conseil G\u00e9n\u00e9ral de l'Armement - Chaire \u00c9conomie de d\u00e9fense - IHEDN\",\"isPartOf\":{\"@id\":\"https:\\\/\\\/ecodef-ihedn.fr\\\/#website\"},\"primaryImageOfPage\":{\"@id\":\"https:\\\/\\\/ecodef-ihedn.fr\\\/nomination-de-jean-belin-au-conseil-general-de-larmement\\\/#primaryimage\"},\"image\":{\"@id\":\"https:\\\/\\\/ecodef-ihedn.fr\\\/nomination-de-jean-belin-au-conseil-general-de-larmement\\\/#primaryimage\"},\"thumbnailUrl\":\"https:\\\/\\\/ecodef-ihedn.fr\\\/wp-content\\\/uploads\\\/2020\\\/04\\\/CGARM.png\",\"datePublished\":\"2017-03-15T00:00:00+00:00\",\"dateModified\":\"2020-04-30T10:49:12+00:00\",\"breadcrumb\":{\"@id\":\"https:\\\/\\\/ecodef-ihedn.fr\\\/nomination-de-jean-belin-au-conseil-general-de-larmement\\\/#breadcrumb\"},\"inLanguage\":\"en-GB\",\"potentialAction\":[{\"@type\":\"ReadAction\",\"target\":[\"https:\\\/\\\/ecodef-ihedn.fr\\\/nomination-de-jean-belin-au-conseil-general-de-larmement\\\/\"]}]},{\"@type\":\"ImageObject\",\"inLanguage\":\"en-GB\",\"@id\":\"https:\\\/\\\/ecodef-ihedn.fr\\\/nomination-de-jean-belin-au-conseil-general-de-larmement\\\/#primaryimage\",\"url\":\"https:\\\/\\\/ecodef-ihedn.fr\\\/wp-content\\\/uploads\\\/2020\\\/04\\\/CGARM.png\",\"contentUrl\":\"https:\\\/\\\/ecodef-ihedn.fr\\\/wp-content\\\/uploads\\\/2020\\\/04\\\/CGARM.png\",\"width\":1425,\"height\":186},{\"@type\":\"BreadcrumbList\",\"@id\":\"https:\\\/\\\/ecodef-ihedn.fr\\\/nomination-de-jean-belin-au-conseil-general-de-larmement\\\/#breadcrumb\",\"itemListElement\":[{\"@type\":\"ListItem\",\"position\":1,\"name\":\"Accueil\",\"item\":\"https:\\\/\\\/ecodef-ihedn.fr\\\/\"},{\"@type\":\"ListItem\",\"position\":2,\"name\":\"Nomination de Jean Belin au Conseil G\u00e9n\u00e9ral de l&#8217;Armement\"}]},{\"@type\":\"WebSite\",\"@id\":\"https:\\\/\\\/ecodef-ihedn.fr\\\/#website\",\"url\":\"https:\\\/\\\/ecodef-ihedn.fr\\\/\",\"name\":\"Chaire \u00c9conomie de D\u00e9fense - IHEDN\",\"description\":\"Produire &amp; soutenir, f\u00e9d\u00e9rer &amp; diffuser, \u00eatre une interface\",\"publisher\":{\"@id\":\"https:\\\/\\\/ecodef-ihedn.fr\\\/#organization\"},\"potentialAction\":[{\"@type\":\"SearchAction\",\"target\":{\"@type\":\"EntryPoint\",\"urlTemplate\":\"https:\\\/\\\/ecodef-ihedn.fr\\\/?s={search_term_string}\"},\"query-input\":{\"@type\":\"PropertyValueSpecification\",\"valueRequired\":true,\"valueName\":\"search_term_string\"}}],\"inLanguage\":\"en-GB\"},{\"@type\":\"Organization\",\"@id\":\"https:\\\/\\\/ecodef-ihedn.fr\\\/#organization\",\"name\":\"Chaire \u00c9conomie de d\u00e9fense - IHEDN\",\"url\":\"https:\\\/\\\/ecodef-ihedn.fr\\\/\",\"logo\":{\"@type\":\"ImageObject\",\"inLanguage\":\"en-GB\",\"@id\":\"https:\\\/\\\/ecodef-ihedn.fr\\\/#\\\/schema\\\/logo\\\/image\\\/\",\"url\":\"https:\\\/\\\/ecodef-ihedn.fr\\\/wp-content\\\/uploads\\\/2020\\\/04\\\/logoEcodef9.jpg\",\"contentUrl\":\"https:\\\/\\\/ecodef-ihedn.fr\\\/wp-content\\\/uploads\\\/2020\\\/04\\\/logoEcodef9.jpg\",\"width\":410,\"height\":212,\"caption\":\"Chaire \u00c9conomie de d\u00e9fense - IHEDN\"},\"image\":{\"@id\":\"https:\\\/\\\/ecodef-ihedn.fr\\\/#\\\/schema\\\/logo\\\/image\\\/\"},\"sameAs\":[\"https:\\\/\\\/x.com\\\/Chaire_Ecodef\",\"https:\\\/\\\/www.linkedin.com\\\/company\\\/chaire-ecodef-ihedn\\\/\"]},{\"@type\":\"Person\",\"@id\":\"https:\\\/\\\/ecodef-ihedn.fr\\\/#\\\/schema\\\/person\\\/7b3f1a2d8fd336e0be2f9ff63ff0ebbc\",\"name\":\"dev\",\"image\":{\"@type\":\"ImageObject\",\"inLanguage\":\"en-GB\",\"@id\":\"https:\\\/\\\/secure.gravatar.com\\\/avatar\\\/f1ffcac9ca2fa95ad3ec33e9be3ade82f752acb0cabe541e56c5889225afa88a?s=96&d=mm&r=g\",\"url\":\"https:\\\/\\\/secure.gravatar.com\\\/avatar\\\/f1ffcac9ca2fa95ad3ec33e9be3ade82f752acb0cabe541e56c5889225afa88a?s=96&d=mm&r=g\",\"contentUrl\":\"https:\\\/\\\/secure.gravatar.com\\\/avatar\\\/f1ffcac9ca2fa95ad3ec33e9be3ade82f752acb0cabe541e56c5889225afa88a?s=96&d=mm&r=g\",\"caption\":\"dev\"},\"url\":\"https:\\\/\\\/ecodef-ihedn.fr\\\/en\\\/author\\\/dev\\\/\"}]}<\/script>\n<!-- \/ Yoast SEO plugin. -->","yoast_head_json":{"title":"Nomination de Jean Belin au Conseil G\u00e9n\u00e9ral de l'Armement - Chaire \u00c9conomie de d\u00e9fense - IHEDN","robots":{"index":"index","follow":"follow","max-snippet":"max-snippet:-1","max-image-preview":"max-image-preview:large","max-video-preview":"max-video-preview:-1"},"canonical":"https:\/\/ecodef-ihedn.fr\/en\/nomination-de-jean-belin-au-conseil-general-de-larmement\/","og_locale":"en_GB","og_type":"article","og_title":"Nomination de Jean Belin au Conseil G\u00e9n\u00e9ral de l'Armement - Chaire \u00c9conomie de d\u00e9fense - IHEDN","og_description":"Jean Belin a \u00e9t\u00e9 nomm\u00e9 par le ministre de la D\u00e9fense, en tant que personnalit\u00e9 qualifi\u00e9e, au Conseil G\u00e9n\u00e9ral de l\u2019Armement (CGARM), aux c\u00f4t\u00e9s de St\u00e9phane Abrial (Safran), Camille Grand (OTAN), Julia Maris (DCI) et Agn\u00e8s Audier (BCG) Le CGARM est un organisme du minist\u00e8re de la d\u00e9fense, pr\u00e9sid\u00e9 et directement rattach\u00e9 au Ministre. Ses [&hellip;]","og_url":"https:\/\/ecodef-ihedn.fr\/en\/nomination-de-jean-belin-au-conseil-general-de-larmement\/","og_site_name":"Chaire \u00c9conomie de d\u00e9fense - IHEDN","article_published_time":"2017-03-15T00:00:00+00:00","article_modified_time":"2020-04-30T10:49:12+00:00","og_image":[{"width":1425,"height":186,"url":"https:\/\/ecodef-ihedn.fr\/wp-content\/uploads\/2020\/04\/CGARM.png","type":"image\/png"}],"author":"dev","twitter_card":"summary_large_image","twitter_creator":"@Chaire_Ecodef","twitter_site":"@Chaire_Ecodef","twitter_misc":{"Written by":"dev","Estimated reading time":"1 minute"},"schema":{"@context":"https:\/\/schema.org","@graph":[{"@type":"Article","@id":"https:\/\/ecodef-ihedn.fr\/nomination-de-jean-belin-au-conseil-general-de-larmement\/#article","isPartOf":{"@id":"https:\/\/ecodef-ihedn.fr\/nomination-de-jean-belin-au-conseil-general-de-larmement\/"},"author":{"name":"dev","@id":"https:\/\/ecodef-ihedn.fr\/#\/schema\/person\/7b3f1a2d8fd336e0be2f9ff63ff0ebbc"},"headline":"Nomination de Jean Belin au Conseil G\u00e9n\u00e9ral de l&rsquo;Armement","datePublished":"2017-03-15T00:00:00+00:00","dateModified":"2020-04-30T10:49:12+00:00","mainEntityOfPage":{"@id":"https:\/\/ecodef-ihedn.fr\/nomination-de-jean-belin-au-conseil-general-de-larmement\/"},"wordCount":139,"commentCount":0,"publisher":{"@id":"https:\/\/ecodef-ihedn.fr\/#organization"},"image":{"@id":"https:\/\/ecodef-ihedn.fr\/nomination-de-jean-belin-au-conseil-general-de-larmement\/#primaryimage"},"thumbnailUrl":"https:\/\/ecodef-ihedn.fr\/wp-content\/uploads\/2020\/04\/CGARM.png","articleSection":["Actualit\u00e9s du r\u00e9seau"],"inLanguage":"en-GB","potentialAction":[{"@type":"CommentAction","name":"Comment","target":["https:\/\/ecodef-ihedn.fr\/nomination-de-jean-belin-au-conseil-general-de-larmement\/#respond"]}]},{"@type":"WebPage","@id":"https:\/\/ecodef-ihedn.fr\/nomination-de-jean-belin-au-conseil-general-de-larmement\/","url":"https:\/\/ecodef-ihedn.fr\/nomination-de-jean-belin-au-conseil-general-de-larmement\/","name":"Nomination de Jean Belin au Conseil G\u00e9n\u00e9ral de l'Armement - Chaire \u00c9conomie de d\u00e9fense - IHEDN","isPartOf":{"@id":"https:\/\/ecodef-ihedn.fr\/#website"},"primaryImageOfPage":{"@id":"https:\/\/ecodef-ihedn.fr\/nomination-de-jean-belin-au-conseil-general-de-larmement\/#primaryimage"},"image":{"@id":"https:\/\/ecodef-ihedn.fr\/nomination-de-jean-belin-au-conseil-general-de-larmement\/#primaryimage"},"thumbnailUrl":"https:\/\/ecodef-ihedn.fr\/wp-content\/uploads\/2020\/04\/CGARM.png","datePublished":"2017-03-15T00:00:00+00:00","dateModified":"2020-04-30T10:49:12+00:00","breadcrumb":{"@id":"https:\/\/ecodef-ihedn.fr\/nomination-de-jean-belin-au-conseil-general-de-larmement\/#breadcrumb"},"inLanguage":"en-GB","potentialAction":[{"@type":"ReadAction","target":["https:\/\/ecodef-ihedn.fr\/nomination-de-jean-belin-au-conseil-general-de-larmement\/"]}]},{"@type":"ImageObject","inLanguage":"en-GB","@id":"https:\/\/ecodef-ihedn.fr\/nomination-de-jean-belin-au-conseil-general-de-larmement\/#primaryimage","url":"https:\/\/ecodef-ihedn.fr\/wp-content\/uploads\/2020\/04\/CGARM.png","contentUrl":"https:\/\/ecodef-ihedn.fr\/wp-content\/uploads\/2020\/04\/CGARM.png","width":1425,"height":186},{"@type":"BreadcrumbList","@id":"https:\/\/ecodef-ihedn.fr\/nomination-de-jean-belin-au-conseil-general-de-larmement\/#breadcrumb","itemListElement":[{"@type":"ListItem","position":1,"name":"Accueil","item":"https:\/\/ecodef-ihedn.fr\/"},{"@type":"ListItem","position":2,"name":"Nomination de Jean Belin au Conseil G\u00e9n\u00e9ral de l&#8217;Armement"}]},{"@type":"WebSite","@id":"https:\/\/ecodef-ihedn.fr\/#website","url":"https:\/\/ecodef-ihedn.fr\/","name":"Chair in Defence Economics - IHEDN","description":"Produce &amp; support, federate &amp; disseminate, act as an interface","publisher":{"@id":"https:\/\/ecodef-ihedn.fr\/#organization"},"potentialAction":[{"@type":"SearchAction","target":{"@type":"EntryPoint","urlTemplate":"https:\/\/ecodef-ihedn.fr\/?s={search_term_string}"},"query-input":{"@type":"PropertyValueSpecification","valueRequired":true,"valueName":"search_term_string"}}],"inLanguage":"en-GB"},{"@type":"Organization","@id":"https:\/\/ecodef-ihedn.fr\/#organization","name":"Chair in Defence Economics - IHEDN","url":"https:\/\/ecodef-ihedn.fr\/","logo":{"@type":"ImageObject","inLanguage":"en-GB","@id":"https:\/\/ecodef-ihedn.fr\/#\/schema\/logo\/image\/","url":"https:\/\/ecodef-ihedn.fr\/wp-content\/uploads\/2020\/04\/logoEcodef9.jpg","contentUrl":"https:\/\/ecodef-ihedn.fr\/wp-content\/uploads\/2020\/04\/logoEcodef9.jpg","width":410,"height":212,"caption":"Chaire \u00c9conomie de d\u00e9fense - IHEDN"},"image":{"@id":"https:\/\/ecodef-ihedn.fr\/#\/schema\/logo\/image\/"},"sameAs":["https:\/\/x.com\/Chaire_Ecodef","https:\/\/www.linkedin.com\/company\/chaire-ecodef-ihedn\/"]},{"@type":"Person","@id":"https:\/\/ecodef-ihedn.fr\/#\/schema\/person\/7b3f1a2d8fd336e0be2f9ff63ff0ebbc","name":"dev","image":{"@type":"ImageObject","inLanguage":"en-GB","@id":"https:\/\/secure.gravatar.com\/avatar\/f1ffcac9ca2fa95ad3ec33e9be3ade82f752acb0cabe541e56c5889225afa88a?s=96&d=mm&r=g","url":"https:\/\/secure.gravatar.com\/avatar\/f1ffcac9ca2fa95ad3ec33e9be3ade82f752acb0cabe541e56c5889225afa88a?s=96&d=mm&r=g","contentUrl":"https:\/\/secure.gravatar.com\/avatar\/f1ffcac9ca2fa95ad3ec33e9be3ade82f752acb0cabe541e56c5889225afa88a?s=96&d=mm&r=g","caption":"dev"},"url":"https:\/\/ecodef-ihedn.fr\/en\/author\/dev\/"}]}},"_links":{"self":[{"href":"https:\/\/ecodef-ihedn.fr\/en\/wp-json\/wp\/v2\/posts\/944","targetHints":{"allow":["GET"]}}],"collection":[{"href":"https:\/\/ecodef-ihedn.fr\/en\/wp-json\/wp\/v2\/posts"}],"about":[{"href":"https:\/\/ecodef-ihedn.fr\/en\/wp-json\/wp\/v2\/types\/post"}],"author":[{"embeddable":true,"href":"https:\/\/ecodef-ihedn.fr\/en\/wp-json\/wp\/v2\/users\/1"}],"replies":[{"embeddable":true,"href":"https:\/\/ecodef-ihedn.fr\/en\/wp-json\/wp\/v2\/comments?post=944"}],"version-history":[{"count":2,"href":"https:\/\/ecodef-ihedn.fr\/en\/wp-json\/wp\/v2\/posts\/944\/revisions"}],"predecessor-version":[{"id":1580,"href":"https:\/\/ecodef-ihedn.fr\/en\/wp-json\/wp\/v2\/posts\/944\/revisions\/1580"}],"wp:featuredmedia":[{"embeddable":true,"href":"https:\/\/ecodef-ihedn.fr\/en\/wp-json\/wp\/v2\/media\/945"}],"wp:attachment":[{"href":"https:\/\/ecodef-ihedn.fr\/en\/wp-json\/wp\/v2\/media?parent=944"}],"wp:term":[{"taxonomy":"category","embeddable":true,"href":"https:\/\/ecodef-ihedn.fr\/en\/wp-json\/wp\/v2\/categories?post=944"},{"taxonomy":"post_tag","embeddable":true,"href":"https:\/\/ecodef-ihedn.fr\/en\/wp-json\/wp\/v2\/tags?post=944"}],"curies":[{"name":"wp","href":"https:\/\/api.w.org\/{rel}","templated":true}]}}