{"id":946,"date":"2017-04-04T00:00:00","date_gmt":"2017-04-04T00:00:00","guid":{"rendered":"https:\/\/ecodef-ihedn.fr\/video-revoir-la-conference-les-industries-de-defense-un-atout-pour-leconomie\/"},"modified":"2020-04-09T13:10:51","modified_gmt":"2020-04-09T13:10:51","slug":"video-revoir-la-conference-les-industries-de-defense-un-atout-pour-leconomie","status":"publish","type":"post","link":"https:\/\/ecodef-ihedn.fr\/en\/video-revoir-la-conference-les-industries-de-defense-un-atout-pour-leconomie\/","title":{"rendered":"Video: replay of the conference \u00abDefence industries, an asset for the economy?\u00bb"},"content":{"rendered":"<p><a href=\"https:\/\/www.youtube.com\/channel\/UCjONh6MNVhzYjQ-ABKyURkg\"><img loading=\"lazy\" decoding=\"async\" class=\"wp-image-5400 alignright\" src=\"https:\/\/ecodef-ihedn.fr\/wp-content\/uploads\/2020\/04\/video-youtube-cercle-\u00e9co-cercle.png\" alt=\"\" width=\"430\" height=\"378\" \/><\/a><\/p>\n<h4 style=\"text-align: center;\"><a href=\"https:\/\/www.youtube.com\/channel\/UCjONh6MNVhzYjQ-ABKyURkg\">Watch the conference on video<\/a><\/h4>\n<p>Organised on 22 March 2017 by our <a href=\"https:\/\/economie-defense.fr\/\" target=\"_blank\" rel=\"noopener noreferrer\">Chair in Defence Economics<\/a> and the <a href=\"http:\/\/lecercledeseconomistes.fr\/\" target=\"_blank\" rel=\"noopener noreferrer\">Circle of Economists<\/a>, With 2 months to go before the presidential election, the aim of this seminar was to give the general public a clear understanding of the economic challenges facing the defence sector.<\/p>\n<p>Since the attacks in France, the French seem increasingly convinced of the need for defence and have a good image of the armed forces. Thus, 81% of French people want the defence budget to be maintained or increased, and 66% think that <a href=\"http:\/\/www.defense.gouv.fr\/portail-defense\/mediatheque\/publications\/les-chiffres-cles-de-sondages-de-la-defense-juillet-2016\">the current security situation calls for an additional budgetary effort<\/a>.<\/p>\n<h5><strong><a href=\"https:\/\/www.youtube.com\/watch?v=3jR16cdttok\" target=\"_blank\" rel=\"noopener noreferrer\">Session 1: Is the world riskier?<\/a><\/strong><\/h5>\n<p><strong>Enrico Letta<\/strong>, Former Italian Prime Minister<br \/>\n<strong>Jean-Herv\u00e9 Lorenzi<\/strong>, Chairman of the Cercle des \u00e9conomistes<br \/>\n<strong>Pierre de Villiers<\/strong>, Chief of the Defence Staff<br \/>\nModerated by : <strong>Sylvie Kauffmann<\/strong>, Le Monde<\/p>\n<p><a href=\"https:\/\/www.youtube.com\/watch?v=3jR16cdttok\"><img loading=\"lazy\" decoding=\"async\" class=\"wp-image-5404 aligncenter\" src=\"https:\/\/ecodef-ihedn.fr\/wp-content\/uploads\/2020\/04\/visuel-session-1.png\" alt=\"\" width=\"396\" height=\"223\" \/><\/a><\/p>\n<h5><strong><a href=\"https:\/\/www.youtube.com\/watch?v=LbxmTec_4Ss\" target=\"_blank\" rel=\"noopener noreferrer\">Session 2: How can the defence industry adapt to new risks?<\/a><\/strong><\/h5>\n<p><strong>Christian de Boissieu<\/strong>, member of the Cercle des \u00e9conomistes<br \/>\n<strong>Marwan Lahoud<\/strong>, Vice President, International and Strategy, Airbus<br \/>\n<strong>Laurent Collet-Billon<\/strong>, General Delegate for Armaments<br \/>\nModerated by : <strong>Sylvie Kauffmann<\/strong>, Le Monde<\/p>\n<p><a href=\"https:\/\/www.youtube.com\/watch?v=LbxmTec_4Ss\"><img loading=\"lazy\" decoding=\"async\" class=\"wp-image-5405 aligncenter\" src=\"https:\/\/ecodef-ihedn.fr\/wp-content\/uploads\/2020\/04\/visuel-session-2.png\" alt=\"\" width=\"395\" height=\"221\" \/><\/a><\/p>\n<h5><strong><a href=\"https:\/\/www.youtube.com\/watch?v=bLf5sd1K7iE\" target=\"_blank\" rel=\"noopener noreferrer\">Session 3: What role does the defence industry play in value creation?<\/a><\/strong><\/h5>\n<p><strong>Philippe Aghion<\/strong>, member of the Cercle des \u00e9conomistes<br \/>\n<strong>Jean Belin<\/strong>, Holder of the Chair in Defence Economics<br \/>\n<strong>Jean-Yves Battesti<\/strong>, Secretary General of DCNS<br \/>\nModerated by : <strong>Christian Menanteau<\/strong>, RTL<\/p>\n<p><a href=\"https:\/\/www.youtube.com\/watch?v=bLf5sd1K7iE\"><img loading=\"lazy\" decoding=\"async\" class=\"wp-image-5406 aligncenter\" src=\"https:\/\/ecodef-ihedn.fr\/wp-content\/uploads\/2020\/04\/visuel-session-3.png\" alt=\"\" width=\"387\" height=\"220\" \/><\/a><\/p>\n<h5><strong><a href=\"https:\/\/www.youtube.com\/watch?v=v7jbCY4Nqus\" target=\"_blank\" rel=\"noopener noreferrer\">Conclusion: The defence economy, an engine for growth in France<\/a><\/strong><\/h5>\n<p><strong>Jean-Claude Mallet<\/strong>, Special Adviser to the Minister of Defence<\/p>\n<p><a href=\"https:\/\/www.youtube.com\/watch?v=v7jbCY4Nqus\"><img loading=\"lazy\" decoding=\"async\" class=\"wp-image-5403 aligncenter\" src=\"https:\/\/ecodef-ihedn.fr\/wp-content\/uploads\/2020\/04\/visuel-conclusion.png\" alt=\"\" width=\"369\" height=\"208\" \/><\/a><\/p>","protected":false},"excerpt":{"rendered":"<p>Revoir la conf\u00e9rence en vid\u00e9o Organis\u00e9 le 22 mars 2017 par notre Chaire \u00c9conomie de d\u00e9fense et le Cercle des \u00e9conomistes, ce s\u00e9minaire a eu pour but, \u00e0 2 mois de l\u2019\u00e9lection pr\u00e9sidentielle, de permettre au grand public de bien comprendre les enjeux \u00e9conomiques du secteur de la d\u00e9fense. En effet, depuis les attentats qui [&hellip;]<\/p>\n","protected":false},"author":1,"featured_media":947,"comment_status":"open","ping_status":"open","sticky":false,"template":"","format":"standard","meta":{"footnotes":""},"categories":[355],"tags":[],"class_list":{"0":"post-946","1":"post","2":"type-post","3":"status-publish","4":"format-standard","5":"has-post-thumbnail","7":"category-activites-evenements-portes-par-la-chaire"},"yoast_head":"<!-- This site is optimized with the Yoast SEO plugin v27.4 - https:\/\/yoast.com\/product\/yoast-seo-wordpress\/ -->\n<title>Vid\u00e9o : revoir la conf\u00e9rence &quot;Les industries de d\u00e9fense, un atout pour l&#039;\u00e9conomie ?&quot; - Chaire \u00c9conomie de d\u00e9fense - IHEDN<\/title>\n<meta name=\"robots\" content=\"index, follow, max-snippet:-1, max-image-preview:large, max-video-preview:-1\" \/>\n<link rel=\"canonical\" href=\"https:\/\/ecodef-ihedn.fr\/en\/video-revoir-la-conference-les-industries-de-defense-un-atout-pour-leconomie\/\" \/>\n<meta property=\"og:locale\" content=\"en_GB\" \/>\n<meta property=\"og:type\" content=\"article\" \/>\n<meta property=\"og:title\" content=\"Vid\u00e9o : revoir la conf\u00e9rence &quot;Les industries de d\u00e9fense, un atout pour l&#039;\u00e9conomie ?&quot; - Chaire \u00c9conomie de d\u00e9fense - IHEDN\" \/>\n<meta property=\"og:description\" content=\"Revoir la conf\u00e9rence en vid\u00e9o Organis\u00e9 le 22 mars 2017 par notre Chaire \u00c9conomie de d\u00e9fense et le Cercle des \u00e9conomistes, ce s\u00e9minaire a eu pour but, \u00e0 2 mois de l\u2019\u00e9lection pr\u00e9sidentielle, de permettre au grand public de bien comprendre les enjeux \u00e9conomiques du secteur de la d\u00e9fense. En effet, depuis les attentats qui [&hellip;]\" \/>\n<meta property=\"og:url\" content=\"https:\/\/ecodef-ihedn.fr\/en\/video-revoir-la-conference-les-industries-de-defense-un-atout-pour-leconomie\/\" \/>\n<meta property=\"og:site_name\" content=\"Chaire \u00c9conomie de d\u00e9fense - IHEDN\" \/>\n<meta property=\"article:published_time\" content=\"2017-04-04T00:00:00+00:00\" \/>\n<meta property=\"article:modified_time\" content=\"2020-04-09T13:10:51+00:00\" \/>\n<meta property=\"og:image\" content=\"https:\/\/ecodef-ihedn.fr\/wp-content\/uploads\/2020\/04\/video-youtube-cercle-\u00e9co-cercle.png\" \/>\n\t<meta property=\"og:image:width\" content=\"1205\" \/>\n\t<meta property=\"og:image:height\" content=\"1069\" \/>\n\t<meta property=\"og:image:type\" content=\"image\/png\" \/>\n<meta name=\"author\" content=\"dev\" \/>\n<meta name=\"twitter:card\" content=\"summary_large_image\" \/>\n<meta name=\"twitter:creator\" content=\"@Chaire_Ecodef\" \/>\n<meta name=\"twitter:site\" content=\"@Chaire_Ecodef\" \/>\n<meta name=\"twitter:label1\" content=\"Written by\" \/>\n\t<meta name=\"twitter:data1\" content=\"dev\" \/>\n\t<meta name=\"twitter:label2\" content=\"Estimated reading time\" \/>\n\t<meta name=\"twitter:data2\" content=\"1 minute\" \/>\n<script type=\"application\/ld+json\" class=\"yoast-schema-graph\">{\"@context\":\"https:\\\/\\\/schema.org\",\"@graph\":[{\"@type\":\"Article\",\"@id\":\"https:\\\/\\\/ecodef-ihedn.fr\\\/video-revoir-la-conference-les-industries-de-defense-un-atout-pour-leconomie\\\/#article\",\"isPartOf\":{\"@id\":\"https:\\\/\\\/ecodef-ihedn.fr\\\/video-revoir-la-conference-les-industries-de-defense-un-atout-pour-leconomie\\\/\"},\"author\":{\"name\":\"dev\",\"@id\":\"https:\\\/\\\/ecodef-ihedn.fr\\\/#\\\/schema\\\/person\\\/7b3f1a2d8fd336e0be2f9ff63ff0ebbc\"},\"headline\":\"Vid\u00e9o : revoir la conf\u00e9rence \u00ab\u00a0Les industries de d\u00e9fense, un atout pour l&rsquo;\u00e9conomie ?\u00a0\u00bb\",\"datePublished\":\"2017-04-04T00:00:00+00:00\",\"dateModified\":\"2020-04-09T13:10:51+00:00\",\"mainEntityOfPage\":{\"@id\":\"https:\\\/\\\/ecodef-ihedn.fr\\\/video-revoir-la-conference-les-industries-de-defense-un-atout-pour-leconomie\\\/\"},\"wordCount\":293,\"commentCount\":0,\"publisher\":{\"@id\":\"https:\\\/\\\/ecodef-ihedn.fr\\\/#organization\"},\"image\":{\"@id\":\"https:\\\/\\\/ecodef-ihedn.fr\\\/video-revoir-la-conference-les-industries-de-defense-un-atout-pour-leconomie\\\/#primaryimage\"},\"thumbnailUrl\":\"https:\\\/\\\/ecodef-ihedn.fr\\\/wp-content\\\/uploads\\\/2020\\\/04\\\/video-youtube-cercle-\u00e9co-cercle.png\",\"articleSection\":[\"Activit\u00e9s : \u00e9v\u00e9nements port\u00e9s par la Chaire\"],\"inLanguage\":\"en-GB\",\"potentialAction\":[{\"@type\":\"CommentAction\",\"name\":\"Comment\",\"target\":[\"https:\\\/\\\/ecodef-ihedn.fr\\\/video-revoir-la-conference-les-industries-de-defense-un-atout-pour-leconomie\\\/#respond\"]}]},{\"@type\":\"WebPage\",\"@id\":\"https:\\\/\\\/ecodef-ihedn.fr\\\/video-revoir-la-conference-les-industries-de-defense-un-atout-pour-leconomie\\\/\",\"url\":\"https:\\\/\\\/ecodef-ihedn.fr\\\/video-revoir-la-conference-les-industries-de-defense-un-atout-pour-leconomie\\\/\",\"name\":\"Vid\u00e9o : revoir la conf\u00e9rence \\\"Les industries de d\u00e9fense, un atout pour l'\u00e9conomie ?\\\" - Chaire \u00c9conomie de d\u00e9fense - IHEDN\",\"isPartOf\":{\"@id\":\"https:\\\/\\\/ecodef-ihedn.fr\\\/#website\"},\"primaryImageOfPage\":{\"@id\":\"https:\\\/\\\/ecodef-ihedn.fr\\\/video-revoir-la-conference-les-industries-de-defense-un-atout-pour-leconomie\\\/#primaryimage\"},\"image\":{\"@id\":\"https:\\\/\\\/ecodef-ihedn.fr\\\/video-revoir-la-conference-les-industries-de-defense-un-atout-pour-leconomie\\\/#primaryimage\"},\"thumbnailUrl\":\"https:\\\/\\\/ecodef-ihedn.fr\\\/wp-content\\\/uploads\\\/2020\\\/04\\\/video-youtube-cercle-\u00e9co-cercle.png\",\"datePublished\":\"2017-04-04T00:00:00+00:00\",\"dateModified\":\"2020-04-09T13:10:51+00:00\",\"breadcrumb\":{\"@id\":\"https:\\\/\\\/ecodef-ihedn.fr\\\/video-revoir-la-conference-les-industries-de-defense-un-atout-pour-leconomie\\\/#breadcrumb\"},\"inLanguage\":\"en-GB\",\"potentialAction\":[{\"@type\":\"ReadAction\",\"target\":[\"https:\\\/\\\/ecodef-ihedn.fr\\\/video-revoir-la-conference-les-industries-de-defense-un-atout-pour-leconomie\\\/\"]}]},{\"@type\":\"ImageObject\",\"inLanguage\":\"en-GB\",\"@id\":\"https:\\\/\\\/ecodef-ihedn.fr\\\/video-revoir-la-conference-les-industries-de-defense-un-atout-pour-leconomie\\\/#primaryimage\",\"url\":\"https:\\\/\\\/ecodef-ihedn.fr\\\/wp-content\\\/uploads\\\/2020\\\/04\\\/video-youtube-cercle-\u00e9co-cercle.png\",\"contentUrl\":\"https:\\\/\\\/ecodef-ihedn.fr\\\/wp-content\\\/uploads\\\/2020\\\/04\\\/video-youtube-cercle-\u00e9co-cercle.png\",\"width\":1205,\"height\":1069},{\"@type\":\"BreadcrumbList\",\"@id\":\"https:\\\/\\\/ecodef-ihedn.fr\\\/video-revoir-la-conference-les-industries-de-defense-un-atout-pour-leconomie\\\/#breadcrumb\",\"itemListElement\":[{\"@type\":\"ListItem\",\"position\":1,\"name\":\"Accueil\",\"item\":\"https:\\\/\\\/ecodef-ihedn.fr\\\/\"},{\"@type\":\"ListItem\",\"position\":2,\"name\":\"Vid\u00e9o : revoir la conf\u00e9rence &#8220;Les industries de d\u00e9fense, un atout pour l&#8217;\u00e9conomie ?&#8221;\"}]},{\"@type\":\"WebSite\",\"@id\":\"https:\\\/\\\/ecodef-ihedn.fr\\\/#website\",\"url\":\"https:\\\/\\\/ecodef-ihedn.fr\\\/\",\"name\":\"Chaire \u00c9conomie de D\u00e9fense - IHEDN\",\"description\":\"Produire &amp; soutenir, f\u00e9d\u00e9rer &amp; diffuser, \u00eatre une interface\",\"publisher\":{\"@id\":\"https:\\\/\\\/ecodef-ihedn.fr\\\/#organization\"},\"potentialAction\":[{\"@type\":\"SearchAction\",\"target\":{\"@type\":\"EntryPoint\",\"urlTemplate\":\"https:\\\/\\\/ecodef-ihedn.fr\\\/?s={search_term_string}\"},\"query-input\":{\"@type\":\"PropertyValueSpecification\",\"valueRequired\":true,\"valueName\":\"search_term_string\"}}],\"inLanguage\":\"en-GB\"},{\"@type\":\"Organization\",\"@id\":\"https:\\\/\\\/ecodef-ihedn.fr\\\/#organization\",\"name\":\"Chaire \u00c9conomie de d\u00e9fense - IHEDN\",\"url\":\"https:\\\/\\\/ecodef-ihedn.fr\\\/\",\"logo\":{\"@type\":\"ImageObject\",\"inLanguage\":\"en-GB\",\"@id\":\"https:\\\/\\\/ecodef-ihedn.fr\\\/#\\\/schema\\\/logo\\\/image\\\/\",\"url\":\"https:\\\/\\\/ecodef-ihedn.fr\\\/wp-content\\\/uploads\\\/2020\\\/04\\\/logoEcodef9.jpg\",\"contentUrl\":\"https:\\\/\\\/ecodef-ihedn.fr\\\/wp-content\\\/uploads\\\/2020\\\/04\\\/logoEcodef9.jpg\",\"width\":410,\"height\":212,\"caption\":\"Chaire \u00c9conomie de d\u00e9fense - IHEDN\"},\"image\":{\"@id\":\"https:\\\/\\\/ecodef-ihedn.fr\\\/#\\\/schema\\\/logo\\\/image\\\/\"},\"sameAs\":[\"https:\\\/\\\/x.com\\\/Chaire_Ecodef\",\"https:\\\/\\\/www.linkedin.com\\\/company\\\/chaire-ecodef-ihedn\\\/\"]},{\"@type\":\"Person\",\"@id\":\"https:\\\/\\\/ecodef-ihedn.fr\\\/#\\\/schema\\\/person\\\/7b3f1a2d8fd336e0be2f9ff63ff0ebbc\",\"name\":\"dev\",\"image\":{\"@type\":\"ImageObject\",\"inLanguage\":\"en-GB\",\"@id\":\"https:\\\/\\\/secure.gravatar.com\\\/avatar\\\/f1ffcac9ca2fa95ad3ec33e9be3ade82f752acb0cabe541e56c5889225afa88a?s=96&d=mm&r=g\",\"url\":\"https:\\\/\\\/secure.gravatar.com\\\/avatar\\\/f1ffcac9ca2fa95ad3ec33e9be3ade82f752acb0cabe541e56c5889225afa88a?s=96&d=mm&r=g\",\"contentUrl\":\"https:\\\/\\\/secure.gravatar.com\\\/avatar\\\/f1ffcac9ca2fa95ad3ec33e9be3ade82f752acb0cabe541e56c5889225afa88a?s=96&d=mm&r=g\",\"caption\":\"dev\"},\"url\":\"https:\\\/\\\/ecodef-ihedn.fr\\\/en\\\/author\\\/dev\\\/\"}]}<\/script>\n<!-- \/ Yoast SEO plugin. -->","yoast_head_json":{"title":"Vid\u00e9o : revoir la conf\u00e9rence \"Les industries de d\u00e9fense, un atout pour l'\u00e9conomie ?\" - Chaire \u00c9conomie de d\u00e9fense - IHEDN","robots":{"index":"index","follow":"follow","max-snippet":"max-snippet:-1","max-image-preview":"max-image-preview:large","max-video-preview":"max-video-preview:-1"},"canonical":"https:\/\/ecodef-ihedn.fr\/en\/video-revoir-la-conference-les-industries-de-defense-un-atout-pour-leconomie\/","og_locale":"en_GB","og_type":"article","og_title":"Vid\u00e9o : revoir la conf\u00e9rence \"Les industries de d\u00e9fense, un atout pour l'\u00e9conomie ?\" - Chaire \u00c9conomie de d\u00e9fense - IHEDN","og_description":"Revoir la conf\u00e9rence en vid\u00e9o Organis\u00e9 le 22 mars 2017 par notre Chaire \u00c9conomie de d\u00e9fense et le Cercle des \u00e9conomistes, ce s\u00e9minaire a eu pour but, \u00e0 2 mois de l\u2019\u00e9lection pr\u00e9sidentielle, de permettre au grand public de bien comprendre les enjeux \u00e9conomiques du secteur de la d\u00e9fense. En effet, depuis les attentats qui [&hellip;]","og_url":"https:\/\/ecodef-ihedn.fr\/en\/video-revoir-la-conference-les-industries-de-defense-un-atout-pour-leconomie\/","og_site_name":"Chaire \u00c9conomie de d\u00e9fense - IHEDN","article_published_time":"2017-04-04T00:00:00+00:00","article_modified_time":"2020-04-09T13:10:51+00:00","og_image":[{"width":1205,"height":1069,"url":"https:\/\/ecodef-ihedn.fr\/wp-content\/uploads\/2020\/04\/video-youtube-cercle-\u00e9co-cercle.png","type":"image\/png"}],"author":"dev","twitter_card":"summary_large_image","twitter_creator":"@Chaire_Ecodef","twitter_site":"@Chaire_Ecodef","twitter_misc":{"Written by":"dev","Estimated reading time":"1 minute"},"schema":{"@context":"https:\/\/schema.org","@graph":[{"@type":"Article","@id":"https:\/\/ecodef-ihedn.fr\/video-revoir-la-conference-les-industries-de-defense-un-atout-pour-leconomie\/#article","isPartOf":{"@id":"https:\/\/ecodef-ihedn.fr\/video-revoir-la-conference-les-industries-de-defense-un-atout-pour-leconomie\/"},"author":{"name":"dev","@id":"https:\/\/ecodef-ihedn.fr\/#\/schema\/person\/7b3f1a2d8fd336e0be2f9ff63ff0ebbc"},"headline":"Vid\u00e9o : revoir la conf\u00e9rence \u00ab\u00a0Les industries de d\u00e9fense, un atout pour l&rsquo;\u00e9conomie ?\u00a0\u00bb","datePublished":"2017-04-04T00:00:00+00:00","dateModified":"2020-04-09T13:10:51+00:00","mainEntityOfPage":{"@id":"https:\/\/ecodef-ihedn.fr\/video-revoir-la-conference-les-industries-de-defense-un-atout-pour-leconomie\/"},"wordCount":293,"commentCount":0,"publisher":{"@id":"https:\/\/ecodef-ihedn.fr\/#organization"},"image":{"@id":"https:\/\/ecodef-ihedn.fr\/video-revoir-la-conference-les-industries-de-defense-un-atout-pour-leconomie\/#primaryimage"},"thumbnailUrl":"https:\/\/ecodef-ihedn.fr\/wp-content\/uploads\/2020\/04\/video-youtube-cercle-\u00e9co-cercle.png","articleSection":["Activit\u00e9s : \u00e9v\u00e9nements port\u00e9s par la Chaire"],"inLanguage":"en-GB","potentialAction":[{"@type":"CommentAction","name":"Comment","target":["https:\/\/ecodef-ihedn.fr\/video-revoir-la-conference-les-industries-de-defense-un-atout-pour-leconomie\/#respond"]}]},{"@type":"WebPage","@id":"https:\/\/ecodef-ihedn.fr\/video-revoir-la-conference-les-industries-de-defense-un-atout-pour-leconomie\/","url":"https:\/\/ecodef-ihedn.fr\/video-revoir-la-conference-les-industries-de-defense-un-atout-pour-leconomie\/","name":"Vid\u00e9o : revoir la conf\u00e9rence \"Les industries de d\u00e9fense, un atout pour l'\u00e9conomie ?\" - Chaire \u00c9conomie de d\u00e9fense - IHEDN","isPartOf":{"@id":"https:\/\/ecodef-ihedn.fr\/#website"},"primaryImageOfPage":{"@id":"https:\/\/ecodef-ihedn.fr\/video-revoir-la-conference-les-industries-de-defense-un-atout-pour-leconomie\/#primaryimage"},"image":{"@id":"https:\/\/ecodef-ihedn.fr\/video-revoir-la-conference-les-industries-de-defense-un-atout-pour-leconomie\/#primaryimage"},"thumbnailUrl":"https:\/\/ecodef-ihedn.fr\/wp-content\/uploads\/2020\/04\/video-youtube-cercle-\u00e9co-cercle.png","datePublished":"2017-04-04T00:00:00+00:00","dateModified":"2020-04-09T13:10:51+00:00","breadcrumb":{"@id":"https:\/\/ecodef-ihedn.fr\/video-revoir-la-conference-les-industries-de-defense-un-atout-pour-leconomie\/#breadcrumb"},"inLanguage":"en-GB","potentialAction":[{"@type":"ReadAction","target":["https:\/\/ecodef-ihedn.fr\/video-revoir-la-conference-les-industries-de-defense-un-atout-pour-leconomie\/"]}]},{"@type":"ImageObject","inLanguage":"en-GB","@id":"https:\/\/ecodef-ihedn.fr\/video-revoir-la-conference-les-industries-de-defense-un-atout-pour-leconomie\/#primaryimage","url":"https:\/\/ecodef-ihedn.fr\/wp-content\/uploads\/2020\/04\/video-youtube-cercle-\u00e9co-cercle.png","contentUrl":"https:\/\/ecodef-ihedn.fr\/wp-content\/uploads\/2020\/04\/video-youtube-cercle-\u00e9co-cercle.png","width":1205,"height":1069},{"@type":"BreadcrumbList","@id":"https:\/\/ecodef-ihedn.fr\/video-revoir-la-conference-les-industries-de-defense-un-atout-pour-leconomie\/#breadcrumb","itemListElement":[{"@type":"ListItem","position":1,"name":"Accueil","item":"https:\/\/ecodef-ihedn.fr\/"},{"@type":"ListItem","position":2,"name":"Vid\u00e9o : revoir la conf\u00e9rence &#8220;Les industries de d\u00e9fense, un atout pour l&#8217;\u00e9conomie ?&#8221;"}]},{"@type":"WebSite","@id":"https:\/\/ecodef-ihedn.fr\/#website","url":"https:\/\/ecodef-ihedn.fr\/","name":"Chair in Defence Economics - IHEDN","description":"Produce &amp; support, federate &amp; disseminate, act as an interface","publisher":{"@id":"https:\/\/ecodef-ihedn.fr\/#organization"},"potentialAction":[{"@type":"SearchAction","target":{"@type":"EntryPoint","urlTemplate":"https:\/\/ecodef-ihedn.fr\/?s={search_term_string}"},"query-input":{"@type":"PropertyValueSpecification","valueRequired":true,"valueName":"search_term_string"}}],"inLanguage":"en-GB"},{"@type":"Organization","@id":"https:\/\/ecodef-ihedn.fr\/#organization","name":"Chair in Defence Economics - IHEDN","url":"https:\/\/ecodef-ihedn.fr\/","logo":{"@type":"ImageObject","inLanguage":"en-GB","@id":"https:\/\/ecodef-ihedn.fr\/#\/schema\/logo\/image\/","url":"https:\/\/ecodef-ihedn.fr\/wp-content\/uploads\/2020\/04\/logoEcodef9.jpg","contentUrl":"https:\/\/ecodef-ihedn.fr\/wp-content\/uploads\/2020\/04\/logoEcodef9.jpg","width":410,"height":212,"caption":"Chaire \u00c9conomie de d\u00e9fense - IHEDN"},"image":{"@id":"https:\/\/ecodef-ihedn.fr\/#\/schema\/logo\/image\/"},"sameAs":["https:\/\/x.com\/Chaire_Ecodef","https:\/\/www.linkedin.com\/company\/chaire-ecodef-ihedn\/"]},{"@type":"Person","@id":"https:\/\/ecodef-ihedn.fr\/#\/schema\/person\/7b3f1a2d8fd336e0be2f9ff63ff0ebbc","name":"dev","image":{"@type":"ImageObject","inLanguage":"en-GB","@id":"https:\/\/secure.gravatar.com\/avatar\/f1ffcac9ca2fa95ad3ec33e9be3ade82f752acb0cabe541e56c5889225afa88a?s=96&d=mm&r=g","url":"https:\/\/secure.gravatar.com\/avatar\/f1ffcac9ca2fa95ad3ec33e9be3ade82f752acb0cabe541e56c5889225afa88a?s=96&d=mm&r=g","contentUrl":"https:\/\/secure.gravatar.com\/avatar\/f1ffcac9ca2fa95ad3ec33e9be3ade82f752acb0cabe541e56c5889225afa88a?s=96&d=mm&r=g","caption":"dev"},"url":"https:\/\/ecodef-ihedn.fr\/en\/author\/dev\/"}]}},"_links":{"self":[{"href":"https:\/\/ecodef-ihedn.fr\/en\/wp-json\/wp\/v2\/posts\/946","targetHints":{"allow":["GET"]}}],"collection":[{"href":"https:\/\/ecodef-ihedn.fr\/en\/wp-json\/wp\/v2\/posts"}],"about":[{"href":"https:\/\/ecodef-ihedn.fr\/en\/wp-json\/wp\/v2\/types\/post"}],"author":[{"embeddable":true,"href":"https:\/\/ecodef-ihedn.fr\/en\/wp-json\/wp\/v2\/users\/1"}],"replies":[{"embeddable":true,"href":"https:\/\/ecodef-ihedn.fr\/en\/wp-json\/wp\/v2\/comments?post=946"}],"version-history":[{"count":2,"href":"https:\/\/ecodef-ihedn.fr\/en\/wp-json\/wp\/v2\/posts\/946\/revisions"}],"predecessor-version":[{"id":1579,"href":"https:\/\/ecodef-ihedn.fr\/en\/wp-json\/wp\/v2\/posts\/946\/revisions\/1579"}],"wp:featuredmedia":[{"embeddable":true,"href":"https:\/\/ecodef-ihedn.fr\/en\/wp-json\/wp\/v2\/media\/947"}],"wp:attachment":[{"href":"https:\/\/ecodef-ihedn.fr\/en\/wp-json\/wp\/v2\/media?parent=946"}],"wp:term":[{"taxonomy":"category","embeddable":true,"href":"https:\/\/ecodef-ihedn.fr\/en\/wp-json\/wp\/v2\/categories?post=946"},{"taxonomy":"post_tag","embeddable":true,"href":"https:\/\/ecodef-ihedn.fr\/en\/wp-json\/wp\/v2\/tags?post=946"}],"curies":[{"name":"wp","href":"https:\/\/api.w.org\/{rel}","templated":true}]}}