{"id":952,"date":"2017-04-10T00:00:00","date_gmt":"2017-04-10T00:00:00","guid":{"rendered":"https:\/\/ecodef-ihedn.fr\/nouvelle-publication-the-european-military-helicopter-industry-trends-and-perspectives\/"},"modified":"2020-04-23T14:15:25","modified_gmt":"2020-04-23T14:15:25","slug":"the-european-military-helicopter-industry-trends-and-perspectives","status":"publish","type":"post","link":"https:\/\/ecodef-ihedn.fr\/en\/the-european-military-helicopter-industry-trends-and-perspectives\/","title":{"rendered":"The European military helicopter industry: Trends and perspectives"},"content":{"rendered":"<div id=\"articleTitle\">\n<p>New publication by Josselin Droff in the magazine <em>The Economics of Peace &amp; Security Journal<\/em>, vol 12, No 1 (2017).<\/p>\n<h3><a href=\"https:\/\/www.epsjournal.org.uk\/index.php\/EPSJ\/article\/view\/286\">The European military helicopter industry: Trends and perspectives<\/a><\/h3>\n<\/div>\n<div id=\"authorString\"><em>Written by Josselin Droff, 2017<br \/>\n<\/em><\/div>\n<div>\n<h6 style=\"text-align: center\"><a href=\"https:\/\/ecodef-ihedn.fr\/wp-content\/uploads\/2020\/04\/SAF2016_0195314.jpg\"><img loading=\"lazy\" decoding=\"async\" class=\"wp-image-5508 aligncenter\" src=\"https:\/\/ecodef-ihedn.fr\/wp-content\/uploads\/2020\/04\/SAF2016_0195314.jpg\" alt=\"\" width=\"627\" height=\"377\" \/><\/a>Raphael Olivier \/ CAPA Pictures \/ Safran<\/h6>\n<\/div>\n<div id=\"articleAbstract\">\n<h4>Abstract<\/h4>\n<div>This article discusses the European military helicopter market. It first recalls historical antecedents in the structural development of the main helicopter programs that helped to consolidate the industry and then reviews the industry's current major trends. A paradoxical situation is identified: While European countries presently are able to cope with both, the growing needs in helicopter capabilities and the maintenance of ageing fleets, no large helicopter programs for the future have been launched. Some uncertainties regarding how future helicopter procurement will be organized are identified. The current situation underlines the challenges that European states will face to maintain both industrial skills in the industry and sovereignty in military helicopter capabilities. A number of industry options are discussed: more exports, more cooperation, more dual use, and more reliance on support and service sales.<\/div>\n<div><a href=\"https:\/\/epsjournal.org.uk\/index.php\/EPSJ\/article\/view\/286\">Link to the<em>The Economics of Peace &amp; Security Journal<\/em><\/a><\/div>\n<\/div>\n<div><\/div>\n<div><\/div>\n<div><em><a href=\"https:\/\/epsjournal.org.uk\/index.php\/EPSJ\/about\/history\">About the Journal<\/a><\/em><\/div>\n<div><span class=\"maintext\"><em>The Economics of Peace and Security Journal (EPSJ), a publication of <strong><a href=\"http:\/\/www.epsusa.org\" target=\"_blank\" rel=\"noopener noreferrer\">Economists for Peace and Security<\/a><\/strong> (EPS). Issues are published in April and October.The Economics of Peace and Security Journal (EPSJ) was launched in January 2006 as an activity of Economists for Peace and Security, United Kingdom (EPS-UK). Initially, EPSJ published twice a year, in January and July. In 2013\/14, management of the journal was transferred to EPS-USA, the design of the journal was modernized, and website features upgraded. Since 2013, EPSJ is published in April and October. In honour of our U.K. colleagues, we still keep the *.uk domain extension. In 2016\/17, we moved the journal to a more secure web server environment. Email: <a href=\"mailto:%4d%61%6e%61%67%69%6e%67%45%64%69%74%6f%72@%65%70%73%6a%6f%75%72%6e%61%6c.%6f%72%67.%75%6b\">ManagingEditor@epsjournal.org.uk<\/a><br \/>\n<\/em><\/span><\/div>\n<div><\/div>\n<div><\/div>","protected":false},"excerpt":{"rendered":"<p>Nouvelle publication de Josselin Droff dans la revue The Economics of Peace &amp; Security Journal, vol 12, No 1 (2017). The European military helicopter industry: Trends and perspectives Written by Josselin Droff, 2017 Raphael Olivier \/ CAPA Pictures \/ Safran Abstract This article discusses the European military helicopter market. It first recalls historical antecedents in [&hellip;]<\/p>\n","protected":false},"author":1,"featured_media":953,"comment_status":"open","ping_status":"open","sticky":false,"template":"","format":"standard","meta":{"footnotes":""},"categories":[350,351,354],"tags":[],"class_list":{"0":"post-952","1":"post","2":"type-post","3":"status-publish","4":"format-standard","5":"has-post-thumbnail","7":"category-publications","8":"category-thematique-1-connaissance-des-entreprises-de-defense","9":"category-thematique-4-mco"},"yoast_head":"<!-- This site is optimized with the Yoast SEO plugin v27.4 - https:\/\/yoast.com\/product\/yoast-seo-wordpress\/ -->\n<title>The European military helicopter industry: Trends and perspectives - Chaire \u00c9conomie de d\u00e9fense - IHEDN<\/title>\n<meta name=\"robots\" content=\"index, follow, max-snippet:-1, max-image-preview:large, max-video-preview:-1\" \/>\n<link rel=\"canonical\" href=\"https:\/\/ecodef-ihedn.fr\/en\/the-european-military-helicopter-industry-trends-and-perspectives\/\" \/>\n<meta property=\"og:locale\" content=\"en_GB\" \/>\n<meta property=\"og:type\" content=\"article\" \/>\n<meta property=\"og:title\" content=\"The European military helicopter industry: Trends and perspectives - Chaire \u00c9conomie de d\u00e9fense - IHEDN\" \/>\n<meta property=\"og:description\" content=\"Nouvelle publication de Josselin Droff dans la revue The Economics of Peace &amp; Security Journal, vol 12, No 1 (2017). The European military helicopter industry: Trends and perspectives Written by Josselin Droff, 2017 Raphael Olivier \/ CAPA Pictures \/ Safran Abstract This article discusses the European military helicopter market. It first recalls historical antecedents in [&hellip;]\" \/>\n<meta property=\"og:url\" content=\"https:\/\/ecodef-ihedn.fr\/en\/the-european-military-helicopter-industry-trends-and-perspectives\/\" \/>\n<meta property=\"og:site_name\" content=\"Chaire \u00c9conomie de d\u00e9fense - IHEDN\" \/>\n<meta property=\"article:published_time\" content=\"2017-04-10T00:00:00+00:00\" \/>\n<meta property=\"article:modified_time\" content=\"2020-04-23T14:15:25+00:00\" \/>\n<meta property=\"og:image\" content=\"https:\/\/ecodef-ihedn.fr\/wp-content\/uploads\/2020\/04\/SAF2016_0195314.jpg\" \/>\n\t<meta property=\"og:image:width\" content=\"2048\" \/>\n\t<meta property=\"og:image:height\" content=\"1366\" \/>\n\t<meta property=\"og:image:type\" content=\"image\/jpeg\" \/>\n<meta name=\"author\" content=\"dev\" \/>\n<meta name=\"twitter:card\" content=\"summary_large_image\" \/>\n<meta name=\"twitter:creator\" content=\"@Chaire_Ecodef\" \/>\n<meta name=\"twitter:site\" content=\"@Chaire_Ecodef\" \/>\n<meta name=\"twitter:label1\" content=\"Written by\" \/>\n\t<meta name=\"twitter:data1\" content=\"dev\" \/>\n\t<meta name=\"twitter:label2\" content=\"Estimated reading time\" \/>\n\t<meta name=\"twitter:data2\" content=\"1 minute\" \/>\n<script type=\"application\/ld+json\" class=\"yoast-schema-graph\">{\"@context\":\"https:\\\/\\\/schema.org\",\"@graph\":[{\"@type\":\"Article\",\"@id\":\"https:\\\/\\\/ecodef-ihedn.fr\\\/the-european-military-helicopter-industry-trends-and-perspectives\\\/#article\",\"isPartOf\":{\"@id\":\"https:\\\/\\\/ecodef-ihedn.fr\\\/the-european-military-helicopter-industry-trends-and-perspectives\\\/\"},\"author\":{\"name\":\"dev\",\"@id\":\"https:\\\/\\\/ecodef-ihedn.fr\\\/#\\\/schema\\\/person\\\/7b3f1a2d8fd336e0be2f9ff63ff0ebbc\"},\"headline\":\"The European military helicopter industry: Trends and perspectives\",\"datePublished\":\"2017-04-10T00:00:00+00:00\",\"dateModified\":\"2020-04-23T14:15:25+00:00\",\"mainEntityOfPage\":{\"@id\":\"https:\\\/\\\/ecodef-ihedn.fr\\\/the-european-military-helicopter-industry-trends-and-perspectives\\\/\"},\"wordCount\":305,\"commentCount\":0,\"publisher\":{\"@id\":\"https:\\\/\\\/ecodef-ihedn.fr\\\/#organization\"},\"image\":{\"@id\":\"https:\\\/\\\/ecodef-ihedn.fr\\\/the-european-military-helicopter-industry-trends-and-perspectives\\\/#primaryimage\"},\"thumbnailUrl\":\"https:\\\/\\\/ecodef-ihedn.fr\\\/wp-content\\\/uploads\\\/2020\\\/04\\\/SAF2016_0195314.jpg\",\"articleSection\":[\"Publications\",\"Th\u00e9matique 1 : connaissance des entreprises de d\u00e9fense\",\"Th\u00e9matique 4 : MCO\"],\"inLanguage\":\"en-GB\",\"potentialAction\":[{\"@type\":\"CommentAction\",\"name\":\"Comment\",\"target\":[\"https:\\\/\\\/ecodef-ihedn.fr\\\/the-european-military-helicopter-industry-trends-and-perspectives\\\/#respond\"]}]},{\"@type\":\"WebPage\",\"@id\":\"https:\\\/\\\/ecodef-ihedn.fr\\\/the-european-military-helicopter-industry-trends-and-perspectives\\\/\",\"url\":\"https:\\\/\\\/ecodef-ihedn.fr\\\/the-european-military-helicopter-industry-trends-and-perspectives\\\/\",\"name\":\"The European military helicopter industry: Trends and perspectives - Chaire \u00c9conomie de d\u00e9fense - IHEDN\",\"isPartOf\":{\"@id\":\"https:\\\/\\\/ecodef-ihedn.fr\\\/#website\"},\"primaryImageOfPage\":{\"@id\":\"https:\\\/\\\/ecodef-ihedn.fr\\\/the-european-military-helicopter-industry-trends-and-perspectives\\\/#primaryimage\"},\"image\":{\"@id\":\"https:\\\/\\\/ecodef-ihedn.fr\\\/the-european-military-helicopter-industry-trends-and-perspectives\\\/#primaryimage\"},\"thumbnailUrl\":\"https:\\\/\\\/ecodef-ihedn.fr\\\/wp-content\\\/uploads\\\/2020\\\/04\\\/SAF2016_0195314.jpg\",\"datePublished\":\"2017-04-10T00:00:00+00:00\",\"dateModified\":\"2020-04-23T14:15:25+00:00\",\"breadcrumb\":{\"@id\":\"https:\\\/\\\/ecodef-ihedn.fr\\\/the-european-military-helicopter-industry-trends-and-perspectives\\\/#breadcrumb\"},\"inLanguage\":\"en-GB\",\"potentialAction\":[{\"@type\":\"ReadAction\",\"target\":[\"https:\\\/\\\/ecodef-ihedn.fr\\\/the-european-military-helicopter-industry-trends-and-perspectives\\\/\"]}]},{\"@type\":\"ImageObject\",\"inLanguage\":\"en-GB\",\"@id\":\"https:\\\/\\\/ecodef-ihedn.fr\\\/the-european-military-helicopter-industry-trends-and-perspectives\\\/#primaryimage\",\"url\":\"https:\\\/\\\/ecodef-ihedn.fr\\\/wp-content\\\/uploads\\\/2020\\\/04\\\/SAF2016_0195314.jpg\",\"contentUrl\":\"https:\\\/\\\/ecodef-ihedn.fr\\\/wp-content\\\/uploads\\\/2020\\\/04\\\/SAF2016_0195314.jpg\",\"width\":2048,\"height\":1366},{\"@type\":\"BreadcrumbList\",\"@id\":\"https:\\\/\\\/ecodef-ihedn.fr\\\/the-european-military-helicopter-industry-trends-and-perspectives\\\/#breadcrumb\",\"itemListElement\":[{\"@type\":\"ListItem\",\"position\":1,\"name\":\"Accueil\",\"item\":\"https:\\\/\\\/ecodef-ihedn.fr\\\/\"},{\"@type\":\"ListItem\",\"position\":2,\"name\":\"The European military helicopter industry: Trends and perspectives\"}]},{\"@type\":\"WebSite\",\"@id\":\"https:\\\/\\\/ecodef-ihedn.fr\\\/#website\",\"url\":\"https:\\\/\\\/ecodef-ihedn.fr\\\/\",\"name\":\"Chaire \u00c9conomie de D\u00e9fense - IHEDN\",\"description\":\"Produire &amp; soutenir, f\u00e9d\u00e9rer &amp; diffuser, \u00eatre une interface\",\"publisher\":{\"@id\":\"https:\\\/\\\/ecodef-ihedn.fr\\\/#organization\"},\"potentialAction\":[{\"@type\":\"SearchAction\",\"target\":{\"@type\":\"EntryPoint\",\"urlTemplate\":\"https:\\\/\\\/ecodef-ihedn.fr\\\/?s={search_term_string}\"},\"query-input\":{\"@type\":\"PropertyValueSpecification\",\"valueRequired\":true,\"valueName\":\"search_term_string\"}}],\"inLanguage\":\"en-GB\"},{\"@type\":\"Organization\",\"@id\":\"https:\\\/\\\/ecodef-ihedn.fr\\\/#organization\",\"name\":\"Chaire \u00c9conomie de d\u00e9fense - IHEDN\",\"url\":\"https:\\\/\\\/ecodef-ihedn.fr\\\/\",\"logo\":{\"@type\":\"ImageObject\",\"inLanguage\":\"en-GB\",\"@id\":\"https:\\\/\\\/ecodef-ihedn.fr\\\/#\\\/schema\\\/logo\\\/image\\\/\",\"url\":\"https:\\\/\\\/ecodef-ihedn.fr\\\/wp-content\\\/uploads\\\/2020\\\/04\\\/logoEcodef9.jpg\",\"contentUrl\":\"https:\\\/\\\/ecodef-ihedn.fr\\\/wp-content\\\/uploads\\\/2020\\\/04\\\/logoEcodef9.jpg\",\"width\":410,\"height\":212,\"caption\":\"Chaire \u00c9conomie de d\u00e9fense - IHEDN\"},\"image\":{\"@id\":\"https:\\\/\\\/ecodef-ihedn.fr\\\/#\\\/schema\\\/logo\\\/image\\\/\"},\"sameAs\":[\"https:\\\/\\\/x.com\\\/Chaire_Ecodef\",\"https:\\\/\\\/www.linkedin.com\\\/company\\\/chaire-ecodef-ihedn\\\/\"]},{\"@type\":\"Person\",\"@id\":\"https:\\\/\\\/ecodef-ihedn.fr\\\/#\\\/schema\\\/person\\\/7b3f1a2d8fd336e0be2f9ff63ff0ebbc\",\"name\":\"dev\",\"image\":{\"@type\":\"ImageObject\",\"inLanguage\":\"en-GB\",\"@id\":\"https:\\\/\\\/secure.gravatar.com\\\/avatar\\\/f1ffcac9ca2fa95ad3ec33e9be3ade82f752acb0cabe541e56c5889225afa88a?s=96&d=mm&r=g\",\"url\":\"https:\\\/\\\/secure.gravatar.com\\\/avatar\\\/f1ffcac9ca2fa95ad3ec33e9be3ade82f752acb0cabe541e56c5889225afa88a?s=96&d=mm&r=g\",\"contentUrl\":\"https:\\\/\\\/secure.gravatar.com\\\/avatar\\\/f1ffcac9ca2fa95ad3ec33e9be3ade82f752acb0cabe541e56c5889225afa88a?s=96&d=mm&r=g\",\"caption\":\"dev\"},\"url\":\"https:\\\/\\\/ecodef-ihedn.fr\\\/en\\\/author\\\/dev\\\/\"}]}<\/script>\n<!-- \/ Yoast SEO plugin. -->","yoast_head_json":{"title":"The European military helicopter industry: Trends and perspectives - Chaire \u00c9conomie de d\u00e9fense - IHEDN","robots":{"index":"index","follow":"follow","max-snippet":"max-snippet:-1","max-image-preview":"max-image-preview:large","max-video-preview":"max-video-preview:-1"},"canonical":"https:\/\/ecodef-ihedn.fr\/en\/the-european-military-helicopter-industry-trends-and-perspectives\/","og_locale":"en_GB","og_type":"article","og_title":"The European military helicopter industry: Trends and perspectives - Chaire \u00c9conomie de d\u00e9fense - IHEDN","og_description":"Nouvelle publication de Josselin Droff dans la revue The Economics of Peace &amp; Security Journal, vol 12, No 1 (2017). The European military helicopter industry: Trends and perspectives Written by Josselin Droff, 2017 Raphael Olivier \/ CAPA Pictures \/ Safran Abstract This article discusses the European military helicopter market. It first recalls historical antecedents in [&hellip;]","og_url":"https:\/\/ecodef-ihedn.fr\/en\/the-european-military-helicopter-industry-trends-and-perspectives\/","og_site_name":"Chaire \u00c9conomie de d\u00e9fense - IHEDN","article_published_time":"2017-04-10T00:00:00+00:00","article_modified_time":"2020-04-23T14:15:25+00:00","og_image":[{"width":2048,"height":1366,"url":"https:\/\/ecodef-ihedn.fr\/wp-content\/uploads\/2020\/04\/SAF2016_0195314.jpg","type":"image\/jpeg"}],"author":"dev","twitter_card":"summary_large_image","twitter_creator":"@Chaire_Ecodef","twitter_site":"@Chaire_Ecodef","twitter_misc":{"Written by":"dev","Estimated reading time":"1 minute"},"schema":{"@context":"https:\/\/schema.org","@graph":[{"@type":"Article","@id":"https:\/\/ecodef-ihedn.fr\/the-european-military-helicopter-industry-trends-and-perspectives\/#article","isPartOf":{"@id":"https:\/\/ecodef-ihedn.fr\/the-european-military-helicopter-industry-trends-and-perspectives\/"},"author":{"name":"dev","@id":"https:\/\/ecodef-ihedn.fr\/#\/schema\/person\/7b3f1a2d8fd336e0be2f9ff63ff0ebbc"},"headline":"The European military helicopter industry: Trends and perspectives","datePublished":"2017-04-10T00:00:00+00:00","dateModified":"2020-04-23T14:15:25+00:00","mainEntityOfPage":{"@id":"https:\/\/ecodef-ihedn.fr\/the-european-military-helicopter-industry-trends-and-perspectives\/"},"wordCount":305,"commentCount":0,"publisher":{"@id":"https:\/\/ecodef-ihedn.fr\/#organization"},"image":{"@id":"https:\/\/ecodef-ihedn.fr\/the-european-military-helicopter-industry-trends-and-perspectives\/#primaryimage"},"thumbnailUrl":"https:\/\/ecodef-ihedn.fr\/wp-content\/uploads\/2020\/04\/SAF2016_0195314.jpg","articleSection":["Publications","Th\u00e9matique 1 : connaissance des entreprises de d\u00e9fense","Th\u00e9matique 4 : MCO"],"inLanguage":"en-GB","potentialAction":[{"@type":"CommentAction","name":"Comment","target":["https:\/\/ecodef-ihedn.fr\/the-european-military-helicopter-industry-trends-and-perspectives\/#respond"]}]},{"@type":"WebPage","@id":"https:\/\/ecodef-ihedn.fr\/the-european-military-helicopter-industry-trends-and-perspectives\/","url":"https:\/\/ecodef-ihedn.fr\/the-european-military-helicopter-industry-trends-and-perspectives\/","name":"The European military helicopter industry: Trends and perspectives - Chaire \u00c9conomie de d\u00e9fense - IHEDN","isPartOf":{"@id":"https:\/\/ecodef-ihedn.fr\/#website"},"primaryImageOfPage":{"@id":"https:\/\/ecodef-ihedn.fr\/the-european-military-helicopter-industry-trends-and-perspectives\/#primaryimage"},"image":{"@id":"https:\/\/ecodef-ihedn.fr\/the-european-military-helicopter-industry-trends-and-perspectives\/#primaryimage"},"thumbnailUrl":"https:\/\/ecodef-ihedn.fr\/wp-content\/uploads\/2020\/04\/SAF2016_0195314.jpg","datePublished":"2017-04-10T00:00:00+00:00","dateModified":"2020-04-23T14:15:25+00:00","breadcrumb":{"@id":"https:\/\/ecodef-ihedn.fr\/the-european-military-helicopter-industry-trends-and-perspectives\/#breadcrumb"},"inLanguage":"en-GB","potentialAction":[{"@type":"ReadAction","target":["https:\/\/ecodef-ihedn.fr\/the-european-military-helicopter-industry-trends-and-perspectives\/"]}]},{"@type":"ImageObject","inLanguage":"en-GB","@id":"https:\/\/ecodef-ihedn.fr\/the-european-military-helicopter-industry-trends-and-perspectives\/#primaryimage","url":"https:\/\/ecodef-ihedn.fr\/wp-content\/uploads\/2020\/04\/SAF2016_0195314.jpg","contentUrl":"https:\/\/ecodef-ihedn.fr\/wp-content\/uploads\/2020\/04\/SAF2016_0195314.jpg","width":2048,"height":1366},{"@type":"BreadcrumbList","@id":"https:\/\/ecodef-ihedn.fr\/the-european-military-helicopter-industry-trends-and-perspectives\/#breadcrumb","itemListElement":[{"@type":"ListItem","position":1,"name":"Accueil","item":"https:\/\/ecodef-ihedn.fr\/"},{"@type":"ListItem","position":2,"name":"The European military helicopter industry: Trends and perspectives"}]},{"@type":"WebSite","@id":"https:\/\/ecodef-ihedn.fr\/#website","url":"https:\/\/ecodef-ihedn.fr\/","name":"Chair in Defence Economics - IHEDN","description":"Produce &amp; support, federate &amp; disseminate, act as an interface","publisher":{"@id":"https:\/\/ecodef-ihedn.fr\/#organization"},"potentialAction":[{"@type":"SearchAction","target":{"@type":"EntryPoint","urlTemplate":"https:\/\/ecodef-ihedn.fr\/?s={search_term_string}"},"query-input":{"@type":"PropertyValueSpecification","valueRequired":true,"valueName":"search_term_string"}}],"inLanguage":"en-GB"},{"@type":"Organization","@id":"https:\/\/ecodef-ihedn.fr\/#organization","name":"Chair in Defence Economics - IHEDN","url":"https:\/\/ecodef-ihedn.fr\/","logo":{"@type":"ImageObject","inLanguage":"en-GB","@id":"https:\/\/ecodef-ihedn.fr\/#\/schema\/logo\/image\/","url":"https:\/\/ecodef-ihedn.fr\/wp-content\/uploads\/2020\/04\/logoEcodef9.jpg","contentUrl":"https:\/\/ecodef-ihedn.fr\/wp-content\/uploads\/2020\/04\/logoEcodef9.jpg","width":410,"height":212,"caption":"Chaire \u00c9conomie de d\u00e9fense - IHEDN"},"image":{"@id":"https:\/\/ecodef-ihedn.fr\/#\/schema\/logo\/image\/"},"sameAs":["https:\/\/x.com\/Chaire_Ecodef","https:\/\/www.linkedin.com\/company\/chaire-ecodef-ihedn\/"]},{"@type":"Person","@id":"https:\/\/ecodef-ihedn.fr\/#\/schema\/person\/7b3f1a2d8fd336e0be2f9ff63ff0ebbc","name":"dev","image":{"@type":"ImageObject","inLanguage":"en-GB","@id":"https:\/\/secure.gravatar.com\/avatar\/f1ffcac9ca2fa95ad3ec33e9be3ade82f752acb0cabe541e56c5889225afa88a?s=96&d=mm&r=g","url":"https:\/\/secure.gravatar.com\/avatar\/f1ffcac9ca2fa95ad3ec33e9be3ade82f752acb0cabe541e56c5889225afa88a?s=96&d=mm&r=g","contentUrl":"https:\/\/secure.gravatar.com\/avatar\/f1ffcac9ca2fa95ad3ec33e9be3ade82f752acb0cabe541e56c5889225afa88a?s=96&d=mm&r=g","caption":"dev"},"url":"https:\/\/ecodef-ihedn.fr\/en\/author\/dev\/"}]}},"_links":{"self":[{"href":"https:\/\/ecodef-ihedn.fr\/en\/wp-json\/wp\/v2\/posts\/952","targetHints":{"allow":["GET"]}}],"collection":[{"href":"https:\/\/ecodef-ihedn.fr\/en\/wp-json\/wp\/v2\/posts"}],"about":[{"href":"https:\/\/ecodef-ihedn.fr\/en\/wp-json\/wp\/v2\/types\/post"}],"author":[{"embeddable":true,"href":"https:\/\/ecodef-ihedn.fr\/en\/wp-json\/wp\/v2\/users\/1"}],"replies":[{"embeddable":true,"href":"https:\/\/ecodef-ihedn.fr\/en\/wp-json\/wp\/v2\/comments?post=952"}],"version-history":[{"count":3,"href":"https:\/\/ecodef-ihedn.fr\/en\/wp-json\/wp\/v2\/posts\/952\/revisions"}],"predecessor-version":[{"id":1578,"href":"https:\/\/ecodef-ihedn.fr\/en\/wp-json\/wp\/v2\/posts\/952\/revisions\/1578"}],"wp:featuredmedia":[{"embeddable":true,"href":"https:\/\/ecodef-ihedn.fr\/en\/wp-json\/wp\/v2\/media\/953"}],"wp:attachment":[{"href":"https:\/\/ecodef-ihedn.fr\/en\/wp-json\/wp\/v2\/media?parent=952"}],"wp:term":[{"taxonomy":"category","embeddable":true,"href":"https:\/\/ecodef-ihedn.fr\/en\/wp-json\/wp\/v2\/categories?post=952"},{"taxonomy":"post_tag","embeddable":true,"href":"https:\/\/ecodef-ihedn.fr\/en\/wp-json\/wp\/v2\/tags?post=952"}],"curies":[{"name":"wp","href":"https:\/\/api.w.org\/{rel}","templated":true}]}}