{"id":954,"date":"2017-04-24T00:00:00","date_gmt":"2017-04-24T00:00:00","guid":{"rendered":"https:\/\/ecodef-ihedn.fr\/interview-chaire-ecodef-le-prix-de-la-paix-le-cout-de-la-guerre-rfi\/"},"modified":"2020-04-30T11:13:46","modified_gmt":"2020-04-30T11:13:46","slug":"interview-chaire-ecodef-le-prix-de-la-paix-le-cout-de-la-guerre-rfi","status":"publish","type":"post","link":"https:\/\/ecodef-ihedn.fr\/en\/interview-chaire-ecodef-le-prix-de-la-paix-le-cout-de-la-guerre-rfi\/","title":{"rendered":"Interview with the Ecodef Chair: \u00abThe price of peace, the cost of war\u00bb - RFI"},"content":{"rendered":"<p>Jean-Pierre Boris, journalist and presenter of the programme \u00abEco d'ici Eco d'ailleurs\u00bb, on RFI, interviews <b>Julien Malizard<\/b>, <strong>researcher at the Economics of Defence Chair<\/strong> and <b>Mariane Guille<\/b>, <strong>member of the Chair's Scientific Advisory Board and lecturer at the Universit\u00e9 Panth\u00e9on-Assas<\/strong>, on the following theme:<\/p>\n<h4 style=\"text-align: center\">\u00abThe price of peace and the cost of war\u00bb<\/h4>\n<p><a href=\"http:\/\/www.rfi.fr\/emission\/20170422-le-prix-paix-le-cout-guerre-defense-industrie-armes\"><img loading=\"lazy\" decoding=\"async\" class=\"alignnone size-full wp-image-5512\" src=\"https:\/\/ecodef-ihedn.fr\/wp-content\/uploads\/2020\/04\/RFI-Julien.png\" alt=\"\" width=\"1559\" height=\"593\"><\/a><\/p>\n<p>With the return of nationalism, war is once again haunting the world. In the three months since he came to power, Donald Trump has ordered the bombing of a Syrian base. This was in response to the death of 90 villagers in Khan Sheikhoune, killed by sarin gas released by Bashar al-Assad's air force. The same Donald Trump who dropped the \u00abmother of all bombs\u00bb on Afghanistan. And he is threatening North Korea with reprisals if it continues its military nuclear activities.<br \/>\nIn Europe, Russia is once again seen as a threat. European countries are being urged to increase their military spending. French forces are in Africa and taking part in operations in Syria.<br \/>\nArms purchases are going well everywhere. A prime example is France's success in recent years in selling its Rafale aircraft to Egypt and India, and its submarines to Australia. This is very good for France's balance of trade, which is not doing so well.<\/p>\n<h6 style=\"text-align: center\"><a href=\"https:\/\/ecodef-ihedn.fr\/wp-content\/uploads\/2020\/04\/SAF2016_0203883.jpg\"><img loading=\"lazy\" decoding=\"async\" class=\"wp-image-5515 aligncenter\" src=\"https:\/\/ecodef-ihedn.fr\/wp-content\/uploads\/2020\/04\/SAF2016_0203883.jpg\" alt=\"\" width=\"595\" height=\"421\"><\/a>Marc Scudeletti \/ Safran<\/h6>\n<p>So is being an arms dealer a job for the future? What role do defence industries play in the international and national economies? Are those who sometimes advocate a good war to revive ailing economies right? These are just some of the questions Jean-Pierre Boris poses to his two guests.<\/p>\n<p>The programme Eco d'ici, Eco d'ailleurs, \u00abThe price of peace and the cost of war\u00bb, can be (re)listened to as a player or podcast on the RFI website: <a href=\"http:\/\/www.rfi.fr\/emission\/20170422-le-prix-paix-le-cout-guerre-defense-industrie-armes\">http:\/\/www.rfi.fr\/emission\/20170422-le-prix-paix-le-cout-guerre-defense-industrie-armes<\/a><\/p>\n<p>Follow our researcher Julien Malizard on Twitter: <a class=\"ProfileHeaderCard-screennameLink u-linkComplex js-nav\" href=\"https:\/\/twitter.com\/JMalizard\"><span class=\"username u-dir\" dir=\"ltr\">@<b class=\"u-linkComplex-target\">JMalizard<\/b><\/span><\/a><\/p>\n<p>&nbsp;<\/p>\n<p>&nbsp;<\/p>","protected":false},"excerpt":{"rendered":"<p>Jean-Pierre Boris, journaliste et pr\u00e9sentateur de l&rsquo;\u00e9mission \u00ab\u00a0Eco d&rsquo;ici Eco d&rsquo;ailleurs\u00a0\u00bb, sur RFI, interroge Julien Malizard, chercheur \u00e0 la chaire Economie de D\u00e9fense et Mariane Guille, membre du Conseil Scientifique de la Chaire et ma\u00eetre de conf\u00e9rences \u00e0 l\u2019Universit\u00e9 Panth\u00e9on-Assas, sur la th\u00e9matique suivante : \u00ab\u00a0Le prix de la paix et le co\u00fbt de la [&hellip;]<\/p>\n","protected":false},"author":1,"featured_media":1695,"comment_status":"open","ping_status":"open","sticky":false,"template":"","format":"standard","meta":{"footnotes":""},"categories":[358],"tags":[],"class_list":{"0":"post-954","1":"post","2":"type-post","3":"status-publish","4":"format-standard","5":"has-post-thumbnail","7":"category-medias"},"yoast_head":"<!-- This site is optimized with the Yoast SEO plugin v27.4 - https:\/\/yoast.com\/product\/yoast-seo-wordpress\/ -->\n<title>Interview chaire Ecodef : &quot;Le prix de la paix, le co\u00fbt de la guerre&quot; - RFI - Chaire \u00c9conomie de d\u00e9fense - IHEDN<\/title>\n<meta name=\"robots\" content=\"index, follow, max-snippet:-1, max-image-preview:large, max-video-preview:-1\" \/>\n<link rel=\"canonical\" href=\"https:\/\/ecodef-ihedn.fr\/en\/interview-chaire-ecodef-le-prix-de-la-paix-le-cout-de-la-guerre-rfi\/\" \/>\n<meta property=\"og:locale\" content=\"en_GB\" \/>\n<meta property=\"og:type\" content=\"article\" \/>\n<meta property=\"og:title\" content=\"Interview chaire Ecodef : &quot;Le prix de la paix, le co\u00fbt de la guerre&quot; - RFI - Chaire \u00c9conomie de d\u00e9fense - IHEDN\" \/>\n<meta property=\"og:description\" content=\"Jean-Pierre Boris, journaliste et pr\u00e9sentateur de l&rsquo;\u00e9mission \u00ab\u00a0Eco d&rsquo;ici Eco d&rsquo;ailleurs\u00a0\u00bb, sur RFI, interroge Julien Malizard, chercheur \u00e0 la chaire Economie de D\u00e9fense et Mariane Guille, membre du Conseil Scientifique de la Chaire et ma\u00eetre de conf\u00e9rences \u00e0 l\u2019Universit\u00e9 Panth\u00e9on-Assas, sur la th\u00e9matique suivante : \u00ab\u00a0Le prix de la paix et le co\u00fbt de la [&hellip;]\" \/>\n<meta property=\"og:url\" content=\"https:\/\/ecodef-ihedn.fr\/en\/interview-chaire-ecodef-le-prix-de-la-paix-le-cout-de-la-guerre-rfi\/\" \/>\n<meta property=\"og:site_name\" content=\"Chaire \u00c9conomie de d\u00e9fense - IHEDN\" \/>\n<meta property=\"article:published_time\" content=\"2017-04-24T00:00:00+00:00\" \/>\n<meta property=\"article:modified_time\" content=\"2020-04-30T11:13:46+00:00\" \/>\n<meta property=\"og:image\" content=\"https:\/\/ecodef-ihedn.fr\/wp-content\/uploads\/2017\/04\/RFI_logo_2013.svg.png\" \/>\n\t<meta property=\"og:image:width\" content=\"1200\" \/>\n\t<meta property=\"og:image:height\" content=\"1200\" \/>\n\t<meta property=\"og:image:type\" content=\"image\/png\" \/>\n<meta name=\"author\" content=\"dev\" \/>\n<meta name=\"twitter:card\" content=\"summary_large_image\" \/>\n<meta name=\"twitter:creator\" content=\"@Chaire_Ecodef\" \/>\n<meta name=\"twitter:site\" content=\"@Chaire_Ecodef\" \/>\n<meta name=\"twitter:label1\" content=\"Written by\" \/>\n\t<meta name=\"twitter:data1\" content=\"dev\" \/>\n\t<meta name=\"twitter:label2\" content=\"Estimated reading time\" \/>\n\t<meta name=\"twitter:data2\" content=\"2 minutes\" \/>\n<script type=\"application\/ld+json\" class=\"yoast-schema-graph\">{\"@context\":\"https:\\\/\\\/schema.org\",\"@graph\":[{\"@type\":\"Article\",\"@id\":\"https:\\\/\\\/ecodef-ihedn.fr\\\/interview-chaire-ecodef-le-prix-de-la-paix-le-cout-de-la-guerre-rfi\\\/#article\",\"isPartOf\":{\"@id\":\"https:\\\/\\\/ecodef-ihedn.fr\\\/interview-chaire-ecodef-le-prix-de-la-paix-le-cout-de-la-guerre-rfi\\\/\"},\"author\":{\"name\":\"dev\",\"@id\":\"https:\\\/\\\/ecodef-ihedn.fr\\\/#\\\/schema\\\/person\\\/7b3f1a2d8fd336e0be2f9ff63ff0ebbc\"},\"headline\":\"Interview chaire Ecodef : \u00ab\u00a0Le prix de la paix, le co\u00fbt de la guerre\u00a0\u00bb &#8211; RFI\",\"datePublished\":\"2017-04-24T00:00:00+00:00\",\"dateModified\":\"2020-04-30T11:13:46+00:00\",\"mainEntityOfPage\":{\"@id\":\"https:\\\/\\\/ecodef-ihedn.fr\\\/interview-chaire-ecodef-le-prix-de-la-paix-le-cout-de-la-guerre-rfi\\\/\"},\"wordCount\":383,\"commentCount\":0,\"publisher\":{\"@id\":\"https:\\\/\\\/ecodef-ihedn.fr\\\/#organization\"},\"image\":{\"@id\":\"https:\\\/\\\/ecodef-ihedn.fr\\\/interview-chaire-ecodef-le-prix-de-la-paix-le-cout-de-la-guerre-rfi\\\/#primaryimage\"},\"thumbnailUrl\":\"https:\\\/\\\/ecodef-ihedn.fr\\\/wp-content\\\/uploads\\\/2017\\\/04\\\/RFI_logo_2013.svg.png\",\"articleSection\":[\"M\u00e9dias\"],\"inLanguage\":\"en-GB\",\"potentialAction\":[{\"@type\":\"CommentAction\",\"name\":\"Comment\",\"target\":[\"https:\\\/\\\/ecodef-ihedn.fr\\\/interview-chaire-ecodef-le-prix-de-la-paix-le-cout-de-la-guerre-rfi\\\/#respond\"]}]},{\"@type\":\"WebPage\",\"@id\":\"https:\\\/\\\/ecodef-ihedn.fr\\\/interview-chaire-ecodef-le-prix-de-la-paix-le-cout-de-la-guerre-rfi\\\/\",\"url\":\"https:\\\/\\\/ecodef-ihedn.fr\\\/interview-chaire-ecodef-le-prix-de-la-paix-le-cout-de-la-guerre-rfi\\\/\",\"name\":\"Interview chaire Ecodef : \\\"Le prix de la paix, le co\u00fbt de la guerre\\\" - RFI - Chaire \u00c9conomie de d\u00e9fense - IHEDN\",\"isPartOf\":{\"@id\":\"https:\\\/\\\/ecodef-ihedn.fr\\\/#website\"},\"primaryImageOfPage\":{\"@id\":\"https:\\\/\\\/ecodef-ihedn.fr\\\/interview-chaire-ecodef-le-prix-de-la-paix-le-cout-de-la-guerre-rfi\\\/#primaryimage\"},\"image\":{\"@id\":\"https:\\\/\\\/ecodef-ihedn.fr\\\/interview-chaire-ecodef-le-prix-de-la-paix-le-cout-de-la-guerre-rfi\\\/#primaryimage\"},\"thumbnailUrl\":\"https:\\\/\\\/ecodef-ihedn.fr\\\/wp-content\\\/uploads\\\/2017\\\/04\\\/RFI_logo_2013.svg.png\",\"datePublished\":\"2017-04-24T00:00:00+00:00\",\"dateModified\":\"2020-04-30T11:13:46+00:00\",\"breadcrumb\":{\"@id\":\"https:\\\/\\\/ecodef-ihedn.fr\\\/interview-chaire-ecodef-le-prix-de-la-paix-le-cout-de-la-guerre-rfi\\\/#breadcrumb\"},\"inLanguage\":\"en-GB\",\"potentialAction\":[{\"@type\":\"ReadAction\",\"target\":[\"https:\\\/\\\/ecodef-ihedn.fr\\\/interview-chaire-ecodef-le-prix-de-la-paix-le-cout-de-la-guerre-rfi\\\/\"]}]},{\"@type\":\"ImageObject\",\"inLanguage\":\"en-GB\",\"@id\":\"https:\\\/\\\/ecodef-ihedn.fr\\\/interview-chaire-ecodef-le-prix-de-la-paix-le-cout-de-la-guerre-rfi\\\/#primaryimage\",\"url\":\"https:\\\/\\\/ecodef-ihedn.fr\\\/wp-content\\\/uploads\\\/2017\\\/04\\\/RFI_logo_2013.svg.png\",\"contentUrl\":\"https:\\\/\\\/ecodef-ihedn.fr\\\/wp-content\\\/uploads\\\/2017\\\/04\\\/RFI_logo_2013.svg.png\",\"width\":1200,\"height\":1200},{\"@type\":\"BreadcrumbList\",\"@id\":\"https:\\\/\\\/ecodef-ihedn.fr\\\/interview-chaire-ecodef-le-prix-de-la-paix-le-cout-de-la-guerre-rfi\\\/#breadcrumb\",\"itemListElement\":[{\"@type\":\"ListItem\",\"position\":1,\"name\":\"Accueil\",\"item\":\"https:\\\/\\\/ecodef-ihedn.fr\\\/\"},{\"@type\":\"ListItem\",\"position\":2,\"name\":\"Interview chaire Ecodef : &#8220;Le prix de la paix, le co\u00fbt de la guerre&#8221; &#8211; RFI\"}]},{\"@type\":\"WebSite\",\"@id\":\"https:\\\/\\\/ecodef-ihedn.fr\\\/#website\",\"url\":\"https:\\\/\\\/ecodef-ihedn.fr\\\/\",\"name\":\"Chaire \u00c9conomie de D\u00e9fense - IHEDN\",\"description\":\"Produire &amp; soutenir, f\u00e9d\u00e9rer &amp; diffuser, \u00eatre une interface\",\"publisher\":{\"@id\":\"https:\\\/\\\/ecodef-ihedn.fr\\\/#organization\"},\"potentialAction\":[{\"@type\":\"SearchAction\",\"target\":{\"@type\":\"EntryPoint\",\"urlTemplate\":\"https:\\\/\\\/ecodef-ihedn.fr\\\/?s={search_term_string}\"},\"query-input\":{\"@type\":\"PropertyValueSpecification\",\"valueRequired\":true,\"valueName\":\"search_term_string\"}}],\"inLanguage\":\"en-GB\"},{\"@type\":\"Organization\",\"@id\":\"https:\\\/\\\/ecodef-ihedn.fr\\\/#organization\",\"name\":\"Chaire \u00c9conomie de d\u00e9fense - IHEDN\",\"url\":\"https:\\\/\\\/ecodef-ihedn.fr\\\/\",\"logo\":{\"@type\":\"ImageObject\",\"inLanguage\":\"en-GB\",\"@id\":\"https:\\\/\\\/ecodef-ihedn.fr\\\/#\\\/schema\\\/logo\\\/image\\\/\",\"url\":\"https:\\\/\\\/ecodef-ihedn.fr\\\/wp-content\\\/uploads\\\/2020\\\/04\\\/logoEcodef9.jpg\",\"contentUrl\":\"https:\\\/\\\/ecodef-ihedn.fr\\\/wp-content\\\/uploads\\\/2020\\\/04\\\/logoEcodef9.jpg\",\"width\":410,\"height\":212,\"caption\":\"Chaire \u00c9conomie de d\u00e9fense - IHEDN\"},\"image\":{\"@id\":\"https:\\\/\\\/ecodef-ihedn.fr\\\/#\\\/schema\\\/logo\\\/image\\\/\"},\"sameAs\":[\"https:\\\/\\\/x.com\\\/Chaire_Ecodef\",\"https:\\\/\\\/www.linkedin.com\\\/company\\\/chaire-ecodef-ihedn\\\/\"]},{\"@type\":\"Person\",\"@id\":\"https:\\\/\\\/ecodef-ihedn.fr\\\/#\\\/schema\\\/person\\\/7b3f1a2d8fd336e0be2f9ff63ff0ebbc\",\"name\":\"dev\",\"image\":{\"@type\":\"ImageObject\",\"inLanguage\":\"en-GB\",\"@id\":\"https:\\\/\\\/secure.gravatar.com\\\/avatar\\\/f1ffcac9ca2fa95ad3ec33e9be3ade82f752acb0cabe541e56c5889225afa88a?s=96&d=mm&r=g\",\"url\":\"https:\\\/\\\/secure.gravatar.com\\\/avatar\\\/f1ffcac9ca2fa95ad3ec33e9be3ade82f752acb0cabe541e56c5889225afa88a?s=96&d=mm&r=g\",\"contentUrl\":\"https:\\\/\\\/secure.gravatar.com\\\/avatar\\\/f1ffcac9ca2fa95ad3ec33e9be3ade82f752acb0cabe541e56c5889225afa88a?s=96&d=mm&r=g\",\"caption\":\"dev\"},\"url\":\"https:\\\/\\\/ecodef-ihedn.fr\\\/en\\\/author\\\/dev\\\/\"}]}<\/script>\n<!-- \/ Yoast SEO plugin. -->","yoast_head_json":{"title":"Interview chaire Ecodef : \"Le prix de la paix, le co\u00fbt de la guerre\" - RFI - Chaire \u00c9conomie de d\u00e9fense - IHEDN","robots":{"index":"index","follow":"follow","max-snippet":"max-snippet:-1","max-image-preview":"max-image-preview:large","max-video-preview":"max-video-preview:-1"},"canonical":"https:\/\/ecodef-ihedn.fr\/en\/interview-chaire-ecodef-le-prix-de-la-paix-le-cout-de-la-guerre-rfi\/","og_locale":"en_GB","og_type":"article","og_title":"Interview chaire Ecodef : \"Le prix de la paix, le co\u00fbt de la guerre\" - RFI - Chaire \u00c9conomie de d\u00e9fense - IHEDN","og_description":"Jean-Pierre Boris, journaliste et pr\u00e9sentateur de l&rsquo;\u00e9mission \u00ab\u00a0Eco d&rsquo;ici Eco d&rsquo;ailleurs\u00a0\u00bb, sur RFI, interroge Julien Malizard, chercheur \u00e0 la chaire Economie de D\u00e9fense et Mariane Guille, membre du Conseil Scientifique de la Chaire et ma\u00eetre de conf\u00e9rences \u00e0 l\u2019Universit\u00e9 Panth\u00e9on-Assas, sur la th\u00e9matique suivante : \u00ab\u00a0Le prix de la paix et le co\u00fbt de la [&hellip;]","og_url":"https:\/\/ecodef-ihedn.fr\/en\/interview-chaire-ecodef-le-prix-de-la-paix-le-cout-de-la-guerre-rfi\/","og_site_name":"Chaire \u00c9conomie de d\u00e9fense - IHEDN","article_published_time":"2017-04-24T00:00:00+00:00","article_modified_time":"2020-04-30T11:13:46+00:00","og_image":[{"width":1200,"height":1200,"url":"https:\/\/ecodef-ihedn.fr\/wp-content\/uploads\/2017\/04\/RFI_logo_2013.svg.png","type":"image\/png"}],"author":"dev","twitter_card":"summary_large_image","twitter_creator":"@Chaire_Ecodef","twitter_site":"@Chaire_Ecodef","twitter_misc":{"Written by":"dev","Estimated reading time":"2 minutes"},"schema":{"@context":"https:\/\/schema.org","@graph":[{"@type":"Article","@id":"https:\/\/ecodef-ihedn.fr\/interview-chaire-ecodef-le-prix-de-la-paix-le-cout-de-la-guerre-rfi\/#article","isPartOf":{"@id":"https:\/\/ecodef-ihedn.fr\/interview-chaire-ecodef-le-prix-de-la-paix-le-cout-de-la-guerre-rfi\/"},"author":{"name":"dev","@id":"https:\/\/ecodef-ihedn.fr\/#\/schema\/person\/7b3f1a2d8fd336e0be2f9ff63ff0ebbc"},"headline":"Interview chaire Ecodef : \u00ab\u00a0Le prix de la paix, le co\u00fbt de la guerre\u00a0\u00bb &#8211; RFI","datePublished":"2017-04-24T00:00:00+00:00","dateModified":"2020-04-30T11:13:46+00:00","mainEntityOfPage":{"@id":"https:\/\/ecodef-ihedn.fr\/interview-chaire-ecodef-le-prix-de-la-paix-le-cout-de-la-guerre-rfi\/"},"wordCount":383,"commentCount":0,"publisher":{"@id":"https:\/\/ecodef-ihedn.fr\/#organization"},"image":{"@id":"https:\/\/ecodef-ihedn.fr\/interview-chaire-ecodef-le-prix-de-la-paix-le-cout-de-la-guerre-rfi\/#primaryimage"},"thumbnailUrl":"https:\/\/ecodef-ihedn.fr\/wp-content\/uploads\/2017\/04\/RFI_logo_2013.svg.png","articleSection":["M\u00e9dias"],"inLanguage":"en-GB","potentialAction":[{"@type":"CommentAction","name":"Comment","target":["https:\/\/ecodef-ihedn.fr\/interview-chaire-ecodef-le-prix-de-la-paix-le-cout-de-la-guerre-rfi\/#respond"]}]},{"@type":"WebPage","@id":"https:\/\/ecodef-ihedn.fr\/interview-chaire-ecodef-le-prix-de-la-paix-le-cout-de-la-guerre-rfi\/","url":"https:\/\/ecodef-ihedn.fr\/interview-chaire-ecodef-le-prix-de-la-paix-le-cout-de-la-guerre-rfi\/","name":"Interview chaire Ecodef : \"Le prix de la paix, le co\u00fbt de la guerre\" - RFI - Chaire \u00c9conomie de d\u00e9fense - IHEDN","isPartOf":{"@id":"https:\/\/ecodef-ihedn.fr\/#website"},"primaryImageOfPage":{"@id":"https:\/\/ecodef-ihedn.fr\/interview-chaire-ecodef-le-prix-de-la-paix-le-cout-de-la-guerre-rfi\/#primaryimage"},"image":{"@id":"https:\/\/ecodef-ihedn.fr\/interview-chaire-ecodef-le-prix-de-la-paix-le-cout-de-la-guerre-rfi\/#primaryimage"},"thumbnailUrl":"https:\/\/ecodef-ihedn.fr\/wp-content\/uploads\/2017\/04\/RFI_logo_2013.svg.png","datePublished":"2017-04-24T00:00:00+00:00","dateModified":"2020-04-30T11:13:46+00:00","breadcrumb":{"@id":"https:\/\/ecodef-ihedn.fr\/interview-chaire-ecodef-le-prix-de-la-paix-le-cout-de-la-guerre-rfi\/#breadcrumb"},"inLanguage":"en-GB","potentialAction":[{"@type":"ReadAction","target":["https:\/\/ecodef-ihedn.fr\/interview-chaire-ecodef-le-prix-de-la-paix-le-cout-de-la-guerre-rfi\/"]}]},{"@type":"ImageObject","inLanguage":"en-GB","@id":"https:\/\/ecodef-ihedn.fr\/interview-chaire-ecodef-le-prix-de-la-paix-le-cout-de-la-guerre-rfi\/#primaryimage","url":"https:\/\/ecodef-ihedn.fr\/wp-content\/uploads\/2017\/04\/RFI_logo_2013.svg.png","contentUrl":"https:\/\/ecodef-ihedn.fr\/wp-content\/uploads\/2017\/04\/RFI_logo_2013.svg.png","width":1200,"height":1200},{"@type":"BreadcrumbList","@id":"https:\/\/ecodef-ihedn.fr\/interview-chaire-ecodef-le-prix-de-la-paix-le-cout-de-la-guerre-rfi\/#breadcrumb","itemListElement":[{"@type":"ListItem","position":1,"name":"Accueil","item":"https:\/\/ecodef-ihedn.fr\/"},{"@type":"ListItem","position":2,"name":"Interview chaire Ecodef : &#8220;Le prix de la paix, le co\u00fbt de la guerre&#8221; &#8211; RFI"}]},{"@type":"WebSite","@id":"https:\/\/ecodef-ihedn.fr\/#website","url":"https:\/\/ecodef-ihedn.fr\/","name":"Chair in Defence Economics - IHEDN","description":"Produce &amp; support, federate &amp; disseminate, act as an interface","publisher":{"@id":"https:\/\/ecodef-ihedn.fr\/#organization"},"potentialAction":[{"@type":"SearchAction","target":{"@type":"EntryPoint","urlTemplate":"https:\/\/ecodef-ihedn.fr\/?s={search_term_string}"},"query-input":{"@type":"PropertyValueSpecification","valueRequired":true,"valueName":"search_term_string"}}],"inLanguage":"en-GB"},{"@type":"Organization","@id":"https:\/\/ecodef-ihedn.fr\/#organization","name":"Chair in Defence Economics - IHEDN","url":"https:\/\/ecodef-ihedn.fr\/","logo":{"@type":"ImageObject","inLanguage":"en-GB","@id":"https:\/\/ecodef-ihedn.fr\/#\/schema\/logo\/image\/","url":"https:\/\/ecodef-ihedn.fr\/wp-content\/uploads\/2020\/04\/logoEcodef9.jpg","contentUrl":"https:\/\/ecodef-ihedn.fr\/wp-content\/uploads\/2020\/04\/logoEcodef9.jpg","width":410,"height":212,"caption":"Chaire \u00c9conomie de d\u00e9fense - IHEDN"},"image":{"@id":"https:\/\/ecodef-ihedn.fr\/#\/schema\/logo\/image\/"},"sameAs":["https:\/\/x.com\/Chaire_Ecodef","https:\/\/www.linkedin.com\/company\/chaire-ecodef-ihedn\/"]},{"@type":"Person","@id":"https:\/\/ecodef-ihedn.fr\/#\/schema\/person\/7b3f1a2d8fd336e0be2f9ff63ff0ebbc","name":"dev","image":{"@type":"ImageObject","inLanguage":"en-GB","@id":"https:\/\/secure.gravatar.com\/avatar\/f1ffcac9ca2fa95ad3ec33e9be3ade82f752acb0cabe541e56c5889225afa88a?s=96&d=mm&r=g","url":"https:\/\/secure.gravatar.com\/avatar\/f1ffcac9ca2fa95ad3ec33e9be3ade82f752acb0cabe541e56c5889225afa88a?s=96&d=mm&r=g","contentUrl":"https:\/\/secure.gravatar.com\/avatar\/f1ffcac9ca2fa95ad3ec33e9be3ade82f752acb0cabe541e56c5889225afa88a?s=96&d=mm&r=g","caption":"dev"},"url":"https:\/\/ecodef-ihedn.fr\/en\/author\/dev\/"}]}},"_links":{"self":[{"href":"https:\/\/ecodef-ihedn.fr\/en\/wp-json\/wp\/v2\/posts\/954","targetHints":{"allow":["GET"]}}],"collection":[{"href":"https:\/\/ecodef-ihedn.fr\/en\/wp-json\/wp\/v2\/posts"}],"about":[{"href":"https:\/\/ecodef-ihedn.fr\/en\/wp-json\/wp\/v2\/types\/post"}],"author":[{"embeddable":true,"href":"https:\/\/ecodef-ihedn.fr\/en\/wp-json\/wp\/v2\/users\/1"}],"replies":[{"embeddable":true,"href":"https:\/\/ecodef-ihedn.fr\/en\/wp-json\/wp\/v2\/comments?post=954"}],"version-history":[{"count":3,"href":"https:\/\/ecodef-ihedn.fr\/en\/wp-json\/wp\/v2\/posts\/954\/revisions"}],"predecessor-version":[{"id":1696,"href":"https:\/\/ecodef-ihedn.fr\/en\/wp-json\/wp\/v2\/posts\/954\/revisions\/1696"}],"wp:featuredmedia":[{"embeddable":true,"href":"https:\/\/ecodef-ihedn.fr\/en\/wp-json\/wp\/v2\/media\/1695"}],"wp:attachment":[{"href":"https:\/\/ecodef-ihedn.fr\/en\/wp-json\/wp\/v2\/media?parent=954"}],"wp:term":[{"taxonomy":"category","embeddable":true,"href":"https:\/\/ecodef-ihedn.fr\/en\/wp-json\/wp\/v2\/categories?post=954"},{"taxonomy":"post_tag","embeddable":true,"href":"https:\/\/ecodef-ihedn.fr\/en\/wp-json\/wp\/v2\/tags?post=954"}],"curies":[{"name":"wp","href":"https:\/\/api.w.org\/{rel}","templated":true}]}}