{"id":983,"date":"2017-05-11T00:00:00","date_gmt":"2017-05-11T00:00:00","guid":{"rendered":"https:\/\/ecodef-ihedn.fr\/conference-ppp-defense-quelles-perspectives-au-cours-du-prochain-quinquennat\/"},"modified":"2020-04-30T10:45:17","modified_gmt":"2020-04-30T10:45:17","slug":"conference-ppp-defense-quelles-perspectives-au-cours-du-prochain-quinquennat","status":"publish","type":"post","link":"https:\/\/ecodef-ihedn.fr\/en\/conference-ppp-defense-quelles-perspectives-au-cours-du-prochain-quinquennat\/","title":{"rendered":"Conference: Defence PPP, what prospects for the next five years?"},"content":{"rendered":"<p style=\"text-align: center\"><a href=\"https:\/\/ecodef-ihedn.fr\/wp-content\/uploads\/2020\/04\/chaire-eppp.png\"><img loading=\"lazy\" decoding=\"async\" class=\"wp-image-5529 aligncenter\" src=\"https:\/\/ecodef-ihedn.fr\/wp-content\/uploads\/2020\/04\/chaire-eppp.png\" alt=\"\" width=\"323\" height=\"73\" \/><\/a><\/p>\n<p style=\"text-align: center\">LES PETITS DEJEUNERS DE LA CHAIRE EPPP :<\/p>\n<p style=\"text-align: center\"><a href=\"https:\/\/www.eventbrite.fr\/e\/billets-ppp-defense-quelles-perspectives-au-cours-du-prochain-quinquennat-34104331975\">\u00ab\u00a0PPP d\u00e9fense, quelles perspectives au cours du prochain quinquennat ?\u00a0\u00bb <\/a><br \/>\nLe mercredi 17 mai 2017 de 8h30 \u00e0 10h00<br \/>\n\u00c0 l\u2019IAE de Paris\u00a0 12 rue Jean Antoine de Ba\u00eff, 75013 Paris\u00a0 Salle D6, 1er \u00e9tage<\/p>\n<h4 style=\"text-align: center\"><a href=\"https:\/\/www.eventbrite.fr\/e\/billets-ppp-defense-quelles-perspectives-au-cours-du-prochain-quinquennat-34104331975\">Inscriptions <\/a><\/h4>\n<p style=\"text-align: left\">Le partenariat public\u00ad priv\u00e9, et plus g\u00e9n\u00e9ralement l\u2019externalisation, prennent de multiples formes contractuelles ou organisationnelles au sein du ministe\u0300re de la d\u00e9fense. Les projets d\u2019externalisation sont men\u00e9s \u00e0 bien dans des domaines d\u2019activit\u00e9 aussi vari\u00e9s que le transport, la formation, les infrastructures, la restauration, la maintenance ou la logistique et s\u2019inscrivent dans un cadre l\u00e9gislatif et r\u00e9glementaire strictement d\u00e9fini. D\u00e9marche novatrice, l\u2019association mesur\u00e9e de partenaires priv\u00e9s \u00e0 la r\u00e9alisation de certaines missions de service public jusqu\u2019alors maintenues en r\u00e9gie, doit permettre de d\u00e9gager des marges de man\u0153uvre budg\u00e9taires nouvelles pour le ministe\u0300re de la d\u00e9fense.<\/p>\n<p style=\"text-align: left\">Dans un contexte budg\u00e9taire plus contraint et quelques jours apr\u00e8s les \u00e9lections pr\u00e9sidentielles, le Partenariat Public-Priv\u00e9 est un enjeu. A l\u2019heure ou\u0300 l\u2019on discute d\u00e9j\u00e0 des orientations du futur budget de la d\u00e9fense, il semble opportun de r\u00e9unir acteurs et praticiens du PPP afin, non seulement d\u2019esquisser un bilan de l\u2019outil PPP dans le domaine de la d\u00e9fense, mais surtout d\u2019\u00e9voquer ses perspectives futures lors du prochain quinquennat.<\/p>\n<p style=\"text-align: left\">Intervenants :<br \/>\nGuillaume FARDE, directeur associ\u00e9 au sein du cabinet Althing, S\u00e9curit\u00e9 &amp; Intelligence \u00e9conomique, est sp\u00e9cialiste de l\u2019\u00e9conomie de la s\u00e9curit\u00e9 et de la d\u00e9fense. Docteur en sciences de gestion, il est ma\u00eetre de conf\u00e9rences \u00e0 Sciences Po Paris o\u00f9 il assure la direction scientifique de la fili\u00e8re s\u00e9curit\u00e9-d\u00e9fense de l\u2019Ecole d\u2019Affaires publiques. Il est l\u2019auteur d\u2019un ouvrage r\u00e9cent sur l\u2019externalisation des missions de s\u00e9curit\u00e9 et de d\u00e9fense en France.<\/p>\n<p style=\"text-align: left\">Julia MARIS est Directeur G\u00e9n\u00e9ral de D\u00e9fense Conseil International (DCI), l\u2019op\u00e9rateur de r\u00e9f\u00e9rence du minist\u00e8re de la D\u00e9fense pour le transfert du savoir-faire militaire fran\u00e7ais \u00e0 l\u2019international, au profit des forces arm\u00e9es de pays amis de la France. Dipl\u00f4m\u00e9e de l\u2019ENA et auditrice de l\u2019IHEDN, elle est l\u2019auteur de l\u2019essai Diriger en \u00e8re de rupture, paru en 2016. Julia MARIS nous parlera notamment du contrat H\u00e9liDax, le premier partenariat public priv\u00e9 conclu par le Minist\u00e8re de la d\u00e9fense.<\/p>\n<p style=\"text-align: left\">\n<p style=\"text-align: left\"><em>A propos de la Chaire EPPP :<\/em><\/p>\n<p style=\"text-align: left\"><em>La Chaire Economie des partenariats public-priv\u00e9 (EPPP), de l&rsquo;IAE Paris, est n\u00e9e du constat d\u2019une accumulation significative de donn\u00e9es et de connaissances sur le th\u00e8me et sur les pratiques des Etats, des collectivit\u00e9s locales et des entreprises dans le domaine des contrats public priv\u00e9 ou partenariats public priv\u00e9 entendus au sens large (concessions, d\u00e9l\u00e9gations de service public, contrat de partenariats, PFI, \u2026).<\/em><\/p>\n<p style=\"text-align: left\">[gview file=\u00a0\u00bbhttps:\/\/economie-defense.fr\/wp-content\/uploads\/2017\/05\/pdj_defense_17mai2017.pdf\u00a0\u00bb]<\/p>\n<p style=\"text-align: left\">\n<p style=\"text-align: left\">\n","protected":false},"excerpt":{"rendered":"<p>LES PETITS DEJEUNERS DE LA CHAIRE EPPP : \u00ab\u00a0PPP d\u00e9fense, quelles perspectives au cours du prochain quinquennat ?\u00a0\u00bb Le mercredi 17 mai 2017 de 8h30 \u00e0 10h00 \u00c0 l\u2019IAE de Paris\u00a0 12 rue Jean Antoine de Ba\u00eff, 75013 Paris\u00a0 Salle D6, 1er \u00e9tage Inscriptions Le partenariat public\u00ad priv\u00e9, et plus g\u00e9n\u00e9ralement l\u2019externalisation, prennent de multiples [&hellip;]<\/p>\n","protected":false},"author":1,"featured_media":984,"comment_status":"open","ping_status":"open","sticky":false,"template":"","format":"standard","meta":{"footnotes":""},"categories":[360],"tags":[],"class_list":{"0":"post-983","1":"post","2":"type-post","3":"status-publish","4":"format-standard","5":"has-post-thumbnail","7":"category-actualites-du-reseau"},"yoast_head":"<!-- This site is optimized with the Yoast SEO plugin v27.4 - https:\/\/yoast.com\/product\/yoast-seo-wordpress\/ -->\n<title>Conf\u00e9rence : PPP d\u00e9fense, quelles perspectives au cours du prochain quinquennat ? - Chaire \u00c9conomie de d\u00e9fense - IHEDN<\/title>\n<meta name=\"robots\" content=\"index, follow, max-snippet:-1, max-image-preview:large, max-video-preview:-1\" \/>\n<link rel=\"canonical\" href=\"https:\/\/ecodef-ihedn.fr\/en\/conference-ppp-defense-quelles-perspectives-au-cours-du-prochain-quinquennat\/\" \/>\n<meta property=\"og:locale\" content=\"en_GB\" \/>\n<meta property=\"og:type\" content=\"article\" \/>\n<meta property=\"og:title\" content=\"Conf\u00e9rence : PPP d\u00e9fense, quelles perspectives au cours du prochain quinquennat ? - Chaire \u00c9conomie de d\u00e9fense - IHEDN\" \/>\n<meta property=\"og:description\" content=\"LES PETITS DEJEUNERS DE LA CHAIRE EPPP : \u00ab\u00a0PPP d\u00e9fense, quelles perspectives au cours du prochain quinquennat ?\u00a0\u00bb Le mercredi 17 mai 2017 de 8h30 \u00e0 10h00 \u00c0 l\u2019IAE de Paris\u00a0 12 rue Jean Antoine de Ba\u00eff, 75013 Paris\u00a0 Salle D6, 1er \u00e9tage Inscriptions Le partenariat public\u00ad priv\u00e9, et plus g\u00e9n\u00e9ralement l\u2019externalisation, prennent de multiples [&hellip;]\" \/>\n<meta property=\"og:url\" content=\"https:\/\/ecodef-ihedn.fr\/en\/conference-ppp-defense-quelles-perspectives-au-cours-du-prochain-quinquennat\/\" \/>\n<meta property=\"og:site_name\" content=\"Chaire \u00c9conomie de d\u00e9fense - IHEDN\" \/>\n<meta property=\"article:published_time\" content=\"2017-05-11T00:00:00+00:00\" \/>\n<meta property=\"article:modified_time\" content=\"2020-04-30T10:45:17+00:00\" \/>\n<meta property=\"og:image\" content=\"https:\/\/ecodef-ihedn.fr\/wp-content\/uploads\/2020\/04\/chaire-eppp.png\" \/>\n\t<meta property=\"og:image:width\" content=\"1003\" \/>\n\t<meta property=\"og:image:height\" content=\"272\" \/>\n\t<meta property=\"og:image:type\" content=\"image\/png\" \/>\n<meta name=\"author\" content=\"dev\" \/>\n<meta name=\"twitter:card\" content=\"summary_large_image\" \/>\n<meta name=\"twitter:creator\" content=\"@Chaire_Ecodef\" \/>\n<meta name=\"twitter:site\" content=\"@Chaire_Ecodef\" \/>\n<meta name=\"twitter:label1\" content=\"Written by\" \/>\n\t<meta name=\"twitter:data1\" content=\"dev\" \/>\n\t<meta name=\"twitter:label2\" content=\"Estimated reading time\" \/>\n\t<meta name=\"twitter:data2\" content=\"3 minutes\" \/>\n<script type=\"application\/ld+json\" class=\"yoast-schema-graph\">{\"@context\":\"https:\\\/\\\/schema.org\",\"@graph\":[{\"@type\":\"Article\",\"@id\":\"https:\\\/\\\/ecodef-ihedn.fr\\\/conference-ppp-defense-quelles-perspectives-au-cours-du-prochain-quinquennat\\\/#article\",\"isPartOf\":{\"@id\":\"https:\\\/\\\/ecodef-ihedn.fr\\\/conference-ppp-defense-quelles-perspectives-au-cours-du-prochain-quinquennat\\\/\"},\"author\":{\"name\":\"dev\",\"@id\":\"https:\\\/\\\/ecodef-ihedn.fr\\\/#\\\/schema\\\/person\\\/7b3f1a2d8fd336e0be2f9ff63ff0ebbc\"},\"headline\":\"Conf\u00e9rence : PPP d\u00e9fense, quelles perspectives au cours du prochain quinquennat ?\",\"datePublished\":\"2017-05-11T00:00:00+00:00\",\"dateModified\":\"2020-04-30T10:45:17+00:00\",\"mainEntityOfPage\":{\"@id\":\"https:\\\/\\\/ecodef-ihedn.fr\\\/conference-ppp-defense-quelles-perspectives-au-cours-du-prochain-quinquennat\\\/\"},\"wordCount\":520,\"commentCount\":0,\"publisher\":{\"@id\":\"https:\\\/\\\/ecodef-ihedn.fr\\\/#organization\"},\"image\":{\"@id\":\"https:\\\/\\\/ecodef-ihedn.fr\\\/conference-ppp-defense-quelles-perspectives-au-cours-du-prochain-quinquennat\\\/#primaryimage\"},\"thumbnailUrl\":\"https:\\\/\\\/ecodef-ihedn.fr\\\/wp-content\\\/uploads\\\/2020\\\/04\\\/chaire-eppp.png\",\"articleSection\":[\"Actualit\u00e9s du r\u00e9seau\"],\"inLanguage\":\"en-GB\",\"potentialAction\":[{\"@type\":\"CommentAction\",\"name\":\"Comment\",\"target\":[\"https:\\\/\\\/ecodef-ihedn.fr\\\/conference-ppp-defense-quelles-perspectives-au-cours-du-prochain-quinquennat\\\/#respond\"]}]},{\"@type\":\"WebPage\",\"@id\":\"https:\\\/\\\/ecodef-ihedn.fr\\\/conference-ppp-defense-quelles-perspectives-au-cours-du-prochain-quinquennat\\\/\",\"url\":\"https:\\\/\\\/ecodef-ihedn.fr\\\/conference-ppp-defense-quelles-perspectives-au-cours-du-prochain-quinquennat\\\/\",\"name\":\"Conf\u00e9rence : PPP d\u00e9fense, quelles perspectives au cours du prochain quinquennat ? - Chaire \u00c9conomie de d\u00e9fense - IHEDN\",\"isPartOf\":{\"@id\":\"https:\\\/\\\/ecodef-ihedn.fr\\\/#website\"},\"primaryImageOfPage\":{\"@id\":\"https:\\\/\\\/ecodef-ihedn.fr\\\/conference-ppp-defense-quelles-perspectives-au-cours-du-prochain-quinquennat\\\/#primaryimage\"},\"image\":{\"@id\":\"https:\\\/\\\/ecodef-ihedn.fr\\\/conference-ppp-defense-quelles-perspectives-au-cours-du-prochain-quinquennat\\\/#primaryimage\"},\"thumbnailUrl\":\"https:\\\/\\\/ecodef-ihedn.fr\\\/wp-content\\\/uploads\\\/2020\\\/04\\\/chaire-eppp.png\",\"datePublished\":\"2017-05-11T00:00:00+00:00\",\"dateModified\":\"2020-04-30T10:45:17+00:00\",\"breadcrumb\":{\"@id\":\"https:\\\/\\\/ecodef-ihedn.fr\\\/conference-ppp-defense-quelles-perspectives-au-cours-du-prochain-quinquennat\\\/#breadcrumb\"},\"inLanguage\":\"en-GB\",\"potentialAction\":[{\"@type\":\"ReadAction\",\"target\":[\"https:\\\/\\\/ecodef-ihedn.fr\\\/conference-ppp-defense-quelles-perspectives-au-cours-du-prochain-quinquennat\\\/\"]}]},{\"@type\":\"ImageObject\",\"inLanguage\":\"en-GB\",\"@id\":\"https:\\\/\\\/ecodef-ihedn.fr\\\/conference-ppp-defense-quelles-perspectives-au-cours-du-prochain-quinquennat\\\/#primaryimage\",\"url\":\"https:\\\/\\\/ecodef-ihedn.fr\\\/wp-content\\\/uploads\\\/2020\\\/04\\\/chaire-eppp.png\",\"contentUrl\":\"https:\\\/\\\/ecodef-ihedn.fr\\\/wp-content\\\/uploads\\\/2020\\\/04\\\/chaire-eppp.png\",\"width\":1003,\"height\":272},{\"@type\":\"BreadcrumbList\",\"@id\":\"https:\\\/\\\/ecodef-ihedn.fr\\\/conference-ppp-defense-quelles-perspectives-au-cours-du-prochain-quinquennat\\\/#breadcrumb\",\"itemListElement\":[{\"@type\":\"ListItem\",\"position\":1,\"name\":\"Accueil\",\"item\":\"https:\\\/\\\/ecodef-ihedn.fr\\\/\"},{\"@type\":\"ListItem\",\"position\":2,\"name\":\"Conf\u00e9rence : PPP d\u00e9fense, quelles perspectives au cours du prochain quinquennat ?\"}]},{\"@type\":\"WebSite\",\"@id\":\"https:\\\/\\\/ecodef-ihedn.fr\\\/#website\",\"url\":\"https:\\\/\\\/ecodef-ihedn.fr\\\/\",\"name\":\"Chaire \u00c9conomie de D\u00e9fense - IHEDN\",\"description\":\"Produire &amp; soutenir, f\u00e9d\u00e9rer &amp; diffuser, \u00eatre une interface\",\"publisher\":{\"@id\":\"https:\\\/\\\/ecodef-ihedn.fr\\\/#organization\"},\"potentialAction\":[{\"@type\":\"SearchAction\",\"target\":{\"@type\":\"EntryPoint\",\"urlTemplate\":\"https:\\\/\\\/ecodef-ihedn.fr\\\/?s={search_term_string}\"},\"query-input\":{\"@type\":\"PropertyValueSpecification\",\"valueRequired\":true,\"valueName\":\"search_term_string\"}}],\"inLanguage\":\"en-GB\"},{\"@type\":\"Organization\",\"@id\":\"https:\\\/\\\/ecodef-ihedn.fr\\\/#organization\",\"name\":\"Chaire \u00c9conomie de d\u00e9fense - IHEDN\",\"url\":\"https:\\\/\\\/ecodef-ihedn.fr\\\/\",\"logo\":{\"@type\":\"ImageObject\",\"inLanguage\":\"en-GB\",\"@id\":\"https:\\\/\\\/ecodef-ihedn.fr\\\/#\\\/schema\\\/logo\\\/image\\\/\",\"url\":\"https:\\\/\\\/ecodef-ihedn.fr\\\/wp-content\\\/uploads\\\/2020\\\/04\\\/logoEcodef9.jpg\",\"contentUrl\":\"https:\\\/\\\/ecodef-ihedn.fr\\\/wp-content\\\/uploads\\\/2020\\\/04\\\/logoEcodef9.jpg\",\"width\":410,\"height\":212,\"caption\":\"Chaire \u00c9conomie de d\u00e9fense - IHEDN\"},\"image\":{\"@id\":\"https:\\\/\\\/ecodef-ihedn.fr\\\/#\\\/schema\\\/logo\\\/image\\\/\"},\"sameAs\":[\"https:\\\/\\\/x.com\\\/Chaire_Ecodef\",\"https:\\\/\\\/www.linkedin.com\\\/company\\\/chaire-ecodef-ihedn\\\/\"]},{\"@type\":\"Person\",\"@id\":\"https:\\\/\\\/ecodef-ihedn.fr\\\/#\\\/schema\\\/person\\\/7b3f1a2d8fd336e0be2f9ff63ff0ebbc\",\"name\":\"dev\",\"image\":{\"@type\":\"ImageObject\",\"inLanguage\":\"en-GB\",\"@id\":\"https:\\\/\\\/secure.gravatar.com\\\/avatar\\\/f1ffcac9ca2fa95ad3ec33e9be3ade82f752acb0cabe541e56c5889225afa88a?s=96&d=mm&r=g\",\"url\":\"https:\\\/\\\/secure.gravatar.com\\\/avatar\\\/f1ffcac9ca2fa95ad3ec33e9be3ade82f752acb0cabe541e56c5889225afa88a?s=96&d=mm&r=g\",\"contentUrl\":\"https:\\\/\\\/secure.gravatar.com\\\/avatar\\\/f1ffcac9ca2fa95ad3ec33e9be3ade82f752acb0cabe541e56c5889225afa88a?s=96&d=mm&r=g\",\"caption\":\"dev\"},\"url\":\"https:\\\/\\\/ecodef-ihedn.fr\\\/en\\\/author\\\/dev\\\/\"}]}<\/script>\n<!-- \/ Yoast SEO plugin. -->","yoast_head_json":{"title":"Conf\u00e9rence : PPP d\u00e9fense, quelles perspectives au cours du prochain quinquennat ? - Chaire \u00c9conomie de d\u00e9fense - IHEDN","robots":{"index":"index","follow":"follow","max-snippet":"max-snippet:-1","max-image-preview":"max-image-preview:large","max-video-preview":"max-video-preview:-1"},"canonical":"https:\/\/ecodef-ihedn.fr\/en\/conference-ppp-defense-quelles-perspectives-au-cours-du-prochain-quinquennat\/","og_locale":"en_GB","og_type":"article","og_title":"Conf\u00e9rence : PPP d\u00e9fense, quelles perspectives au cours du prochain quinquennat ? - Chaire \u00c9conomie de d\u00e9fense - IHEDN","og_description":"LES PETITS DEJEUNERS DE LA CHAIRE EPPP : \u00ab\u00a0PPP d\u00e9fense, quelles perspectives au cours du prochain quinquennat ?\u00a0\u00bb Le mercredi 17 mai 2017 de 8h30 \u00e0 10h00 \u00c0 l\u2019IAE de Paris\u00a0 12 rue Jean Antoine de Ba\u00eff, 75013 Paris\u00a0 Salle D6, 1er \u00e9tage Inscriptions Le partenariat public\u00ad priv\u00e9, et plus g\u00e9n\u00e9ralement l\u2019externalisation, prennent de multiples [&hellip;]","og_url":"https:\/\/ecodef-ihedn.fr\/en\/conference-ppp-defense-quelles-perspectives-au-cours-du-prochain-quinquennat\/","og_site_name":"Chaire \u00c9conomie de d\u00e9fense - IHEDN","article_published_time":"2017-05-11T00:00:00+00:00","article_modified_time":"2020-04-30T10:45:17+00:00","og_image":[{"width":1003,"height":272,"url":"https:\/\/ecodef-ihedn.fr\/wp-content\/uploads\/2020\/04\/chaire-eppp.png","type":"image\/png"}],"author":"dev","twitter_card":"summary_large_image","twitter_creator":"@Chaire_Ecodef","twitter_site":"@Chaire_Ecodef","twitter_misc":{"Written by":"dev","Estimated reading time":"3 minutes"},"schema":{"@context":"https:\/\/schema.org","@graph":[{"@type":"Article","@id":"https:\/\/ecodef-ihedn.fr\/conference-ppp-defense-quelles-perspectives-au-cours-du-prochain-quinquennat\/#article","isPartOf":{"@id":"https:\/\/ecodef-ihedn.fr\/conference-ppp-defense-quelles-perspectives-au-cours-du-prochain-quinquennat\/"},"author":{"name":"dev","@id":"https:\/\/ecodef-ihedn.fr\/#\/schema\/person\/7b3f1a2d8fd336e0be2f9ff63ff0ebbc"},"headline":"Conf\u00e9rence : PPP d\u00e9fense, quelles perspectives au cours du prochain quinquennat ?","datePublished":"2017-05-11T00:00:00+00:00","dateModified":"2020-04-30T10:45:17+00:00","mainEntityOfPage":{"@id":"https:\/\/ecodef-ihedn.fr\/conference-ppp-defense-quelles-perspectives-au-cours-du-prochain-quinquennat\/"},"wordCount":520,"commentCount":0,"publisher":{"@id":"https:\/\/ecodef-ihedn.fr\/#organization"},"image":{"@id":"https:\/\/ecodef-ihedn.fr\/conference-ppp-defense-quelles-perspectives-au-cours-du-prochain-quinquennat\/#primaryimage"},"thumbnailUrl":"https:\/\/ecodef-ihedn.fr\/wp-content\/uploads\/2020\/04\/chaire-eppp.png","articleSection":["Actualit\u00e9s du r\u00e9seau"],"inLanguage":"en-GB","potentialAction":[{"@type":"CommentAction","name":"Comment","target":["https:\/\/ecodef-ihedn.fr\/conference-ppp-defense-quelles-perspectives-au-cours-du-prochain-quinquennat\/#respond"]}]},{"@type":"WebPage","@id":"https:\/\/ecodef-ihedn.fr\/conference-ppp-defense-quelles-perspectives-au-cours-du-prochain-quinquennat\/","url":"https:\/\/ecodef-ihedn.fr\/conference-ppp-defense-quelles-perspectives-au-cours-du-prochain-quinquennat\/","name":"Conf\u00e9rence : PPP d\u00e9fense, quelles perspectives au cours du prochain quinquennat ? - Chaire \u00c9conomie de d\u00e9fense - IHEDN","isPartOf":{"@id":"https:\/\/ecodef-ihedn.fr\/#website"},"primaryImageOfPage":{"@id":"https:\/\/ecodef-ihedn.fr\/conference-ppp-defense-quelles-perspectives-au-cours-du-prochain-quinquennat\/#primaryimage"},"image":{"@id":"https:\/\/ecodef-ihedn.fr\/conference-ppp-defense-quelles-perspectives-au-cours-du-prochain-quinquennat\/#primaryimage"},"thumbnailUrl":"https:\/\/ecodef-ihedn.fr\/wp-content\/uploads\/2020\/04\/chaire-eppp.png","datePublished":"2017-05-11T00:00:00+00:00","dateModified":"2020-04-30T10:45:17+00:00","breadcrumb":{"@id":"https:\/\/ecodef-ihedn.fr\/conference-ppp-defense-quelles-perspectives-au-cours-du-prochain-quinquennat\/#breadcrumb"},"inLanguage":"en-GB","potentialAction":[{"@type":"ReadAction","target":["https:\/\/ecodef-ihedn.fr\/conference-ppp-defense-quelles-perspectives-au-cours-du-prochain-quinquennat\/"]}]},{"@type":"ImageObject","inLanguage":"en-GB","@id":"https:\/\/ecodef-ihedn.fr\/conference-ppp-defense-quelles-perspectives-au-cours-du-prochain-quinquennat\/#primaryimage","url":"https:\/\/ecodef-ihedn.fr\/wp-content\/uploads\/2020\/04\/chaire-eppp.png","contentUrl":"https:\/\/ecodef-ihedn.fr\/wp-content\/uploads\/2020\/04\/chaire-eppp.png","width":1003,"height":272},{"@type":"BreadcrumbList","@id":"https:\/\/ecodef-ihedn.fr\/conference-ppp-defense-quelles-perspectives-au-cours-du-prochain-quinquennat\/#breadcrumb","itemListElement":[{"@type":"ListItem","position":1,"name":"Accueil","item":"https:\/\/ecodef-ihedn.fr\/"},{"@type":"ListItem","position":2,"name":"Conf\u00e9rence : PPP d\u00e9fense, quelles perspectives au cours du prochain quinquennat ?"}]},{"@type":"WebSite","@id":"https:\/\/ecodef-ihedn.fr\/#website","url":"https:\/\/ecodef-ihedn.fr\/","name":"Chair in Defence Economics - IHEDN","description":"Produce &amp; support, federate &amp; disseminate, act as an interface","publisher":{"@id":"https:\/\/ecodef-ihedn.fr\/#organization"},"potentialAction":[{"@type":"SearchAction","target":{"@type":"EntryPoint","urlTemplate":"https:\/\/ecodef-ihedn.fr\/?s={search_term_string}"},"query-input":{"@type":"PropertyValueSpecification","valueRequired":true,"valueName":"search_term_string"}}],"inLanguage":"en-GB"},{"@type":"Organization","@id":"https:\/\/ecodef-ihedn.fr\/#organization","name":"Chair in Defence Economics - IHEDN","url":"https:\/\/ecodef-ihedn.fr\/","logo":{"@type":"ImageObject","inLanguage":"en-GB","@id":"https:\/\/ecodef-ihedn.fr\/#\/schema\/logo\/image\/","url":"https:\/\/ecodef-ihedn.fr\/wp-content\/uploads\/2020\/04\/logoEcodef9.jpg","contentUrl":"https:\/\/ecodef-ihedn.fr\/wp-content\/uploads\/2020\/04\/logoEcodef9.jpg","width":410,"height":212,"caption":"Chaire \u00c9conomie de d\u00e9fense - IHEDN"},"image":{"@id":"https:\/\/ecodef-ihedn.fr\/#\/schema\/logo\/image\/"},"sameAs":["https:\/\/x.com\/Chaire_Ecodef","https:\/\/www.linkedin.com\/company\/chaire-ecodef-ihedn\/"]},{"@type":"Person","@id":"https:\/\/ecodef-ihedn.fr\/#\/schema\/person\/7b3f1a2d8fd336e0be2f9ff63ff0ebbc","name":"dev","image":{"@type":"ImageObject","inLanguage":"en-GB","@id":"https:\/\/secure.gravatar.com\/avatar\/f1ffcac9ca2fa95ad3ec33e9be3ade82f752acb0cabe541e56c5889225afa88a?s=96&d=mm&r=g","url":"https:\/\/secure.gravatar.com\/avatar\/f1ffcac9ca2fa95ad3ec33e9be3ade82f752acb0cabe541e56c5889225afa88a?s=96&d=mm&r=g","contentUrl":"https:\/\/secure.gravatar.com\/avatar\/f1ffcac9ca2fa95ad3ec33e9be3ade82f752acb0cabe541e56c5889225afa88a?s=96&d=mm&r=g","caption":"dev"},"url":"https:\/\/ecodef-ihedn.fr\/en\/author\/dev\/"}]}},"_links":{"self":[{"href":"https:\/\/ecodef-ihedn.fr\/en\/wp-json\/wp\/v2\/posts\/983","targetHints":{"allow":["GET"]}}],"collection":[{"href":"https:\/\/ecodef-ihedn.fr\/en\/wp-json\/wp\/v2\/posts"}],"about":[{"href":"https:\/\/ecodef-ihedn.fr\/en\/wp-json\/wp\/v2\/types\/post"}],"author":[{"embeddable":true,"href":"https:\/\/ecodef-ihedn.fr\/en\/wp-json\/wp\/v2\/users\/1"}],"replies":[{"embeddable":true,"href":"https:\/\/ecodef-ihedn.fr\/en\/wp-json\/wp\/v2\/comments?post=983"}],"version-history":[{"count":2,"href":"https:\/\/ecodef-ihedn.fr\/en\/wp-json\/wp\/v2\/posts\/983\/revisions"}],"predecessor-version":[{"id":1572,"href":"https:\/\/ecodef-ihedn.fr\/en\/wp-json\/wp\/v2\/posts\/983\/revisions\/1572"}],"wp:featuredmedia":[{"embeddable":true,"href":"https:\/\/ecodef-ihedn.fr\/en\/wp-json\/wp\/v2\/media\/984"}],"wp:attachment":[{"href":"https:\/\/ecodef-ihedn.fr\/en\/wp-json\/wp\/v2\/media?parent=983"}],"wp:term":[{"taxonomy":"category","embeddable":true,"href":"https:\/\/ecodef-ihedn.fr\/en\/wp-json\/wp\/v2\/categories?post=983"},{"taxonomy":"post_tag","embeddable":true,"href":"https:\/\/ecodef-ihedn.fr\/en\/wp-json\/wp\/v2\/tags?post=983"}],"curies":[{"name":"wp","href":"https:\/\/api.w.org\/{rel}","templated":true}]}}