{"id":985,"date":"2017-05-12T00:00:00","date_gmt":"2017-05-12T00:00:00","guid":{"rendered":"https:\/\/ecodef-ihedn.fr\/les-rencontres-defense-industries-aeronautique-militaire-frs\/"},"modified":"2020-04-09T13:06:54","modified_gmt":"2020-04-09T13:06:54","slug":"les-rencontres-defense-industries-aeronautique-militaire-frs","status":"publish","type":"post","link":"https:\/\/ecodef-ihedn.fr\/en\/les-rencontres-defense-industries-aeronautique-militaire-frs\/","title":{"rendered":"Defence &amp; Industry meetings : Military aeronautics, FRS"},"content":{"rendered":"<p style=\"text-align: left\">The Chair will be taking part in the next <strong>Defence &amp; Industry meetings on military aeronautics. <\/strong>Josselin Droff, Chair researcher, will be speaking on the first panel: \u00abA European industry at a crossroads\u00bb, on \u00abAeronautical MCO: between technological and conceptual innovations\u00bb.<\/p>\n<p style=\"text-align: left\">For more information on maintenance in operational conditions (MCO), go to <a href=\"https:\/\/economie-defense.fr\/wp-content\/uploads\/2017\/04\/NL-4-web.pdf\">the Chair's Newsletter n\u00b04<\/a>, dedicated to this theme.<\/p>\n<h4 style=\"text-align: center\">\u00a0Defence &amp; Industry meetings : Military aeronautics, FRS<\/h4>\n<p style=\"text-align: center\">31 May 2017, 9 a.m. to 1 p.m. Maison de la Chimie 28, rue Saint-Dominique, 75007 Paris<\/p>\n<p style=\"text-align: center\">Discussions moderated by H\u00e9l\u00e8ne Masson, Senior Researcher, D&amp;I Division, FRS<\/p>\n<p><strong>9.00 - 9.05 Welcome - Xavier Pasco, Director of the FRS<\/strong><\/p>\n<p><strong>9.05 - 9.20 Introduction<\/strong> : <strong>The future of the air combat system and capability challenges - <em>Colonel Ohrenstein, Head of the Strategic Intelligence and Studies Division, Planning Office, Air Staff \u00a0<\/em><\/strong><\/p>\n<p><strong>9.20 - 10.50 A European industry at a crossroads<\/strong><\/p>\n<ul>\n<li>What national and\/or European paths can be taken to ensure the sustainability of critical skills?\u00a0 <em>Eric Trappier, Chairman and Chief Executive Officer of Dassault Aviation*.\u00a0<\/em><\/li>\n<li>What are the prospects for the major industrial players in European defence cooperation?  G<em>uillaume Faury, Chairman and CEO of Airbus Helicopters\u00a0 <\/em><\/li>\n<li>Key issues and challenges for equipment manufacturers - <em>Yann Jacquin, Managing Director, Jacquelot PE<\/em><\/li>\n<li>Air Force Base 105 and the Smart'Up incubator: an original experiment in Normandy - <em>Lieutenant-Colonel Keith, Smart Base Project Officer, Evreux 105 Air Base Command\u00a0<\/em><\/li>\n<li>Aeronautical MCO: between technological and conceptual innovations -<em> Josselin Droff, researcher at the Chair in Defence Economics\u00a0<\/em><\/li>\n<\/ul>\n<p><strong>11.00 - 12.30 A changing global market<\/strong><\/p>\n<ul>\n<li>US Air Force: capability and technology issues - <em>Philippe Gros, FRS Research Associate<\/em><\/li>\n<li>China: power ambitions and industrial dynamics - <em>Antoine Bondaz, FRS Research Fellow <\/em><\/li>\n<li>KAI and South Korea's KF-X fighter aircraft programme - KAI <em>K\u00e9vin Martin, FRS Research Fellow<\/em><\/li>\n<li>The Indian military aeronautics sector and the \u00abMake in India\u00bb policy - <em>Gilles Boqu\u00e9rat, FRS research associate\u00a0 <\/em><\/li>\n<li>Direct offsets, industrial partnerships and local presence: feedback from Thales - <em>Philippe Geneste, Director of Offsets, Thales<\/em><\/li>\n<\/ul>\n<p><strong>12.30 - 12.45 Conclusion <em>Laurent Collet-Billon, General Delegate for Armaments<\/em><\/strong><\/p>\n<h4 style=\"text-align: center\"><a href=\"mailto:m.pion@frstrategie.org\"><strong>Registration: m.pion@frstrategie.org<\/strong><\/a><\/h4>\n<p><a href=\"https:\/\/ecodef-ihedn.fr\/wp-content\/uploads\/2020\/04\/frs-di-aeronautique-militaire-31-05.png\"><img decoding=\"async\" class=\"size-full wp-image-5538 aligncenter\" src=\"https:\/\/ecodef-ihedn.fr\/wp-content\/uploads\/2020\/04\/frs-di-aeronautique-militaire-31-05.png\" alt=\"\" \/><\/a><\/p>\n<h6 style=\"text-align: right\"><em>* subject to confirmation<\/em><\/h6>","protected":false},"excerpt":{"rendered":"<p>La Chaire participe aux prochaines Rencontres D\u00e9fense &amp; industries sur l&rsquo;A\u00e9ronautique militaire. Josselin Droff, chercheur de la Chaire interviendra sur le premier panel : \u00ab\u00a0Une industrie europ\u00e9enne \u00e0 la crois\u00e9e des chemins\u00a0\u00bb, sur \u00ab\u00a0le\u00a0MCO a\u00e9ronautique : entre innovations technologiques et conceptuelles\u00a0\u00bb. Pour plus d&rsquo;info sur le maintien en conditions op\u00e9rationnelles (MCO), retrouvez la Newsletter n\u00b04 [&hellip;]<\/p>\n","protected":false},"author":1,"featured_media":986,"comment_status":"open","ping_status":"open","sticky":false,"template":"","format":"standard","meta":{"footnotes":""},"categories":[356],"tags":[40,41,36,42,43,44],"class_list":{"0":"post-985","1":"post","2":"type-post","3":"status-publish","4":"format-standard","5":"has-post-thumbnail","7":"category-activites-participation-de-la-chaire-a-un-evenement","8":"tag-aeronautique","9":"tag-conference","10":"tag-defense","11":"tag-industrie","12":"tag-militaire","13":"tag-recherche-strategique"},"yoast_head":"<!-- This site is optimized with the Yoast SEO plugin v27.4 - https:\/\/yoast.com\/product\/yoast-seo-wordpress\/ -->\n<title>Les rencontres D\u00e9fense &amp; industries : A\u00e9ronautique militaire, FRS - Chaire \u00c9conomie de d\u00e9fense - IHEDN<\/title>\n<meta name=\"robots\" content=\"index, follow, max-snippet:-1, max-image-preview:large, max-video-preview:-1\" \/>\n<link rel=\"canonical\" href=\"https:\/\/ecodef-ihedn.fr\/en\/les-rencontres-defense-industries-aeronautique-militaire-frs\/\" \/>\n<meta property=\"og:locale\" content=\"en_GB\" \/>\n<meta property=\"og:type\" content=\"article\" \/>\n<meta property=\"og:title\" content=\"Les rencontres D\u00e9fense &amp; industries : A\u00e9ronautique militaire, FRS - Chaire \u00c9conomie de d\u00e9fense - IHEDN\" \/>\n<meta property=\"og:description\" content=\"La Chaire participe aux prochaines Rencontres D\u00e9fense &amp; industries sur l&rsquo;A\u00e9ronautique militaire. Josselin Droff, chercheur de la Chaire interviendra sur le premier panel : \u00ab\u00a0Une industrie europ\u00e9enne \u00e0 la crois\u00e9e des chemins\u00a0\u00bb, sur \u00ab\u00a0le\u00a0MCO a\u00e9ronautique : entre innovations technologiques et conceptuelles\u00a0\u00bb. Pour plus d&rsquo;info sur le maintien en conditions op\u00e9rationnelles (MCO), retrouvez la Newsletter n\u00b04 [&hellip;]\" \/>\n<meta property=\"og:url\" content=\"https:\/\/ecodef-ihedn.fr\/en\/les-rencontres-defense-industries-aeronautique-militaire-frs\/\" \/>\n<meta property=\"og:site_name\" content=\"Chaire \u00c9conomie de d\u00e9fense - IHEDN\" \/>\n<meta property=\"article:published_time\" content=\"2017-05-12T00:00:00+00:00\" \/>\n<meta property=\"article:modified_time\" content=\"2020-04-09T13:06:54+00:00\" \/>\n<meta property=\"og:image\" content=\"https:\/\/ecodef-ihedn.fr\/wp-content\/uploads\/2020\/04\/frs-di-aeronautique-militaire-31-05.png\" \/>\n\t<meta property=\"og:image:width\" content=\"1145\" \/>\n\t<meta property=\"og:image:height\" content=\"445\" \/>\n\t<meta property=\"og:image:type\" content=\"image\/png\" \/>\n<meta name=\"author\" content=\"dev\" \/>\n<meta name=\"twitter:card\" content=\"summary_large_image\" \/>\n<meta name=\"twitter:creator\" content=\"@Chaire_Ecodef\" \/>\n<meta name=\"twitter:site\" content=\"@Chaire_Ecodef\" \/>\n<meta name=\"twitter:label1\" content=\"Written by\" \/>\n\t<meta name=\"twitter:data1\" content=\"dev\" \/>\n\t<meta name=\"twitter:label2\" content=\"Estimated reading time\" \/>\n\t<meta name=\"twitter:data2\" content=\"2 minutes\" \/>\n<script type=\"application\/ld+json\" class=\"yoast-schema-graph\">{\"@context\":\"https:\\\/\\\/schema.org\",\"@graph\":[{\"@type\":\"Article\",\"@id\":\"https:\\\/\\\/ecodef-ihedn.fr\\\/les-rencontres-defense-industries-aeronautique-militaire-frs\\\/#article\",\"isPartOf\":{\"@id\":\"https:\\\/\\\/ecodef-ihedn.fr\\\/les-rencontres-defense-industries-aeronautique-militaire-frs\\\/\"},\"author\":{\"name\":\"dev\",\"@id\":\"https:\\\/\\\/ecodef-ihedn.fr\\\/#\\\/schema\\\/person\\\/7b3f1a2d8fd336e0be2f9ff63ff0ebbc\"},\"headline\":\"Les rencontres D\u00e9fense &amp; industries : A\u00e9ronautique militaire, FRS\",\"datePublished\":\"2017-05-12T00:00:00+00:00\",\"dateModified\":\"2020-04-09T13:06:54+00:00\",\"mainEntityOfPage\":{\"@id\":\"https:\\\/\\\/ecodef-ihedn.fr\\\/les-rencontres-defense-industries-aeronautique-militaire-frs\\\/\"},\"wordCount\":405,\"commentCount\":0,\"publisher\":{\"@id\":\"https:\\\/\\\/ecodef-ihedn.fr\\\/#organization\"},\"image\":{\"@id\":\"https:\\\/\\\/ecodef-ihedn.fr\\\/les-rencontres-defense-industries-aeronautique-militaire-frs\\\/#primaryimage\"},\"thumbnailUrl\":\"https:\\\/\\\/ecodef-ihedn.fr\\\/wp-content\\\/uploads\\\/2020\\\/04\\\/frs-di-aeronautique-militaire-31-05.png\",\"keywords\":[\"a\u00e9ronautique\",\"conf\u00e9rence\",\"D\u00e9fense\",\"industrie\",\"militaire\",\"recherche strat\u00e9gique\"],\"articleSection\":[\"Activit\u00e9s : participation de la Chaire \u00e0 un \u00e9v\u00e9nement\"],\"inLanguage\":\"en-GB\",\"potentialAction\":[{\"@type\":\"CommentAction\",\"name\":\"Comment\",\"target\":[\"https:\\\/\\\/ecodef-ihedn.fr\\\/les-rencontres-defense-industries-aeronautique-militaire-frs\\\/#respond\"]}]},{\"@type\":\"WebPage\",\"@id\":\"https:\\\/\\\/ecodef-ihedn.fr\\\/les-rencontres-defense-industries-aeronautique-militaire-frs\\\/\",\"url\":\"https:\\\/\\\/ecodef-ihedn.fr\\\/les-rencontres-defense-industries-aeronautique-militaire-frs\\\/\",\"name\":\"Les rencontres D\u00e9fense &amp; industries : A\u00e9ronautique militaire, FRS - Chaire \u00c9conomie de d\u00e9fense - IHEDN\",\"isPartOf\":{\"@id\":\"https:\\\/\\\/ecodef-ihedn.fr\\\/#website\"},\"primaryImageOfPage\":{\"@id\":\"https:\\\/\\\/ecodef-ihedn.fr\\\/les-rencontres-defense-industries-aeronautique-militaire-frs\\\/#primaryimage\"},\"image\":{\"@id\":\"https:\\\/\\\/ecodef-ihedn.fr\\\/les-rencontres-defense-industries-aeronautique-militaire-frs\\\/#primaryimage\"},\"thumbnailUrl\":\"https:\\\/\\\/ecodef-ihedn.fr\\\/wp-content\\\/uploads\\\/2020\\\/04\\\/frs-di-aeronautique-militaire-31-05.png\",\"datePublished\":\"2017-05-12T00:00:00+00:00\",\"dateModified\":\"2020-04-09T13:06:54+00:00\",\"breadcrumb\":{\"@id\":\"https:\\\/\\\/ecodef-ihedn.fr\\\/les-rencontres-defense-industries-aeronautique-militaire-frs\\\/#breadcrumb\"},\"inLanguage\":\"en-GB\",\"potentialAction\":[{\"@type\":\"ReadAction\",\"target\":[\"https:\\\/\\\/ecodef-ihedn.fr\\\/les-rencontres-defense-industries-aeronautique-militaire-frs\\\/\"]}]},{\"@type\":\"ImageObject\",\"inLanguage\":\"en-GB\",\"@id\":\"https:\\\/\\\/ecodef-ihedn.fr\\\/les-rencontres-defense-industries-aeronautique-militaire-frs\\\/#primaryimage\",\"url\":\"https:\\\/\\\/ecodef-ihedn.fr\\\/wp-content\\\/uploads\\\/2020\\\/04\\\/frs-di-aeronautique-militaire-31-05.png\",\"contentUrl\":\"https:\\\/\\\/ecodef-ihedn.fr\\\/wp-content\\\/uploads\\\/2020\\\/04\\\/frs-di-aeronautique-militaire-31-05.png\",\"width\":1145,\"height\":445},{\"@type\":\"BreadcrumbList\",\"@id\":\"https:\\\/\\\/ecodef-ihedn.fr\\\/les-rencontres-defense-industries-aeronautique-militaire-frs\\\/#breadcrumb\",\"itemListElement\":[{\"@type\":\"ListItem\",\"position\":1,\"name\":\"Accueil\",\"item\":\"https:\\\/\\\/ecodef-ihedn.fr\\\/\"},{\"@type\":\"ListItem\",\"position\":2,\"name\":\"Les rencontres D\u00e9fense &amp; industries : A\u00e9ronautique militaire, FRS\"}]},{\"@type\":\"WebSite\",\"@id\":\"https:\\\/\\\/ecodef-ihedn.fr\\\/#website\",\"url\":\"https:\\\/\\\/ecodef-ihedn.fr\\\/\",\"name\":\"Chaire \u00c9conomie de D\u00e9fense - IHEDN\",\"description\":\"Produire &amp; soutenir, f\u00e9d\u00e9rer &amp; diffuser, \u00eatre une interface\",\"publisher\":{\"@id\":\"https:\\\/\\\/ecodef-ihedn.fr\\\/#organization\"},\"potentialAction\":[{\"@type\":\"SearchAction\",\"target\":{\"@type\":\"EntryPoint\",\"urlTemplate\":\"https:\\\/\\\/ecodef-ihedn.fr\\\/?s={search_term_string}\"},\"query-input\":{\"@type\":\"PropertyValueSpecification\",\"valueRequired\":true,\"valueName\":\"search_term_string\"}}],\"inLanguage\":\"en-GB\"},{\"@type\":\"Organization\",\"@id\":\"https:\\\/\\\/ecodef-ihedn.fr\\\/#organization\",\"name\":\"Chaire \u00c9conomie de d\u00e9fense - IHEDN\",\"url\":\"https:\\\/\\\/ecodef-ihedn.fr\\\/\",\"logo\":{\"@type\":\"ImageObject\",\"inLanguage\":\"en-GB\",\"@id\":\"https:\\\/\\\/ecodef-ihedn.fr\\\/#\\\/schema\\\/logo\\\/image\\\/\",\"url\":\"https:\\\/\\\/ecodef-ihedn.fr\\\/wp-content\\\/uploads\\\/2020\\\/04\\\/logoEcodef9.jpg\",\"contentUrl\":\"https:\\\/\\\/ecodef-ihedn.fr\\\/wp-content\\\/uploads\\\/2020\\\/04\\\/logoEcodef9.jpg\",\"width\":410,\"height\":212,\"caption\":\"Chaire \u00c9conomie de d\u00e9fense - IHEDN\"},\"image\":{\"@id\":\"https:\\\/\\\/ecodef-ihedn.fr\\\/#\\\/schema\\\/logo\\\/image\\\/\"},\"sameAs\":[\"https:\\\/\\\/x.com\\\/Chaire_Ecodef\",\"https:\\\/\\\/www.linkedin.com\\\/company\\\/chaire-ecodef-ihedn\\\/\"]},{\"@type\":\"Person\",\"@id\":\"https:\\\/\\\/ecodef-ihedn.fr\\\/#\\\/schema\\\/person\\\/7b3f1a2d8fd336e0be2f9ff63ff0ebbc\",\"name\":\"dev\",\"image\":{\"@type\":\"ImageObject\",\"inLanguage\":\"en-GB\",\"@id\":\"https:\\\/\\\/secure.gravatar.com\\\/avatar\\\/f1ffcac9ca2fa95ad3ec33e9be3ade82f752acb0cabe541e56c5889225afa88a?s=96&d=mm&r=g\",\"url\":\"https:\\\/\\\/secure.gravatar.com\\\/avatar\\\/f1ffcac9ca2fa95ad3ec33e9be3ade82f752acb0cabe541e56c5889225afa88a?s=96&d=mm&r=g\",\"contentUrl\":\"https:\\\/\\\/secure.gravatar.com\\\/avatar\\\/f1ffcac9ca2fa95ad3ec33e9be3ade82f752acb0cabe541e56c5889225afa88a?s=96&d=mm&r=g\",\"caption\":\"dev\"},\"url\":\"https:\\\/\\\/ecodef-ihedn.fr\\\/en\\\/author\\\/dev\\\/\"}]}<\/script>\n<!-- \/ Yoast SEO plugin. -->","yoast_head_json":{"title":"Les rencontres D\u00e9fense &amp; industries : A\u00e9ronautique militaire, FRS - Chaire \u00c9conomie de d\u00e9fense - IHEDN","robots":{"index":"index","follow":"follow","max-snippet":"max-snippet:-1","max-image-preview":"max-image-preview:large","max-video-preview":"max-video-preview:-1"},"canonical":"https:\/\/ecodef-ihedn.fr\/en\/les-rencontres-defense-industries-aeronautique-militaire-frs\/","og_locale":"en_GB","og_type":"article","og_title":"Les rencontres D\u00e9fense &amp; industries : A\u00e9ronautique militaire, FRS - Chaire \u00c9conomie de d\u00e9fense - IHEDN","og_description":"La Chaire participe aux prochaines Rencontres D\u00e9fense &amp; industries sur l&rsquo;A\u00e9ronautique militaire. Josselin Droff, chercheur de la Chaire interviendra sur le premier panel : \u00ab\u00a0Une industrie europ\u00e9enne \u00e0 la crois\u00e9e des chemins\u00a0\u00bb, sur \u00ab\u00a0le\u00a0MCO a\u00e9ronautique : entre innovations technologiques et conceptuelles\u00a0\u00bb. Pour plus d&rsquo;info sur le maintien en conditions op\u00e9rationnelles (MCO), retrouvez la Newsletter n\u00b04 [&hellip;]","og_url":"https:\/\/ecodef-ihedn.fr\/en\/les-rencontres-defense-industries-aeronautique-militaire-frs\/","og_site_name":"Chaire \u00c9conomie de d\u00e9fense - IHEDN","article_published_time":"2017-05-12T00:00:00+00:00","article_modified_time":"2020-04-09T13:06:54+00:00","og_image":[{"width":1145,"height":445,"url":"https:\/\/ecodef-ihedn.fr\/wp-content\/uploads\/2020\/04\/frs-di-aeronautique-militaire-31-05.png","type":"image\/png"}],"author":"dev","twitter_card":"summary_large_image","twitter_creator":"@Chaire_Ecodef","twitter_site":"@Chaire_Ecodef","twitter_misc":{"Written by":"dev","Estimated reading time":"2 minutes"},"schema":{"@context":"https:\/\/schema.org","@graph":[{"@type":"Article","@id":"https:\/\/ecodef-ihedn.fr\/les-rencontres-defense-industries-aeronautique-militaire-frs\/#article","isPartOf":{"@id":"https:\/\/ecodef-ihedn.fr\/les-rencontres-defense-industries-aeronautique-militaire-frs\/"},"author":{"name":"dev","@id":"https:\/\/ecodef-ihedn.fr\/#\/schema\/person\/7b3f1a2d8fd336e0be2f9ff63ff0ebbc"},"headline":"Les rencontres D\u00e9fense &amp; industries : A\u00e9ronautique militaire, FRS","datePublished":"2017-05-12T00:00:00+00:00","dateModified":"2020-04-09T13:06:54+00:00","mainEntityOfPage":{"@id":"https:\/\/ecodef-ihedn.fr\/les-rencontres-defense-industries-aeronautique-militaire-frs\/"},"wordCount":405,"commentCount":0,"publisher":{"@id":"https:\/\/ecodef-ihedn.fr\/#organization"},"image":{"@id":"https:\/\/ecodef-ihedn.fr\/les-rencontres-defense-industries-aeronautique-militaire-frs\/#primaryimage"},"thumbnailUrl":"https:\/\/ecodef-ihedn.fr\/wp-content\/uploads\/2020\/04\/frs-di-aeronautique-militaire-31-05.png","keywords":["a\u00e9ronautique","conf\u00e9rence","D\u00e9fense","industrie","militaire","recherche strat\u00e9gique"],"articleSection":["Activit\u00e9s : participation de la Chaire \u00e0 un \u00e9v\u00e9nement"],"inLanguage":"en-GB","potentialAction":[{"@type":"CommentAction","name":"Comment","target":["https:\/\/ecodef-ihedn.fr\/les-rencontres-defense-industries-aeronautique-militaire-frs\/#respond"]}]},{"@type":"WebPage","@id":"https:\/\/ecodef-ihedn.fr\/les-rencontres-defense-industries-aeronautique-militaire-frs\/","url":"https:\/\/ecodef-ihedn.fr\/les-rencontres-defense-industries-aeronautique-militaire-frs\/","name":"Les rencontres D\u00e9fense &amp; industries : A\u00e9ronautique militaire, FRS - Chaire \u00c9conomie de d\u00e9fense - IHEDN","isPartOf":{"@id":"https:\/\/ecodef-ihedn.fr\/#website"},"primaryImageOfPage":{"@id":"https:\/\/ecodef-ihedn.fr\/les-rencontres-defense-industries-aeronautique-militaire-frs\/#primaryimage"},"image":{"@id":"https:\/\/ecodef-ihedn.fr\/les-rencontres-defense-industries-aeronautique-militaire-frs\/#primaryimage"},"thumbnailUrl":"https:\/\/ecodef-ihedn.fr\/wp-content\/uploads\/2020\/04\/frs-di-aeronautique-militaire-31-05.png","datePublished":"2017-05-12T00:00:00+00:00","dateModified":"2020-04-09T13:06:54+00:00","breadcrumb":{"@id":"https:\/\/ecodef-ihedn.fr\/les-rencontres-defense-industries-aeronautique-militaire-frs\/#breadcrumb"},"inLanguage":"en-GB","potentialAction":[{"@type":"ReadAction","target":["https:\/\/ecodef-ihedn.fr\/les-rencontres-defense-industries-aeronautique-militaire-frs\/"]}]},{"@type":"ImageObject","inLanguage":"en-GB","@id":"https:\/\/ecodef-ihedn.fr\/les-rencontres-defense-industries-aeronautique-militaire-frs\/#primaryimage","url":"https:\/\/ecodef-ihedn.fr\/wp-content\/uploads\/2020\/04\/frs-di-aeronautique-militaire-31-05.png","contentUrl":"https:\/\/ecodef-ihedn.fr\/wp-content\/uploads\/2020\/04\/frs-di-aeronautique-militaire-31-05.png","width":1145,"height":445},{"@type":"BreadcrumbList","@id":"https:\/\/ecodef-ihedn.fr\/les-rencontres-defense-industries-aeronautique-militaire-frs\/#breadcrumb","itemListElement":[{"@type":"ListItem","position":1,"name":"Accueil","item":"https:\/\/ecodef-ihedn.fr\/"},{"@type":"ListItem","position":2,"name":"Les rencontres D\u00e9fense &amp; industries : A\u00e9ronautique militaire, FRS"}]},{"@type":"WebSite","@id":"https:\/\/ecodef-ihedn.fr\/#website","url":"https:\/\/ecodef-ihedn.fr\/","name":"Chair in Defence Economics - IHEDN","description":"Produce &amp; support, federate &amp; disseminate, act as an interface","publisher":{"@id":"https:\/\/ecodef-ihedn.fr\/#organization"},"potentialAction":[{"@type":"SearchAction","target":{"@type":"EntryPoint","urlTemplate":"https:\/\/ecodef-ihedn.fr\/?s={search_term_string}"},"query-input":{"@type":"PropertyValueSpecification","valueRequired":true,"valueName":"search_term_string"}}],"inLanguage":"en-GB"},{"@type":"Organization","@id":"https:\/\/ecodef-ihedn.fr\/#organization","name":"Chair in Defence Economics - IHEDN","url":"https:\/\/ecodef-ihedn.fr\/","logo":{"@type":"ImageObject","inLanguage":"en-GB","@id":"https:\/\/ecodef-ihedn.fr\/#\/schema\/logo\/image\/","url":"https:\/\/ecodef-ihedn.fr\/wp-content\/uploads\/2020\/04\/logoEcodef9.jpg","contentUrl":"https:\/\/ecodef-ihedn.fr\/wp-content\/uploads\/2020\/04\/logoEcodef9.jpg","width":410,"height":212,"caption":"Chaire \u00c9conomie de d\u00e9fense - IHEDN"},"image":{"@id":"https:\/\/ecodef-ihedn.fr\/#\/schema\/logo\/image\/"},"sameAs":["https:\/\/x.com\/Chaire_Ecodef","https:\/\/www.linkedin.com\/company\/chaire-ecodef-ihedn\/"]},{"@type":"Person","@id":"https:\/\/ecodef-ihedn.fr\/#\/schema\/person\/7b3f1a2d8fd336e0be2f9ff63ff0ebbc","name":"dev","image":{"@type":"ImageObject","inLanguage":"en-GB","@id":"https:\/\/secure.gravatar.com\/avatar\/f1ffcac9ca2fa95ad3ec33e9be3ade82f752acb0cabe541e56c5889225afa88a?s=96&d=mm&r=g","url":"https:\/\/secure.gravatar.com\/avatar\/f1ffcac9ca2fa95ad3ec33e9be3ade82f752acb0cabe541e56c5889225afa88a?s=96&d=mm&r=g","contentUrl":"https:\/\/secure.gravatar.com\/avatar\/f1ffcac9ca2fa95ad3ec33e9be3ade82f752acb0cabe541e56c5889225afa88a?s=96&d=mm&r=g","caption":"dev"},"url":"https:\/\/ecodef-ihedn.fr\/en\/author\/dev\/"}]}},"_links":{"self":[{"href":"https:\/\/ecodef-ihedn.fr\/en\/wp-json\/wp\/v2\/posts\/985","targetHints":{"allow":["GET"]}}],"collection":[{"href":"https:\/\/ecodef-ihedn.fr\/en\/wp-json\/wp\/v2\/posts"}],"about":[{"href":"https:\/\/ecodef-ihedn.fr\/en\/wp-json\/wp\/v2\/types\/post"}],"author":[{"embeddable":true,"href":"https:\/\/ecodef-ihedn.fr\/en\/wp-json\/wp\/v2\/users\/1"}],"replies":[{"embeddable":true,"href":"https:\/\/ecodef-ihedn.fr\/en\/wp-json\/wp\/v2\/comments?post=985"}],"version-history":[{"count":2,"href":"https:\/\/ecodef-ihedn.fr\/en\/wp-json\/wp\/v2\/posts\/985\/revisions"}],"predecessor-version":[{"id":1571,"href":"https:\/\/ecodef-ihedn.fr\/en\/wp-json\/wp\/v2\/posts\/985\/revisions\/1571"}],"wp:featuredmedia":[{"embeddable":true,"href":"https:\/\/ecodef-ihedn.fr\/en\/wp-json\/wp\/v2\/media\/986"}],"wp:attachment":[{"href":"https:\/\/ecodef-ihedn.fr\/en\/wp-json\/wp\/v2\/media?parent=985"}],"wp:term":[{"taxonomy":"category","embeddable":true,"href":"https:\/\/ecodef-ihedn.fr\/en\/wp-json\/wp\/v2\/categories?post=985"},{"taxonomy":"post_tag","embeddable":true,"href":"https:\/\/ecodef-ihedn.fr\/en\/wp-json\/wp\/v2\/tags?post=985"}],"curies":[{"name":"wp","href":"https:\/\/api.w.org\/{rel}","templated":true}]}}