{"id":989,"date":"2017-05-18T00:00:00","date_gmt":"2017-05-18T00:00:00","guid":{"rendered":"https:\/\/ecodef-ihedn.fr\/conference-anaj-ihedn-defis-technologiques-et-ruptures-strategiques-enjeux-de-lindustrie-de-defense-4-0\/"},"modified":"2020-04-09T13:05:35","modified_gmt":"2020-04-09T13:05:35","slug":"conference-anaj-ihedn-defis-technologiques-et-ruptures-strategiques-enjeux-de-lindustrie-de-defense-4-0","status":"publish","type":"post","link":"https:\/\/ecodef-ihedn.fr\/en\/conference-anaj-ihedn-defis-technologiques-et-ruptures-strategiques-enjeux-de-lindustrie-de-defense-4-0\/","title":{"rendered":"ANAJ IHEDN CONFERENCE: Technological challenges and strategic breakthroughs, Challenges of Defence Industry 4.0"},"content":{"rendered":"<p style=\"text-align: center\">ANAJ IHEDN CONFERENCE: Technological challenges and strategic breakthroughs, Challenges of Defence Industry 4.0<\/p>\n<p style=\"text-align: center\">Jean Belin, holder of the Chair, will speak at the ANAJ conference:<\/p>\n<p style=\"text-align: center\"><strong><em>\u00abIron Man in the 4th dimension<br \/>\n<\/em><\/strong><strong><em>Technological challenges and strategic breakthroughs,<br \/>\nChallenges of Defence Industry 4.0<\/em><\/strong><\/p>\n<p style=\"text-align: center\"><em><strong>Emmanuel CHIVA<br \/>\n<\/strong>Deputy Director General Strategy and Development - AGUERIS<br \/>\n<\/em><em>Chairman of the R&amp;T - Innovation Committee, GICAT<\/em><\/p>\n<p style=\"text-align: center\"><em><strong>Jean-Baptiste COLAS<br \/>\n<\/strong>Military Advisor, Innovation and Digital Transition, DGA<\/em><\/p>\n<p style=\"text-align: center\"><em><strong>Jean BELIN<br \/>\n<\/strong>Holder of the Chair in Defence Economics<br \/>\nIHEDN endowment fund<\/em><\/p>\n<p style=\"text-align: center\"><strong>Thursday 1<sup>er<\/sup> June 2017<br \/>\n<\/strong><strong>7.30pm - 9pm<\/strong><\/p>\n<p style=\"text-align: center\"><strong>Des Valli\u00e8res Amphitheatre<\/strong><br \/>\n<strong>Military School<\/strong><\/p>\n<p style=\"text-align: center\"><a href=\"https:\/\/docs.google.com\/forms\/d\/e\/1FAIpQLSftLGCtbs4QmVZwii62IE6LSSq07PL8IVZQu6CBvI1m_dYBRw\/viewform?c=0&amp;w=1\"><strong>REGISTRATION<\/strong><\/a><\/p>\n<p>In the age of digitisation and the robotisation of the battlefield, terms such as humanoid robotics, exoskeletons, armed autonomous systems, artificial intelligence... have become commonplace in our lexicon.<\/p>\n<p>The technological advances of recent decades are leading the defence community to rethink the ways in which the soldier of the future will act and be equipped, from doctrine - by understanding the challenges of cyberspace, for example - to mastering the use of innovative systems such as helmets equipped for augmented reality.<\/p>\n<p>The remarkable development of technological innovation nevertheless raises a number of questions, in addition to those relating to the legal, ethical and social issues that need to be taken into account, <strong>the question arises of the place of defence companies in the innovation system<\/strong>.<\/p>\n<p>We need to invest heavily in R&amp;D and R&amp;T, to develop and maintain critical skills, to boost the defence innovation system and to ensure industrial and capability consolidation.<\/p>\n<p><strong>Is the defence industry in the process of creating the\u2019<em>Iron Man<\/em> battlefield 3.0? The process is underway...<\/strong><\/p>\n<p><a href=\"https:\/\/ecodef-ihedn.fr\/wp-content\/uploads\/2020\/04\/artistic-1.005.jpg\"><img loading=\"lazy\" decoding=\"async\" class=\"size-full wp-image-5545 aligncenter\" src=\"https:\/\/ecodef-ihedn.fr\/wp-content\/uploads\/2020\/04\/artistic-1.005.jpg\" alt=\"\" width=\"2048\" height=\"1050\" \/><\/a><\/p>\n<p style=\"text-align: left\">","protected":false},"excerpt":{"rendered":"<p>CONF\u00c9RENCE ANAJ IHEDN : D\u00e9fis technologiques et ruptures strat\u00e9giques, Enjeux de l\u2019Industrie de d\u00e9fense 4.0 Jean Belin, titulaire de la Chaire, interviendra lors de la conf\u00e9rence ANAJ : \u00ab Iron Man \u00bb dans la 4e\u00a0dimension D\u00e9fis technologiques et ruptures strat\u00e9giques, Enjeux de l\u2019Industrie de d\u00e9fense 4.0 Emmanuel CHIVA DG adjoint Strat\u00e9gie et D\u00e9veloppement \u2013 AGUERIS [&hellip;]<\/p>\n","protected":false},"author":1,"featured_media":991,"comment_status":"open","ping_status":"open","sticky":false,"template":"","format":"standard","meta":{"footnotes":""},"categories":[356],"tags":[45,46,41,36,47,38,48],"class_list":{"0":"post-989","1":"post","2":"type-post","3":"status-publish","4":"format-standard","5":"has-post-thumbnail","7":"category-activites-participation-de-la-chaire-a-un-evenement","8":"tag-anaj","9":"tag-champ-de-bataille","10":"tag-conference","11":"tag-defense","12":"tag-economie-de-defense","13":"tag-ihedn","14":"tag-iron-man"},"yoast_head":"<!-- This site is optimized with the Yoast SEO plugin v27.4 - https:\/\/yoast.com\/product\/yoast-seo-wordpress\/ -->\n<title>CONF\u00c9RENCE ANAJ IHEDN : D\u00e9fis technologiques et ruptures strat\u00e9giques, Enjeux de l\u2019Industrie de d\u00e9fense 4.0 - Chaire \u00c9conomie de d\u00e9fense - IHEDN<\/title>\n<meta name=\"robots\" content=\"index, follow, max-snippet:-1, max-image-preview:large, max-video-preview:-1\" \/>\n<link rel=\"canonical\" href=\"https:\/\/ecodef-ihedn.fr\/en\/conference-anaj-ihedn-defis-technologiques-et-ruptures-strategiques-enjeux-de-lindustrie-de-defense-4-0\/\" \/>\n<meta property=\"og:locale\" content=\"en_GB\" \/>\n<meta property=\"og:type\" content=\"article\" \/>\n<meta property=\"og:title\" content=\"CONF\u00c9RENCE ANAJ IHEDN : D\u00e9fis technologiques et ruptures strat\u00e9giques, Enjeux de l\u2019Industrie de d\u00e9fense 4.0 - Chaire \u00c9conomie de d\u00e9fense - IHEDN\" \/>\n<meta property=\"og:description\" content=\"CONF\u00c9RENCE ANAJ IHEDN : D\u00e9fis technologiques et ruptures strat\u00e9giques, Enjeux de l\u2019Industrie de d\u00e9fense 4.0 Jean Belin, titulaire de la Chaire, interviendra lors de la conf\u00e9rence ANAJ : \u00ab Iron Man \u00bb dans la 4e\u00a0dimension D\u00e9fis technologiques et ruptures strat\u00e9giques, Enjeux de l\u2019Industrie de d\u00e9fense 4.0 Emmanuel CHIVA DG adjoint Strat\u00e9gie et D\u00e9veloppement \u2013 AGUERIS [&hellip;]\" \/>\n<meta property=\"og:url\" content=\"https:\/\/ecodef-ihedn.fr\/en\/conference-anaj-ihedn-defis-technologiques-et-ruptures-strategiques-enjeux-de-lindustrie-de-defense-4-0\/\" \/>\n<meta property=\"og:site_name\" content=\"Chaire \u00c9conomie de d\u00e9fense - IHEDN\" \/>\n<meta property=\"article:published_time\" content=\"2017-05-18T00:00:00+00:00\" \/>\n<meta property=\"article:modified_time\" content=\"2020-04-09T13:05:35+00:00\" \/>\n<meta property=\"og:image\" content=\"https:\/\/ecodef-ihedn.fr\/wp-content\/uploads\/2020\/04\/capture-conf-anaj.png\" \/>\n\t<meta property=\"og:image:width\" content=\"923\" \/>\n\t<meta property=\"og:image:height\" content=\"519\" \/>\n\t<meta property=\"og:image:type\" content=\"image\/png\" \/>\n<meta name=\"author\" content=\"dev\" \/>\n<meta name=\"twitter:card\" content=\"summary_large_image\" \/>\n<meta name=\"twitter:creator\" content=\"@Chaire_Ecodef\" \/>\n<meta name=\"twitter:site\" content=\"@Chaire_Ecodef\" \/>\n<meta name=\"twitter:label1\" content=\"Written by\" \/>\n\t<meta name=\"twitter:data1\" content=\"dev\" \/>\n\t<meta name=\"twitter:label2\" content=\"Estimated reading time\" \/>\n\t<meta name=\"twitter:data2\" content=\"2 minutes\" \/>\n<script type=\"application\/ld+json\" class=\"yoast-schema-graph\">{\"@context\":\"https:\\\/\\\/schema.org\",\"@graph\":[{\"@type\":\"Article\",\"@id\":\"https:\\\/\\\/ecodef-ihedn.fr\\\/conference-anaj-ihedn-defis-technologiques-et-ruptures-strategiques-enjeux-de-lindustrie-de-defense-4-0\\\/#article\",\"isPartOf\":{\"@id\":\"https:\\\/\\\/ecodef-ihedn.fr\\\/conference-anaj-ihedn-defis-technologiques-et-ruptures-strategiques-enjeux-de-lindustrie-de-defense-4-0\\\/\"},\"author\":{\"name\":\"dev\",\"@id\":\"https:\\\/\\\/ecodef-ihedn.fr\\\/#\\\/schema\\\/person\\\/7b3f1a2d8fd336e0be2f9ff63ff0ebbc\"},\"headline\":\"CONF\u00c9RENCE ANAJ IHEDN : D\u00e9fis technologiques et ruptures strat\u00e9giques, Enjeux de l\u2019Industrie de d\u00e9fense 4.0\",\"datePublished\":\"2017-05-18T00:00:00+00:00\",\"dateModified\":\"2020-04-09T13:05:35+00:00\",\"mainEntityOfPage\":{\"@id\":\"https:\\\/\\\/ecodef-ihedn.fr\\\/conference-anaj-ihedn-defis-technologiques-et-ruptures-strategiques-enjeux-de-lindustrie-de-defense-4-0\\\/\"},\"wordCount\":341,\"commentCount\":0,\"publisher\":{\"@id\":\"https:\\\/\\\/ecodef-ihedn.fr\\\/#organization\"},\"image\":{\"@id\":\"https:\\\/\\\/ecodef-ihedn.fr\\\/conference-anaj-ihedn-defis-technologiques-et-ruptures-strategiques-enjeux-de-lindustrie-de-defense-4-0\\\/#primaryimage\"},\"thumbnailUrl\":\"https:\\\/\\\/ecodef-ihedn.fr\\\/wp-content\\\/uploads\\\/2020\\\/04\\\/capture-conf-anaj.png\",\"keywords\":[\"ANAJ\",\"champ de bataille\",\"conf\u00e9rence\",\"D\u00e9fense\",\"\u00e9conomie de d\u00e9fense\",\"IHEDN\",\"Iron Man\"],\"articleSection\":[\"Activit\u00e9s : participation de la Chaire \u00e0 un \u00e9v\u00e9nement\"],\"inLanguage\":\"en-GB\",\"potentialAction\":[{\"@type\":\"CommentAction\",\"name\":\"Comment\",\"target\":[\"https:\\\/\\\/ecodef-ihedn.fr\\\/conference-anaj-ihedn-defis-technologiques-et-ruptures-strategiques-enjeux-de-lindustrie-de-defense-4-0\\\/#respond\"]}]},{\"@type\":\"WebPage\",\"@id\":\"https:\\\/\\\/ecodef-ihedn.fr\\\/conference-anaj-ihedn-defis-technologiques-et-ruptures-strategiques-enjeux-de-lindustrie-de-defense-4-0\\\/\",\"url\":\"https:\\\/\\\/ecodef-ihedn.fr\\\/conference-anaj-ihedn-defis-technologiques-et-ruptures-strategiques-enjeux-de-lindustrie-de-defense-4-0\\\/\",\"name\":\"CONF\u00c9RENCE ANAJ IHEDN : D\u00e9fis technologiques et ruptures strat\u00e9giques, Enjeux de l\u2019Industrie de d\u00e9fense 4.0 - Chaire \u00c9conomie de d\u00e9fense - IHEDN\",\"isPartOf\":{\"@id\":\"https:\\\/\\\/ecodef-ihedn.fr\\\/#website\"},\"primaryImageOfPage\":{\"@id\":\"https:\\\/\\\/ecodef-ihedn.fr\\\/conference-anaj-ihedn-defis-technologiques-et-ruptures-strategiques-enjeux-de-lindustrie-de-defense-4-0\\\/#primaryimage\"},\"image\":{\"@id\":\"https:\\\/\\\/ecodef-ihedn.fr\\\/conference-anaj-ihedn-defis-technologiques-et-ruptures-strategiques-enjeux-de-lindustrie-de-defense-4-0\\\/#primaryimage\"},\"thumbnailUrl\":\"https:\\\/\\\/ecodef-ihedn.fr\\\/wp-content\\\/uploads\\\/2020\\\/04\\\/capture-conf-anaj.png\",\"datePublished\":\"2017-05-18T00:00:00+00:00\",\"dateModified\":\"2020-04-09T13:05:35+00:00\",\"breadcrumb\":{\"@id\":\"https:\\\/\\\/ecodef-ihedn.fr\\\/conference-anaj-ihedn-defis-technologiques-et-ruptures-strategiques-enjeux-de-lindustrie-de-defense-4-0\\\/#breadcrumb\"},\"inLanguage\":\"en-GB\",\"potentialAction\":[{\"@type\":\"ReadAction\",\"target\":[\"https:\\\/\\\/ecodef-ihedn.fr\\\/conference-anaj-ihedn-defis-technologiques-et-ruptures-strategiques-enjeux-de-lindustrie-de-defense-4-0\\\/\"]}]},{\"@type\":\"ImageObject\",\"inLanguage\":\"en-GB\",\"@id\":\"https:\\\/\\\/ecodef-ihedn.fr\\\/conference-anaj-ihedn-defis-technologiques-et-ruptures-strategiques-enjeux-de-lindustrie-de-defense-4-0\\\/#primaryimage\",\"url\":\"https:\\\/\\\/ecodef-ihedn.fr\\\/wp-content\\\/uploads\\\/2020\\\/04\\\/capture-conf-anaj.png\",\"contentUrl\":\"https:\\\/\\\/ecodef-ihedn.fr\\\/wp-content\\\/uploads\\\/2020\\\/04\\\/capture-conf-anaj.png\",\"width\":923,\"height\":519},{\"@type\":\"BreadcrumbList\",\"@id\":\"https:\\\/\\\/ecodef-ihedn.fr\\\/conference-anaj-ihedn-defis-technologiques-et-ruptures-strategiques-enjeux-de-lindustrie-de-defense-4-0\\\/#breadcrumb\",\"itemListElement\":[{\"@type\":\"ListItem\",\"position\":1,\"name\":\"Accueil\",\"item\":\"https:\\\/\\\/ecodef-ihedn.fr\\\/\"},{\"@type\":\"ListItem\",\"position\":2,\"name\":\"CONF\u00c9RENCE ANAJ IHEDN : D\u00e9fis technologiques et ruptures strat\u00e9giques, Enjeux de l\u2019Industrie de d\u00e9fense 4.0\"}]},{\"@type\":\"WebSite\",\"@id\":\"https:\\\/\\\/ecodef-ihedn.fr\\\/#website\",\"url\":\"https:\\\/\\\/ecodef-ihedn.fr\\\/\",\"name\":\"Chaire \u00c9conomie de D\u00e9fense - IHEDN\",\"description\":\"Produire &amp; soutenir, f\u00e9d\u00e9rer &amp; diffuser, \u00eatre une interface\",\"publisher\":{\"@id\":\"https:\\\/\\\/ecodef-ihedn.fr\\\/#organization\"},\"potentialAction\":[{\"@type\":\"SearchAction\",\"target\":{\"@type\":\"EntryPoint\",\"urlTemplate\":\"https:\\\/\\\/ecodef-ihedn.fr\\\/?s={search_term_string}\"},\"query-input\":{\"@type\":\"PropertyValueSpecification\",\"valueRequired\":true,\"valueName\":\"search_term_string\"}}],\"inLanguage\":\"en-GB\"},{\"@type\":\"Organization\",\"@id\":\"https:\\\/\\\/ecodef-ihedn.fr\\\/#organization\",\"name\":\"Chaire \u00c9conomie de d\u00e9fense - IHEDN\",\"url\":\"https:\\\/\\\/ecodef-ihedn.fr\\\/\",\"logo\":{\"@type\":\"ImageObject\",\"inLanguage\":\"en-GB\",\"@id\":\"https:\\\/\\\/ecodef-ihedn.fr\\\/#\\\/schema\\\/logo\\\/image\\\/\",\"url\":\"https:\\\/\\\/ecodef-ihedn.fr\\\/wp-content\\\/uploads\\\/2020\\\/04\\\/logoEcodef9.jpg\",\"contentUrl\":\"https:\\\/\\\/ecodef-ihedn.fr\\\/wp-content\\\/uploads\\\/2020\\\/04\\\/logoEcodef9.jpg\",\"width\":410,\"height\":212,\"caption\":\"Chaire \u00c9conomie de d\u00e9fense - IHEDN\"},\"image\":{\"@id\":\"https:\\\/\\\/ecodef-ihedn.fr\\\/#\\\/schema\\\/logo\\\/image\\\/\"},\"sameAs\":[\"https:\\\/\\\/x.com\\\/Chaire_Ecodef\",\"https:\\\/\\\/www.linkedin.com\\\/company\\\/chaire-ecodef-ihedn\\\/\"]},{\"@type\":\"Person\",\"@id\":\"https:\\\/\\\/ecodef-ihedn.fr\\\/#\\\/schema\\\/person\\\/7b3f1a2d8fd336e0be2f9ff63ff0ebbc\",\"name\":\"dev\",\"image\":{\"@type\":\"ImageObject\",\"inLanguage\":\"en-GB\",\"@id\":\"https:\\\/\\\/secure.gravatar.com\\\/avatar\\\/f1ffcac9ca2fa95ad3ec33e9be3ade82f752acb0cabe541e56c5889225afa88a?s=96&d=mm&r=g\",\"url\":\"https:\\\/\\\/secure.gravatar.com\\\/avatar\\\/f1ffcac9ca2fa95ad3ec33e9be3ade82f752acb0cabe541e56c5889225afa88a?s=96&d=mm&r=g\",\"contentUrl\":\"https:\\\/\\\/secure.gravatar.com\\\/avatar\\\/f1ffcac9ca2fa95ad3ec33e9be3ade82f752acb0cabe541e56c5889225afa88a?s=96&d=mm&r=g\",\"caption\":\"dev\"},\"url\":\"https:\\\/\\\/ecodef-ihedn.fr\\\/en\\\/author\\\/dev\\\/\"}]}<\/script>\n<!-- \/ Yoast SEO plugin. -->","yoast_head_json":{"title":"CONF\u00c9RENCE ANAJ IHEDN : D\u00e9fis technologiques et ruptures strat\u00e9giques, Enjeux de l\u2019Industrie de d\u00e9fense 4.0 - Chaire \u00c9conomie de d\u00e9fense - IHEDN","robots":{"index":"index","follow":"follow","max-snippet":"max-snippet:-1","max-image-preview":"max-image-preview:large","max-video-preview":"max-video-preview:-1"},"canonical":"https:\/\/ecodef-ihedn.fr\/en\/conference-anaj-ihedn-defis-technologiques-et-ruptures-strategiques-enjeux-de-lindustrie-de-defense-4-0\/","og_locale":"en_GB","og_type":"article","og_title":"CONF\u00c9RENCE ANAJ IHEDN : D\u00e9fis technologiques et ruptures strat\u00e9giques, Enjeux de l\u2019Industrie de d\u00e9fense 4.0 - Chaire \u00c9conomie de d\u00e9fense - IHEDN","og_description":"CONF\u00c9RENCE ANAJ IHEDN : D\u00e9fis technologiques et ruptures strat\u00e9giques, Enjeux de l\u2019Industrie de d\u00e9fense 4.0 Jean Belin, titulaire de la Chaire, interviendra lors de la conf\u00e9rence ANAJ : \u00ab Iron Man \u00bb dans la 4e\u00a0dimension D\u00e9fis technologiques et ruptures strat\u00e9giques, Enjeux de l\u2019Industrie de d\u00e9fense 4.0 Emmanuel CHIVA DG adjoint Strat\u00e9gie et D\u00e9veloppement \u2013 AGUERIS [&hellip;]","og_url":"https:\/\/ecodef-ihedn.fr\/en\/conference-anaj-ihedn-defis-technologiques-et-ruptures-strategiques-enjeux-de-lindustrie-de-defense-4-0\/","og_site_name":"Chaire \u00c9conomie de d\u00e9fense - IHEDN","article_published_time":"2017-05-18T00:00:00+00:00","article_modified_time":"2020-04-09T13:05:35+00:00","og_image":[{"width":923,"height":519,"url":"https:\/\/ecodef-ihedn.fr\/wp-content\/uploads\/2020\/04\/capture-conf-anaj.png","type":"image\/png"}],"author":"dev","twitter_card":"summary_large_image","twitter_creator":"@Chaire_Ecodef","twitter_site":"@Chaire_Ecodef","twitter_misc":{"Written by":"dev","Estimated reading time":"2 minutes"},"schema":{"@context":"https:\/\/schema.org","@graph":[{"@type":"Article","@id":"https:\/\/ecodef-ihedn.fr\/conference-anaj-ihedn-defis-technologiques-et-ruptures-strategiques-enjeux-de-lindustrie-de-defense-4-0\/#article","isPartOf":{"@id":"https:\/\/ecodef-ihedn.fr\/conference-anaj-ihedn-defis-technologiques-et-ruptures-strategiques-enjeux-de-lindustrie-de-defense-4-0\/"},"author":{"name":"dev","@id":"https:\/\/ecodef-ihedn.fr\/#\/schema\/person\/7b3f1a2d8fd336e0be2f9ff63ff0ebbc"},"headline":"CONF\u00c9RENCE ANAJ IHEDN : D\u00e9fis technologiques et ruptures strat\u00e9giques, Enjeux de l\u2019Industrie de d\u00e9fense 4.0","datePublished":"2017-05-18T00:00:00+00:00","dateModified":"2020-04-09T13:05:35+00:00","mainEntityOfPage":{"@id":"https:\/\/ecodef-ihedn.fr\/conference-anaj-ihedn-defis-technologiques-et-ruptures-strategiques-enjeux-de-lindustrie-de-defense-4-0\/"},"wordCount":341,"commentCount":0,"publisher":{"@id":"https:\/\/ecodef-ihedn.fr\/#organization"},"image":{"@id":"https:\/\/ecodef-ihedn.fr\/conference-anaj-ihedn-defis-technologiques-et-ruptures-strategiques-enjeux-de-lindustrie-de-defense-4-0\/#primaryimage"},"thumbnailUrl":"https:\/\/ecodef-ihedn.fr\/wp-content\/uploads\/2020\/04\/capture-conf-anaj.png","keywords":["ANAJ","champ de bataille","conf\u00e9rence","D\u00e9fense","\u00e9conomie de d\u00e9fense","IHEDN","Iron Man"],"articleSection":["Activit\u00e9s : participation de la Chaire \u00e0 un \u00e9v\u00e9nement"],"inLanguage":"en-GB","potentialAction":[{"@type":"CommentAction","name":"Comment","target":["https:\/\/ecodef-ihedn.fr\/conference-anaj-ihedn-defis-technologiques-et-ruptures-strategiques-enjeux-de-lindustrie-de-defense-4-0\/#respond"]}]},{"@type":"WebPage","@id":"https:\/\/ecodef-ihedn.fr\/conference-anaj-ihedn-defis-technologiques-et-ruptures-strategiques-enjeux-de-lindustrie-de-defense-4-0\/","url":"https:\/\/ecodef-ihedn.fr\/conference-anaj-ihedn-defis-technologiques-et-ruptures-strategiques-enjeux-de-lindustrie-de-defense-4-0\/","name":"CONF\u00c9RENCE ANAJ IHEDN : D\u00e9fis technologiques et ruptures strat\u00e9giques, Enjeux de l\u2019Industrie de d\u00e9fense 4.0 - Chaire \u00c9conomie de d\u00e9fense - IHEDN","isPartOf":{"@id":"https:\/\/ecodef-ihedn.fr\/#website"},"primaryImageOfPage":{"@id":"https:\/\/ecodef-ihedn.fr\/conference-anaj-ihedn-defis-technologiques-et-ruptures-strategiques-enjeux-de-lindustrie-de-defense-4-0\/#primaryimage"},"image":{"@id":"https:\/\/ecodef-ihedn.fr\/conference-anaj-ihedn-defis-technologiques-et-ruptures-strategiques-enjeux-de-lindustrie-de-defense-4-0\/#primaryimage"},"thumbnailUrl":"https:\/\/ecodef-ihedn.fr\/wp-content\/uploads\/2020\/04\/capture-conf-anaj.png","datePublished":"2017-05-18T00:00:00+00:00","dateModified":"2020-04-09T13:05:35+00:00","breadcrumb":{"@id":"https:\/\/ecodef-ihedn.fr\/conference-anaj-ihedn-defis-technologiques-et-ruptures-strategiques-enjeux-de-lindustrie-de-defense-4-0\/#breadcrumb"},"inLanguage":"en-GB","potentialAction":[{"@type":"ReadAction","target":["https:\/\/ecodef-ihedn.fr\/conference-anaj-ihedn-defis-technologiques-et-ruptures-strategiques-enjeux-de-lindustrie-de-defense-4-0\/"]}]},{"@type":"ImageObject","inLanguage":"en-GB","@id":"https:\/\/ecodef-ihedn.fr\/conference-anaj-ihedn-defis-technologiques-et-ruptures-strategiques-enjeux-de-lindustrie-de-defense-4-0\/#primaryimage","url":"https:\/\/ecodef-ihedn.fr\/wp-content\/uploads\/2020\/04\/capture-conf-anaj.png","contentUrl":"https:\/\/ecodef-ihedn.fr\/wp-content\/uploads\/2020\/04\/capture-conf-anaj.png","width":923,"height":519},{"@type":"BreadcrumbList","@id":"https:\/\/ecodef-ihedn.fr\/conference-anaj-ihedn-defis-technologiques-et-ruptures-strategiques-enjeux-de-lindustrie-de-defense-4-0\/#breadcrumb","itemListElement":[{"@type":"ListItem","position":1,"name":"Accueil","item":"https:\/\/ecodef-ihedn.fr\/"},{"@type":"ListItem","position":2,"name":"CONF\u00c9RENCE ANAJ IHEDN : D\u00e9fis technologiques et ruptures strat\u00e9giques, Enjeux de l\u2019Industrie de d\u00e9fense 4.0"}]},{"@type":"WebSite","@id":"https:\/\/ecodef-ihedn.fr\/#website","url":"https:\/\/ecodef-ihedn.fr\/","name":"Chair in Defence Economics - IHEDN","description":"Produce &amp; support, federate &amp; disseminate, act as an interface","publisher":{"@id":"https:\/\/ecodef-ihedn.fr\/#organization"},"potentialAction":[{"@type":"SearchAction","target":{"@type":"EntryPoint","urlTemplate":"https:\/\/ecodef-ihedn.fr\/?s={search_term_string}"},"query-input":{"@type":"PropertyValueSpecification","valueRequired":true,"valueName":"search_term_string"}}],"inLanguage":"en-GB"},{"@type":"Organization","@id":"https:\/\/ecodef-ihedn.fr\/#organization","name":"Chair in Defence Economics - IHEDN","url":"https:\/\/ecodef-ihedn.fr\/","logo":{"@type":"ImageObject","inLanguage":"en-GB","@id":"https:\/\/ecodef-ihedn.fr\/#\/schema\/logo\/image\/","url":"https:\/\/ecodef-ihedn.fr\/wp-content\/uploads\/2020\/04\/logoEcodef9.jpg","contentUrl":"https:\/\/ecodef-ihedn.fr\/wp-content\/uploads\/2020\/04\/logoEcodef9.jpg","width":410,"height":212,"caption":"Chaire \u00c9conomie de d\u00e9fense - IHEDN"},"image":{"@id":"https:\/\/ecodef-ihedn.fr\/#\/schema\/logo\/image\/"},"sameAs":["https:\/\/x.com\/Chaire_Ecodef","https:\/\/www.linkedin.com\/company\/chaire-ecodef-ihedn\/"]},{"@type":"Person","@id":"https:\/\/ecodef-ihedn.fr\/#\/schema\/person\/7b3f1a2d8fd336e0be2f9ff63ff0ebbc","name":"dev","image":{"@type":"ImageObject","inLanguage":"en-GB","@id":"https:\/\/secure.gravatar.com\/avatar\/f1ffcac9ca2fa95ad3ec33e9be3ade82f752acb0cabe541e56c5889225afa88a?s=96&d=mm&r=g","url":"https:\/\/secure.gravatar.com\/avatar\/f1ffcac9ca2fa95ad3ec33e9be3ade82f752acb0cabe541e56c5889225afa88a?s=96&d=mm&r=g","contentUrl":"https:\/\/secure.gravatar.com\/avatar\/f1ffcac9ca2fa95ad3ec33e9be3ade82f752acb0cabe541e56c5889225afa88a?s=96&d=mm&r=g","caption":"dev"},"url":"https:\/\/ecodef-ihedn.fr\/en\/author\/dev\/"}]}},"_links":{"self":[{"href":"https:\/\/ecodef-ihedn.fr\/en\/wp-json\/wp\/v2\/posts\/989","targetHints":{"allow":["GET"]}}],"collection":[{"href":"https:\/\/ecodef-ihedn.fr\/en\/wp-json\/wp\/v2\/posts"}],"about":[{"href":"https:\/\/ecodef-ihedn.fr\/en\/wp-json\/wp\/v2\/types\/post"}],"author":[{"embeddable":true,"href":"https:\/\/ecodef-ihedn.fr\/en\/wp-json\/wp\/v2\/users\/1"}],"replies":[{"embeddable":true,"href":"https:\/\/ecodef-ihedn.fr\/en\/wp-json\/wp\/v2\/comments?post=989"}],"version-history":[{"count":2,"href":"https:\/\/ecodef-ihedn.fr\/en\/wp-json\/wp\/v2\/posts\/989\/revisions"}],"predecessor-version":[{"id":1569,"href":"https:\/\/ecodef-ihedn.fr\/en\/wp-json\/wp\/v2\/posts\/989\/revisions\/1569"}],"wp:featuredmedia":[{"embeddable":true,"href":"https:\/\/ecodef-ihedn.fr\/en\/wp-json\/wp\/v2\/media\/991"}],"wp:attachment":[{"href":"https:\/\/ecodef-ihedn.fr\/en\/wp-json\/wp\/v2\/media?parent=989"}],"wp:term":[{"taxonomy":"category","embeddable":true,"href":"https:\/\/ecodef-ihedn.fr\/en\/wp-json\/wp\/v2\/categories?post=989"},{"taxonomy":"post_tag","embeddable":true,"href":"https:\/\/ecodef-ihedn.fr\/en\/wp-json\/wp\/v2\/tags?post=989"}],"curies":[{"name":"wp","href":"https:\/\/api.w.org\/{rel}","templated":true}]}}