{"id":995,"date":"2017-06-14T00:00:00","date_gmt":"2017-06-14T00:00:00","guid":{"rendered":"https:\/\/ecodef-ihedn.fr\/remise-du-prix-deconomie-de-la-defense-edition-2017\/"},"modified":"2020-04-30T10:44:54","modified_gmt":"2020-04-30T10:44:54","slug":"remise-du-prix-deconomie-de-la-defense-edition-2017","status":"publish","type":"post","link":"https:\/\/ecodef-ihedn.fr\/en\/remise-du-prix-deconomie-de-la-defense-edition-2017\/","title":{"rendered":"Presentation of the 2017 Defence Economics Prize"},"content":{"rendered":"<p style=\"text-align: center\"><strong>The Defence Economics Prize<\/strong> 2016 will be presented on <strong>Friday 23 June 2017<\/strong>, from 5pm to 7pm at Balard.<\/p>\n<p style=\"text-align: center\">Ministry of the Armed Forces - 60 boulevard du g\u00e9n\u00e9ral Martial Valin - Paris 15e Salons THA - Parcelle Ouest - Porte 4 - 5th floor<br \/>\nRSVP by Monday 16 June 2017 ' sga.mission-communication.fct@intradef.gouv.fr<\/p>\n<p>The annual \u00abDefence Economics\u00bb prize is awarded for the quality, originality and interest of a thesis, a presentation of original scientific work or a postgraduate dissertation in the field of defence economics.<\/p>\n<p>&nbsp;<\/p>\n<p>For this year's Defence Economics Prize 216, candidates must have presented, published or defended their thesis, scientific work or Master's dissertation between 1 January and 31 December.<sup>er <\/sup>January 2016 and 30 June 2017. The application phase was open from <strong>1<sup>er<\/sup> January 2016 to 15 July 2017<\/strong>.<\/p>\n<p>&nbsp;<\/p>\n<h4>Previous editions:<\/h4>\n<p>Le <strong>Defence Economics Prize 2015<\/strong> was awarded to <strong>Josselin Droff, researcher at the Defence Economics Chair, <\/strong> for his thesis on the space factor in defence economics, at the Chaire Economie de D\u00e9fense annual conference.<\/p>\n<p>Watch the video of the presentation of the 2015 Defence Economics Prize on the Paris 1 Panth\u00e9on-Sorbonne University youtube channel: <a href=\"https:\/\/www.youtube.com\/watch?v=SESJOqmzhxY\" target=\"_self\" rel=\"noopener noreferrer\">https:\/\/www.youtube.com\/watch?v=SESJOqmzhxY<\/a><\/p>\n<figure id=\"attachment_5055\" class=\"wp-image-5055 aligncenter\"><a class=\"\" href=\"https:\/\/ecodef-ihedn.fr\/wp-content\/uploads\/2020\/04\/prix-ecodef.jpg\"><img loading=\"lazy\" decoding=\"async\" src=\"https:\/\/ecodef-ihedn.fr\/wp-content\/uploads\/2020\/04\/prix-ecodef.jpg\" alt=\"\" width=\"513\" height=\"287\" \/><\/a><\/figure>\n<p>The prize was awarded during the annual conference of the Chair organised with the Ministry's Financial Affairs Directorate and the Endowment Fund of the Institut des hautes \u00e9tudes de d\u00e9fense nationale (IHEDN), at the University of Paris 1 Panth\u00e9on-Sorbonne, on the following theme: <a href=\"https:\/\/economie-defense.fr\/inscription-colloque-industries-de-defense-face-aux-enjeux-internationaux\/\" target=\"_self\" rel=\"noopener noreferrer\">\u00abDefence industries and international challenges\u00bb<\/a><a href=\"http:\/\/www.defense.gouv.fr\/sga\/le-sga-en-action\/economie-et-statistiques\/evenements\/colloque\" target=\"_self\" rel=\"noopener noreferrer\">.<\/a><\/p>\n<p>&nbsp;<\/p>\n<p><em>The contribution of the thesis<\/em><\/p>\n<figure id=\"attachment_5499\" class=\"wp-image-5499 alignright fixed\"><em><a class=\"\" href=\"https:\/\/ecodef-ihedn.fr\/wp-content\/uploads\/2020\/04\/th\u00e8se-MCO-Josselin-prix-\u00e9co-2015.png\"><img loading=\"lazy\" decoding=\"async\" src=\"https:\/\/ecodef-ihedn.fr\/wp-content\/uploads\/2020\/04\/th\u00e8se-MCO-Josselin-prix-\u00e9co-2015.png\" alt=\"\" width=\"341\" height=\"222\" \/><\/a><\/em><\/figure>\n<p><em> Josselin Droff's thesis focuses on the spatial factor in defence choices (location of entities, synergies between organisations). His thesis shows that understanding defence production choices (military mission accomplishment, equipment and personnel support) necessarily involves a strong spatial dimension. The developments proposed by Josselin Droff provide a reference framework for anyone wishing to understand location choices in the defence sector. The proposed methodology can be applied not only to operational maintenance but also to other aspects of defence, for example in a bilateral or multinational context or within an alliance.<\/em><\/p>\n<p>&nbsp;<\/p>\n<p>&nbsp;<\/p>\n<p>&nbsp;<\/p>","protected":false},"excerpt":{"rendered":"<p>Le prix d&rsquo;\u00e9conomie de la D\u00e9fense 2016 sera remis le vendredi 23 juin 2017, de 17 heures \u00e0 19 heures \u00e0 Balard. Minist\u00e8re des arm\u00e9es &#8211; 60 boulevard du g\u00e9n\u00e9ral Martial Valin &#8211; Paris 15e Salons THA &#8211; Parcelle Ouest &#8211; Porte 4 &#8211; 5e \u00e9tage RSVP avant le lundi 16 juin 2017 \u203a sga.mission-communication.fct@intradef.gouv.fr [&hellip;]<\/p>\n","protected":false},"author":1,"featured_media":895,"comment_status":"open","ping_status":"open","sticky":false,"template":"","format":"standard","meta":{"footnotes":""},"categories":[360],"tags":[36,37,55,56],"class_list":{"0":"post-995","1":"post","2":"type-post","3":"status-publish","4":"format-standard","5":"has-post-thumbnail","7":"category-actualites-du-reseau","8":"tag-defense","9":"tag-economie","10":"tag-prix","11":"tag-prix-deconomie-de-la-defense"},"yoast_head":"<!-- This site is optimized with the Yoast SEO plugin v27.4 - https:\/\/yoast.com\/product\/yoast-seo-wordpress\/ -->\n<title>Remise du prix d&#039;\u00e9conomie de la D\u00e9fense \u00e9dition 2017 - Chaire \u00c9conomie de d\u00e9fense - IHEDN<\/title>\n<meta name=\"robots\" content=\"index, follow, max-snippet:-1, max-image-preview:large, max-video-preview:-1\" \/>\n<link rel=\"canonical\" href=\"https:\/\/ecodef-ihedn.fr\/en\/remise-du-prix-deconomie-de-la-defense-edition-2017\/\" \/>\n<meta property=\"og:locale\" content=\"en_GB\" \/>\n<meta property=\"og:type\" content=\"article\" \/>\n<meta property=\"og:title\" content=\"Remise du prix d&#039;\u00e9conomie de la D\u00e9fense \u00e9dition 2017 - Chaire \u00c9conomie de d\u00e9fense - IHEDN\" \/>\n<meta property=\"og:description\" content=\"Le prix d&rsquo;\u00e9conomie de la D\u00e9fense 2016 sera remis le vendredi 23 juin 2017, de 17 heures \u00e0 19 heures \u00e0 Balard. Minist\u00e8re des arm\u00e9es &#8211; 60 boulevard du g\u00e9n\u00e9ral Martial Valin &#8211; Paris 15e Salons THA &#8211; Parcelle Ouest &#8211; Porte 4 &#8211; 5e \u00e9tage RSVP avant le lundi 16 juin 2017 \u203a sga.mission-communication.fct@intradef.gouv.fr [&hellip;]\" \/>\n<meta property=\"og:url\" content=\"https:\/\/ecodef-ihedn.fr\/en\/remise-du-prix-deconomie-de-la-defense-edition-2017\/\" \/>\n<meta property=\"og:site_name\" content=\"Chaire \u00c9conomie de d\u00e9fense - IHEDN\" \/>\n<meta property=\"article:published_time\" content=\"2017-06-14T00:00:00+00:00\" \/>\n<meta property=\"article:modified_time\" content=\"2020-04-30T10:44:54+00:00\" \/>\n<meta property=\"og:image\" content=\"https:\/\/ecodef-ihedn.fr\/wp-content\/uploads\/2020\/04\/prix-ecodef.jpg\" \/>\n\t<meta property=\"og:image:width\" content=\"1000\" \/>\n\t<meta property=\"og:image:height\" content=\"595\" \/>\n\t<meta property=\"og:image:type\" content=\"image\/jpeg\" \/>\n<meta name=\"author\" content=\"dev\" \/>\n<meta name=\"twitter:card\" content=\"summary_large_image\" \/>\n<meta name=\"twitter:creator\" content=\"@Chaire_Ecodef\" \/>\n<meta name=\"twitter:site\" content=\"@Chaire_Ecodef\" \/>\n<meta name=\"twitter:label1\" content=\"Written by\" \/>\n\t<meta name=\"twitter:data1\" content=\"dev\" \/>\n\t<meta name=\"twitter:label2\" content=\"Estimated reading time\" \/>\n\t<meta name=\"twitter:data2\" content=\"2 minutes\" \/>\n<script type=\"application\/ld+json\" class=\"yoast-schema-graph\">{\"@context\":\"https:\\\/\\\/schema.org\",\"@graph\":[{\"@type\":\"Article\",\"@id\":\"https:\\\/\\\/ecodef-ihedn.fr\\\/remise-du-prix-deconomie-de-la-defense-edition-2017\\\/#article\",\"isPartOf\":{\"@id\":\"https:\\\/\\\/ecodef-ihedn.fr\\\/remise-du-prix-deconomie-de-la-defense-edition-2017\\\/\"},\"author\":{\"name\":\"dev\",\"@id\":\"https:\\\/\\\/ecodef-ihedn.fr\\\/#\\\/schema\\\/person\\\/7b3f1a2d8fd336e0be2f9ff63ff0ebbc\"},\"headline\":\"Remise du prix d&rsquo;\u00e9conomie de la D\u00e9fense \u00e9dition 2017\",\"datePublished\":\"2017-06-14T00:00:00+00:00\",\"dateModified\":\"2020-04-30T10:44:54+00:00\",\"mainEntityOfPage\":{\"@id\":\"https:\\\/\\\/ecodef-ihedn.fr\\\/remise-du-prix-deconomie-de-la-defense-edition-2017\\\/\"},\"wordCount\":460,\"commentCount\":0,\"publisher\":{\"@id\":\"https:\\\/\\\/ecodef-ihedn.fr\\\/#organization\"},\"image\":{\"@id\":\"https:\\\/\\\/ecodef-ihedn.fr\\\/remise-du-prix-deconomie-de-la-defense-edition-2017\\\/#primaryimage\"},\"thumbnailUrl\":\"https:\\\/\\\/ecodef-ihedn.fr\\\/wp-content\\\/uploads\\\/2020\\\/04\\\/prix-ecodef.jpg\",\"keywords\":[\"D\u00e9fense\",\"\u00e9conomie\",\"prix\",\"prix d'\u00e9conomie de la D\u00e9fense\"],\"articleSection\":[\"Actualit\u00e9s du r\u00e9seau\"],\"inLanguage\":\"en-GB\",\"potentialAction\":[{\"@type\":\"CommentAction\",\"name\":\"Comment\",\"target\":[\"https:\\\/\\\/ecodef-ihedn.fr\\\/remise-du-prix-deconomie-de-la-defense-edition-2017\\\/#respond\"]}]},{\"@type\":\"WebPage\",\"@id\":\"https:\\\/\\\/ecodef-ihedn.fr\\\/remise-du-prix-deconomie-de-la-defense-edition-2017\\\/\",\"url\":\"https:\\\/\\\/ecodef-ihedn.fr\\\/remise-du-prix-deconomie-de-la-defense-edition-2017\\\/\",\"name\":\"Remise du prix d'\u00e9conomie de la D\u00e9fense \u00e9dition 2017 - Chaire \u00c9conomie de d\u00e9fense - IHEDN\",\"isPartOf\":{\"@id\":\"https:\\\/\\\/ecodef-ihedn.fr\\\/#website\"},\"primaryImageOfPage\":{\"@id\":\"https:\\\/\\\/ecodef-ihedn.fr\\\/remise-du-prix-deconomie-de-la-defense-edition-2017\\\/#primaryimage\"},\"image\":{\"@id\":\"https:\\\/\\\/ecodef-ihedn.fr\\\/remise-du-prix-deconomie-de-la-defense-edition-2017\\\/#primaryimage\"},\"thumbnailUrl\":\"https:\\\/\\\/ecodef-ihedn.fr\\\/wp-content\\\/uploads\\\/2020\\\/04\\\/prix-ecodef.jpg\",\"datePublished\":\"2017-06-14T00:00:00+00:00\",\"dateModified\":\"2020-04-30T10:44:54+00:00\",\"breadcrumb\":{\"@id\":\"https:\\\/\\\/ecodef-ihedn.fr\\\/remise-du-prix-deconomie-de-la-defense-edition-2017\\\/#breadcrumb\"},\"inLanguage\":\"en-GB\",\"potentialAction\":[{\"@type\":\"ReadAction\",\"target\":[\"https:\\\/\\\/ecodef-ihedn.fr\\\/remise-du-prix-deconomie-de-la-defense-edition-2017\\\/\"]}]},{\"@type\":\"ImageObject\",\"inLanguage\":\"en-GB\",\"@id\":\"https:\\\/\\\/ecodef-ihedn.fr\\\/remise-du-prix-deconomie-de-la-defense-edition-2017\\\/#primaryimage\",\"url\":\"https:\\\/\\\/ecodef-ihedn.fr\\\/wp-content\\\/uploads\\\/2020\\\/04\\\/prix-ecodef.jpg\",\"contentUrl\":\"https:\\\/\\\/ecodef-ihedn.fr\\\/wp-content\\\/uploads\\\/2020\\\/04\\\/prix-ecodef.jpg\",\"width\":1000,\"height\":595},{\"@type\":\"BreadcrumbList\",\"@id\":\"https:\\\/\\\/ecodef-ihedn.fr\\\/remise-du-prix-deconomie-de-la-defense-edition-2017\\\/#breadcrumb\",\"itemListElement\":[{\"@type\":\"ListItem\",\"position\":1,\"name\":\"Accueil\",\"item\":\"https:\\\/\\\/ecodef-ihedn.fr\\\/\"},{\"@type\":\"ListItem\",\"position\":2,\"name\":\"Remise du prix d&#8217;\u00e9conomie de la D\u00e9fense \u00e9dition 2017\"}]},{\"@type\":\"WebSite\",\"@id\":\"https:\\\/\\\/ecodef-ihedn.fr\\\/#website\",\"url\":\"https:\\\/\\\/ecodef-ihedn.fr\\\/\",\"name\":\"Chaire \u00c9conomie de D\u00e9fense - IHEDN\",\"description\":\"Produire &amp; soutenir, f\u00e9d\u00e9rer &amp; diffuser, \u00eatre une interface\",\"publisher\":{\"@id\":\"https:\\\/\\\/ecodef-ihedn.fr\\\/#organization\"},\"potentialAction\":[{\"@type\":\"SearchAction\",\"target\":{\"@type\":\"EntryPoint\",\"urlTemplate\":\"https:\\\/\\\/ecodef-ihedn.fr\\\/?s={search_term_string}\"},\"query-input\":{\"@type\":\"PropertyValueSpecification\",\"valueRequired\":true,\"valueName\":\"search_term_string\"}}],\"inLanguage\":\"en-GB\"},{\"@type\":\"Organization\",\"@id\":\"https:\\\/\\\/ecodef-ihedn.fr\\\/#organization\",\"name\":\"Chaire \u00c9conomie de d\u00e9fense - IHEDN\",\"url\":\"https:\\\/\\\/ecodef-ihedn.fr\\\/\",\"logo\":{\"@type\":\"ImageObject\",\"inLanguage\":\"en-GB\",\"@id\":\"https:\\\/\\\/ecodef-ihedn.fr\\\/#\\\/schema\\\/logo\\\/image\\\/\",\"url\":\"https:\\\/\\\/ecodef-ihedn.fr\\\/wp-content\\\/uploads\\\/2020\\\/04\\\/logoEcodef9.jpg\",\"contentUrl\":\"https:\\\/\\\/ecodef-ihedn.fr\\\/wp-content\\\/uploads\\\/2020\\\/04\\\/logoEcodef9.jpg\",\"width\":410,\"height\":212,\"caption\":\"Chaire \u00c9conomie de d\u00e9fense - IHEDN\"},\"image\":{\"@id\":\"https:\\\/\\\/ecodef-ihedn.fr\\\/#\\\/schema\\\/logo\\\/image\\\/\"},\"sameAs\":[\"https:\\\/\\\/x.com\\\/Chaire_Ecodef\",\"https:\\\/\\\/www.linkedin.com\\\/company\\\/chaire-ecodef-ihedn\\\/\"]},{\"@type\":\"Person\",\"@id\":\"https:\\\/\\\/ecodef-ihedn.fr\\\/#\\\/schema\\\/person\\\/7b3f1a2d8fd336e0be2f9ff63ff0ebbc\",\"name\":\"dev\",\"image\":{\"@type\":\"ImageObject\",\"inLanguage\":\"en-GB\",\"@id\":\"https:\\\/\\\/secure.gravatar.com\\\/avatar\\\/f1ffcac9ca2fa95ad3ec33e9be3ade82f752acb0cabe541e56c5889225afa88a?s=96&d=mm&r=g\",\"url\":\"https:\\\/\\\/secure.gravatar.com\\\/avatar\\\/f1ffcac9ca2fa95ad3ec33e9be3ade82f752acb0cabe541e56c5889225afa88a?s=96&d=mm&r=g\",\"contentUrl\":\"https:\\\/\\\/secure.gravatar.com\\\/avatar\\\/f1ffcac9ca2fa95ad3ec33e9be3ade82f752acb0cabe541e56c5889225afa88a?s=96&d=mm&r=g\",\"caption\":\"dev\"},\"url\":\"https:\\\/\\\/ecodef-ihedn.fr\\\/en\\\/author\\\/dev\\\/\"}]}<\/script>\n<!-- \/ Yoast SEO plugin. -->","yoast_head_json":{"title":"Remise du prix d'\u00e9conomie de la D\u00e9fense \u00e9dition 2017 - Chaire \u00c9conomie de d\u00e9fense - IHEDN","robots":{"index":"index","follow":"follow","max-snippet":"max-snippet:-1","max-image-preview":"max-image-preview:large","max-video-preview":"max-video-preview:-1"},"canonical":"https:\/\/ecodef-ihedn.fr\/en\/remise-du-prix-deconomie-de-la-defense-edition-2017\/","og_locale":"en_GB","og_type":"article","og_title":"Remise du prix d'\u00e9conomie de la D\u00e9fense \u00e9dition 2017 - Chaire \u00c9conomie de d\u00e9fense - IHEDN","og_description":"Le prix d&rsquo;\u00e9conomie de la D\u00e9fense 2016 sera remis le vendredi 23 juin 2017, de 17 heures \u00e0 19 heures \u00e0 Balard. Minist\u00e8re des arm\u00e9es &#8211; 60 boulevard du g\u00e9n\u00e9ral Martial Valin &#8211; Paris 15e Salons THA &#8211; Parcelle Ouest &#8211; Porte 4 &#8211; 5e \u00e9tage RSVP avant le lundi 16 juin 2017 \u203a sga.mission-communication.fct@intradef.gouv.fr [&hellip;]","og_url":"https:\/\/ecodef-ihedn.fr\/en\/remise-du-prix-deconomie-de-la-defense-edition-2017\/","og_site_name":"Chaire \u00c9conomie de d\u00e9fense - IHEDN","article_published_time":"2017-06-14T00:00:00+00:00","article_modified_time":"2020-04-30T10:44:54+00:00","og_image":[{"width":1000,"height":595,"url":"https:\/\/ecodef-ihedn.fr\/wp-content\/uploads\/2020\/04\/prix-ecodef.jpg","type":"image\/jpeg"}],"author":"dev","twitter_card":"summary_large_image","twitter_creator":"@Chaire_Ecodef","twitter_site":"@Chaire_Ecodef","twitter_misc":{"Written by":"dev","Estimated reading time":"2 minutes"},"schema":{"@context":"https:\/\/schema.org","@graph":[{"@type":"Article","@id":"https:\/\/ecodef-ihedn.fr\/remise-du-prix-deconomie-de-la-defense-edition-2017\/#article","isPartOf":{"@id":"https:\/\/ecodef-ihedn.fr\/remise-du-prix-deconomie-de-la-defense-edition-2017\/"},"author":{"name":"dev","@id":"https:\/\/ecodef-ihedn.fr\/#\/schema\/person\/7b3f1a2d8fd336e0be2f9ff63ff0ebbc"},"headline":"Remise du prix d&rsquo;\u00e9conomie de la D\u00e9fense \u00e9dition 2017","datePublished":"2017-06-14T00:00:00+00:00","dateModified":"2020-04-30T10:44:54+00:00","mainEntityOfPage":{"@id":"https:\/\/ecodef-ihedn.fr\/remise-du-prix-deconomie-de-la-defense-edition-2017\/"},"wordCount":460,"commentCount":0,"publisher":{"@id":"https:\/\/ecodef-ihedn.fr\/#organization"},"image":{"@id":"https:\/\/ecodef-ihedn.fr\/remise-du-prix-deconomie-de-la-defense-edition-2017\/#primaryimage"},"thumbnailUrl":"https:\/\/ecodef-ihedn.fr\/wp-content\/uploads\/2020\/04\/prix-ecodef.jpg","keywords":["D\u00e9fense","\u00e9conomie","prix","prix d'\u00e9conomie de la D\u00e9fense"],"articleSection":["Actualit\u00e9s du r\u00e9seau"],"inLanguage":"en-GB","potentialAction":[{"@type":"CommentAction","name":"Comment","target":["https:\/\/ecodef-ihedn.fr\/remise-du-prix-deconomie-de-la-defense-edition-2017\/#respond"]}]},{"@type":"WebPage","@id":"https:\/\/ecodef-ihedn.fr\/remise-du-prix-deconomie-de-la-defense-edition-2017\/","url":"https:\/\/ecodef-ihedn.fr\/remise-du-prix-deconomie-de-la-defense-edition-2017\/","name":"Remise du prix d'\u00e9conomie de la D\u00e9fense \u00e9dition 2017 - Chaire \u00c9conomie de d\u00e9fense - IHEDN","isPartOf":{"@id":"https:\/\/ecodef-ihedn.fr\/#website"},"primaryImageOfPage":{"@id":"https:\/\/ecodef-ihedn.fr\/remise-du-prix-deconomie-de-la-defense-edition-2017\/#primaryimage"},"image":{"@id":"https:\/\/ecodef-ihedn.fr\/remise-du-prix-deconomie-de-la-defense-edition-2017\/#primaryimage"},"thumbnailUrl":"https:\/\/ecodef-ihedn.fr\/wp-content\/uploads\/2020\/04\/prix-ecodef.jpg","datePublished":"2017-06-14T00:00:00+00:00","dateModified":"2020-04-30T10:44:54+00:00","breadcrumb":{"@id":"https:\/\/ecodef-ihedn.fr\/remise-du-prix-deconomie-de-la-defense-edition-2017\/#breadcrumb"},"inLanguage":"en-GB","potentialAction":[{"@type":"ReadAction","target":["https:\/\/ecodef-ihedn.fr\/remise-du-prix-deconomie-de-la-defense-edition-2017\/"]}]},{"@type":"ImageObject","inLanguage":"en-GB","@id":"https:\/\/ecodef-ihedn.fr\/remise-du-prix-deconomie-de-la-defense-edition-2017\/#primaryimage","url":"https:\/\/ecodef-ihedn.fr\/wp-content\/uploads\/2020\/04\/prix-ecodef.jpg","contentUrl":"https:\/\/ecodef-ihedn.fr\/wp-content\/uploads\/2020\/04\/prix-ecodef.jpg","width":1000,"height":595},{"@type":"BreadcrumbList","@id":"https:\/\/ecodef-ihedn.fr\/remise-du-prix-deconomie-de-la-defense-edition-2017\/#breadcrumb","itemListElement":[{"@type":"ListItem","position":1,"name":"Accueil","item":"https:\/\/ecodef-ihedn.fr\/"},{"@type":"ListItem","position":2,"name":"Remise du prix d&#8217;\u00e9conomie de la D\u00e9fense \u00e9dition 2017"}]},{"@type":"WebSite","@id":"https:\/\/ecodef-ihedn.fr\/#website","url":"https:\/\/ecodef-ihedn.fr\/","name":"Chair in Defence Economics - IHEDN","description":"Produce &amp; support, federate &amp; disseminate, act as an interface","publisher":{"@id":"https:\/\/ecodef-ihedn.fr\/#organization"},"potentialAction":[{"@type":"SearchAction","target":{"@type":"EntryPoint","urlTemplate":"https:\/\/ecodef-ihedn.fr\/?s={search_term_string}"},"query-input":{"@type":"PropertyValueSpecification","valueRequired":true,"valueName":"search_term_string"}}],"inLanguage":"en-GB"},{"@type":"Organization","@id":"https:\/\/ecodef-ihedn.fr\/#organization","name":"Chair in Defence Economics - IHEDN","url":"https:\/\/ecodef-ihedn.fr\/","logo":{"@type":"ImageObject","inLanguage":"en-GB","@id":"https:\/\/ecodef-ihedn.fr\/#\/schema\/logo\/image\/","url":"https:\/\/ecodef-ihedn.fr\/wp-content\/uploads\/2020\/04\/logoEcodef9.jpg","contentUrl":"https:\/\/ecodef-ihedn.fr\/wp-content\/uploads\/2020\/04\/logoEcodef9.jpg","width":410,"height":212,"caption":"Chaire \u00c9conomie de d\u00e9fense - IHEDN"},"image":{"@id":"https:\/\/ecodef-ihedn.fr\/#\/schema\/logo\/image\/"},"sameAs":["https:\/\/x.com\/Chaire_Ecodef","https:\/\/www.linkedin.com\/company\/chaire-ecodef-ihedn\/"]},{"@type":"Person","@id":"https:\/\/ecodef-ihedn.fr\/#\/schema\/person\/7b3f1a2d8fd336e0be2f9ff63ff0ebbc","name":"dev","image":{"@type":"ImageObject","inLanguage":"en-GB","@id":"https:\/\/secure.gravatar.com\/avatar\/f1ffcac9ca2fa95ad3ec33e9be3ade82f752acb0cabe541e56c5889225afa88a?s=96&d=mm&r=g","url":"https:\/\/secure.gravatar.com\/avatar\/f1ffcac9ca2fa95ad3ec33e9be3ade82f752acb0cabe541e56c5889225afa88a?s=96&d=mm&r=g","contentUrl":"https:\/\/secure.gravatar.com\/avatar\/f1ffcac9ca2fa95ad3ec33e9be3ade82f752acb0cabe541e56c5889225afa88a?s=96&d=mm&r=g","caption":"dev"},"url":"https:\/\/ecodef-ihedn.fr\/en\/author\/dev\/"}]}},"_links":{"self":[{"href":"https:\/\/ecodef-ihedn.fr\/en\/wp-json\/wp\/v2\/posts\/995","targetHints":{"allow":["GET"]}}],"collection":[{"href":"https:\/\/ecodef-ihedn.fr\/en\/wp-json\/wp\/v2\/posts"}],"about":[{"href":"https:\/\/ecodef-ihedn.fr\/en\/wp-json\/wp\/v2\/types\/post"}],"author":[{"embeddable":true,"href":"https:\/\/ecodef-ihedn.fr\/en\/wp-json\/wp\/v2\/users\/1"}],"replies":[{"embeddable":true,"href":"https:\/\/ecodef-ihedn.fr\/en\/wp-json\/wp\/v2\/comments?post=995"}],"version-history":[{"count":2,"href":"https:\/\/ecodef-ihedn.fr\/en\/wp-json\/wp\/v2\/posts\/995\/revisions"}],"predecessor-version":[{"id":1567,"href":"https:\/\/ecodef-ihedn.fr\/en\/wp-json\/wp\/v2\/posts\/995\/revisions\/1567"}],"wp:featuredmedia":[{"embeddable":true,"href":"https:\/\/ecodef-ihedn.fr\/en\/wp-json\/wp\/v2\/media\/895"}],"wp:attachment":[{"href":"https:\/\/ecodef-ihedn.fr\/en\/wp-json\/wp\/v2\/media?parent=995"}],"wp:term":[{"taxonomy":"category","embeddable":true,"href":"https:\/\/ecodef-ihedn.fr\/en\/wp-json\/wp\/v2\/categories?post=995"},{"taxonomy":"post_tag","embeddable":true,"href":"https:\/\/ecodef-ihedn.fr\/en\/wp-json\/wp\/v2\/tags?post=995"}],"curies":[{"name":"wp","href":"https:\/\/api.w.org\/{rel}","templated":true}]}}