{"id":996,"date":"2017-06-14T00:00:00","date_gmt":"2017-06-14T00:00:00","guid":{"rendered":"https:\/\/ecodef-ihedn.fr\/defence-security-cyber-ecole-dete-internationale-2017\/"},"modified":"2020-04-30T10:45:04","modified_gmt":"2020-04-30T10:45:04","slug":"defence-security-cyber-ecole-dete-internationale-2017","status":"publish","type":"post","link":"https:\/\/ecodef-ihedn.fr\/en\/defence-security-cyber-ecole-dete-internationale-2017\/","title":{"rendered":"DEFENCE SECURITY CYBER - International Summer School 2017"},"content":{"rendered":"<p style=\"text-align: center\"><strong>L\u2019Initiative d\u2019Excellence (IdEx Bordeaux) et le Forum Montesquieu de l\u2019universit\u00e9 de Bordeaux organisent en juin 2017 la troisi\u00e8me session de l\u2019International Summer School \u00ab\u00a0Defence Security Cyber\u00a0\u00bb (DSC).<\/strong><\/p>\n<p style=\"text-align: center\">Cette \u00e9dition sera structur\u00e9e autour d\u2019un th\u00e8me technologique, la data, et d\u2019un th\u00e8me strat\u00e9gique, l\u2019(in)s\u00e9curit\u00e9 en Afrique.<\/p>\n<h4>Jean Belin interviendra le lundi 26 juin, sur la table ronde \u00ab\u00a0Innovation, comp\u00e9titivit\u00e9 et d\u00e9veloppement \u00e9conomique des territoires\u00a0\u00bb, de 16h15 \u00e0 18h15.<\/h4>\n<h4>DSC : une approche transversale ax\u00e9e sur l\u2019innovation<\/h4>\n<p>Dans une perspective de formation, DSC, cr\u00e9\u00e9e en 2015 par S\u00e9bastien-Yves Laurent, est l\u2019unique \u00e9cole d\u2019\u00e9t\u00e9 en France tourn\u00e9e vers les trois secteurs professionnels : d\u00e9fense, s\u00e9curit\u00e9 et cyber-num\u00e9rique. DSC se situe dans le contexte de la s\u00e9curit\u00e9 globale &#8211; s\u00e9curit\u00e9 int\u00e9rieure et ext\u00e9rieure &#8211; avec une attention particuli\u00e8re port\u00e9e aux technologies de s\u00e9curit\u00e9 industrielles et cyber-num\u00e9riques. DSC met l\u2019accent sur les enjeux professionnels du moment et sur un contenu orient\u00e9 vers l\u2019innovation et la prospective.<\/p>\n<h4>Des intervenants experts<\/h4>\n<p>Les intervenants de DSC sont des professionnels priv\u00e9s et publics sp\u00e9cialis\u00e9s dans ces trois secteurs, ainsi que les universitaires de toutes disciplines sp\u00e9cialis\u00e9s sur les questions de s\u00e9curit\u00e9.<\/p>\n<h4>Des participants vari\u00e9s<\/h4>\n<p>L\u2019\u00e9cole d\u2019\u00e9t\u00e9 est ouverte aux professionnels du secteur priv\u00e9 (d\u00e9fense, s\u00e9curit\u00e9 et cyber), professionnels r\u00e9galiens (civils, fonctionnaires de police, militaires), ainsi qu\u2019aux \u00e9tudiants de niveau Master et Doctorat.<\/p>\n<p>Retrouvez l&rsquo;ensemble du programme de DSC ci-dessous :<\/p>\n<p>[gview file=\u00a0\u00bbhttps:\/\/economie-defense.fr\/wp-content\/uploads\/2017\/06\/dsc-preprogramme-2017-v7-1.pdf\u00a0\u00bb]<\/p>\n<p><em>Comment candidater ? Envoi \u00e0 l\u2019adresse <a href=\"mailto:ecole.ete.dsc@u-bordeaux.fr\">ecole.ete.dsc@u-bordeaux.fr<\/a> en pr\u00e9cisant votre parcours et vos motivations pour participer \u00e0 cette formation (un CV est demand\u00e9). Apr\u00e8s \u00e9tude des candidatures, nous reviendrons vers vous pour vous indiquer, le cas \u00e9ch\u00e9ant, la proc\u00e9dure et le montant de l\u2019inscription selon votre statut.<\/em><br \/>\n<em>Sont pris en charge dans le co\u00fbt d\u2019inscription les quatre jours de formation, les d\u00e9jeuners et le d\u00eener d\u2019ouverture. Les frais d\u2019h\u00e9bergement et de transport vers Bordeaux ne sont pas inclus.<\/em><\/p>\n<h4>Soutiens et partenaires\u00a0:<\/h4>\n<h4><img loading=\"lazy\" decoding=\"async\" class=\"aligncenter wp-image-5565 size-full\" src=\"https:\/\/ecodef-ihedn.fr\/wp-content\/uploads\/2020\/04\/partenaires-dsc-2017.png\" alt=\"\" width=\"1024\" height=\"144\" \/>Contact<\/h4>\n<p>S\u00e9bastien-Yves Laurent &#8211; Directeur scientifique de l\u2019\u00e9cole d\u2019\u00e9t\u00e9<\/p>\n<p>Olivier Dubos &#8211; Coordonnateur du Forum Montesquieu<\/p>\n<p>Aur\u00e9lie Mathis &#8211; Responsable de l\u2019organisation, aurelie.mathis@u-bordeaux.fr<\/p>\n<p>Contact &#8211; 05.56.00.97.02, ecole.ete.dsc@u-bordeaux.fr<\/p>\n<p>&nbsp;<\/p>\n","protected":false},"excerpt":{"rendered":"<p>L\u2019Initiative d\u2019Excellence (IdEx Bordeaux) et le Forum Montesquieu de l\u2019universit\u00e9 de Bordeaux organisent en juin 2017 la troisi\u00e8me session de l\u2019International Summer School \u00ab\u00a0Defence Security Cyber\u00a0\u00bb (DSC). Cette \u00e9dition sera structur\u00e9e autour d\u2019un th\u00e8me technologique, la data, et d\u2019un th\u00e8me strat\u00e9gique, l\u2019(in)s\u00e9curit\u00e9 en Afrique. Jean Belin interviendra le lundi 26 juin, sur la table ronde [&hellip;]<\/p>\n","protected":false},"author":1,"featured_media":998,"comment_status":"open","ping_status":"open","sticky":false,"template":"","format":"standard","meta":{"footnotes":""},"categories":[360],"tags":[],"class_list":{"0":"post-996","1":"post","2":"type-post","3":"status-publish","4":"format-standard","5":"has-post-thumbnail","7":"category-actualites-du-reseau"},"yoast_head":"<!-- This site is optimized with the Yoast SEO plugin v27.4 - https:\/\/yoast.com\/product\/yoast-seo-wordpress\/ -->\n<title>DEFENCE SECURITY CYBER - \u00c9cole d\u2019\u00e9t\u00e9 internationale 2017 - Chaire \u00c9conomie de d\u00e9fense - IHEDN<\/title>\n<meta name=\"robots\" content=\"index, follow, max-snippet:-1, max-image-preview:large, max-video-preview:-1\" \/>\n<link rel=\"canonical\" href=\"https:\/\/ecodef-ihedn.fr\/en\/defence-security-cyber-ecole-dete-internationale-2017\/\" \/>\n<meta property=\"og:locale\" content=\"en_GB\" \/>\n<meta property=\"og:type\" content=\"article\" \/>\n<meta property=\"og:title\" content=\"DEFENCE SECURITY CYBER - \u00c9cole d\u2019\u00e9t\u00e9 internationale 2017 - Chaire \u00c9conomie de d\u00e9fense - IHEDN\" \/>\n<meta property=\"og:description\" content=\"L\u2019Initiative d\u2019Excellence (IdEx Bordeaux) et le Forum Montesquieu de l\u2019universit\u00e9 de Bordeaux organisent en juin 2017 la troisi\u00e8me session de l\u2019International Summer School \u00ab\u00a0Defence Security Cyber\u00a0\u00bb (DSC). Cette \u00e9dition sera structur\u00e9e autour d\u2019un th\u00e8me technologique, la data, et d\u2019un th\u00e8me strat\u00e9gique, l\u2019(in)s\u00e9curit\u00e9 en Afrique. Jean Belin interviendra le lundi 26 juin, sur la table ronde [&hellip;]\" \/>\n<meta property=\"og:url\" content=\"https:\/\/ecodef-ihedn.fr\/en\/defence-security-cyber-ecole-dete-internationale-2017\/\" \/>\n<meta property=\"og:site_name\" content=\"Chaire \u00c9conomie de d\u00e9fense - IHEDN\" \/>\n<meta property=\"article:published_time\" content=\"2017-06-14T00:00:00+00:00\" \/>\n<meta property=\"article:modified_time\" content=\"2020-04-30T10:45:04+00:00\" \/>\n<meta property=\"og:image\" content=\"https:\/\/ecodef-ihedn.fr\/wp-content\/uploads\/2020\/04\/dsc-2017.png\" \/>\n\t<meta property=\"og:image:width\" content=\"616\" \/>\n\t<meta property=\"og:image:height\" content=\"677\" \/>\n\t<meta property=\"og:image:type\" content=\"image\/png\" \/>\n<meta name=\"author\" content=\"dev\" \/>\n<meta name=\"twitter:card\" content=\"summary_large_image\" \/>\n<meta name=\"twitter:creator\" content=\"@Chaire_Ecodef\" \/>\n<meta name=\"twitter:site\" content=\"@Chaire_Ecodef\" \/>\n<meta name=\"twitter:label1\" content=\"Written by\" \/>\n\t<meta name=\"twitter:data1\" content=\"dev\" \/>\n\t<meta name=\"twitter:label2\" content=\"Estimated reading time\" \/>\n\t<meta name=\"twitter:data2\" content=\"2 minutes\" \/>\n<script type=\"application\/ld+json\" class=\"yoast-schema-graph\">{\"@context\":\"https:\\\/\\\/schema.org\",\"@graph\":[{\"@type\":\"Article\",\"@id\":\"https:\\\/\\\/ecodef-ihedn.fr\\\/defence-security-cyber-ecole-dete-internationale-2017\\\/#article\",\"isPartOf\":{\"@id\":\"https:\\\/\\\/ecodef-ihedn.fr\\\/defence-security-cyber-ecole-dete-internationale-2017\\\/\"},\"author\":{\"name\":\"dev\",\"@id\":\"https:\\\/\\\/ecodef-ihedn.fr\\\/#\\\/schema\\\/person\\\/7b3f1a2d8fd336e0be2f9ff63ff0ebbc\"},\"headline\":\"DEFENCE SECURITY CYBER &#8211; \u00c9cole d\u2019\u00e9t\u00e9 internationale 2017\",\"datePublished\":\"2017-06-14T00:00:00+00:00\",\"dateModified\":\"2020-04-30T10:45:04+00:00\",\"mainEntityOfPage\":{\"@id\":\"https:\\\/\\\/ecodef-ihedn.fr\\\/defence-security-cyber-ecole-dete-internationale-2017\\\/\"},\"wordCount\":416,\"commentCount\":0,\"publisher\":{\"@id\":\"https:\\\/\\\/ecodef-ihedn.fr\\\/#organization\"},\"image\":{\"@id\":\"https:\\\/\\\/ecodef-ihedn.fr\\\/defence-security-cyber-ecole-dete-internationale-2017\\\/#primaryimage\"},\"thumbnailUrl\":\"https:\\\/\\\/ecodef-ihedn.fr\\\/wp-content\\\/uploads\\\/2020\\\/04\\\/dsc-2017.png\",\"articleSection\":[\"Actualit\u00e9s du r\u00e9seau\"],\"inLanguage\":\"en-GB\",\"potentialAction\":[{\"@type\":\"CommentAction\",\"name\":\"Comment\",\"target\":[\"https:\\\/\\\/ecodef-ihedn.fr\\\/defence-security-cyber-ecole-dete-internationale-2017\\\/#respond\"]}]},{\"@type\":\"WebPage\",\"@id\":\"https:\\\/\\\/ecodef-ihedn.fr\\\/defence-security-cyber-ecole-dete-internationale-2017\\\/\",\"url\":\"https:\\\/\\\/ecodef-ihedn.fr\\\/defence-security-cyber-ecole-dete-internationale-2017\\\/\",\"name\":\"DEFENCE SECURITY CYBER - \u00c9cole d\u2019\u00e9t\u00e9 internationale 2017 - Chaire \u00c9conomie de d\u00e9fense - IHEDN\",\"isPartOf\":{\"@id\":\"https:\\\/\\\/ecodef-ihedn.fr\\\/#website\"},\"primaryImageOfPage\":{\"@id\":\"https:\\\/\\\/ecodef-ihedn.fr\\\/defence-security-cyber-ecole-dete-internationale-2017\\\/#primaryimage\"},\"image\":{\"@id\":\"https:\\\/\\\/ecodef-ihedn.fr\\\/defence-security-cyber-ecole-dete-internationale-2017\\\/#primaryimage\"},\"thumbnailUrl\":\"https:\\\/\\\/ecodef-ihedn.fr\\\/wp-content\\\/uploads\\\/2020\\\/04\\\/dsc-2017.png\",\"datePublished\":\"2017-06-14T00:00:00+00:00\",\"dateModified\":\"2020-04-30T10:45:04+00:00\",\"breadcrumb\":{\"@id\":\"https:\\\/\\\/ecodef-ihedn.fr\\\/defence-security-cyber-ecole-dete-internationale-2017\\\/#breadcrumb\"},\"inLanguage\":\"en-GB\",\"potentialAction\":[{\"@type\":\"ReadAction\",\"target\":[\"https:\\\/\\\/ecodef-ihedn.fr\\\/defence-security-cyber-ecole-dete-internationale-2017\\\/\"]}]},{\"@type\":\"ImageObject\",\"inLanguage\":\"en-GB\",\"@id\":\"https:\\\/\\\/ecodef-ihedn.fr\\\/defence-security-cyber-ecole-dete-internationale-2017\\\/#primaryimage\",\"url\":\"https:\\\/\\\/ecodef-ihedn.fr\\\/wp-content\\\/uploads\\\/2020\\\/04\\\/dsc-2017.png\",\"contentUrl\":\"https:\\\/\\\/ecodef-ihedn.fr\\\/wp-content\\\/uploads\\\/2020\\\/04\\\/dsc-2017.png\",\"width\":616,\"height\":677},{\"@type\":\"BreadcrumbList\",\"@id\":\"https:\\\/\\\/ecodef-ihedn.fr\\\/defence-security-cyber-ecole-dete-internationale-2017\\\/#breadcrumb\",\"itemListElement\":[{\"@type\":\"ListItem\",\"position\":1,\"name\":\"Accueil\",\"item\":\"https:\\\/\\\/ecodef-ihedn.fr\\\/\"},{\"@type\":\"ListItem\",\"position\":2,\"name\":\"DEFENCE SECURITY CYBER &#8211; \u00c9cole d\u2019\u00e9t\u00e9 internationale 2017\"}]},{\"@type\":\"WebSite\",\"@id\":\"https:\\\/\\\/ecodef-ihedn.fr\\\/#website\",\"url\":\"https:\\\/\\\/ecodef-ihedn.fr\\\/\",\"name\":\"Chaire \u00c9conomie de D\u00e9fense - IHEDN\",\"description\":\"Produire &amp; soutenir, f\u00e9d\u00e9rer &amp; diffuser, \u00eatre une interface\",\"publisher\":{\"@id\":\"https:\\\/\\\/ecodef-ihedn.fr\\\/#organization\"},\"potentialAction\":[{\"@type\":\"SearchAction\",\"target\":{\"@type\":\"EntryPoint\",\"urlTemplate\":\"https:\\\/\\\/ecodef-ihedn.fr\\\/?s={search_term_string}\"},\"query-input\":{\"@type\":\"PropertyValueSpecification\",\"valueRequired\":true,\"valueName\":\"search_term_string\"}}],\"inLanguage\":\"en-GB\"},{\"@type\":\"Organization\",\"@id\":\"https:\\\/\\\/ecodef-ihedn.fr\\\/#organization\",\"name\":\"Chaire \u00c9conomie de d\u00e9fense - IHEDN\",\"url\":\"https:\\\/\\\/ecodef-ihedn.fr\\\/\",\"logo\":{\"@type\":\"ImageObject\",\"inLanguage\":\"en-GB\",\"@id\":\"https:\\\/\\\/ecodef-ihedn.fr\\\/#\\\/schema\\\/logo\\\/image\\\/\",\"url\":\"https:\\\/\\\/ecodef-ihedn.fr\\\/wp-content\\\/uploads\\\/2020\\\/04\\\/logoEcodef9.jpg\",\"contentUrl\":\"https:\\\/\\\/ecodef-ihedn.fr\\\/wp-content\\\/uploads\\\/2020\\\/04\\\/logoEcodef9.jpg\",\"width\":410,\"height\":212,\"caption\":\"Chaire \u00c9conomie de d\u00e9fense - IHEDN\"},\"image\":{\"@id\":\"https:\\\/\\\/ecodef-ihedn.fr\\\/#\\\/schema\\\/logo\\\/image\\\/\"},\"sameAs\":[\"https:\\\/\\\/x.com\\\/Chaire_Ecodef\",\"https:\\\/\\\/www.linkedin.com\\\/company\\\/chaire-ecodef-ihedn\\\/\"]},{\"@type\":\"Person\",\"@id\":\"https:\\\/\\\/ecodef-ihedn.fr\\\/#\\\/schema\\\/person\\\/7b3f1a2d8fd336e0be2f9ff63ff0ebbc\",\"name\":\"dev\",\"image\":{\"@type\":\"ImageObject\",\"inLanguage\":\"en-GB\",\"@id\":\"https:\\\/\\\/secure.gravatar.com\\\/avatar\\\/f1ffcac9ca2fa95ad3ec33e9be3ade82f752acb0cabe541e56c5889225afa88a?s=96&d=mm&r=g\",\"url\":\"https:\\\/\\\/secure.gravatar.com\\\/avatar\\\/f1ffcac9ca2fa95ad3ec33e9be3ade82f752acb0cabe541e56c5889225afa88a?s=96&d=mm&r=g\",\"contentUrl\":\"https:\\\/\\\/secure.gravatar.com\\\/avatar\\\/f1ffcac9ca2fa95ad3ec33e9be3ade82f752acb0cabe541e56c5889225afa88a?s=96&d=mm&r=g\",\"caption\":\"dev\"},\"url\":\"https:\\\/\\\/ecodef-ihedn.fr\\\/en\\\/author\\\/dev\\\/\"}]}<\/script>\n<!-- \/ Yoast SEO plugin. -->","yoast_head_json":{"title":"DEFENCE SECURITY CYBER - \u00c9cole d\u2019\u00e9t\u00e9 internationale 2017 - Chaire \u00c9conomie de d\u00e9fense - IHEDN","robots":{"index":"index","follow":"follow","max-snippet":"max-snippet:-1","max-image-preview":"max-image-preview:large","max-video-preview":"max-video-preview:-1"},"canonical":"https:\/\/ecodef-ihedn.fr\/en\/defence-security-cyber-ecole-dete-internationale-2017\/","og_locale":"en_GB","og_type":"article","og_title":"DEFENCE SECURITY CYBER - \u00c9cole d\u2019\u00e9t\u00e9 internationale 2017 - Chaire \u00c9conomie de d\u00e9fense - IHEDN","og_description":"L\u2019Initiative d\u2019Excellence (IdEx Bordeaux) et le Forum Montesquieu de l\u2019universit\u00e9 de Bordeaux organisent en juin 2017 la troisi\u00e8me session de l\u2019International Summer School \u00ab\u00a0Defence Security Cyber\u00a0\u00bb (DSC). Cette \u00e9dition sera structur\u00e9e autour d\u2019un th\u00e8me technologique, la data, et d\u2019un th\u00e8me strat\u00e9gique, l\u2019(in)s\u00e9curit\u00e9 en Afrique. Jean Belin interviendra le lundi 26 juin, sur la table ronde [&hellip;]","og_url":"https:\/\/ecodef-ihedn.fr\/en\/defence-security-cyber-ecole-dete-internationale-2017\/","og_site_name":"Chaire \u00c9conomie de d\u00e9fense - IHEDN","article_published_time":"2017-06-14T00:00:00+00:00","article_modified_time":"2020-04-30T10:45:04+00:00","og_image":[{"width":616,"height":677,"url":"https:\/\/ecodef-ihedn.fr\/wp-content\/uploads\/2020\/04\/dsc-2017.png","type":"image\/png"}],"author":"dev","twitter_card":"summary_large_image","twitter_creator":"@Chaire_Ecodef","twitter_site":"@Chaire_Ecodef","twitter_misc":{"Written by":"dev","Estimated reading time":"2 minutes"},"schema":{"@context":"https:\/\/schema.org","@graph":[{"@type":"Article","@id":"https:\/\/ecodef-ihedn.fr\/defence-security-cyber-ecole-dete-internationale-2017\/#article","isPartOf":{"@id":"https:\/\/ecodef-ihedn.fr\/defence-security-cyber-ecole-dete-internationale-2017\/"},"author":{"name":"dev","@id":"https:\/\/ecodef-ihedn.fr\/#\/schema\/person\/7b3f1a2d8fd336e0be2f9ff63ff0ebbc"},"headline":"DEFENCE SECURITY CYBER &#8211; \u00c9cole d\u2019\u00e9t\u00e9 internationale 2017","datePublished":"2017-06-14T00:00:00+00:00","dateModified":"2020-04-30T10:45:04+00:00","mainEntityOfPage":{"@id":"https:\/\/ecodef-ihedn.fr\/defence-security-cyber-ecole-dete-internationale-2017\/"},"wordCount":416,"commentCount":0,"publisher":{"@id":"https:\/\/ecodef-ihedn.fr\/#organization"},"image":{"@id":"https:\/\/ecodef-ihedn.fr\/defence-security-cyber-ecole-dete-internationale-2017\/#primaryimage"},"thumbnailUrl":"https:\/\/ecodef-ihedn.fr\/wp-content\/uploads\/2020\/04\/dsc-2017.png","articleSection":["Actualit\u00e9s du r\u00e9seau"],"inLanguage":"en-GB","potentialAction":[{"@type":"CommentAction","name":"Comment","target":["https:\/\/ecodef-ihedn.fr\/defence-security-cyber-ecole-dete-internationale-2017\/#respond"]}]},{"@type":"WebPage","@id":"https:\/\/ecodef-ihedn.fr\/defence-security-cyber-ecole-dete-internationale-2017\/","url":"https:\/\/ecodef-ihedn.fr\/defence-security-cyber-ecole-dete-internationale-2017\/","name":"DEFENCE SECURITY CYBER - \u00c9cole d\u2019\u00e9t\u00e9 internationale 2017 - Chaire \u00c9conomie de d\u00e9fense - IHEDN","isPartOf":{"@id":"https:\/\/ecodef-ihedn.fr\/#website"},"primaryImageOfPage":{"@id":"https:\/\/ecodef-ihedn.fr\/defence-security-cyber-ecole-dete-internationale-2017\/#primaryimage"},"image":{"@id":"https:\/\/ecodef-ihedn.fr\/defence-security-cyber-ecole-dete-internationale-2017\/#primaryimage"},"thumbnailUrl":"https:\/\/ecodef-ihedn.fr\/wp-content\/uploads\/2020\/04\/dsc-2017.png","datePublished":"2017-06-14T00:00:00+00:00","dateModified":"2020-04-30T10:45:04+00:00","breadcrumb":{"@id":"https:\/\/ecodef-ihedn.fr\/defence-security-cyber-ecole-dete-internationale-2017\/#breadcrumb"},"inLanguage":"en-GB","potentialAction":[{"@type":"ReadAction","target":["https:\/\/ecodef-ihedn.fr\/defence-security-cyber-ecole-dete-internationale-2017\/"]}]},{"@type":"ImageObject","inLanguage":"en-GB","@id":"https:\/\/ecodef-ihedn.fr\/defence-security-cyber-ecole-dete-internationale-2017\/#primaryimage","url":"https:\/\/ecodef-ihedn.fr\/wp-content\/uploads\/2020\/04\/dsc-2017.png","contentUrl":"https:\/\/ecodef-ihedn.fr\/wp-content\/uploads\/2020\/04\/dsc-2017.png","width":616,"height":677},{"@type":"BreadcrumbList","@id":"https:\/\/ecodef-ihedn.fr\/defence-security-cyber-ecole-dete-internationale-2017\/#breadcrumb","itemListElement":[{"@type":"ListItem","position":1,"name":"Accueil","item":"https:\/\/ecodef-ihedn.fr\/"},{"@type":"ListItem","position":2,"name":"DEFENCE SECURITY CYBER &#8211; \u00c9cole d\u2019\u00e9t\u00e9 internationale 2017"}]},{"@type":"WebSite","@id":"https:\/\/ecodef-ihedn.fr\/#website","url":"https:\/\/ecodef-ihedn.fr\/","name":"Chair in Defence Economics - IHEDN","description":"Produce &amp; support, federate &amp; disseminate, act as an interface","publisher":{"@id":"https:\/\/ecodef-ihedn.fr\/#organization"},"potentialAction":[{"@type":"SearchAction","target":{"@type":"EntryPoint","urlTemplate":"https:\/\/ecodef-ihedn.fr\/?s={search_term_string}"},"query-input":{"@type":"PropertyValueSpecification","valueRequired":true,"valueName":"search_term_string"}}],"inLanguage":"en-GB"},{"@type":"Organization","@id":"https:\/\/ecodef-ihedn.fr\/#organization","name":"Chair in Defence Economics - IHEDN","url":"https:\/\/ecodef-ihedn.fr\/","logo":{"@type":"ImageObject","inLanguage":"en-GB","@id":"https:\/\/ecodef-ihedn.fr\/#\/schema\/logo\/image\/","url":"https:\/\/ecodef-ihedn.fr\/wp-content\/uploads\/2020\/04\/logoEcodef9.jpg","contentUrl":"https:\/\/ecodef-ihedn.fr\/wp-content\/uploads\/2020\/04\/logoEcodef9.jpg","width":410,"height":212,"caption":"Chaire \u00c9conomie de d\u00e9fense - IHEDN"},"image":{"@id":"https:\/\/ecodef-ihedn.fr\/#\/schema\/logo\/image\/"},"sameAs":["https:\/\/x.com\/Chaire_Ecodef","https:\/\/www.linkedin.com\/company\/chaire-ecodef-ihedn\/"]},{"@type":"Person","@id":"https:\/\/ecodef-ihedn.fr\/#\/schema\/person\/7b3f1a2d8fd336e0be2f9ff63ff0ebbc","name":"dev","image":{"@type":"ImageObject","inLanguage":"en-GB","@id":"https:\/\/secure.gravatar.com\/avatar\/f1ffcac9ca2fa95ad3ec33e9be3ade82f752acb0cabe541e56c5889225afa88a?s=96&d=mm&r=g","url":"https:\/\/secure.gravatar.com\/avatar\/f1ffcac9ca2fa95ad3ec33e9be3ade82f752acb0cabe541e56c5889225afa88a?s=96&d=mm&r=g","contentUrl":"https:\/\/secure.gravatar.com\/avatar\/f1ffcac9ca2fa95ad3ec33e9be3ade82f752acb0cabe541e56c5889225afa88a?s=96&d=mm&r=g","caption":"dev"},"url":"https:\/\/ecodef-ihedn.fr\/en\/author\/dev\/"}]}},"_links":{"self":[{"href":"https:\/\/ecodef-ihedn.fr\/en\/wp-json\/wp\/v2\/posts\/996","targetHints":{"allow":["GET"]}}],"collection":[{"href":"https:\/\/ecodef-ihedn.fr\/en\/wp-json\/wp\/v2\/posts"}],"about":[{"href":"https:\/\/ecodef-ihedn.fr\/en\/wp-json\/wp\/v2\/types\/post"}],"author":[{"embeddable":true,"href":"https:\/\/ecodef-ihedn.fr\/en\/wp-json\/wp\/v2\/users\/1"}],"replies":[{"embeddable":true,"href":"https:\/\/ecodef-ihedn.fr\/en\/wp-json\/wp\/v2\/comments?post=996"}],"version-history":[{"count":2,"href":"https:\/\/ecodef-ihedn.fr\/en\/wp-json\/wp\/v2\/posts\/996\/revisions"}],"predecessor-version":[{"id":1568,"href":"https:\/\/ecodef-ihedn.fr\/en\/wp-json\/wp\/v2\/posts\/996\/revisions\/1568"}],"wp:featuredmedia":[{"embeddable":true,"href":"https:\/\/ecodef-ihedn.fr\/en\/wp-json\/wp\/v2\/media\/998"}],"wp:attachment":[{"href":"https:\/\/ecodef-ihedn.fr\/en\/wp-json\/wp\/v2\/media?parent=996"}],"wp:term":[{"taxonomy":"category","embeddable":true,"href":"https:\/\/ecodef-ihedn.fr\/en\/wp-json\/wp\/v2\/categories?post=996"},{"taxonomy":"post_tag","embeddable":true,"href":"https:\/\/ecodef-ihedn.fr\/en\/wp-json\/wp\/v2\/tags?post=996"}],"curies":[{"name":"wp","href":"https:\/\/api.w.org\/{rel}","templated":true}]}}